{"id":137920,"date":"2025-12-18T10:26:03","date_gmt":"2025-12-18T09:26:03","guid":{"rendered":"https:\/\/www.retaildetail.be\/?p=137920"},"modified":"2025-12-18T10:26:43","modified_gmt":"2025-12-18T09:26:43","slug":"les-marches-doccasion-moteurs-de-linnovation-dans-le-commerce-electronique","status":"publish","type":"post","link":"https:\/\/www.retaildetail.be\/fr\/news\/general\/les-marches-doccasion-moteurs-de-linnovation-dans-le-commerce-electronique\/","title":{"rendered":"\u00ab Les march\u00e9s d&rsquo;occasion, moteurs de l&rsquo;innovation dans le commerce \u00e9lectronique \u00bb"},"content":{"rendered":"\n<p>Les places de march\u00e9 jouent un r\u00f4le crucial dans la croissance du \u00ab recommerce \u00bb ou march\u00e9 de l&rsquo;occasion en ligne, un segment de plus en plus important qui repr\u00e9sentera 14 % du march\u00e9 total du commerce \u00e9lectronique en Europe d&rsquo;ici 2026.<\/p>\n\n\n\n<h2 class=\"wp-block-heading\">Moteurs du commerce durable<\/h2>\n\n\n\n<p>Au cours des deux derni\u00e8res ann\u00e9es, la valeur brute des transactions (GMV) du recommerce a augment\u00e9 de 18 % pour atteindre 121 milliards d&rsquo;euros en 2025. Les places de march\u00e9 en repr\u00e9sentent d\u00e9sormais 74 %, soit 90 milliards d&rsquo;euros, selon un nouveau rapport de Cross-Border Commerce Europe, la plateforme de connaissances sur le commerce \u00e9lectronique.<\/p>\n\n\n\n<p>Les places de march\u00e9 jouent un r\u00f4le crucial dans le d\u00e9veloppement du secteur du recommerce, un r\u00f4le encore plus important que leur contribution au commerce \u00e9lectronique transfrontalier au sens large, o\u00f9 elles repr\u00e9sentent 70 % de la GMV. Elles sont les moteurs du commerce durable. D&rsquo;ici 2026, le recommerce devrait repr\u00e9senter 14 % du GMV total en ligne en Europe, selon le rapport, qui recense les principales places de march\u00e9 et plateformes hybrides actives dans au moins deux pays europ\u00e9ens.<\/p>\n\n\n\n<h2 class=\"wp-block-heading\">Large acceptation<\/h2>\n\n\n\n<p>Les places de march\u00e9 de recommerce sont \u00e0 l&rsquo;origine d&rsquo;une nouvelle vague d&rsquo;innovation vers un avenir plus durable, estime Carine Moitier, fondatrice de CBCommerce.eu. 85 % des consommateurs ach\u00e8tent ou vendent r\u00e9guli\u00e8rement des articles d&rsquo;occasion, ce qui t\u00e9moigne de la large acceptation du recommerce.<\/p>\n\n\n\n<p>Les places de march\u00e9 leaders telles que <strong>Back Market<\/strong>, <strong>Etsy<\/strong>, <strong>Refurbed<\/strong> et <strong>OLX<\/strong> utilisent des technologies de pointe telles que la personnalisation bas\u00e9e sur l&rsquo;IA, la r\u00e9alit\u00e9 augment\u00e9e et la logistique intelligente pour am\u00e9liorer l&rsquo;exp\u00e9rience utilisateur. Les mod\u00e8les d&rsquo;abonnement et les collections d&rsquo;occasion soigneusement s\u00e9lectionn\u00e9es gagnent en popularit\u00e9.<\/p>\n\n\n\n<h2 class=\"wp-block-heading\">Le secteur de la mode en pleine transformation<\/h2>\n\n\n\n<p>Le secteur de la mode, en particulier, subit une profonde transformation. Le march\u00e9 du recommerce devrait repr\u00e9senter 7,4 \u00e0 7,8 % du secteur de la mode en 2026, contre 6,9 % en 2025. Les consommateurs accordent de plus en plus d&rsquo;importance \u00e0 la durabilit\u00e9, aux principes de l&rsquo;\u00e9conomie circulaire et \u00e0 la transparence num\u00e9rique.<\/p>\n\n\n\n<p>Au premier plan de cette \u00e9volution se trouve l&rsquo;adoption de passeports num\u00e9riques pour les produits, des identifiants uniques qui renforcent la transparence, la tra\u00e7abilit\u00e9 et la confiance des consommateurs. Gr\u00e2ce \u00e0 des technologies telles que les codes QR, les balises NFC et le suivi par blockchain, ces passeports fournissent des informations d\u00e9taill\u00e9es sur les mat\u00e9riaux, les processus de production et les qualifications en mati\u00e8re de durabilit\u00e9. Cela permet de lutter contre la contrefa\u00e7on et permet aux consommateurs de prendre des d\u00e9cisions d&rsquo;achat \u00e9clair\u00e9es, ce qui contribue \u00e0 un \u00e9cosyst\u00e8me de la mode plus circulaire et plus durable.<\/p>\n\n\n\n<figure class=\"wp-block-image size-full\"><img loading=\"lazy\" decoding=\"async\" width=\"862\" height=\"746\" src=\"https:\/\/www.retaildetail.be\/wp-content\/uploads\/2025\/12\/sustainable-market-places-europe-2025.jpg\" alt=\"\" class=\"wp-image-137924\" srcset=\"https:\/\/www.retaildetail.be\/wp-content\/uploads\/2025\/12\/sustainable-market-places-europe-2025.jpg 862w, https:\/\/www.retaildetail.be\/wp-content\/uploads\/2025\/12\/sustainable-market-places-europe-2025-300x260.jpg 300w, https:\/\/www.retaildetail.be\/wp-content\/uploads\/2025\/12\/sustainable-market-places-europe-2025-768x665.jpg 768w, https:\/\/www.retaildetail.be\/wp-content\/uploads\/2025\/12\/sustainable-market-places-europe-2025-345x300.jpg 345w\" sizes=\"auto, (max-width: 862px) 100vw, 862px\" \/><\/figure>\n\n\n\n<p><\/p>\n","protected":false},"excerpt":{"rendered":"<p>Les places de march\u00e9 jouent un r\u00f4le crucial dans la croissance du \u00ab recommerce \u00bb ou march\u00e9 de l&rsquo;occasion en ligne, un segment de plus en plus important qui repr\u00e9sentera 14 % du march\u00e9 total du commerce \u00e9lectronique en Europe d&rsquo;ici 2026.<\/p>\n","protected":false},"author":3,"featured_media":137921,"comment_status":"closed","ping_status":"closed","sticky":false,"template":"","format":"standard","meta":{"_acf_changed":false,"inline_featured_image":false,"_jetpack_memberships_contains_paid_content":false,"footnotes":""},"categories":[15,25],"tags":[],"people":[],"extra":[43],"company":[1816,1344,1851],"topic":[373,198],"region":[243],"class_list":["post-137920","post","type-post","status-publish","format-standard","has-post-thumbnail","hentry","category-algemeen","category-general","extra-plus","company-back-market","company-etsy","company-refurbed","topic-durabilite","topic-e-commerce","region-europe"],"acf":[],"yoast_head":"<!-- This site is optimized with the Yoast SEO plugin v27.3 - https:\/\/yoast.com\/product\/yoast-seo-wordpress\/ -->\n<title>\u00ab Les march\u00e9s d&#039;occasion, moteurs de l&#039;innovation dans le commerce \u00e9lectronique \u00bb - RetailDetail BE<\/title>\n<meta name=\"description\" content=\"Les places de march\u00e9 jouent un r\u00f4le crucial dans la croissance du \u00ab recommerce \u00bb ou march\u00e9 de l&#039;occasion en ligne.\" \/>\n<meta name=\"robots\" content=\"index, follow, max-snippet:-1, max-image-preview:large, max-video-preview:-1\" \/>\n<link rel=\"canonical\" href=\"https:\/\/www.retaildetail.be\/fr\/news\/general\/les-marches-doccasion-moteurs-de-linnovation-dans-le-commerce-electronique\/\" \/>\n<meta property=\"og:locale\" content=\"fr_FR\" \/>\n<meta property=\"og:type\" content=\"article\" \/>\n<meta property=\"og:title\" content=\"\u00ab Les march\u00e9s d&#039;occasion, moteurs de l&#039;innovation dans le commerce \u00e9lectronique \u00bb - RetailDetail BE\" \/>\n<meta property=\"og:description\" content=\"Les places de march\u00e9 jouent un r\u00f4le crucial dans la croissance du \u00ab recommerce \u00bb ou march\u00e9 de l&#039;occasion en ligne.\" \/>\n<meta property=\"og:url\" content=\"https:\/\/www.retaildetail.be\/fr\/news\/general\/les-marches-doccasion-moteurs-de-linnovation-dans-le-commerce-electronique\/\" \/>\n<meta property=\"og:site_name\" content=\"RetailDetail BE\" \/>\n<meta property=\"article:published_time\" content=\"2025-12-18T09:26:03+00:00\" \/>\n<meta property=\"article:modified_time\" content=\"2025-12-18T09:26:43+00:00\" \/>\n<meta property=\"og:image\" content=\"https:\/\/www.retaildetail.be\/wp-content\/uploads\/2025\/12\/shutterstock_2671423657-1.jpg\" \/>\n\t<meta property=\"og:image:width\" content=\"1000\" \/>\n\t<meta property=\"og:image:height\" content=\"667\" \/>\n\t<meta property=\"og:image:type\" content=\"image\/jpeg\" \/>\n<meta name=\"author\" content=\"Stefan Van Rompaey\" \/>\n<meta name=\"twitter:card\" content=\"summary_large_image\" \/>\n<meta name=\"twitter:label1\" content=\"\u00c9crit par\" \/>\n\t<meta name=\"twitter:data1\" content=\"Stefan Van Rompaey\" \/>\n\t<meta name=\"twitter:label2\" content=\"Dur\u00e9e de lecture estim\u00e9e\" \/>\n\t<meta name=\"twitter:data2\" content=\"2 minutes\" \/>\n<script type=\"application\/ld+json\" class=\"yoast-schema-graph\">{\"@context\":\"https:\\\/\\\/schema.org\",\"@graph\":[{\"@type\":\"NewsArticle\",\"@id\":\"https:\\\/\\\/www.retaildetail.be\\\/fr\\\/news\\\/general\\\/les-marches-doccasion-moteurs-de-linnovation-dans-le-commerce-electronique\\\/#article\",\"isPartOf\":{\"@id\":\"https:\\\/\\\/www.retaildetail.be\\\/fr\\\/news\\\/general\\\/les-marches-doccasion-moteurs-de-linnovation-dans-le-commerce-electronique\\\/\"},\"author\":{\"name\":\"Stefan Van Rompaey\",\"@id\":\"https:\\\/\\\/www.retaildetail.be\\\/nl\\\/#\\\/schema\\\/person\\\/51aec6069c4416aa2f68b2e4ff3455df\"},\"headline\":\"\u00ab Les march\u00e9s d&rsquo;occasion, moteurs de l&rsquo;innovation dans le commerce \u00e9lectronique \u00bb\",\"datePublished\":\"2025-12-18T09:26:03+00:00\",\"dateModified\":\"2025-12-18T09:26:43+00:00\",\"mainEntityOfPage\":{\"@id\":\"https:\\\/\\\/www.retaildetail.be\\\/fr\\\/news\\\/general\\\/les-marches-doccasion-moteurs-de-linnovation-dans-le-commerce-electronique\\\/\"},\"wordCount\":470,\"publisher\":{\"@id\":\"https:\\\/\\\/www.retaildetail.be\\\/nl\\\/#organization\"},\"image\":{\"@id\":\"https:\\\/\\\/www.retaildetail.be\\\/fr\\\/news\\\/general\\\/les-marches-doccasion-moteurs-de-linnovation-dans-le-commerce-electronique\\\/#primaryimage\"},\"thumbnailUrl\":\"https:\\\/\\\/www.retaildetail.be\\\/wp-content\\\/uploads\\\/2025\\\/12\\\/shutterstock_2671423657-1.jpg\",\"articleSection\":[\"Algemeen\",\"G\u00e9n\u00e9ral\"],\"inLanguage\":\"fr-FR\",\"copyrightYear\":\"2025\",\"copyrightHolder\":{\"@id\":\"https:\\\/\\\/www.retaildetail.be\\\/#organization\"}},{\"@type\":\"WebPage\",\"@id\":\"https:\\\/\\\/www.retaildetail.be\\\/fr\\\/news\\\/general\\\/les-marches-doccasion-moteurs-de-linnovation-dans-le-commerce-electronique\\\/\",\"url\":\"https:\\\/\\\/www.retaildetail.be\\\/fr\\\/news\\\/general\\\/les-marches-doccasion-moteurs-de-linnovation-dans-le-commerce-electronique\\\/\",\"name\":\"\u00ab Les march\u00e9s d'occasion, moteurs de l'innovation dans le commerce \u00e9lectronique \u00bb - RetailDetail BE\",\"isPartOf\":{\"@id\":\"https:\\\/\\\/www.retaildetail.be\\\/nl\\\/#website\"},\"primaryImageOfPage\":{\"@id\":\"https:\\\/\\\/www.retaildetail.be\\\/fr\\\/news\\\/general\\\/les-marches-doccasion-moteurs-de-linnovation-dans-le-commerce-electronique\\\/#primaryimage\"},\"image\":{\"@id\":\"https:\\\/\\\/www.retaildetail.be\\\/fr\\\/news\\\/general\\\/les-marches-doccasion-moteurs-de-linnovation-dans-le-commerce-electronique\\\/#primaryimage\"},\"thumbnailUrl\":\"https:\\\/\\\/www.retaildetail.be\\\/wp-content\\\/uploads\\\/2025\\\/12\\\/shutterstock_2671423657-1.jpg\",\"datePublished\":\"2025-12-18T09:26:03+00:00\",\"dateModified\":\"2025-12-18T09:26:43+00:00\",\"description\":\"Les places de march\u00e9 jouent un r\u00f4le crucial dans la croissance du \u00ab recommerce \u00bb ou march\u00e9 de l'occasion en ligne.\",\"breadcrumb\":{\"@id\":\"https:\\\/\\\/www.retaildetail.be\\\/fr\\\/news\\\/general\\\/les-marches-doccasion-moteurs-de-linnovation-dans-le-commerce-electronique\\\/#breadcrumb\"},\"inLanguage\":\"fr-FR\",\"potentialAction\":[{\"@type\":\"ReadAction\",\"target\":[\"https:\\\/\\\/www.retaildetail.be\\\/fr\\\/news\\\/general\\\/les-marches-doccasion-moteurs-de-linnovation-dans-le-commerce-electronique\\\/\"]}]},{\"@type\":\"ImageObject\",\"inLanguage\":\"fr-FR\",\"@id\":\"https:\\\/\\\/www.retaildetail.be\\\/fr\\\/news\\\/general\\\/les-marches-doccasion-moteurs-de-linnovation-dans-le-commerce-electronique\\\/#primaryimage\",\"url\":\"https:\\\/\\\/www.retaildetail.be\\\/wp-content\\\/uploads\\\/2025\\\/12\\\/shutterstock_2671423657-1.jpg\",\"contentUrl\":\"https:\\\/\\\/www.retaildetail.be\\\/wp-content\\\/uploads\\\/2025\\\/12\\\/shutterstock_2671423657-1.jpg\",\"width\":1000,\"height\":667,\"caption\":\"Shutterstock.com\"},{\"@type\":\"BreadcrumbList\",\"@id\":\"https:\\\/\\\/www.retaildetail.be\\\/fr\\\/news\\\/general\\\/les-marches-doccasion-moteurs-de-linnovation-dans-le-commerce-electronique\\\/#breadcrumb\",\"itemListElement\":[{\"@type\":\"ListItem\",\"position\":1,\"name\":\"Home\",\"item\":\"https:\\\/\\\/www.retaildetail.be\\\/fr\\\/\"},{\"@type\":\"ListItem\",\"position\":2,\"name\":\"\u00ab Les march\u00e9s d&#8217;occasion, moteurs de l&#8217;innovation dans le commerce \u00e9lectronique \u00bb\"}]},{\"@type\":\"WebSite\",\"@id\":\"https:\\\/\\\/www.retaildetail.be\\\/nl\\\/#website\",\"url\":\"https:\\\/\\\/www.retaildetail.be\\\/nl\\\/\",\"name\":\"RetailDetail BE\",\"description\":\"News\",\"publisher\":{\"@id\":\"https:\\\/\\\/www.retaildetail.be\\\/nl\\\/#organization\"},\"potentialAction\":[{\"@type\":\"SearchAction\",\"target\":{\"@type\":\"EntryPoint\",\"urlTemplate\":\"https:\\\/\\\/www.retaildetail.be\\\/nl\\\/?s={search_term_string}\"},\"query-input\":{\"@type\":\"PropertyValueSpecification\",\"valueRequired\":true,\"valueName\":\"search_term_string\"}}],\"inLanguage\":\"fr-FR\"},{\"@type\":\"Organization\",\"@id\":\"https:\\\/\\\/www.retaildetail.be\\\/nl\\\/#organization\",\"name\":\"RetailDetail BE\",\"url\":\"https:\\\/\\\/www.retaildetail.be\\\/nl\\\/\",\"logo\":{\"@type\":\"ImageObject\",\"inLanguage\":\"fr-FR\",\"@id\":\"https:\\\/\\\/www.retaildetail.be\\\/nl\\\/#\\\/schema\\\/logo\\\/image\\\/\",\"url\":\"https:\\\/\\\/www.retaildetail.be\\\/wp-content\\\/uploads\\\/2022\\\/04\\\/logo.svg\",\"contentUrl\":\"https:\\\/\\\/www.retaildetail.be\\\/wp-content\\\/uploads\\\/2022\\\/04\\\/logo.svg\",\"width\":131,\"height\":70,\"caption\":\"RetailDetail BE\"},\"image\":{\"@id\":\"https:\\\/\\\/www.retaildetail.be\\\/nl\\\/#\\\/schema\\\/logo\\\/image\\\/\"}},{\"@type\":\"Person\",\"@id\":\"https:\\\/\\\/www.retaildetail.be\\\/nl\\\/#\\\/schema\\\/person\\\/51aec6069c4416aa2f68b2e4ff3455df\",\"name\":\"Stefan Van Rompaey\",\"image\":{\"@type\":\"ImageObject\",\"inLanguage\":\"fr-FR\",\"@id\":\"https:\\\/\\\/secure.gravatar.com\\\/avatar\\\/fbbb4a80a0f109888b2a5ab8ae255617499ecde533749b3ab2fa6c23b5d65dac?s=96&d=mm&r=g\",\"url\":\"https:\\\/\\\/secure.gravatar.com\\\/avatar\\\/fbbb4a80a0f109888b2a5ab8ae255617499ecde533749b3ab2fa6c23b5d65dac?s=96&d=mm&r=g\",\"contentUrl\":\"https:\\\/\\\/secure.gravatar.com\\\/avatar\\\/fbbb4a80a0f109888b2a5ab8ae255617499ecde533749b3ab2fa6c23b5d65dac?s=96&d=mm&r=g\",\"caption\":\"Stefan Van Rompaey\"},\"url\":\"https:\\\/\\\/www.retaildetail.be\\\/fr\\\/author\\\/stefanvanrompaey\\\/\"}]}<\/script>\n<!-- \/ Yoast SEO plugin. -->","yoast_head_json":{"title":"\u00ab Les march\u00e9s d'occasion, moteurs de l'innovation dans le commerce \u00e9lectronique \u00bb - RetailDetail BE","description":"Les places de march\u00e9 jouent un r\u00f4le crucial dans la croissance du \u00ab recommerce \u00bb ou march\u00e9 de l'occasion en ligne.","robots":{"index":"index","follow":"follow","max-snippet":"max-snippet:-1","max-image-preview":"max-image-preview:large","max-video-preview":"max-video-preview:-1"},"canonical":"https:\/\/www.retaildetail.be\/fr\/news\/general\/les-marches-doccasion-moteurs-de-linnovation-dans-le-commerce-electronique\/","og_locale":"fr_FR","og_type":"article","og_title":"\u00ab Les march\u00e9s d'occasion, moteurs de l'innovation dans le commerce \u00e9lectronique \u00bb - RetailDetail BE","og_description":"Les places de march\u00e9 jouent un r\u00f4le crucial dans la croissance du \u00ab recommerce \u00bb ou march\u00e9 de l'occasion en ligne.","og_url":"https:\/\/www.retaildetail.be\/fr\/news\/general\/les-marches-doccasion-moteurs-de-linnovation-dans-le-commerce-electronique\/","og_site_name":"RetailDetail BE","article_published_time":"2025-12-18T09:26:03+00:00","article_modified_time":"2025-12-18T09:26:43+00:00","og_image":[{"width":1000,"height":667,"url":"https:\/\/www.retaildetail.be\/wp-content\/uploads\/2025\/12\/shutterstock_2671423657-1.jpg","type":"image\/jpeg"}],"author":"Stefan Van Rompaey","twitter_card":"summary_large_image","twitter_misc":{"\u00c9crit par":"Stefan Van Rompaey","Dur\u00e9e de lecture estim\u00e9e":"2 minutes"},"schema":{"@context":"https:\/\/schema.org","@graph":[{"@type":"NewsArticle","@id":"https:\/\/www.retaildetail.be\/fr\/news\/general\/les-marches-doccasion-moteurs-de-linnovation-dans-le-commerce-electronique\/#article","isPartOf":{"@id":"https:\/\/www.retaildetail.be\/fr\/news\/general\/les-marches-doccasion-moteurs-de-linnovation-dans-le-commerce-electronique\/"},"author":{"name":"Stefan Van Rompaey","@id":"https:\/\/www.retaildetail.be\/nl\/#\/schema\/person\/51aec6069c4416aa2f68b2e4ff3455df"},"headline":"\u00ab Les march\u00e9s d&rsquo;occasion, moteurs de l&rsquo;innovation dans le commerce \u00e9lectronique \u00bb","datePublished":"2025-12-18T09:26:03+00:00","dateModified":"2025-12-18T09:26:43+00:00","mainEntityOfPage":{"@id":"https:\/\/www.retaildetail.be\/fr\/news\/general\/les-marches-doccasion-moteurs-de-linnovation-dans-le-commerce-electronique\/"},"wordCount":470,"publisher":{"@id":"https:\/\/www.retaildetail.be\/nl\/#organization"},"image":{"@id":"https:\/\/www.retaildetail.be\/fr\/news\/general\/les-marches-doccasion-moteurs-de-linnovation-dans-le-commerce-electronique\/#primaryimage"},"thumbnailUrl":"https:\/\/www.retaildetail.be\/wp-content\/uploads\/2025\/12\/shutterstock_2671423657-1.jpg","articleSection":["Algemeen","G\u00e9n\u00e9ral"],"inLanguage":"fr-FR","copyrightYear":"2025","copyrightHolder":{"@id":"https:\/\/www.retaildetail.be\/#organization"}},{"@type":"WebPage","@id":"https:\/\/www.retaildetail.be\/fr\/news\/general\/les-marches-doccasion-moteurs-de-linnovation-dans-le-commerce-electronique\/","url":"https:\/\/www.retaildetail.be\/fr\/news\/general\/les-marches-doccasion-moteurs-de-linnovation-dans-le-commerce-electronique\/","name":"\u00ab Les march\u00e9s d'occasion, moteurs de l'innovation dans le commerce \u00e9lectronique \u00bb - RetailDetail BE","isPartOf":{"@id":"https:\/\/www.retaildetail.be\/nl\/#website"},"primaryImageOfPage":{"@id":"https:\/\/www.retaildetail.be\/fr\/news\/general\/les-marches-doccasion-moteurs-de-linnovation-dans-le-commerce-electronique\/#primaryimage"},"image":{"@id":"https:\/\/www.retaildetail.be\/fr\/news\/general\/les-marches-doccasion-moteurs-de-linnovation-dans-le-commerce-electronique\/#primaryimage"},"thumbnailUrl":"https:\/\/www.retaildetail.be\/wp-content\/uploads\/2025\/12\/shutterstock_2671423657-1.jpg","datePublished":"2025-12-18T09:26:03+00:00","dateModified":"2025-12-18T09:26:43+00:00","description":"Les places de march\u00e9 jouent un r\u00f4le crucial dans la croissance du \u00ab recommerce \u00bb ou march\u00e9 de l'occasion en ligne.","breadcrumb":{"@id":"https:\/\/www.retaildetail.be\/fr\/news\/general\/les-marches-doccasion-moteurs-de-linnovation-dans-le-commerce-electronique\/#breadcrumb"},"inLanguage":"fr-FR","potentialAction":[{"@type":"ReadAction","target":["https:\/\/www.retaildetail.be\/fr\/news\/general\/les-marches-doccasion-moteurs-de-linnovation-dans-le-commerce-electronique\/"]}]},{"@type":"ImageObject","inLanguage":"fr-FR","@id":"https:\/\/www.retaildetail.be\/fr\/news\/general\/les-marches-doccasion-moteurs-de-linnovation-dans-le-commerce-electronique\/#primaryimage","url":"https:\/\/www.retaildetail.be\/wp-content\/uploads\/2025\/12\/shutterstock_2671423657-1.jpg","contentUrl":"https:\/\/www.retaildetail.be\/wp-content\/uploads\/2025\/12\/shutterstock_2671423657-1.jpg","width":1000,"height":667,"caption":"Shutterstock.com"},{"@type":"BreadcrumbList","@id":"https:\/\/www.retaildetail.be\/fr\/news\/general\/les-marches-doccasion-moteurs-de-linnovation-dans-le-commerce-electronique\/#breadcrumb","itemListElement":[{"@type":"ListItem","position":1,"name":"Home","item":"https:\/\/www.retaildetail.be\/fr\/"},{"@type":"ListItem","position":2,"name":"\u00ab Les march\u00e9s d&#8217;occasion, moteurs de l&#8217;innovation dans le commerce \u00e9lectronique \u00bb"}]},{"@type":"WebSite","@id":"https:\/\/www.retaildetail.be\/nl\/#website","url":"https:\/\/www.retaildetail.be\/nl\/","name":"RetailDetail BE","description":"News","publisher":{"@id":"https:\/\/www.retaildetail.be\/nl\/#organization"},"potentialAction":[{"@type":"SearchAction","target":{"@type":"EntryPoint","urlTemplate":"https:\/\/www.retaildetail.be\/nl\/?s={search_term_string}"},"query-input":{"@type":"PropertyValueSpecification","valueRequired":true,"valueName":"search_term_string"}}],"inLanguage":"fr-FR"},{"@type":"Organization","@id":"https:\/\/www.retaildetail.be\/nl\/#organization","name":"RetailDetail BE","url":"https:\/\/www.retaildetail.be\/nl\/","logo":{"@type":"ImageObject","inLanguage":"fr-FR","@id":"https:\/\/www.retaildetail.be\/nl\/#\/schema\/logo\/image\/","url":"https:\/\/www.retaildetail.be\/wp-content\/uploads\/2022\/04\/logo.svg","contentUrl":"https:\/\/www.retaildetail.be\/wp-content\/uploads\/2022\/04\/logo.svg","width":131,"height":70,"caption":"RetailDetail BE"},"image":{"@id":"https:\/\/www.retaildetail.be\/nl\/#\/schema\/logo\/image\/"}},{"@type":"Person","@id":"https:\/\/www.retaildetail.be\/nl\/#\/schema\/person\/51aec6069c4416aa2f68b2e4ff3455df","name":"Stefan Van Rompaey","image":{"@type":"ImageObject","inLanguage":"fr-FR","@id":"https:\/\/secure.gravatar.com\/avatar\/fbbb4a80a0f109888b2a5ab8ae255617499ecde533749b3ab2fa6c23b5d65dac?s=96&d=mm&r=g","url":"https:\/\/secure.gravatar.com\/avatar\/fbbb4a80a0f109888b2a5ab8ae255617499ecde533749b3ab2fa6c23b5d65dac?s=96&d=mm&r=g","contentUrl":"https:\/\/secure.gravatar.com\/avatar\/fbbb4a80a0f109888b2a5ab8ae255617499ecde533749b3ab2fa6c23b5d65dac?s=96&d=mm&r=g","caption":"Stefan Van Rompaey"},"url":"https:\/\/www.retaildetail.be\/fr\/author\/stefanvanrompaey\/"}]}},"jetpack_featured_media_url":"https:\/\/www.retaildetail.be\/wp-content\/uploads\/2025\/12\/shutterstock_2671423657-1.jpg","jetpack_sharing_enabled":true,"_links":{"self":[{"href":"https:\/\/www.retaildetail.be\/fr\/wp-json\/wp\/v2\/posts\/137920","targetHints":{"allow":["GET"]}}],"collection":[{"href":"https:\/\/www.retaildetail.be\/fr\/wp-json\/wp\/v2\/posts"}],"about":[{"href":"https:\/\/www.retaildetail.be\/fr\/wp-json\/wp\/v2\/types\/post"}],"author":[{"embeddable":true,"href":"https:\/\/www.retaildetail.be\/fr\/wp-json\/wp\/v2\/users\/3"}],"replies":[{"embeddable":true,"href":"https:\/\/www.retaildetail.be\/fr\/wp-json\/wp\/v2\/comments?post=137920"}],"version-history":[{"count":1,"href":"https:\/\/www.retaildetail.be\/fr\/wp-json\/wp\/v2\/posts\/137920\/revisions"}],"predecessor-version":[{"id":137926,"href":"https:\/\/www.retaildetail.be\/fr\/wp-json\/wp\/v2\/posts\/137920\/revisions\/137926"}],"wp:featuredmedia":[{"embeddable":true,"href":"https:\/\/www.retaildetail.be\/fr\/wp-json\/wp\/v2\/media\/137921"}],"wp:attachment":[{"href":"https:\/\/www.retaildetail.be\/fr\/wp-json\/wp\/v2\/media?parent=137920"}],"wp:term":[{"taxonomy":"category","embeddable":true,"href":"https:\/\/www.retaildetail.be\/fr\/wp-json\/wp\/v2\/categories?post=137920"},{"taxonomy":"post_tag","embeddable":true,"href":"https:\/\/www.retaildetail.be\/fr\/wp-json\/wp\/v2\/tags?post=137920"},{"taxonomy":"people","embeddable":true,"href":"https:\/\/www.retaildetail.be\/fr\/wp-json\/wp\/v2\/people?post=137920"},{"taxonomy":"extra","embeddable":true,"href":"https:\/\/www.retaildetail.be\/fr\/wp-json\/wp\/v2\/extra?post=137920"},{"taxonomy":"company","embeddable":true,"href":"https:\/\/www.retaildetail.be\/fr\/wp-json\/wp\/v2\/company?post=137920"},{"taxonomy":"topic","embeddable":true,"href":"https:\/\/www.retaildetail.be\/fr\/wp-json\/wp\/v2\/topic?post=137920"},{"taxonomy":"region","embeddable":true,"href":"https:\/\/www.retaildetail.be\/fr\/wp-json\/wp\/v2\/region?post=137920"}],"curies":[{"name":"wp","href":"https:\/\/api.w.org\/{rel}","templated":true}]}}