{"id":138596,"date":"2025-12-29T11:28:21","date_gmt":"2025-12-29T10:28:21","guid":{"rendered":"https:\/\/www.retaildetail.be\/?p=138596"},"modified":"2025-12-30T09:38:53","modified_gmt":"2025-12-30T08:38:53","slug":"amazon-suspend-ses-projets-de-livraison-par-drone-en-italie","status":"publish","type":"post","link":"https:\/\/www.retaildetail.be\/fr\/news\/general\/amazon-suspend-ses-projets-de-livraison-par-drone-en-italie\/","title":{"rendered":"Amazon suspend ses projets de livraison par drone en Italie"},"content":{"rendered":"\n<p><strong>Amazon<\/strong> a d\u00e9cid\u00e9 de ne pas poursuivre ses projets de livraisons commerciales par drone en Italie. Selon l&rsquo;entreprise, le cadre l\u00e9gislatif italien n&rsquo;est actuellement pas suffisamment favorable pour soutenir les objectifs du projet.<\/p>\n\n\n\n<h2 class=\"wp-block-heading\">Une d\u00e9cision inattendue<\/h2>\n\n\n\n<p>La d\u00e9cision intervient malgr\u00e9 <a href=\"https:\/\/retail.economictimes.indiatimes.com\/news\/e-commerce\/e-tailing\/amazon-halts-plans-for-drone-delivery-in-italy\/126224220\">le succ\u00e8s des vols d&rsquo;essai avec des drones de livraison<\/a> dans la r\u00e9gion des Abruzzes, en d\u00e9cembre dernier. Amazon a notamment utilis\u00e9 son drone MK-30, un mod\u00e8le \u00e9quip\u00e9 de capteurs et d&rsquo;un syst\u00e8me de navigation autonome qui a donn\u00e9 des r\u00e9sultats prometteurs lors des tests. Fort de ce succ\u00e8s, Amazon r\u00eavait d&rsquo;un d\u00e9ploiement europ\u00e9en de la livraison par drone, \u00e9crit ET.<\/p>\n\n\n\n<p>L&rsquo;autorit\u00e9 italienne de l&rsquo;aviation civile ENAC a qualifi\u00e9 cette d\u00e9cision d&rsquo;\u00ab inattendue \u00bb et sugg\u00e8re qu&rsquo;elle est plut\u00f4t li\u00e9e \u00e0 des choix financiers internes chez Amazon. Il n&rsquo;est donc pas clair si Amazon souhaite poursuivre ses projets de drones ailleurs en Europe.<\/p>\n","protected":false},"excerpt":{"rendered":"<p>Amazon a d\u00e9cid\u00e9 de ne pas poursuivre ses projets de livraisons commerciales par drone en Italie. Selon l\u2019entreprise, le cadre l\u00e9gislatif italien n\u2019est actuellement pas suffisamment favorable pour soutenir les objectifs du projet.<\/p>\n","protected":false},"author":10,"featured_media":138597,"comment_status":"closed","ping_status":"closed","sticky":false,"template":"","format":"standard","meta":{"_acf_changed":false,"inline_featured_image":false,"_jetpack_memberships_contains_paid_content":false,"footnotes":""},"categories":[15,25],"tags":[507],"people":[],"extra":[43],"company":[206],"topic":[198],"region":[446,525],"class_list":["post-138596","post","type-post","status-publish","format-standard","has-post-thumbnail","hentry","category-algemeen","category-general","tag-drones","extra-plus","company-amazon","topic-e-commerce","region-etats-unis-2","region-italie"],"acf":[],"yoast_head":"<!-- This site is optimized with the Yoast SEO plugin v27.3 - https:\/\/yoast.com\/product\/yoast-seo-wordpress\/ -->\n<title>Amazon suspend ses projets de livraison par drone en Italie - RetailDetail BE<\/title>\n<meta name=\"description\" content=\"Amazon a d\u00e9cid\u00e9 de ne pas poursuivre ses projets de livraisons commerciales par drone en Italie.\" \/>\n<meta name=\"robots\" content=\"index, follow, max-snippet:-1, max-image-preview:large, max-video-preview:-1\" \/>\n<link rel=\"canonical\" href=\"https:\/\/www.retaildetail.be\/fr\/news\/general\/amazon-suspend-ses-projets-de-livraison-par-drone-en-italie\/\" \/>\n<meta property=\"og:locale\" content=\"fr_FR\" \/>\n<meta property=\"og:type\" content=\"article\" \/>\n<meta property=\"og:title\" content=\"Amazon suspend ses projets de livraison par drone en Italie - RetailDetail BE\" \/>\n<meta property=\"og:description\" content=\"Amazon a d\u00e9cid\u00e9 de ne pas poursuivre ses projets de livraisons commerciales par drone en Italie.\" \/>\n<meta property=\"og:url\" content=\"https:\/\/www.retaildetail.be\/fr\/news\/general\/amazon-suspend-ses-projets-de-livraison-par-drone-en-italie\/\" \/>\n<meta property=\"og:site_name\" content=\"RetailDetail BE\" \/>\n<meta property=\"article:published_time\" content=\"2025-12-29T10:28:21+00:00\" \/>\n<meta property=\"article:modified_time\" content=\"2025-12-30T08:38:53+00:00\" \/>\n<meta property=\"og:image\" content=\"https:\/\/www.retaildetail.be\/wp-content\/uploads\/2025\/12\/AmazonPrime-shutterstock_371901148.jpg\" \/>\n\t<meta property=\"og:image:width\" content=\"1000\" \/>\n\t<meta property=\"og:image:height\" content=\"665\" \/>\n\t<meta property=\"og:image:type\" content=\"image\/jpeg\" \/>\n<meta name=\"author\" content=\"Jorg Snoeck\" \/>\n<meta name=\"twitter:card\" content=\"summary_large_image\" \/>\n<meta name=\"twitter:label1\" content=\"\u00c9crit par\" \/>\n\t<meta name=\"twitter:data1\" content=\"Jorg Snoeck\" \/>\n\t<meta name=\"twitter:label2\" content=\"Dur\u00e9e de lecture estim\u00e9e\" \/>\n\t<meta name=\"twitter:data2\" content=\"1 minute\" \/>\n<script type=\"application\/ld+json\" class=\"yoast-schema-graph\">{\"@context\":\"https:\\\/\\\/schema.org\",\"@graph\":[{\"@type\":\"NewsArticle\",\"@id\":\"https:\\\/\\\/www.retaildetail.be\\\/fr\\\/news\\\/general\\\/amazon-suspend-ses-projets-de-livraison-par-drone-en-italie\\\/#article\",\"isPartOf\":{\"@id\":\"https:\\\/\\\/www.retaildetail.be\\\/fr\\\/news\\\/general\\\/amazon-suspend-ses-projets-de-livraison-par-drone-en-italie\\\/\"},\"author\":{\"name\":\"Jorg Snoeck\",\"@id\":\"https:\\\/\\\/www.retaildetail.be\\\/nl\\\/#\\\/schema\\\/person\\\/71d9b89376db00e9b1aa8a2841e71a72\"},\"headline\":\"Amazon suspend ses projets de livraison par drone en Italie\",\"datePublished\":\"2025-12-29T10:28:21+00:00\",\"dateModified\":\"2025-12-30T08:38:53+00:00\",\"mainEntityOfPage\":{\"@id\":\"https:\\\/\\\/www.retaildetail.be\\\/fr\\\/news\\\/general\\\/amazon-suspend-ses-projets-de-livraison-par-drone-en-italie\\\/\"},\"wordCount\":178,\"publisher\":{\"@id\":\"https:\\\/\\\/www.retaildetail.be\\\/nl\\\/#organization\"},\"image\":{\"@id\":\"https:\\\/\\\/www.retaildetail.be\\\/fr\\\/news\\\/general\\\/amazon-suspend-ses-projets-de-livraison-par-drone-en-italie\\\/#primaryimage\"},\"thumbnailUrl\":\"https:\\\/\\\/www.retaildetail.be\\\/wp-content\\\/uploads\\\/2025\\\/12\\\/AmazonPrime-shutterstock_371901148.jpg\",\"keywords\":[\"drones\"],\"articleSection\":[\"Algemeen\",\"G\u00e9n\u00e9ral\"],\"inLanguage\":\"fr-FR\",\"copyrightYear\":\"2025\",\"copyrightHolder\":{\"@id\":\"https:\\\/\\\/www.retaildetail.be\\\/#organization\"}},{\"@type\":\"WebPage\",\"@id\":\"https:\\\/\\\/www.retaildetail.be\\\/fr\\\/news\\\/general\\\/amazon-suspend-ses-projets-de-livraison-par-drone-en-italie\\\/\",\"url\":\"https:\\\/\\\/www.retaildetail.be\\\/fr\\\/news\\\/general\\\/amazon-suspend-ses-projets-de-livraison-par-drone-en-italie\\\/\",\"name\":\"Amazon suspend ses projets de livraison par drone en Italie - RetailDetail BE\",\"isPartOf\":{\"@id\":\"https:\\\/\\\/www.retaildetail.be\\\/nl\\\/#website\"},\"primaryImageOfPage\":{\"@id\":\"https:\\\/\\\/www.retaildetail.be\\\/fr\\\/news\\\/general\\\/amazon-suspend-ses-projets-de-livraison-par-drone-en-italie\\\/#primaryimage\"},\"image\":{\"@id\":\"https:\\\/\\\/www.retaildetail.be\\\/fr\\\/news\\\/general\\\/amazon-suspend-ses-projets-de-livraison-par-drone-en-italie\\\/#primaryimage\"},\"thumbnailUrl\":\"https:\\\/\\\/www.retaildetail.be\\\/wp-content\\\/uploads\\\/2025\\\/12\\\/AmazonPrime-shutterstock_371901148.jpg\",\"datePublished\":\"2025-12-29T10:28:21+00:00\",\"dateModified\":\"2025-12-30T08:38:53+00:00\",\"description\":\"Amazon a d\u00e9cid\u00e9 de ne pas poursuivre ses projets de livraisons commerciales par drone en Italie.\",\"breadcrumb\":{\"@id\":\"https:\\\/\\\/www.retaildetail.be\\\/fr\\\/news\\\/general\\\/amazon-suspend-ses-projets-de-livraison-par-drone-en-italie\\\/#breadcrumb\"},\"inLanguage\":\"fr-FR\",\"potentialAction\":[{\"@type\":\"ReadAction\",\"target\":[\"https:\\\/\\\/www.retaildetail.be\\\/fr\\\/news\\\/general\\\/amazon-suspend-ses-projets-de-livraison-par-drone-en-italie\\\/\"]}]},{\"@type\":\"ImageObject\",\"inLanguage\":\"fr-FR\",\"@id\":\"https:\\\/\\\/www.retaildetail.be\\\/fr\\\/news\\\/general\\\/amazon-suspend-ses-projets-de-livraison-par-drone-en-italie\\\/#primaryimage\",\"url\":\"https:\\\/\\\/www.retaildetail.be\\\/wp-content\\\/uploads\\\/2025\\\/12\\\/AmazonPrime-shutterstock_371901148.jpg\",\"contentUrl\":\"https:\\\/\\\/www.retaildetail.be\\\/wp-content\\\/uploads\\\/2025\\\/12\\\/AmazonPrime-shutterstock_371901148.jpg\",\"width\":1000,\"height\":665,\"caption\":\"\u00a9 Hadrian \\\/ Shutterstock.com\"},{\"@type\":\"BreadcrumbList\",\"@id\":\"https:\\\/\\\/www.retaildetail.be\\\/fr\\\/news\\\/general\\\/amazon-suspend-ses-projets-de-livraison-par-drone-en-italie\\\/#breadcrumb\",\"itemListElement\":[{\"@type\":\"ListItem\",\"position\":1,\"name\":\"Home\",\"item\":\"https:\\\/\\\/www.retaildetail.be\\\/fr\\\/\"},{\"@type\":\"ListItem\",\"position\":2,\"name\":\"Amazon suspend ses projets de livraison par drone en Italie\"}]},{\"@type\":\"WebSite\",\"@id\":\"https:\\\/\\\/www.retaildetail.be\\\/nl\\\/#website\",\"url\":\"https:\\\/\\\/www.retaildetail.be\\\/nl\\\/\",\"name\":\"RetailDetail BE\",\"description\":\"News\",\"publisher\":{\"@id\":\"https:\\\/\\\/www.retaildetail.be\\\/nl\\\/#organization\"},\"potentialAction\":[{\"@type\":\"SearchAction\",\"target\":{\"@type\":\"EntryPoint\",\"urlTemplate\":\"https:\\\/\\\/www.retaildetail.be\\\/nl\\\/?s={search_term_string}\"},\"query-input\":{\"@type\":\"PropertyValueSpecification\",\"valueRequired\":true,\"valueName\":\"search_term_string\"}}],\"inLanguage\":\"fr-FR\"},{\"@type\":\"Organization\",\"@id\":\"https:\\\/\\\/www.retaildetail.be\\\/nl\\\/#organization\",\"name\":\"RetailDetail BE\",\"url\":\"https:\\\/\\\/www.retaildetail.be\\\/nl\\\/\",\"logo\":{\"@type\":\"ImageObject\",\"inLanguage\":\"fr-FR\",\"@id\":\"https:\\\/\\\/www.retaildetail.be\\\/nl\\\/#\\\/schema\\\/logo\\\/image\\\/\",\"url\":\"https:\\\/\\\/www.retaildetail.be\\\/wp-content\\\/uploads\\\/2022\\\/04\\\/logo.svg\",\"contentUrl\":\"https:\\\/\\\/www.retaildetail.be\\\/wp-content\\\/uploads\\\/2022\\\/04\\\/logo.svg\",\"width\":131,\"height\":70,\"caption\":\"RetailDetail BE\"},\"image\":{\"@id\":\"https:\\\/\\\/www.retaildetail.be\\\/nl\\\/#\\\/schema\\\/logo\\\/image\\\/\"}},{\"@type\":\"Person\",\"@id\":\"https:\\\/\\\/www.retaildetail.be\\\/nl\\\/#\\\/schema\\\/person\\\/71d9b89376db00e9b1aa8a2841e71a72\",\"name\":\"Jorg Snoeck\",\"image\":{\"@type\":\"ImageObject\",\"inLanguage\":\"fr-FR\",\"@id\":\"https:\\\/\\\/secure.gravatar.com\\\/avatar\\\/fc1bd94c7d40f2446e6bf778bb34cf9ab000168f63533cec8e072f4ad96ce7f3?s=96&d=mm&r=g\",\"url\":\"https:\\\/\\\/secure.gravatar.com\\\/avatar\\\/fc1bd94c7d40f2446e6bf778bb34cf9ab000168f63533cec8e072f4ad96ce7f3?s=96&d=mm&r=g\",\"contentUrl\":\"https:\\\/\\\/secure.gravatar.com\\\/avatar\\\/fc1bd94c7d40f2446e6bf778bb34cf9ab000168f63533cec8e072f4ad96ce7f3?s=96&d=mm&r=g\",\"caption\":\"Jorg Snoeck\"},\"url\":\"https:\\\/\\\/www.retaildetail.be\\\/fr\\\/author\\\/jorgsnoeck\\\/\"}]}<\/script>\n<!-- \/ Yoast SEO plugin. -->","yoast_head_json":{"title":"Amazon suspend ses projets de livraison par drone en Italie - RetailDetail BE","description":"Amazon a d\u00e9cid\u00e9 de ne pas poursuivre ses projets de livraisons commerciales par drone en Italie.","robots":{"index":"index","follow":"follow","max-snippet":"max-snippet:-1","max-image-preview":"max-image-preview:large","max-video-preview":"max-video-preview:-1"},"canonical":"https:\/\/www.retaildetail.be\/fr\/news\/general\/amazon-suspend-ses-projets-de-livraison-par-drone-en-italie\/","og_locale":"fr_FR","og_type":"article","og_title":"Amazon suspend ses projets de livraison par drone en Italie - RetailDetail BE","og_description":"Amazon a d\u00e9cid\u00e9 de ne pas poursuivre ses projets de livraisons commerciales par drone en Italie.","og_url":"https:\/\/www.retaildetail.be\/fr\/news\/general\/amazon-suspend-ses-projets-de-livraison-par-drone-en-italie\/","og_site_name":"RetailDetail BE","article_published_time":"2025-12-29T10:28:21+00:00","article_modified_time":"2025-12-30T08:38:53+00:00","og_image":[{"width":1000,"height":665,"url":"https:\/\/www.retaildetail.be\/wp-content\/uploads\/2025\/12\/AmazonPrime-shutterstock_371901148.jpg","type":"image\/jpeg"}],"author":"Jorg Snoeck","twitter_card":"summary_large_image","twitter_misc":{"\u00c9crit par":"Jorg Snoeck","Dur\u00e9e de lecture estim\u00e9e":"1 minute"},"schema":{"@context":"https:\/\/schema.org","@graph":[{"@type":"NewsArticle","@id":"https:\/\/www.retaildetail.be\/fr\/news\/general\/amazon-suspend-ses-projets-de-livraison-par-drone-en-italie\/#article","isPartOf":{"@id":"https:\/\/www.retaildetail.be\/fr\/news\/general\/amazon-suspend-ses-projets-de-livraison-par-drone-en-italie\/"},"author":{"name":"Jorg Snoeck","@id":"https:\/\/www.retaildetail.be\/nl\/#\/schema\/person\/71d9b89376db00e9b1aa8a2841e71a72"},"headline":"Amazon suspend ses projets de livraison par drone en Italie","datePublished":"2025-12-29T10:28:21+00:00","dateModified":"2025-12-30T08:38:53+00:00","mainEntityOfPage":{"@id":"https:\/\/www.retaildetail.be\/fr\/news\/general\/amazon-suspend-ses-projets-de-livraison-par-drone-en-italie\/"},"wordCount":178,"publisher":{"@id":"https:\/\/www.retaildetail.be\/nl\/#organization"},"image":{"@id":"https:\/\/www.retaildetail.be\/fr\/news\/general\/amazon-suspend-ses-projets-de-livraison-par-drone-en-italie\/#primaryimage"},"thumbnailUrl":"https:\/\/www.retaildetail.be\/wp-content\/uploads\/2025\/12\/AmazonPrime-shutterstock_371901148.jpg","keywords":["drones"],"articleSection":["Algemeen","G\u00e9n\u00e9ral"],"inLanguage":"fr-FR","copyrightYear":"2025","copyrightHolder":{"@id":"https:\/\/www.retaildetail.be\/#organization"}},{"@type":"WebPage","@id":"https:\/\/www.retaildetail.be\/fr\/news\/general\/amazon-suspend-ses-projets-de-livraison-par-drone-en-italie\/","url":"https:\/\/www.retaildetail.be\/fr\/news\/general\/amazon-suspend-ses-projets-de-livraison-par-drone-en-italie\/","name":"Amazon suspend ses projets de livraison par drone en Italie - RetailDetail BE","isPartOf":{"@id":"https:\/\/www.retaildetail.be\/nl\/#website"},"primaryImageOfPage":{"@id":"https:\/\/www.retaildetail.be\/fr\/news\/general\/amazon-suspend-ses-projets-de-livraison-par-drone-en-italie\/#primaryimage"},"image":{"@id":"https:\/\/www.retaildetail.be\/fr\/news\/general\/amazon-suspend-ses-projets-de-livraison-par-drone-en-italie\/#primaryimage"},"thumbnailUrl":"https:\/\/www.retaildetail.be\/wp-content\/uploads\/2025\/12\/AmazonPrime-shutterstock_371901148.jpg","datePublished":"2025-12-29T10:28:21+00:00","dateModified":"2025-12-30T08:38:53+00:00","description":"Amazon a d\u00e9cid\u00e9 de ne pas poursuivre ses projets de livraisons commerciales par drone en Italie.","breadcrumb":{"@id":"https:\/\/www.retaildetail.be\/fr\/news\/general\/amazon-suspend-ses-projets-de-livraison-par-drone-en-italie\/#breadcrumb"},"inLanguage":"fr-FR","potentialAction":[{"@type":"ReadAction","target":["https:\/\/www.retaildetail.be\/fr\/news\/general\/amazon-suspend-ses-projets-de-livraison-par-drone-en-italie\/"]}]},{"@type":"ImageObject","inLanguage":"fr-FR","@id":"https:\/\/www.retaildetail.be\/fr\/news\/general\/amazon-suspend-ses-projets-de-livraison-par-drone-en-italie\/#primaryimage","url":"https:\/\/www.retaildetail.be\/wp-content\/uploads\/2025\/12\/AmazonPrime-shutterstock_371901148.jpg","contentUrl":"https:\/\/www.retaildetail.be\/wp-content\/uploads\/2025\/12\/AmazonPrime-shutterstock_371901148.jpg","width":1000,"height":665,"caption":"\u00a9 Hadrian \/ Shutterstock.com"},{"@type":"BreadcrumbList","@id":"https:\/\/www.retaildetail.be\/fr\/news\/general\/amazon-suspend-ses-projets-de-livraison-par-drone-en-italie\/#breadcrumb","itemListElement":[{"@type":"ListItem","position":1,"name":"Home","item":"https:\/\/www.retaildetail.be\/fr\/"},{"@type":"ListItem","position":2,"name":"Amazon suspend ses projets de livraison par drone en Italie"}]},{"@type":"WebSite","@id":"https:\/\/www.retaildetail.be\/nl\/#website","url":"https:\/\/www.retaildetail.be\/nl\/","name":"RetailDetail BE","description":"News","publisher":{"@id":"https:\/\/www.retaildetail.be\/nl\/#organization"},"potentialAction":[{"@type":"SearchAction","target":{"@type":"EntryPoint","urlTemplate":"https:\/\/www.retaildetail.be\/nl\/?s={search_term_string}"},"query-input":{"@type":"PropertyValueSpecification","valueRequired":true,"valueName":"search_term_string"}}],"inLanguage":"fr-FR"},{"@type":"Organization","@id":"https:\/\/www.retaildetail.be\/nl\/#organization","name":"RetailDetail BE","url":"https:\/\/www.retaildetail.be\/nl\/","logo":{"@type":"ImageObject","inLanguage":"fr-FR","@id":"https:\/\/www.retaildetail.be\/nl\/#\/schema\/logo\/image\/","url":"https:\/\/www.retaildetail.be\/wp-content\/uploads\/2022\/04\/logo.svg","contentUrl":"https:\/\/www.retaildetail.be\/wp-content\/uploads\/2022\/04\/logo.svg","width":131,"height":70,"caption":"RetailDetail BE"},"image":{"@id":"https:\/\/www.retaildetail.be\/nl\/#\/schema\/logo\/image\/"}},{"@type":"Person","@id":"https:\/\/www.retaildetail.be\/nl\/#\/schema\/person\/71d9b89376db00e9b1aa8a2841e71a72","name":"Jorg Snoeck","image":{"@type":"ImageObject","inLanguage":"fr-FR","@id":"https:\/\/secure.gravatar.com\/avatar\/fc1bd94c7d40f2446e6bf778bb34cf9ab000168f63533cec8e072f4ad96ce7f3?s=96&d=mm&r=g","url":"https:\/\/secure.gravatar.com\/avatar\/fc1bd94c7d40f2446e6bf778bb34cf9ab000168f63533cec8e072f4ad96ce7f3?s=96&d=mm&r=g","contentUrl":"https:\/\/secure.gravatar.com\/avatar\/fc1bd94c7d40f2446e6bf778bb34cf9ab000168f63533cec8e072f4ad96ce7f3?s=96&d=mm&r=g","caption":"Jorg Snoeck"},"url":"https:\/\/www.retaildetail.be\/fr\/author\/jorgsnoeck\/"}]}},"jetpack_featured_media_url":"https:\/\/www.retaildetail.be\/wp-content\/uploads\/2025\/12\/AmazonPrime-shutterstock_371901148.jpg","jetpack_sharing_enabled":true,"_links":{"self":[{"href":"https:\/\/www.retaildetail.be\/fr\/wp-json\/wp\/v2\/posts\/138596","targetHints":{"allow":["GET"]}}],"collection":[{"href":"https:\/\/www.retaildetail.be\/fr\/wp-json\/wp\/v2\/posts"}],"about":[{"href":"https:\/\/www.retaildetail.be\/fr\/wp-json\/wp\/v2\/types\/post"}],"author":[{"embeddable":true,"href":"https:\/\/www.retaildetail.be\/fr\/wp-json\/wp\/v2\/users\/10"}],"replies":[{"embeddable":true,"href":"https:\/\/www.retaildetail.be\/fr\/wp-json\/wp\/v2\/comments?post=138596"}],"version-history":[{"count":3,"href":"https:\/\/www.retaildetail.be\/fr\/wp-json\/wp\/v2\/posts\/138596\/revisions"}],"predecessor-version":[{"id":138684,"href":"https:\/\/www.retaildetail.be\/fr\/wp-json\/wp\/v2\/posts\/138596\/revisions\/138684"}],"wp:featuredmedia":[{"embeddable":true,"href":"https:\/\/www.retaildetail.be\/fr\/wp-json\/wp\/v2\/media\/138597"}],"wp:attachment":[{"href":"https:\/\/www.retaildetail.be\/fr\/wp-json\/wp\/v2\/media?parent=138596"}],"wp:term":[{"taxonomy":"category","embeddable":true,"href":"https:\/\/www.retaildetail.be\/fr\/wp-json\/wp\/v2\/categories?post=138596"},{"taxonomy":"post_tag","embeddable":true,"href":"https:\/\/www.retaildetail.be\/fr\/wp-json\/wp\/v2\/tags?post=138596"},{"taxonomy":"people","embeddable":true,"href":"https:\/\/www.retaildetail.be\/fr\/wp-json\/wp\/v2\/people?post=138596"},{"taxonomy":"extra","embeddable":true,"href":"https:\/\/www.retaildetail.be\/fr\/wp-json\/wp\/v2\/extra?post=138596"},{"taxonomy":"company","embeddable":true,"href":"https:\/\/www.retaildetail.be\/fr\/wp-json\/wp\/v2\/company?post=138596"},{"taxonomy":"topic","embeddable":true,"href":"https:\/\/www.retaildetail.be\/fr\/wp-json\/wp\/v2\/topic?post=138596"},{"taxonomy":"region","embeddable":true,"href":"https:\/\/www.retaildetail.be\/fr\/wp-json\/wp\/v2\/region?post=138596"}],"curies":[{"name":"wp","href":"https:\/\/api.w.org\/{rel}","templated":true}]}}