{"id":139154,"date":"2026-01-06T15:16:48","date_gmt":"2026-01-06T14:16:48","guid":{"rendered":"https:\/\/www.retaildetail.be\/?p=139154"},"modified":"2026-01-06T15:16:52","modified_gmt":"2026-01-06T14:16:52","slug":"la-france-veut-interdire-limportation-daliments-contenant-des-pesticides-interdits","status":"publish","type":"post","link":"https:\/\/www.retaildetail.be\/fr\/news\/food\/la-france-veut-interdire-limportation-daliments-contenant-des-pesticides-interdits\/","title":{"rendered":"La France veut interdire l&rsquo;importation d&rsquo;aliments contenant des pesticides interdits"},"content":{"rendered":"\n<p>La France souhaite interdire l&rsquo;importation de produits alimentaires contenant des r\u00e9sidus de pesticides interdits dans l&rsquo;Union europ\u00e9enne. Un d\u00e9cret pr\u00e9voyant des contr\u00f4les plus stricts est attendu aujourd&rsquo;hui, mais la France doit encore obtenir le feu vert de la Commission europ\u00e9enne.<\/p>\n\n\n\n<h2 class=\"wp-block-heading\">Tol\u00e9rance z\u00e9ro<\/h2>\n\n\n\n<p>Selon le Premier ministre S\u00e9bastien Lecornu, le nouveau d\u00e9cret emp\u00eachera l&rsquo;importation de produits contenant des r\u00e9sidus de mancoz\u00e8be, de glufosinate, de thiophanate-m\u00e9thyl et de carbendazime, entre autres. La ministre de l&rsquo;Agriculture Annie Genevard souhaite ainsi <a href=\"https:\/\/www.euractiv.com\/news\/france-announces-ban-of-pesticide-tainted-food-imports-awaits-eu-green-light\/\">imposer l&rsquo;application des normes europ\u00e9ennes<\/a> en mati\u00e8re de sant\u00e9 et d&rsquo;environnement aux produits import\u00e9s, \u00e9crit Euractiv.<\/p>\n\n\n\n<p>Cette mesure s&rsquo;inscrit dans le cadre de la \u00ab Vision pour l&rsquo;agriculture \u00bb de la Commission europ\u00e9enne, pr\u00e9sent\u00e9e l&rsquo;ann\u00e9e derni\u00e8re, qui promettait d&#8217;emp\u00eacher les produits contenant des pesticides interdits d&rsquo;entrer sur le march\u00e9 europ\u00e9en par le biais des importations. En d\u00e9cembre, la Commission avait d\u00e9j\u00e0 lanc\u00e9 des propositions visant \u00e0 renforcer les contr\u00f4les aux fronti\u00e8res et \u00e0 instaurer une \u00e9ventuelle tol\u00e9rance z\u00e9ro pour les r\u00e9sidus des substances les plus nocives.<\/p>\n\n\n\n<h2 class=\"wp-block-heading\">Mercosur<\/h2>\n\n\n\n<p>La France lie \u00e9galement explicitement ce dossier aux n\u00e9gociations sur l&rsquo;accord commercial entre l&rsquo;UE et le bloc sud-am\u00e9ricain Mercosur. Le renforcement des r\u00e8gles d&rsquo;importation doit r\u00e9pondre aux pr\u00e9occupations fran\u00e7aises et convaincre les \u00c9tats membres ind\u00e9cis de soutenir l&rsquo;accord. La Commission europ\u00e9enne pr\u00e9voit de signer cet accord le 12 janvier au Paraguay.<\/p>\n\n\n\n<p>Selon Lecornu, les agrumes, les avocats, les mangues et les raisins d&rsquo;Am\u00e9rique du Sud, entre autres, ne seraient plus autoris\u00e9s s&rsquo;ils ne respectaient pas les r\u00e8gles. Une unit\u00e9 sp\u00e9cialis\u00e9e serait charg\u00e9e de veiller au respect des normes.<\/p>\n\n\n\n<h2 class=\"wp-block-heading\">Sensible<\/h2>\n\n\n\n<p>La politique commerciale \u00e9tant une comp\u00e9tence exclusive de l&rsquo;Union europ\u00e9enne, la France ne peut pas mettre en \u0153uvre le d\u00e9cret de mani\u00e8re ind\u00e9pendante. Cela ne sera possible qu&rsquo;apr\u00e8s l&rsquo;accord de la Commission europ\u00e9enne. Genevard se rendra \u00e0 Bruxelles mercredi prochain afin d&rsquo;obtenir ce soutien.<\/p>\n\n\n\n<p>Cette annonce intervient \u00e0 un moment d\u00e9licat : les agriculteurs fran\u00e7ais bloquent toujours les autoroutes pour manifester leur m\u00e9contentement face \u00e0 cette politique. Le gouvernement appelle quant \u00e0 lui \u00e0 la d\u00e9sescalade.<\/p>\n","protected":false},"excerpt":{"rendered":"<p>La France souhaite interdire l\u2019importation de produits alimentaires contenant des r\u00e9sidus de pesticides interdits dans l\u2019Union europ\u00e9enne. Un d\u00e9cret pr\u00e9voyant des contr\u00f4les plus stricts est attendu aujourd\u2019hui, mais la France doit encore obtenir le feu vert de la Commission europ\u00e9enne.<\/p>\n","protected":false},"author":10,"featured_media":139155,"comment_status":"closed","ping_status":"closed","sticky":false,"template":"","format":"standard","meta":{"_acf_changed":false,"inline_featured_image":false,"_jetpack_memberships_contains_paid_content":false,"footnotes":""},"categories":[18],"tags":[],"people":[],"extra":[43],"company":[],"topic":[397],"region":[342],"class_list":["post-139154","post","type-post","status-publish","format-standard","has-post-thumbnail","hentry","category-food","extra-plus","topic-securite-alimentaire","region-france"],"acf":[],"yoast_head":"<!-- This site is optimized with the Yoast SEO plugin v27.3 - https:\/\/yoast.com\/product\/yoast-seo-wordpress\/ -->\n<title>La France veut interdire l&#039;importation d&#039;aliments contenant des pesticides interdits - RetailDetail BE<\/title>\n<meta name=\"description\" content=\"La France souhaite interdire l\u2019importation de produits alimentaires contenant des r\u00e9sidus de pesticides interdits dans l\u2019Union europ\u00e9enne.\" \/>\n<meta name=\"robots\" content=\"index, follow, max-snippet:-1, max-image-preview:large, max-video-preview:-1\" \/>\n<link rel=\"canonical\" href=\"https:\/\/www.retaildetail.be\/fr\/news\/food\/la-france-veut-interdire-limportation-daliments-contenant-des-pesticides-interdits\/\" \/>\n<meta property=\"og:locale\" content=\"fr_FR\" \/>\n<meta property=\"og:type\" content=\"article\" \/>\n<meta property=\"og:title\" content=\"La France veut interdire l&#039;importation d&#039;aliments contenant des pesticides interdits - RetailDetail BE\" \/>\n<meta property=\"og:description\" content=\"La France souhaite interdire l\u2019importation de produits alimentaires contenant des r\u00e9sidus de pesticides interdits dans l\u2019Union europ\u00e9enne.\" \/>\n<meta property=\"og:url\" content=\"https:\/\/www.retaildetail.be\/fr\/news\/food\/la-france-veut-interdire-limportation-daliments-contenant-des-pesticides-interdits\/\" \/>\n<meta property=\"og:site_name\" content=\"RetailDetail BE\" \/>\n<meta property=\"article:published_time\" content=\"2026-01-06T14:16:48+00:00\" \/>\n<meta property=\"article:modified_time\" content=\"2026-01-06T14:16:52+00:00\" \/>\n<meta property=\"og:image\" content=\"https:\/\/www.retaildetail.be\/wp-content\/uploads\/2026\/01\/shutterstock_2439852485-1.jpg\" \/>\n\t<meta property=\"og:image:width\" content=\"1000\" \/>\n\t<meta property=\"og:image:height\" content=\"667\" \/>\n\t<meta property=\"og:image:type\" content=\"image\/jpeg\" \/>\n<meta name=\"author\" content=\"Jorg Snoeck\" \/>\n<meta name=\"twitter:card\" content=\"summary_large_image\" \/>\n<meta name=\"twitter:label1\" content=\"\u00c9crit par\" \/>\n\t<meta name=\"twitter:data1\" content=\"Jorg Snoeck\" \/>\n\t<meta name=\"twitter:label2\" content=\"Dur\u00e9e de lecture estim\u00e9e\" \/>\n\t<meta name=\"twitter:data2\" content=\"2 minutes\" \/>\n<script type=\"application\/ld+json\" class=\"yoast-schema-graph\">{\"@context\":\"https:\\\/\\\/schema.org\",\"@graph\":[{\"@type\":\"NewsArticle\",\"@id\":\"https:\\\/\\\/www.retaildetail.be\\\/fr\\\/news\\\/food\\\/la-france-veut-interdire-limportation-daliments-contenant-des-pesticides-interdits\\\/#article\",\"isPartOf\":{\"@id\":\"https:\\\/\\\/www.retaildetail.be\\\/fr\\\/news\\\/food\\\/la-france-veut-interdire-limportation-daliments-contenant-des-pesticides-interdits\\\/\"},\"author\":{\"name\":\"Jorg Snoeck\",\"@id\":\"https:\\\/\\\/www.retaildetail.be\\\/nl\\\/#\\\/schema\\\/person\\\/71d9b89376db00e9b1aa8a2841e71a72\"},\"headline\":\"La France veut interdire l&rsquo;importation d&rsquo;aliments contenant des pesticides interdits\",\"datePublished\":\"2026-01-06T14:16:48+00:00\",\"dateModified\":\"2026-01-06T14:16:52+00:00\",\"mainEntityOfPage\":{\"@id\":\"https:\\\/\\\/www.retaildetail.be\\\/fr\\\/news\\\/food\\\/la-france-veut-interdire-limportation-daliments-contenant-des-pesticides-interdits\\\/\"},\"wordCount\":409,\"publisher\":{\"@id\":\"https:\\\/\\\/www.retaildetail.be\\\/nl\\\/#organization\"},\"image\":{\"@id\":\"https:\\\/\\\/www.retaildetail.be\\\/fr\\\/news\\\/food\\\/la-france-veut-interdire-limportation-daliments-contenant-des-pesticides-interdits\\\/#primaryimage\"},\"thumbnailUrl\":\"https:\\\/\\\/www.retaildetail.be\\\/wp-content\\\/uploads\\\/2026\\\/01\\\/shutterstock_2439852485-1.jpg\",\"articleSection\":[\"Food\"],\"inLanguage\":\"fr-FR\",\"copyrightYear\":\"2026\",\"copyrightHolder\":{\"@id\":\"https:\\\/\\\/www.retaildetail.be\\\/#organization\"}},{\"@type\":\"WebPage\",\"@id\":\"https:\\\/\\\/www.retaildetail.be\\\/fr\\\/news\\\/food\\\/la-france-veut-interdire-limportation-daliments-contenant-des-pesticides-interdits\\\/\",\"url\":\"https:\\\/\\\/www.retaildetail.be\\\/fr\\\/news\\\/food\\\/la-france-veut-interdire-limportation-daliments-contenant-des-pesticides-interdits\\\/\",\"name\":\"La France veut interdire l'importation d'aliments contenant des pesticides interdits - RetailDetail BE\",\"isPartOf\":{\"@id\":\"https:\\\/\\\/www.retaildetail.be\\\/nl\\\/#website\"},\"primaryImageOfPage\":{\"@id\":\"https:\\\/\\\/www.retaildetail.be\\\/fr\\\/news\\\/food\\\/la-france-veut-interdire-limportation-daliments-contenant-des-pesticides-interdits\\\/#primaryimage\"},\"image\":{\"@id\":\"https:\\\/\\\/www.retaildetail.be\\\/fr\\\/news\\\/food\\\/la-france-veut-interdire-limportation-daliments-contenant-des-pesticides-interdits\\\/#primaryimage\"},\"thumbnailUrl\":\"https:\\\/\\\/www.retaildetail.be\\\/wp-content\\\/uploads\\\/2026\\\/01\\\/shutterstock_2439852485-1.jpg\",\"datePublished\":\"2026-01-06T14:16:48+00:00\",\"dateModified\":\"2026-01-06T14:16:52+00:00\",\"description\":\"La France souhaite interdire l\u2019importation de produits alimentaires contenant des r\u00e9sidus de pesticides interdits dans l\u2019Union europ\u00e9enne.\",\"breadcrumb\":{\"@id\":\"https:\\\/\\\/www.retaildetail.be\\\/fr\\\/news\\\/food\\\/la-france-veut-interdire-limportation-daliments-contenant-des-pesticides-interdits\\\/#breadcrumb\"},\"inLanguage\":\"fr-FR\",\"potentialAction\":[{\"@type\":\"ReadAction\",\"target\":[\"https:\\\/\\\/www.retaildetail.be\\\/fr\\\/news\\\/food\\\/la-france-veut-interdire-limportation-daliments-contenant-des-pesticides-interdits\\\/\"]}]},{\"@type\":\"ImageObject\",\"inLanguage\":\"fr-FR\",\"@id\":\"https:\\\/\\\/www.retaildetail.be\\\/fr\\\/news\\\/food\\\/la-france-veut-interdire-limportation-daliments-contenant-des-pesticides-interdits\\\/#primaryimage\",\"url\":\"https:\\\/\\\/www.retaildetail.be\\\/wp-content\\\/uploads\\\/2026\\\/01\\\/shutterstock_2439852485-1.jpg\",\"contentUrl\":\"https:\\\/\\\/www.retaildetail.be\\\/wp-content\\\/uploads\\\/2026\\\/01\\\/shutterstock_2439852485-1.jpg\",\"width\":1000,\"height\":667,\"caption\":\"\u00a9 Martin Bergsma \\\/ Shutterstock.com\"},{\"@type\":\"BreadcrumbList\",\"@id\":\"https:\\\/\\\/www.retaildetail.be\\\/fr\\\/news\\\/food\\\/la-france-veut-interdire-limportation-daliments-contenant-des-pesticides-interdits\\\/#breadcrumb\",\"itemListElement\":[{\"@type\":\"ListItem\",\"position\":1,\"name\":\"Home\",\"item\":\"https:\\\/\\\/www.retaildetail.be\\\/fr\\\/\"},{\"@type\":\"ListItem\",\"position\":2,\"name\":\"La France veut interdire l&#8217;importation d&#8217;aliments contenant des pesticides interdits\"}]},{\"@type\":\"WebSite\",\"@id\":\"https:\\\/\\\/www.retaildetail.be\\\/nl\\\/#website\",\"url\":\"https:\\\/\\\/www.retaildetail.be\\\/nl\\\/\",\"name\":\"RetailDetail BE\",\"description\":\"News\",\"publisher\":{\"@id\":\"https:\\\/\\\/www.retaildetail.be\\\/nl\\\/#organization\"},\"potentialAction\":[{\"@type\":\"SearchAction\",\"target\":{\"@type\":\"EntryPoint\",\"urlTemplate\":\"https:\\\/\\\/www.retaildetail.be\\\/nl\\\/?s={search_term_string}\"},\"query-input\":{\"@type\":\"PropertyValueSpecification\",\"valueRequired\":true,\"valueName\":\"search_term_string\"}}],\"inLanguage\":\"fr-FR\"},{\"@type\":\"Organization\",\"@id\":\"https:\\\/\\\/www.retaildetail.be\\\/nl\\\/#organization\",\"name\":\"RetailDetail BE\",\"url\":\"https:\\\/\\\/www.retaildetail.be\\\/nl\\\/\",\"logo\":{\"@type\":\"ImageObject\",\"inLanguage\":\"fr-FR\",\"@id\":\"https:\\\/\\\/www.retaildetail.be\\\/nl\\\/#\\\/schema\\\/logo\\\/image\\\/\",\"url\":\"https:\\\/\\\/www.retaildetail.be\\\/wp-content\\\/uploads\\\/2022\\\/04\\\/logo.svg\",\"contentUrl\":\"https:\\\/\\\/www.retaildetail.be\\\/wp-content\\\/uploads\\\/2022\\\/04\\\/logo.svg\",\"width\":131,\"height\":70,\"caption\":\"RetailDetail BE\"},\"image\":{\"@id\":\"https:\\\/\\\/www.retaildetail.be\\\/nl\\\/#\\\/schema\\\/logo\\\/image\\\/\"}},{\"@type\":\"Person\",\"@id\":\"https:\\\/\\\/www.retaildetail.be\\\/nl\\\/#\\\/schema\\\/person\\\/71d9b89376db00e9b1aa8a2841e71a72\",\"name\":\"Jorg Snoeck\",\"image\":{\"@type\":\"ImageObject\",\"inLanguage\":\"fr-FR\",\"@id\":\"https:\\\/\\\/secure.gravatar.com\\\/avatar\\\/fc1bd94c7d40f2446e6bf778bb34cf9ab000168f63533cec8e072f4ad96ce7f3?s=96&d=mm&r=g\",\"url\":\"https:\\\/\\\/secure.gravatar.com\\\/avatar\\\/fc1bd94c7d40f2446e6bf778bb34cf9ab000168f63533cec8e072f4ad96ce7f3?s=96&d=mm&r=g\",\"contentUrl\":\"https:\\\/\\\/secure.gravatar.com\\\/avatar\\\/fc1bd94c7d40f2446e6bf778bb34cf9ab000168f63533cec8e072f4ad96ce7f3?s=96&d=mm&r=g\",\"caption\":\"Jorg Snoeck\"},\"url\":\"https:\\\/\\\/www.retaildetail.be\\\/fr\\\/author\\\/jorgsnoeck\\\/\"}]}<\/script>\n<!-- \/ Yoast SEO plugin. -->","yoast_head_json":{"title":"La France veut interdire l'importation d'aliments contenant des pesticides interdits - RetailDetail BE","description":"La France souhaite interdire l\u2019importation de produits alimentaires contenant des r\u00e9sidus de pesticides interdits dans l\u2019Union europ\u00e9enne.","robots":{"index":"index","follow":"follow","max-snippet":"max-snippet:-1","max-image-preview":"max-image-preview:large","max-video-preview":"max-video-preview:-1"},"canonical":"https:\/\/www.retaildetail.be\/fr\/news\/food\/la-france-veut-interdire-limportation-daliments-contenant-des-pesticides-interdits\/","og_locale":"fr_FR","og_type":"article","og_title":"La France veut interdire l'importation d'aliments contenant des pesticides interdits - RetailDetail BE","og_description":"La France souhaite interdire l\u2019importation de produits alimentaires contenant des r\u00e9sidus de pesticides interdits dans l\u2019Union europ\u00e9enne.","og_url":"https:\/\/www.retaildetail.be\/fr\/news\/food\/la-france-veut-interdire-limportation-daliments-contenant-des-pesticides-interdits\/","og_site_name":"RetailDetail BE","article_published_time":"2026-01-06T14:16:48+00:00","article_modified_time":"2026-01-06T14:16:52+00:00","og_image":[{"width":1000,"height":667,"url":"https:\/\/www.retaildetail.be\/wp-content\/uploads\/2026\/01\/shutterstock_2439852485-1.jpg","type":"image\/jpeg"}],"author":"Jorg Snoeck","twitter_card":"summary_large_image","twitter_misc":{"\u00c9crit par":"Jorg Snoeck","Dur\u00e9e de lecture estim\u00e9e":"2 minutes"},"schema":{"@context":"https:\/\/schema.org","@graph":[{"@type":"NewsArticle","@id":"https:\/\/www.retaildetail.be\/fr\/news\/food\/la-france-veut-interdire-limportation-daliments-contenant-des-pesticides-interdits\/#article","isPartOf":{"@id":"https:\/\/www.retaildetail.be\/fr\/news\/food\/la-france-veut-interdire-limportation-daliments-contenant-des-pesticides-interdits\/"},"author":{"name":"Jorg Snoeck","@id":"https:\/\/www.retaildetail.be\/nl\/#\/schema\/person\/71d9b89376db00e9b1aa8a2841e71a72"},"headline":"La France veut interdire l&rsquo;importation d&rsquo;aliments contenant des pesticides interdits","datePublished":"2026-01-06T14:16:48+00:00","dateModified":"2026-01-06T14:16:52+00:00","mainEntityOfPage":{"@id":"https:\/\/www.retaildetail.be\/fr\/news\/food\/la-france-veut-interdire-limportation-daliments-contenant-des-pesticides-interdits\/"},"wordCount":409,"publisher":{"@id":"https:\/\/www.retaildetail.be\/nl\/#organization"},"image":{"@id":"https:\/\/www.retaildetail.be\/fr\/news\/food\/la-france-veut-interdire-limportation-daliments-contenant-des-pesticides-interdits\/#primaryimage"},"thumbnailUrl":"https:\/\/www.retaildetail.be\/wp-content\/uploads\/2026\/01\/shutterstock_2439852485-1.jpg","articleSection":["Food"],"inLanguage":"fr-FR","copyrightYear":"2026","copyrightHolder":{"@id":"https:\/\/www.retaildetail.be\/#organization"}},{"@type":"WebPage","@id":"https:\/\/www.retaildetail.be\/fr\/news\/food\/la-france-veut-interdire-limportation-daliments-contenant-des-pesticides-interdits\/","url":"https:\/\/www.retaildetail.be\/fr\/news\/food\/la-france-veut-interdire-limportation-daliments-contenant-des-pesticides-interdits\/","name":"La France veut interdire l'importation d'aliments contenant des pesticides interdits - RetailDetail BE","isPartOf":{"@id":"https:\/\/www.retaildetail.be\/nl\/#website"},"primaryImageOfPage":{"@id":"https:\/\/www.retaildetail.be\/fr\/news\/food\/la-france-veut-interdire-limportation-daliments-contenant-des-pesticides-interdits\/#primaryimage"},"image":{"@id":"https:\/\/www.retaildetail.be\/fr\/news\/food\/la-france-veut-interdire-limportation-daliments-contenant-des-pesticides-interdits\/#primaryimage"},"thumbnailUrl":"https:\/\/www.retaildetail.be\/wp-content\/uploads\/2026\/01\/shutterstock_2439852485-1.jpg","datePublished":"2026-01-06T14:16:48+00:00","dateModified":"2026-01-06T14:16:52+00:00","description":"La France souhaite interdire l\u2019importation de produits alimentaires contenant des r\u00e9sidus de pesticides interdits dans l\u2019Union europ\u00e9enne.","breadcrumb":{"@id":"https:\/\/www.retaildetail.be\/fr\/news\/food\/la-france-veut-interdire-limportation-daliments-contenant-des-pesticides-interdits\/#breadcrumb"},"inLanguage":"fr-FR","potentialAction":[{"@type":"ReadAction","target":["https:\/\/www.retaildetail.be\/fr\/news\/food\/la-france-veut-interdire-limportation-daliments-contenant-des-pesticides-interdits\/"]}]},{"@type":"ImageObject","inLanguage":"fr-FR","@id":"https:\/\/www.retaildetail.be\/fr\/news\/food\/la-france-veut-interdire-limportation-daliments-contenant-des-pesticides-interdits\/#primaryimage","url":"https:\/\/www.retaildetail.be\/wp-content\/uploads\/2026\/01\/shutterstock_2439852485-1.jpg","contentUrl":"https:\/\/www.retaildetail.be\/wp-content\/uploads\/2026\/01\/shutterstock_2439852485-1.jpg","width":1000,"height":667,"caption":"\u00a9 Martin Bergsma \/ Shutterstock.com"},{"@type":"BreadcrumbList","@id":"https:\/\/www.retaildetail.be\/fr\/news\/food\/la-france-veut-interdire-limportation-daliments-contenant-des-pesticides-interdits\/#breadcrumb","itemListElement":[{"@type":"ListItem","position":1,"name":"Home","item":"https:\/\/www.retaildetail.be\/fr\/"},{"@type":"ListItem","position":2,"name":"La France veut interdire l&#8217;importation d&#8217;aliments contenant des pesticides interdits"}]},{"@type":"WebSite","@id":"https:\/\/www.retaildetail.be\/nl\/#website","url":"https:\/\/www.retaildetail.be\/nl\/","name":"RetailDetail BE","description":"News","publisher":{"@id":"https:\/\/www.retaildetail.be\/nl\/#organization"},"potentialAction":[{"@type":"SearchAction","target":{"@type":"EntryPoint","urlTemplate":"https:\/\/www.retaildetail.be\/nl\/?s={search_term_string}"},"query-input":{"@type":"PropertyValueSpecification","valueRequired":true,"valueName":"search_term_string"}}],"inLanguage":"fr-FR"},{"@type":"Organization","@id":"https:\/\/www.retaildetail.be\/nl\/#organization","name":"RetailDetail BE","url":"https:\/\/www.retaildetail.be\/nl\/","logo":{"@type":"ImageObject","inLanguage":"fr-FR","@id":"https:\/\/www.retaildetail.be\/nl\/#\/schema\/logo\/image\/","url":"https:\/\/www.retaildetail.be\/wp-content\/uploads\/2022\/04\/logo.svg","contentUrl":"https:\/\/www.retaildetail.be\/wp-content\/uploads\/2022\/04\/logo.svg","width":131,"height":70,"caption":"RetailDetail BE"},"image":{"@id":"https:\/\/www.retaildetail.be\/nl\/#\/schema\/logo\/image\/"}},{"@type":"Person","@id":"https:\/\/www.retaildetail.be\/nl\/#\/schema\/person\/71d9b89376db00e9b1aa8a2841e71a72","name":"Jorg Snoeck","image":{"@type":"ImageObject","inLanguage":"fr-FR","@id":"https:\/\/secure.gravatar.com\/avatar\/fc1bd94c7d40f2446e6bf778bb34cf9ab000168f63533cec8e072f4ad96ce7f3?s=96&d=mm&r=g","url":"https:\/\/secure.gravatar.com\/avatar\/fc1bd94c7d40f2446e6bf778bb34cf9ab000168f63533cec8e072f4ad96ce7f3?s=96&d=mm&r=g","contentUrl":"https:\/\/secure.gravatar.com\/avatar\/fc1bd94c7d40f2446e6bf778bb34cf9ab000168f63533cec8e072f4ad96ce7f3?s=96&d=mm&r=g","caption":"Jorg Snoeck"},"url":"https:\/\/www.retaildetail.be\/fr\/author\/jorgsnoeck\/"}]}},"jetpack_featured_media_url":"https:\/\/www.retaildetail.be\/wp-content\/uploads\/2026\/01\/shutterstock_2439852485-1.jpg","jetpack_sharing_enabled":true,"_links":{"self":[{"href":"https:\/\/www.retaildetail.be\/fr\/wp-json\/wp\/v2\/posts\/139154","targetHints":{"allow":["GET"]}}],"collection":[{"href":"https:\/\/www.retaildetail.be\/fr\/wp-json\/wp\/v2\/posts"}],"about":[{"href":"https:\/\/www.retaildetail.be\/fr\/wp-json\/wp\/v2\/types\/post"}],"author":[{"embeddable":true,"href":"https:\/\/www.retaildetail.be\/fr\/wp-json\/wp\/v2\/users\/10"}],"replies":[{"embeddable":true,"href":"https:\/\/www.retaildetail.be\/fr\/wp-json\/wp\/v2\/comments?post=139154"}],"version-history":[{"count":2,"href":"https:\/\/www.retaildetail.be\/fr\/wp-json\/wp\/v2\/posts\/139154\/revisions"}],"predecessor-version":[{"id":139168,"href":"https:\/\/www.retaildetail.be\/fr\/wp-json\/wp\/v2\/posts\/139154\/revisions\/139168"}],"wp:featuredmedia":[{"embeddable":true,"href":"https:\/\/www.retaildetail.be\/fr\/wp-json\/wp\/v2\/media\/139155"}],"wp:attachment":[{"href":"https:\/\/www.retaildetail.be\/fr\/wp-json\/wp\/v2\/media?parent=139154"}],"wp:term":[{"taxonomy":"category","embeddable":true,"href":"https:\/\/www.retaildetail.be\/fr\/wp-json\/wp\/v2\/categories?post=139154"},{"taxonomy":"post_tag","embeddable":true,"href":"https:\/\/www.retaildetail.be\/fr\/wp-json\/wp\/v2\/tags?post=139154"},{"taxonomy":"people","embeddable":true,"href":"https:\/\/www.retaildetail.be\/fr\/wp-json\/wp\/v2\/people?post=139154"},{"taxonomy":"extra","embeddable":true,"href":"https:\/\/www.retaildetail.be\/fr\/wp-json\/wp\/v2\/extra?post=139154"},{"taxonomy":"company","embeddable":true,"href":"https:\/\/www.retaildetail.be\/fr\/wp-json\/wp\/v2\/company?post=139154"},{"taxonomy":"topic","embeddable":true,"href":"https:\/\/www.retaildetail.be\/fr\/wp-json\/wp\/v2\/topic?post=139154"},{"taxonomy":"region","embeddable":true,"href":"https:\/\/www.retaildetail.be\/fr\/wp-json\/wp\/v2\/region?post=139154"}],"curies":[{"name":"wp","href":"https:\/\/api.w.org\/{rel}","templated":true}]}}