{"id":139231,"date":"2026-01-07T10:58:49","date_gmt":"2026-01-07T09:58:49","guid":{"rendered":"https:\/\/www.retaildetail.be\/?p=139231"},"modified":"2026-01-07T10:58:51","modified_gmt":"2026-01-07T09:58:51","slug":"petits-magasins-canaux-numeriques-comment-ikea-change-de-cap-en-chine","status":"publish","type":"post","link":"https:\/\/www.retaildetail.be\/fr\/news\/maison-deco\/petits-magasins-canaux-numeriques-comment-ikea-change-de-cap-en-chine\/","title":{"rendered":"Petits magasins, canaux num\u00e9riques : comment Ikea change de cap en Chine"},"content":{"rendered":"\n<p><strong>Ikea va <\/strong>fermer sept magasins physiques en Chine le mois prochain, mais pr\u00e9voit \u00e9galement d&rsquo;ouvrir au moins dix magasins plus petits au cours des deux prochaines ann\u00e9es et de renforcer sa pr\u00e9sence omnicanale. La cha\u00eene d&rsquo;ameublement affirme miser sur une \u00ab p\u00e9n\u00e9tration du march\u00e9 ax\u00e9e sur la pr\u00e9cision \u00bb.<\/p>\n\n\n\n<h2 class=\"wp-block-heading\">Focus sur P\u00e9kin et Shenzhen<\/h2>\n\n\n\n<p>Apr\u00e8s une \u00e9valuation approfondie de ses canaux existants, Ikea a d\u00e9cid\u00e9 de fermer sept points de vente hors ligne en Chine \u00e0 partir du 2 f\u00e9vrier 2026, dont Ikea Shanghai Baoshan, Ikea Guangzhou Panyu, Ikea Tianjin Zhongbei, Ikea Nantong, Ikea Xuzhou, Ikea Ningbo et Ikea Harbin, a annonc\u00e9 mercredi l&rsquo;entreprise dans un communiqu\u00e9 de presse.<\/p>\n\n\n\n<p>Dans son communiqu\u00e9, le d\u00e9taillant su\u00e9dois fait r\u00e9f\u00e9rence aux incertitudes \u00e9conomiques mondiales, \u00e0 la vague de num\u00e9risation et aux changements profonds dans le comportement des clients. \u00ab Nous allons passer d&rsquo;une strat\u00e9gie d&rsquo;expansion \u00e0 une strat\u00e9gie de p\u00e9n\u00e9tration ax\u00e9e sur la pr\u00e9cision, en commen\u00e7ant par P\u00e9kin et Shenzhen comme march\u00e9s prioritaires \u00bb, a d\u00e9clar\u00e9 l&rsquo;entreprise.<\/p>\n\n\n\n<h2 class=\"wp-block-heading\">Base pour la croissance<\/h2>\n\n\n\n<p>Au cours des deux prochaines ann\u00e9es, la cha\u00eene ouvrira plus de dix magasins plus petits \u00e0 P\u00e9kin et Shenzhen. Dans le m\u00eame temps, Ikea continuera \u00e0 renforcer sa pr\u00e9sence en ligne et \u00e0 investir dans ses magasins existants afin d&rsquo;am\u00e9liorer l&rsquo;exp\u00e9rience des clients et des employ\u00e9s. Selon l&rsquo;entreprise, cette d\u00e9cision constitue une \u00e9tape importante dans le processus de transformation d&rsquo;Ikea en Chine afin de jeter les bases solides de la croissance future de l&rsquo;entreprise.<\/p>\n\n\n\n<p>Le d\u00e9taillant su\u00e9dois a ouvert son premier magasin dans le pays en 1998 et touche actuellement plus d&rsquo;un milliard de clients locaux avec (pour l&rsquo;instant) 41 magasins physiques et via des canaux num\u00e9riques tels que son propre site web et son application, WeChat, Tmall et JD.com.<\/p>\n\n\n\n<p><\/p>\n","protected":false},"excerpt":{"rendered":"<p>Ikea va fermer sept magasins physiques en Chine le mois prochain, mais pr\u00e9voit \u00e9galement d&rsquo;ouvrir au moins dix magasins plus petits au cours des deux prochaines ann\u00e9es et de renforcer sa pr\u00e9sence omnicanale. La cha\u00eene d&rsquo;ameublement affirme miser sur une \u00ab p\u00e9n\u00e9tration du march\u00e9 ax\u00e9e sur la pr\u00e9cision \u00bb. <\/p>\n","protected":false},"author":3,"featured_media":139232,"comment_status":"closed","ping_status":"closed","sticky":false,"template":"","format":"standard","meta":{"_acf_changed":false,"inline_featured_image":false,"_jetpack_memberships_contains_paid_content":false,"footnotes":""},"categories":[29,21],"tags":[],"people":[],"extra":[43],"company":[211],"topic":[332],"region":[277],"class_list":["post-139231","post","type-post","status-publish","format-standard","has-post-thumbnail","hentry","category-maison-deco","category-wonen","extra-plus","company-ikea","topic-restructuration","region-chine"],"acf":[],"yoast_head":"<!-- This site is optimized with the Yoast SEO plugin v27.3 - https:\/\/yoast.com\/product\/yoast-seo-wordpress\/ -->\n<title>Petits magasins, canaux num\u00e9riques : comment Ikea change de cap en Chine - RetailDetail BE<\/title>\n<meta name=\"description\" content=\"Ikea va fermer sept magasins physiques en Chine le mois prochain, mais pr\u00e9voit \u00e9galement d&#039;ouvrir au moins dix magasins plus petits.\" \/>\n<meta name=\"robots\" content=\"index, follow, max-snippet:-1, max-image-preview:large, max-video-preview:-1\" \/>\n<link rel=\"canonical\" href=\"https:\/\/www.retaildetail.be\/fr\/news\/maison-deco\/petits-magasins-canaux-numeriques-comment-ikea-change-de-cap-en-chine\/\" \/>\n<meta property=\"og:locale\" content=\"fr_FR\" \/>\n<meta property=\"og:type\" content=\"article\" \/>\n<meta property=\"og:title\" content=\"Petits magasins, canaux num\u00e9riques : comment Ikea change de cap en Chine - RetailDetail BE\" \/>\n<meta property=\"og:description\" content=\"Ikea va fermer sept magasins physiques en Chine le mois prochain, mais pr\u00e9voit \u00e9galement d&#039;ouvrir au moins dix magasins plus petits.\" \/>\n<meta property=\"og:url\" content=\"https:\/\/www.retaildetail.be\/fr\/news\/maison-deco\/petits-magasins-canaux-numeriques-comment-ikea-change-de-cap-en-chine\/\" \/>\n<meta property=\"og:site_name\" content=\"RetailDetail BE\" \/>\n<meta property=\"article:published_time\" content=\"2026-01-07T09:58:49+00:00\" \/>\n<meta property=\"article:modified_time\" content=\"2026-01-07T09:58:51+00:00\" \/>\n<meta property=\"og:image\" content=\"https:\/\/www.retaildetail.be\/wp-content\/uploads\/2026\/01\/Ikea_10.jpg\" \/>\n\t<meta property=\"og:image:width\" content=\"1000\" \/>\n\t<meta property=\"og:image:height\" content=\"563\" \/>\n\t<meta property=\"og:image:type\" content=\"image\/jpeg\" \/>\n<meta name=\"author\" content=\"Stefan Van Rompaey\" \/>\n<meta name=\"twitter:card\" content=\"summary_large_image\" \/>\n<meta name=\"twitter:label1\" content=\"\u00c9crit par\" \/>\n\t<meta name=\"twitter:data1\" content=\"Stefan Van Rompaey\" \/>\n\t<meta name=\"twitter:label2\" content=\"Dur\u00e9e de lecture estim\u00e9e\" \/>\n\t<meta name=\"twitter:data2\" content=\"2 minutes\" \/>\n<script type=\"application\/ld+json\" class=\"yoast-schema-graph\">{\"@context\":\"https:\\\/\\\/schema.org\",\"@graph\":[{\"@type\":\"NewsArticle\",\"@id\":\"https:\\\/\\\/www.retaildetail.be\\\/fr\\\/news\\\/maison-deco\\\/petits-magasins-canaux-numeriques-comment-ikea-change-de-cap-en-chine\\\/#article\",\"isPartOf\":{\"@id\":\"https:\\\/\\\/www.retaildetail.be\\\/fr\\\/news\\\/maison-deco\\\/petits-magasins-canaux-numeriques-comment-ikea-change-de-cap-en-chine\\\/\"},\"author\":{\"name\":\"Stefan Van Rompaey\",\"@id\":\"https:\\\/\\\/www.retaildetail.be\\\/nl\\\/#\\\/schema\\\/person\\\/51aec6069c4416aa2f68b2e4ff3455df\"},\"headline\":\"Petits magasins, canaux num\u00e9riques : comment Ikea change de cap en Chine\",\"datePublished\":\"2026-01-07T09:58:49+00:00\",\"dateModified\":\"2026-01-07T09:58:51+00:00\",\"mainEntityOfPage\":{\"@id\":\"https:\\\/\\\/www.retaildetail.be\\\/fr\\\/news\\\/maison-deco\\\/petits-magasins-canaux-numeriques-comment-ikea-change-de-cap-en-chine\\\/\"},\"wordCount\":339,\"publisher\":{\"@id\":\"https:\\\/\\\/www.retaildetail.be\\\/nl\\\/#organization\"},\"image\":{\"@id\":\"https:\\\/\\\/www.retaildetail.be\\\/fr\\\/news\\\/maison-deco\\\/petits-magasins-canaux-numeriques-comment-ikea-change-de-cap-en-chine\\\/#primaryimage\"},\"thumbnailUrl\":\"https:\\\/\\\/www.retaildetail.be\\\/wp-content\\\/uploads\\\/2026\\\/01\\\/Ikea_10.jpg\",\"articleSection\":[\"Maison &amp; D\u00e9co\",\"Wonen\"],\"inLanguage\":\"fr-FR\",\"copyrightYear\":\"2026\",\"copyrightHolder\":{\"@id\":\"https:\\\/\\\/www.retaildetail.be\\\/#organization\"}},{\"@type\":\"WebPage\",\"@id\":\"https:\\\/\\\/www.retaildetail.be\\\/fr\\\/news\\\/maison-deco\\\/petits-magasins-canaux-numeriques-comment-ikea-change-de-cap-en-chine\\\/\",\"url\":\"https:\\\/\\\/www.retaildetail.be\\\/fr\\\/news\\\/maison-deco\\\/petits-magasins-canaux-numeriques-comment-ikea-change-de-cap-en-chine\\\/\",\"name\":\"Petits magasins, canaux num\u00e9riques : comment Ikea change de cap en Chine - RetailDetail BE\",\"isPartOf\":{\"@id\":\"https:\\\/\\\/www.retaildetail.be\\\/nl\\\/#website\"},\"primaryImageOfPage\":{\"@id\":\"https:\\\/\\\/www.retaildetail.be\\\/fr\\\/news\\\/maison-deco\\\/petits-magasins-canaux-numeriques-comment-ikea-change-de-cap-en-chine\\\/#primaryimage\"},\"image\":{\"@id\":\"https:\\\/\\\/www.retaildetail.be\\\/fr\\\/news\\\/maison-deco\\\/petits-magasins-canaux-numeriques-comment-ikea-change-de-cap-en-chine\\\/#primaryimage\"},\"thumbnailUrl\":\"https:\\\/\\\/www.retaildetail.be\\\/wp-content\\\/uploads\\\/2026\\\/01\\\/Ikea_10.jpg\",\"datePublished\":\"2026-01-07T09:58:49+00:00\",\"dateModified\":\"2026-01-07T09:58:51+00:00\",\"description\":\"Ikea va fermer sept magasins physiques en Chine le mois prochain, mais pr\u00e9voit \u00e9galement d'ouvrir au moins dix magasins plus petits.\",\"breadcrumb\":{\"@id\":\"https:\\\/\\\/www.retaildetail.be\\\/fr\\\/news\\\/maison-deco\\\/petits-magasins-canaux-numeriques-comment-ikea-change-de-cap-en-chine\\\/#breadcrumb\"},\"inLanguage\":\"fr-FR\",\"potentialAction\":[{\"@type\":\"ReadAction\",\"target\":[\"https:\\\/\\\/www.retaildetail.be\\\/fr\\\/news\\\/maison-deco\\\/petits-magasins-canaux-numeriques-comment-ikea-change-de-cap-en-chine\\\/\"]}]},{\"@type\":\"ImageObject\",\"inLanguage\":\"fr-FR\",\"@id\":\"https:\\\/\\\/www.retaildetail.be\\\/fr\\\/news\\\/maison-deco\\\/petits-magasins-canaux-numeriques-comment-ikea-change-de-cap-en-chine\\\/#primaryimage\",\"url\":\"https:\\\/\\\/www.retaildetail.be\\\/wp-content\\\/uploads\\\/2026\\\/01\\\/Ikea_10.jpg\",\"contentUrl\":\"https:\\\/\\\/www.retaildetail.be\\\/wp-content\\\/uploads\\\/2026\\\/01\\\/Ikea_10.jpg\",\"width\":1000,\"height\":563},{\"@type\":\"BreadcrumbList\",\"@id\":\"https:\\\/\\\/www.retaildetail.be\\\/fr\\\/news\\\/maison-deco\\\/petits-magasins-canaux-numeriques-comment-ikea-change-de-cap-en-chine\\\/#breadcrumb\",\"itemListElement\":[{\"@type\":\"ListItem\",\"position\":1,\"name\":\"Home\",\"item\":\"https:\\\/\\\/www.retaildetail.be\\\/fr\\\/\"},{\"@type\":\"ListItem\",\"position\":2,\"name\":\"Petits magasins, canaux num\u00e9riques : comment Ikea change de cap en Chine\"}]},{\"@type\":\"WebSite\",\"@id\":\"https:\\\/\\\/www.retaildetail.be\\\/nl\\\/#website\",\"url\":\"https:\\\/\\\/www.retaildetail.be\\\/nl\\\/\",\"name\":\"RetailDetail BE\",\"description\":\"News\",\"publisher\":{\"@id\":\"https:\\\/\\\/www.retaildetail.be\\\/nl\\\/#organization\"},\"potentialAction\":[{\"@type\":\"SearchAction\",\"target\":{\"@type\":\"EntryPoint\",\"urlTemplate\":\"https:\\\/\\\/www.retaildetail.be\\\/nl\\\/?s={search_term_string}\"},\"query-input\":{\"@type\":\"PropertyValueSpecification\",\"valueRequired\":true,\"valueName\":\"search_term_string\"}}],\"inLanguage\":\"fr-FR\"},{\"@type\":\"Organization\",\"@id\":\"https:\\\/\\\/www.retaildetail.be\\\/nl\\\/#organization\",\"name\":\"RetailDetail BE\",\"url\":\"https:\\\/\\\/www.retaildetail.be\\\/nl\\\/\",\"logo\":{\"@type\":\"ImageObject\",\"inLanguage\":\"fr-FR\",\"@id\":\"https:\\\/\\\/www.retaildetail.be\\\/nl\\\/#\\\/schema\\\/logo\\\/image\\\/\",\"url\":\"https:\\\/\\\/www.retaildetail.be\\\/wp-content\\\/uploads\\\/2022\\\/04\\\/logo.svg\",\"contentUrl\":\"https:\\\/\\\/www.retaildetail.be\\\/wp-content\\\/uploads\\\/2022\\\/04\\\/logo.svg\",\"width\":131,\"height\":70,\"caption\":\"RetailDetail BE\"},\"image\":{\"@id\":\"https:\\\/\\\/www.retaildetail.be\\\/nl\\\/#\\\/schema\\\/logo\\\/image\\\/\"}},{\"@type\":\"Person\",\"@id\":\"https:\\\/\\\/www.retaildetail.be\\\/nl\\\/#\\\/schema\\\/person\\\/51aec6069c4416aa2f68b2e4ff3455df\",\"name\":\"Stefan Van Rompaey\",\"image\":{\"@type\":\"ImageObject\",\"inLanguage\":\"fr-FR\",\"@id\":\"https:\\\/\\\/secure.gravatar.com\\\/avatar\\\/fbbb4a80a0f109888b2a5ab8ae255617499ecde533749b3ab2fa6c23b5d65dac?s=96&d=mm&r=g\",\"url\":\"https:\\\/\\\/secure.gravatar.com\\\/avatar\\\/fbbb4a80a0f109888b2a5ab8ae255617499ecde533749b3ab2fa6c23b5d65dac?s=96&d=mm&r=g\",\"contentUrl\":\"https:\\\/\\\/secure.gravatar.com\\\/avatar\\\/fbbb4a80a0f109888b2a5ab8ae255617499ecde533749b3ab2fa6c23b5d65dac?s=96&d=mm&r=g\",\"caption\":\"Stefan Van Rompaey\"},\"url\":\"https:\\\/\\\/www.retaildetail.be\\\/fr\\\/author\\\/stefanvanrompaey\\\/\"}]}<\/script>\n<!-- \/ Yoast SEO plugin. -->","yoast_head_json":{"title":"Petits magasins, canaux num\u00e9riques : comment Ikea change de cap en Chine - RetailDetail BE","description":"Ikea va fermer sept magasins physiques en Chine le mois prochain, mais pr\u00e9voit \u00e9galement d'ouvrir au moins dix magasins plus petits.","robots":{"index":"index","follow":"follow","max-snippet":"max-snippet:-1","max-image-preview":"max-image-preview:large","max-video-preview":"max-video-preview:-1"},"canonical":"https:\/\/www.retaildetail.be\/fr\/news\/maison-deco\/petits-magasins-canaux-numeriques-comment-ikea-change-de-cap-en-chine\/","og_locale":"fr_FR","og_type":"article","og_title":"Petits magasins, canaux num\u00e9riques : comment Ikea change de cap en Chine - RetailDetail BE","og_description":"Ikea va fermer sept magasins physiques en Chine le mois prochain, mais pr\u00e9voit \u00e9galement d'ouvrir au moins dix magasins plus petits.","og_url":"https:\/\/www.retaildetail.be\/fr\/news\/maison-deco\/petits-magasins-canaux-numeriques-comment-ikea-change-de-cap-en-chine\/","og_site_name":"RetailDetail BE","article_published_time":"2026-01-07T09:58:49+00:00","article_modified_time":"2026-01-07T09:58:51+00:00","og_image":[{"width":1000,"height":563,"url":"https:\/\/www.retaildetail.be\/wp-content\/uploads\/2026\/01\/Ikea_10.jpg","type":"image\/jpeg"}],"author":"Stefan Van Rompaey","twitter_card":"summary_large_image","twitter_misc":{"\u00c9crit par":"Stefan Van Rompaey","Dur\u00e9e de lecture estim\u00e9e":"2 minutes"},"schema":{"@context":"https:\/\/schema.org","@graph":[{"@type":"NewsArticle","@id":"https:\/\/www.retaildetail.be\/fr\/news\/maison-deco\/petits-magasins-canaux-numeriques-comment-ikea-change-de-cap-en-chine\/#article","isPartOf":{"@id":"https:\/\/www.retaildetail.be\/fr\/news\/maison-deco\/petits-magasins-canaux-numeriques-comment-ikea-change-de-cap-en-chine\/"},"author":{"name":"Stefan Van Rompaey","@id":"https:\/\/www.retaildetail.be\/nl\/#\/schema\/person\/51aec6069c4416aa2f68b2e4ff3455df"},"headline":"Petits magasins, canaux num\u00e9riques : comment Ikea change de cap en Chine","datePublished":"2026-01-07T09:58:49+00:00","dateModified":"2026-01-07T09:58:51+00:00","mainEntityOfPage":{"@id":"https:\/\/www.retaildetail.be\/fr\/news\/maison-deco\/petits-magasins-canaux-numeriques-comment-ikea-change-de-cap-en-chine\/"},"wordCount":339,"publisher":{"@id":"https:\/\/www.retaildetail.be\/nl\/#organization"},"image":{"@id":"https:\/\/www.retaildetail.be\/fr\/news\/maison-deco\/petits-magasins-canaux-numeriques-comment-ikea-change-de-cap-en-chine\/#primaryimage"},"thumbnailUrl":"https:\/\/www.retaildetail.be\/wp-content\/uploads\/2026\/01\/Ikea_10.jpg","articleSection":["Maison &amp; D\u00e9co","Wonen"],"inLanguage":"fr-FR","copyrightYear":"2026","copyrightHolder":{"@id":"https:\/\/www.retaildetail.be\/#organization"}},{"@type":"WebPage","@id":"https:\/\/www.retaildetail.be\/fr\/news\/maison-deco\/petits-magasins-canaux-numeriques-comment-ikea-change-de-cap-en-chine\/","url":"https:\/\/www.retaildetail.be\/fr\/news\/maison-deco\/petits-magasins-canaux-numeriques-comment-ikea-change-de-cap-en-chine\/","name":"Petits magasins, canaux num\u00e9riques : comment Ikea change de cap en Chine - RetailDetail BE","isPartOf":{"@id":"https:\/\/www.retaildetail.be\/nl\/#website"},"primaryImageOfPage":{"@id":"https:\/\/www.retaildetail.be\/fr\/news\/maison-deco\/petits-magasins-canaux-numeriques-comment-ikea-change-de-cap-en-chine\/#primaryimage"},"image":{"@id":"https:\/\/www.retaildetail.be\/fr\/news\/maison-deco\/petits-magasins-canaux-numeriques-comment-ikea-change-de-cap-en-chine\/#primaryimage"},"thumbnailUrl":"https:\/\/www.retaildetail.be\/wp-content\/uploads\/2026\/01\/Ikea_10.jpg","datePublished":"2026-01-07T09:58:49+00:00","dateModified":"2026-01-07T09:58:51+00:00","description":"Ikea va fermer sept magasins physiques en Chine le mois prochain, mais pr\u00e9voit \u00e9galement d'ouvrir au moins dix magasins plus petits.","breadcrumb":{"@id":"https:\/\/www.retaildetail.be\/fr\/news\/maison-deco\/petits-magasins-canaux-numeriques-comment-ikea-change-de-cap-en-chine\/#breadcrumb"},"inLanguage":"fr-FR","potentialAction":[{"@type":"ReadAction","target":["https:\/\/www.retaildetail.be\/fr\/news\/maison-deco\/petits-magasins-canaux-numeriques-comment-ikea-change-de-cap-en-chine\/"]}]},{"@type":"ImageObject","inLanguage":"fr-FR","@id":"https:\/\/www.retaildetail.be\/fr\/news\/maison-deco\/petits-magasins-canaux-numeriques-comment-ikea-change-de-cap-en-chine\/#primaryimage","url":"https:\/\/www.retaildetail.be\/wp-content\/uploads\/2026\/01\/Ikea_10.jpg","contentUrl":"https:\/\/www.retaildetail.be\/wp-content\/uploads\/2026\/01\/Ikea_10.jpg","width":1000,"height":563},{"@type":"BreadcrumbList","@id":"https:\/\/www.retaildetail.be\/fr\/news\/maison-deco\/petits-magasins-canaux-numeriques-comment-ikea-change-de-cap-en-chine\/#breadcrumb","itemListElement":[{"@type":"ListItem","position":1,"name":"Home","item":"https:\/\/www.retaildetail.be\/fr\/"},{"@type":"ListItem","position":2,"name":"Petits magasins, canaux num\u00e9riques : comment Ikea change de cap en Chine"}]},{"@type":"WebSite","@id":"https:\/\/www.retaildetail.be\/nl\/#website","url":"https:\/\/www.retaildetail.be\/nl\/","name":"RetailDetail BE","description":"News","publisher":{"@id":"https:\/\/www.retaildetail.be\/nl\/#organization"},"potentialAction":[{"@type":"SearchAction","target":{"@type":"EntryPoint","urlTemplate":"https:\/\/www.retaildetail.be\/nl\/?s={search_term_string}"},"query-input":{"@type":"PropertyValueSpecification","valueRequired":true,"valueName":"search_term_string"}}],"inLanguage":"fr-FR"},{"@type":"Organization","@id":"https:\/\/www.retaildetail.be\/nl\/#organization","name":"RetailDetail BE","url":"https:\/\/www.retaildetail.be\/nl\/","logo":{"@type":"ImageObject","inLanguage":"fr-FR","@id":"https:\/\/www.retaildetail.be\/nl\/#\/schema\/logo\/image\/","url":"https:\/\/www.retaildetail.be\/wp-content\/uploads\/2022\/04\/logo.svg","contentUrl":"https:\/\/www.retaildetail.be\/wp-content\/uploads\/2022\/04\/logo.svg","width":131,"height":70,"caption":"RetailDetail BE"},"image":{"@id":"https:\/\/www.retaildetail.be\/nl\/#\/schema\/logo\/image\/"}},{"@type":"Person","@id":"https:\/\/www.retaildetail.be\/nl\/#\/schema\/person\/51aec6069c4416aa2f68b2e4ff3455df","name":"Stefan Van Rompaey","image":{"@type":"ImageObject","inLanguage":"fr-FR","@id":"https:\/\/secure.gravatar.com\/avatar\/fbbb4a80a0f109888b2a5ab8ae255617499ecde533749b3ab2fa6c23b5d65dac?s=96&d=mm&r=g","url":"https:\/\/secure.gravatar.com\/avatar\/fbbb4a80a0f109888b2a5ab8ae255617499ecde533749b3ab2fa6c23b5d65dac?s=96&d=mm&r=g","contentUrl":"https:\/\/secure.gravatar.com\/avatar\/fbbb4a80a0f109888b2a5ab8ae255617499ecde533749b3ab2fa6c23b5d65dac?s=96&d=mm&r=g","caption":"Stefan Van Rompaey"},"url":"https:\/\/www.retaildetail.be\/fr\/author\/stefanvanrompaey\/"}]}},"jetpack_featured_media_url":"https:\/\/www.retaildetail.be\/wp-content\/uploads\/2026\/01\/Ikea_10.jpg","jetpack_sharing_enabled":true,"_links":{"self":[{"href":"https:\/\/www.retaildetail.be\/fr\/wp-json\/wp\/v2\/posts\/139231","targetHints":{"allow":["GET"]}}],"collection":[{"href":"https:\/\/www.retaildetail.be\/fr\/wp-json\/wp\/v2\/posts"}],"about":[{"href":"https:\/\/www.retaildetail.be\/fr\/wp-json\/wp\/v2\/types\/post"}],"author":[{"embeddable":true,"href":"https:\/\/www.retaildetail.be\/fr\/wp-json\/wp\/v2\/users\/3"}],"replies":[{"embeddable":true,"href":"https:\/\/www.retaildetail.be\/fr\/wp-json\/wp\/v2\/comments?post=139231"}],"version-history":[{"count":1,"href":"https:\/\/www.retaildetail.be\/fr\/wp-json\/wp\/v2\/posts\/139231\/revisions"}],"predecessor-version":[{"id":139234,"href":"https:\/\/www.retaildetail.be\/fr\/wp-json\/wp\/v2\/posts\/139231\/revisions\/139234"}],"wp:featuredmedia":[{"embeddable":true,"href":"https:\/\/www.retaildetail.be\/fr\/wp-json\/wp\/v2\/media\/139232"}],"wp:attachment":[{"href":"https:\/\/www.retaildetail.be\/fr\/wp-json\/wp\/v2\/media?parent=139231"}],"wp:term":[{"taxonomy":"category","embeddable":true,"href":"https:\/\/www.retaildetail.be\/fr\/wp-json\/wp\/v2\/categories?post=139231"},{"taxonomy":"post_tag","embeddable":true,"href":"https:\/\/www.retaildetail.be\/fr\/wp-json\/wp\/v2\/tags?post=139231"},{"taxonomy":"people","embeddable":true,"href":"https:\/\/www.retaildetail.be\/fr\/wp-json\/wp\/v2\/people?post=139231"},{"taxonomy":"extra","embeddable":true,"href":"https:\/\/www.retaildetail.be\/fr\/wp-json\/wp\/v2\/extra?post=139231"},{"taxonomy":"company","embeddable":true,"href":"https:\/\/www.retaildetail.be\/fr\/wp-json\/wp\/v2\/company?post=139231"},{"taxonomy":"topic","embeddable":true,"href":"https:\/\/www.retaildetail.be\/fr\/wp-json\/wp\/v2\/topic?post=139231"},{"taxonomy":"region","embeddable":true,"href":"https:\/\/www.retaildetail.be\/fr\/wp-json\/wp\/v2\/region?post=139231"}],"curies":[{"name":"wp","href":"https:\/\/api.w.org\/{rel}","templated":true}]}}