{"id":139400,"date":"2026-01-08T12:51:44","date_gmt":"2026-01-08T11:51:44","guid":{"rendered":"https:\/\/www.retaildetail.be\/?p=139400"},"modified":"2026-01-08T12:51:47","modified_gmt":"2026-01-08T11:51:47","slug":"colruyt-reagit-a-la-comparaison-des-prix-effectuee-par-delhaize-135-euro-moins-cher","status":"publish","type":"post","link":"https:\/\/www.retaildetail.be\/fr\/news\/food\/colruyt-reagit-a-la-comparaison-des-prix-effectuee-par-delhaize-135-euro-moins-cher\/","title":{"rendered":"Colruyt r\u00e9agit \u00e0 la comparaison des prix effectu\u00e9e par Delhaize : \u00ab 1,35 euro moins cher \u00bb"},"content":{"rendered":"\n<p>Dans la comparaison de prix remarquable publi\u00e9e jeudi matin par <strong>Delhaize<\/strong>, <strong>Colruyt <\/strong>n&rsquo;a pas \u00e9t\u00e9 pris en compte. Le d\u00e9taillant trouve cela \u00ab regrettable \u00bb et a donc calcul\u00e9 lui-m\u00eame les diff\u00e9rences de prix.<\/p>\n\n\n\n<h2 class=\"wp-block-heading\">\u00ab Le caddie Delhaize co\u00fbte 11,55 % plus cher \u00bb<\/h2>\n\n\n\n<p>Dans des annonces publi\u00e9es dans les journaux, Delhaize compare les prix de 31 produits de base de sa marque maison <a href=\"https:\/\/www.retaildetail.be\/fr\/news\/food\/delhaize-compare-ses-prix-a-ceux-de-lidl-carrefour-et-intermarche-afin-de-briser-les-perceptions-erronees\/\">avec ceux de Carrefour, Lidl et Intermarch\u00e9<\/a>, mais pas avec ceux de Colruyt Laagste Prijzen. C&rsquo;est pourquoi le leader du march\u00e9 s&rsquo;est mis lui-m\u00eame au travail : la r\u00e9daction de RetailDetail a re\u00e7u une feuille Excel indiquant, pour chaque produit, la diff\u00e9rence de prix entre les marques maison de Colruyt et celles de Delhaize et des autres cha\u00eenes.<\/p>\n\n\n\n<p>\u00ab Dans la comparaison concr\u00e8te pr\u00e9sent\u00e9e dans le prospectus de Delhaize, les marques maison Delhaize des produits r\u00e9pertori\u00e9s sont au total encore 1,35 euro plus ch\u00e8res que toutes les marques maison Colruyt r\u00e9unies \u00bb, explique la porte-parole Maria Clara Geurs. Concr\u00e8tement, le ticket de caisse chez Colruyt s&rsquo;\u00e9l\u00e8ve \u00e0 45,10 euros, contre 46,45 euros chez Delhaize, 46,57 euros chez Lidl, 52,30 euros chez Carrefour et 48,41 euros chez Intermarch\u00e9.<\/p>\n\n\n\n<p>\u00ab Fin 2025, selon nos propres relev\u00e9s de prix, un caddie complet chez Delhaize co\u00fbtait pas moins de 11,55 % plus cher que chez Colruyt, chez Carrefour, la diff\u00e9rence \u00e9tait de 12,47 % et chez Lidl, de 6,32 % \u00bb, ajoute l&rsquo;entreprise.<\/p>\n","protected":false},"excerpt":{"rendered":"<p>Dans la comparaison de prix remarquable publi\u00e9e jeudi matin par Delhaize, Colruyt n&rsquo;a pas \u00e9t\u00e9 pris en compte. Le d\u00e9taillant trouve cela \u00ab regrettable \u00bb et a donc calcul\u00e9 lui-m\u00eame les diff\u00e9rences de prix. <\/p>\n","protected":false},"author":3,"featured_media":139401,"comment_status":"closed","ping_status":"closed","sticky":false,"template":"","format":"standard","meta":{"_acf_changed":false,"inline_featured_image":false,"_jetpack_memberships_contains_paid_content":false,"footnotes":""},"categories":[18,24],"tags":[],"people":[],"extra":[],"company":[201,196],"topic":[767],"region":[226],"class_list":{"0":"post-139400","1":"post","2":"type-post","3":"status-publish","4":"format-standard","5":"has-post-thumbnail","6":"hentry","7":"category-food","9":"company-colruyt","10":"company-delhaize","11":"topic-concurrence-des-prix","12":"region-belgique"},"acf":[],"yoast_head":"<!-- This site is optimized with the Yoast SEO plugin v27.3 - https:\/\/yoast.com\/product\/yoast-seo-wordpress\/ -->\n<title>Colruyt r\u00e9agit \u00e0 la comparaison des prix effectu\u00e9e par Delhaize : \u00ab 1,35 euro moins cher \u00bb - RetailDetail BE<\/title>\n<meta name=\"description\" content=\"Dans la comparaison de prix remarquable publi\u00e9e jeudi matin par Delhaize, Colruyt n&#039;a pas \u00e9t\u00e9 pris en compte. Le d\u00e9taillant a donc calcul\u00e9 lui-m\u00eame les diff\u00e9rences de prix.\" \/>\n<meta name=\"robots\" content=\"index, follow, max-snippet:-1, max-image-preview:large, max-video-preview:-1\" \/>\n<link rel=\"canonical\" href=\"https:\/\/www.retaildetail.be\/fr\/news\/food\/colruyt-reagit-a-la-comparaison-des-prix-effectuee-par-delhaize-135-euro-moins-cher\/\" \/>\n<meta property=\"og:locale\" content=\"fr_FR\" \/>\n<meta property=\"og:type\" content=\"article\" \/>\n<meta property=\"og:title\" content=\"Colruyt r\u00e9agit \u00e0 la comparaison des prix effectu\u00e9e par Delhaize : \u00ab 1,35 euro moins cher \u00bb - RetailDetail BE\" \/>\n<meta property=\"og:description\" content=\"Dans la comparaison de prix remarquable publi\u00e9e jeudi matin par Delhaize, Colruyt n&#039;a pas \u00e9t\u00e9 pris en compte. Le d\u00e9taillant a donc calcul\u00e9 lui-m\u00eame les diff\u00e9rences de prix.\" \/>\n<meta property=\"og:url\" content=\"https:\/\/www.retaildetail.be\/fr\/news\/food\/colruyt-reagit-a-la-comparaison-des-prix-effectuee-par-delhaize-135-euro-moins-cher\/\" \/>\n<meta property=\"og:site_name\" content=\"RetailDetail BE\" \/>\n<meta property=\"article:published_time\" content=\"2026-01-08T11:51:44+00:00\" \/>\n<meta property=\"article:modified_time\" content=\"2026-01-08T11:51:47+00:00\" \/>\n<meta property=\"og:image\" content=\"https:\/\/www.retaildetail.be\/wp-content\/uploads\/2026\/01\/beeldCLP-1.png\" \/>\n\t<meta property=\"og:image:width\" content=\"720\" \/>\n\t<meta property=\"og:image:height\" content=\"432\" \/>\n\t<meta property=\"og:image:type\" content=\"image\/png\" \/>\n<meta name=\"author\" content=\"Stefan Van Rompaey\" \/>\n<meta name=\"twitter:card\" content=\"summary_large_image\" \/>\n<meta name=\"twitter:label1\" content=\"\u00c9crit par\" \/>\n\t<meta name=\"twitter:data1\" content=\"Stefan Van Rompaey\" \/>\n\t<meta name=\"twitter:label2\" content=\"Dur\u00e9e de lecture estim\u00e9e\" \/>\n\t<meta name=\"twitter:data2\" content=\"1 minute\" \/>\n<script type=\"application\/ld+json\" class=\"yoast-schema-graph\">{\"@context\":\"https:\\\/\\\/schema.org\",\"@graph\":[{\"@type\":\"NewsArticle\",\"@id\":\"https:\\\/\\\/www.retaildetail.be\\\/fr\\\/news\\\/food\\\/colruyt-reagit-a-la-comparaison-des-prix-effectuee-par-delhaize-135-euro-moins-cher\\\/#article\",\"isPartOf\":{\"@id\":\"https:\\\/\\\/www.retaildetail.be\\\/fr\\\/news\\\/food\\\/colruyt-reagit-a-la-comparaison-des-prix-effectuee-par-delhaize-135-euro-moins-cher\\\/\"},\"author\":{\"name\":\"Stefan Van Rompaey\",\"@id\":\"https:\\\/\\\/www.retaildetail.be\\\/nl\\\/#\\\/schema\\\/person\\\/51aec6069c4416aa2f68b2e4ff3455df\"},\"headline\":\"Colruyt r\u00e9agit \u00e0 la comparaison des prix effectu\u00e9e par Delhaize : \u00ab 1,35 euro moins cher \u00bb\",\"datePublished\":\"2026-01-08T11:51:44+00:00\",\"dateModified\":\"2026-01-08T11:51:47+00:00\",\"mainEntityOfPage\":{\"@id\":\"https:\\\/\\\/www.retaildetail.be\\\/fr\\\/news\\\/food\\\/colruyt-reagit-a-la-comparaison-des-prix-effectuee-par-delhaize-135-euro-moins-cher\\\/\"},\"wordCount\":249,\"publisher\":{\"@id\":\"https:\\\/\\\/www.retaildetail.be\\\/nl\\\/#organization\"},\"image\":{\"@id\":\"https:\\\/\\\/www.retaildetail.be\\\/fr\\\/news\\\/food\\\/colruyt-reagit-a-la-comparaison-des-prix-effectuee-par-delhaize-135-euro-moins-cher\\\/#primaryimage\"},\"thumbnailUrl\":\"https:\\\/\\\/www.retaildetail.be\\\/wp-content\\\/uploads\\\/2026\\\/01\\\/beeldCLP-1.png\",\"articleSection\":[\"Food\",\"Food\"],\"inLanguage\":\"fr-FR\",\"copyrightYear\":\"2026\",\"copyrightHolder\":{\"@id\":\"https:\\\/\\\/www.retaildetail.be\\\/#organization\"}},{\"@type\":\"WebPage\",\"@id\":\"https:\\\/\\\/www.retaildetail.be\\\/fr\\\/news\\\/food\\\/colruyt-reagit-a-la-comparaison-des-prix-effectuee-par-delhaize-135-euro-moins-cher\\\/\",\"url\":\"https:\\\/\\\/www.retaildetail.be\\\/fr\\\/news\\\/food\\\/colruyt-reagit-a-la-comparaison-des-prix-effectuee-par-delhaize-135-euro-moins-cher\\\/\",\"name\":\"Colruyt r\u00e9agit \u00e0 la comparaison des prix effectu\u00e9e par Delhaize : \u00ab 1,35 euro moins cher \u00bb - RetailDetail BE\",\"isPartOf\":{\"@id\":\"https:\\\/\\\/www.retaildetail.be\\\/nl\\\/#website\"},\"primaryImageOfPage\":{\"@id\":\"https:\\\/\\\/www.retaildetail.be\\\/fr\\\/news\\\/food\\\/colruyt-reagit-a-la-comparaison-des-prix-effectuee-par-delhaize-135-euro-moins-cher\\\/#primaryimage\"},\"image\":{\"@id\":\"https:\\\/\\\/www.retaildetail.be\\\/fr\\\/news\\\/food\\\/colruyt-reagit-a-la-comparaison-des-prix-effectuee-par-delhaize-135-euro-moins-cher\\\/#primaryimage\"},\"thumbnailUrl\":\"https:\\\/\\\/www.retaildetail.be\\\/wp-content\\\/uploads\\\/2026\\\/01\\\/beeldCLP-1.png\",\"datePublished\":\"2026-01-08T11:51:44+00:00\",\"dateModified\":\"2026-01-08T11:51:47+00:00\",\"description\":\"Dans la comparaison de prix remarquable publi\u00e9e jeudi matin par Delhaize, Colruyt n'a pas \u00e9t\u00e9 pris en compte. Le d\u00e9taillant a donc calcul\u00e9 lui-m\u00eame les diff\u00e9rences de prix.\",\"breadcrumb\":{\"@id\":\"https:\\\/\\\/www.retaildetail.be\\\/fr\\\/news\\\/food\\\/colruyt-reagit-a-la-comparaison-des-prix-effectuee-par-delhaize-135-euro-moins-cher\\\/#breadcrumb\"},\"inLanguage\":\"fr-FR\",\"potentialAction\":[{\"@type\":\"ReadAction\",\"target\":[\"https:\\\/\\\/www.retaildetail.be\\\/fr\\\/news\\\/food\\\/colruyt-reagit-a-la-comparaison-des-prix-effectuee-par-delhaize-135-euro-moins-cher\\\/\"]}]},{\"@type\":\"ImageObject\",\"inLanguage\":\"fr-FR\",\"@id\":\"https:\\\/\\\/www.retaildetail.be\\\/fr\\\/news\\\/food\\\/colruyt-reagit-a-la-comparaison-des-prix-effectuee-par-delhaize-135-euro-moins-cher\\\/#primaryimage\",\"url\":\"https:\\\/\\\/www.retaildetail.be\\\/wp-content\\\/uploads\\\/2026\\\/01\\\/beeldCLP-1.png\",\"contentUrl\":\"https:\\\/\\\/www.retaildetail.be\\\/wp-content\\\/uploads\\\/2026\\\/01\\\/beeldCLP-1.png\",\"width\":720,\"height\":432,\"caption\":\"Colruyt Group\"},{\"@type\":\"BreadcrumbList\",\"@id\":\"https:\\\/\\\/www.retaildetail.be\\\/fr\\\/news\\\/food\\\/colruyt-reagit-a-la-comparaison-des-prix-effectuee-par-delhaize-135-euro-moins-cher\\\/#breadcrumb\",\"itemListElement\":[{\"@type\":\"ListItem\",\"position\":1,\"name\":\"Home\",\"item\":\"https:\\\/\\\/www.retaildetail.be\\\/fr\\\/\"},{\"@type\":\"ListItem\",\"position\":2,\"name\":\"Colruyt r\u00e9agit \u00e0 la comparaison des prix effectu\u00e9e par Delhaize : \u00ab 1,35 euro moins cher \u00bb\"}]},{\"@type\":\"WebSite\",\"@id\":\"https:\\\/\\\/www.retaildetail.be\\\/nl\\\/#website\",\"url\":\"https:\\\/\\\/www.retaildetail.be\\\/nl\\\/\",\"name\":\"RetailDetail BE\",\"description\":\"News\",\"publisher\":{\"@id\":\"https:\\\/\\\/www.retaildetail.be\\\/nl\\\/#organization\"},\"potentialAction\":[{\"@type\":\"SearchAction\",\"target\":{\"@type\":\"EntryPoint\",\"urlTemplate\":\"https:\\\/\\\/www.retaildetail.be\\\/nl\\\/?s={search_term_string}\"},\"query-input\":{\"@type\":\"PropertyValueSpecification\",\"valueRequired\":true,\"valueName\":\"search_term_string\"}}],\"inLanguage\":\"fr-FR\"},{\"@type\":\"Organization\",\"@id\":\"https:\\\/\\\/www.retaildetail.be\\\/nl\\\/#organization\",\"name\":\"RetailDetail BE\",\"url\":\"https:\\\/\\\/www.retaildetail.be\\\/nl\\\/\",\"logo\":{\"@type\":\"ImageObject\",\"inLanguage\":\"fr-FR\",\"@id\":\"https:\\\/\\\/www.retaildetail.be\\\/nl\\\/#\\\/schema\\\/logo\\\/image\\\/\",\"url\":\"https:\\\/\\\/www.retaildetail.be\\\/wp-content\\\/uploads\\\/2022\\\/04\\\/logo.svg\",\"contentUrl\":\"https:\\\/\\\/www.retaildetail.be\\\/wp-content\\\/uploads\\\/2022\\\/04\\\/logo.svg\",\"width\":131,\"height\":70,\"caption\":\"RetailDetail BE\"},\"image\":{\"@id\":\"https:\\\/\\\/www.retaildetail.be\\\/nl\\\/#\\\/schema\\\/logo\\\/image\\\/\"}},{\"@type\":\"Person\",\"@id\":\"https:\\\/\\\/www.retaildetail.be\\\/nl\\\/#\\\/schema\\\/person\\\/51aec6069c4416aa2f68b2e4ff3455df\",\"name\":\"Stefan Van Rompaey\",\"image\":{\"@type\":\"ImageObject\",\"inLanguage\":\"fr-FR\",\"@id\":\"https:\\\/\\\/secure.gravatar.com\\\/avatar\\\/fbbb4a80a0f109888b2a5ab8ae255617499ecde533749b3ab2fa6c23b5d65dac?s=96&d=mm&r=g\",\"url\":\"https:\\\/\\\/secure.gravatar.com\\\/avatar\\\/fbbb4a80a0f109888b2a5ab8ae255617499ecde533749b3ab2fa6c23b5d65dac?s=96&d=mm&r=g\",\"contentUrl\":\"https:\\\/\\\/secure.gravatar.com\\\/avatar\\\/fbbb4a80a0f109888b2a5ab8ae255617499ecde533749b3ab2fa6c23b5d65dac?s=96&d=mm&r=g\",\"caption\":\"Stefan Van Rompaey\"},\"url\":\"https:\\\/\\\/www.retaildetail.be\\\/fr\\\/author\\\/stefanvanrompaey\\\/\"}]}<\/script>\n<!-- \/ Yoast SEO plugin. -->","yoast_head_json":{"title":"Colruyt r\u00e9agit \u00e0 la comparaison des prix effectu\u00e9e par Delhaize : \u00ab 1,35 euro moins cher \u00bb - RetailDetail BE","description":"Dans la comparaison de prix remarquable publi\u00e9e jeudi matin par Delhaize, Colruyt n'a pas \u00e9t\u00e9 pris en compte. Le d\u00e9taillant a donc calcul\u00e9 lui-m\u00eame les diff\u00e9rences de prix.","robots":{"index":"index","follow":"follow","max-snippet":"max-snippet:-1","max-image-preview":"max-image-preview:large","max-video-preview":"max-video-preview:-1"},"canonical":"https:\/\/www.retaildetail.be\/fr\/news\/food\/colruyt-reagit-a-la-comparaison-des-prix-effectuee-par-delhaize-135-euro-moins-cher\/","og_locale":"fr_FR","og_type":"article","og_title":"Colruyt r\u00e9agit \u00e0 la comparaison des prix effectu\u00e9e par Delhaize : \u00ab 1,35 euro moins cher \u00bb - RetailDetail BE","og_description":"Dans la comparaison de prix remarquable publi\u00e9e jeudi matin par Delhaize, Colruyt n'a pas \u00e9t\u00e9 pris en compte. Le d\u00e9taillant a donc calcul\u00e9 lui-m\u00eame les diff\u00e9rences de prix.","og_url":"https:\/\/www.retaildetail.be\/fr\/news\/food\/colruyt-reagit-a-la-comparaison-des-prix-effectuee-par-delhaize-135-euro-moins-cher\/","og_site_name":"RetailDetail BE","article_published_time":"2026-01-08T11:51:44+00:00","article_modified_time":"2026-01-08T11:51:47+00:00","og_image":[{"width":720,"height":432,"url":"https:\/\/www.retaildetail.be\/wp-content\/uploads\/2026\/01\/beeldCLP-1.png","type":"image\/png"}],"author":"Stefan Van Rompaey","twitter_card":"summary_large_image","twitter_misc":{"\u00c9crit par":"Stefan Van Rompaey","Dur\u00e9e de lecture estim\u00e9e":"1 minute"},"schema":{"@context":"https:\/\/schema.org","@graph":[{"@type":"NewsArticle","@id":"https:\/\/www.retaildetail.be\/fr\/news\/food\/colruyt-reagit-a-la-comparaison-des-prix-effectuee-par-delhaize-135-euro-moins-cher\/#article","isPartOf":{"@id":"https:\/\/www.retaildetail.be\/fr\/news\/food\/colruyt-reagit-a-la-comparaison-des-prix-effectuee-par-delhaize-135-euro-moins-cher\/"},"author":{"name":"Stefan Van Rompaey","@id":"https:\/\/www.retaildetail.be\/nl\/#\/schema\/person\/51aec6069c4416aa2f68b2e4ff3455df"},"headline":"Colruyt r\u00e9agit \u00e0 la comparaison des prix effectu\u00e9e par Delhaize : \u00ab 1,35 euro moins cher \u00bb","datePublished":"2026-01-08T11:51:44+00:00","dateModified":"2026-01-08T11:51:47+00:00","mainEntityOfPage":{"@id":"https:\/\/www.retaildetail.be\/fr\/news\/food\/colruyt-reagit-a-la-comparaison-des-prix-effectuee-par-delhaize-135-euro-moins-cher\/"},"wordCount":249,"publisher":{"@id":"https:\/\/www.retaildetail.be\/nl\/#organization"},"image":{"@id":"https:\/\/www.retaildetail.be\/fr\/news\/food\/colruyt-reagit-a-la-comparaison-des-prix-effectuee-par-delhaize-135-euro-moins-cher\/#primaryimage"},"thumbnailUrl":"https:\/\/www.retaildetail.be\/wp-content\/uploads\/2026\/01\/beeldCLP-1.png","articleSection":["Food","Food"],"inLanguage":"fr-FR","copyrightYear":"2026","copyrightHolder":{"@id":"https:\/\/www.retaildetail.be\/#organization"}},{"@type":"WebPage","@id":"https:\/\/www.retaildetail.be\/fr\/news\/food\/colruyt-reagit-a-la-comparaison-des-prix-effectuee-par-delhaize-135-euro-moins-cher\/","url":"https:\/\/www.retaildetail.be\/fr\/news\/food\/colruyt-reagit-a-la-comparaison-des-prix-effectuee-par-delhaize-135-euro-moins-cher\/","name":"Colruyt r\u00e9agit \u00e0 la comparaison des prix effectu\u00e9e par Delhaize : \u00ab 1,35 euro moins cher \u00bb - RetailDetail BE","isPartOf":{"@id":"https:\/\/www.retaildetail.be\/nl\/#website"},"primaryImageOfPage":{"@id":"https:\/\/www.retaildetail.be\/fr\/news\/food\/colruyt-reagit-a-la-comparaison-des-prix-effectuee-par-delhaize-135-euro-moins-cher\/#primaryimage"},"image":{"@id":"https:\/\/www.retaildetail.be\/fr\/news\/food\/colruyt-reagit-a-la-comparaison-des-prix-effectuee-par-delhaize-135-euro-moins-cher\/#primaryimage"},"thumbnailUrl":"https:\/\/www.retaildetail.be\/wp-content\/uploads\/2026\/01\/beeldCLP-1.png","datePublished":"2026-01-08T11:51:44+00:00","dateModified":"2026-01-08T11:51:47+00:00","description":"Dans la comparaison de prix remarquable publi\u00e9e jeudi matin par Delhaize, Colruyt n'a pas \u00e9t\u00e9 pris en compte. Le d\u00e9taillant a donc calcul\u00e9 lui-m\u00eame les diff\u00e9rences de prix.","breadcrumb":{"@id":"https:\/\/www.retaildetail.be\/fr\/news\/food\/colruyt-reagit-a-la-comparaison-des-prix-effectuee-par-delhaize-135-euro-moins-cher\/#breadcrumb"},"inLanguage":"fr-FR","potentialAction":[{"@type":"ReadAction","target":["https:\/\/www.retaildetail.be\/fr\/news\/food\/colruyt-reagit-a-la-comparaison-des-prix-effectuee-par-delhaize-135-euro-moins-cher\/"]}]},{"@type":"ImageObject","inLanguage":"fr-FR","@id":"https:\/\/www.retaildetail.be\/fr\/news\/food\/colruyt-reagit-a-la-comparaison-des-prix-effectuee-par-delhaize-135-euro-moins-cher\/#primaryimage","url":"https:\/\/www.retaildetail.be\/wp-content\/uploads\/2026\/01\/beeldCLP-1.png","contentUrl":"https:\/\/www.retaildetail.be\/wp-content\/uploads\/2026\/01\/beeldCLP-1.png","width":720,"height":432,"caption":"Colruyt Group"},{"@type":"BreadcrumbList","@id":"https:\/\/www.retaildetail.be\/fr\/news\/food\/colruyt-reagit-a-la-comparaison-des-prix-effectuee-par-delhaize-135-euro-moins-cher\/#breadcrumb","itemListElement":[{"@type":"ListItem","position":1,"name":"Home","item":"https:\/\/www.retaildetail.be\/fr\/"},{"@type":"ListItem","position":2,"name":"Colruyt r\u00e9agit \u00e0 la comparaison des prix effectu\u00e9e par Delhaize : \u00ab 1,35 euro moins cher \u00bb"}]},{"@type":"WebSite","@id":"https:\/\/www.retaildetail.be\/nl\/#website","url":"https:\/\/www.retaildetail.be\/nl\/","name":"RetailDetail BE","description":"News","publisher":{"@id":"https:\/\/www.retaildetail.be\/nl\/#organization"},"potentialAction":[{"@type":"SearchAction","target":{"@type":"EntryPoint","urlTemplate":"https:\/\/www.retaildetail.be\/nl\/?s={search_term_string}"},"query-input":{"@type":"PropertyValueSpecification","valueRequired":true,"valueName":"search_term_string"}}],"inLanguage":"fr-FR"},{"@type":"Organization","@id":"https:\/\/www.retaildetail.be\/nl\/#organization","name":"RetailDetail BE","url":"https:\/\/www.retaildetail.be\/nl\/","logo":{"@type":"ImageObject","inLanguage":"fr-FR","@id":"https:\/\/www.retaildetail.be\/nl\/#\/schema\/logo\/image\/","url":"https:\/\/www.retaildetail.be\/wp-content\/uploads\/2022\/04\/logo.svg","contentUrl":"https:\/\/www.retaildetail.be\/wp-content\/uploads\/2022\/04\/logo.svg","width":131,"height":70,"caption":"RetailDetail BE"},"image":{"@id":"https:\/\/www.retaildetail.be\/nl\/#\/schema\/logo\/image\/"}},{"@type":"Person","@id":"https:\/\/www.retaildetail.be\/nl\/#\/schema\/person\/51aec6069c4416aa2f68b2e4ff3455df","name":"Stefan Van Rompaey","image":{"@type":"ImageObject","inLanguage":"fr-FR","@id":"https:\/\/secure.gravatar.com\/avatar\/fbbb4a80a0f109888b2a5ab8ae255617499ecde533749b3ab2fa6c23b5d65dac?s=96&d=mm&r=g","url":"https:\/\/secure.gravatar.com\/avatar\/fbbb4a80a0f109888b2a5ab8ae255617499ecde533749b3ab2fa6c23b5d65dac?s=96&d=mm&r=g","contentUrl":"https:\/\/secure.gravatar.com\/avatar\/fbbb4a80a0f109888b2a5ab8ae255617499ecde533749b3ab2fa6c23b5d65dac?s=96&d=mm&r=g","caption":"Stefan Van Rompaey"},"url":"https:\/\/www.retaildetail.be\/fr\/author\/stefanvanrompaey\/"}]}},"jetpack_featured_media_url":"https:\/\/www.retaildetail.be\/wp-content\/uploads\/2026\/01\/beeldCLP-1.png","jetpack_sharing_enabled":true,"_links":{"self":[{"href":"https:\/\/www.retaildetail.be\/fr\/wp-json\/wp\/v2\/posts\/139400","targetHints":{"allow":["GET"]}}],"collection":[{"href":"https:\/\/www.retaildetail.be\/fr\/wp-json\/wp\/v2\/posts"}],"about":[{"href":"https:\/\/www.retaildetail.be\/fr\/wp-json\/wp\/v2\/types\/post"}],"author":[{"embeddable":true,"href":"https:\/\/www.retaildetail.be\/fr\/wp-json\/wp\/v2\/users\/3"}],"replies":[{"embeddable":true,"href":"https:\/\/www.retaildetail.be\/fr\/wp-json\/wp\/v2\/comments?post=139400"}],"version-history":[{"count":1,"href":"https:\/\/www.retaildetail.be\/fr\/wp-json\/wp\/v2\/posts\/139400\/revisions"}],"predecessor-version":[{"id":139403,"href":"https:\/\/www.retaildetail.be\/fr\/wp-json\/wp\/v2\/posts\/139400\/revisions\/139403"}],"wp:featuredmedia":[{"embeddable":true,"href":"https:\/\/www.retaildetail.be\/fr\/wp-json\/wp\/v2\/media\/139401"}],"wp:attachment":[{"href":"https:\/\/www.retaildetail.be\/fr\/wp-json\/wp\/v2\/media?parent=139400"}],"wp:term":[{"taxonomy":"category","embeddable":true,"href":"https:\/\/www.retaildetail.be\/fr\/wp-json\/wp\/v2\/categories?post=139400"},{"taxonomy":"post_tag","embeddable":true,"href":"https:\/\/www.retaildetail.be\/fr\/wp-json\/wp\/v2\/tags?post=139400"},{"taxonomy":"people","embeddable":true,"href":"https:\/\/www.retaildetail.be\/fr\/wp-json\/wp\/v2\/people?post=139400"},{"taxonomy":"extra","embeddable":true,"href":"https:\/\/www.retaildetail.be\/fr\/wp-json\/wp\/v2\/extra?post=139400"},{"taxonomy":"company","embeddable":true,"href":"https:\/\/www.retaildetail.be\/fr\/wp-json\/wp\/v2\/company?post=139400"},{"taxonomy":"topic","embeddable":true,"href":"https:\/\/www.retaildetail.be\/fr\/wp-json\/wp\/v2\/topic?post=139400"},{"taxonomy":"region","embeddable":true,"href":"https:\/\/www.retaildetail.be\/fr\/wp-json\/wp\/v2\/region?post=139400"}],"curies":[{"name":"wp","href":"https:\/\/api.w.org\/{rel}","templated":true}]}}