{"id":139732,"date":"2026-01-13T12:59:49","date_gmt":"2026-01-13T11:59:49","guid":{"rendered":"https:\/\/www.retaildetail.be\/?p=139732"},"modified":"2026-01-13T12:59:51","modified_gmt":"2026-01-13T11:59:51","slug":"lidl-passe-aux-roses-issues-du-commerce-equitable-en-belgique","status":"publish","type":"post","link":"https:\/\/www.retaildetail.be\/fr\/news\/food\/lidl-passe-aux-roses-issues-du-commerce-equitable-en-belgique\/","title":{"rendered":"Lidl passe aux roses issues du commerce \u00e9quitable en Belgique"},"content":{"rendered":"\n<p>Quiconque ach\u00e8te des roses chez <strong>Lidl<\/strong> opte automatiquement pour le commerce \u00e9quitable : dans tous les magasins belges du discounter, les roses portent d\u00e9sormais le label Fairtrade. Le d\u00e9taillant contribue ainsi \u00e0 des am\u00e9liorations structurelles dans les plantations.<\/p>\n\n\n\n<h2 class=\"wp-block-heading\">\u00ab Un signal fort \u00bb<\/h2>\n\n\n\n<p>Lidl Belgique passe enti\u00e8rement aux roses certifi\u00e9es dans tous ses magasins. Cette d\u00e9cision s&rsquo;inscrit dans le cadre de l&rsquo;engagement constant de Lidl en faveur du commerce \u00e9quitable, annonce le d\u00e9taillant dans un communiqu\u00e9 de presse. Avec plus de 8 millions de roses vendues chaque ann\u00e9e en Belgique, ce choix a un impact tangible sur le secteur floral international. Un prix minimum Fairtrade fixe et une prime suppl\u00e9mentaire permettent d&rsquo;am\u00e9liorer les conditions de travail, de promouvoir les possibilit\u00e9s d&rsquo;\u00e9ducation locale et d&rsquo;investir dans des m\u00e9thodes de culture plus respectueuses du climat.<\/p>\n\n\n\n<p>\u00ab Nous sommes fiers d&rsquo;offrir d\u00e9sormais \u00e0 nos clients la certitude d&rsquo;un produit 100 % \u00e9quitable, sans faire de compromis sur la fra\u00eecheur et le prix auxquels ils sont habitu\u00e9s chez nous \u00bb, d\u00e9clare Isabelle Colbrandt, porte-parole de Lidl Belgique &amp; Luxembourg. \u00ab Que Lidl franchisse cette \u00e9tape est un signal fort au march\u00e9 : il est possible, et n\u00e9cessaire, de faire autrement \u00bb, souligne \u00e9galement Philippe Weiler, PDG de Fairtrade Belgium. \u00ab Le secteur floral international est confront\u00e9 \u00e0 de grands d\u00e9fis. Les travailleurs b\u00e9n\u00e9ficient souvent d\u2019une protection insuffisante, les femmes sont syst\u00e9matiquement d\u00e9favoris\u00e9es et la pollution des sols est plut\u00f4t la r\u00e8gle que l\u2019exception. \u00bb<\/p>\n\n\n\n<p>Les chiffres de Fairtrade montrent qu&rsquo;environ 14 millions de fleurs certifi\u00e9es Fairtrade sont vendues chaque ann\u00e9e en Belgique. En 2024, cela a g\u00e9n\u00e9r\u00e9 119 000 euros de prime Fairtrade, qui ont \u00e9t\u00e9 vers\u00e9s en plus du prix du march\u00e9 \u00e0 environ 75 000 travailleurs. <strong>Aldi <\/strong>ne vend \u00e9galement que des roses issues du commerce \u00e9quitable, et ce depuis 2018.<\/p>\n\n\n\n<p><\/p>\n","protected":false},"excerpt":{"rendered":"<p>Acheter des roses chez Lidl, c&rsquo;est automatiquement opter pour le commerce \u00e9quitable : dans tous les magasins belges du discounter, les roses portent d\u00e9sormais le label Fairtrade. Le d\u00e9taillant contribue ainsi \u00e0 des am\u00e9liorations structurelles dans les plantations.<\/p>\n","protected":false},"author":3,"featured_media":139733,"comment_status":"closed","ping_status":"closed","sticky":false,"template":"","format":"standard","meta":{"_acf_changed":false,"inline_featured_image":false,"_jetpack_memberships_contains_paid_content":false,"footnotes":""},"categories":[18,24],"tags":[],"people":[],"extra":[],"company":[204],"topic":[373],"region":[226],"class_list":{"0":"post-139732","1":"post","2":"type-post","3":"status-publish","4":"format-standard","5":"has-post-thumbnail","6":"hentry","7":"category-food","9":"company-lidl","10":"topic-durabilite","11":"region-belgique"},"acf":[],"yoast_head":"<!-- This site is optimized with the Yoast SEO plugin v27.3 - https:\/\/yoast.com\/product\/yoast-seo-wordpress\/ -->\n<title>Lidl passe aux roses issues du commerce \u00e9quitable en Belgique - RetailDetail BE<\/title>\n<meta name=\"description\" content=\"Dans tous les magasins belges du discounter Lidl, les roses portent d\u00e9sormais le label Fairtrade.\" \/>\n<meta name=\"robots\" content=\"index, follow, max-snippet:-1, max-image-preview:large, max-video-preview:-1\" \/>\n<link rel=\"canonical\" href=\"https:\/\/www.retaildetail.be\/fr\/news\/food\/lidl-passe-aux-roses-issues-du-commerce-equitable-en-belgique\/\" \/>\n<meta property=\"og:locale\" content=\"fr_FR\" \/>\n<meta property=\"og:type\" content=\"article\" \/>\n<meta property=\"og:title\" content=\"Lidl passe aux roses issues du commerce \u00e9quitable en Belgique - RetailDetail BE\" \/>\n<meta property=\"og:description\" content=\"Dans tous les magasins belges du discounter Lidl, les roses portent d\u00e9sormais le label Fairtrade.\" \/>\n<meta property=\"og:url\" content=\"https:\/\/www.retaildetail.be\/fr\/news\/food\/lidl-passe-aux-roses-issues-du-commerce-equitable-en-belgique\/\" \/>\n<meta property=\"og:site_name\" content=\"RetailDetail BE\" \/>\n<meta property=\"article:published_time\" content=\"2026-01-13T11:59:49+00:00\" \/>\n<meta property=\"article:modified_time\" content=\"2026-01-13T11:59:51+00:00\" \/>\n<meta property=\"og:image\" content=\"https:\/\/www.retaildetail.be\/wp-content\/uploads\/2026\/01\/shutterstock_1617698542-1.jpg\" \/>\n\t<meta property=\"og:image:width\" content=\"1000\" \/>\n\t<meta property=\"og:image:height\" content=\"710\" \/>\n\t<meta property=\"og:image:type\" content=\"image\/jpeg\" \/>\n<meta name=\"author\" content=\"Stefan Van Rompaey\" \/>\n<meta name=\"twitter:card\" content=\"summary_large_image\" \/>\n<meta name=\"twitter:label1\" content=\"\u00c9crit par\" \/>\n\t<meta name=\"twitter:data1\" content=\"Stefan Van Rompaey\" \/>\n\t<meta name=\"twitter:label2\" content=\"Dur\u00e9e de lecture estim\u00e9e\" \/>\n\t<meta name=\"twitter:data2\" content=\"2 minutes\" \/>\n<script type=\"application\/ld+json\" class=\"yoast-schema-graph\">{\"@context\":\"https:\\\/\\\/schema.org\",\"@graph\":[{\"@type\":\"NewsArticle\",\"@id\":\"https:\\\/\\\/www.retaildetail.be\\\/fr\\\/news\\\/food\\\/lidl-passe-aux-roses-issues-du-commerce-equitable-en-belgique\\\/#article\",\"isPartOf\":{\"@id\":\"https:\\\/\\\/www.retaildetail.be\\\/fr\\\/news\\\/food\\\/lidl-passe-aux-roses-issues-du-commerce-equitable-en-belgique\\\/\"},\"author\":{\"name\":\"Stefan Van Rompaey\",\"@id\":\"https:\\\/\\\/www.retaildetail.be\\\/nl\\\/#\\\/schema\\\/person\\\/51aec6069c4416aa2f68b2e4ff3455df\"},\"headline\":\"Lidl passe aux roses issues du commerce \u00e9quitable en Belgique\",\"datePublished\":\"2026-01-13T11:59:49+00:00\",\"dateModified\":\"2026-01-13T11:59:51+00:00\",\"mainEntityOfPage\":{\"@id\":\"https:\\\/\\\/www.retaildetail.be\\\/fr\\\/news\\\/food\\\/lidl-passe-aux-roses-issues-du-commerce-equitable-en-belgique\\\/\"},\"wordCount\":326,\"publisher\":{\"@id\":\"https:\\\/\\\/www.retaildetail.be\\\/nl\\\/#organization\"},\"image\":{\"@id\":\"https:\\\/\\\/www.retaildetail.be\\\/fr\\\/news\\\/food\\\/lidl-passe-aux-roses-issues-du-commerce-equitable-en-belgique\\\/#primaryimage\"},\"thumbnailUrl\":\"https:\\\/\\\/www.retaildetail.be\\\/wp-content\\\/uploads\\\/2026\\\/01\\\/shutterstock_1617698542-1.jpg\",\"articleSection\":[\"Food\",\"Food\"],\"inLanguage\":\"fr-FR\",\"copyrightYear\":\"2026\",\"copyrightHolder\":{\"@id\":\"https:\\\/\\\/www.retaildetail.be\\\/#organization\"}},{\"@type\":\"WebPage\",\"@id\":\"https:\\\/\\\/www.retaildetail.be\\\/fr\\\/news\\\/food\\\/lidl-passe-aux-roses-issues-du-commerce-equitable-en-belgique\\\/\",\"url\":\"https:\\\/\\\/www.retaildetail.be\\\/fr\\\/news\\\/food\\\/lidl-passe-aux-roses-issues-du-commerce-equitable-en-belgique\\\/\",\"name\":\"Lidl passe aux roses issues du commerce \u00e9quitable en Belgique - RetailDetail BE\",\"isPartOf\":{\"@id\":\"https:\\\/\\\/www.retaildetail.be\\\/nl\\\/#website\"},\"primaryImageOfPage\":{\"@id\":\"https:\\\/\\\/www.retaildetail.be\\\/fr\\\/news\\\/food\\\/lidl-passe-aux-roses-issues-du-commerce-equitable-en-belgique\\\/#primaryimage\"},\"image\":{\"@id\":\"https:\\\/\\\/www.retaildetail.be\\\/fr\\\/news\\\/food\\\/lidl-passe-aux-roses-issues-du-commerce-equitable-en-belgique\\\/#primaryimage\"},\"thumbnailUrl\":\"https:\\\/\\\/www.retaildetail.be\\\/wp-content\\\/uploads\\\/2026\\\/01\\\/shutterstock_1617698542-1.jpg\",\"datePublished\":\"2026-01-13T11:59:49+00:00\",\"dateModified\":\"2026-01-13T11:59:51+00:00\",\"description\":\"Dans tous les magasins belges du discounter Lidl, les roses portent d\u00e9sormais le label Fairtrade.\",\"breadcrumb\":{\"@id\":\"https:\\\/\\\/www.retaildetail.be\\\/fr\\\/news\\\/food\\\/lidl-passe-aux-roses-issues-du-commerce-equitable-en-belgique\\\/#breadcrumb\"},\"inLanguage\":\"fr-FR\",\"potentialAction\":[{\"@type\":\"ReadAction\",\"target\":[\"https:\\\/\\\/www.retaildetail.be\\\/fr\\\/news\\\/food\\\/lidl-passe-aux-roses-issues-du-commerce-equitable-en-belgique\\\/\"]}]},{\"@type\":\"ImageObject\",\"inLanguage\":\"fr-FR\",\"@id\":\"https:\\\/\\\/www.retaildetail.be\\\/fr\\\/news\\\/food\\\/lidl-passe-aux-roses-issues-du-commerce-equitable-en-belgique\\\/#primaryimage\",\"url\":\"https:\\\/\\\/www.retaildetail.be\\\/wp-content\\\/uploads\\\/2026\\\/01\\\/shutterstock_1617698542-1.jpg\",\"contentUrl\":\"https:\\\/\\\/www.retaildetail.be\\\/wp-content\\\/uploads\\\/2026\\\/01\\\/shutterstock_1617698542-1.jpg\",\"width\":1000,\"height\":710,\"caption\":\"Shutterstock.com\"},{\"@type\":\"BreadcrumbList\",\"@id\":\"https:\\\/\\\/www.retaildetail.be\\\/fr\\\/news\\\/food\\\/lidl-passe-aux-roses-issues-du-commerce-equitable-en-belgique\\\/#breadcrumb\",\"itemListElement\":[{\"@type\":\"ListItem\",\"position\":1,\"name\":\"Home\",\"item\":\"https:\\\/\\\/www.retaildetail.be\\\/fr\\\/\"},{\"@type\":\"ListItem\",\"position\":2,\"name\":\"Lidl passe aux roses issues du commerce \u00e9quitable en Belgique\"}]},{\"@type\":\"WebSite\",\"@id\":\"https:\\\/\\\/www.retaildetail.be\\\/nl\\\/#website\",\"url\":\"https:\\\/\\\/www.retaildetail.be\\\/nl\\\/\",\"name\":\"RetailDetail BE\",\"description\":\"News\",\"publisher\":{\"@id\":\"https:\\\/\\\/www.retaildetail.be\\\/nl\\\/#organization\"},\"potentialAction\":[{\"@type\":\"SearchAction\",\"target\":{\"@type\":\"EntryPoint\",\"urlTemplate\":\"https:\\\/\\\/www.retaildetail.be\\\/nl\\\/?s={search_term_string}\"},\"query-input\":{\"@type\":\"PropertyValueSpecification\",\"valueRequired\":true,\"valueName\":\"search_term_string\"}}],\"inLanguage\":\"fr-FR\"},{\"@type\":\"Organization\",\"@id\":\"https:\\\/\\\/www.retaildetail.be\\\/nl\\\/#organization\",\"name\":\"RetailDetail BE\",\"url\":\"https:\\\/\\\/www.retaildetail.be\\\/nl\\\/\",\"logo\":{\"@type\":\"ImageObject\",\"inLanguage\":\"fr-FR\",\"@id\":\"https:\\\/\\\/www.retaildetail.be\\\/nl\\\/#\\\/schema\\\/logo\\\/image\\\/\",\"url\":\"https:\\\/\\\/www.retaildetail.be\\\/wp-content\\\/uploads\\\/2022\\\/04\\\/logo.svg\",\"contentUrl\":\"https:\\\/\\\/www.retaildetail.be\\\/wp-content\\\/uploads\\\/2022\\\/04\\\/logo.svg\",\"width\":131,\"height\":70,\"caption\":\"RetailDetail BE\"},\"image\":{\"@id\":\"https:\\\/\\\/www.retaildetail.be\\\/nl\\\/#\\\/schema\\\/logo\\\/image\\\/\"}},{\"@type\":\"Person\",\"@id\":\"https:\\\/\\\/www.retaildetail.be\\\/nl\\\/#\\\/schema\\\/person\\\/51aec6069c4416aa2f68b2e4ff3455df\",\"name\":\"Stefan Van Rompaey\",\"image\":{\"@type\":\"ImageObject\",\"inLanguage\":\"fr-FR\",\"@id\":\"https:\\\/\\\/secure.gravatar.com\\\/avatar\\\/fbbb4a80a0f109888b2a5ab8ae255617499ecde533749b3ab2fa6c23b5d65dac?s=96&d=mm&r=g\",\"url\":\"https:\\\/\\\/secure.gravatar.com\\\/avatar\\\/fbbb4a80a0f109888b2a5ab8ae255617499ecde533749b3ab2fa6c23b5d65dac?s=96&d=mm&r=g\",\"contentUrl\":\"https:\\\/\\\/secure.gravatar.com\\\/avatar\\\/fbbb4a80a0f109888b2a5ab8ae255617499ecde533749b3ab2fa6c23b5d65dac?s=96&d=mm&r=g\",\"caption\":\"Stefan Van Rompaey\"},\"url\":\"https:\\\/\\\/www.retaildetail.be\\\/fr\\\/author\\\/stefanvanrompaey\\\/\"}]}<\/script>\n<!-- \/ Yoast SEO plugin. -->","yoast_head_json":{"title":"Lidl passe aux roses issues du commerce \u00e9quitable en Belgique - RetailDetail BE","description":"Dans tous les magasins belges du discounter Lidl, les roses portent d\u00e9sormais le label Fairtrade.","robots":{"index":"index","follow":"follow","max-snippet":"max-snippet:-1","max-image-preview":"max-image-preview:large","max-video-preview":"max-video-preview:-1"},"canonical":"https:\/\/www.retaildetail.be\/fr\/news\/food\/lidl-passe-aux-roses-issues-du-commerce-equitable-en-belgique\/","og_locale":"fr_FR","og_type":"article","og_title":"Lidl passe aux roses issues du commerce \u00e9quitable en Belgique - RetailDetail BE","og_description":"Dans tous les magasins belges du discounter Lidl, les roses portent d\u00e9sormais le label Fairtrade.","og_url":"https:\/\/www.retaildetail.be\/fr\/news\/food\/lidl-passe-aux-roses-issues-du-commerce-equitable-en-belgique\/","og_site_name":"RetailDetail BE","article_published_time":"2026-01-13T11:59:49+00:00","article_modified_time":"2026-01-13T11:59:51+00:00","og_image":[{"width":1000,"height":710,"url":"https:\/\/www.retaildetail.be\/wp-content\/uploads\/2026\/01\/shutterstock_1617698542-1.jpg","type":"image\/jpeg"}],"author":"Stefan Van Rompaey","twitter_card":"summary_large_image","twitter_misc":{"\u00c9crit par":"Stefan Van Rompaey","Dur\u00e9e de lecture estim\u00e9e":"2 minutes"},"schema":{"@context":"https:\/\/schema.org","@graph":[{"@type":"NewsArticle","@id":"https:\/\/www.retaildetail.be\/fr\/news\/food\/lidl-passe-aux-roses-issues-du-commerce-equitable-en-belgique\/#article","isPartOf":{"@id":"https:\/\/www.retaildetail.be\/fr\/news\/food\/lidl-passe-aux-roses-issues-du-commerce-equitable-en-belgique\/"},"author":{"name":"Stefan Van Rompaey","@id":"https:\/\/www.retaildetail.be\/nl\/#\/schema\/person\/51aec6069c4416aa2f68b2e4ff3455df"},"headline":"Lidl passe aux roses issues du commerce \u00e9quitable en Belgique","datePublished":"2026-01-13T11:59:49+00:00","dateModified":"2026-01-13T11:59:51+00:00","mainEntityOfPage":{"@id":"https:\/\/www.retaildetail.be\/fr\/news\/food\/lidl-passe-aux-roses-issues-du-commerce-equitable-en-belgique\/"},"wordCount":326,"publisher":{"@id":"https:\/\/www.retaildetail.be\/nl\/#organization"},"image":{"@id":"https:\/\/www.retaildetail.be\/fr\/news\/food\/lidl-passe-aux-roses-issues-du-commerce-equitable-en-belgique\/#primaryimage"},"thumbnailUrl":"https:\/\/www.retaildetail.be\/wp-content\/uploads\/2026\/01\/shutterstock_1617698542-1.jpg","articleSection":["Food","Food"],"inLanguage":"fr-FR","copyrightYear":"2026","copyrightHolder":{"@id":"https:\/\/www.retaildetail.be\/#organization"}},{"@type":"WebPage","@id":"https:\/\/www.retaildetail.be\/fr\/news\/food\/lidl-passe-aux-roses-issues-du-commerce-equitable-en-belgique\/","url":"https:\/\/www.retaildetail.be\/fr\/news\/food\/lidl-passe-aux-roses-issues-du-commerce-equitable-en-belgique\/","name":"Lidl passe aux roses issues du commerce \u00e9quitable en Belgique - RetailDetail BE","isPartOf":{"@id":"https:\/\/www.retaildetail.be\/nl\/#website"},"primaryImageOfPage":{"@id":"https:\/\/www.retaildetail.be\/fr\/news\/food\/lidl-passe-aux-roses-issues-du-commerce-equitable-en-belgique\/#primaryimage"},"image":{"@id":"https:\/\/www.retaildetail.be\/fr\/news\/food\/lidl-passe-aux-roses-issues-du-commerce-equitable-en-belgique\/#primaryimage"},"thumbnailUrl":"https:\/\/www.retaildetail.be\/wp-content\/uploads\/2026\/01\/shutterstock_1617698542-1.jpg","datePublished":"2026-01-13T11:59:49+00:00","dateModified":"2026-01-13T11:59:51+00:00","description":"Dans tous les magasins belges du discounter Lidl, les roses portent d\u00e9sormais le label Fairtrade.","breadcrumb":{"@id":"https:\/\/www.retaildetail.be\/fr\/news\/food\/lidl-passe-aux-roses-issues-du-commerce-equitable-en-belgique\/#breadcrumb"},"inLanguage":"fr-FR","potentialAction":[{"@type":"ReadAction","target":["https:\/\/www.retaildetail.be\/fr\/news\/food\/lidl-passe-aux-roses-issues-du-commerce-equitable-en-belgique\/"]}]},{"@type":"ImageObject","inLanguage":"fr-FR","@id":"https:\/\/www.retaildetail.be\/fr\/news\/food\/lidl-passe-aux-roses-issues-du-commerce-equitable-en-belgique\/#primaryimage","url":"https:\/\/www.retaildetail.be\/wp-content\/uploads\/2026\/01\/shutterstock_1617698542-1.jpg","contentUrl":"https:\/\/www.retaildetail.be\/wp-content\/uploads\/2026\/01\/shutterstock_1617698542-1.jpg","width":1000,"height":710,"caption":"Shutterstock.com"},{"@type":"BreadcrumbList","@id":"https:\/\/www.retaildetail.be\/fr\/news\/food\/lidl-passe-aux-roses-issues-du-commerce-equitable-en-belgique\/#breadcrumb","itemListElement":[{"@type":"ListItem","position":1,"name":"Home","item":"https:\/\/www.retaildetail.be\/fr\/"},{"@type":"ListItem","position":2,"name":"Lidl passe aux roses issues du commerce \u00e9quitable en Belgique"}]},{"@type":"WebSite","@id":"https:\/\/www.retaildetail.be\/nl\/#website","url":"https:\/\/www.retaildetail.be\/nl\/","name":"RetailDetail BE","description":"News","publisher":{"@id":"https:\/\/www.retaildetail.be\/nl\/#organization"},"potentialAction":[{"@type":"SearchAction","target":{"@type":"EntryPoint","urlTemplate":"https:\/\/www.retaildetail.be\/nl\/?s={search_term_string}"},"query-input":{"@type":"PropertyValueSpecification","valueRequired":true,"valueName":"search_term_string"}}],"inLanguage":"fr-FR"},{"@type":"Organization","@id":"https:\/\/www.retaildetail.be\/nl\/#organization","name":"RetailDetail BE","url":"https:\/\/www.retaildetail.be\/nl\/","logo":{"@type":"ImageObject","inLanguage":"fr-FR","@id":"https:\/\/www.retaildetail.be\/nl\/#\/schema\/logo\/image\/","url":"https:\/\/www.retaildetail.be\/wp-content\/uploads\/2022\/04\/logo.svg","contentUrl":"https:\/\/www.retaildetail.be\/wp-content\/uploads\/2022\/04\/logo.svg","width":131,"height":70,"caption":"RetailDetail BE"},"image":{"@id":"https:\/\/www.retaildetail.be\/nl\/#\/schema\/logo\/image\/"}},{"@type":"Person","@id":"https:\/\/www.retaildetail.be\/nl\/#\/schema\/person\/51aec6069c4416aa2f68b2e4ff3455df","name":"Stefan Van Rompaey","image":{"@type":"ImageObject","inLanguage":"fr-FR","@id":"https:\/\/secure.gravatar.com\/avatar\/fbbb4a80a0f109888b2a5ab8ae255617499ecde533749b3ab2fa6c23b5d65dac?s=96&d=mm&r=g","url":"https:\/\/secure.gravatar.com\/avatar\/fbbb4a80a0f109888b2a5ab8ae255617499ecde533749b3ab2fa6c23b5d65dac?s=96&d=mm&r=g","contentUrl":"https:\/\/secure.gravatar.com\/avatar\/fbbb4a80a0f109888b2a5ab8ae255617499ecde533749b3ab2fa6c23b5d65dac?s=96&d=mm&r=g","caption":"Stefan Van Rompaey"},"url":"https:\/\/www.retaildetail.be\/fr\/author\/stefanvanrompaey\/"}]}},"jetpack_featured_media_url":"https:\/\/www.retaildetail.be\/wp-content\/uploads\/2026\/01\/shutterstock_1617698542-1.jpg","jetpack_sharing_enabled":true,"_links":{"self":[{"href":"https:\/\/www.retaildetail.be\/fr\/wp-json\/wp\/v2\/posts\/139732","targetHints":{"allow":["GET"]}}],"collection":[{"href":"https:\/\/www.retaildetail.be\/fr\/wp-json\/wp\/v2\/posts"}],"about":[{"href":"https:\/\/www.retaildetail.be\/fr\/wp-json\/wp\/v2\/types\/post"}],"author":[{"embeddable":true,"href":"https:\/\/www.retaildetail.be\/fr\/wp-json\/wp\/v2\/users\/3"}],"replies":[{"embeddable":true,"href":"https:\/\/www.retaildetail.be\/fr\/wp-json\/wp\/v2\/comments?post=139732"}],"version-history":[{"count":1,"href":"https:\/\/www.retaildetail.be\/fr\/wp-json\/wp\/v2\/posts\/139732\/revisions"}],"predecessor-version":[{"id":139735,"href":"https:\/\/www.retaildetail.be\/fr\/wp-json\/wp\/v2\/posts\/139732\/revisions\/139735"}],"wp:featuredmedia":[{"embeddable":true,"href":"https:\/\/www.retaildetail.be\/fr\/wp-json\/wp\/v2\/media\/139733"}],"wp:attachment":[{"href":"https:\/\/www.retaildetail.be\/fr\/wp-json\/wp\/v2\/media?parent=139732"}],"wp:term":[{"taxonomy":"category","embeddable":true,"href":"https:\/\/www.retaildetail.be\/fr\/wp-json\/wp\/v2\/categories?post=139732"},{"taxonomy":"post_tag","embeddable":true,"href":"https:\/\/www.retaildetail.be\/fr\/wp-json\/wp\/v2\/tags?post=139732"},{"taxonomy":"people","embeddable":true,"href":"https:\/\/www.retaildetail.be\/fr\/wp-json\/wp\/v2\/people?post=139732"},{"taxonomy":"extra","embeddable":true,"href":"https:\/\/www.retaildetail.be\/fr\/wp-json\/wp\/v2\/extra?post=139732"},{"taxonomy":"company","embeddable":true,"href":"https:\/\/www.retaildetail.be\/fr\/wp-json\/wp\/v2\/company?post=139732"},{"taxonomy":"topic","embeddable":true,"href":"https:\/\/www.retaildetail.be\/fr\/wp-json\/wp\/v2\/topic?post=139732"},{"taxonomy":"region","embeddable":true,"href":"https:\/\/www.retaildetail.be\/fr\/wp-json\/wp\/v2\/region?post=139732"}],"curies":[{"name":"wp","href":"https:\/\/api.w.org\/{rel}","templated":true}]}}