{"id":140067,"date":"2026-01-19T10:26:57","date_gmt":"2026-01-19T09:26:57","guid":{"rendered":"https:\/\/www.retaildetail.be\/?p=140067"},"modified":"2026-02-02T14:34:08","modified_gmt":"2026-02-02T13:34:08","slug":"zalando-sur-le-point-de-faire-son-entree-sur-le-marche-americain","status":"publish","type":"post","link":"https:\/\/www.retaildetail.be\/fr\/news\/mode\/zalando-sur-le-point-de-faire-son-entree-sur-le-marche-americain\/","title":{"rendered":"Zalando sur le point de faire son entr\u00e9e sur le march\u00e9 am\u00e9ricain"},"content":{"rendered":"\n<p><strong>Zalando<\/strong> s&rsquo;appr\u00eate \u00e0 faire son entr\u00e9e sur le march\u00e9 am\u00e9ricain avec son offre business-to-business : l&rsquo;entreprise se pr\u00e9pare \u00e0 annoncer son premier contrat avec un client am\u00e9ricain.<\/p>\n\n\n\n<h2 class=\"wp-block-heading\">\u00ab Premi\u00e8res \u00e9quipes sur place \u00bb<\/h2>\n\n\n\n<p>Jusqu&rsquo;\u00e0 pr\u00e9sent, Zalando concentrait ses activit\u00e9s B2B exclusivement sur l&rsquo;Europe, mais l&rsquo;entreprise consid\u00e8re les \u00c9tats-Unis comme \u00ab l&rsquo;une des plus grandes opportunit\u00e9s \u00bb pour son logiciel Scayle, acquis apr\u00e8s le rachat de son concurrent <strong>About You<\/strong> en 2025. C&rsquo;est ce qu&rsquo;a d\u00e9clar\u00e9 le co-PDG David Schr\u00f6der dans un entretien avec Bloomberg. <\/p>\n\n\n\n<p>\u00ab <a href=\"https:\/\/www.bloomberg.com\/news\/articles\/2026-01-16\/zalando-closing-in-on-first-us-client-sees-ai-traffic-growing?embedded-checkout=true\">Nous avons maintenant les premi\u00e8res \u00e9quipes sur place pour d\u00e9velopper le march\u00e9 pour nous<\/a>, pour discuter avec les marques et les d\u00e9taillants de leurs besoins. Nous approchons enfin, et cela nous rend tr\u00e8s heureux, de la conclusion des premiers contrats ici aux \u00c9tats-Unis, que nous esp\u00e9rons pouvoir annoncer dans les prochains mois. \u00bb M. Schr\u00f6der \u00e9voque une opportunit\u00e9 de plusieurs milliards d&rsquo;euros pour la branche B2B. Bien que la logistique repr\u00e9sente la plus grande partie, il s&rsquo;attend \u00e0 ce que les logiciels g\u00e9n\u00e8rent \u00ab plusieurs centaines de millions \u00bb de chiffre d&rsquo;affaires. Scayle aide les entreprises \u00e0 g\u00e9rer leurs stocks et leurs marques sur l&rsquo;ensemble des canaux de vente.<\/p>\n\n\n\n<h2 class=\"wp-block-heading\">Optimisme concernant l&rsquo;IA<\/h2>\n\n\n\n<p>Schr\u00f6der a \u00e9galement d\u00e9clar\u00e9 qu&rsquo;il s&rsquo;attendait \u00e0 ce que le trafic vers la plateforme commerciale de Zalando provenant des chatbots et des agents d&rsquo;intelligence artificielle augmente dans les ann\u00e9es \u00e0 venir. Aujourd&rsquo;hui, plus de 80 % du trafic vers Zalando est organique et ne provient pas de publicit\u00e9s payantes, selon M. Schr\u00f6der, tandis que le reste provient en grande partie de canaux payants tels que Google et Meta. Mais \u00ab un faible pourcentage \u00e0 un chiffre \u00bb est d\u00e9sormais g\u00e9n\u00e9r\u00e9 par l&rsquo;IA. Il se montre optimiste quant au fait que cette technologie aidera \u00e0 atteindre de nouveaux clients. <\/p>\n\n\n\n<p><br><\/p>\n","protected":false},"excerpt":{"rendered":"<p>Zalando s&rsquo;appr\u00eate \u00e0 faire son entr\u00e9e sur le march\u00e9 am\u00e9ricain avec son offre business-to-business : l&rsquo;entreprise se pr\u00e9pare \u00e0 annoncer son premier contrat avec un client am\u00e9ricain.<\/p>\n","protected":false},"author":10,"featured_media":140068,"comment_status":"closed","ping_status":"closed","sticky":false,"template":"","format":"standard","meta":{"_acf_changed":false,"inline_featured_image":false,"_jetpack_memberships_contains_paid_content":false,"footnotes":""},"categories":[14,22],"tags":[],"people":[],"extra":[],"company":[287],"topic":[198,276],"region":[446],"class_list":{"0":"post-140067","1":"post","2":"type-post","3":"status-publish","4":"format-standard","5":"has-post-thumbnail","6":"hentry","7":"category-mode","9":"company-zalando","10":"topic-e-commerce","11":"topic-expansion","12":"region-etats-unis-2"},"acf":[],"yoast_head":"<!-- This site is optimized with the Yoast SEO plugin v27.3 - https:\/\/yoast.com\/product\/yoast-seo-wordpress\/ -->\n<title>Zalando sur le point de faire son entr\u00e9e sur le march\u00e9 am\u00e9ricain - RetailDetail BE<\/title>\n<meta name=\"description\" content=\"Zalando s&#039;appr\u00eate \u00e0 faire son entr\u00e9e sur le march\u00e9 am\u00e9ricain avec son offre business-to-business.\" \/>\n<meta name=\"robots\" content=\"index, follow, max-snippet:-1, max-image-preview:large, max-video-preview:-1\" \/>\n<link rel=\"canonical\" href=\"https:\/\/www.retaildetail.be\/fr\/news\/mode\/zalando-sur-le-point-de-faire-son-entree-sur-le-marche-americain\/\" \/>\n<meta property=\"og:locale\" content=\"fr_FR\" \/>\n<meta property=\"og:type\" content=\"article\" \/>\n<meta property=\"og:title\" content=\"Zalando sur le point de faire son entr\u00e9e sur le march\u00e9 am\u00e9ricain - RetailDetail BE\" \/>\n<meta property=\"og:description\" content=\"Zalando s&#039;appr\u00eate \u00e0 faire son entr\u00e9e sur le march\u00e9 am\u00e9ricain avec son offre business-to-business.\" \/>\n<meta property=\"og:url\" content=\"https:\/\/www.retaildetail.be\/fr\/news\/mode\/zalando-sur-le-point-de-faire-son-entree-sur-le-marche-americain\/\" \/>\n<meta property=\"og:site_name\" content=\"RetailDetail BE\" \/>\n<meta property=\"article:published_time\" content=\"2026-01-19T09:26:57+00:00\" \/>\n<meta property=\"article:modified_time\" content=\"2026-02-02T13:34:08+00:00\" \/>\n<meta property=\"og:image\" content=\"https:\/\/www.retaildetail.be\/wp-content\/uploads\/2026\/01\/shutterstock_2512906071-1.jpg\" \/>\n\t<meta property=\"og:image:width\" content=\"1000\" \/>\n\t<meta property=\"og:image:height\" content=\"667\" \/>\n\t<meta property=\"og:image:type\" content=\"image\/jpeg\" \/>\n<meta name=\"author\" content=\"Jorg Snoeck\" \/>\n<meta name=\"twitter:card\" content=\"summary_large_image\" \/>\n<meta name=\"twitter:label1\" content=\"\u00c9crit par\" \/>\n\t<meta name=\"twitter:data1\" content=\"Jorg Snoeck\" \/>\n\t<meta name=\"twitter:label2\" content=\"Dur\u00e9e de lecture estim\u00e9e\" \/>\n\t<meta name=\"twitter:data2\" content=\"2 minutes\" \/>\n<script type=\"application\/ld+json\" class=\"yoast-schema-graph\">{\"@context\":\"https:\\\/\\\/schema.org\",\"@graph\":[{\"@type\":\"NewsArticle\",\"@id\":\"https:\\\/\\\/www.retaildetail.be\\\/fr\\\/news\\\/mode\\\/zalando-sur-le-point-de-faire-son-entree-sur-le-marche-americain\\\/#article\",\"isPartOf\":{\"@id\":\"https:\\\/\\\/www.retaildetail.be\\\/fr\\\/news\\\/mode\\\/zalando-sur-le-point-de-faire-son-entree-sur-le-marche-americain\\\/\"},\"author\":{\"name\":\"Jorg Snoeck\",\"@id\":\"https:\\\/\\\/www.retaildetail.be\\\/nl\\\/#\\\/schema\\\/person\\\/71d9b89376db00e9b1aa8a2841e71a72\"},\"headline\":\"Zalando sur le point de faire son entr\u00e9e sur le march\u00e9 am\u00e9ricain\",\"datePublished\":\"2026-01-19T09:26:57+00:00\",\"dateModified\":\"2026-02-02T13:34:08+00:00\",\"mainEntityOfPage\":{\"@id\":\"https:\\\/\\\/www.retaildetail.be\\\/fr\\\/news\\\/mode\\\/zalando-sur-le-point-de-faire-son-entree-sur-le-marche-americain\\\/\"},\"wordCount\":337,\"publisher\":{\"@id\":\"https:\\\/\\\/www.retaildetail.be\\\/nl\\\/#organization\"},\"image\":{\"@id\":\"https:\\\/\\\/www.retaildetail.be\\\/fr\\\/news\\\/mode\\\/zalando-sur-le-point-de-faire-son-entree-sur-le-marche-americain\\\/#primaryimage\"},\"thumbnailUrl\":\"https:\\\/\\\/www.retaildetail.be\\\/wp-content\\\/uploads\\\/2026\\\/01\\\/shutterstock_2512906071-1.jpg\",\"articleSection\":[\"Mode\",\"Mode\"],\"inLanguage\":\"fr-FR\",\"copyrightYear\":\"2026\",\"copyrightHolder\":{\"@id\":\"https:\\\/\\\/www.retaildetail.be\\\/#organization\"}},{\"@type\":\"WebPage\",\"@id\":\"https:\\\/\\\/www.retaildetail.be\\\/fr\\\/news\\\/mode\\\/zalando-sur-le-point-de-faire-son-entree-sur-le-marche-americain\\\/\",\"url\":\"https:\\\/\\\/www.retaildetail.be\\\/fr\\\/news\\\/mode\\\/zalando-sur-le-point-de-faire-son-entree-sur-le-marche-americain\\\/\",\"name\":\"Zalando sur le point de faire son entr\u00e9e sur le march\u00e9 am\u00e9ricain - RetailDetail BE\",\"isPartOf\":{\"@id\":\"https:\\\/\\\/www.retaildetail.be\\\/nl\\\/#website\"},\"primaryImageOfPage\":{\"@id\":\"https:\\\/\\\/www.retaildetail.be\\\/fr\\\/news\\\/mode\\\/zalando-sur-le-point-de-faire-son-entree-sur-le-marche-americain\\\/#primaryimage\"},\"image\":{\"@id\":\"https:\\\/\\\/www.retaildetail.be\\\/fr\\\/news\\\/mode\\\/zalando-sur-le-point-de-faire-son-entree-sur-le-marche-americain\\\/#primaryimage\"},\"thumbnailUrl\":\"https:\\\/\\\/www.retaildetail.be\\\/wp-content\\\/uploads\\\/2026\\\/01\\\/shutterstock_2512906071-1.jpg\",\"datePublished\":\"2026-01-19T09:26:57+00:00\",\"dateModified\":\"2026-02-02T13:34:08+00:00\",\"description\":\"Zalando s'appr\u00eate \u00e0 faire son entr\u00e9e sur le march\u00e9 am\u00e9ricain avec son offre business-to-business.\",\"breadcrumb\":{\"@id\":\"https:\\\/\\\/www.retaildetail.be\\\/fr\\\/news\\\/mode\\\/zalando-sur-le-point-de-faire-son-entree-sur-le-marche-americain\\\/#breadcrumb\"},\"inLanguage\":\"fr-FR\",\"potentialAction\":[{\"@type\":\"ReadAction\",\"target\":[\"https:\\\/\\\/www.retaildetail.be\\\/fr\\\/news\\\/mode\\\/zalando-sur-le-point-de-faire-son-entree-sur-le-marche-americain\\\/\"]}]},{\"@type\":\"ImageObject\",\"inLanguage\":\"fr-FR\",\"@id\":\"https:\\\/\\\/www.retaildetail.be\\\/fr\\\/news\\\/mode\\\/zalando-sur-le-point-de-faire-son-entree-sur-le-marche-americain\\\/#primaryimage\",\"url\":\"https:\\\/\\\/www.retaildetail.be\\\/wp-content\\\/uploads\\\/2026\\\/01\\\/shutterstock_2512906071-1.jpg\",\"contentUrl\":\"https:\\\/\\\/www.retaildetail.be\\\/wp-content\\\/uploads\\\/2026\\\/01\\\/shutterstock_2512906071-1.jpg\",\"width\":1000,\"height\":667},{\"@type\":\"BreadcrumbList\",\"@id\":\"https:\\\/\\\/www.retaildetail.be\\\/fr\\\/news\\\/mode\\\/zalando-sur-le-point-de-faire-son-entree-sur-le-marche-americain\\\/#breadcrumb\",\"itemListElement\":[{\"@type\":\"ListItem\",\"position\":1,\"name\":\"Home\",\"item\":\"https:\\\/\\\/www.retaildetail.be\\\/fr\\\/\"},{\"@type\":\"ListItem\",\"position\":2,\"name\":\"Zalando sur le point de faire son entr\u00e9e sur le march\u00e9 am\u00e9ricain\"}]},{\"@type\":\"WebSite\",\"@id\":\"https:\\\/\\\/www.retaildetail.be\\\/nl\\\/#website\",\"url\":\"https:\\\/\\\/www.retaildetail.be\\\/nl\\\/\",\"name\":\"RetailDetail BE\",\"description\":\"News\",\"publisher\":{\"@id\":\"https:\\\/\\\/www.retaildetail.be\\\/nl\\\/#organization\"},\"potentialAction\":[{\"@type\":\"SearchAction\",\"target\":{\"@type\":\"EntryPoint\",\"urlTemplate\":\"https:\\\/\\\/www.retaildetail.be\\\/nl\\\/?s={search_term_string}\"},\"query-input\":{\"@type\":\"PropertyValueSpecification\",\"valueRequired\":true,\"valueName\":\"search_term_string\"}}],\"inLanguage\":\"fr-FR\"},{\"@type\":\"Organization\",\"@id\":\"https:\\\/\\\/www.retaildetail.be\\\/nl\\\/#organization\",\"name\":\"RetailDetail BE\",\"url\":\"https:\\\/\\\/www.retaildetail.be\\\/nl\\\/\",\"logo\":{\"@type\":\"ImageObject\",\"inLanguage\":\"fr-FR\",\"@id\":\"https:\\\/\\\/www.retaildetail.be\\\/nl\\\/#\\\/schema\\\/logo\\\/image\\\/\",\"url\":\"https:\\\/\\\/www.retaildetail.be\\\/wp-content\\\/uploads\\\/2022\\\/04\\\/logo.svg\",\"contentUrl\":\"https:\\\/\\\/www.retaildetail.be\\\/wp-content\\\/uploads\\\/2022\\\/04\\\/logo.svg\",\"width\":131,\"height\":70,\"caption\":\"RetailDetail BE\"},\"image\":{\"@id\":\"https:\\\/\\\/www.retaildetail.be\\\/nl\\\/#\\\/schema\\\/logo\\\/image\\\/\"}},{\"@type\":\"Person\",\"@id\":\"https:\\\/\\\/www.retaildetail.be\\\/nl\\\/#\\\/schema\\\/person\\\/71d9b89376db00e9b1aa8a2841e71a72\",\"name\":\"Jorg Snoeck\",\"image\":{\"@type\":\"ImageObject\",\"inLanguage\":\"fr-FR\",\"@id\":\"https:\\\/\\\/secure.gravatar.com\\\/avatar\\\/fc1bd94c7d40f2446e6bf778bb34cf9ab000168f63533cec8e072f4ad96ce7f3?s=96&d=mm&r=g\",\"url\":\"https:\\\/\\\/secure.gravatar.com\\\/avatar\\\/fc1bd94c7d40f2446e6bf778bb34cf9ab000168f63533cec8e072f4ad96ce7f3?s=96&d=mm&r=g\",\"contentUrl\":\"https:\\\/\\\/secure.gravatar.com\\\/avatar\\\/fc1bd94c7d40f2446e6bf778bb34cf9ab000168f63533cec8e072f4ad96ce7f3?s=96&d=mm&r=g\",\"caption\":\"Jorg Snoeck\"},\"url\":\"https:\\\/\\\/www.retaildetail.be\\\/fr\\\/author\\\/jorgsnoeck\\\/\"}]}<\/script>\n<!-- \/ Yoast SEO plugin. -->","yoast_head_json":{"title":"Zalando sur le point de faire son entr\u00e9e sur le march\u00e9 am\u00e9ricain - RetailDetail BE","description":"Zalando s'appr\u00eate \u00e0 faire son entr\u00e9e sur le march\u00e9 am\u00e9ricain avec son offre business-to-business.","robots":{"index":"index","follow":"follow","max-snippet":"max-snippet:-1","max-image-preview":"max-image-preview:large","max-video-preview":"max-video-preview:-1"},"canonical":"https:\/\/www.retaildetail.be\/fr\/news\/mode\/zalando-sur-le-point-de-faire-son-entree-sur-le-marche-americain\/","og_locale":"fr_FR","og_type":"article","og_title":"Zalando sur le point de faire son entr\u00e9e sur le march\u00e9 am\u00e9ricain - RetailDetail BE","og_description":"Zalando s'appr\u00eate \u00e0 faire son entr\u00e9e sur le march\u00e9 am\u00e9ricain avec son offre business-to-business.","og_url":"https:\/\/www.retaildetail.be\/fr\/news\/mode\/zalando-sur-le-point-de-faire-son-entree-sur-le-marche-americain\/","og_site_name":"RetailDetail BE","article_published_time":"2026-01-19T09:26:57+00:00","article_modified_time":"2026-02-02T13:34:08+00:00","og_image":[{"width":1000,"height":667,"url":"https:\/\/www.retaildetail.be\/wp-content\/uploads\/2026\/01\/shutterstock_2512906071-1.jpg","type":"image\/jpeg"}],"author":"Jorg Snoeck","twitter_card":"summary_large_image","twitter_misc":{"\u00c9crit par":"Jorg Snoeck","Dur\u00e9e de lecture estim\u00e9e":"2 minutes"},"schema":{"@context":"https:\/\/schema.org","@graph":[{"@type":"NewsArticle","@id":"https:\/\/www.retaildetail.be\/fr\/news\/mode\/zalando-sur-le-point-de-faire-son-entree-sur-le-marche-americain\/#article","isPartOf":{"@id":"https:\/\/www.retaildetail.be\/fr\/news\/mode\/zalando-sur-le-point-de-faire-son-entree-sur-le-marche-americain\/"},"author":{"name":"Jorg Snoeck","@id":"https:\/\/www.retaildetail.be\/nl\/#\/schema\/person\/71d9b89376db00e9b1aa8a2841e71a72"},"headline":"Zalando sur le point de faire son entr\u00e9e sur le march\u00e9 am\u00e9ricain","datePublished":"2026-01-19T09:26:57+00:00","dateModified":"2026-02-02T13:34:08+00:00","mainEntityOfPage":{"@id":"https:\/\/www.retaildetail.be\/fr\/news\/mode\/zalando-sur-le-point-de-faire-son-entree-sur-le-marche-americain\/"},"wordCount":337,"publisher":{"@id":"https:\/\/www.retaildetail.be\/nl\/#organization"},"image":{"@id":"https:\/\/www.retaildetail.be\/fr\/news\/mode\/zalando-sur-le-point-de-faire-son-entree-sur-le-marche-americain\/#primaryimage"},"thumbnailUrl":"https:\/\/www.retaildetail.be\/wp-content\/uploads\/2026\/01\/shutterstock_2512906071-1.jpg","articleSection":["Mode","Mode"],"inLanguage":"fr-FR","copyrightYear":"2026","copyrightHolder":{"@id":"https:\/\/www.retaildetail.be\/#organization"}},{"@type":"WebPage","@id":"https:\/\/www.retaildetail.be\/fr\/news\/mode\/zalando-sur-le-point-de-faire-son-entree-sur-le-marche-americain\/","url":"https:\/\/www.retaildetail.be\/fr\/news\/mode\/zalando-sur-le-point-de-faire-son-entree-sur-le-marche-americain\/","name":"Zalando sur le point de faire son entr\u00e9e sur le march\u00e9 am\u00e9ricain - RetailDetail BE","isPartOf":{"@id":"https:\/\/www.retaildetail.be\/nl\/#website"},"primaryImageOfPage":{"@id":"https:\/\/www.retaildetail.be\/fr\/news\/mode\/zalando-sur-le-point-de-faire-son-entree-sur-le-marche-americain\/#primaryimage"},"image":{"@id":"https:\/\/www.retaildetail.be\/fr\/news\/mode\/zalando-sur-le-point-de-faire-son-entree-sur-le-marche-americain\/#primaryimage"},"thumbnailUrl":"https:\/\/www.retaildetail.be\/wp-content\/uploads\/2026\/01\/shutterstock_2512906071-1.jpg","datePublished":"2026-01-19T09:26:57+00:00","dateModified":"2026-02-02T13:34:08+00:00","description":"Zalando s'appr\u00eate \u00e0 faire son entr\u00e9e sur le march\u00e9 am\u00e9ricain avec son offre business-to-business.","breadcrumb":{"@id":"https:\/\/www.retaildetail.be\/fr\/news\/mode\/zalando-sur-le-point-de-faire-son-entree-sur-le-marche-americain\/#breadcrumb"},"inLanguage":"fr-FR","potentialAction":[{"@type":"ReadAction","target":["https:\/\/www.retaildetail.be\/fr\/news\/mode\/zalando-sur-le-point-de-faire-son-entree-sur-le-marche-americain\/"]}]},{"@type":"ImageObject","inLanguage":"fr-FR","@id":"https:\/\/www.retaildetail.be\/fr\/news\/mode\/zalando-sur-le-point-de-faire-son-entree-sur-le-marche-americain\/#primaryimage","url":"https:\/\/www.retaildetail.be\/wp-content\/uploads\/2026\/01\/shutterstock_2512906071-1.jpg","contentUrl":"https:\/\/www.retaildetail.be\/wp-content\/uploads\/2026\/01\/shutterstock_2512906071-1.jpg","width":1000,"height":667},{"@type":"BreadcrumbList","@id":"https:\/\/www.retaildetail.be\/fr\/news\/mode\/zalando-sur-le-point-de-faire-son-entree-sur-le-marche-americain\/#breadcrumb","itemListElement":[{"@type":"ListItem","position":1,"name":"Home","item":"https:\/\/www.retaildetail.be\/fr\/"},{"@type":"ListItem","position":2,"name":"Zalando sur le point de faire son entr\u00e9e sur le march\u00e9 am\u00e9ricain"}]},{"@type":"WebSite","@id":"https:\/\/www.retaildetail.be\/nl\/#website","url":"https:\/\/www.retaildetail.be\/nl\/","name":"RetailDetail BE","description":"News","publisher":{"@id":"https:\/\/www.retaildetail.be\/nl\/#organization"},"potentialAction":[{"@type":"SearchAction","target":{"@type":"EntryPoint","urlTemplate":"https:\/\/www.retaildetail.be\/nl\/?s={search_term_string}"},"query-input":{"@type":"PropertyValueSpecification","valueRequired":true,"valueName":"search_term_string"}}],"inLanguage":"fr-FR"},{"@type":"Organization","@id":"https:\/\/www.retaildetail.be\/nl\/#organization","name":"RetailDetail BE","url":"https:\/\/www.retaildetail.be\/nl\/","logo":{"@type":"ImageObject","inLanguage":"fr-FR","@id":"https:\/\/www.retaildetail.be\/nl\/#\/schema\/logo\/image\/","url":"https:\/\/www.retaildetail.be\/wp-content\/uploads\/2022\/04\/logo.svg","contentUrl":"https:\/\/www.retaildetail.be\/wp-content\/uploads\/2022\/04\/logo.svg","width":131,"height":70,"caption":"RetailDetail BE"},"image":{"@id":"https:\/\/www.retaildetail.be\/nl\/#\/schema\/logo\/image\/"}},{"@type":"Person","@id":"https:\/\/www.retaildetail.be\/nl\/#\/schema\/person\/71d9b89376db00e9b1aa8a2841e71a72","name":"Jorg Snoeck","image":{"@type":"ImageObject","inLanguage":"fr-FR","@id":"https:\/\/secure.gravatar.com\/avatar\/fc1bd94c7d40f2446e6bf778bb34cf9ab000168f63533cec8e072f4ad96ce7f3?s=96&d=mm&r=g","url":"https:\/\/secure.gravatar.com\/avatar\/fc1bd94c7d40f2446e6bf778bb34cf9ab000168f63533cec8e072f4ad96ce7f3?s=96&d=mm&r=g","contentUrl":"https:\/\/secure.gravatar.com\/avatar\/fc1bd94c7d40f2446e6bf778bb34cf9ab000168f63533cec8e072f4ad96ce7f3?s=96&d=mm&r=g","caption":"Jorg Snoeck"},"url":"https:\/\/www.retaildetail.be\/fr\/author\/jorgsnoeck\/"}]}},"jetpack_featured_media_url":"https:\/\/www.retaildetail.be\/wp-content\/uploads\/2026\/01\/shutterstock_2512906071-1.jpg","jetpack_sharing_enabled":true,"_links":{"self":[{"href":"https:\/\/www.retaildetail.be\/fr\/wp-json\/wp\/v2\/posts\/140067","targetHints":{"allow":["GET"]}}],"collection":[{"href":"https:\/\/www.retaildetail.be\/fr\/wp-json\/wp\/v2\/posts"}],"about":[{"href":"https:\/\/www.retaildetail.be\/fr\/wp-json\/wp\/v2\/types\/post"}],"author":[{"embeddable":true,"href":"https:\/\/www.retaildetail.be\/fr\/wp-json\/wp\/v2\/users\/10"}],"replies":[{"embeddable":true,"href":"https:\/\/www.retaildetail.be\/fr\/wp-json\/wp\/v2\/comments?post=140067"}],"version-history":[{"count":1,"href":"https:\/\/www.retaildetail.be\/fr\/wp-json\/wp\/v2\/posts\/140067\/revisions"}],"predecessor-version":[{"id":140071,"href":"https:\/\/www.retaildetail.be\/fr\/wp-json\/wp\/v2\/posts\/140067\/revisions\/140071"}],"wp:featuredmedia":[{"embeddable":true,"href":"https:\/\/www.retaildetail.be\/fr\/wp-json\/wp\/v2\/media\/140068"}],"wp:attachment":[{"href":"https:\/\/www.retaildetail.be\/fr\/wp-json\/wp\/v2\/media?parent=140067"}],"wp:term":[{"taxonomy":"category","embeddable":true,"href":"https:\/\/www.retaildetail.be\/fr\/wp-json\/wp\/v2\/categories?post=140067"},{"taxonomy":"post_tag","embeddable":true,"href":"https:\/\/www.retaildetail.be\/fr\/wp-json\/wp\/v2\/tags?post=140067"},{"taxonomy":"people","embeddable":true,"href":"https:\/\/www.retaildetail.be\/fr\/wp-json\/wp\/v2\/people?post=140067"},{"taxonomy":"extra","embeddable":true,"href":"https:\/\/www.retaildetail.be\/fr\/wp-json\/wp\/v2\/extra?post=140067"},{"taxonomy":"company","embeddable":true,"href":"https:\/\/www.retaildetail.be\/fr\/wp-json\/wp\/v2\/company?post=140067"},{"taxonomy":"topic","embeddable":true,"href":"https:\/\/www.retaildetail.be\/fr\/wp-json\/wp\/v2\/topic?post=140067"},{"taxonomy":"region","embeddable":true,"href":"https:\/\/www.retaildetail.be\/fr\/wp-json\/wp\/v2\/region?post=140067"}],"curies":[{"name":"wp","href":"https:\/\/api.w.org\/{rel}","templated":true}]}}