{"id":140074,"date":"2026-01-19T11:11:14","date_gmt":"2026-01-19T10:11:14","guid":{"rendered":"https:\/\/www.retaildetail.be\/?p=140074"},"modified":"2026-02-02T14:34:29","modified_gmt":"2026-02-02T13:34:29","slug":"del-monte-trouve-des-repreneurs","status":"publish","type":"post","link":"https:\/\/www.retaildetail.be\/fr\/news\/food\/del-monte-trouve-des-repreneurs\/","title":{"rendered":"Del Monte trouve des repreneurs"},"content":{"rendered":"\n<p>La soci\u00e9t\u00e9 alimentaire am\u00e9ricaine <strong>Del Monte Foods<\/strong>, qui a demand\u00e9 la protection contre ses cr\u00e9anciers l&rsquo;\u00e9t\u00e9 dernier, passe en partie sous le contr\u00f4le de son homonyme <strong>Del Monte Fresh<\/strong>, ce qui permet de r\u00e9unir \u00e0 nouveau les produits frais et les produits de longue conservation sous une seule et m\u00eame strat\u00e9gie.<\/p>\n\n\n\n<h2 class=\"wp-block-heading\">Lourd endettement<\/h2>\n\n\n\n<p>En juillet 2025, Del Monte, surtout connu comme producteur de conserves de fruits et l\u00e9gumes, a annonc\u00e9 qu&rsquo;il <a href=\"https:\/\/www.retaildetail.be\/fr\/news\/food\/del-monte-demande-la-faillite\/\">recherchait un repreneur<\/a> dans le cadre d&rsquo;une proc\u00e9dure de faillite dite \u00ab Chapter 11 \u00bb afin de pouvoir red\u00e9marrer sous une forme all\u00e9g\u00e9e. L&rsquo;entreprise \u00e9tait lourdement endett\u00e9e et souffrait de l&rsquo;\u00e9volution des comportements des consommateurs.<\/p>\n\n\n\n<p>Il appara\u00eet d\u00e9sormais que son homonyme Fresh Del Monte, sp\u00e9cialis\u00e9 dans la distribution de fruits et l\u00e9gumes frais, fait une offre de 285 millions de dollars (245 millions d&rsquo;euros) sur une partie importante des activit\u00e9s et de la marque. Ainsi, apr\u00e8s pr\u00e8s de quarante ans, les branches fra\u00eeche et longue conservation de la marque se retrouvent \u00e0 nouveau r\u00e9unies sous un m\u00eame toit.<\/p>\n\n\n\n<h2 class=\"wp-block-heading\">\u00ab Une conviction de longue date \u00bb<\/h2>\n\n\n\n<p>\u00ab La r\u00e9unification de la marque Del Monte refl\u00e8te une conviction que je nourris depuis longtemps \u00bb, d\u00e9clare Mohammad Abu-Ghazaleh, pr\u00e9sident-directeur g\u00e9n\u00e9ral de Fresh Del Monte, dans un communiqu\u00e9 de presse. \u00ab En r\u00e9unissant les produits frais et les produits de longue conservation sous une seule strat\u00e9gie, nous rendons hommage \u00e0 l&rsquo;h\u00e9ritage de la marque et nous la soutenons pour qu&rsquo;elle reste pertinente et continue de cro\u00eetre. Cela nous permet de servir les consommateurs de mani\u00e8re plus coh\u00e9rente et de construire une plateforme plus solide et plus flexible, ax\u00e9e sur l&rsquo;efficacit\u00e9, l&rsquo;innovation et la cr\u00e9ation de valeur \u00e0 long terme. \u00bb<\/p>\n\n\n\n<p>Une autre entreprise alimentaire am\u00e9ricaine, B&amp;G Foods, offre 110 millions de dollars (95 millions d&rsquo;euros) pour la division fonds et bouillons de Del Monte, qui comprend les marques College Inn et Kitchen Basics. Le tribunal se prononcera sur les offres d&rsquo;achat \u00e0 la fin du mois.<\/p>\n\n\n\n<p><\/p>\n","protected":false},"excerpt":{"rendered":"<p>La soci\u00e9t\u00e9 alimentaire am\u00e9ricaine Del Monte Foods, qui a demand\u00e9 la protection contre ses cr\u00e9anciers l&rsquo;\u00e9t\u00e9 dernier, passe en partie sous le contr\u00f4le de son homonyme Del Monte Fresh, ce qui permet de r\u00e9unir \u00e0 nouveau les produits frais et les produits de longue conservation sous une seule et m\u00eame strat\u00e9gie. <\/p>\n","protected":false},"author":10,"featured_media":140075,"comment_status":"closed","ping_status":"closed","sticky":false,"template":"","format":"standard","meta":{"_acf_changed":false,"inline_featured_image":false,"_jetpack_memberships_contains_paid_content":false,"footnotes":""},"categories":[18,24],"tags":[],"people":[],"extra":[43],"company":[1732],"topic":[282,1085],"region":[446],"class_list":{"0":"post-140074","1":"post","2":"type-post","3":"status-publish","4":"format-standard","5":"has-post-thumbnail","6":"hentry","7":"category-food","9":"extra-plus","10":"company-del-monte","11":"topic-acquisition","12":"topic-faillite","13":"region-etats-unis-2"},"acf":[],"yoast_head":"<!-- This site is optimized with the Yoast SEO plugin v27.3 - https:\/\/yoast.com\/product\/yoast-seo-wordpress\/ -->\n<title>Del Monte trouve des repreneurs - RetailDetail BE<\/title>\n<meta name=\"description\" content=\"La soci\u00e9t\u00e9 alimentaire am\u00e9ricaine Del Monte Foods, qui a demand\u00e9 la protection contre ses cr\u00e9anciers l&#039;\u00e9t\u00e9 dernier, passe en partie sous le contr\u00f4le de son homonyme Del Monte Fresh,\" \/>\n<meta name=\"robots\" content=\"index, follow, max-snippet:-1, max-image-preview:large, max-video-preview:-1\" \/>\n<link rel=\"canonical\" href=\"https:\/\/www.retaildetail.be\/fr\/news\/food\/del-monte-trouve-des-repreneurs\/\" \/>\n<meta property=\"og:locale\" content=\"fr_FR\" \/>\n<meta property=\"og:type\" content=\"article\" \/>\n<meta property=\"og:title\" content=\"Del Monte trouve des repreneurs - RetailDetail BE\" \/>\n<meta property=\"og:description\" content=\"La soci\u00e9t\u00e9 alimentaire am\u00e9ricaine Del Monte Foods, qui a demand\u00e9 la protection contre ses cr\u00e9anciers l&#039;\u00e9t\u00e9 dernier, passe en partie sous le contr\u00f4le de son homonyme Del Monte Fresh,\" \/>\n<meta property=\"og:url\" content=\"https:\/\/www.retaildetail.be\/fr\/news\/food\/del-monte-trouve-des-repreneurs\/\" \/>\n<meta property=\"og:site_name\" content=\"RetailDetail BE\" \/>\n<meta property=\"article:published_time\" content=\"2026-01-19T10:11:14+00:00\" \/>\n<meta property=\"article:modified_time\" content=\"2026-02-02T13:34:29+00:00\" \/>\n<meta property=\"og:image\" content=\"https:\/\/www.retaildetail.be\/wp-content\/uploads\/2026\/01\/del-monte-shutterstock_742550851-1.jpg\" \/>\n\t<meta property=\"og:image:width\" content=\"1000\" \/>\n\t<meta property=\"og:image:height\" content=\"666\" \/>\n\t<meta property=\"og:image:type\" content=\"image\/jpeg\" \/>\n<meta name=\"author\" content=\"Jorg Snoeck\" \/>\n<meta name=\"twitter:card\" content=\"summary_large_image\" \/>\n<meta name=\"twitter:label1\" content=\"\u00c9crit par\" \/>\n\t<meta name=\"twitter:data1\" content=\"Jorg Snoeck\" \/>\n\t<meta name=\"twitter:label2\" content=\"Dur\u00e9e de lecture estim\u00e9e\" \/>\n\t<meta name=\"twitter:data2\" content=\"2 minutes\" \/>\n<script type=\"application\/ld+json\" class=\"yoast-schema-graph\">{\"@context\":\"https:\\\/\\\/schema.org\",\"@graph\":[{\"@type\":\"NewsArticle\",\"@id\":\"https:\\\/\\\/www.retaildetail.be\\\/fr\\\/news\\\/food\\\/del-monte-trouve-des-repreneurs\\\/#article\",\"isPartOf\":{\"@id\":\"https:\\\/\\\/www.retaildetail.be\\\/fr\\\/news\\\/food\\\/del-monte-trouve-des-repreneurs\\\/\"},\"author\":{\"name\":\"Jorg Snoeck\",\"@id\":\"https:\\\/\\\/www.retaildetail.be\\\/nl\\\/#\\\/schema\\\/person\\\/71d9b89376db00e9b1aa8a2841e71a72\"},\"headline\":\"Del Monte trouve des repreneurs\",\"datePublished\":\"2026-01-19T10:11:14+00:00\",\"dateModified\":\"2026-02-02T13:34:29+00:00\",\"mainEntityOfPage\":{\"@id\":\"https:\\\/\\\/www.retaildetail.be\\\/fr\\\/news\\\/food\\\/del-monte-trouve-des-repreneurs\\\/\"},\"wordCount\":361,\"publisher\":{\"@id\":\"https:\\\/\\\/www.retaildetail.be\\\/nl\\\/#organization\"},\"image\":{\"@id\":\"https:\\\/\\\/www.retaildetail.be\\\/fr\\\/news\\\/food\\\/del-monte-trouve-des-repreneurs\\\/#primaryimage\"},\"thumbnailUrl\":\"https:\\\/\\\/www.retaildetail.be\\\/wp-content\\\/uploads\\\/2026\\\/01\\\/del-monte-shutterstock_742550851-1.jpg\",\"articleSection\":[\"Food\",\"Food\"],\"inLanguage\":\"fr-FR\",\"copyrightYear\":\"2026\",\"copyrightHolder\":{\"@id\":\"https:\\\/\\\/www.retaildetail.be\\\/#organization\"}},{\"@type\":\"WebPage\",\"@id\":\"https:\\\/\\\/www.retaildetail.be\\\/fr\\\/news\\\/food\\\/del-monte-trouve-des-repreneurs\\\/\",\"url\":\"https:\\\/\\\/www.retaildetail.be\\\/fr\\\/news\\\/food\\\/del-monte-trouve-des-repreneurs\\\/\",\"name\":\"Del Monte trouve des repreneurs - RetailDetail BE\",\"isPartOf\":{\"@id\":\"https:\\\/\\\/www.retaildetail.be\\\/nl\\\/#website\"},\"primaryImageOfPage\":{\"@id\":\"https:\\\/\\\/www.retaildetail.be\\\/fr\\\/news\\\/food\\\/del-monte-trouve-des-repreneurs\\\/#primaryimage\"},\"image\":{\"@id\":\"https:\\\/\\\/www.retaildetail.be\\\/fr\\\/news\\\/food\\\/del-monte-trouve-des-repreneurs\\\/#primaryimage\"},\"thumbnailUrl\":\"https:\\\/\\\/www.retaildetail.be\\\/wp-content\\\/uploads\\\/2026\\\/01\\\/del-monte-shutterstock_742550851-1.jpg\",\"datePublished\":\"2026-01-19T10:11:14+00:00\",\"dateModified\":\"2026-02-02T13:34:29+00:00\",\"description\":\"La soci\u00e9t\u00e9 alimentaire am\u00e9ricaine Del Monte Foods, qui a demand\u00e9 la protection contre ses cr\u00e9anciers l'\u00e9t\u00e9 dernier, passe en partie sous le contr\u00f4le de son homonyme Del Monte Fresh,\",\"breadcrumb\":{\"@id\":\"https:\\\/\\\/www.retaildetail.be\\\/fr\\\/news\\\/food\\\/del-monte-trouve-des-repreneurs\\\/#breadcrumb\"},\"inLanguage\":\"fr-FR\",\"potentialAction\":[{\"@type\":\"ReadAction\",\"target\":[\"https:\\\/\\\/www.retaildetail.be\\\/fr\\\/news\\\/food\\\/del-monte-trouve-des-repreneurs\\\/\"]}]},{\"@type\":\"ImageObject\",\"inLanguage\":\"fr-FR\",\"@id\":\"https:\\\/\\\/www.retaildetail.be\\\/fr\\\/news\\\/food\\\/del-monte-trouve-des-repreneurs\\\/#primaryimage\",\"url\":\"https:\\\/\\\/www.retaildetail.be\\\/wp-content\\\/uploads\\\/2026\\\/01\\\/del-monte-shutterstock_742550851-1.jpg\",\"contentUrl\":\"https:\\\/\\\/www.retaildetail.be\\\/wp-content\\\/uploads\\\/2026\\\/01\\\/del-monte-shutterstock_742550851-1.jpg\",\"width\":1000,\"height\":666,\"caption\":\"\u00a9 Sheila Fitzgerald \\\/ Shutterstock.com\"},{\"@type\":\"BreadcrumbList\",\"@id\":\"https:\\\/\\\/www.retaildetail.be\\\/fr\\\/news\\\/food\\\/del-monte-trouve-des-repreneurs\\\/#breadcrumb\",\"itemListElement\":[{\"@type\":\"ListItem\",\"position\":1,\"name\":\"Home\",\"item\":\"https:\\\/\\\/www.retaildetail.be\\\/fr\\\/\"},{\"@type\":\"ListItem\",\"position\":2,\"name\":\"Del Monte trouve des repreneurs\"}]},{\"@type\":\"WebSite\",\"@id\":\"https:\\\/\\\/www.retaildetail.be\\\/nl\\\/#website\",\"url\":\"https:\\\/\\\/www.retaildetail.be\\\/nl\\\/\",\"name\":\"RetailDetail BE\",\"description\":\"News\",\"publisher\":{\"@id\":\"https:\\\/\\\/www.retaildetail.be\\\/nl\\\/#organization\"},\"potentialAction\":[{\"@type\":\"SearchAction\",\"target\":{\"@type\":\"EntryPoint\",\"urlTemplate\":\"https:\\\/\\\/www.retaildetail.be\\\/nl\\\/?s={search_term_string}\"},\"query-input\":{\"@type\":\"PropertyValueSpecification\",\"valueRequired\":true,\"valueName\":\"search_term_string\"}}],\"inLanguage\":\"fr-FR\"},{\"@type\":\"Organization\",\"@id\":\"https:\\\/\\\/www.retaildetail.be\\\/nl\\\/#organization\",\"name\":\"RetailDetail BE\",\"url\":\"https:\\\/\\\/www.retaildetail.be\\\/nl\\\/\",\"logo\":{\"@type\":\"ImageObject\",\"inLanguage\":\"fr-FR\",\"@id\":\"https:\\\/\\\/www.retaildetail.be\\\/nl\\\/#\\\/schema\\\/logo\\\/image\\\/\",\"url\":\"https:\\\/\\\/www.retaildetail.be\\\/wp-content\\\/uploads\\\/2022\\\/04\\\/logo.svg\",\"contentUrl\":\"https:\\\/\\\/www.retaildetail.be\\\/wp-content\\\/uploads\\\/2022\\\/04\\\/logo.svg\",\"width\":131,\"height\":70,\"caption\":\"RetailDetail BE\"},\"image\":{\"@id\":\"https:\\\/\\\/www.retaildetail.be\\\/nl\\\/#\\\/schema\\\/logo\\\/image\\\/\"}},{\"@type\":\"Person\",\"@id\":\"https:\\\/\\\/www.retaildetail.be\\\/nl\\\/#\\\/schema\\\/person\\\/71d9b89376db00e9b1aa8a2841e71a72\",\"name\":\"Jorg Snoeck\",\"image\":{\"@type\":\"ImageObject\",\"inLanguage\":\"fr-FR\",\"@id\":\"https:\\\/\\\/secure.gravatar.com\\\/avatar\\\/fc1bd94c7d40f2446e6bf778bb34cf9ab000168f63533cec8e072f4ad96ce7f3?s=96&d=mm&r=g\",\"url\":\"https:\\\/\\\/secure.gravatar.com\\\/avatar\\\/fc1bd94c7d40f2446e6bf778bb34cf9ab000168f63533cec8e072f4ad96ce7f3?s=96&d=mm&r=g\",\"contentUrl\":\"https:\\\/\\\/secure.gravatar.com\\\/avatar\\\/fc1bd94c7d40f2446e6bf778bb34cf9ab000168f63533cec8e072f4ad96ce7f3?s=96&d=mm&r=g\",\"caption\":\"Jorg Snoeck\"},\"url\":\"https:\\\/\\\/www.retaildetail.be\\\/fr\\\/author\\\/jorgsnoeck\\\/\"}]}<\/script>\n<!-- \/ Yoast SEO plugin. -->","yoast_head_json":{"title":"Del Monte trouve des repreneurs - RetailDetail BE","description":"La soci\u00e9t\u00e9 alimentaire am\u00e9ricaine Del Monte Foods, qui a demand\u00e9 la protection contre ses cr\u00e9anciers l'\u00e9t\u00e9 dernier, passe en partie sous le contr\u00f4le de son homonyme Del Monte Fresh,","robots":{"index":"index","follow":"follow","max-snippet":"max-snippet:-1","max-image-preview":"max-image-preview:large","max-video-preview":"max-video-preview:-1"},"canonical":"https:\/\/www.retaildetail.be\/fr\/news\/food\/del-monte-trouve-des-repreneurs\/","og_locale":"fr_FR","og_type":"article","og_title":"Del Monte trouve des repreneurs - RetailDetail BE","og_description":"La soci\u00e9t\u00e9 alimentaire am\u00e9ricaine Del Monte Foods, qui a demand\u00e9 la protection contre ses cr\u00e9anciers l'\u00e9t\u00e9 dernier, passe en partie sous le contr\u00f4le de son homonyme Del Monte Fresh,","og_url":"https:\/\/www.retaildetail.be\/fr\/news\/food\/del-monte-trouve-des-repreneurs\/","og_site_name":"RetailDetail BE","article_published_time":"2026-01-19T10:11:14+00:00","article_modified_time":"2026-02-02T13:34:29+00:00","og_image":[{"width":1000,"height":666,"url":"https:\/\/www.retaildetail.be\/wp-content\/uploads\/2026\/01\/del-monte-shutterstock_742550851-1.jpg","type":"image\/jpeg"}],"author":"Jorg Snoeck","twitter_card":"summary_large_image","twitter_misc":{"\u00c9crit par":"Jorg Snoeck","Dur\u00e9e de lecture estim\u00e9e":"2 minutes"},"schema":{"@context":"https:\/\/schema.org","@graph":[{"@type":"NewsArticle","@id":"https:\/\/www.retaildetail.be\/fr\/news\/food\/del-monte-trouve-des-repreneurs\/#article","isPartOf":{"@id":"https:\/\/www.retaildetail.be\/fr\/news\/food\/del-monte-trouve-des-repreneurs\/"},"author":{"name":"Jorg Snoeck","@id":"https:\/\/www.retaildetail.be\/nl\/#\/schema\/person\/71d9b89376db00e9b1aa8a2841e71a72"},"headline":"Del Monte trouve des repreneurs","datePublished":"2026-01-19T10:11:14+00:00","dateModified":"2026-02-02T13:34:29+00:00","mainEntityOfPage":{"@id":"https:\/\/www.retaildetail.be\/fr\/news\/food\/del-monte-trouve-des-repreneurs\/"},"wordCount":361,"publisher":{"@id":"https:\/\/www.retaildetail.be\/nl\/#organization"},"image":{"@id":"https:\/\/www.retaildetail.be\/fr\/news\/food\/del-monte-trouve-des-repreneurs\/#primaryimage"},"thumbnailUrl":"https:\/\/www.retaildetail.be\/wp-content\/uploads\/2026\/01\/del-monte-shutterstock_742550851-1.jpg","articleSection":["Food","Food"],"inLanguage":"fr-FR","copyrightYear":"2026","copyrightHolder":{"@id":"https:\/\/www.retaildetail.be\/#organization"}},{"@type":"WebPage","@id":"https:\/\/www.retaildetail.be\/fr\/news\/food\/del-monte-trouve-des-repreneurs\/","url":"https:\/\/www.retaildetail.be\/fr\/news\/food\/del-monte-trouve-des-repreneurs\/","name":"Del Monte trouve des repreneurs - RetailDetail BE","isPartOf":{"@id":"https:\/\/www.retaildetail.be\/nl\/#website"},"primaryImageOfPage":{"@id":"https:\/\/www.retaildetail.be\/fr\/news\/food\/del-monte-trouve-des-repreneurs\/#primaryimage"},"image":{"@id":"https:\/\/www.retaildetail.be\/fr\/news\/food\/del-monte-trouve-des-repreneurs\/#primaryimage"},"thumbnailUrl":"https:\/\/www.retaildetail.be\/wp-content\/uploads\/2026\/01\/del-monte-shutterstock_742550851-1.jpg","datePublished":"2026-01-19T10:11:14+00:00","dateModified":"2026-02-02T13:34:29+00:00","description":"La soci\u00e9t\u00e9 alimentaire am\u00e9ricaine Del Monte Foods, qui a demand\u00e9 la protection contre ses cr\u00e9anciers l'\u00e9t\u00e9 dernier, passe en partie sous le contr\u00f4le de son homonyme Del Monte Fresh,","breadcrumb":{"@id":"https:\/\/www.retaildetail.be\/fr\/news\/food\/del-monte-trouve-des-repreneurs\/#breadcrumb"},"inLanguage":"fr-FR","potentialAction":[{"@type":"ReadAction","target":["https:\/\/www.retaildetail.be\/fr\/news\/food\/del-monte-trouve-des-repreneurs\/"]}]},{"@type":"ImageObject","inLanguage":"fr-FR","@id":"https:\/\/www.retaildetail.be\/fr\/news\/food\/del-monte-trouve-des-repreneurs\/#primaryimage","url":"https:\/\/www.retaildetail.be\/wp-content\/uploads\/2026\/01\/del-monte-shutterstock_742550851-1.jpg","contentUrl":"https:\/\/www.retaildetail.be\/wp-content\/uploads\/2026\/01\/del-monte-shutterstock_742550851-1.jpg","width":1000,"height":666,"caption":"\u00a9 Sheila Fitzgerald \/ Shutterstock.com"},{"@type":"BreadcrumbList","@id":"https:\/\/www.retaildetail.be\/fr\/news\/food\/del-monte-trouve-des-repreneurs\/#breadcrumb","itemListElement":[{"@type":"ListItem","position":1,"name":"Home","item":"https:\/\/www.retaildetail.be\/fr\/"},{"@type":"ListItem","position":2,"name":"Del Monte trouve des repreneurs"}]},{"@type":"WebSite","@id":"https:\/\/www.retaildetail.be\/nl\/#website","url":"https:\/\/www.retaildetail.be\/nl\/","name":"RetailDetail BE","description":"News","publisher":{"@id":"https:\/\/www.retaildetail.be\/nl\/#organization"},"potentialAction":[{"@type":"SearchAction","target":{"@type":"EntryPoint","urlTemplate":"https:\/\/www.retaildetail.be\/nl\/?s={search_term_string}"},"query-input":{"@type":"PropertyValueSpecification","valueRequired":true,"valueName":"search_term_string"}}],"inLanguage":"fr-FR"},{"@type":"Organization","@id":"https:\/\/www.retaildetail.be\/nl\/#organization","name":"RetailDetail BE","url":"https:\/\/www.retaildetail.be\/nl\/","logo":{"@type":"ImageObject","inLanguage":"fr-FR","@id":"https:\/\/www.retaildetail.be\/nl\/#\/schema\/logo\/image\/","url":"https:\/\/www.retaildetail.be\/wp-content\/uploads\/2022\/04\/logo.svg","contentUrl":"https:\/\/www.retaildetail.be\/wp-content\/uploads\/2022\/04\/logo.svg","width":131,"height":70,"caption":"RetailDetail BE"},"image":{"@id":"https:\/\/www.retaildetail.be\/nl\/#\/schema\/logo\/image\/"}},{"@type":"Person","@id":"https:\/\/www.retaildetail.be\/nl\/#\/schema\/person\/71d9b89376db00e9b1aa8a2841e71a72","name":"Jorg Snoeck","image":{"@type":"ImageObject","inLanguage":"fr-FR","@id":"https:\/\/secure.gravatar.com\/avatar\/fc1bd94c7d40f2446e6bf778bb34cf9ab000168f63533cec8e072f4ad96ce7f3?s=96&d=mm&r=g","url":"https:\/\/secure.gravatar.com\/avatar\/fc1bd94c7d40f2446e6bf778bb34cf9ab000168f63533cec8e072f4ad96ce7f3?s=96&d=mm&r=g","contentUrl":"https:\/\/secure.gravatar.com\/avatar\/fc1bd94c7d40f2446e6bf778bb34cf9ab000168f63533cec8e072f4ad96ce7f3?s=96&d=mm&r=g","caption":"Jorg Snoeck"},"url":"https:\/\/www.retaildetail.be\/fr\/author\/jorgsnoeck\/"}]}},"jetpack_featured_media_url":"https:\/\/www.retaildetail.be\/wp-content\/uploads\/2026\/01\/del-monte-shutterstock_742550851-1.jpg","jetpack_sharing_enabled":true,"_links":{"self":[{"href":"https:\/\/www.retaildetail.be\/fr\/wp-json\/wp\/v2\/posts\/140074","targetHints":{"allow":["GET"]}}],"collection":[{"href":"https:\/\/www.retaildetail.be\/fr\/wp-json\/wp\/v2\/posts"}],"about":[{"href":"https:\/\/www.retaildetail.be\/fr\/wp-json\/wp\/v2\/types\/post"}],"author":[{"embeddable":true,"href":"https:\/\/www.retaildetail.be\/fr\/wp-json\/wp\/v2\/users\/10"}],"replies":[{"embeddable":true,"href":"https:\/\/www.retaildetail.be\/fr\/wp-json\/wp\/v2\/comments?post=140074"}],"version-history":[{"count":1,"href":"https:\/\/www.retaildetail.be\/fr\/wp-json\/wp\/v2\/posts\/140074\/revisions"}],"predecessor-version":[{"id":140079,"href":"https:\/\/www.retaildetail.be\/fr\/wp-json\/wp\/v2\/posts\/140074\/revisions\/140079"}],"wp:featuredmedia":[{"embeddable":true,"href":"https:\/\/www.retaildetail.be\/fr\/wp-json\/wp\/v2\/media\/140075"}],"wp:attachment":[{"href":"https:\/\/www.retaildetail.be\/fr\/wp-json\/wp\/v2\/media?parent=140074"}],"wp:term":[{"taxonomy":"category","embeddable":true,"href":"https:\/\/www.retaildetail.be\/fr\/wp-json\/wp\/v2\/categories?post=140074"},{"taxonomy":"post_tag","embeddable":true,"href":"https:\/\/www.retaildetail.be\/fr\/wp-json\/wp\/v2\/tags?post=140074"},{"taxonomy":"people","embeddable":true,"href":"https:\/\/www.retaildetail.be\/fr\/wp-json\/wp\/v2\/people?post=140074"},{"taxonomy":"extra","embeddable":true,"href":"https:\/\/www.retaildetail.be\/fr\/wp-json\/wp\/v2\/extra?post=140074"},{"taxonomy":"company","embeddable":true,"href":"https:\/\/www.retaildetail.be\/fr\/wp-json\/wp\/v2\/company?post=140074"},{"taxonomy":"topic","embeddable":true,"href":"https:\/\/www.retaildetail.be\/fr\/wp-json\/wp\/v2\/topic?post=140074"},{"taxonomy":"region","embeddable":true,"href":"https:\/\/www.retaildetail.be\/fr\/wp-json\/wp\/v2\/region?post=140074"}],"curies":[{"name":"wp","href":"https:\/\/api.w.org\/{rel}","templated":true}]}}