{"id":140094,"date":"2026-01-19T11:58:28","date_gmt":"2026-01-19T10:58:28","guid":{"rendered":"https:\/\/www.retaildetail.be\/?p=140094"},"modified":"2026-01-19T11:58:29","modified_gmt":"2026-01-19T10:58:29","slug":"interview-le-commerce-de-detail-est-de-moins-en-moins-axe-sur-le-produit-et-de-plus-en-plus-sur-lexperience-et-la-signification-guy-stevens-trademart","status":"publish","type":"post","link":"https:\/\/www.retaildetail.be\/fr\/news\/general\/interview-le-commerce-de-detail-est-de-moins-en-moins-axe-sur-le-produit-et-de-plus-en-plus-sur-lexperience-et-la-signification-guy-stevens-trademart\/","title":{"rendered":"[Interview] \u00ab Le retail est de moins en moins ax\u00e9 sur le produit, de plus en plus sur l&rsquo;exp\u00e9rience et la signification \u00bb (Guy Stevens, Trademart)"},"content":{"rendered":"\n<p>Le commerce physique l&#8217;emporte lorsqu&rsquo;il est significatif : lorsqu&rsquo;un magasin ne se contente pas de vendre, mais inspire et cr\u00e9e des liens, explique Guy Stevens, directeur de Trademart. \u00c0 l&rsquo;\u00e8re du num\u00e9rique, les consommateurs recherchent en effet l&rsquo;authenticit\u00e9 et le sens.<\/p>\n\n\n\n<h2 class=\"wp-block-heading\">Priorit\u00e9 aux relations et \u00e0 la confiance<\/h2>\n\n\n\n<p>Trademart, la plus grande plateforme de vente au d\u00e9tail B2B du Benelux, c\u00e9l\u00e8bre cette ann\u00e9e son 50e anniversaire. Avec plus de 1 500 marques et des dizaines de milliers de professionnels qui visitent chaque ann\u00e9e ses showrooms et ses salons professionnels, Trademart joue un r\u00f4le crucial dans la mani\u00e8re dont les articles de mode, de d\u00e9coration int\u00e9rieure et de lifestyle trouvent leur place dans les magasins belges. RetailDetail s&rsquo;est entretenu avec Guy Stevens, qui dirige Trademart Brussels depuis 2015, au sujet de la pertinence d&rsquo;une telle plateforme.<\/p>\n\n\n\n<p><strong>RetailDetail : \u00c0 l&rsquo;\u00e8re du num\u00e9rique, quelle est la valeur ajout\u00e9e d&rsquo;une plateforme de vente au d\u00e9tail B2B physique ?<\/strong><\/p>\n\n\n\n<p>Guy Stevens : \u00ab La valeur ajout\u00e9e d&rsquo;une plateforme B2B physique r\u00e9side aujourd&rsquo;hui dans la combinaison de l&rsquo;exp\u00e9rience, de la communaut\u00e9 et de l&rsquo;efficacit\u00e9. Trademart n&rsquo;est pas un grossiste classique, mais un \u00e9cosyst\u00e8me o\u00f9 les marques, les d\u00e9taillants et les agents se rencontrent, s&rsquo;inspirent et font des affaires de mani\u00e8re durable. \u00bb<\/p>\n\n\n\n<p>\u00ab Les plateformes en ligne sont particuli\u00e8rement performantes en mati\u00e8re de transactions et de rapidit\u00e9. Nous nous concentrons d\u00e9lib\u00e9r\u00e9ment sur les relations et la confiance. Gr\u00e2ce \u00e0 des outils num\u00e9riques, nous renfor\u00e7ons \u00e9galement cette connexion en dehors des murs du b\u00e2timent, mais le contact humain reste essentiel. Des \u00e9tudes men\u00e9es aupr\u00e8s d&rsquo;acheteurs professionnels montrent que les acheteurs qui travaillent exclusivement en ligne sont plus souvent insatisfaits, tandis que ceux qui ont \u00e9galement un contact physique avec les marques ou les vendeurs sont deux fois plus satisfaits. \u00bb<\/p>\n\n\n\n<p>\u00ab En outre, nous choisissons d\u00e9lib\u00e9r\u00e9ment des cat\u00e9gories de produits pour lesquelles l&rsquo;aspect, l&rsquo;inspiration et l&rsquo;exp\u00e9rience sont essentiels, et o\u00f9 le nombre de fournisseurs et d&rsquo;acheteurs professionnels est suffisamment important pour cr\u00e9er une r\u00e9elle valeur ajout\u00e9e. Ce n&rsquo;est que lorsque ces conditions sont r\u00e9unies qu&rsquo;une plateforme physique peut rester pertinente aujourd&rsquo;hui. \u00bb<\/p>\n\n\n\n<p><strong>Comment Trademart souhaite-t-il construire un \u00e9cosyst\u00e8me ?<\/strong><\/p>\n\n\n\n<p>\u00ab Les affaires reposent sur la confiance, et la confiance se d\u00e9veloppe surtout lorsque les gens se rencontrent en vrai. C&rsquo;est pourquoi nous voulons \u00eatre plus qu&rsquo;un simple espace en m\u00e8tres carr\u00e9s. Nous offrons aux marques non seulement de l&rsquo;espace, mais aussi un environnement rentable sur le plan commercial : une communaut\u00e9 inspirante, un public professionnel et des installations qui favorisent la croissance. Les marques qui utilisent strat\u00e9giquement leur pr\u00e9sence sur Trademart renforcent non seulement leur visibilit\u00e9, mais aussi leurs relations durables et la croissance de leur chiffre d&rsquo;affaires. Notre r\u00f4le est celui d&rsquo;un connecteur et d&rsquo;un facilitateur : nous s\u00e9lectionnons, connectons et renfor\u00e7ons. \u00bb<\/p>\n\n\n\n<h2 class=\"wp-block-heading\">Inspirer et connecter<\/h2>\n\n\n\n<p><strong>Les boutiques ind\u00e9pendantes, principales visiteuses de Trademart, ne sont-elles pas sous pression ?<\/strong><\/p>\n\n\n\n<p>\u00ab C&rsquo;est vrai : les boutiques ind\u00e9pendantes et les petits d\u00e9taillants sont sous pression sur de nombreux march\u00e9s, ce qui a bien s\u00fbr un impact sur leur relation avec les plateformes de vente en gros. Mais la situation est nuanc\u00e9e. Ce sont pr\u00e9cis\u00e9ment ces petits acteurs qui disposent souvent d&rsquo;atouts que les grandes cha\u00eenes ont moins : une s\u00e9lection rigoureuse, une exp\u00e9rience, un contact personnel et un sentiment d&rsquo;appartenance \u00e0 la communaut\u00e9 locale. Aujourd&rsquo;hui, les consommateurs recherchent davantage d&rsquo;authenticit\u00e9 et de sens, et les d\u00e9taillants ind\u00e9pendants r\u00e9pondent souvent tr\u00e8s bien \u00e0 cette demande. Notre r\u00f4le consiste \u00e0 les soutenir en leur apportant de l&rsquo;inspiration, des marques pertinentes et un gain de temps, afin qu&rsquo;ils puissent continuer \u00e0 se d\u00e9marquer. \u00bb<\/p>\n\n\n\n<p><strong>Quel est aujourd&rsquo;hui le pouvoir distinctif du commerce de d\u00e9tail physique ?<\/strong><\/p>\n\n\n\n<p>\u00ab Elle r\u00e9side aujourd&rsquo;hui beaucoup moins dans le prix ou l&rsquo;assortiment, et beaucoup plus dans l&rsquo;exp\u00e9rience, le contact humain et la proximit\u00e9. Chez Trademart, nous soutenons activement les d\u00e9taillants dans ce domaine. Nous organisons des conf\u00e9rences, des ateliers et des \u00e9v\u00e9nements inspirants sur des th\u00e8mes tels que le storytelling, la durabilit\u00e9 et le d\u00e9veloppement communautaire. En outre, nous encourageons les \u00e9changes et la coop\u00e9ration entre les d\u00e9taillants. Le commerce physique l&#8217;emporte lorsqu&rsquo;il a du sens : lorsqu&rsquo;un magasin ne se contente pas de vendre, mais inspire et cr\u00e9e du lien. \u00bb<\/p>\n\n\n\n<h2 class=\"wp-block-heading\">Des micro-tendances \u00e9ph\u00e9m\u00e8res aux macro-tendances durables<\/h2>\n\n\n\n<p><strong>Quelles sont les principales conclusions du rapport sur les tendances <em>\u00ab Du Forecast \u00e0 votre For You Page<\/em> \u00bb ?<\/strong><\/p>\n\n\n\n<p>\u00ab Une conclusion importante est que les tendances sont aujourd&rsquo;hui moins pr\u00e9visibles et moins lin\u00e9aires. Les pr\u00e9visions de tendances classiques c\u00e8dent la place \u00e0 une interaction dynamique entre les changements sociaux, la cr\u00e9ativit\u00e9 et surtout les r\u00e9seaux sociaux. Des plateformes telles qu&rsquo;Instagram et TikTok acc\u00e9l\u00e8rent la formation des tendances, mais un engouement ne devient une v\u00e9ritable tendance que lorsque les consommateurs lui donnent eux-m\u00eames un sens et qu&rsquo;il est port\u00e9 par une communaut\u00e9. Dans le m\u00eame temps, le rapport montre clairement que l&rsquo;exp\u00e9rience hors ligne est loin d&rsquo;avoir disparu. Le magasin physique reste un lieu crucial pour les consommateurs belges en termes d&rsquo;inspiration, d&rsquo;exp\u00e9rience et de contact humain, des \u00e9l\u00e9ments difficiles \u00e0 remplacer en ligne. \u00bb<\/p>\n\n\n\n<p>\u00ab La Belgique occupe une position particuli\u00e8re \u00e0 cet \u00e9gard. Les consommateurs belges sont critiques et adoptent souvent les tendances avec plus de prudence. Ils pr\u00e9f\u00e8rent la qualit\u00e9 intemporelle aux modes \u00e9ph\u00e9m\u00e8res. Cela fait de la Belgique un pays test int\u00e9ressant : les tendances qui y rencontrent du succ\u00e8s ont souvent un potentiel \u00e0 long terme. \u00bb<\/p>\n\n\n\n<p>\u00ab Un autre point important \u00e0 noter est le passage de micro-tendances rapides \u00e0 des macro-tendances plus durables. Les petites modes en ligne apparaissent et disparaissent tr\u00e8s rapidement, mais les mouvements plus larges \u2014 tels que la recherche d&rsquo;authenticit\u00e9, la cr\u00e9ation de communaut\u00e9s et la narration significative \u2014 ont un impact beaucoup plus important. Les marques qui misent sur l&rsquo;authenticit\u00e9 et la connexion \u00e9tablissent des relations plus solides et plus durables avec leurs clients. \u00bb<\/p>\n\n\n\n<p>\u00ab Enfin, le rapport souligne \u00e9galement l&rsquo;importance de la coop\u00e9ration et de la production locales. La Belgique poss\u00e8de une forte tradition cr\u00e9ative et, en pensant et en coop\u00e9rant davantage au niveau local, le secteur peut se repositionner dans un contexte international. En bref, le rapport montre que les tendances qui ont du succ\u00e8s aujourd&rsquo;hui doivent non seulement \u00eatre visibles sur la \u00ab For You Page \u00bb, mais aussi \u00eatre perceptibles dans la vie r\u00e9elle. \u00bb<\/p>\n\n\n\n<p><strong>Quelles sont les tendances qui se dessinent dans les domaines de la mode, de la d\u00e9coration int\u00e9rieure, des enfants et du lifestyle ?<\/strong><\/p>\n\n\n\n<p>\u00ab Le fil rouge qui relie tous ces secteurs est que l&rsquo;accent est de moins en moins mis sur le produit en soi, et de plus en plus sur l&rsquo;exp\u00e9rience et la signification. Les gens veulent faire des choix qui correspondent \u00e0 leur identit\u00e9 et \u00e0 leurs valeurs. La durabilit\u00e9 et la consommation responsable jouent un r\u00f4le important \u00e0 cet \u00e9gard : la qualit\u00e9, l&rsquo;origine et la dur\u00e9e de vie deviennent plus importantes. En outre, les fronti\u00e8res entre les secteurs s&rsquo;estompent : la mode, la d\u00e9coration int\u00e9rieure et le lifestyle se confondent de plus en plus pour former une exp\u00e9rience globale. Enfin, la connexion et le bien-\u00eatre sont au centre des pr\u00e9occupations : le confort, la valeur \u00e9motionnelle et l&rsquo;\u00e9quilibre d\u00e9terminent la fa\u00e7on dont les gens vivent, s&rsquo;habillent et m\u00e8nent leur vie.<\/p>\n\n\n\n<h2 class=\"wp-block-heading\">Acc\u00e9l\u00e9rer le d\u00e9veloppement de la couche num\u00e9rique<\/h2>\n\n\n\n<p><strong>Quels projets d&rsquo;innovation sont pr\u00e9vus chez Trademart pour 2026 ?<\/strong><\/p>\n\n\n\n<p>\u00ab En 2026, nous continuerons \u00e0 investir dans la modernisation du b\u00e2timent. Ces derni\u00e8res ann\u00e9es, nous avons r\u00e9nov\u00e9 chaque d\u00e9partement \u00e9tape par \u00e9tape, et nous poursuivons cette approche. Parall\u00e8lement, nous r\u00e9novons notre infrastructure \u00e9nerg\u00e9tique et climatique afin d&rsquo;am\u00e9liorer structurellement le confort et la durabilit\u00e9.<\/p>\n\n\n\n<p>\u00ab En outre, nous acc\u00e9l\u00e9rons le d\u00e9veloppement de notre couche num\u00e9rique. Gr\u00e2ce \u00e0 des outils tels que MyTrademart, nous am\u00e9liorons la facilit\u00e9 de recherche, la gestion des rendez-vous et la recherche de produits\/marques. En 2026, nous prendrons des mesures claires en faveur d&rsquo;applications plus int\u00e9gr\u00e9es et ax\u00e9es sur les donn\u00e9es, qui seront \u00e9galement pertinentes en dehors des visites physiques. \u00bb<\/p>\n\n\n\n<p>\u00ab Sur le plan strat\u00e9gique, nous explorons \u00e9galement de nouveaux domaines de croissance. Les cosm\u00e9tiques et la beaut\u00e9 constituent un segment caract\u00e9ris\u00e9 par une forte dynamique B2B, o\u00f9 l&rsquo;exp\u00e9rience et les conseils professionnels occupent une place centrale. Nous travaillons \u00e9galement \u00e0 de nouveaux concepts ax\u00e9s sur les services, notamment un \u00ab Service Village \u00bb, qui regroupe l&rsquo;assistance et l&rsquo;expertise pour les marques et les d\u00e9taillants. Pour le march\u00e9 des projets, nous d\u00e9veloppons le \u00ab Brussels Interior Lab \u00bb : une plateforme \u00e0 forte valeur ajout\u00e9e, ax\u00e9e sur le conseil, la curation et l&rsquo;accompagnement de projets d&rsquo;am\u00e9nagement int\u00e9rieur. Notre choix est clair : le physique reste au c\u0153ur de Trademart, mais l&rsquo;innovation r\u00e9side dans la combinaison de l&rsquo;espace, du service et du soutien num\u00e9rique. \u00bb<\/p>\n\n\n\n<p><\/p>\n","protected":false},"excerpt":{"rendered":"<p>Le commerce physique l&#8217;emporte lorsqu&rsquo;il a du sens : lorsqu&rsquo;un magasin ne se contente pas de vendre, mais inspire et cr\u00e9e du lien, explique Guy Stevens, directeur de Trademart. \u00c0 l&rsquo;\u00e8re du num\u00e9rique, les consommateurs recherchent en effet l&rsquo;authenticit\u00e9 et le sens.<\/p>\n","protected":false},"author":3,"featured_media":140095,"comment_status":"closed","ping_status":"closed","sticky":false,"template":"","format":"standard","meta":{"_acf_changed":false,"inline_featured_image":false,"_jetpack_memberships_contains_paid_content":false,"footnotes":""},"categories":[15,25],"tags":[],"people":[],"extra":[43],"company":[1540],"topic":[643],"region":[226],"class_list":["post-140094","post","type-post","status-publish","format-standard","has-post-thumbnail","hentry","category-algemeen","category-general","extra-plus","company-trademart","topic-interview","region-belgique"],"acf":[],"yoast_head":"<!-- This site is optimized with the Yoast SEO plugin v27.3 - https:\/\/yoast.com\/product\/yoast-seo-wordpress\/ -->\n<title>[Interview] \u00ab Le retail est de moins en moins ax\u00e9 sur le produit, de plus en plus sur l&#039;exp\u00e9rience et la signification \u00bb (Guy Stevens, Trademart) - RetailDetail BE<\/title>\n<meta name=\"description\" content=\"Le commerce physique l&#039;emporte lorsqu&#039;il est significatif : lorsqu&#039;un magasin ne se contente pas de vendre, mais inspire et cr\u00e9e des liens, explique Guy Stevens, directeur de Trademart.\" \/>\n<meta name=\"robots\" content=\"index, follow, max-snippet:-1, max-image-preview:large, max-video-preview:-1\" \/>\n<link rel=\"canonical\" href=\"https:\/\/www.retaildetail.be\/fr\/news\/general\/interview-le-commerce-de-detail-est-de-moins-en-moins-axe-sur-le-produit-et-de-plus-en-plus-sur-lexperience-et-la-signification-guy-stevens-trademart\/\" \/>\n<meta property=\"og:locale\" content=\"fr_FR\" \/>\n<meta property=\"og:type\" content=\"article\" \/>\n<meta property=\"og:title\" content=\"[Interview] \u00ab Le retail est de moins en moins ax\u00e9 sur le produit, de plus en plus sur l&#039;exp\u00e9rience et la signification \u00bb (Guy Stevens, Trademart) - RetailDetail BE\" \/>\n<meta property=\"og:description\" content=\"Le commerce physique l&#039;emporte lorsqu&#039;il est significatif : lorsqu&#039;un magasin ne se contente pas de vendre, mais inspire et cr\u00e9e des liens, explique Guy Stevens, directeur de Trademart.\" \/>\n<meta property=\"og:url\" content=\"https:\/\/www.retaildetail.be\/fr\/news\/general\/interview-le-commerce-de-detail-est-de-moins-en-moins-axe-sur-le-produit-et-de-plus-en-plus-sur-lexperience-et-la-signification-guy-stevens-trademart\/\" \/>\n<meta property=\"og:site_name\" content=\"RetailDetail BE\" \/>\n<meta property=\"article:published_time\" content=\"2026-01-19T10:58:28+00:00\" \/>\n<meta property=\"article:modified_time\" content=\"2026-01-19T10:58:29+00:00\" \/>\n<meta property=\"og:image\" content=\"https:\/\/www.retaildetail.be\/wp-content\/uploads\/2026\/01\/Guy-Stevens-Trademart-Brussels-1.jpg\" \/>\n\t<meta property=\"og:image:width\" content=\"1053\" \/>\n\t<meta property=\"og:image:height\" content=\"817\" \/>\n\t<meta property=\"og:image:type\" content=\"image\/jpeg\" \/>\n<meta name=\"author\" content=\"Stefan Van Rompaey\" \/>\n<meta name=\"twitter:card\" content=\"summary_large_image\" \/>\n<meta name=\"twitter:label1\" content=\"\u00c9crit par\" \/>\n\t<meta name=\"twitter:data1\" content=\"Stefan Van Rompaey\" \/>\n\t<meta name=\"twitter:label2\" content=\"Dur\u00e9e de lecture estim\u00e9e\" \/>\n\t<meta name=\"twitter:data2\" content=\"8 minutes\" \/>\n<script type=\"application\/ld+json\" class=\"yoast-schema-graph\">{\"@context\":\"https:\\\/\\\/schema.org\",\"@graph\":[{\"@type\":\"NewsArticle\",\"@id\":\"https:\\\/\\\/www.retaildetail.be\\\/fr\\\/news\\\/general\\\/interview-le-commerce-de-detail-est-de-moins-en-moins-axe-sur-le-produit-et-de-plus-en-plus-sur-lexperience-et-la-signification-guy-stevens-trademart\\\/#article\",\"isPartOf\":{\"@id\":\"https:\\\/\\\/www.retaildetail.be\\\/fr\\\/news\\\/general\\\/interview-le-commerce-de-detail-est-de-moins-en-moins-axe-sur-le-produit-et-de-plus-en-plus-sur-lexperience-et-la-signification-guy-stevens-trademart\\\/\"},\"author\":{\"name\":\"Stefan Van Rompaey\",\"@id\":\"https:\\\/\\\/www.retaildetail.be\\\/nl\\\/#\\\/schema\\\/person\\\/51aec6069c4416aa2f68b2e4ff3455df\"},\"headline\":\"[Interview] \u00ab Le retail est de moins en moins ax\u00e9 sur le produit, de plus en plus sur l&rsquo;exp\u00e9rience et la signification \u00bb (Guy Stevens, Trademart)\",\"datePublished\":\"2026-01-19T10:58:28+00:00\",\"dateModified\":\"2026-01-19T10:58:29+00:00\",\"mainEntityOfPage\":{\"@id\":\"https:\\\/\\\/www.retaildetail.be\\\/fr\\\/news\\\/general\\\/interview-le-commerce-de-detail-est-de-moins-en-moins-axe-sur-le-produit-et-de-plus-en-plus-sur-lexperience-et-la-signification-guy-stevens-trademart\\\/\"},\"wordCount\":1623,\"publisher\":{\"@id\":\"https:\\\/\\\/www.retaildetail.be\\\/nl\\\/#organization\"},\"image\":{\"@id\":\"https:\\\/\\\/www.retaildetail.be\\\/fr\\\/news\\\/general\\\/interview-le-commerce-de-detail-est-de-moins-en-moins-axe-sur-le-produit-et-de-plus-en-plus-sur-lexperience-et-la-signification-guy-stevens-trademart\\\/#primaryimage\"},\"thumbnailUrl\":\"https:\\\/\\\/www.retaildetail.be\\\/wp-content\\\/uploads\\\/2026\\\/01\\\/Guy-Stevens-Trademart-Brussels-1.jpg\",\"articleSection\":[\"Algemeen\",\"G\u00e9n\u00e9ral\"],\"inLanguage\":\"fr-FR\",\"copyrightYear\":\"2026\",\"copyrightHolder\":{\"@id\":\"https:\\\/\\\/www.retaildetail.be\\\/#organization\"}},{\"@type\":\"WebPage\",\"@id\":\"https:\\\/\\\/www.retaildetail.be\\\/fr\\\/news\\\/general\\\/interview-le-commerce-de-detail-est-de-moins-en-moins-axe-sur-le-produit-et-de-plus-en-plus-sur-lexperience-et-la-signification-guy-stevens-trademart\\\/\",\"url\":\"https:\\\/\\\/www.retaildetail.be\\\/fr\\\/news\\\/general\\\/interview-le-commerce-de-detail-est-de-moins-en-moins-axe-sur-le-produit-et-de-plus-en-plus-sur-lexperience-et-la-signification-guy-stevens-trademart\\\/\",\"name\":\"[Interview] \u00ab Le retail est de moins en moins ax\u00e9 sur le produit, de plus en plus sur l'exp\u00e9rience et la signification \u00bb (Guy Stevens, Trademart) - RetailDetail BE\",\"isPartOf\":{\"@id\":\"https:\\\/\\\/www.retaildetail.be\\\/nl\\\/#website\"},\"primaryImageOfPage\":{\"@id\":\"https:\\\/\\\/www.retaildetail.be\\\/fr\\\/news\\\/general\\\/interview-le-commerce-de-detail-est-de-moins-en-moins-axe-sur-le-produit-et-de-plus-en-plus-sur-lexperience-et-la-signification-guy-stevens-trademart\\\/#primaryimage\"},\"image\":{\"@id\":\"https:\\\/\\\/www.retaildetail.be\\\/fr\\\/news\\\/general\\\/interview-le-commerce-de-detail-est-de-moins-en-moins-axe-sur-le-produit-et-de-plus-en-plus-sur-lexperience-et-la-signification-guy-stevens-trademart\\\/#primaryimage\"},\"thumbnailUrl\":\"https:\\\/\\\/www.retaildetail.be\\\/wp-content\\\/uploads\\\/2026\\\/01\\\/Guy-Stevens-Trademart-Brussels-1.jpg\",\"datePublished\":\"2026-01-19T10:58:28+00:00\",\"dateModified\":\"2026-01-19T10:58:29+00:00\",\"description\":\"Le commerce physique l'emporte lorsqu'il est significatif : lorsqu'un magasin ne se contente pas de vendre, mais inspire et cr\u00e9e des liens, explique Guy Stevens, directeur de Trademart.\",\"breadcrumb\":{\"@id\":\"https:\\\/\\\/www.retaildetail.be\\\/fr\\\/news\\\/general\\\/interview-le-commerce-de-detail-est-de-moins-en-moins-axe-sur-le-produit-et-de-plus-en-plus-sur-lexperience-et-la-signification-guy-stevens-trademart\\\/#breadcrumb\"},\"inLanguage\":\"fr-FR\",\"potentialAction\":[{\"@type\":\"ReadAction\",\"target\":[\"https:\\\/\\\/www.retaildetail.be\\\/fr\\\/news\\\/general\\\/interview-le-commerce-de-detail-est-de-moins-en-moins-axe-sur-le-produit-et-de-plus-en-plus-sur-lexperience-et-la-signification-guy-stevens-trademart\\\/\"]}]},{\"@type\":\"ImageObject\",\"inLanguage\":\"fr-FR\",\"@id\":\"https:\\\/\\\/www.retaildetail.be\\\/fr\\\/news\\\/general\\\/interview-le-commerce-de-detail-est-de-moins-en-moins-axe-sur-le-produit-et-de-plus-en-plus-sur-lexperience-et-la-signification-guy-stevens-trademart\\\/#primaryimage\",\"url\":\"https:\\\/\\\/www.retaildetail.be\\\/wp-content\\\/uploads\\\/2026\\\/01\\\/Guy-Stevens-Trademart-Brussels-1.jpg\",\"contentUrl\":\"https:\\\/\\\/www.retaildetail.be\\\/wp-content\\\/uploads\\\/2026\\\/01\\\/Guy-Stevens-Trademart-Brussels-1.jpg\",\"width\":1053,\"height\":817,\"caption\":\"Guy Stevens, Trademart Brussels\"},{\"@type\":\"BreadcrumbList\",\"@id\":\"https:\\\/\\\/www.retaildetail.be\\\/fr\\\/news\\\/general\\\/interview-le-commerce-de-detail-est-de-moins-en-moins-axe-sur-le-produit-et-de-plus-en-plus-sur-lexperience-et-la-signification-guy-stevens-trademart\\\/#breadcrumb\",\"itemListElement\":[{\"@type\":\"ListItem\",\"position\":1,\"name\":\"Home\",\"item\":\"https:\\\/\\\/www.retaildetail.be\\\/fr\\\/\"},{\"@type\":\"ListItem\",\"position\":2,\"name\":\"[Interview] \u00ab Le retail est de moins en moins ax\u00e9 sur le produit, de plus en plus sur l&#8217;exp\u00e9rience et la signification \u00bb (Guy Stevens, Trademart)\"}]},{\"@type\":\"WebSite\",\"@id\":\"https:\\\/\\\/www.retaildetail.be\\\/nl\\\/#website\",\"url\":\"https:\\\/\\\/www.retaildetail.be\\\/nl\\\/\",\"name\":\"RetailDetail BE\",\"description\":\"News\",\"publisher\":{\"@id\":\"https:\\\/\\\/www.retaildetail.be\\\/nl\\\/#organization\"},\"potentialAction\":[{\"@type\":\"SearchAction\",\"target\":{\"@type\":\"EntryPoint\",\"urlTemplate\":\"https:\\\/\\\/www.retaildetail.be\\\/nl\\\/?s={search_term_string}\"},\"query-input\":{\"@type\":\"PropertyValueSpecification\",\"valueRequired\":true,\"valueName\":\"search_term_string\"}}],\"inLanguage\":\"fr-FR\"},{\"@type\":\"Organization\",\"@id\":\"https:\\\/\\\/www.retaildetail.be\\\/nl\\\/#organization\",\"name\":\"RetailDetail BE\",\"url\":\"https:\\\/\\\/www.retaildetail.be\\\/nl\\\/\",\"logo\":{\"@type\":\"ImageObject\",\"inLanguage\":\"fr-FR\",\"@id\":\"https:\\\/\\\/www.retaildetail.be\\\/nl\\\/#\\\/schema\\\/logo\\\/image\\\/\",\"url\":\"https:\\\/\\\/www.retaildetail.be\\\/wp-content\\\/uploads\\\/2022\\\/04\\\/logo.svg\",\"contentUrl\":\"https:\\\/\\\/www.retaildetail.be\\\/wp-content\\\/uploads\\\/2022\\\/04\\\/logo.svg\",\"width\":131,\"height\":70,\"caption\":\"RetailDetail BE\"},\"image\":{\"@id\":\"https:\\\/\\\/www.retaildetail.be\\\/nl\\\/#\\\/schema\\\/logo\\\/image\\\/\"}},{\"@type\":\"Person\",\"@id\":\"https:\\\/\\\/www.retaildetail.be\\\/nl\\\/#\\\/schema\\\/person\\\/51aec6069c4416aa2f68b2e4ff3455df\",\"name\":\"Stefan Van Rompaey\",\"image\":{\"@type\":\"ImageObject\",\"inLanguage\":\"fr-FR\",\"@id\":\"https:\\\/\\\/secure.gravatar.com\\\/avatar\\\/fbbb4a80a0f109888b2a5ab8ae255617499ecde533749b3ab2fa6c23b5d65dac?s=96&d=mm&r=g\",\"url\":\"https:\\\/\\\/secure.gravatar.com\\\/avatar\\\/fbbb4a80a0f109888b2a5ab8ae255617499ecde533749b3ab2fa6c23b5d65dac?s=96&d=mm&r=g\",\"contentUrl\":\"https:\\\/\\\/secure.gravatar.com\\\/avatar\\\/fbbb4a80a0f109888b2a5ab8ae255617499ecde533749b3ab2fa6c23b5d65dac?s=96&d=mm&r=g\",\"caption\":\"Stefan Van Rompaey\"},\"url\":\"https:\\\/\\\/www.retaildetail.be\\\/fr\\\/author\\\/stefanvanrompaey\\\/\"}]}<\/script>\n<!-- \/ Yoast SEO plugin. -->","yoast_head_json":{"title":"[Interview] \u00ab Le retail est de moins en moins ax\u00e9 sur le produit, de plus en plus sur l'exp\u00e9rience et la signification \u00bb (Guy Stevens, Trademart) - RetailDetail BE","description":"Le commerce physique l'emporte lorsqu'il est significatif : lorsqu'un magasin ne se contente pas de vendre, mais inspire et cr\u00e9e des liens, explique Guy Stevens, directeur de Trademart.","robots":{"index":"index","follow":"follow","max-snippet":"max-snippet:-1","max-image-preview":"max-image-preview:large","max-video-preview":"max-video-preview:-1"},"canonical":"https:\/\/www.retaildetail.be\/fr\/news\/general\/interview-le-commerce-de-detail-est-de-moins-en-moins-axe-sur-le-produit-et-de-plus-en-plus-sur-lexperience-et-la-signification-guy-stevens-trademart\/","og_locale":"fr_FR","og_type":"article","og_title":"[Interview] \u00ab Le retail est de moins en moins ax\u00e9 sur le produit, de plus en plus sur l'exp\u00e9rience et la signification \u00bb (Guy Stevens, Trademart) - RetailDetail BE","og_description":"Le commerce physique l'emporte lorsqu'il est significatif : lorsqu'un magasin ne se contente pas de vendre, mais inspire et cr\u00e9e des liens, explique Guy Stevens, directeur de Trademart.","og_url":"https:\/\/www.retaildetail.be\/fr\/news\/general\/interview-le-commerce-de-detail-est-de-moins-en-moins-axe-sur-le-produit-et-de-plus-en-plus-sur-lexperience-et-la-signification-guy-stevens-trademart\/","og_site_name":"RetailDetail BE","article_published_time":"2026-01-19T10:58:28+00:00","article_modified_time":"2026-01-19T10:58:29+00:00","og_image":[{"width":1053,"height":817,"url":"https:\/\/www.retaildetail.be\/wp-content\/uploads\/2026\/01\/Guy-Stevens-Trademart-Brussels-1.jpg","type":"image\/jpeg"}],"author":"Stefan Van Rompaey","twitter_card":"summary_large_image","twitter_misc":{"\u00c9crit par":"Stefan Van Rompaey","Dur\u00e9e de lecture estim\u00e9e":"8 minutes"},"schema":{"@context":"https:\/\/schema.org","@graph":[{"@type":"NewsArticle","@id":"https:\/\/www.retaildetail.be\/fr\/news\/general\/interview-le-commerce-de-detail-est-de-moins-en-moins-axe-sur-le-produit-et-de-plus-en-plus-sur-lexperience-et-la-signification-guy-stevens-trademart\/#article","isPartOf":{"@id":"https:\/\/www.retaildetail.be\/fr\/news\/general\/interview-le-commerce-de-detail-est-de-moins-en-moins-axe-sur-le-produit-et-de-plus-en-plus-sur-lexperience-et-la-signification-guy-stevens-trademart\/"},"author":{"name":"Stefan Van Rompaey","@id":"https:\/\/www.retaildetail.be\/nl\/#\/schema\/person\/51aec6069c4416aa2f68b2e4ff3455df"},"headline":"[Interview] \u00ab Le retail est de moins en moins ax\u00e9 sur le produit, de plus en plus sur l&rsquo;exp\u00e9rience et la signification \u00bb (Guy Stevens, Trademart)","datePublished":"2026-01-19T10:58:28+00:00","dateModified":"2026-01-19T10:58:29+00:00","mainEntityOfPage":{"@id":"https:\/\/www.retaildetail.be\/fr\/news\/general\/interview-le-commerce-de-detail-est-de-moins-en-moins-axe-sur-le-produit-et-de-plus-en-plus-sur-lexperience-et-la-signification-guy-stevens-trademart\/"},"wordCount":1623,"publisher":{"@id":"https:\/\/www.retaildetail.be\/nl\/#organization"},"image":{"@id":"https:\/\/www.retaildetail.be\/fr\/news\/general\/interview-le-commerce-de-detail-est-de-moins-en-moins-axe-sur-le-produit-et-de-plus-en-plus-sur-lexperience-et-la-signification-guy-stevens-trademart\/#primaryimage"},"thumbnailUrl":"https:\/\/www.retaildetail.be\/wp-content\/uploads\/2026\/01\/Guy-Stevens-Trademart-Brussels-1.jpg","articleSection":["Algemeen","G\u00e9n\u00e9ral"],"inLanguage":"fr-FR","copyrightYear":"2026","copyrightHolder":{"@id":"https:\/\/www.retaildetail.be\/#organization"}},{"@type":"WebPage","@id":"https:\/\/www.retaildetail.be\/fr\/news\/general\/interview-le-commerce-de-detail-est-de-moins-en-moins-axe-sur-le-produit-et-de-plus-en-plus-sur-lexperience-et-la-signification-guy-stevens-trademart\/","url":"https:\/\/www.retaildetail.be\/fr\/news\/general\/interview-le-commerce-de-detail-est-de-moins-en-moins-axe-sur-le-produit-et-de-plus-en-plus-sur-lexperience-et-la-signification-guy-stevens-trademart\/","name":"[Interview] \u00ab Le retail est de moins en moins ax\u00e9 sur le produit, de plus en plus sur l'exp\u00e9rience et la signification \u00bb (Guy Stevens, Trademart) - RetailDetail BE","isPartOf":{"@id":"https:\/\/www.retaildetail.be\/nl\/#website"},"primaryImageOfPage":{"@id":"https:\/\/www.retaildetail.be\/fr\/news\/general\/interview-le-commerce-de-detail-est-de-moins-en-moins-axe-sur-le-produit-et-de-plus-en-plus-sur-lexperience-et-la-signification-guy-stevens-trademart\/#primaryimage"},"image":{"@id":"https:\/\/www.retaildetail.be\/fr\/news\/general\/interview-le-commerce-de-detail-est-de-moins-en-moins-axe-sur-le-produit-et-de-plus-en-plus-sur-lexperience-et-la-signification-guy-stevens-trademart\/#primaryimage"},"thumbnailUrl":"https:\/\/www.retaildetail.be\/wp-content\/uploads\/2026\/01\/Guy-Stevens-Trademart-Brussels-1.jpg","datePublished":"2026-01-19T10:58:28+00:00","dateModified":"2026-01-19T10:58:29+00:00","description":"Le commerce physique l'emporte lorsqu'il est significatif : lorsqu'un magasin ne se contente pas de vendre, mais inspire et cr\u00e9e des liens, explique Guy Stevens, directeur de Trademart.","breadcrumb":{"@id":"https:\/\/www.retaildetail.be\/fr\/news\/general\/interview-le-commerce-de-detail-est-de-moins-en-moins-axe-sur-le-produit-et-de-plus-en-plus-sur-lexperience-et-la-signification-guy-stevens-trademart\/#breadcrumb"},"inLanguage":"fr-FR","potentialAction":[{"@type":"ReadAction","target":["https:\/\/www.retaildetail.be\/fr\/news\/general\/interview-le-commerce-de-detail-est-de-moins-en-moins-axe-sur-le-produit-et-de-plus-en-plus-sur-lexperience-et-la-signification-guy-stevens-trademart\/"]}]},{"@type":"ImageObject","inLanguage":"fr-FR","@id":"https:\/\/www.retaildetail.be\/fr\/news\/general\/interview-le-commerce-de-detail-est-de-moins-en-moins-axe-sur-le-produit-et-de-plus-en-plus-sur-lexperience-et-la-signification-guy-stevens-trademart\/#primaryimage","url":"https:\/\/www.retaildetail.be\/wp-content\/uploads\/2026\/01\/Guy-Stevens-Trademart-Brussels-1.jpg","contentUrl":"https:\/\/www.retaildetail.be\/wp-content\/uploads\/2026\/01\/Guy-Stevens-Trademart-Brussels-1.jpg","width":1053,"height":817,"caption":"Guy Stevens, Trademart Brussels"},{"@type":"BreadcrumbList","@id":"https:\/\/www.retaildetail.be\/fr\/news\/general\/interview-le-commerce-de-detail-est-de-moins-en-moins-axe-sur-le-produit-et-de-plus-en-plus-sur-lexperience-et-la-signification-guy-stevens-trademart\/#breadcrumb","itemListElement":[{"@type":"ListItem","position":1,"name":"Home","item":"https:\/\/www.retaildetail.be\/fr\/"},{"@type":"ListItem","position":2,"name":"[Interview] \u00ab Le retail est de moins en moins ax\u00e9 sur le produit, de plus en plus sur l&#8217;exp\u00e9rience et la signification \u00bb (Guy Stevens, Trademart)"}]},{"@type":"WebSite","@id":"https:\/\/www.retaildetail.be\/nl\/#website","url":"https:\/\/www.retaildetail.be\/nl\/","name":"RetailDetail BE","description":"News","publisher":{"@id":"https:\/\/www.retaildetail.be\/nl\/#organization"},"potentialAction":[{"@type":"SearchAction","target":{"@type":"EntryPoint","urlTemplate":"https:\/\/www.retaildetail.be\/nl\/?s={search_term_string}"},"query-input":{"@type":"PropertyValueSpecification","valueRequired":true,"valueName":"search_term_string"}}],"inLanguage":"fr-FR"},{"@type":"Organization","@id":"https:\/\/www.retaildetail.be\/nl\/#organization","name":"RetailDetail BE","url":"https:\/\/www.retaildetail.be\/nl\/","logo":{"@type":"ImageObject","inLanguage":"fr-FR","@id":"https:\/\/www.retaildetail.be\/nl\/#\/schema\/logo\/image\/","url":"https:\/\/www.retaildetail.be\/wp-content\/uploads\/2022\/04\/logo.svg","contentUrl":"https:\/\/www.retaildetail.be\/wp-content\/uploads\/2022\/04\/logo.svg","width":131,"height":70,"caption":"RetailDetail BE"},"image":{"@id":"https:\/\/www.retaildetail.be\/nl\/#\/schema\/logo\/image\/"}},{"@type":"Person","@id":"https:\/\/www.retaildetail.be\/nl\/#\/schema\/person\/51aec6069c4416aa2f68b2e4ff3455df","name":"Stefan Van Rompaey","image":{"@type":"ImageObject","inLanguage":"fr-FR","@id":"https:\/\/secure.gravatar.com\/avatar\/fbbb4a80a0f109888b2a5ab8ae255617499ecde533749b3ab2fa6c23b5d65dac?s=96&d=mm&r=g","url":"https:\/\/secure.gravatar.com\/avatar\/fbbb4a80a0f109888b2a5ab8ae255617499ecde533749b3ab2fa6c23b5d65dac?s=96&d=mm&r=g","contentUrl":"https:\/\/secure.gravatar.com\/avatar\/fbbb4a80a0f109888b2a5ab8ae255617499ecde533749b3ab2fa6c23b5d65dac?s=96&d=mm&r=g","caption":"Stefan Van Rompaey"},"url":"https:\/\/www.retaildetail.be\/fr\/author\/stefanvanrompaey\/"}]}},"jetpack_featured_media_url":"https:\/\/www.retaildetail.be\/wp-content\/uploads\/2026\/01\/Guy-Stevens-Trademart-Brussels-1.jpg","jetpack_sharing_enabled":true,"_links":{"self":[{"href":"https:\/\/www.retaildetail.be\/fr\/wp-json\/wp\/v2\/posts\/140094","targetHints":{"allow":["GET"]}}],"collection":[{"href":"https:\/\/www.retaildetail.be\/fr\/wp-json\/wp\/v2\/posts"}],"about":[{"href":"https:\/\/www.retaildetail.be\/fr\/wp-json\/wp\/v2\/types\/post"}],"author":[{"embeddable":true,"href":"https:\/\/www.retaildetail.be\/fr\/wp-json\/wp\/v2\/users\/3"}],"replies":[{"embeddable":true,"href":"https:\/\/www.retaildetail.be\/fr\/wp-json\/wp\/v2\/comments?post=140094"}],"version-history":[{"count":1,"href":"https:\/\/www.retaildetail.be\/fr\/wp-json\/wp\/v2\/posts\/140094\/revisions"}],"predecessor-version":[{"id":140098,"href":"https:\/\/www.retaildetail.be\/fr\/wp-json\/wp\/v2\/posts\/140094\/revisions\/140098"}],"wp:featuredmedia":[{"embeddable":true,"href":"https:\/\/www.retaildetail.be\/fr\/wp-json\/wp\/v2\/media\/140095"}],"wp:attachment":[{"href":"https:\/\/www.retaildetail.be\/fr\/wp-json\/wp\/v2\/media?parent=140094"}],"wp:term":[{"taxonomy":"category","embeddable":true,"href":"https:\/\/www.retaildetail.be\/fr\/wp-json\/wp\/v2\/categories?post=140094"},{"taxonomy":"post_tag","embeddable":true,"href":"https:\/\/www.retaildetail.be\/fr\/wp-json\/wp\/v2\/tags?post=140094"},{"taxonomy":"people","embeddable":true,"href":"https:\/\/www.retaildetail.be\/fr\/wp-json\/wp\/v2\/people?post=140094"},{"taxonomy":"extra","embeddable":true,"href":"https:\/\/www.retaildetail.be\/fr\/wp-json\/wp\/v2\/extra?post=140094"},{"taxonomy":"company","embeddable":true,"href":"https:\/\/www.retaildetail.be\/fr\/wp-json\/wp\/v2\/company?post=140094"},{"taxonomy":"topic","embeddable":true,"href":"https:\/\/www.retaildetail.be\/fr\/wp-json\/wp\/v2\/topic?post=140094"},{"taxonomy":"region","embeddable":true,"href":"https:\/\/www.retaildetail.be\/fr\/wp-json\/wp\/v2\/region?post=140094"}],"curies":[{"name":"wp","href":"https:\/\/api.w.org\/{rel}","templated":true}]}}