{"id":140103,"date":"2026-01-19T12:15:21","date_gmt":"2026-01-19T11:15:21","guid":{"rendered":"https:\/\/www.retaildetail.be\/?p=140103"},"modified":"2026-02-02T14:35:08","modified_gmt":"2026-02-02T13:35:08","slug":"les-clients-soucieux-des-prix-pesent-sur-les-benefices-de-douglas","status":"publish","type":"post","link":"https:\/\/www.retaildetail.be\/fr\/news\/beaute-soins\/les-clients-soucieux-des-prix-pesent-sur-les-benefices-de-douglas\/","title":{"rendered":"Les clients soucieux des prix p\u00e8sent sur les b\u00e9n\u00e9fices de Douglas"},"content":{"rendered":"\n<p>Les acheteurs soucieux des prix ont pes\u00e9 sur la rentabilit\u00e9 de <strong>Douglas <\/strong>pendant<strong> <\/strong>la p\u00e9riode de No\u00ebl. Malgr\u00e9 une l\u00e9g\u00e8re augmentation du chiffre d&rsquo;affaires, la marge a diminu\u00e9. La cha\u00eene de parfumeries maintient toutefois ses pr\u00e9visions annuelles.<\/p>\n\n\n\n<h2 class=\"wp-block-heading\">Un mois de d\u00e9cembre morose<\/h2>\n\n\n\n<p>Selon les chiffres provisoires, le chiffre d&rsquo;affaires de Douglas pour le premier trimestre de l&rsquo;exercice fiscal d\u00e9cal\u00e9, clos en d\u00e9cembre, a augment\u00e9 de 1,7 % en glissement annuel pour atteindre 1,67 milliard d&rsquo;euros, a annonc\u00e9 lundi la soci\u00e9t\u00e9. Toutefois, la marge EBITDA ajust\u00e9e (avant int\u00e9r\u00eats, imp\u00f4ts, d\u00e9pr\u00e9ciations, amortissements et \u00e9l\u00e9ments exceptionnels) a baiss\u00e9 \u00e0 19,9 %, contre 21,5 % un an plus t\u00f4t. <\/p>\n\n\n\n<p>Le d\u00e9taillant souligne la faiblesse du mois de d\u00e9cembre en Allemagne, aux Pays-Bas et en France. Le chiffre d&rsquo;affaires des magasins a augment\u00e9 de 0,4 % au premier trimestre, en partie gr\u00e2ce \u00e0 l&rsquo;ouverture de 13 magasins suppl\u00e9mentaires, tandis que les ventes en ligne ont progress\u00e9 de 4,2 %. <\/p>\n\n\n\n<p>Douglas attribue cette \u00e9volution \u00e0 une plus grande attention port\u00e9e aux prix par les clients. Les promotions organis\u00e9es autour du Singles&rsquo; Day et de la Black Week ont relativement bien fonctionn\u00e9, mais ont \u00e9galement anticip\u00e9 les achats de No\u00ebl. Le PDG Sander van der Laan continue toutefois de tabler sur un chiffre d&rsquo;affaires annuel compris entre 4,65 et 4,8 milliards d&rsquo;euros jusqu&rsquo;\u00e0 la fin septembre. Douglas pr\u00e9voit une marge op\u00e9rationnelle ajust\u00e9e d&rsquo;environ 16,5 %.<\/p>\n\n\n\n<p><\/p>\n","protected":false},"excerpt":{"rendered":"<p>Les acheteurs soucieux des prix ont pes\u00e9 sur la rentabilit\u00e9 de Douglas pendant la p\u00e9riode de No\u00ebl. Malgr\u00e9 une l\u00e9g\u00e8re augmentation du chiffre d&rsquo;affaires, la marge a diminu\u00e9. La cha\u00eene de parfumeries maintient toutefois ses pr\u00e9visions annuelles.<\/p>\n","protected":false},"author":3,"featured_media":140104,"comment_status":"closed","ping_status":"closed","sticky":false,"template":"","format":"standard","meta":{"_acf_changed":false,"inline_featured_image":false,"_jetpack_memberships_contains_paid_content":false,"footnotes":""},"categories":[27,19],"tags":[],"people":[],"extra":[43],"company":[939],"topic":[266],"region":[],"class_list":["post-140103","post","type-post","status-publish","format-standard","has-post-thumbnail","hentry","category-beaute-soins","category-schoonheid-verzorging","extra-plus","company-douglas","topic-resultats-financiers"],"acf":[],"yoast_head":"<!-- This site is optimized with the Yoast SEO plugin v27.3 - https:\/\/yoast.com\/product\/yoast-seo-wordpress\/ -->\n<title>Les clients soucieux des prix p\u00e8sent sur les b\u00e9n\u00e9fices de Douglas - RetailDetail BE<\/title>\n<meta name=\"description\" content=\"Les acheteurs soucieux des prix ont pes\u00e9 sur la rentabilit\u00e9 de Douglas pendant la p\u00e9riode de No\u00ebl.\" \/>\n<meta name=\"robots\" content=\"index, follow, max-snippet:-1, max-image-preview:large, max-video-preview:-1\" \/>\n<link rel=\"canonical\" href=\"https:\/\/www.retaildetail.be\/fr\/news\/beaute-soins\/les-clients-soucieux-des-prix-pesent-sur-les-benefices-de-douglas\/\" \/>\n<meta property=\"og:locale\" content=\"fr_FR\" \/>\n<meta property=\"og:type\" content=\"article\" \/>\n<meta property=\"og:title\" content=\"Les clients soucieux des prix p\u00e8sent sur les b\u00e9n\u00e9fices de Douglas - RetailDetail BE\" \/>\n<meta property=\"og:description\" content=\"Les acheteurs soucieux des prix ont pes\u00e9 sur la rentabilit\u00e9 de Douglas pendant la p\u00e9riode de No\u00ebl.\" \/>\n<meta property=\"og:url\" content=\"https:\/\/www.retaildetail.be\/fr\/news\/beaute-soins\/les-clients-soucieux-des-prix-pesent-sur-les-benefices-de-douglas\/\" \/>\n<meta property=\"og:site_name\" content=\"RetailDetail BE\" \/>\n<meta property=\"article:published_time\" content=\"2026-01-19T11:15:21+00:00\" \/>\n<meta property=\"article:modified_time\" content=\"2026-02-02T13:35:08+00:00\" \/>\n<meta property=\"og:image\" content=\"https:\/\/www.retaildetail.be\/wp-content\/uploads\/2026\/01\/Douglas-gevel-winkel-1.jpg\" \/>\n\t<meta property=\"og:image:width\" content=\"1000\" \/>\n\t<meta property=\"og:image:height\" content=\"667\" \/>\n\t<meta property=\"og:image:type\" content=\"image\/jpeg\" \/>\n<meta name=\"author\" content=\"Stefan Van Rompaey\" \/>\n<meta name=\"twitter:card\" content=\"summary_large_image\" \/>\n<meta name=\"twitter:label1\" content=\"\u00c9crit par\" \/>\n\t<meta name=\"twitter:data1\" content=\"Stefan Van Rompaey\" \/>\n\t<meta name=\"twitter:label2\" content=\"Dur\u00e9e de lecture estim\u00e9e\" \/>\n\t<meta name=\"twitter:data2\" content=\"1 minute\" \/>\n<script type=\"application\/ld+json\" class=\"yoast-schema-graph\">{\"@context\":\"https:\\\/\\\/schema.org\",\"@graph\":[{\"@type\":\"NewsArticle\",\"@id\":\"https:\\\/\\\/www.retaildetail.be\\\/fr\\\/news\\\/beaute-soins\\\/les-clients-soucieux-des-prix-pesent-sur-les-benefices-de-douglas\\\/#article\",\"isPartOf\":{\"@id\":\"https:\\\/\\\/www.retaildetail.be\\\/fr\\\/news\\\/beaute-soins\\\/les-clients-soucieux-des-prix-pesent-sur-les-benefices-de-douglas\\\/\"},\"author\":{\"name\":\"Stefan Van Rompaey\",\"@id\":\"https:\\\/\\\/www.retaildetail.be\\\/nl\\\/#\\\/schema\\\/person\\\/51aec6069c4416aa2f68b2e4ff3455df\"},\"headline\":\"Les clients soucieux des prix p\u00e8sent sur les b\u00e9n\u00e9fices de Douglas\",\"datePublished\":\"2026-01-19T11:15:21+00:00\",\"dateModified\":\"2026-02-02T13:35:08+00:00\",\"mainEntityOfPage\":{\"@id\":\"https:\\\/\\\/www.retaildetail.be\\\/fr\\\/news\\\/beaute-soins\\\/les-clients-soucieux-des-prix-pesent-sur-les-benefices-de-douglas\\\/\"},\"wordCount\":260,\"publisher\":{\"@id\":\"https:\\\/\\\/www.retaildetail.be\\\/nl\\\/#organization\"},\"image\":{\"@id\":\"https:\\\/\\\/www.retaildetail.be\\\/fr\\\/news\\\/beaute-soins\\\/les-clients-soucieux-des-prix-pesent-sur-les-benefices-de-douglas\\\/#primaryimage\"},\"thumbnailUrl\":\"https:\\\/\\\/www.retaildetail.be\\\/wp-content\\\/uploads\\\/2026\\\/01\\\/Douglas-gevel-winkel-1.jpg\",\"articleSection\":[\"Beaut\u00e9\\\/Soins\",\"Schoonheid\\\/verzorging\"],\"inLanguage\":\"fr-FR\",\"copyrightYear\":\"2026\",\"copyrightHolder\":{\"@id\":\"https:\\\/\\\/www.retaildetail.be\\\/#organization\"}},{\"@type\":\"WebPage\",\"@id\":\"https:\\\/\\\/www.retaildetail.be\\\/fr\\\/news\\\/beaute-soins\\\/les-clients-soucieux-des-prix-pesent-sur-les-benefices-de-douglas\\\/\",\"url\":\"https:\\\/\\\/www.retaildetail.be\\\/fr\\\/news\\\/beaute-soins\\\/les-clients-soucieux-des-prix-pesent-sur-les-benefices-de-douglas\\\/\",\"name\":\"Les clients soucieux des prix p\u00e8sent sur les b\u00e9n\u00e9fices de Douglas - RetailDetail BE\",\"isPartOf\":{\"@id\":\"https:\\\/\\\/www.retaildetail.be\\\/nl\\\/#website\"},\"primaryImageOfPage\":{\"@id\":\"https:\\\/\\\/www.retaildetail.be\\\/fr\\\/news\\\/beaute-soins\\\/les-clients-soucieux-des-prix-pesent-sur-les-benefices-de-douglas\\\/#primaryimage\"},\"image\":{\"@id\":\"https:\\\/\\\/www.retaildetail.be\\\/fr\\\/news\\\/beaute-soins\\\/les-clients-soucieux-des-prix-pesent-sur-les-benefices-de-douglas\\\/#primaryimage\"},\"thumbnailUrl\":\"https:\\\/\\\/www.retaildetail.be\\\/wp-content\\\/uploads\\\/2026\\\/01\\\/Douglas-gevel-winkel-1.jpg\",\"datePublished\":\"2026-01-19T11:15:21+00:00\",\"dateModified\":\"2026-02-02T13:35:08+00:00\",\"description\":\"Les acheteurs soucieux des prix ont pes\u00e9 sur la rentabilit\u00e9 de Douglas pendant la p\u00e9riode de No\u00ebl.\",\"breadcrumb\":{\"@id\":\"https:\\\/\\\/www.retaildetail.be\\\/fr\\\/news\\\/beaute-soins\\\/les-clients-soucieux-des-prix-pesent-sur-les-benefices-de-douglas\\\/#breadcrumb\"},\"inLanguage\":\"fr-FR\",\"potentialAction\":[{\"@type\":\"ReadAction\",\"target\":[\"https:\\\/\\\/www.retaildetail.be\\\/fr\\\/news\\\/beaute-soins\\\/les-clients-soucieux-des-prix-pesent-sur-les-benefices-de-douglas\\\/\"]}]},{\"@type\":\"ImageObject\",\"inLanguage\":\"fr-FR\",\"@id\":\"https:\\\/\\\/www.retaildetail.be\\\/fr\\\/news\\\/beaute-soins\\\/les-clients-soucieux-des-prix-pesent-sur-les-benefices-de-douglas\\\/#primaryimage\",\"url\":\"https:\\\/\\\/www.retaildetail.be\\\/wp-content\\\/uploads\\\/2026\\\/01\\\/Douglas-gevel-winkel-1.jpg\",\"contentUrl\":\"https:\\\/\\\/www.retaildetail.be\\\/wp-content\\\/uploads\\\/2026\\\/01\\\/Douglas-gevel-winkel-1.jpg\",\"width\":1000,\"height\":667,\"caption\":\"Tupungato \\\/ Shutterstock.com\"},{\"@type\":\"BreadcrumbList\",\"@id\":\"https:\\\/\\\/www.retaildetail.be\\\/fr\\\/news\\\/beaute-soins\\\/les-clients-soucieux-des-prix-pesent-sur-les-benefices-de-douglas\\\/#breadcrumb\",\"itemListElement\":[{\"@type\":\"ListItem\",\"position\":1,\"name\":\"Home\",\"item\":\"https:\\\/\\\/www.retaildetail.be\\\/fr\\\/\"},{\"@type\":\"ListItem\",\"position\":2,\"name\":\"Les clients soucieux des prix p\u00e8sent sur les b\u00e9n\u00e9fices de Douglas\"}]},{\"@type\":\"WebSite\",\"@id\":\"https:\\\/\\\/www.retaildetail.be\\\/nl\\\/#website\",\"url\":\"https:\\\/\\\/www.retaildetail.be\\\/nl\\\/\",\"name\":\"RetailDetail BE\",\"description\":\"News\",\"publisher\":{\"@id\":\"https:\\\/\\\/www.retaildetail.be\\\/nl\\\/#organization\"},\"potentialAction\":[{\"@type\":\"SearchAction\",\"target\":{\"@type\":\"EntryPoint\",\"urlTemplate\":\"https:\\\/\\\/www.retaildetail.be\\\/nl\\\/?s={search_term_string}\"},\"query-input\":{\"@type\":\"PropertyValueSpecification\",\"valueRequired\":true,\"valueName\":\"search_term_string\"}}],\"inLanguage\":\"fr-FR\"},{\"@type\":\"Organization\",\"@id\":\"https:\\\/\\\/www.retaildetail.be\\\/nl\\\/#organization\",\"name\":\"RetailDetail BE\",\"url\":\"https:\\\/\\\/www.retaildetail.be\\\/nl\\\/\",\"logo\":{\"@type\":\"ImageObject\",\"inLanguage\":\"fr-FR\",\"@id\":\"https:\\\/\\\/www.retaildetail.be\\\/nl\\\/#\\\/schema\\\/logo\\\/image\\\/\",\"url\":\"https:\\\/\\\/www.retaildetail.be\\\/wp-content\\\/uploads\\\/2022\\\/04\\\/logo.svg\",\"contentUrl\":\"https:\\\/\\\/www.retaildetail.be\\\/wp-content\\\/uploads\\\/2022\\\/04\\\/logo.svg\",\"width\":131,\"height\":70,\"caption\":\"RetailDetail BE\"},\"image\":{\"@id\":\"https:\\\/\\\/www.retaildetail.be\\\/nl\\\/#\\\/schema\\\/logo\\\/image\\\/\"}},{\"@type\":\"Person\",\"@id\":\"https:\\\/\\\/www.retaildetail.be\\\/nl\\\/#\\\/schema\\\/person\\\/51aec6069c4416aa2f68b2e4ff3455df\",\"name\":\"Stefan Van Rompaey\",\"image\":{\"@type\":\"ImageObject\",\"inLanguage\":\"fr-FR\",\"@id\":\"https:\\\/\\\/secure.gravatar.com\\\/avatar\\\/fbbb4a80a0f109888b2a5ab8ae255617499ecde533749b3ab2fa6c23b5d65dac?s=96&d=mm&r=g\",\"url\":\"https:\\\/\\\/secure.gravatar.com\\\/avatar\\\/fbbb4a80a0f109888b2a5ab8ae255617499ecde533749b3ab2fa6c23b5d65dac?s=96&d=mm&r=g\",\"contentUrl\":\"https:\\\/\\\/secure.gravatar.com\\\/avatar\\\/fbbb4a80a0f109888b2a5ab8ae255617499ecde533749b3ab2fa6c23b5d65dac?s=96&d=mm&r=g\",\"caption\":\"Stefan Van Rompaey\"},\"url\":\"https:\\\/\\\/www.retaildetail.be\\\/fr\\\/author\\\/stefanvanrompaey\\\/\"}]}<\/script>\n<!-- \/ Yoast SEO plugin. -->","yoast_head_json":{"title":"Les clients soucieux des prix p\u00e8sent sur les b\u00e9n\u00e9fices de Douglas - RetailDetail BE","description":"Les acheteurs soucieux des prix ont pes\u00e9 sur la rentabilit\u00e9 de Douglas pendant la p\u00e9riode de No\u00ebl.","robots":{"index":"index","follow":"follow","max-snippet":"max-snippet:-1","max-image-preview":"max-image-preview:large","max-video-preview":"max-video-preview:-1"},"canonical":"https:\/\/www.retaildetail.be\/fr\/news\/beaute-soins\/les-clients-soucieux-des-prix-pesent-sur-les-benefices-de-douglas\/","og_locale":"fr_FR","og_type":"article","og_title":"Les clients soucieux des prix p\u00e8sent sur les b\u00e9n\u00e9fices de Douglas - RetailDetail BE","og_description":"Les acheteurs soucieux des prix ont pes\u00e9 sur la rentabilit\u00e9 de Douglas pendant la p\u00e9riode de No\u00ebl.","og_url":"https:\/\/www.retaildetail.be\/fr\/news\/beaute-soins\/les-clients-soucieux-des-prix-pesent-sur-les-benefices-de-douglas\/","og_site_name":"RetailDetail BE","article_published_time":"2026-01-19T11:15:21+00:00","article_modified_time":"2026-02-02T13:35:08+00:00","og_image":[{"width":1000,"height":667,"url":"https:\/\/www.retaildetail.be\/wp-content\/uploads\/2026\/01\/Douglas-gevel-winkel-1.jpg","type":"image\/jpeg"}],"author":"Stefan Van Rompaey","twitter_card":"summary_large_image","twitter_misc":{"\u00c9crit par":"Stefan Van Rompaey","Dur\u00e9e de lecture estim\u00e9e":"1 minute"},"schema":{"@context":"https:\/\/schema.org","@graph":[{"@type":"NewsArticle","@id":"https:\/\/www.retaildetail.be\/fr\/news\/beaute-soins\/les-clients-soucieux-des-prix-pesent-sur-les-benefices-de-douglas\/#article","isPartOf":{"@id":"https:\/\/www.retaildetail.be\/fr\/news\/beaute-soins\/les-clients-soucieux-des-prix-pesent-sur-les-benefices-de-douglas\/"},"author":{"name":"Stefan Van Rompaey","@id":"https:\/\/www.retaildetail.be\/nl\/#\/schema\/person\/51aec6069c4416aa2f68b2e4ff3455df"},"headline":"Les clients soucieux des prix p\u00e8sent sur les b\u00e9n\u00e9fices de Douglas","datePublished":"2026-01-19T11:15:21+00:00","dateModified":"2026-02-02T13:35:08+00:00","mainEntityOfPage":{"@id":"https:\/\/www.retaildetail.be\/fr\/news\/beaute-soins\/les-clients-soucieux-des-prix-pesent-sur-les-benefices-de-douglas\/"},"wordCount":260,"publisher":{"@id":"https:\/\/www.retaildetail.be\/nl\/#organization"},"image":{"@id":"https:\/\/www.retaildetail.be\/fr\/news\/beaute-soins\/les-clients-soucieux-des-prix-pesent-sur-les-benefices-de-douglas\/#primaryimage"},"thumbnailUrl":"https:\/\/www.retaildetail.be\/wp-content\/uploads\/2026\/01\/Douglas-gevel-winkel-1.jpg","articleSection":["Beaut\u00e9\/Soins","Schoonheid\/verzorging"],"inLanguage":"fr-FR","copyrightYear":"2026","copyrightHolder":{"@id":"https:\/\/www.retaildetail.be\/#organization"}},{"@type":"WebPage","@id":"https:\/\/www.retaildetail.be\/fr\/news\/beaute-soins\/les-clients-soucieux-des-prix-pesent-sur-les-benefices-de-douglas\/","url":"https:\/\/www.retaildetail.be\/fr\/news\/beaute-soins\/les-clients-soucieux-des-prix-pesent-sur-les-benefices-de-douglas\/","name":"Les clients soucieux des prix p\u00e8sent sur les b\u00e9n\u00e9fices de Douglas - RetailDetail BE","isPartOf":{"@id":"https:\/\/www.retaildetail.be\/nl\/#website"},"primaryImageOfPage":{"@id":"https:\/\/www.retaildetail.be\/fr\/news\/beaute-soins\/les-clients-soucieux-des-prix-pesent-sur-les-benefices-de-douglas\/#primaryimage"},"image":{"@id":"https:\/\/www.retaildetail.be\/fr\/news\/beaute-soins\/les-clients-soucieux-des-prix-pesent-sur-les-benefices-de-douglas\/#primaryimage"},"thumbnailUrl":"https:\/\/www.retaildetail.be\/wp-content\/uploads\/2026\/01\/Douglas-gevel-winkel-1.jpg","datePublished":"2026-01-19T11:15:21+00:00","dateModified":"2026-02-02T13:35:08+00:00","description":"Les acheteurs soucieux des prix ont pes\u00e9 sur la rentabilit\u00e9 de Douglas pendant la p\u00e9riode de No\u00ebl.","breadcrumb":{"@id":"https:\/\/www.retaildetail.be\/fr\/news\/beaute-soins\/les-clients-soucieux-des-prix-pesent-sur-les-benefices-de-douglas\/#breadcrumb"},"inLanguage":"fr-FR","potentialAction":[{"@type":"ReadAction","target":["https:\/\/www.retaildetail.be\/fr\/news\/beaute-soins\/les-clients-soucieux-des-prix-pesent-sur-les-benefices-de-douglas\/"]}]},{"@type":"ImageObject","inLanguage":"fr-FR","@id":"https:\/\/www.retaildetail.be\/fr\/news\/beaute-soins\/les-clients-soucieux-des-prix-pesent-sur-les-benefices-de-douglas\/#primaryimage","url":"https:\/\/www.retaildetail.be\/wp-content\/uploads\/2026\/01\/Douglas-gevel-winkel-1.jpg","contentUrl":"https:\/\/www.retaildetail.be\/wp-content\/uploads\/2026\/01\/Douglas-gevel-winkel-1.jpg","width":1000,"height":667,"caption":"Tupungato \/ Shutterstock.com"},{"@type":"BreadcrumbList","@id":"https:\/\/www.retaildetail.be\/fr\/news\/beaute-soins\/les-clients-soucieux-des-prix-pesent-sur-les-benefices-de-douglas\/#breadcrumb","itemListElement":[{"@type":"ListItem","position":1,"name":"Home","item":"https:\/\/www.retaildetail.be\/fr\/"},{"@type":"ListItem","position":2,"name":"Les clients soucieux des prix p\u00e8sent sur les b\u00e9n\u00e9fices de Douglas"}]},{"@type":"WebSite","@id":"https:\/\/www.retaildetail.be\/nl\/#website","url":"https:\/\/www.retaildetail.be\/nl\/","name":"RetailDetail BE","description":"News","publisher":{"@id":"https:\/\/www.retaildetail.be\/nl\/#organization"},"potentialAction":[{"@type":"SearchAction","target":{"@type":"EntryPoint","urlTemplate":"https:\/\/www.retaildetail.be\/nl\/?s={search_term_string}"},"query-input":{"@type":"PropertyValueSpecification","valueRequired":true,"valueName":"search_term_string"}}],"inLanguage":"fr-FR"},{"@type":"Organization","@id":"https:\/\/www.retaildetail.be\/nl\/#organization","name":"RetailDetail BE","url":"https:\/\/www.retaildetail.be\/nl\/","logo":{"@type":"ImageObject","inLanguage":"fr-FR","@id":"https:\/\/www.retaildetail.be\/nl\/#\/schema\/logo\/image\/","url":"https:\/\/www.retaildetail.be\/wp-content\/uploads\/2022\/04\/logo.svg","contentUrl":"https:\/\/www.retaildetail.be\/wp-content\/uploads\/2022\/04\/logo.svg","width":131,"height":70,"caption":"RetailDetail BE"},"image":{"@id":"https:\/\/www.retaildetail.be\/nl\/#\/schema\/logo\/image\/"}},{"@type":"Person","@id":"https:\/\/www.retaildetail.be\/nl\/#\/schema\/person\/51aec6069c4416aa2f68b2e4ff3455df","name":"Stefan Van Rompaey","image":{"@type":"ImageObject","inLanguage":"fr-FR","@id":"https:\/\/secure.gravatar.com\/avatar\/fbbb4a80a0f109888b2a5ab8ae255617499ecde533749b3ab2fa6c23b5d65dac?s=96&d=mm&r=g","url":"https:\/\/secure.gravatar.com\/avatar\/fbbb4a80a0f109888b2a5ab8ae255617499ecde533749b3ab2fa6c23b5d65dac?s=96&d=mm&r=g","contentUrl":"https:\/\/secure.gravatar.com\/avatar\/fbbb4a80a0f109888b2a5ab8ae255617499ecde533749b3ab2fa6c23b5d65dac?s=96&d=mm&r=g","caption":"Stefan Van Rompaey"},"url":"https:\/\/www.retaildetail.be\/fr\/author\/stefanvanrompaey\/"}]}},"jetpack_featured_media_url":"https:\/\/www.retaildetail.be\/wp-content\/uploads\/2026\/01\/Douglas-gevel-winkel-1.jpg","jetpack_sharing_enabled":true,"_links":{"self":[{"href":"https:\/\/www.retaildetail.be\/fr\/wp-json\/wp\/v2\/posts\/140103","targetHints":{"allow":["GET"]}}],"collection":[{"href":"https:\/\/www.retaildetail.be\/fr\/wp-json\/wp\/v2\/posts"}],"about":[{"href":"https:\/\/www.retaildetail.be\/fr\/wp-json\/wp\/v2\/types\/post"}],"author":[{"embeddable":true,"href":"https:\/\/www.retaildetail.be\/fr\/wp-json\/wp\/v2\/users\/3"}],"replies":[{"embeddable":true,"href":"https:\/\/www.retaildetail.be\/fr\/wp-json\/wp\/v2\/comments?post=140103"}],"version-history":[{"count":1,"href":"https:\/\/www.retaildetail.be\/fr\/wp-json\/wp\/v2\/posts\/140103\/revisions"}],"predecessor-version":[{"id":140106,"href":"https:\/\/www.retaildetail.be\/fr\/wp-json\/wp\/v2\/posts\/140103\/revisions\/140106"}],"wp:featuredmedia":[{"embeddable":true,"href":"https:\/\/www.retaildetail.be\/fr\/wp-json\/wp\/v2\/media\/140104"}],"wp:attachment":[{"href":"https:\/\/www.retaildetail.be\/fr\/wp-json\/wp\/v2\/media?parent=140103"}],"wp:term":[{"taxonomy":"category","embeddable":true,"href":"https:\/\/www.retaildetail.be\/fr\/wp-json\/wp\/v2\/categories?post=140103"},{"taxonomy":"post_tag","embeddable":true,"href":"https:\/\/www.retaildetail.be\/fr\/wp-json\/wp\/v2\/tags?post=140103"},{"taxonomy":"people","embeddable":true,"href":"https:\/\/www.retaildetail.be\/fr\/wp-json\/wp\/v2\/people?post=140103"},{"taxonomy":"extra","embeddable":true,"href":"https:\/\/www.retaildetail.be\/fr\/wp-json\/wp\/v2\/extra?post=140103"},{"taxonomy":"company","embeddable":true,"href":"https:\/\/www.retaildetail.be\/fr\/wp-json\/wp\/v2\/company?post=140103"},{"taxonomy":"topic","embeddable":true,"href":"https:\/\/www.retaildetail.be\/fr\/wp-json\/wp\/v2\/topic?post=140103"},{"taxonomy":"region","embeddable":true,"href":"https:\/\/www.retaildetail.be\/fr\/wp-json\/wp\/v2\/region?post=140103"}],"curies":[{"name":"wp","href":"https:\/\/api.w.org\/{rel}","templated":true}]}}