{"id":140109,"date":"2026-01-19T12:31:05","date_gmt":"2026-01-19T11:31:05","guid":{"rendered":"https:\/\/www.retaildetail.be\/?p=140109"},"modified":"2026-02-02T14:35:28","modified_gmt":"2026-02-02T13:35:28","slug":"le-nombre-de-plaintes-chez-jysk-atteint-son-niveau-le-plus-bas-jamais-enregistre","status":"publish","type":"post","link":"https:\/\/www.retaildetail.be\/fr\/news\/maison-deco\/le-nombre-de-plaintes-chez-jysk-atteint-son-niveau-le-plus-bas-jamais-enregistre\/","title":{"rendered":"Le nombre de plaintes chez Jysk atteint son niveau le plus bas jamais enregistr\u00e9"},"content":{"rendered":"\n<p>La cha\u00eene danoise de magasins d&rsquo;ameublement <strong>Jysk <\/strong>a<strong> <\/strong>r\u00e9ussi \u00e0 r\u00e9duire le nombre de r\u00e9clamations clients \u00e0 son niveau le plus bas jamais atteint : en dix ans, le nombre de plaintes concernant des produits d\u00e9fectueux a diminu\u00e9 de plus de moiti\u00e9.<\/p>\n\n\n\n<h2 class=\"wp-block-heading\">Am\u00e9lioration des instructions de montage<\/h2>\n\n\n\n<p>Au cours du dernier exercice, le nombre de r\u00e9clamations clients s&rsquo;est \u00e9lev\u00e9 \u00e0 seulement 0,15 %, soit 15 pour 10 000 produits vendus. Par rapport \u00e0 il y a dix ans, le nombre de r\u00e9clamations a diminu\u00e9 de 67 %, indique le d\u00e9taillant dans un communiqu\u00e9 de presse. Cette baisse est visible dans toutes les cat\u00e9gories de produits, la plus forte am\u00e9lioration \u00e9tant observ\u00e9e dans le domaine du mobilier. Une r\u00e9clamation client est enregistr\u00e9e lorsqu&rsquo;un client re\u00e7oit un produit de remplacement ou un remboursement (partiel) lors du retour d&rsquo;un produit d\u00e9fectueux.<\/p>\n\n\n\n<p>Jysk attribue cette am\u00e9lioration \u00e0 une attention particuli\u00e8re port\u00e9e \u00e0 la qualit\u00e9, \u00e0 des inspections suppl\u00e9mentaires et \u00e0 des instructions de montage am\u00e9lior\u00e9es. \u00ab Les instructions de montage jouent un r\u00f4le important dans la pr\u00e9vention des r\u00e9clamations des clients. C&rsquo;est pourquoi nous avons demand\u00e9 aux clients de nous faire part de leurs commentaires et nous les avons utilis\u00e9s pour am\u00e9liorer continuellement les instructions. Des instructions claires sont essentielles pour assembler correctement un produit et \u00e9viter qu&rsquo;il ne soit consid\u00e9r\u00e9 \u00e0 tort comme d\u00e9fectueux \u00bb, explique Lars Ringtved Nielsen, directeur de la qualit\u00e9. Le travail sur la qualit\u00e9 des produits est un \u00e9l\u00e9ment important des efforts de Jysk en mati\u00e8re de d\u00e9veloppement durable.<\/p>\n","protected":false},"excerpt":{"rendered":"<p>La cha\u00eene danoise de magasins d&rsquo;ameublement Jysk a r\u00e9ussi \u00e0 r\u00e9duire le nombre de r\u00e9clamations clients \u00e0 son niveau le plus bas jamais atteint : en dix ans, le nombre de plaintes concernant des produits d\u00e9fectueux a diminu\u00e9 de plus de moiti\u00e9.<\/p>\n","protected":false},"author":3,"featured_media":140110,"comment_status":"closed","ping_status":"closed","sticky":false,"template":"","format":"standard","meta":{"_acf_changed":false,"inline_featured_image":false,"_jetpack_memberships_contains_paid_content":false,"footnotes":""},"categories":[29,21],"tags":[],"people":[],"extra":[],"company":[567],"topic":[373],"region":[],"class_list":["post-140109","post","type-post","status-publish","format-standard","has-post-thumbnail","hentry","category-maison-deco","category-wonen","company-jysk","topic-durabilite"],"acf":[],"yoast_head":"<!-- This site is optimized with the Yoast SEO plugin v27.3 - https:\/\/yoast.com\/product\/yoast-seo-wordpress\/ -->\n<title>Le nombre de plaintes chez Jysk atteint son niveau le plus bas jamais enregistr\u00e9 - RetailDetail BE<\/title>\n<meta name=\"description\" content=\"La cha\u00eene danoise de magasins d&#039;ameublement Jysk a r\u00e9ussi \u00e0 r\u00e9duire le nombre de r\u00e9clamations clients \u00e0 son niveau le plus bas jamais atteint.\" \/>\n<meta name=\"robots\" content=\"index, follow, max-snippet:-1, max-image-preview:large, max-video-preview:-1\" \/>\n<link rel=\"canonical\" href=\"https:\/\/www.retaildetail.be\/fr\/news\/maison-deco\/le-nombre-de-plaintes-chez-jysk-atteint-son-niveau-le-plus-bas-jamais-enregistre\/\" \/>\n<meta property=\"og:locale\" content=\"fr_FR\" \/>\n<meta property=\"og:type\" content=\"article\" \/>\n<meta property=\"og:title\" content=\"Le nombre de plaintes chez Jysk atteint son niveau le plus bas jamais enregistr\u00e9 - RetailDetail BE\" \/>\n<meta property=\"og:description\" content=\"La cha\u00eene danoise de magasins d&#039;ameublement Jysk a r\u00e9ussi \u00e0 r\u00e9duire le nombre de r\u00e9clamations clients \u00e0 son niveau le plus bas jamais atteint.\" \/>\n<meta property=\"og:url\" content=\"https:\/\/www.retaildetail.be\/fr\/news\/maison-deco\/le-nombre-de-plaintes-chez-jysk-atteint-son-niveau-le-plus-bas-jamais-enregistre\/\" \/>\n<meta property=\"og:site_name\" content=\"RetailDetail BE\" \/>\n<meta property=\"article:published_time\" content=\"2026-01-19T11:31:05+00:00\" \/>\n<meta property=\"article:modified_time\" content=\"2026-02-02T13:35:28+00:00\" \/>\n<meta property=\"og:image\" content=\"https:\/\/www.retaildetail.be\/wp-content\/uploads\/2026\/01\/jysk-store-1.jpg\" \/>\n\t<meta property=\"og:image:width\" content=\"1177\" \/>\n\t<meta property=\"og:image:height\" content=\"842\" \/>\n\t<meta property=\"og:image:type\" content=\"image\/jpeg\" \/>\n<meta name=\"author\" content=\"Stefan Van Rompaey\" \/>\n<meta name=\"twitter:card\" content=\"summary_large_image\" \/>\n<meta name=\"twitter:label1\" content=\"\u00c9crit par\" \/>\n\t<meta name=\"twitter:data1\" content=\"Stefan Van Rompaey\" \/>\n\t<meta name=\"twitter:label2\" content=\"Dur\u00e9e de lecture estim\u00e9e\" \/>\n\t<meta name=\"twitter:data2\" content=\"1 minute\" \/>\n<script type=\"application\/ld+json\" class=\"yoast-schema-graph\">{\"@context\":\"https:\\\/\\\/schema.org\",\"@graph\":[{\"@type\":\"NewsArticle\",\"@id\":\"https:\\\/\\\/www.retaildetail.be\\\/fr\\\/news\\\/maison-deco\\\/le-nombre-de-plaintes-chez-jysk-atteint-son-niveau-le-plus-bas-jamais-enregistre\\\/#article\",\"isPartOf\":{\"@id\":\"https:\\\/\\\/www.retaildetail.be\\\/fr\\\/news\\\/maison-deco\\\/le-nombre-de-plaintes-chez-jysk-atteint-son-niveau-le-plus-bas-jamais-enregistre\\\/\"},\"author\":{\"name\":\"Stefan Van Rompaey\",\"@id\":\"https:\\\/\\\/www.retaildetail.be\\\/nl\\\/#\\\/schema\\\/person\\\/51aec6069c4416aa2f68b2e4ff3455df\"},\"headline\":\"Le nombre de plaintes chez Jysk atteint son niveau le plus bas jamais enregistr\u00e9\",\"datePublished\":\"2026-01-19T11:31:05+00:00\",\"dateModified\":\"2026-02-02T13:35:28+00:00\",\"mainEntityOfPage\":{\"@id\":\"https:\\\/\\\/www.retaildetail.be\\\/fr\\\/news\\\/maison-deco\\\/le-nombre-de-plaintes-chez-jysk-atteint-son-niveau-le-plus-bas-jamais-enregistre\\\/\"},\"wordCount\":283,\"publisher\":{\"@id\":\"https:\\\/\\\/www.retaildetail.be\\\/nl\\\/#organization\"},\"image\":{\"@id\":\"https:\\\/\\\/www.retaildetail.be\\\/fr\\\/news\\\/maison-deco\\\/le-nombre-de-plaintes-chez-jysk-atteint-son-niveau-le-plus-bas-jamais-enregistre\\\/#primaryimage\"},\"thumbnailUrl\":\"https:\\\/\\\/www.retaildetail.be\\\/wp-content\\\/uploads\\\/2026\\\/01\\\/jysk-store-1.jpg\",\"articleSection\":[\"Maison &amp; D\u00e9co\",\"Wonen\"],\"inLanguage\":\"fr-FR\",\"copyrightYear\":\"2026\",\"copyrightHolder\":{\"@id\":\"https:\\\/\\\/www.retaildetail.be\\\/#organization\"}},{\"@type\":\"WebPage\",\"@id\":\"https:\\\/\\\/www.retaildetail.be\\\/fr\\\/news\\\/maison-deco\\\/le-nombre-de-plaintes-chez-jysk-atteint-son-niveau-le-plus-bas-jamais-enregistre\\\/\",\"url\":\"https:\\\/\\\/www.retaildetail.be\\\/fr\\\/news\\\/maison-deco\\\/le-nombre-de-plaintes-chez-jysk-atteint-son-niveau-le-plus-bas-jamais-enregistre\\\/\",\"name\":\"Le nombre de plaintes chez Jysk atteint son niveau le plus bas jamais enregistr\u00e9 - RetailDetail BE\",\"isPartOf\":{\"@id\":\"https:\\\/\\\/www.retaildetail.be\\\/nl\\\/#website\"},\"primaryImageOfPage\":{\"@id\":\"https:\\\/\\\/www.retaildetail.be\\\/fr\\\/news\\\/maison-deco\\\/le-nombre-de-plaintes-chez-jysk-atteint-son-niveau-le-plus-bas-jamais-enregistre\\\/#primaryimage\"},\"image\":{\"@id\":\"https:\\\/\\\/www.retaildetail.be\\\/fr\\\/news\\\/maison-deco\\\/le-nombre-de-plaintes-chez-jysk-atteint-son-niveau-le-plus-bas-jamais-enregistre\\\/#primaryimage\"},\"thumbnailUrl\":\"https:\\\/\\\/www.retaildetail.be\\\/wp-content\\\/uploads\\\/2026\\\/01\\\/jysk-store-1.jpg\",\"datePublished\":\"2026-01-19T11:31:05+00:00\",\"dateModified\":\"2026-02-02T13:35:28+00:00\",\"description\":\"La cha\u00eene danoise de magasins d'ameublement Jysk a r\u00e9ussi \u00e0 r\u00e9duire le nombre de r\u00e9clamations clients \u00e0 son niveau le plus bas jamais atteint.\",\"breadcrumb\":{\"@id\":\"https:\\\/\\\/www.retaildetail.be\\\/fr\\\/news\\\/maison-deco\\\/le-nombre-de-plaintes-chez-jysk-atteint-son-niveau-le-plus-bas-jamais-enregistre\\\/#breadcrumb\"},\"inLanguage\":\"fr-FR\",\"potentialAction\":[{\"@type\":\"ReadAction\",\"target\":[\"https:\\\/\\\/www.retaildetail.be\\\/fr\\\/news\\\/maison-deco\\\/le-nombre-de-plaintes-chez-jysk-atteint-son-niveau-le-plus-bas-jamais-enregistre\\\/\"]}]},{\"@type\":\"ImageObject\",\"inLanguage\":\"fr-FR\",\"@id\":\"https:\\\/\\\/www.retaildetail.be\\\/fr\\\/news\\\/maison-deco\\\/le-nombre-de-plaintes-chez-jysk-atteint-son-niveau-le-plus-bas-jamais-enregistre\\\/#primaryimage\",\"url\":\"https:\\\/\\\/www.retaildetail.be\\\/wp-content\\\/uploads\\\/2026\\\/01\\\/jysk-store-1.jpg\",\"contentUrl\":\"https:\\\/\\\/www.retaildetail.be\\\/wp-content\\\/uploads\\\/2026\\\/01\\\/jysk-store-1.jpg\",\"width\":1177,\"height\":842,\"caption\":\"Jysk\"},{\"@type\":\"BreadcrumbList\",\"@id\":\"https:\\\/\\\/www.retaildetail.be\\\/fr\\\/news\\\/maison-deco\\\/le-nombre-de-plaintes-chez-jysk-atteint-son-niveau-le-plus-bas-jamais-enregistre\\\/#breadcrumb\",\"itemListElement\":[{\"@type\":\"ListItem\",\"position\":1,\"name\":\"Home\",\"item\":\"https:\\\/\\\/www.retaildetail.be\\\/fr\\\/\"},{\"@type\":\"ListItem\",\"position\":2,\"name\":\"Le nombre de plaintes chez Jysk atteint son niveau le plus bas jamais enregistr\u00e9\"}]},{\"@type\":\"WebSite\",\"@id\":\"https:\\\/\\\/www.retaildetail.be\\\/nl\\\/#website\",\"url\":\"https:\\\/\\\/www.retaildetail.be\\\/nl\\\/\",\"name\":\"RetailDetail BE\",\"description\":\"News\",\"publisher\":{\"@id\":\"https:\\\/\\\/www.retaildetail.be\\\/nl\\\/#organization\"},\"potentialAction\":[{\"@type\":\"SearchAction\",\"target\":{\"@type\":\"EntryPoint\",\"urlTemplate\":\"https:\\\/\\\/www.retaildetail.be\\\/nl\\\/?s={search_term_string}\"},\"query-input\":{\"@type\":\"PropertyValueSpecification\",\"valueRequired\":true,\"valueName\":\"search_term_string\"}}],\"inLanguage\":\"fr-FR\"},{\"@type\":\"Organization\",\"@id\":\"https:\\\/\\\/www.retaildetail.be\\\/nl\\\/#organization\",\"name\":\"RetailDetail BE\",\"url\":\"https:\\\/\\\/www.retaildetail.be\\\/nl\\\/\",\"logo\":{\"@type\":\"ImageObject\",\"inLanguage\":\"fr-FR\",\"@id\":\"https:\\\/\\\/www.retaildetail.be\\\/nl\\\/#\\\/schema\\\/logo\\\/image\\\/\",\"url\":\"https:\\\/\\\/www.retaildetail.be\\\/wp-content\\\/uploads\\\/2022\\\/04\\\/logo.svg\",\"contentUrl\":\"https:\\\/\\\/www.retaildetail.be\\\/wp-content\\\/uploads\\\/2022\\\/04\\\/logo.svg\",\"width\":131,\"height\":70,\"caption\":\"RetailDetail BE\"},\"image\":{\"@id\":\"https:\\\/\\\/www.retaildetail.be\\\/nl\\\/#\\\/schema\\\/logo\\\/image\\\/\"}},{\"@type\":\"Person\",\"@id\":\"https:\\\/\\\/www.retaildetail.be\\\/nl\\\/#\\\/schema\\\/person\\\/51aec6069c4416aa2f68b2e4ff3455df\",\"name\":\"Stefan Van Rompaey\",\"image\":{\"@type\":\"ImageObject\",\"inLanguage\":\"fr-FR\",\"@id\":\"https:\\\/\\\/secure.gravatar.com\\\/avatar\\\/fbbb4a80a0f109888b2a5ab8ae255617499ecde533749b3ab2fa6c23b5d65dac?s=96&d=mm&r=g\",\"url\":\"https:\\\/\\\/secure.gravatar.com\\\/avatar\\\/fbbb4a80a0f109888b2a5ab8ae255617499ecde533749b3ab2fa6c23b5d65dac?s=96&d=mm&r=g\",\"contentUrl\":\"https:\\\/\\\/secure.gravatar.com\\\/avatar\\\/fbbb4a80a0f109888b2a5ab8ae255617499ecde533749b3ab2fa6c23b5d65dac?s=96&d=mm&r=g\",\"caption\":\"Stefan Van Rompaey\"},\"url\":\"https:\\\/\\\/www.retaildetail.be\\\/fr\\\/author\\\/stefanvanrompaey\\\/\"}]}<\/script>\n<!-- \/ Yoast SEO plugin. -->","yoast_head_json":{"title":"Le nombre de plaintes chez Jysk atteint son niveau le plus bas jamais enregistr\u00e9 - RetailDetail BE","description":"La cha\u00eene danoise de magasins d'ameublement Jysk a r\u00e9ussi \u00e0 r\u00e9duire le nombre de r\u00e9clamations clients \u00e0 son niveau le plus bas jamais atteint.","robots":{"index":"index","follow":"follow","max-snippet":"max-snippet:-1","max-image-preview":"max-image-preview:large","max-video-preview":"max-video-preview:-1"},"canonical":"https:\/\/www.retaildetail.be\/fr\/news\/maison-deco\/le-nombre-de-plaintes-chez-jysk-atteint-son-niveau-le-plus-bas-jamais-enregistre\/","og_locale":"fr_FR","og_type":"article","og_title":"Le nombre de plaintes chez Jysk atteint son niveau le plus bas jamais enregistr\u00e9 - RetailDetail BE","og_description":"La cha\u00eene danoise de magasins d'ameublement Jysk a r\u00e9ussi \u00e0 r\u00e9duire le nombre de r\u00e9clamations clients \u00e0 son niveau le plus bas jamais atteint.","og_url":"https:\/\/www.retaildetail.be\/fr\/news\/maison-deco\/le-nombre-de-plaintes-chez-jysk-atteint-son-niveau-le-plus-bas-jamais-enregistre\/","og_site_name":"RetailDetail BE","article_published_time":"2026-01-19T11:31:05+00:00","article_modified_time":"2026-02-02T13:35:28+00:00","og_image":[{"width":1177,"height":842,"url":"https:\/\/www.retaildetail.be\/wp-content\/uploads\/2026\/01\/jysk-store-1.jpg","type":"image\/jpeg"}],"author":"Stefan Van Rompaey","twitter_card":"summary_large_image","twitter_misc":{"\u00c9crit par":"Stefan Van Rompaey","Dur\u00e9e de lecture estim\u00e9e":"1 minute"},"schema":{"@context":"https:\/\/schema.org","@graph":[{"@type":"NewsArticle","@id":"https:\/\/www.retaildetail.be\/fr\/news\/maison-deco\/le-nombre-de-plaintes-chez-jysk-atteint-son-niveau-le-plus-bas-jamais-enregistre\/#article","isPartOf":{"@id":"https:\/\/www.retaildetail.be\/fr\/news\/maison-deco\/le-nombre-de-plaintes-chez-jysk-atteint-son-niveau-le-plus-bas-jamais-enregistre\/"},"author":{"name":"Stefan Van Rompaey","@id":"https:\/\/www.retaildetail.be\/nl\/#\/schema\/person\/51aec6069c4416aa2f68b2e4ff3455df"},"headline":"Le nombre de plaintes chez Jysk atteint son niveau le plus bas jamais enregistr\u00e9","datePublished":"2026-01-19T11:31:05+00:00","dateModified":"2026-02-02T13:35:28+00:00","mainEntityOfPage":{"@id":"https:\/\/www.retaildetail.be\/fr\/news\/maison-deco\/le-nombre-de-plaintes-chez-jysk-atteint-son-niveau-le-plus-bas-jamais-enregistre\/"},"wordCount":283,"publisher":{"@id":"https:\/\/www.retaildetail.be\/nl\/#organization"},"image":{"@id":"https:\/\/www.retaildetail.be\/fr\/news\/maison-deco\/le-nombre-de-plaintes-chez-jysk-atteint-son-niveau-le-plus-bas-jamais-enregistre\/#primaryimage"},"thumbnailUrl":"https:\/\/www.retaildetail.be\/wp-content\/uploads\/2026\/01\/jysk-store-1.jpg","articleSection":["Maison &amp; D\u00e9co","Wonen"],"inLanguage":"fr-FR","copyrightYear":"2026","copyrightHolder":{"@id":"https:\/\/www.retaildetail.be\/#organization"}},{"@type":"WebPage","@id":"https:\/\/www.retaildetail.be\/fr\/news\/maison-deco\/le-nombre-de-plaintes-chez-jysk-atteint-son-niveau-le-plus-bas-jamais-enregistre\/","url":"https:\/\/www.retaildetail.be\/fr\/news\/maison-deco\/le-nombre-de-plaintes-chez-jysk-atteint-son-niveau-le-plus-bas-jamais-enregistre\/","name":"Le nombre de plaintes chez Jysk atteint son niveau le plus bas jamais enregistr\u00e9 - RetailDetail BE","isPartOf":{"@id":"https:\/\/www.retaildetail.be\/nl\/#website"},"primaryImageOfPage":{"@id":"https:\/\/www.retaildetail.be\/fr\/news\/maison-deco\/le-nombre-de-plaintes-chez-jysk-atteint-son-niveau-le-plus-bas-jamais-enregistre\/#primaryimage"},"image":{"@id":"https:\/\/www.retaildetail.be\/fr\/news\/maison-deco\/le-nombre-de-plaintes-chez-jysk-atteint-son-niveau-le-plus-bas-jamais-enregistre\/#primaryimage"},"thumbnailUrl":"https:\/\/www.retaildetail.be\/wp-content\/uploads\/2026\/01\/jysk-store-1.jpg","datePublished":"2026-01-19T11:31:05+00:00","dateModified":"2026-02-02T13:35:28+00:00","description":"La cha\u00eene danoise de magasins d'ameublement Jysk a r\u00e9ussi \u00e0 r\u00e9duire le nombre de r\u00e9clamations clients \u00e0 son niveau le plus bas jamais atteint.","breadcrumb":{"@id":"https:\/\/www.retaildetail.be\/fr\/news\/maison-deco\/le-nombre-de-plaintes-chez-jysk-atteint-son-niveau-le-plus-bas-jamais-enregistre\/#breadcrumb"},"inLanguage":"fr-FR","potentialAction":[{"@type":"ReadAction","target":["https:\/\/www.retaildetail.be\/fr\/news\/maison-deco\/le-nombre-de-plaintes-chez-jysk-atteint-son-niveau-le-plus-bas-jamais-enregistre\/"]}]},{"@type":"ImageObject","inLanguage":"fr-FR","@id":"https:\/\/www.retaildetail.be\/fr\/news\/maison-deco\/le-nombre-de-plaintes-chez-jysk-atteint-son-niveau-le-plus-bas-jamais-enregistre\/#primaryimage","url":"https:\/\/www.retaildetail.be\/wp-content\/uploads\/2026\/01\/jysk-store-1.jpg","contentUrl":"https:\/\/www.retaildetail.be\/wp-content\/uploads\/2026\/01\/jysk-store-1.jpg","width":1177,"height":842,"caption":"Jysk"},{"@type":"BreadcrumbList","@id":"https:\/\/www.retaildetail.be\/fr\/news\/maison-deco\/le-nombre-de-plaintes-chez-jysk-atteint-son-niveau-le-plus-bas-jamais-enregistre\/#breadcrumb","itemListElement":[{"@type":"ListItem","position":1,"name":"Home","item":"https:\/\/www.retaildetail.be\/fr\/"},{"@type":"ListItem","position":2,"name":"Le nombre de plaintes chez Jysk atteint son niveau le plus bas jamais enregistr\u00e9"}]},{"@type":"WebSite","@id":"https:\/\/www.retaildetail.be\/nl\/#website","url":"https:\/\/www.retaildetail.be\/nl\/","name":"RetailDetail BE","description":"News","publisher":{"@id":"https:\/\/www.retaildetail.be\/nl\/#organization"},"potentialAction":[{"@type":"SearchAction","target":{"@type":"EntryPoint","urlTemplate":"https:\/\/www.retaildetail.be\/nl\/?s={search_term_string}"},"query-input":{"@type":"PropertyValueSpecification","valueRequired":true,"valueName":"search_term_string"}}],"inLanguage":"fr-FR"},{"@type":"Organization","@id":"https:\/\/www.retaildetail.be\/nl\/#organization","name":"RetailDetail BE","url":"https:\/\/www.retaildetail.be\/nl\/","logo":{"@type":"ImageObject","inLanguage":"fr-FR","@id":"https:\/\/www.retaildetail.be\/nl\/#\/schema\/logo\/image\/","url":"https:\/\/www.retaildetail.be\/wp-content\/uploads\/2022\/04\/logo.svg","contentUrl":"https:\/\/www.retaildetail.be\/wp-content\/uploads\/2022\/04\/logo.svg","width":131,"height":70,"caption":"RetailDetail BE"},"image":{"@id":"https:\/\/www.retaildetail.be\/nl\/#\/schema\/logo\/image\/"}},{"@type":"Person","@id":"https:\/\/www.retaildetail.be\/nl\/#\/schema\/person\/51aec6069c4416aa2f68b2e4ff3455df","name":"Stefan Van Rompaey","image":{"@type":"ImageObject","inLanguage":"fr-FR","@id":"https:\/\/secure.gravatar.com\/avatar\/fbbb4a80a0f109888b2a5ab8ae255617499ecde533749b3ab2fa6c23b5d65dac?s=96&d=mm&r=g","url":"https:\/\/secure.gravatar.com\/avatar\/fbbb4a80a0f109888b2a5ab8ae255617499ecde533749b3ab2fa6c23b5d65dac?s=96&d=mm&r=g","contentUrl":"https:\/\/secure.gravatar.com\/avatar\/fbbb4a80a0f109888b2a5ab8ae255617499ecde533749b3ab2fa6c23b5d65dac?s=96&d=mm&r=g","caption":"Stefan Van Rompaey"},"url":"https:\/\/www.retaildetail.be\/fr\/author\/stefanvanrompaey\/"}]}},"jetpack_featured_media_url":"https:\/\/www.retaildetail.be\/wp-content\/uploads\/2026\/01\/jysk-store-1.jpg","jetpack_sharing_enabled":true,"_links":{"self":[{"href":"https:\/\/www.retaildetail.be\/fr\/wp-json\/wp\/v2\/posts\/140109","targetHints":{"allow":["GET"]}}],"collection":[{"href":"https:\/\/www.retaildetail.be\/fr\/wp-json\/wp\/v2\/posts"}],"about":[{"href":"https:\/\/www.retaildetail.be\/fr\/wp-json\/wp\/v2\/types\/post"}],"author":[{"embeddable":true,"href":"https:\/\/www.retaildetail.be\/fr\/wp-json\/wp\/v2\/users\/3"}],"replies":[{"embeddable":true,"href":"https:\/\/www.retaildetail.be\/fr\/wp-json\/wp\/v2\/comments?post=140109"}],"version-history":[{"count":1,"href":"https:\/\/www.retaildetail.be\/fr\/wp-json\/wp\/v2\/posts\/140109\/revisions"}],"predecessor-version":[{"id":140112,"href":"https:\/\/www.retaildetail.be\/fr\/wp-json\/wp\/v2\/posts\/140109\/revisions\/140112"}],"wp:featuredmedia":[{"embeddable":true,"href":"https:\/\/www.retaildetail.be\/fr\/wp-json\/wp\/v2\/media\/140110"}],"wp:attachment":[{"href":"https:\/\/www.retaildetail.be\/fr\/wp-json\/wp\/v2\/media?parent=140109"}],"wp:term":[{"taxonomy":"category","embeddable":true,"href":"https:\/\/www.retaildetail.be\/fr\/wp-json\/wp\/v2\/categories?post=140109"},{"taxonomy":"post_tag","embeddable":true,"href":"https:\/\/www.retaildetail.be\/fr\/wp-json\/wp\/v2\/tags?post=140109"},{"taxonomy":"people","embeddable":true,"href":"https:\/\/www.retaildetail.be\/fr\/wp-json\/wp\/v2\/people?post=140109"},{"taxonomy":"extra","embeddable":true,"href":"https:\/\/www.retaildetail.be\/fr\/wp-json\/wp\/v2\/extra?post=140109"},{"taxonomy":"company","embeddable":true,"href":"https:\/\/www.retaildetail.be\/fr\/wp-json\/wp\/v2\/company?post=140109"},{"taxonomy":"topic","embeddable":true,"href":"https:\/\/www.retaildetail.be\/fr\/wp-json\/wp\/v2\/topic?post=140109"},{"taxonomy":"region","embeddable":true,"href":"https:\/\/www.retaildetail.be\/fr\/wp-json\/wp\/v2\/region?post=140109"}],"curies":[{"name":"wp","href":"https:\/\/api.w.org\/{rel}","templated":true}]}}