{"id":140169,"date":"2026-01-20T10:13:17","date_gmt":"2026-01-20T09:13:17","guid":{"rendered":"https:\/\/www.retaildetail.be\/?p=140169"},"modified":"2026-02-02T14:36:49","modified_gmt":"2026-02-02T13:36:49","slug":"e-leclerc-carrefour-et-cooperative-u-deploient-lecoscore-pour-les-textiles","status":"publish","type":"post","link":"https:\/\/www.retaildetail.be\/fr\/news\/mode\/e-leclerc-carrefour-et-cooperative-u-deploient-lecoscore-pour-les-textiles\/","title":{"rendered":"E.Leclerc, Carrefour et Coop\u00e9rative U d\u00e9ploient l&rsquo;\u00e9coscore textile"},"content":{"rendered":"\n<p>La grande distribution fran\u00e7aise rend visible l&rsquo;impact environnemental des textiles : au moins trois grandes cha\u00eenes de supermarch\u00e9s et d&rsquo;hypermarch\u00e9s ont d\u00e9j\u00e0 introduit l&rsquo;\u00e9coscore pour les collections textiles de leur marque propre. Pour l&rsquo;instant, ce score n&rsquo;est pas encore obligatoire en France. <\/p>\n\n\n\n<h2 class=\"wp-block-heading\">Nouveau point de r\u00e9f\u00e9rence<\/h2>\n\n\n\n<p><strong>Carrefour<\/strong> teste l&rsquo;\u00e9coscore sur environ 70 r\u00e9f\u00e9rences de sa marque propre Tex et souhaite ensuite l&rsquo;\u00e9tendre \u00e0 toutes ses collections textiles. C&rsquo;est ce qu&rsquo;a annonc\u00e9 l&rsquo;entreprise lundi. Le d\u00e9taillant qualifie cette initiative de premi\u00e8re \u00e9tape dans le d\u00e9ploiement des informations environnementales soutenues par le gouvernement, destin\u00e9es \u00e0 servir de nouvelle r\u00e9f\u00e9rence dans le domaine de l&rsquo;habillement, \u00e0 l&rsquo;instar du nutri-score dans l&rsquo;alimentation.<\/p>\n\n\n\n<p><strong>Coop\u00e9rative U<\/strong> d\u00e9ploiera le syst\u00e8me fin janvier sur 220 articles de la collection printemps-\u00e9t\u00e9 2026. Pour commencer, la coop\u00e9rative se concentrera sur les principales familles de produits, telles que les jeans et les t-shirts pour hommes, femmes, enfants et b\u00e9b\u00e9s, afin de toucher le plus grand nombre possible de consommateurs. Le leader du march\u00e9 <strong>E.Leclerc<\/strong> avait annonc\u00e9 pr\u00e9c\u00e9demment que les 7 000 r\u00e9f\u00e9rences de sa marque propre Tissaya afficheraient des donn\u00e9es environnementales, sociales et climatiques \u00e0 partir de d\u00e9but janvier.<\/p>\n\n\n\n<h2 class=\"wp-block-heading\">Points par 100 grammes<\/h2>\n\n\n\n<p>La France a introduit en octobre l&rsquo;\u00e9coscore textile sur une base volontaire. L&rsquo;\u00e9coscore exprime l&rsquo;impact environnemental en points : plus le score est \u00e9lev\u00e9, plus l&rsquo;impact est important. Le mod\u00e8le prend en compte, entre autres, la consommation d&rsquo;eau, les \u00e9missions de gaz \u00e0 effet de serre, la toxicit\u00e9, la recyclabilit\u00e9 ou la r\u00e9parabilit\u00e9, les microplastiques lib\u00e9r\u00e9s lors du lavage et un \u00ab coefficient fast fashion \u00bb qui d\u00e9pend notamment des volumes de production.<\/p>\n\n\n\n<p>Un t-shirt Tex en coton biologique obtient un r\u00e9sultat de 510 points d&rsquo;impact pour 100 grammes, contre plus de 1 000 points pour 100 grammes pour une marque de fast fashion \u00e0 prix \u00e9quivalent, illustre Carrefour. La cha\u00eene indique un co\u00fbt environnemental moyen de 542,91 points pour 100 grammes pour tous les v\u00eatements \u00e9valu\u00e9s \u00e0 ce jour. Les marques peuvent mentionner les r\u00e9sultats sur l&rsquo;\u00e9tiquette du produit ou les publier sur leur site web via un code QR.<\/p>\n\n\n\n<h2 class=\"wp-block-heading\">\u00ab Rendre obligatoire \u00bb<\/h2>\n\n\n\n<p>Carrefour teste l&rsquo;application Clear Fashion : les clients scannent le code-barres sur l&rsquo;\u00e9tiquette et voient l&rsquo;\u00e9coscore, ainsi qu&rsquo;un score distinct sur 100 attribu\u00e9 par Clear Fashion selon ses propres crit\u00e8res environnementaux et sociaux. Coop\u00e9rative U affiche les informations via un code QR dans le rayon, qui renvoie \u00e0 un catalogue num\u00e9rique indiquant le co\u00fbt environnemental de chaque article.<\/p>\n\n\n\n<p>Valeria Rodriguez, de Max Havelaar France, salue ces initiatives : \u00ab C&rsquo;est tr\u00e8s bien, il faut que les entreprises commencent \u00e0 se saisir de cette question \u00bb, d\u00e9clare-t-elle \u00e0 l&rsquo;AFP. Mais, ajoute-t-elle, les autorit\u00e9s doivent rendre le syst\u00e8me obligatoire et y inclure des crit\u00e8res sociaux. Pour l&rsquo;instant, le syst\u00e8me reste volontaire, dans l&rsquo;attente de la mise en \u0153uvre europ\u00e9enne d&rsquo;une future obligation d&rsquo;information environnementale.<\/p>\n\n\n\n<p><\/p>\n","protected":false},"excerpt":{"rendered":"<p>La grande distribution fran\u00e7aise rend visible l&rsquo;impact environnemental des textiles : au moins trois grandes cha\u00eenes de supermarch\u00e9s et d&rsquo;hypermarch\u00e9s ont d\u00e9j\u00e0 introduit l&rsquo;\u00e9coscore pour les collections textiles de leur marque propre. Pour l&rsquo;instant, ce score n&rsquo;est pas encore obligatoire en France. <\/p>\n","protected":false},"author":3,"featured_media":140170,"comment_status":"closed","ping_status":"closed","sticky":false,"template":"","format":"standard","meta":{"_acf_changed":false,"inline_featured_image":false,"_jetpack_memberships_contains_paid_content":false,"footnotes":""},"categories":[14,22],"tags":[],"people":[],"extra":[43],"company":[87,718,677],"topic":[373],"region":[342],"class_list":{"0":"post-140169","1":"post","2":"type-post","3":"status-publish","4":"format-standard","5":"has-post-thumbnail","6":"hentry","7":"category-mode","9":"extra-plus","10":"company-carrefour","11":"company-e-leclerc","12":"company-systeme-u","13":"topic-durabilite","14":"region-france"},"acf":[],"yoast_head":"<!-- This site is optimized with the Yoast SEO plugin v27.3 - https:\/\/yoast.com\/product\/yoast-seo-wordpress\/ -->\n<title>E.Leclerc, Carrefour et Coop\u00e9rative U d\u00e9ploient l&#039;\u00e9coscore textile - RetailDetail BE<\/title>\n<meta name=\"description\" content=\"Au moins trois grandes cha\u00eenes de supermarch\u00e9s et d&#039;hypermarch\u00e9s ont d\u00e9j\u00e0 introduit l&#039;\u00e9coscore pour les collections textiles de leur marque propre.\" \/>\n<meta name=\"robots\" content=\"index, follow, max-snippet:-1, max-image-preview:large, max-video-preview:-1\" \/>\n<link rel=\"canonical\" href=\"https:\/\/www.retaildetail.be\/fr\/news\/mode\/e-leclerc-carrefour-et-cooperative-u-deploient-lecoscore-pour-les-textiles\/\" \/>\n<meta property=\"og:locale\" content=\"fr_FR\" \/>\n<meta property=\"og:type\" content=\"article\" \/>\n<meta property=\"og:title\" content=\"E.Leclerc, Carrefour et Coop\u00e9rative U d\u00e9ploient l&#039;\u00e9coscore textile - RetailDetail BE\" \/>\n<meta property=\"og:description\" content=\"Au moins trois grandes cha\u00eenes de supermarch\u00e9s et d&#039;hypermarch\u00e9s ont d\u00e9j\u00e0 introduit l&#039;\u00e9coscore pour les collections textiles de leur marque propre.\" \/>\n<meta property=\"og:url\" content=\"https:\/\/www.retaildetail.be\/fr\/news\/mode\/e-leclerc-carrefour-et-cooperative-u-deploient-lecoscore-pour-les-textiles\/\" \/>\n<meta property=\"og:site_name\" content=\"RetailDetail BE\" \/>\n<meta property=\"article:published_time\" content=\"2026-01-20T09:13:17+00:00\" \/>\n<meta property=\"article:modified_time\" content=\"2026-02-02T13:36:49+00:00\" \/>\n<meta property=\"og:image\" content=\"https:\/\/www.retaildetail.be\/wp-content\/uploads\/2026\/01\/carrefour-tex-fashion-1.jpg\" \/>\n\t<meta property=\"og:image:width\" content=\"1247\" \/>\n\t<meta property=\"og:image:height\" content=\"817\" \/>\n\t<meta property=\"og:image:type\" content=\"image\/jpeg\" \/>\n<meta name=\"author\" content=\"Stefan Van Rompaey\" \/>\n<meta name=\"twitter:card\" content=\"summary_large_image\" \/>\n<meta name=\"twitter:label1\" content=\"\u00c9crit par\" \/>\n\t<meta name=\"twitter:data1\" content=\"Stefan Van Rompaey\" \/>\n\t<meta name=\"twitter:label2\" content=\"Dur\u00e9e de lecture estim\u00e9e\" \/>\n\t<meta name=\"twitter:data2\" content=\"2 minutes\" \/>\n<script type=\"application\/ld+json\" class=\"yoast-schema-graph\">{\"@context\":\"https:\\\/\\\/schema.org\",\"@graph\":[{\"@type\":\"NewsArticle\",\"@id\":\"https:\\\/\\\/www.retaildetail.be\\\/fr\\\/news\\\/mode\\\/e-leclerc-carrefour-et-cooperative-u-deploient-lecoscore-pour-les-textiles\\\/#article\",\"isPartOf\":{\"@id\":\"https:\\\/\\\/www.retaildetail.be\\\/fr\\\/news\\\/mode\\\/e-leclerc-carrefour-et-cooperative-u-deploient-lecoscore-pour-les-textiles\\\/\"},\"author\":{\"name\":\"Stefan Van Rompaey\",\"@id\":\"https:\\\/\\\/www.retaildetail.be\\\/nl\\\/#\\\/schema\\\/person\\\/51aec6069c4416aa2f68b2e4ff3455df\"},\"headline\":\"E.Leclerc, Carrefour et Coop\u00e9rative U d\u00e9ploient l&rsquo;\u00e9coscore textile\",\"datePublished\":\"2026-01-20T09:13:17+00:00\",\"dateModified\":\"2026-02-02T13:36:49+00:00\",\"mainEntityOfPage\":{\"@id\":\"https:\\\/\\\/www.retaildetail.be\\\/fr\\\/news\\\/mode\\\/e-leclerc-carrefour-et-cooperative-u-deploient-lecoscore-pour-les-textiles\\\/\"},\"wordCount\":528,\"publisher\":{\"@id\":\"https:\\\/\\\/www.retaildetail.be\\\/nl\\\/#organization\"},\"image\":{\"@id\":\"https:\\\/\\\/www.retaildetail.be\\\/fr\\\/news\\\/mode\\\/e-leclerc-carrefour-et-cooperative-u-deploient-lecoscore-pour-les-textiles\\\/#primaryimage\"},\"thumbnailUrl\":\"https:\\\/\\\/www.retaildetail.be\\\/wp-content\\\/uploads\\\/2026\\\/01\\\/carrefour-tex-fashion-1.jpg\",\"articleSection\":[\"Mode\",\"Mode\"],\"inLanguage\":\"fr-FR\",\"copyrightYear\":\"2026\",\"copyrightHolder\":{\"@id\":\"https:\\\/\\\/www.retaildetail.be\\\/#organization\"}},{\"@type\":\"WebPage\",\"@id\":\"https:\\\/\\\/www.retaildetail.be\\\/fr\\\/news\\\/mode\\\/e-leclerc-carrefour-et-cooperative-u-deploient-lecoscore-pour-les-textiles\\\/\",\"url\":\"https:\\\/\\\/www.retaildetail.be\\\/fr\\\/news\\\/mode\\\/e-leclerc-carrefour-et-cooperative-u-deploient-lecoscore-pour-les-textiles\\\/\",\"name\":\"E.Leclerc, Carrefour et Coop\u00e9rative U d\u00e9ploient l'\u00e9coscore textile - RetailDetail BE\",\"isPartOf\":{\"@id\":\"https:\\\/\\\/www.retaildetail.be\\\/nl\\\/#website\"},\"primaryImageOfPage\":{\"@id\":\"https:\\\/\\\/www.retaildetail.be\\\/fr\\\/news\\\/mode\\\/e-leclerc-carrefour-et-cooperative-u-deploient-lecoscore-pour-les-textiles\\\/#primaryimage\"},\"image\":{\"@id\":\"https:\\\/\\\/www.retaildetail.be\\\/fr\\\/news\\\/mode\\\/e-leclerc-carrefour-et-cooperative-u-deploient-lecoscore-pour-les-textiles\\\/#primaryimage\"},\"thumbnailUrl\":\"https:\\\/\\\/www.retaildetail.be\\\/wp-content\\\/uploads\\\/2026\\\/01\\\/carrefour-tex-fashion-1.jpg\",\"datePublished\":\"2026-01-20T09:13:17+00:00\",\"dateModified\":\"2026-02-02T13:36:49+00:00\",\"description\":\"Au moins trois grandes cha\u00eenes de supermarch\u00e9s et d'hypermarch\u00e9s ont d\u00e9j\u00e0 introduit l'\u00e9coscore pour les collections textiles de leur marque propre.\",\"breadcrumb\":{\"@id\":\"https:\\\/\\\/www.retaildetail.be\\\/fr\\\/news\\\/mode\\\/e-leclerc-carrefour-et-cooperative-u-deploient-lecoscore-pour-les-textiles\\\/#breadcrumb\"},\"inLanguage\":\"fr-FR\",\"potentialAction\":[{\"@type\":\"ReadAction\",\"target\":[\"https:\\\/\\\/www.retaildetail.be\\\/fr\\\/news\\\/mode\\\/e-leclerc-carrefour-et-cooperative-u-deploient-lecoscore-pour-les-textiles\\\/\"]}]},{\"@type\":\"ImageObject\",\"inLanguage\":\"fr-FR\",\"@id\":\"https:\\\/\\\/www.retaildetail.be\\\/fr\\\/news\\\/mode\\\/e-leclerc-carrefour-et-cooperative-u-deploient-lecoscore-pour-les-textiles\\\/#primaryimage\",\"url\":\"https:\\\/\\\/www.retaildetail.be\\\/wp-content\\\/uploads\\\/2026\\\/01\\\/carrefour-tex-fashion-1.jpg\",\"contentUrl\":\"https:\\\/\\\/www.retaildetail.be\\\/wp-content\\\/uploads\\\/2026\\\/01\\\/carrefour-tex-fashion-1.jpg\",\"width\":1247,\"height\":817,\"caption\":\"Carrefour\"},{\"@type\":\"BreadcrumbList\",\"@id\":\"https:\\\/\\\/www.retaildetail.be\\\/fr\\\/news\\\/mode\\\/e-leclerc-carrefour-et-cooperative-u-deploient-lecoscore-pour-les-textiles\\\/#breadcrumb\",\"itemListElement\":[{\"@type\":\"ListItem\",\"position\":1,\"name\":\"Home\",\"item\":\"https:\\\/\\\/www.retaildetail.be\\\/fr\\\/\"},{\"@type\":\"ListItem\",\"position\":2,\"name\":\"E.Leclerc, Carrefour et Coop\u00e9rative U d\u00e9ploient l&#8217;\u00e9coscore textile\"}]},{\"@type\":\"WebSite\",\"@id\":\"https:\\\/\\\/www.retaildetail.be\\\/nl\\\/#website\",\"url\":\"https:\\\/\\\/www.retaildetail.be\\\/nl\\\/\",\"name\":\"RetailDetail BE\",\"description\":\"News\",\"publisher\":{\"@id\":\"https:\\\/\\\/www.retaildetail.be\\\/nl\\\/#organization\"},\"potentialAction\":[{\"@type\":\"SearchAction\",\"target\":{\"@type\":\"EntryPoint\",\"urlTemplate\":\"https:\\\/\\\/www.retaildetail.be\\\/nl\\\/?s={search_term_string}\"},\"query-input\":{\"@type\":\"PropertyValueSpecification\",\"valueRequired\":true,\"valueName\":\"search_term_string\"}}],\"inLanguage\":\"fr-FR\"},{\"@type\":\"Organization\",\"@id\":\"https:\\\/\\\/www.retaildetail.be\\\/nl\\\/#organization\",\"name\":\"RetailDetail BE\",\"url\":\"https:\\\/\\\/www.retaildetail.be\\\/nl\\\/\",\"logo\":{\"@type\":\"ImageObject\",\"inLanguage\":\"fr-FR\",\"@id\":\"https:\\\/\\\/www.retaildetail.be\\\/nl\\\/#\\\/schema\\\/logo\\\/image\\\/\",\"url\":\"https:\\\/\\\/www.retaildetail.be\\\/wp-content\\\/uploads\\\/2022\\\/04\\\/logo.svg\",\"contentUrl\":\"https:\\\/\\\/www.retaildetail.be\\\/wp-content\\\/uploads\\\/2022\\\/04\\\/logo.svg\",\"width\":131,\"height\":70,\"caption\":\"RetailDetail BE\"},\"image\":{\"@id\":\"https:\\\/\\\/www.retaildetail.be\\\/nl\\\/#\\\/schema\\\/logo\\\/image\\\/\"}},{\"@type\":\"Person\",\"@id\":\"https:\\\/\\\/www.retaildetail.be\\\/nl\\\/#\\\/schema\\\/person\\\/51aec6069c4416aa2f68b2e4ff3455df\",\"name\":\"Stefan Van Rompaey\",\"image\":{\"@type\":\"ImageObject\",\"inLanguage\":\"fr-FR\",\"@id\":\"https:\\\/\\\/secure.gravatar.com\\\/avatar\\\/fbbb4a80a0f109888b2a5ab8ae255617499ecde533749b3ab2fa6c23b5d65dac?s=96&d=mm&r=g\",\"url\":\"https:\\\/\\\/secure.gravatar.com\\\/avatar\\\/fbbb4a80a0f109888b2a5ab8ae255617499ecde533749b3ab2fa6c23b5d65dac?s=96&d=mm&r=g\",\"contentUrl\":\"https:\\\/\\\/secure.gravatar.com\\\/avatar\\\/fbbb4a80a0f109888b2a5ab8ae255617499ecde533749b3ab2fa6c23b5d65dac?s=96&d=mm&r=g\",\"caption\":\"Stefan Van Rompaey\"},\"url\":\"https:\\\/\\\/www.retaildetail.be\\\/fr\\\/author\\\/stefanvanrompaey\\\/\"}]}<\/script>\n<!-- \/ Yoast SEO plugin. -->","yoast_head_json":{"title":"E.Leclerc, Carrefour et Coop\u00e9rative U d\u00e9ploient l'\u00e9coscore textile - RetailDetail BE","description":"Au moins trois grandes cha\u00eenes de supermarch\u00e9s et d'hypermarch\u00e9s ont d\u00e9j\u00e0 introduit l'\u00e9coscore pour les collections textiles de leur marque propre.","robots":{"index":"index","follow":"follow","max-snippet":"max-snippet:-1","max-image-preview":"max-image-preview:large","max-video-preview":"max-video-preview:-1"},"canonical":"https:\/\/www.retaildetail.be\/fr\/news\/mode\/e-leclerc-carrefour-et-cooperative-u-deploient-lecoscore-pour-les-textiles\/","og_locale":"fr_FR","og_type":"article","og_title":"E.Leclerc, Carrefour et Coop\u00e9rative U d\u00e9ploient l'\u00e9coscore textile - RetailDetail BE","og_description":"Au moins trois grandes cha\u00eenes de supermarch\u00e9s et d'hypermarch\u00e9s ont d\u00e9j\u00e0 introduit l'\u00e9coscore pour les collections textiles de leur marque propre.","og_url":"https:\/\/www.retaildetail.be\/fr\/news\/mode\/e-leclerc-carrefour-et-cooperative-u-deploient-lecoscore-pour-les-textiles\/","og_site_name":"RetailDetail BE","article_published_time":"2026-01-20T09:13:17+00:00","article_modified_time":"2026-02-02T13:36:49+00:00","og_image":[{"width":1247,"height":817,"url":"https:\/\/www.retaildetail.be\/wp-content\/uploads\/2026\/01\/carrefour-tex-fashion-1.jpg","type":"image\/jpeg"}],"author":"Stefan Van Rompaey","twitter_card":"summary_large_image","twitter_misc":{"\u00c9crit par":"Stefan Van Rompaey","Dur\u00e9e de lecture estim\u00e9e":"2 minutes"},"schema":{"@context":"https:\/\/schema.org","@graph":[{"@type":"NewsArticle","@id":"https:\/\/www.retaildetail.be\/fr\/news\/mode\/e-leclerc-carrefour-et-cooperative-u-deploient-lecoscore-pour-les-textiles\/#article","isPartOf":{"@id":"https:\/\/www.retaildetail.be\/fr\/news\/mode\/e-leclerc-carrefour-et-cooperative-u-deploient-lecoscore-pour-les-textiles\/"},"author":{"name":"Stefan Van Rompaey","@id":"https:\/\/www.retaildetail.be\/nl\/#\/schema\/person\/51aec6069c4416aa2f68b2e4ff3455df"},"headline":"E.Leclerc, Carrefour et Coop\u00e9rative U d\u00e9ploient l&rsquo;\u00e9coscore textile","datePublished":"2026-01-20T09:13:17+00:00","dateModified":"2026-02-02T13:36:49+00:00","mainEntityOfPage":{"@id":"https:\/\/www.retaildetail.be\/fr\/news\/mode\/e-leclerc-carrefour-et-cooperative-u-deploient-lecoscore-pour-les-textiles\/"},"wordCount":528,"publisher":{"@id":"https:\/\/www.retaildetail.be\/nl\/#organization"},"image":{"@id":"https:\/\/www.retaildetail.be\/fr\/news\/mode\/e-leclerc-carrefour-et-cooperative-u-deploient-lecoscore-pour-les-textiles\/#primaryimage"},"thumbnailUrl":"https:\/\/www.retaildetail.be\/wp-content\/uploads\/2026\/01\/carrefour-tex-fashion-1.jpg","articleSection":["Mode","Mode"],"inLanguage":"fr-FR","copyrightYear":"2026","copyrightHolder":{"@id":"https:\/\/www.retaildetail.be\/#organization"}},{"@type":"WebPage","@id":"https:\/\/www.retaildetail.be\/fr\/news\/mode\/e-leclerc-carrefour-et-cooperative-u-deploient-lecoscore-pour-les-textiles\/","url":"https:\/\/www.retaildetail.be\/fr\/news\/mode\/e-leclerc-carrefour-et-cooperative-u-deploient-lecoscore-pour-les-textiles\/","name":"E.Leclerc, Carrefour et Coop\u00e9rative U d\u00e9ploient l'\u00e9coscore textile - RetailDetail BE","isPartOf":{"@id":"https:\/\/www.retaildetail.be\/nl\/#website"},"primaryImageOfPage":{"@id":"https:\/\/www.retaildetail.be\/fr\/news\/mode\/e-leclerc-carrefour-et-cooperative-u-deploient-lecoscore-pour-les-textiles\/#primaryimage"},"image":{"@id":"https:\/\/www.retaildetail.be\/fr\/news\/mode\/e-leclerc-carrefour-et-cooperative-u-deploient-lecoscore-pour-les-textiles\/#primaryimage"},"thumbnailUrl":"https:\/\/www.retaildetail.be\/wp-content\/uploads\/2026\/01\/carrefour-tex-fashion-1.jpg","datePublished":"2026-01-20T09:13:17+00:00","dateModified":"2026-02-02T13:36:49+00:00","description":"Au moins trois grandes cha\u00eenes de supermarch\u00e9s et d'hypermarch\u00e9s ont d\u00e9j\u00e0 introduit l'\u00e9coscore pour les collections textiles de leur marque propre.","breadcrumb":{"@id":"https:\/\/www.retaildetail.be\/fr\/news\/mode\/e-leclerc-carrefour-et-cooperative-u-deploient-lecoscore-pour-les-textiles\/#breadcrumb"},"inLanguage":"fr-FR","potentialAction":[{"@type":"ReadAction","target":["https:\/\/www.retaildetail.be\/fr\/news\/mode\/e-leclerc-carrefour-et-cooperative-u-deploient-lecoscore-pour-les-textiles\/"]}]},{"@type":"ImageObject","inLanguage":"fr-FR","@id":"https:\/\/www.retaildetail.be\/fr\/news\/mode\/e-leclerc-carrefour-et-cooperative-u-deploient-lecoscore-pour-les-textiles\/#primaryimage","url":"https:\/\/www.retaildetail.be\/wp-content\/uploads\/2026\/01\/carrefour-tex-fashion-1.jpg","contentUrl":"https:\/\/www.retaildetail.be\/wp-content\/uploads\/2026\/01\/carrefour-tex-fashion-1.jpg","width":1247,"height":817,"caption":"Carrefour"},{"@type":"BreadcrumbList","@id":"https:\/\/www.retaildetail.be\/fr\/news\/mode\/e-leclerc-carrefour-et-cooperative-u-deploient-lecoscore-pour-les-textiles\/#breadcrumb","itemListElement":[{"@type":"ListItem","position":1,"name":"Home","item":"https:\/\/www.retaildetail.be\/fr\/"},{"@type":"ListItem","position":2,"name":"E.Leclerc, Carrefour et Coop\u00e9rative U d\u00e9ploient l&#8217;\u00e9coscore textile"}]},{"@type":"WebSite","@id":"https:\/\/www.retaildetail.be\/nl\/#website","url":"https:\/\/www.retaildetail.be\/nl\/","name":"RetailDetail BE","description":"News","publisher":{"@id":"https:\/\/www.retaildetail.be\/nl\/#organization"},"potentialAction":[{"@type":"SearchAction","target":{"@type":"EntryPoint","urlTemplate":"https:\/\/www.retaildetail.be\/nl\/?s={search_term_string}"},"query-input":{"@type":"PropertyValueSpecification","valueRequired":true,"valueName":"search_term_string"}}],"inLanguage":"fr-FR"},{"@type":"Organization","@id":"https:\/\/www.retaildetail.be\/nl\/#organization","name":"RetailDetail BE","url":"https:\/\/www.retaildetail.be\/nl\/","logo":{"@type":"ImageObject","inLanguage":"fr-FR","@id":"https:\/\/www.retaildetail.be\/nl\/#\/schema\/logo\/image\/","url":"https:\/\/www.retaildetail.be\/wp-content\/uploads\/2022\/04\/logo.svg","contentUrl":"https:\/\/www.retaildetail.be\/wp-content\/uploads\/2022\/04\/logo.svg","width":131,"height":70,"caption":"RetailDetail BE"},"image":{"@id":"https:\/\/www.retaildetail.be\/nl\/#\/schema\/logo\/image\/"}},{"@type":"Person","@id":"https:\/\/www.retaildetail.be\/nl\/#\/schema\/person\/51aec6069c4416aa2f68b2e4ff3455df","name":"Stefan Van Rompaey","image":{"@type":"ImageObject","inLanguage":"fr-FR","@id":"https:\/\/secure.gravatar.com\/avatar\/fbbb4a80a0f109888b2a5ab8ae255617499ecde533749b3ab2fa6c23b5d65dac?s=96&d=mm&r=g","url":"https:\/\/secure.gravatar.com\/avatar\/fbbb4a80a0f109888b2a5ab8ae255617499ecde533749b3ab2fa6c23b5d65dac?s=96&d=mm&r=g","contentUrl":"https:\/\/secure.gravatar.com\/avatar\/fbbb4a80a0f109888b2a5ab8ae255617499ecde533749b3ab2fa6c23b5d65dac?s=96&d=mm&r=g","caption":"Stefan Van Rompaey"},"url":"https:\/\/www.retaildetail.be\/fr\/author\/stefanvanrompaey\/"}]}},"jetpack_featured_media_url":"https:\/\/www.retaildetail.be\/wp-content\/uploads\/2026\/01\/carrefour-tex-fashion-1.jpg","jetpack_sharing_enabled":true,"_links":{"self":[{"href":"https:\/\/www.retaildetail.be\/fr\/wp-json\/wp\/v2\/posts\/140169","targetHints":{"allow":["GET"]}}],"collection":[{"href":"https:\/\/www.retaildetail.be\/fr\/wp-json\/wp\/v2\/posts"}],"about":[{"href":"https:\/\/www.retaildetail.be\/fr\/wp-json\/wp\/v2\/types\/post"}],"author":[{"embeddable":true,"href":"https:\/\/www.retaildetail.be\/fr\/wp-json\/wp\/v2\/users\/3"}],"replies":[{"embeddable":true,"href":"https:\/\/www.retaildetail.be\/fr\/wp-json\/wp\/v2\/comments?post=140169"}],"version-history":[{"count":2,"href":"https:\/\/www.retaildetail.be\/fr\/wp-json\/wp\/v2\/posts\/140169\/revisions"}],"predecessor-version":[{"id":140175,"href":"https:\/\/www.retaildetail.be\/fr\/wp-json\/wp\/v2\/posts\/140169\/revisions\/140175"}],"wp:featuredmedia":[{"embeddable":true,"href":"https:\/\/www.retaildetail.be\/fr\/wp-json\/wp\/v2\/media\/140170"}],"wp:attachment":[{"href":"https:\/\/www.retaildetail.be\/fr\/wp-json\/wp\/v2\/media?parent=140169"}],"wp:term":[{"taxonomy":"category","embeddable":true,"href":"https:\/\/www.retaildetail.be\/fr\/wp-json\/wp\/v2\/categories?post=140169"},{"taxonomy":"post_tag","embeddable":true,"href":"https:\/\/www.retaildetail.be\/fr\/wp-json\/wp\/v2\/tags?post=140169"},{"taxonomy":"people","embeddable":true,"href":"https:\/\/www.retaildetail.be\/fr\/wp-json\/wp\/v2\/people?post=140169"},{"taxonomy":"extra","embeddable":true,"href":"https:\/\/www.retaildetail.be\/fr\/wp-json\/wp\/v2\/extra?post=140169"},{"taxonomy":"company","embeddable":true,"href":"https:\/\/www.retaildetail.be\/fr\/wp-json\/wp\/v2\/company?post=140169"},{"taxonomy":"topic","embeddable":true,"href":"https:\/\/www.retaildetail.be\/fr\/wp-json\/wp\/v2\/topic?post=140169"},{"taxonomy":"region","embeddable":true,"href":"https:\/\/www.retaildetail.be\/fr\/wp-json\/wp\/v2\/region?post=140169"}],"curies":[{"name":"wp","href":"https:\/\/api.w.org\/{rel}","templated":true}]}}