{"id":140194,"date":"2026-01-20T12:09:34","date_gmt":"2026-01-20T11:09:34","guid":{"rendered":"https:\/\/www.retaildetail.be\/?p=140194"},"modified":"2026-02-02T14:37:04","modified_gmt":"2026-02-02T13:37:04","slug":"en-images-louis-vuitton-fait-sensation-avec-son-nouveau-magasin-phare-a-pekin","status":"publish","type":"post","link":"https:\/\/www.retaildetail.be\/fr\/news\/mode\/en-images-louis-vuitton-fait-sensation-avec-son-nouveau-magasin-phare-a-pekin\/","title":{"rendered":"[En images] Louis Vuitton fait sensation avec son nouveau magasin phare \u00e0 P\u00e9kin"},"content":{"rendered":"\n<div class=\"wp-block-jetpack-slideshow aligncenter\" data-effect=\"slide\" style=\"--aspect-ratio:calc(1024 \/ 640)\"><div class=\"wp-block-jetpack-slideshow_container swiper\"><ul class=\"wp-block-jetpack-slideshow_swiper-wrapper swiper-wrapper\"><li class=\"wp-block-jetpack-slideshow_slide swiper-slide\"><figure><img loading=\"lazy\" decoding=\"async\" width=\"1024\" height=\"640\" alt=\"\" class=\"wp-block-jetpack-slideshow_image wp-image-140191\" data-id=\"140191\" data-aspect-ratio=\"1024 \/ 640\" src=\"https:\/\/www.retaildetail.be\/wp-content\/uploads\/2026\/01\/louis-vuitton-bejing-7-1024x640.jpg\" srcset=\"https:\/\/www.retaildetail.be\/wp-content\/uploads\/2026\/01\/louis-vuitton-bejing-7-1024x640.jpg 1024w, https:\/\/www.retaildetail.be\/wp-content\/uploads\/2026\/01\/louis-vuitton-bejing-7-300x188.jpg 300w, https:\/\/www.retaildetail.be\/wp-content\/uploads\/2026\/01\/louis-vuitton-bejing-7-768x480.jpg 768w, https:\/\/www.retaildetail.be\/wp-content\/uploads\/2026\/01\/louis-vuitton-bejing-7-281x177.jpg 281w, https:\/\/www.retaildetail.be\/wp-content\/uploads\/2026\/01\/louis-vuitton-bejing-7.jpg 1353w\" sizes=\"(max-width: 1024px) 100vw, 1024px\" \/><figcaption class=\"wp-block-jetpack-slideshow_caption gallery-caption\">\u00a9 Louis Vuitton <\/figcaption><\/figure><\/li><li class=\"wp-block-jetpack-slideshow_slide swiper-slide\"><figure><img loading=\"lazy\" decoding=\"async\" width=\"682\" height=\"716\" alt=\"\" class=\"wp-block-jetpack-slideshow_image wp-image-140185\" data-id=\"140185\" data-aspect-ratio=\"682 \/ 716\" src=\"https:\/\/www.retaildetail.be\/wp-content\/uploads\/2026\/01\/louis-vuitton-bejing-5.jpg\" srcset=\"https:\/\/www.retaildetail.be\/wp-content\/uploads\/2026\/01\/louis-vuitton-bejing-5.jpg 682w, https:\/\/www.retaildetail.be\/wp-content\/uploads\/2026\/01\/louis-vuitton-bejing-5-286x300.jpg 286w\" sizes=\"(max-width: 682px) 100vw, 682px\" \/><figcaption class=\"wp-block-jetpack-slideshow_caption gallery-caption\">\u00a9 Louis Vuitton <\/figcaption><\/figure><\/li><li class=\"wp-block-jetpack-slideshow_slide swiper-slide\"><figure><img loading=\"lazy\" decoding=\"async\" width=\"690\" height=\"857\" alt=\"\" class=\"wp-block-jetpack-slideshow_image wp-image-140183\" data-id=\"140183\" data-aspect-ratio=\"690 \/ 857\" src=\"https:\/\/www.retaildetail.be\/wp-content\/uploads\/2026\/01\/louis-vuitton-bejing-3.jpg\" srcset=\"https:\/\/www.retaildetail.be\/wp-content\/uploads\/2026\/01\/louis-vuitton-bejing-3.jpg 690w, https:\/\/www.retaildetail.be\/wp-content\/uploads\/2026\/01\/louis-vuitton-bejing-3-242x300.jpg 242w\" sizes=\"(max-width: 690px) 100vw, 690px\" \/><figcaption class=\"wp-block-jetpack-slideshow_caption gallery-caption\">\u00a9 Louis Vuitton <\/figcaption><\/figure><\/li><li class=\"wp-block-jetpack-slideshow_slide swiper-slide\"><figure><img loading=\"lazy\" decoding=\"async\" width=\"692\" height=\"855\" alt=\"\" class=\"wp-block-jetpack-slideshow_image wp-image-140181\" data-id=\"140181\" data-aspect-ratio=\"692 \/ 855\" src=\"https:\/\/www.retaildetail.be\/wp-content\/uploads\/2026\/01\/louis-vuitton-bejing-4.jpg\" srcset=\"https:\/\/www.retaildetail.be\/wp-content\/uploads\/2026\/01\/louis-vuitton-bejing-4.jpg 692w, https:\/\/www.retaildetail.be\/wp-content\/uploads\/2026\/01\/louis-vuitton-bejing-4-243x300.jpg 243w\" sizes=\"(max-width: 692px) 100vw, 692px\" \/><figcaption class=\"wp-block-jetpack-slideshow_caption gallery-caption\">\u00a9 Louis Vuitton <\/figcaption><\/figure><\/li><li class=\"wp-block-jetpack-slideshow_slide swiper-slide\"><figure><img loading=\"lazy\" decoding=\"async\" width=\"687\" height=\"858\" alt=\"\" class=\"wp-block-jetpack-slideshow_image wp-image-140179\" data-id=\"140179\" data-aspect-ratio=\"687 \/ 858\" src=\"https:\/\/www.retaildetail.be\/wp-content\/uploads\/2026\/01\/louis-vuitton-bejing-1.jpg\" srcset=\"https:\/\/www.retaildetail.be\/wp-content\/uploads\/2026\/01\/louis-vuitton-bejing-1.jpg 687w, https:\/\/www.retaildetail.be\/wp-content\/uploads\/2026\/01\/louis-vuitton-bejing-1-240x300.jpg 240w\" sizes=\"(max-width: 687px) 100vw, 687px\" \/><figcaption class=\"wp-block-jetpack-slideshow_caption gallery-caption\">\u00a9 Louis Vuitton <\/figcaption><\/figure><\/li><li class=\"wp-block-jetpack-slideshow_slide swiper-slide\"><figure><img loading=\"lazy\" decoding=\"async\" width=\"1024\" height=\"580\" alt=\"\" class=\"wp-block-jetpack-slideshow_image wp-image-140189\" data-id=\"140189\" data-aspect-ratio=\"1024 \/ 580\" src=\"https:\/\/www.retaildetail.be\/wp-content\/uploads\/2026\/01\/louis-vuitton-bejing-6-1024x580.jpg\" srcset=\"https:\/\/www.retaildetail.be\/wp-content\/uploads\/2026\/01\/louis-vuitton-bejing-6-1024x580.jpg 1024w, https:\/\/www.retaildetail.be\/wp-content\/uploads\/2026\/01\/louis-vuitton-bejing-6-300x170.jpg 300w, https:\/\/www.retaildetail.be\/wp-content\/uploads\/2026\/01\/louis-vuitton-bejing-6-768x435.jpg 768w, https:\/\/www.retaildetail.be\/wp-content\/uploads\/2026\/01\/louis-vuitton-bejing-6.jpg 1528w\" sizes=\"(max-width: 1024px) 100vw, 1024px\" \/><figcaption class=\"wp-block-jetpack-slideshow_caption gallery-caption\">\u00a9 Louis Vuitton <\/figcaption><\/figure><\/li><li class=\"wp-block-jetpack-slideshow_slide swiper-slide\"><figure><img loading=\"lazy\" decoding=\"async\" width=\"1024\" height=\"572\" alt=\"\" class=\"wp-block-jetpack-slideshow_image wp-image-140187\" data-id=\"140187\" data-aspect-ratio=\"1024 \/ 572\" src=\"https:\/\/www.retaildetail.be\/wp-content\/uploads\/2026\/01\/louis-vuitton-bejing-2-1024x572.jpg\" srcset=\"https:\/\/www.retaildetail.be\/wp-content\/uploads\/2026\/01\/louis-vuitton-bejing-2-1024x572.jpg 1024w, https:\/\/www.retaildetail.be\/wp-content\/uploads\/2026\/01\/louis-vuitton-bejing-2-300x167.jpg 300w, https:\/\/www.retaildetail.be\/wp-content\/uploads\/2026\/01\/louis-vuitton-bejing-2-768x429.jpg 768w, https:\/\/www.retaildetail.be\/wp-content\/uploads\/2026\/01\/louis-vuitton-bejing-2.jpg 1523w\" sizes=\"(max-width: 1024px) 100vw, 1024px\" \/><figcaption class=\"wp-block-jetpack-slideshow_caption gallery-caption\">\u00a9 Louis Vuitton <\/figcaption><\/figure><\/li><\/ul><a class=\"wp-block-jetpack-slideshow_button-prev swiper-button-prev swiper-button-white\" role=\"button\"><\/a><a class=\"wp-block-jetpack-slideshow_button-next swiper-button-next swiper-button-white\" role=\"button\"><\/a><a aria-label=\"Pause Slideshow\" class=\"wp-block-jetpack-slideshow_button-pause\" role=\"button\"><\/a><div class=\"wp-block-jetpack-slideshow_pagination swiper-pagination swiper-pagination-white\"><\/div><\/div><\/div>\n\n\n\n<p><strong>Louis Vuitton<\/strong> a ouvert un nouveau magasin phare dans le quartier anim\u00e9 de Sanlitun \u00e0 P\u00e9kin. Ce projet, qui allie luxe et gastronomie \u00e0 une architecture embl\u00e9matique, illustre les ambitions \u00e9lev\u00e9es de la maison de luxe en Chine. <\/p>\n\n\n\n<h2 class=\"wp-block-heading\">Fa\u00e7ade translucide<\/h2>\n\n\n\n<p>Alors que le march\u00e9 du luxe montre les premiers signes de reprise, LVMH renforce sa pr\u00e9sence en Chine. Apr\u00e8s le succ\u00e8s de son magasin phare en forme de bateau \u00e0 Shanghai, qui a ouvert ses portes mi-2025, le g\u00e9ant du luxe place la barre encore plus haut en mati\u00e8re d&rsquo;architecture commerciale et d&rsquo;exp\u00e9rience de marque avec ce nouvel \u00e9tablissement \u00e0 Sanlitun.<\/p>\n\n\n\n<p>Jun Aoki, partenaire architectural attitr\u00e9, s&rsquo;est inspir\u00e9 de la pierre Taihu des jardins chinois classiques et d&rsquo;une robe de Nicolas Ghesqui\u00e8re issue de la collection printemps-\u00e9t\u00e9 2016 pour femmes. Ces influences combin\u00e9es ont donn\u00e9 naissance \u00e0 une fa\u00e7ade lumineuse et translucide qui change avec la lumi\u00e8re et ancre le b\u00e2timent dans son environnement. <\/p>\n\n\n\n<h2 class=\"wp-block-heading\">Premier caf\u00e9 Louis Vuitton \u00e0 P\u00e9kin<\/h2>\n\n\n\n<p>\u00c0 l&rsquo;int\u00e9rieur, les clients d\u00e9couvrent sur quatre niveaux l&rsquo;univers complet de Louis Vuitton : maroquinerie pour femmes et hommes, mode, bijoux, chaussures, parfums, beaut\u00e9, accessoires et la nouvelle collection Maison. Quatre salons priv\u00e9s offrent une exclusivit\u00e9 suppl\u00e9mentaire aux clients VIP.<\/p>\n\n\n\n<p>\u00c0 l&rsquo;\u00e9tage sup\u00e9rieur se trouve le premier caf\u00e9 Louis Vuitton \u00e0 P\u00e9kin, qui offre une vue sur la ville et dispose d&rsquo;une salle \u00e0 manger priv\u00e9e ainsi que d&rsquo;un espace ext\u00e9rieur de 250 m\u00e8tres carr\u00e9s, comprenant un bar \u00e9v\u00e9nementiel sur le toit. Le caf\u00e9 incarne l&rsquo;ambition d&rsquo;offrir une exp\u00e9rience lifestyle holistique o\u00f9 se rencontrent design, culture et gastronomie.<\/p>\n\n\n\n<p><\/p>\n","protected":false},"excerpt":{"rendered":"<p>Louis Vuitton a ouvert un nouveau magasin phare dans le quartier anim\u00e9 de Sanlitun \u00e0 P\u00e9kin. Ce projet, qui allie luxe et gastronomie \u00e0 une architecture embl\u00e9matique, illustre les ambitions \u00e9lev\u00e9es de la maison de luxe en Chine. <\/p>\n","protected":false},"author":3,"featured_media":140195,"comment_status":"closed","ping_status":"closed","sticky":false,"template":"template-gallery.php","format":"standard","meta":{"_acf_changed":false,"inline_featured_image":false,"_jetpack_memberships_contains_paid_content":false,"footnotes":""},"categories":[14,22],"tags":[509,1656],"people":[],"extra":[43],"company":[730],"topic":[340,1262],"region":[277],"class_list":{"0":"post-140194","1":"post","2":"type-post","3":"status-publish","4":"format-standard","5":"has-post-thumbnail","6":"hentry","7":"category-mode","9":"tag-luxe","10":"tag-luxe-2","11":"extra-plus","12":"company-lvmh","13":"topic-concept-de-magasin","14":"topic-en-images","15":"region-chine"},"acf":[],"yoast_head":"<!-- This site is optimized with the Yoast SEO plugin v27.3 - https:\/\/yoast.com\/product\/yoast-seo-wordpress\/ -->\n<title>[En images] Louis Vuitton fait sensation avec son nouveau magasin phare \u00e0 P\u00e9kin - RetailDetail BE<\/title>\n<meta name=\"description\" content=\"Louis Vuitton a ouvert un nouveau magasin phare dans le quartier anim\u00e9 de Sanlitun \u00e0 P\u00e9kin.\" \/>\n<meta name=\"robots\" content=\"index, follow, max-snippet:-1, max-image-preview:large, max-video-preview:-1\" \/>\n<link rel=\"canonical\" href=\"https:\/\/www.retaildetail.be\/fr\/news\/mode\/en-images-louis-vuitton-fait-sensation-avec-son-nouveau-magasin-phare-a-pekin\/\" \/>\n<meta property=\"og:locale\" content=\"fr_FR\" \/>\n<meta property=\"og:type\" content=\"article\" \/>\n<meta property=\"og:title\" content=\"[En images] Louis Vuitton fait sensation avec son nouveau magasin phare \u00e0 P\u00e9kin - RetailDetail BE\" \/>\n<meta property=\"og:description\" content=\"Louis Vuitton a ouvert un nouveau magasin phare dans le quartier anim\u00e9 de Sanlitun \u00e0 P\u00e9kin.\" \/>\n<meta property=\"og:url\" content=\"https:\/\/www.retaildetail.be\/fr\/news\/mode\/en-images-louis-vuitton-fait-sensation-avec-son-nouveau-magasin-phare-a-pekin\/\" \/>\n<meta property=\"og:site_name\" content=\"RetailDetail BE\" \/>\n<meta property=\"article:published_time\" content=\"2026-01-20T11:09:34+00:00\" \/>\n<meta property=\"article:modified_time\" content=\"2026-02-02T13:37:04+00:00\" \/>\n<meta property=\"og:image\" content=\"https:\/\/www.retaildetail.be\/wp-content\/uploads\/2026\/01\/louis-vuitton-bejing-7-1.jpg\" \/>\n\t<meta property=\"og:image:width\" content=\"1353\" \/>\n\t<meta property=\"og:image:height\" content=\"846\" \/>\n\t<meta property=\"og:image:type\" content=\"image\/jpeg\" \/>\n<meta name=\"author\" content=\"Stefan Van Rompaey\" \/>\n<meta name=\"twitter:card\" content=\"summary_large_image\" \/>\n<meta name=\"twitter:label1\" content=\"\u00c9crit par\" \/>\n\t<meta name=\"twitter:data1\" content=\"Stefan Van Rompaey\" \/>\n\t<meta name=\"twitter:label2\" content=\"Dur\u00e9e de lecture estim\u00e9e\" \/>\n\t<meta name=\"twitter:data2\" content=\"1 minute\" \/>\n<script type=\"application\/ld+json\" class=\"yoast-schema-graph\">{\"@context\":\"https:\\\/\\\/schema.org\",\"@graph\":[{\"@type\":\"NewsArticle\",\"@id\":\"https:\\\/\\\/www.retaildetail.be\\\/fr\\\/news\\\/mode\\\/en-images-louis-vuitton-fait-sensation-avec-son-nouveau-magasin-phare-a-pekin\\\/#article\",\"isPartOf\":{\"@id\":\"https:\\\/\\\/www.retaildetail.be\\\/fr\\\/news\\\/mode\\\/en-images-louis-vuitton-fait-sensation-avec-son-nouveau-magasin-phare-a-pekin\\\/\"},\"author\":{\"name\":\"Stefan Van Rompaey\",\"@id\":\"https:\\\/\\\/www.retaildetail.be\\\/nl\\\/#\\\/schema\\\/person\\\/51aec6069c4416aa2f68b2e4ff3455df\"},\"headline\":\"[En images] Louis Vuitton fait sensation avec son nouveau magasin phare \u00e0 P\u00e9kin\",\"datePublished\":\"2026-01-20T11:09:34+00:00\",\"dateModified\":\"2026-02-02T13:37:04+00:00\",\"mainEntityOfPage\":{\"@id\":\"https:\\\/\\\/www.retaildetail.be\\\/fr\\\/news\\\/mode\\\/en-images-louis-vuitton-fait-sensation-avec-son-nouveau-magasin-phare-a-pekin\\\/\"},\"wordCount\":312,\"publisher\":{\"@id\":\"https:\\\/\\\/www.retaildetail.be\\\/nl\\\/#organization\"},\"image\":{\"@id\":\"https:\\\/\\\/www.retaildetail.be\\\/fr\\\/news\\\/mode\\\/en-images-louis-vuitton-fait-sensation-avec-son-nouveau-magasin-phare-a-pekin\\\/#primaryimage\"},\"thumbnailUrl\":\"https:\\\/\\\/www.retaildetail.be\\\/wp-content\\\/uploads\\\/2026\\\/01\\\/louis-vuitton-bejing-7-1.jpg\",\"keywords\":[\"Luxe\",\"luxe\"],\"articleSection\":[\"Mode\",\"Mode\"],\"inLanguage\":\"fr-FR\",\"copyrightYear\":\"2026\",\"copyrightHolder\":{\"@id\":\"https:\\\/\\\/www.retaildetail.be\\\/#organization\"}},{\"@type\":\"WebPage\",\"@id\":\"https:\\\/\\\/www.retaildetail.be\\\/fr\\\/news\\\/mode\\\/en-images-louis-vuitton-fait-sensation-avec-son-nouveau-magasin-phare-a-pekin\\\/\",\"url\":\"https:\\\/\\\/www.retaildetail.be\\\/fr\\\/news\\\/mode\\\/en-images-louis-vuitton-fait-sensation-avec-son-nouveau-magasin-phare-a-pekin\\\/\",\"name\":\"[En images] Louis Vuitton fait sensation avec son nouveau magasin phare \u00e0 P\u00e9kin - RetailDetail BE\",\"isPartOf\":{\"@id\":\"https:\\\/\\\/www.retaildetail.be\\\/nl\\\/#website\"},\"primaryImageOfPage\":{\"@id\":\"https:\\\/\\\/www.retaildetail.be\\\/fr\\\/news\\\/mode\\\/en-images-louis-vuitton-fait-sensation-avec-son-nouveau-magasin-phare-a-pekin\\\/#primaryimage\"},\"image\":{\"@id\":\"https:\\\/\\\/www.retaildetail.be\\\/fr\\\/news\\\/mode\\\/en-images-louis-vuitton-fait-sensation-avec-son-nouveau-magasin-phare-a-pekin\\\/#primaryimage\"},\"thumbnailUrl\":\"https:\\\/\\\/www.retaildetail.be\\\/wp-content\\\/uploads\\\/2026\\\/01\\\/louis-vuitton-bejing-7-1.jpg\",\"datePublished\":\"2026-01-20T11:09:34+00:00\",\"dateModified\":\"2026-02-02T13:37:04+00:00\",\"description\":\"Louis Vuitton a ouvert un nouveau magasin phare dans le quartier anim\u00e9 de Sanlitun \u00e0 P\u00e9kin.\",\"breadcrumb\":{\"@id\":\"https:\\\/\\\/www.retaildetail.be\\\/fr\\\/news\\\/mode\\\/en-images-louis-vuitton-fait-sensation-avec-son-nouveau-magasin-phare-a-pekin\\\/#breadcrumb\"},\"inLanguage\":\"fr-FR\",\"potentialAction\":[{\"@type\":\"ReadAction\",\"target\":[\"https:\\\/\\\/www.retaildetail.be\\\/fr\\\/news\\\/mode\\\/en-images-louis-vuitton-fait-sensation-avec-son-nouveau-magasin-phare-a-pekin\\\/\"]}]},{\"@type\":\"ImageObject\",\"inLanguage\":\"fr-FR\",\"@id\":\"https:\\\/\\\/www.retaildetail.be\\\/fr\\\/news\\\/mode\\\/en-images-louis-vuitton-fait-sensation-avec-son-nouveau-magasin-phare-a-pekin\\\/#primaryimage\",\"url\":\"https:\\\/\\\/www.retaildetail.be\\\/wp-content\\\/uploads\\\/2026\\\/01\\\/louis-vuitton-bejing-7-1.jpg\",\"contentUrl\":\"https:\\\/\\\/www.retaildetail.be\\\/wp-content\\\/uploads\\\/2026\\\/01\\\/louis-vuitton-bejing-7-1.jpg\",\"width\":1353,\"height\":846,\"caption\":\"\u00a9 Louis Vuitton\"},{\"@type\":\"BreadcrumbList\",\"@id\":\"https:\\\/\\\/www.retaildetail.be\\\/fr\\\/news\\\/mode\\\/en-images-louis-vuitton-fait-sensation-avec-son-nouveau-magasin-phare-a-pekin\\\/#breadcrumb\",\"itemListElement\":[{\"@type\":\"ListItem\",\"position\":1,\"name\":\"Home\",\"item\":\"https:\\\/\\\/www.retaildetail.be\\\/fr\\\/\"},{\"@type\":\"ListItem\",\"position\":2,\"name\":\"[En images] Louis Vuitton fait sensation avec son nouveau magasin phare \u00e0 P\u00e9kin\"}]},{\"@type\":\"WebSite\",\"@id\":\"https:\\\/\\\/www.retaildetail.be\\\/nl\\\/#website\",\"url\":\"https:\\\/\\\/www.retaildetail.be\\\/nl\\\/\",\"name\":\"RetailDetail BE\",\"description\":\"News\",\"publisher\":{\"@id\":\"https:\\\/\\\/www.retaildetail.be\\\/nl\\\/#organization\"},\"potentialAction\":[{\"@type\":\"SearchAction\",\"target\":{\"@type\":\"EntryPoint\",\"urlTemplate\":\"https:\\\/\\\/www.retaildetail.be\\\/nl\\\/?s={search_term_string}\"},\"query-input\":{\"@type\":\"PropertyValueSpecification\",\"valueRequired\":true,\"valueName\":\"search_term_string\"}}],\"inLanguage\":\"fr-FR\"},{\"@type\":\"Organization\",\"@id\":\"https:\\\/\\\/www.retaildetail.be\\\/nl\\\/#organization\",\"name\":\"RetailDetail BE\",\"url\":\"https:\\\/\\\/www.retaildetail.be\\\/nl\\\/\",\"logo\":{\"@type\":\"ImageObject\",\"inLanguage\":\"fr-FR\",\"@id\":\"https:\\\/\\\/www.retaildetail.be\\\/nl\\\/#\\\/schema\\\/logo\\\/image\\\/\",\"url\":\"https:\\\/\\\/www.retaildetail.be\\\/wp-content\\\/uploads\\\/2022\\\/04\\\/logo.svg\",\"contentUrl\":\"https:\\\/\\\/www.retaildetail.be\\\/wp-content\\\/uploads\\\/2022\\\/04\\\/logo.svg\",\"width\":131,\"height\":70,\"caption\":\"RetailDetail BE\"},\"image\":{\"@id\":\"https:\\\/\\\/www.retaildetail.be\\\/nl\\\/#\\\/schema\\\/logo\\\/image\\\/\"}},{\"@type\":\"Person\",\"@id\":\"https:\\\/\\\/www.retaildetail.be\\\/nl\\\/#\\\/schema\\\/person\\\/51aec6069c4416aa2f68b2e4ff3455df\",\"name\":\"Stefan Van Rompaey\",\"image\":{\"@type\":\"ImageObject\",\"inLanguage\":\"fr-FR\",\"@id\":\"https:\\\/\\\/secure.gravatar.com\\\/avatar\\\/fbbb4a80a0f109888b2a5ab8ae255617499ecde533749b3ab2fa6c23b5d65dac?s=96&d=mm&r=g\",\"url\":\"https:\\\/\\\/secure.gravatar.com\\\/avatar\\\/fbbb4a80a0f109888b2a5ab8ae255617499ecde533749b3ab2fa6c23b5d65dac?s=96&d=mm&r=g\",\"contentUrl\":\"https:\\\/\\\/secure.gravatar.com\\\/avatar\\\/fbbb4a80a0f109888b2a5ab8ae255617499ecde533749b3ab2fa6c23b5d65dac?s=96&d=mm&r=g\",\"caption\":\"Stefan Van Rompaey\"},\"url\":\"https:\\\/\\\/www.retaildetail.be\\\/fr\\\/author\\\/stefanvanrompaey\\\/\"}]}<\/script>\n<!-- \/ Yoast SEO plugin. -->","yoast_head_json":{"title":"[En images] Louis Vuitton fait sensation avec son nouveau magasin phare \u00e0 P\u00e9kin - RetailDetail BE","description":"Louis Vuitton a ouvert un nouveau magasin phare dans le quartier anim\u00e9 de Sanlitun \u00e0 P\u00e9kin.","robots":{"index":"index","follow":"follow","max-snippet":"max-snippet:-1","max-image-preview":"max-image-preview:large","max-video-preview":"max-video-preview:-1"},"canonical":"https:\/\/www.retaildetail.be\/fr\/news\/mode\/en-images-louis-vuitton-fait-sensation-avec-son-nouveau-magasin-phare-a-pekin\/","og_locale":"fr_FR","og_type":"article","og_title":"[En images] Louis Vuitton fait sensation avec son nouveau magasin phare \u00e0 P\u00e9kin - RetailDetail BE","og_description":"Louis Vuitton a ouvert un nouveau magasin phare dans le quartier anim\u00e9 de Sanlitun \u00e0 P\u00e9kin.","og_url":"https:\/\/www.retaildetail.be\/fr\/news\/mode\/en-images-louis-vuitton-fait-sensation-avec-son-nouveau-magasin-phare-a-pekin\/","og_site_name":"RetailDetail BE","article_published_time":"2026-01-20T11:09:34+00:00","article_modified_time":"2026-02-02T13:37:04+00:00","og_image":[{"width":1353,"height":846,"url":"https:\/\/www.retaildetail.be\/wp-content\/uploads\/2026\/01\/louis-vuitton-bejing-7-1.jpg","type":"image\/jpeg"}],"author":"Stefan Van Rompaey","twitter_card":"summary_large_image","twitter_misc":{"\u00c9crit par":"Stefan Van Rompaey","Dur\u00e9e de lecture estim\u00e9e":"1 minute"},"schema":{"@context":"https:\/\/schema.org","@graph":[{"@type":"NewsArticle","@id":"https:\/\/www.retaildetail.be\/fr\/news\/mode\/en-images-louis-vuitton-fait-sensation-avec-son-nouveau-magasin-phare-a-pekin\/#article","isPartOf":{"@id":"https:\/\/www.retaildetail.be\/fr\/news\/mode\/en-images-louis-vuitton-fait-sensation-avec-son-nouveau-magasin-phare-a-pekin\/"},"author":{"name":"Stefan Van Rompaey","@id":"https:\/\/www.retaildetail.be\/nl\/#\/schema\/person\/51aec6069c4416aa2f68b2e4ff3455df"},"headline":"[En images] Louis Vuitton fait sensation avec son nouveau magasin phare \u00e0 P\u00e9kin","datePublished":"2026-01-20T11:09:34+00:00","dateModified":"2026-02-02T13:37:04+00:00","mainEntityOfPage":{"@id":"https:\/\/www.retaildetail.be\/fr\/news\/mode\/en-images-louis-vuitton-fait-sensation-avec-son-nouveau-magasin-phare-a-pekin\/"},"wordCount":312,"publisher":{"@id":"https:\/\/www.retaildetail.be\/nl\/#organization"},"image":{"@id":"https:\/\/www.retaildetail.be\/fr\/news\/mode\/en-images-louis-vuitton-fait-sensation-avec-son-nouveau-magasin-phare-a-pekin\/#primaryimage"},"thumbnailUrl":"https:\/\/www.retaildetail.be\/wp-content\/uploads\/2026\/01\/louis-vuitton-bejing-7-1.jpg","keywords":["Luxe","luxe"],"articleSection":["Mode","Mode"],"inLanguage":"fr-FR","copyrightYear":"2026","copyrightHolder":{"@id":"https:\/\/www.retaildetail.be\/#organization"}},{"@type":"WebPage","@id":"https:\/\/www.retaildetail.be\/fr\/news\/mode\/en-images-louis-vuitton-fait-sensation-avec-son-nouveau-magasin-phare-a-pekin\/","url":"https:\/\/www.retaildetail.be\/fr\/news\/mode\/en-images-louis-vuitton-fait-sensation-avec-son-nouveau-magasin-phare-a-pekin\/","name":"[En images] Louis Vuitton fait sensation avec son nouveau magasin phare \u00e0 P\u00e9kin - RetailDetail BE","isPartOf":{"@id":"https:\/\/www.retaildetail.be\/nl\/#website"},"primaryImageOfPage":{"@id":"https:\/\/www.retaildetail.be\/fr\/news\/mode\/en-images-louis-vuitton-fait-sensation-avec-son-nouveau-magasin-phare-a-pekin\/#primaryimage"},"image":{"@id":"https:\/\/www.retaildetail.be\/fr\/news\/mode\/en-images-louis-vuitton-fait-sensation-avec-son-nouveau-magasin-phare-a-pekin\/#primaryimage"},"thumbnailUrl":"https:\/\/www.retaildetail.be\/wp-content\/uploads\/2026\/01\/louis-vuitton-bejing-7-1.jpg","datePublished":"2026-01-20T11:09:34+00:00","dateModified":"2026-02-02T13:37:04+00:00","description":"Louis Vuitton a ouvert un nouveau magasin phare dans le quartier anim\u00e9 de Sanlitun \u00e0 P\u00e9kin.","breadcrumb":{"@id":"https:\/\/www.retaildetail.be\/fr\/news\/mode\/en-images-louis-vuitton-fait-sensation-avec-son-nouveau-magasin-phare-a-pekin\/#breadcrumb"},"inLanguage":"fr-FR","potentialAction":[{"@type":"ReadAction","target":["https:\/\/www.retaildetail.be\/fr\/news\/mode\/en-images-louis-vuitton-fait-sensation-avec-son-nouveau-magasin-phare-a-pekin\/"]}]},{"@type":"ImageObject","inLanguage":"fr-FR","@id":"https:\/\/www.retaildetail.be\/fr\/news\/mode\/en-images-louis-vuitton-fait-sensation-avec-son-nouveau-magasin-phare-a-pekin\/#primaryimage","url":"https:\/\/www.retaildetail.be\/wp-content\/uploads\/2026\/01\/louis-vuitton-bejing-7-1.jpg","contentUrl":"https:\/\/www.retaildetail.be\/wp-content\/uploads\/2026\/01\/louis-vuitton-bejing-7-1.jpg","width":1353,"height":846,"caption":"\u00a9 Louis Vuitton"},{"@type":"BreadcrumbList","@id":"https:\/\/www.retaildetail.be\/fr\/news\/mode\/en-images-louis-vuitton-fait-sensation-avec-son-nouveau-magasin-phare-a-pekin\/#breadcrumb","itemListElement":[{"@type":"ListItem","position":1,"name":"Home","item":"https:\/\/www.retaildetail.be\/fr\/"},{"@type":"ListItem","position":2,"name":"[En images] Louis Vuitton fait sensation avec son nouveau magasin phare \u00e0 P\u00e9kin"}]},{"@type":"WebSite","@id":"https:\/\/www.retaildetail.be\/nl\/#website","url":"https:\/\/www.retaildetail.be\/nl\/","name":"RetailDetail BE","description":"News","publisher":{"@id":"https:\/\/www.retaildetail.be\/nl\/#organization"},"potentialAction":[{"@type":"SearchAction","target":{"@type":"EntryPoint","urlTemplate":"https:\/\/www.retaildetail.be\/nl\/?s={search_term_string}"},"query-input":{"@type":"PropertyValueSpecification","valueRequired":true,"valueName":"search_term_string"}}],"inLanguage":"fr-FR"},{"@type":"Organization","@id":"https:\/\/www.retaildetail.be\/nl\/#organization","name":"RetailDetail BE","url":"https:\/\/www.retaildetail.be\/nl\/","logo":{"@type":"ImageObject","inLanguage":"fr-FR","@id":"https:\/\/www.retaildetail.be\/nl\/#\/schema\/logo\/image\/","url":"https:\/\/www.retaildetail.be\/wp-content\/uploads\/2022\/04\/logo.svg","contentUrl":"https:\/\/www.retaildetail.be\/wp-content\/uploads\/2022\/04\/logo.svg","width":131,"height":70,"caption":"RetailDetail BE"},"image":{"@id":"https:\/\/www.retaildetail.be\/nl\/#\/schema\/logo\/image\/"}},{"@type":"Person","@id":"https:\/\/www.retaildetail.be\/nl\/#\/schema\/person\/51aec6069c4416aa2f68b2e4ff3455df","name":"Stefan Van Rompaey","image":{"@type":"ImageObject","inLanguage":"fr-FR","@id":"https:\/\/secure.gravatar.com\/avatar\/fbbb4a80a0f109888b2a5ab8ae255617499ecde533749b3ab2fa6c23b5d65dac?s=96&d=mm&r=g","url":"https:\/\/secure.gravatar.com\/avatar\/fbbb4a80a0f109888b2a5ab8ae255617499ecde533749b3ab2fa6c23b5d65dac?s=96&d=mm&r=g","contentUrl":"https:\/\/secure.gravatar.com\/avatar\/fbbb4a80a0f109888b2a5ab8ae255617499ecde533749b3ab2fa6c23b5d65dac?s=96&d=mm&r=g","caption":"Stefan Van Rompaey"},"url":"https:\/\/www.retaildetail.be\/fr\/author\/stefanvanrompaey\/"}]}},"jetpack_featured_media_url":"https:\/\/www.retaildetail.be\/wp-content\/uploads\/2026\/01\/louis-vuitton-bejing-7-1.jpg","jetpack_sharing_enabled":true,"_links":{"self":[{"href":"https:\/\/www.retaildetail.be\/fr\/wp-json\/wp\/v2\/posts\/140194","targetHints":{"allow":["GET"]}}],"collection":[{"href":"https:\/\/www.retaildetail.be\/fr\/wp-json\/wp\/v2\/posts"}],"about":[{"href":"https:\/\/www.retaildetail.be\/fr\/wp-json\/wp\/v2\/types\/post"}],"author":[{"embeddable":true,"href":"https:\/\/www.retaildetail.be\/fr\/wp-json\/wp\/v2\/users\/3"}],"replies":[{"embeddable":true,"href":"https:\/\/www.retaildetail.be\/fr\/wp-json\/wp\/v2\/comments?post=140194"}],"version-history":[{"count":1,"href":"https:\/\/www.retaildetail.be\/fr\/wp-json\/wp\/v2\/posts\/140194\/revisions"}],"predecessor-version":[{"id":140197,"href":"https:\/\/www.retaildetail.be\/fr\/wp-json\/wp\/v2\/posts\/140194\/revisions\/140197"}],"wp:featuredmedia":[{"embeddable":true,"href":"https:\/\/www.retaildetail.be\/fr\/wp-json\/wp\/v2\/media\/140195"}],"wp:attachment":[{"href":"https:\/\/www.retaildetail.be\/fr\/wp-json\/wp\/v2\/media?parent=140194"}],"wp:term":[{"taxonomy":"category","embeddable":true,"href":"https:\/\/www.retaildetail.be\/fr\/wp-json\/wp\/v2\/categories?post=140194"},{"taxonomy":"post_tag","embeddable":true,"href":"https:\/\/www.retaildetail.be\/fr\/wp-json\/wp\/v2\/tags?post=140194"},{"taxonomy":"people","embeddable":true,"href":"https:\/\/www.retaildetail.be\/fr\/wp-json\/wp\/v2\/people?post=140194"},{"taxonomy":"extra","embeddable":true,"href":"https:\/\/www.retaildetail.be\/fr\/wp-json\/wp\/v2\/extra?post=140194"},{"taxonomy":"company","embeddable":true,"href":"https:\/\/www.retaildetail.be\/fr\/wp-json\/wp\/v2\/company?post=140194"},{"taxonomy":"topic","embeddable":true,"href":"https:\/\/www.retaildetail.be\/fr\/wp-json\/wp\/v2\/topic?post=140194"},{"taxonomy":"region","embeddable":true,"href":"https:\/\/www.retaildetail.be\/fr\/wp-json\/wp\/v2\/region?post=140194"}],"curies":[{"name":"wp","href":"https:\/\/api.w.org\/{rel}","templated":true}]}}