{"id":140315,"date":"2026-01-21T11:44:59","date_gmt":"2026-01-21T10:44:59","guid":{"rendered":"https:\/\/www.retaildetail.be\/?p=140315"},"modified":"2026-02-02T14:39:29","modified_gmt":"2026-02-02T13:39:29","slug":"ikea-double-ses-investissements-en-inde","status":"publish","type":"post","link":"https:\/\/www.retaildetail.be\/fr\/news\/maison-deco\/ikea-double-ses-investissements-en-inde\/","title":{"rendered":"IKEA double ses investissements en Inde"},"content":{"rendered":"\n<p><strong>IKEA<\/strong> revoit ses ambitions \u00e0 la hausse en Inde : la cha\u00eene de magasins d&rsquo;ameublement va investir plus de 200 milliards de roupies (environ 2,22 milliards d&rsquo;euros) au cours des cinq prochaines ann\u00e9es pour se d\u00e9velopper dans ce pays. Le d\u00e9taillant va ouvrir de nouveaux magasins, augmenter ses achats locaux et acc\u00e9l\u00e9rer son d\u00e9veloppement en ligne.<\/p>\n\n\n\n<h2 class=\"wp-block-heading\">Quadrupler son chiffre d&rsquo;affaires<\/h2>\n\n\n\n<p>IKEA s&rsquo;est implant\u00e9 en Inde en 2018 avec un premier magasin \u00e0 Hyderabad. Le d\u00e9taillant en compte d\u00e9sormais six, dont trois \u00e0 Navi Mumbai et Bengaluru, et deux magasins urbains plus petits \u00e0 Mumbai et New Delhi. \u00ab L&rsquo;Inde n&rsquo;est pas encore un grand march\u00e9 pour IKEA&#8230; Mais nous sommes convaincus que l&rsquo;Inde deviendra l&rsquo;un de nos principaux march\u00e9s \u00bb, a d\u00e9clar\u00e9 Patrik Antoni, PDG d&rsquo;IKEA Inde, \u00e0 Reuters. Le chiffre d&rsquo;affaires en Inde a augment\u00e9 de 6 % au cours de l&rsquo;exercice clos en ao\u00fbt 2025, pour atteindre 18,61 milliards de roupies (environ 207 millions d&rsquo;euros). IKEA souhaite quadrupler ses ventes et porter le nombre de magasins \u00e0 trente.<\/p>\n\n\n\n<p>Dans les nouvelles villes, IKEA commencera d\u00e9sormais par se lancer en ligne, avant m\u00eame l&rsquo;ouverture d&rsquo;un magasin physique, une premi\u00e8re pour l&rsquo;entreprise \u00e0 l&rsquo;\u00e9chelle mondiale. Cette approche s\u00e9duit les jeunes clients qui ach\u00e8tent en ligne pour \u00e9viter les embouteillages. Les ventes en ligne repr\u00e9sentent d\u00e9sormais plus de 30 % du chiffre d&rsquo;affaires indien. L&rsquo;objectif est de porter cette part \u00e0 40 %.<\/p>\n\n\n\n<p>IKEA double \u00e9galement sa production pour le march\u00e9 local et l&rsquo;exportation, pour atteindre environ 856 millions d&rsquo;euros. Bien que le pr\u00e9sident am\u00e9ricain Donald Trump ait doubl\u00e9 les droits de douane sur les importations en provenance d&rsquo;Inde, les portant \u00e0 50 % maximum, M. Antoni affirme que cette mesure n&rsquo;a pas beaucoup affect\u00e9 les fournisseurs indiens d&rsquo;IKEA, car la marque exporte davantage vers d&rsquo;autres march\u00e9s.<\/p>\n\n\n\n<p><\/p>\n","protected":false},"excerpt":{"rendered":"<p>IKEA revoit ses ambitions \u00e0 la hausse en Inde : la cha\u00eene de magasins d&rsquo;ameublement va investir plus de 200 milliards de roupies (environ 2,22 milliards d&rsquo;euros) au cours des cinq prochaines ann\u00e9es pour se d\u00e9velopper dans ce pays. Le d\u00e9taillant va ouvrir de nouveaux magasins, augmenter ses achats locaux et acc\u00e9l\u00e9rer son d\u00e9veloppement en ligne.<\/p>\n","protected":false},"author":10,"featured_media":140316,"comment_status":"closed","ping_status":"closed","sticky":false,"template":"","format":"standard","meta":{"_acf_changed":false,"inline_featured_image":false,"_jetpack_memberships_contains_paid_content":false,"footnotes":""},"categories":[29,21],"tags":[],"people":[],"extra":[43],"company":[211],"topic":[276],"region":[388],"class_list":["post-140315","post","type-post","status-publish","format-standard","has-post-thumbnail","hentry","category-maison-deco","category-wonen","extra-plus","company-ikea","topic-expansion","region-asie"],"acf":[],"yoast_head":"<!-- This site is optimized with the Yoast SEO plugin v27.3 - https:\/\/yoast.com\/product\/yoast-seo-wordpress\/ -->\n<title>IKEA double ses investissements en Inde - RetailDetail BE<\/title>\n<meta name=\"description\" content=\"IKEA revoit ses ambitions \u00e0 la hausse en Inde : la cha\u00eene de magasins d&#039;ameublement va investir plus de 200 milliards de roupies.\" \/>\n<meta name=\"robots\" content=\"index, follow, max-snippet:-1, max-image-preview:large, max-video-preview:-1\" \/>\n<link rel=\"canonical\" href=\"https:\/\/www.retaildetail.be\/fr\/news\/maison-deco\/ikea-double-ses-investissements-en-inde\/\" \/>\n<meta property=\"og:locale\" content=\"fr_FR\" \/>\n<meta property=\"og:type\" content=\"article\" \/>\n<meta property=\"og:title\" content=\"IKEA double ses investissements en Inde - RetailDetail BE\" \/>\n<meta property=\"og:description\" content=\"IKEA revoit ses ambitions \u00e0 la hausse en Inde : la cha\u00eene de magasins d&#039;ameublement va investir plus de 200 milliards de roupies.\" \/>\n<meta property=\"og:url\" content=\"https:\/\/www.retaildetail.be\/fr\/news\/maison-deco\/ikea-double-ses-investissements-en-inde\/\" \/>\n<meta property=\"og:site_name\" content=\"RetailDetail BE\" \/>\n<meta property=\"article:published_time\" content=\"2026-01-21T10:44:59+00:00\" \/>\n<meta property=\"article:modified_time\" content=\"2026-02-02T13:39:29+00:00\" \/>\n<meta property=\"og:image\" content=\"https:\/\/www.retaildetail.be\/wp-content\/uploads\/2026\/01\/Ikea_10-1.jpg\" \/>\n\t<meta property=\"og:image:width\" content=\"1000\" \/>\n\t<meta property=\"og:image:height\" content=\"563\" \/>\n\t<meta property=\"og:image:type\" content=\"image\/jpeg\" \/>\n<meta name=\"author\" content=\"Jorg Snoeck\" \/>\n<meta name=\"twitter:card\" content=\"summary_large_image\" \/>\n<meta name=\"twitter:label1\" content=\"\u00c9crit par\" \/>\n\t<meta name=\"twitter:data1\" content=\"Jorg Snoeck\" \/>\n\t<meta name=\"twitter:label2\" content=\"Dur\u00e9e de lecture estim\u00e9e\" \/>\n\t<meta name=\"twitter:data2\" content=\"1 minute\" \/>\n<script type=\"application\/ld+json\" class=\"yoast-schema-graph\">{\"@context\":\"https:\\\/\\\/schema.org\",\"@graph\":[{\"@type\":\"NewsArticle\",\"@id\":\"https:\\\/\\\/www.retaildetail.be\\\/fr\\\/news\\\/maison-deco\\\/ikea-double-ses-investissements-en-inde\\\/#article\",\"isPartOf\":{\"@id\":\"https:\\\/\\\/www.retaildetail.be\\\/fr\\\/news\\\/maison-deco\\\/ikea-double-ses-investissements-en-inde\\\/\"},\"author\":{\"name\":\"Jorg Snoeck\",\"@id\":\"https:\\\/\\\/www.retaildetail.be\\\/nl\\\/#\\\/schema\\\/person\\\/71d9b89376db00e9b1aa8a2841e71a72\"},\"headline\":\"IKEA double ses investissements en Inde\",\"datePublished\":\"2026-01-21T10:44:59+00:00\",\"dateModified\":\"2026-02-02T13:39:29+00:00\",\"mainEntityOfPage\":{\"@id\":\"https:\\\/\\\/www.retaildetail.be\\\/fr\\\/news\\\/maison-deco\\\/ikea-double-ses-investissements-en-inde\\\/\"},\"wordCount\":321,\"publisher\":{\"@id\":\"https:\\\/\\\/www.retaildetail.be\\\/nl\\\/#organization\"},\"image\":{\"@id\":\"https:\\\/\\\/www.retaildetail.be\\\/fr\\\/news\\\/maison-deco\\\/ikea-double-ses-investissements-en-inde\\\/#primaryimage\"},\"thumbnailUrl\":\"https:\\\/\\\/www.retaildetail.be\\\/wp-content\\\/uploads\\\/2026\\\/01\\\/Ikea_10-1.jpg\",\"articleSection\":[\"Maison &amp; D\u00e9co\",\"Wonen\"],\"inLanguage\":\"fr-FR\",\"copyrightYear\":\"2026\",\"copyrightHolder\":{\"@id\":\"https:\\\/\\\/www.retaildetail.be\\\/#organization\"}},{\"@type\":\"WebPage\",\"@id\":\"https:\\\/\\\/www.retaildetail.be\\\/fr\\\/news\\\/maison-deco\\\/ikea-double-ses-investissements-en-inde\\\/\",\"url\":\"https:\\\/\\\/www.retaildetail.be\\\/fr\\\/news\\\/maison-deco\\\/ikea-double-ses-investissements-en-inde\\\/\",\"name\":\"IKEA double ses investissements en Inde - RetailDetail BE\",\"isPartOf\":{\"@id\":\"https:\\\/\\\/www.retaildetail.be\\\/nl\\\/#website\"},\"primaryImageOfPage\":{\"@id\":\"https:\\\/\\\/www.retaildetail.be\\\/fr\\\/news\\\/maison-deco\\\/ikea-double-ses-investissements-en-inde\\\/#primaryimage\"},\"image\":{\"@id\":\"https:\\\/\\\/www.retaildetail.be\\\/fr\\\/news\\\/maison-deco\\\/ikea-double-ses-investissements-en-inde\\\/#primaryimage\"},\"thumbnailUrl\":\"https:\\\/\\\/www.retaildetail.be\\\/wp-content\\\/uploads\\\/2026\\\/01\\\/Ikea_10-1.jpg\",\"datePublished\":\"2026-01-21T10:44:59+00:00\",\"dateModified\":\"2026-02-02T13:39:29+00:00\",\"description\":\"IKEA revoit ses ambitions \u00e0 la hausse en Inde : la cha\u00eene de magasins d'ameublement va investir plus de 200 milliards de roupies.\",\"breadcrumb\":{\"@id\":\"https:\\\/\\\/www.retaildetail.be\\\/fr\\\/news\\\/maison-deco\\\/ikea-double-ses-investissements-en-inde\\\/#breadcrumb\"},\"inLanguage\":\"fr-FR\",\"potentialAction\":[{\"@type\":\"ReadAction\",\"target\":[\"https:\\\/\\\/www.retaildetail.be\\\/fr\\\/news\\\/maison-deco\\\/ikea-double-ses-investissements-en-inde\\\/\"]}]},{\"@type\":\"ImageObject\",\"inLanguage\":\"fr-FR\",\"@id\":\"https:\\\/\\\/www.retaildetail.be\\\/fr\\\/news\\\/maison-deco\\\/ikea-double-ses-investissements-en-inde\\\/#primaryimage\",\"url\":\"https:\\\/\\\/www.retaildetail.be\\\/wp-content\\\/uploads\\\/2026\\\/01\\\/Ikea_10-1.jpg\",\"contentUrl\":\"https:\\\/\\\/www.retaildetail.be\\\/wp-content\\\/uploads\\\/2026\\\/01\\\/Ikea_10-1.jpg\",\"width\":1000,\"height\":563},{\"@type\":\"BreadcrumbList\",\"@id\":\"https:\\\/\\\/www.retaildetail.be\\\/fr\\\/news\\\/maison-deco\\\/ikea-double-ses-investissements-en-inde\\\/#breadcrumb\",\"itemListElement\":[{\"@type\":\"ListItem\",\"position\":1,\"name\":\"Home\",\"item\":\"https:\\\/\\\/www.retaildetail.be\\\/fr\\\/\"},{\"@type\":\"ListItem\",\"position\":2,\"name\":\"IKEA double ses investissements en Inde\"}]},{\"@type\":\"WebSite\",\"@id\":\"https:\\\/\\\/www.retaildetail.be\\\/nl\\\/#website\",\"url\":\"https:\\\/\\\/www.retaildetail.be\\\/nl\\\/\",\"name\":\"RetailDetail BE\",\"description\":\"News\",\"publisher\":{\"@id\":\"https:\\\/\\\/www.retaildetail.be\\\/nl\\\/#organization\"},\"potentialAction\":[{\"@type\":\"SearchAction\",\"target\":{\"@type\":\"EntryPoint\",\"urlTemplate\":\"https:\\\/\\\/www.retaildetail.be\\\/nl\\\/?s={search_term_string}\"},\"query-input\":{\"@type\":\"PropertyValueSpecification\",\"valueRequired\":true,\"valueName\":\"search_term_string\"}}],\"inLanguage\":\"fr-FR\"},{\"@type\":\"Organization\",\"@id\":\"https:\\\/\\\/www.retaildetail.be\\\/nl\\\/#organization\",\"name\":\"RetailDetail BE\",\"url\":\"https:\\\/\\\/www.retaildetail.be\\\/nl\\\/\",\"logo\":{\"@type\":\"ImageObject\",\"inLanguage\":\"fr-FR\",\"@id\":\"https:\\\/\\\/www.retaildetail.be\\\/nl\\\/#\\\/schema\\\/logo\\\/image\\\/\",\"url\":\"https:\\\/\\\/www.retaildetail.be\\\/wp-content\\\/uploads\\\/2022\\\/04\\\/logo.svg\",\"contentUrl\":\"https:\\\/\\\/www.retaildetail.be\\\/wp-content\\\/uploads\\\/2022\\\/04\\\/logo.svg\",\"width\":131,\"height\":70,\"caption\":\"RetailDetail BE\"},\"image\":{\"@id\":\"https:\\\/\\\/www.retaildetail.be\\\/nl\\\/#\\\/schema\\\/logo\\\/image\\\/\"}},{\"@type\":\"Person\",\"@id\":\"https:\\\/\\\/www.retaildetail.be\\\/nl\\\/#\\\/schema\\\/person\\\/71d9b89376db00e9b1aa8a2841e71a72\",\"name\":\"Jorg Snoeck\",\"image\":{\"@type\":\"ImageObject\",\"inLanguage\":\"fr-FR\",\"@id\":\"https:\\\/\\\/secure.gravatar.com\\\/avatar\\\/fc1bd94c7d40f2446e6bf778bb34cf9ab000168f63533cec8e072f4ad96ce7f3?s=96&d=mm&r=g\",\"url\":\"https:\\\/\\\/secure.gravatar.com\\\/avatar\\\/fc1bd94c7d40f2446e6bf778bb34cf9ab000168f63533cec8e072f4ad96ce7f3?s=96&d=mm&r=g\",\"contentUrl\":\"https:\\\/\\\/secure.gravatar.com\\\/avatar\\\/fc1bd94c7d40f2446e6bf778bb34cf9ab000168f63533cec8e072f4ad96ce7f3?s=96&d=mm&r=g\",\"caption\":\"Jorg Snoeck\"},\"url\":\"https:\\\/\\\/www.retaildetail.be\\\/fr\\\/author\\\/jorgsnoeck\\\/\"}]}<\/script>\n<!-- \/ Yoast SEO plugin. -->","yoast_head_json":{"title":"IKEA double ses investissements en Inde - RetailDetail BE","description":"IKEA revoit ses ambitions \u00e0 la hausse en Inde : la cha\u00eene de magasins d'ameublement va investir plus de 200 milliards de roupies.","robots":{"index":"index","follow":"follow","max-snippet":"max-snippet:-1","max-image-preview":"max-image-preview:large","max-video-preview":"max-video-preview:-1"},"canonical":"https:\/\/www.retaildetail.be\/fr\/news\/maison-deco\/ikea-double-ses-investissements-en-inde\/","og_locale":"fr_FR","og_type":"article","og_title":"IKEA double ses investissements en Inde - RetailDetail BE","og_description":"IKEA revoit ses ambitions \u00e0 la hausse en Inde : la cha\u00eene de magasins d'ameublement va investir plus de 200 milliards de roupies.","og_url":"https:\/\/www.retaildetail.be\/fr\/news\/maison-deco\/ikea-double-ses-investissements-en-inde\/","og_site_name":"RetailDetail BE","article_published_time":"2026-01-21T10:44:59+00:00","article_modified_time":"2026-02-02T13:39:29+00:00","og_image":[{"width":1000,"height":563,"url":"https:\/\/www.retaildetail.be\/wp-content\/uploads\/2026\/01\/Ikea_10-1.jpg","type":"image\/jpeg"}],"author":"Jorg Snoeck","twitter_card":"summary_large_image","twitter_misc":{"\u00c9crit par":"Jorg Snoeck","Dur\u00e9e de lecture estim\u00e9e":"1 minute"},"schema":{"@context":"https:\/\/schema.org","@graph":[{"@type":"NewsArticle","@id":"https:\/\/www.retaildetail.be\/fr\/news\/maison-deco\/ikea-double-ses-investissements-en-inde\/#article","isPartOf":{"@id":"https:\/\/www.retaildetail.be\/fr\/news\/maison-deco\/ikea-double-ses-investissements-en-inde\/"},"author":{"name":"Jorg Snoeck","@id":"https:\/\/www.retaildetail.be\/nl\/#\/schema\/person\/71d9b89376db00e9b1aa8a2841e71a72"},"headline":"IKEA double ses investissements en Inde","datePublished":"2026-01-21T10:44:59+00:00","dateModified":"2026-02-02T13:39:29+00:00","mainEntityOfPage":{"@id":"https:\/\/www.retaildetail.be\/fr\/news\/maison-deco\/ikea-double-ses-investissements-en-inde\/"},"wordCount":321,"publisher":{"@id":"https:\/\/www.retaildetail.be\/nl\/#organization"},"image":{"@id":"https:\/\/www.retaildetail.be\/fr\/news\/maison-deco\/ikea-double-ses-investissements-en-inde\/#primaryimage"},"thumbnailUrl":"https:\/\/www.retaildetail.be\/wp-content\/uploads\/2026\/01\/Ikea_10-1.jpg","articleSection":["Maison &amp; D\u00e9co","Wonen"],"inLanguage":"fr-FR","copyrightYear":"2026","copyrightHolder":{"@id":"https:\/\/www.retaildetail.be\/#organization"}},{"@type":"WebPage","@id":"https:\/\/www.retaildetail.be\/fr\/news\/maison-deco\/ikea-double-ses-investissements-en-inde\/","url":"https:\/\/www.retaildetail.be\/fr\/news\/maison-deco\/ikea-double-ses-investissements-en-inde\/","name":"IKEA double ses investissements en Inde - RetailDetail BE","isPartOf":{"@id":"https:\/\/www.retaildetail.be\/nl\/#website"},"primaryImageOfPage":{"@id":"https:\/\/www.retaildetail.be\/fr\/news\/maison-deco\/ikea-double-ses-investissements-en-inde\/#primaryimage"},"image":{"@id":"https:\/\/www.retaildetail.be\/fr\/news\/maison-deco\/ikea-double-ses-investissements-en-inde\/#primaryimage"},"thumbnailUrl":"https:\/\/www.retaildetail.be\/wp-content\/uploads\/2026\/01\/Ikea_10-1.jpg","datePublished":"2026-01-21T10:44:59+00:00","dateModified":"2026-02-02T13:39:29+00:00","description":"IKEA revoit ses ambitions \u00e0 la hausse en Inde : la cha\u00eene de magasins d'ameublement va investir plus de 200 milliards de roupies.","breadcrumb":{"@id":"https:\/\/www.retaildetail.be\/fr\/news\/maison-deco\/ikea-double-ses-investissements-en-inde\/#breadcrumb"},"inLanguage":"fr-FR","potentialAction":[{"@type":"ReadAction","target":["https:\/\/www.retaildetail.be\/fr\/news\/maison-deco\/ikea-double-ses-investissements-en-inde\/"]}]},{"@type":"ImageObject","inLanguage":"fr-FR","@id":"https:\/\/www.retaildetail.be\/fr\/news\/maison-deco\/ikea-double-ses-investissements-en-inde\/#primaryimage","url":"https:\/\/www.retaildetail.be\/wp-content\/uploads\/2026\/01\/Ikea_10-1.jpg","contentUrl":"https:\/\/www.retaildetail.be\/wp-content\/uploads\/2026\/01\/Ikea_10-1.jpg","width":1000,"height":563},{"@type":"BreadcrumbList","@id":"https:\/\/www.retaildetail.be\/fr\/news\/maison-deco\/ikea-double-ses-investissements-en-inde\/#breadcrumb","itemListElement":[{"@type":"ListItem","position":1,"name":"Home","item":"https:\/\/www.retaildetail.be\/fr\/"},{"@type":"ListItem","position":2,"name":"IKEA double ses investissements en Inde"}]},{"@type":"WebSite","@id":"https:\/\/www.retaildetail.be\/nl\/#website","url":"https:\/\/www.retaildetail.be\/nl\/","name":"RetailDetail BE","description":"News","publisher":{"@id":"https:\/\/www.retaildetail.be\/nl\/#organization"},"potentialAction":[{"@type":"SearchAction","target":{"@type":"EntryPoint","urlTemplate":"https:\/\/www.retaildetail.be\/nl\/?s={search_term_string}"},"query-input":{"@type":"PropertyValueSpecification","valueRequired":true,"valueName":"search_term_string"}}],"inLanguage":"fr-FR"},{"@type":"Organization","@id":"https:\/\/www.retaildetail.be\/nl\/#organization","name":"RetailDetail BE","url":"https:\/\/www.retaildetail.be\/nl\/","logo":{"@type":"ImageObject","inLanguage":"fr-FR","@id":"https:\/\/www.retaildetail.be\/nl\/#\/schema\/logo\/image\/","url":"https:\/\/www.retaildetail.be\/wp-content\/uploads\/2022\/04\/logo.svg","contentUrl":"https:\/\/www.retaildetail.be\/wp-content\/uploads\/2022\/04\/logo.svg","width":131,"height":70,"caption":"RetailDetail BE"},"image":{"@id":"https:\/\/www.retaildetail.be\/nl\/#\/schema\/logo\/image\/"}},{"@type":"Person","@id":"https:\/\/www.retaildetail.be\/nl\/#\/schema\/person\/71d9b89376db00e9b1aa8a2841e71a72","name":"Jorg Snoeck","image":{"@type":"ImageObject","inLanguage":"fr-FR","@id":"https:\/\/secure.gravatar.com\/avatar\/fc1bd94c7d40f2446e6bf778bb34cf9ab000168f63533cec8e072f4ad96ce7f3?s=96&d=mm&r=g","url":"https:\/\/secure.gravatar.com\/avatar\/fc1bd94c7d40f2446e6bf778bb34cf9ab000168f63533cec8e072f4ad96ce7f3?s=96&d=mm&r=g","contentUrl":"https:\/\/secure.gravatar.com\/avatar\/fc1bd94c7d40f2446e6bf778bb34cf9ab000168f63533cec8e072f4ad96ce7f3?s=96&d=mm&r=g","caption":"Jorg Snoeck"},"url":"https:\/\/www.retaildetail.be\/fr\/author\/jorgsnoeck\/"}]}},"jetpack_featured_media_url":"https:\/\/www.retaildetail.be\/wp-content\/uploads\/2026\/01\/Ikea_10-1.jpg","jetpack_sharing_enabled":true,"_links":{"self":[{"href":"https:\/\/www.retaildetail.be\/fr\/wp-json\/wp\/v2\/posts\/140315","targetHints":{"allow":["GET"]}}],"collection":[{"href":"https:\/\/www.retaildetail.be\/fr\/wp-json\/wp\/v2\/posts"}],"about":[{"href":"https:\/\/www.retaildetail.be\/fr\/wp-json\/wp\/v2\/types\/post"}],"author":[{"embeddable":true,"href":"https:\/\/www.retaildetail.be\/fr\/wp-json\/wp\/v2\/users\/10"}],"replies":[{"embeddable":true,"href":"https:\/\/www.retaildetail.be\/fr\/wp-json\/wp\/v2\/comments?post=140315"}],"version-history":[{"count":1,"href":"https:\/\/www.retaildetail.be\/fr\/wp-json\/wp\/v2\/posts\/140315\/revisions"}],"predecessor-version":[{"id":140318,"href":"https:\/\/www.retaildetail.be\/fr\/wp-json\/wp\/v2\/posts\/140315\/revisions\/140318"}],"wp:featuredmedia":[{"embeddable":true,"href":"https:\/\/www.retaildetail.be\/fr\/wp-json\/wp\/v2\/media\/140316"}],"wp:attachment":[{"href":"https:\/\/www.retaildetail.be\/fr\/wp-json\/wp\/v2\/media?parent=140315"}],"wp:term":[{"taxonomy":"category","embeddable":true,"href":"https:\/\/www.retaildetail.be\/fr\/wp-json\/wp\/v2\/categories?post=140315"},{"taxonomy":"post_tag","embeddable":true,"href":"https:\/\/www.retaildetail.be\/fr\/wp-json\/wp\/v2\/tags?post=140315"},{"taxonomy":"people","embeddable":true,"href":"https:\/\/www.retaildetail.be\/fr\/wp-json\/wp\/v2\/people?post=140315"},{"taxonomy":"extra","embeddable":true,"href":"https:\/\/www.retaildetail.be\/fr\/wp-json\/wp\/v2\/extra?post=140315"},{"taxonomy":"company","embeddable":true,"href":"https:\/\/www.retaildetail.be\/fr\/wp-json\/wp\/v2\/company?post=140315"},{"taxonomy":"topic","embeddable":true,"href":"https:\/\/www.retaildetail.be\/fr\/wp-json\/wp\/v2\/topic?post=140315"},{"taxonomy":"region","embeddable":true,"href":"https:\/\/www.retaildetail.be\/fr\/wp-json\/wp\/v2\/region?post=140315"}],"curies":[{"name":"wp","href":"https:\/\/api.w.org\/{rel}","templated":true}]}}