{"id":140334,"date":"2026-01-21T12:33:57","date_gmt":"2026-01-21T11:33:57","guid":{"rendered":"https:\/\/www.retaildetail.be\/?p=140334"},"modified":"2026-02-02T14:39:50","modified_gmt":"2026-02-02T13:39:50","slug":"tendam-proprietaire-de-cortefiel-souhaite-doubler-sa-taille-au-cours-des-cinq-prochaines-annees","status":"publish","type":"post","link":"https:\/\/www.retaildetail.be\/fr\/news\/mode\/tendam-proprietaire-de-cortefiel-souhaite-doubler-sa-taille-au-cours-des-cinq-prochaines-annees\/","title":{"rendered":"Tendam, propri\u00e9taire de Cortefiel, souhaite doubler sa taille"},"content":{"rendered":"\n<p><strong>Tendam<\/strong>, le groupe de mode espagnol \u00e0 l&rsquo;origine de cha\u00eenes telles que <strong>Cortefiel<\/strong>, <strong>Springfield<\/strong> et <strong>Women&rsquo;secret<\/strong>, souhaite doubler son chiffre d&rsquo;affaires dans les cinq ans pour atteindre pr\u00e8s de 3 milliards d&rsquo;euros. L&rsquo;internationalisation, les acquisitions et le d\u00e9veloppement de nouvelles marques doivent y contribuer. <\/p>\n\n\n\n<h2 class=\"wp-block-heading\">Trois moteurs de croissance<\/h2>\n\n\n\n<p>Pour l&rsquo;exercice 2025, qui se termine en f\u00e9vrier, le pr\u00e9sident-directeur g\u00e9n\u00e9ral Jaume Miquel pr\u00e9voit une augmentation du chiffre d&rsquo;affaires de 6 % \u00e0 7 %, pour atteindre plus de 1,47 milliard d&rsquo;euros, contre 1,375 milliard d&rsquo;euros en 2024. L&rsquo;ambition est bien plus grande : en cinq ans, Tendam veut <a href=\"https:\/\/www.modaes.com\/empresas\/tendam-fija-sus-objetivos-duplicar-su-tamano-en-5-anos-con-compras-marcas-e-internacional\">se hisser au sommet europ\u00e9en<\/a> en termes de volume de chiffre d&rsquo;affaires, \u00e9crit le magazine de mode Modaes. La nouvelle structure actionnariale doit permettre cette prochaine phase de croissance : il y a pr\u00e8s d&rsquo;un an, le groupe Multiply, une soci\u00e9t\u00e9 d&rsquo;investissement d&rsquo;Abu Dhabi r\u00e9cemment rebaptis\u00e9e 2PointZero, a pris <a href=\"https:\/\/www.retaildetail.be\/fr\/news\/mode\/springfield-et-cortefiel-aux-mains-dinvestisseurs-dabu-dhabi\/\">une participation majoritaire de 67,91 % dans le groupe de mode<\/a>.<\/p>\n\n\n\n<p>Miquel d\u00e9finit trois moteurs de croissance pour la croissance pr\u00e9vue. Tout d&rsquo;abord, le d\u00e9veloppement de nouvelles marques propres. Au cours des quatre derni\u00e8res ann\u00e9es, Tendam a lanc\u00e9 ou rachet\u00e9 sept marques afin de couvrir des niches. Les enseignes existantes telles que Cortefiel ou Women&rsquo;secret ne peuvent pas toujours servir de parapluie : \u00ab Dans la mode, il est tr\u00e8s compliqu\u00e9 d&rsquo;\u00e9largir la client\u00e8le, car on court le risque de perdre les clients actuels. \u00bb<\/p>\n\n\n\n<p>L&rsquo;internationalisation constitue le deuxi\u00e8me pilier. Tendam est aujourd&rsquo;hui directement pr\u00e9sent dans 18 pays et dans 62 autres via des franchises. Le Mexique et le Moyen-Orient sont consid\u00e9r\u00e9s comme les march\u00e9s les plus porteurs pour l&rsquo;entreprise. Le groupe souhaite y renforcer rapidement sa pr\u00e9sence. Le troisi\u00e8me axe de croissance concerne les acquisitions, en Espagne et \u00e0 l&rsquo;\u00e9tranger, mais uniquement d&rsquo;entreprises saines, souligne le PDG. Aujourd&rsquo;hui, Tendam poss\u00e8de douze marques propres, deux cents marques externes, 1 200 magasins, huit plateformes web et six applications.<\/p>\n\n\n\n<p><\/p>\n","protected":false},"excerpt":{"rendered":"<p>Tendam, le groupe de mode espagnol \u00e0 l&rsquo;origine de cha\u00eenes telles que Cortefiel, Springfield et Women&rsquo;secret, souhaite doubler son chiffre d&rsquo;affaires dans les cinq ans pour atteindre pr\u00e8s de 3 milliards d&rsquo;euros. L&rsquo;internationalisation, les acquisitions et le d\u00e9veloppement de nouvelles marques devraient y contribuer. <\/p>\n","protected":false},"author":10,"featured_media":140335,"comment_status":"closed","ping_status":"closed","sticky":false,"template":"","format":"standard","meta":{"_acf_changed":false,"inline_featured_image":false,"_jetpack_memberships_contains_paid_content":false,"footnotes":""},"categories":[14,22],"tags":[],"people":[],"extra":[43],"company":[924,926,923,925],"topic":[276],"region":[580],"class_list":{"0":"post-140334","1":"post","2":"type-post","3":"status-publish","4":"format-standard","5":"has-post-thumbnail","6":"hentry","7":"category-mode","9":"extra-plus","10":"company-cortefiel","11":"company-springfield","12":"company-tendam-group","13":"company-woman-secret","14":"topic-expansion","15":"region-espagne"},"acf":[],"yoast_head":"<!-- This site is optimized with the Yoast SEO plugin v27.3 - https:\/\/yoast.com\/product\/yoast-seo-wordpress\/ -->\n<title>Tendam, propri\u00e9taire de Cortefiel, souhaite doubler sa taille - RetailDetail BE<\/title>\n<meta name=\"description\" content=\"Tendam, le groupe de mode espagnol \u00e0 l&#039;origine de cha\u00eenes telles que Cortefiel, Springfield et Women&#039;secret, souhaite doubler son chiffre d&#039;affaires dans les cinq ans.\" \/>\n<meta name=\"robots\" content=\"index, follow, max-snippet:-1, max-image-preview:large, max-video-preview:-1\" \/>\n<link rel=\"canonical\" href=\"https:\/\/www.retaildetail.be\/fr\/news\/mode\/tendam-proprietaire-de-cortefiel-souhaite-doubler-sa-taille-au-cours-des-cinq-prochaines-annees\/\" \/>\n<meta property=\"og:locale\" content=\"fr_FR\" \/>\n<meta property=\"og:type\" content=\"article\" \/>\n<meta property=\"og:title\" content=\"Tendam, propri\u00e9taire de Cortefiel, souhaite doubler sa taille - RetailDetail BE\" \/>\n<meta property=\"og:description\" content=\"Tendam, le groupe de mode espagnol \u00e0 l&#039;origine de cha\u00eenes telles que Cortefiel, Springfield et Women&#039;secret, souhaite doubler son chiffre d&#039;affaires dans les cinq ans.\" \/>\n<meta property=\"og:url\" content=\"https:\/\/www.retaildetail.be\/fr\/news\/mode\/tendam-proprietaire-de-cortefiel-souhaite-doubler-sa-taille-au-cours-des-cinq-prochaines-annees\/\" \/>\n<meta property=\"og:site_name\" content=\"RetailDetail BE\" \/>\n<meta property=\"article:published_time\" content=\"2026-01-21T11:33:57+00:00\" \/>\n<meta property=\"article:modified_time\" content=\"2026-02-02T13:39:50+00:00\" \/>\n<meta property=\"og:image\" content=\"https:\/\/www.retaildetail.be\/wp-content\/uploads\/2026\/01\/shutterstock_cortefiel.jpg\" \/>\n\t<meta property=\"og:image:width\" content=\"1000\" \/>\n\t<meta property=\"og:image:height\" content=\"750\" \/>\n\t<meta property=\"og:image:type\" content=\"image\/jpeg\" \/>\n<meta name=\"author\" content=\"Jorg Snoeck\" \/>\n<meta name=\"twitter:card\" content=\"summary_large_image\" \/>\n<meta name=\"twitter:label1\" content=\"\u00c9crit par\" \/>\n\t<meta name=\"twitter:data1\" content=\"Jorg Snoeck\" \/>\n\t<meta name=\"twitter:label2\" content=\"Dur\u00e9e de lecture estim\u00e9e\" \/>\n\t<meta name=\"twitter:data2\" content=\"2 minutes\" \/>\n<script type=\"application\/ld+json\" class=\"yoast-schema-graph\">{\"@context\":\"https:\\\/\\\/schema.org\",\"@graph\":[{\"@type\":\"NewsArticle\",\"@id\":\"https:\\\/\\\/www.retaildetail.be\\\/fr\\\/news\\\/mode\\\/tendam-proprietaire-de-cortefiel-souhaite-doubler-sa-taille-au-cours-des-cinq-prochaines-annees\\\/#article\",\"isPartOf\":{\"@id\":\"https:\\\/\\\/www.retaildetail.be\\\/fr\\\/news\\\/mode\\\/tendam-proprietaire-de-cortefiel-souhaite-doubler-sa-taille-au-cours-des-cinq-prochaines-annees\\\/\"},\"author\":{\"name\":\"Jorg Snoeck\",\"@id\":\"https:\\\/\\\/www.retaildetail.be\\\/nl\\\/#\\\/schema\\\/person\\\/71d9b89376db00e9b1aa8a2841e71a72\"},\"headline\":\"Tendam, propri\u00e9taire de Cortefiel, souhaite doubler sa taille\",\"datePublished\":\"2026-01-21T11:33:57+00:00\",\"dateModified\":\"2026-02-02T13:39:50+00:00\",\"mainEntityOfPage\":{\"@id\":\"https:\\\/\\\/www.retaildetail.be\\\/fr\\\/news\\\/mode\\\/tendam-proprietaire-de-cortefiel-souhaite-doubler-sa-taille-au-cours-des-cinq-prochaines-annees\\\/\"},\"wordCount\":350,\"publisher\":{\"@id\":\"https:\\\/\\\/www.retaildetail.be\\\/nl\\\/#organization\"},\"image\":{\"@id\":\"https:\\\/\\\/www.retaildetail.be\\\/fr\\\/news\\\/mode\\\/tendam-proprietaire-de-cortefiel-souhaite-doubler-sa-taille-au-cours-des-cinq-prochaines-annees\\\/#primaryimage\"},\"thumbnailUrl\":\"https:\\\/\\\/www.retaildetail.be\\\/wp-content\\\/uploads\\\/2026\\\/01\\\/shutterstock_cortefiel.jpg\",\"articleSection\":[\"Mode\",\"Mode\"],\"inLanguage\":\"fr-FR\",\"copyrightYear\":\"2026\",\"copyrightHolder\":{\"@id\":\"https:\\\/\\\/www.retaildetail.be\\\/#organization\"}},{\"@type\":\"WebPage\",\"@id\":\"https:\\\/\\\/www.retaildetail.be\\\/fr\\\/news\\\/mode\\\/tendam-proprietaire-de-cortefiel-souhaite-doubler-sa-taille-au-cours-des-cinq-prochaines-annees\\\/\",\"url\":\"https:\\\/\\\/www.retaildetail.be\\\/fr\\\/news\\\/mode\\\/tendam-proprietaire-de-cortefiel-souhaite-doubler-sa-taille-au-cours-des-cinq-prochaines-annees\\\/\",\"name\":\"Tendam, propri\u00e9taire de Cortefiel, souhaite doubler sa taille - RetailDetail BE\",\"isPartOf\":{\"@id\":\"https:\\\/\\\/www.retaildetail.be\\\/nl\\\/#website\"},\"primaryImageOfPage\":{\"@id\":\"https:\\\/\\\/www.retaildetail.be\\\/fr\\\/news\\\/mode\\\/tendam-proprietaire-de-cortefiel-souhaite-doubler-sa-taille-au-cours-des-cinq-prochaines-annees\\\/#primaryimage\"},\"image\":{\"@id\":\"https:\\\/\\\/www.retaildetail.be\\\/fr\\\/news\\\/mode\\\/tendam-proprietaire-de-cortefiel-souhaite-doubler-sa-taille-au-cours-des-cinq-prochaines-annees\\\/#primaryimage\"},\"thumbnailUrl\":\"https:\\\/\\\/www.retaildetail.be\\\/wp-content\\\/uploads\\\/2026\\\/01\\\/shutterstock_cortefiel.jpg\",\"datePublished\":\"2026-01-21T11:33:57+00:00\",\"dateModified\":\"2026-02-02T13:39:50+00:00\",\"description\":\"Tendam, le groupe de mode espagnol \u00e0 l'origine de cha\u00eenes telles que Cortefiel, Springfield et Women'secret, souhaite doubler son chiffre d'affaires dans les cinq ans.\",\"breadcrumb\":{\"@id\":\"https:\\\/\\\/www.retaildetail.be\\\/fr\\\/news\\\/mode\\\/tendam-proprietaire-de-cortefiel-souhaite-doubler-sa-taille-au-cours-des-cinq-prochaines-annees\\\/#breadcrumb\"},\"inLanguage\":\"fr-FR\",\"potentialAction\":[{\"@type\":\"ReadAction\",\"target\":[\"https:\\\/\\\/www.retaildetail.be\\\/fr\\\/news\\\/mode\\\/tendam-proprietaire-de-cortefiel-souhaite-doubler-sa-taille-au-cours-des-cinq-prochaines-annees\\\/\"]}]},{\"@type\":\"ImageObject\",\"inLanguage\":\"fr-FR\",\"@id\":\"https:\\\/\\\/www.retaildetail.be\\\/fr\\\/news\\\/mode\\\/tendam-proprietaire-de-cortefiel-souhaite-doubler-sa-taille-au-cours-des-cinq-prochaines-annees\\\/#primaryimage\",\"url\":\"https:\\\/\\\/www.retaildetail.be\\\/wp-content\\\/uploads\\\/2026\\\/01\\\/shutterstock_cortefiel.jpg\",\"contentUrl\":\"https:\\\/\\\/www.retaildetail.be\\\/wp-content\\\/uploads\\\/2026\\\/01\\\/shutterstock_cortefiel.jpg\",\"width\":1000,\"height\":750},{\"@type\":\"BreadcrumbList\",\"@id\":\"https:\\\/\\\/www.retaildetail.be\\\/fr\\\/news\\\/mode\\\/tendam-proprietaire-de-cortefiel-souhaite-doubler-sa-taille-au-cours-des-cinq-prochaines-annees\\\/#breadcrumb\",\"itemListElement\":[{\"@type\":\"ListItem\",\"position\":1,\"name\":\"Home\",\"item\":\"https:\\\/\\\/www.retaildetail.be\\\/fr\\\/\"},{\"@type\":\"ListItem\",\"position\":2,\"name\":\"Tendam, propri\u00e9taire de Cortefiel, souhaite doubler sa taille\"}]},{\"@type\":\"WebSite\",\"@id\":\"https:\\\/\\\/www.retaildetail.be\\\/nl\\\/#website\",\"url\":\"https:\\\/\\\/www.retaildetail.be\\\/nl\\\/\",\"name\":\"RetailDetail BE\",\"description\":\"News\",\"publisher\":{\"@id\":\"https:\\\/\\\/www.retaildetail.be\\\/nl\\\/#organization\"},\"potentialAction\":[{\"@type\":\"SearchAction\",\"target\":{\"@type\":\"EntryPoint\",\"urlTemplate\":\"https:\\\/\\\/www.retaildetail.be\\\/nl\\\/?s={search_term_string}\"},\"query-input\":{\"@type\":\"PropertyValueSpecification\",\"valueRequired\":true,\"valueName\":\"search_term_string\"}}],\"inLanguage\":\"fr-FR\"},{\"@type\":\"Organization\",\"@id\":\"https:\\\/\\\/www.retaildetail.be\\\/nl\\\/#organization\",\"name\":\"RetailDetail BE\",\"url\":\"https:\\\/\\\/www.retaildetail.be\\\/nl\\\/\",\"logo\":{\"@type\":\"ImageObject\",\"inLanguage\":\"fr-FR\",\"@id\":\"https:\\\/\\\/www.retaildetail.be\\\/nl\\\/#\\\/schema\\\/logo\\\/image\\\/\",\"url\":\"https:\\\/\\\/www.retaildetail.be\\\/wp-content\\\/uploads\\\/2022\\\/04\\\/logo.svg\",\"contentUrl\":\"https:\\\/\\\/www.retaildetail.be\\\/wp-content\\\/uploads\\\/2022\\\/04\\\/logo.svg\",\"width\":131,\"height\":70,\"caption\":\"RetailDetail BE\"},\"image\":{\"@id\":\"https:\\\/\\\/www.retaildetail.be\\\/nl\\\/#\\\/schema\\\/logo\\\/image\\\/\"}},{\"@type\":\"Person\",\"@id\":\"https:\\\/\\\/www.retaildetail.be\\\/nl\\\/#\\\/schema\\\/person\\\/71d9b89376db00e9b1aa8a2841e71a72\",\"name\":\"Jorg Snoeck\",\"image\":{\"@type\":\"ImageObject\",\"inLanguage\":\"fr-FR\",\"@id\":\"https:\\\/\\\/secure.gravatar.com\\\/avatar\\\/fc1bd94c7d40f2446e6bf778bb34cf9ab000168f63533cec8e072f4ad96ce7f3?s=96&d=mm&r=g\",\"url\":\"https:\\\/\\\/secure.gravatar.com\\\/avatar\\\/fc1bd94c7d40f2446e6bf778bb34cf9ab000168f63533cec8e072f4ad96ce7f3?s=96&d=mm&r=g\",\"contentUrl\":\"https:\\\/\\\/secure.gravatar.com\\\/avatar\\\/fc1bd94c7d40f2446e6bf778bb34cf9ab000168f63533cec8e072f4ad96ce7f3?s=96&d=mm&r=g\",\"caption\":\"Jorg Snoeck\"},\"url\":\"https:\\\/\\\/www.retaildetail.be\\\/fr\\\/author\\\/jorgsnoeck\\\/\"}]}<\/script>\n<!-- \/ Yoast SEO plugin. -->","yoast_head_json":{"title":"Tendam, propri\u00e9taire de Cortefiel, souhaite doubler sa taille - RetailDetail BE","description":"Tendam, le groupe de mode espagnol \u00e0 l'origine de cha\u00eenes telles que Cortefiel, Springfield et Women'secret, souhaite doubler son chiffre d'affaires dans les cinq ans.","robots":{"index":"index","follow":"follow","max-snippet":"max-snippet:-1","max-image-preview":"max-image-preview:large","max-video-preview":"max-video-preview:-1"},"canonical":"https:\/\/www.retaildetail.be\/fr\/news\/mode\/tendam-proprietaire-de-cortefiel-souhaite-doubler-sa-taille-au-cours-des-cinq-prochaines-annees\/","og_locale":"fr_FR","og_type":"article","og_title":"Tendam, propri\u00e9taire de Cortefiel, souhaite doubler sa taille - RetailDetail BE","og_description":"Tendam, le groupe de mode espagnol \u00e0 l'origine de cha\u00eenes telles que Cortefiel, Springfield et Women'secret, souhaite doubler son chiffre d'affaires dans les cinq ans.","og_url":"https:\/\/www.retaildetail.be\/fr\/news\/mode\/tendam-proprietaire-de-cortefiel-souhaite-doubler-sa-taille-au-cours-des-cinq-prochaines-annees\/","og_site_name":"RetailDetail BE","article_published_time":"2026-01-21T11:33:57+00:00","article_modified_time":"2026-02-02T13:39:50+00:00","og_image":[{"width":1000,"height":750,"url":"https:\/\/www.retaildetail.be\/wp-content\/uploads\/2026\/01\/shutterstock_cortefiel.jpg","type":"image\/jpeg"}],"author":"Jorg Snoeck","twitter_card":"summary_large_image","twitter_misc":{"\u00c9crit par":"Jorg Snoeck","Dur\u00e9e de lecture estim\u00e9e":"2 minutes"},"schema":{"@context":"https:\/\/schema.org","@graph":[{"@type":"NewsArticle","@id":"https:\/\/www.retaildetail.be\/fr\/news\/mode\/tendam-proprietaire-de-cortefiel-souhaite-doubler-sa-taille-au-cours-des-cinq-prochaines-annees\/#article","isPartOf":{"@id":"https:\/\/www.retaildetail.be\/fr\/news\/mode\/tendam-proprietaire-de-cortefiel-souhaite-doubler-sa-taille-au-cours-des-cinq-prochaines-annees\/"},"author":{"name":"Jorg Snoeck","@id":"https:\/\/www.retaildetail.be\/nl\/#\/schema\/person\/71d9b89376db00e9b1aa8a2841e71a72"},"headline":"Tendam, propri\u00e9taire de Cortefiel, souhaite doubler sa taille","datePublished":"2026-01-21T11:33:57+00:00","dateModified":"2026-02-02T13:39:50+00:00","mainEntityOfPage":{"@id":"https:\/\/www.retaildetail.be\/fr\/news\/mode\/tendam-proprietaire-de-cortefiel-souhaite-doubler-sa-taille-au-cours-des-cinq-prochaines-annees\/"},"wordCount":350,"publisher":{"@id":"https:\/\/www.retaildetail.be\/nl\/#organization"},"image":{"@id":"https:\/\/www.retaildetail.be\/fr\/news\/mode\/tendam-proprietaire-de-cortefiel-souhaite-doubler-sa-taille-au-cours-des-cinq-prochaines-annees\/#primaryimage"},"thumbnailUrl":"https:\/\/www.retaildetail.be\/wp-content\/uploads\/2026\/01\/shutterstock_cortefiel.jpg","articleSection":["Mode","Mode"],"inLanguage":"fr-FR","copyrightYear":"2026","copyrightHolder":{"@id":"https:\/\/www.retaildetail.be\/#organization"}},{"@type":"WebPage","@id":"https:\/\/www.retaildetail.be\/fr\/news\/mode\/tendam-proprietaire-de-cortefiel-souhaite-doubler-sa-taille-au-cours-des-cinq-prochaines-annees\/","url":"https:\/\/www.retaildetail.be\/fr\/news\/mode\/tendam-proprietaire-de-cortefiel-souhaite-doubler-sa-taille-au-cours-des-cinq-prochaines-annees\/","name":"Tendam, propri\u00e9taire de Cortefiel, souhaite doubler sa taille - RetailDetail BE","isPartOf":{"@id":"https:\/\/www.retaildetail.be\/nl\/#website"},"primaryImageOfPage":{"@id":"https:\/\/www.retaildetail.be\/fr\/news\/mode\/tendam-proprietaire-de-cortefiel-souhaite-doubler-sa-taille-au-cours-des-cinq-prochaines-annees\/#primaryimage"},"image":{"@id":"https:\/\/www.retaildetail.be\/fr\/news\/mode\/tendam-proprietaire-de-cortefiel-souhaite-doubler-sa-taille-au-cours-des-cinq-prochaines-annees\/#primaryimage"},"thumbnailUrl":"https:\/\/www.retaildetail.be\/wp-content\/uploads\/2026\/01\/shutterstock_cortefiel.jpg","datePublished":"2026-01-21T11:33:57+00:00","dateModified":"2026-02-02T13:39:50+00:00","description":"Tendam, le groupe de mode espagnol \u00e0 l'origine de cha\u00eenes telles que Cortefiel, Springfield et Women'secret, souhaite doubler son chiffre d'affaires dans les cinq ans.","breadcrumb":{"@id":"https:\/\/www.retaildetail.be\/fr\/news\/mode\/tendam-proprietaire-de-cortefiel-souhaite-doubler-sa-taille-au-cours-des-cinq-prochaines-annees\/#breadcrumb"},"inLanguage":"fr-FR","potentialAction":[{"@type":"ReadAction","target":["https:\/\/www.retaildetail.be\/fr\/news\/mode\/tendam-proprietaire-de-cortefiel-souhaite-doubler-sa-taille-au-cours-des-cinq-prochaines-annees\/"]}]},{"@type":"ImageObject","inLanguage":"fr-FR","@id":"https:\/\/www.retaildetail.be\/fr\/news\/mode\/tendam-proprietaire-de-cortefiel-souhaite-doubler-sa-taille-au-cours-des-cinq-prochaines-annees\/#primaryimage","url":"https:\/\/www.retaildetail.be\/wp-content\/uploads\/2026\/01\/shutterstock_cortefiel.jpg","contentUrl":"https:\/\/www.retaildetail.be\/wp-content\/uploads\/2026\/01\/shutterstock_cortefiel.jpg","width":1000,"height":750},{"@type":"BreadcrumbList","@id":"https:\/\/www.retaildetail.be\/fr\/news\/mode\/tendam-proprietaire-de-cortefiel-souhaite-doubler-sa-taille-au-cours-des-cinq-prochaines-annees\/#breadcrumb","itemListElement":[{"@type":"ListItem","position":1,"name":"Home","item":"https:\/\/www.retaildetail.be\/fr\/"},{"@type":"ListItem","position":2,"name":"Tendam, propri\u00e9taire de Cortefiel, souhaite doubler sa taille"}]},{"@type":"WebSite","@id":"https:\/\/www.retaildetail.be\/nl\/#website","url":"https:\/\/www.retaildetail.be\/nl\/","name":"RetailDetail BE","description":"News","publisher":{"@id":"https:\/\/www.retaildetail.be\/nl\/#organization"},"potentialAction":[{"@type":"SearchAction","target":{"@type":"EntryPoint","urlTemplate":"https:\/\/www.retaildetail.be\/nl\/?s={search_term_string}"},"query-input":{"@type":"PropertyValueSpecification","valueRequired":true,"valueName":"search_term_string"}}],"inLanguage":"fr-FR"},{"@type":"Organization","@id":"https:\/\/www.retaildetail.be\/nl\/#organization","name":"RetailDetail BE","url":"https:\/\/www.retaildetail.be\/nl\/","logo":{"@type":"ImageObject","inLanguage":"fr-FR","@id":"https:\/\/www.retaildetail.be\/nl\/#\/schema\/logo\/image\/","url":"https:\/\/www.retaildetail.be\/wp-content\/uploads\/2022\/04\/logo.svg","contentUrl":"https:\/\/www.retaildetail.be\/wp-content\/uploads\/2022\/04\/logo.svg","width":131,"height":70,"caption":"RetailDetail BE"},"image":{"@id":"https:\/\/www.retaildetail.be\/nl\/#\/schema\/logo\/image\/"}},{"@type":"Person","@id":"https:\/\/www.retaildetail.be\/nl\/#\/schema\/person\/71d9b89376db00e9b1aa8a2841e71a72","name":"Jorg Snoeck","image":{"@type":"ImageObject","inLanguage":"fr-FR","@id":"https:\/\/secure.gravatar.com\/avatar\/fc1bd94c7d40f2446e6bf778bb34cf9ab000168f63533cec8e072f4ad96ce7f3?s=96&d=mm&r=g","url":"https:\/\/secure.gravatar.com\/avatar\/fc1bd94c7d40f2446e6bf778bb34cf9ab000168f63533cec8e072f4ad96ce7f3?s=96&d=mm&r=g","contentUrl":"https:\/\/secure.gravatar.com\/avatar\/fc1bd94c7d40f2446e6bf778bb34cf9ab000168f63533cec8e072f4ad96ce7f3?s=96&d=mm&r=g","caption":"Jorg Snoeck"},"url":"https:\/\/www.retaildetail.be\/fr\/author\/jorgsnoeck\/"}]}},"jetpack_featured_media_url":"https:\/\/www.retaildetail.be\/wp-content\/uploads\/2026\/01\/shutterstock_cortefiel.jpg","jetpack_sharing_enabled":true,"_links":{"self":[{"href":"https:\/\/www.retaildetail.be\/fr\/wp-json\/wp\/v2\/posts\/140334","targetHints":{"allow":["GET"]}}],"collection":[{"href":"https:\/\/www.retaildetail.be\/fr\/wp-json\/wp\/v2\/posts"}],"about":[{"href":"https:\/\/www.retaildetail.be\/fr\/wp-json\/wp\/v2\/types\/post"}],"author":[{"embeddable":true,"href":"https:\/\/www.retaildetail.be\/fr\/wp-json\/wp\/v2\/users\/10"}],"replies":[{"embeddable":true,"href":"https:\/\/www.retaildetail.be\/fr\/wp-json\/wp\/v2\/comments?post=140334"}],"version-history":[{"count":1,"href":"https:\/\/www.retaildetail.be\/fr\/wp-json\/wp\/v2\/posts\/140334\/revisions"}],"predecessor-version":[{"id":140338,"href":"https:\/\/www.retaildetail.be\/fr\/wp-json\/wp\/v2\/posts\/140334\/revisions\/140338"}],"wp:featuredmedia":[{"embeddable":true,"href":"https:\/\/www.retaildetail.be\/fr\/wp-json\/wp\/v2\/media\/140335"}],"wp:attachment":[{"href":"https:\/\/www.retaildetail.be\/fr\/wp-json\/wp\/v2\/media?parent=140334"}],"wp:term":[{"taxonomy":"category","embeddable":true,"href":"https:\/\/www.retaildetail.be\/fr\/wp-json\/wp\/v2\/categories?post=140334"},{"taxonomy":"post_tag","embeddable":true,"href":"https:\/\/www.retaildetail.be\/fr\/wp-json\/wp\/v2\/tags?post=140334"},{"taxonomy":"people","embeddable":true,"href":"https:\/\/www.retaildetail.be\/fr\/wp-json\/wp\/v2\/people?post=140334"},{"taxonomy":"extra","embeddable":true,"href":"https:\/\/www.retaildetail.be\/fr\/wp-json\/wp\/v2\/extra?post=140334"},{"taxonomy":"company","embeddable":true,"href":"https:\/\/www.retaildetail.be\/fr\/wp-json\/wp\/v2\/company?post=140334"},{"taxonomy":"topic","embeddable":true,"href":"https:\/\/www.retaildetail.be\/fr\/wp-json\/wp\/v2\/topic?post=140334"},{"taxonomy":"region","embeddable":true,"href":"https:\/\/www.retaildetail.be\/fr\/wp-json\/wp\/v2\/region?post=140334"}],"curies":[{"name":"wp","href":"https:\/\/api.w.org\/{rel}","templated":true}]}}