{"id":140343,"date":"2026-01-21T14:32:13","date_gmt":"2026-01-21T13:32:13","guid":{"rendered":"https:\/\/www.retaildetail.be\/?p=140343"},"modified":"2026-01-21T14:32:16","modified_gmt":"2026-01-21T13:32:16","slug":"delhaize-revendique-la-premiere-avec-des-camps-de-cuisine-estivaux-pour-les-enfants","status":"publish","type":"post","link":"https:\/\/www.retaildetail.be\/fr\/news\/food\/delhaize-revendique-la-premiere-avec-des-camps-de-cuisine-estivaux-pour-les-enfants\/","title":{"rendered":"Delhaize revendique une premi\u00e8re avec des stages de cuisine estivaux pour les enfants"},"content":{"rendered":"\n<p>Cet \u00e9t\u00e9, <strong>Delhaize<\/strong> organise des stages de cuisine estivaux \u00ab P&rsquo;tit Lions \u00bb pour les enfants. Pendant une semaine, les jeunes participants apprendront \u00e9tape par \u00e9tape \u00e0 r\u00e9aliser des recettes simples et \u00e9conomiques.<\/p>\n\n\n\n<h2 class=\"wp-block-heading\">Apprendre de bonnes habitudes alimentaires<\/h2>\n\n\n\n<p>Selon Delhaize, il s&rsquo;agit d&rsquo;une premi\u00e8re en Belgique : l&rsquo;entreprise est le premier d\u00e9taillant \u00e0 organiser des stages de cuisine o\u00f9 les enfants de 6 \u00e0 14 ans d\u00e9couvrent de mani\u00e8re ludique \u00e0 quel point cuisiner peut \u00eatre amusant, simple et abordable. \u00ab Ce qui a d\u00e9but\u00e9 comme un assortiment de produits de marque propre \u00e0 prix doux est devenu aujourd\u2019hui une initiative qui rapproche encore davantage les familles \u00bb, explique le d\u00e9taillant.<\/p>\n\n\n\n<p>Avec ces stages de cuisine, Delhaize souhaite enseigner aux enfants de bonnes habitudes alimentaires et leur faire d\u00e9couvrir que cuisiner de bons petits plats n&rsquo;est pas forc\u00e9ment compliqu\u00e9. Pour les stages de cuisine P&rsquo;tit Lions, le d\u00e9taillant collabore avec deux organisateurs professionnels : aKadeemi (Flandre et Bruxelles n\u00e9erlandophone) et CFS (Wallonie et Bruxelles francophone).<\/p>\n\n\n\n<h2 class=\"wp-block-heading\">S&rsquo;appuyer sur le succ\u00e8s des P&rsquo;tits Lions<\/h2>\n\n\n\n<p>L&rsquo;ambition est d&rsquo;organiser au moins un camp culinaire d&rsquo;une semaine compl\u00e8te dans chaque province belge, soit dix camps au total. Chaque camp peut accueillir en moyenne 10 \u00e0 20 enfants. Au total, environ 1 600 enfants pourront y participer cet \u00e9t\u00e9. Le prix indicatif se situe entre 165 et 195 euros, les d\u00e9tenteurs de la carte SuperPlus b\u00e9n\u00e9ficient d&rsquo;une r\u00e9duction de 30 %.<\/p>\n\n\n\n<p>\u00ab Notre gamme\u00a0P&rsquo;tits\u00a0Lions \u2013 plus de 1200 produits maison du quotidien \u00e0 prix attractifs \u2013 d\u00e9montre que faire ses courses chez Delhaize est souvent plus avantageux qu\u2019on ne le pense. Fort du succ\u00e8s de cette gamme, nous l\u2019avons encore largement \u00e9tendue cette ann\u00e9e. Les stages s\u2019inscrivent dans cette dynamique : ils montrent que cuisiner de mani\u00e8re savoureuse et abordable est r\u00e9ellement \u00e0 la port\u00e9e de tous, \u00bb, explique Jo Boone, Campaign &amp; Media Manager chez Delhaize.<\/p>\n","protected":false},"excerpt":{"rendered":"<p>Cet \u00e9t\u00e9, Delhaize organise des stages de cuisine estivaux \u00ab Kleine Leeuw \u00bb (Petit Lion) pour les enfants. Pendant cette semaine, les jeunes participants apprendront \u00e9tape par \u00e9tape \u00e0 r\u00e9aliser des recettes simples et \u00e9conomiques.<\/p>\n","protected":false},"author":3,"featured_media":140344,"comment_status":"closed","ping_status":"closed","sticky":false,"template":"","format":"standard","meta":{"_acf_changed":false,"inline_featured_image":false,"_jetpack_memberships_contains_paid_content":false,"footnotes":""},"categories":[18,24],"tags":[],"people":[],"extra":[],"company":[196],"topic":[488],"region":[226],"class_list":{"0":"post-140343","1":"post","2":"type-post","3":"status-publish","4":"format-standard","5":"has-post-thumbnail","6":"hentry","7":"category-food","9":"company-delhaize","10":"topic-marketing","11":"region-belgique"},"acf":[],"yoast_head":"<!-- This site is optimized with the Yoast SEO plugin v27.3 - https:\/\/yoast.com\/product\/yoast-seo-wordpress\/ -->\n<title>Delhaize revendique une premi\u00e8re avec des stages de cuisine estivaux pour les enfants - RetailDetail BE<\/title>\n<meta name=\"description\" content=\"Cet \u00e9t\u00e9, Delhaize organise des stages de cuisine estivaux \u00ab P&#039;tit Lions \u00bb pour les enfants.\" \/>\n<meta name=\"robots\" content=\"index, follow, max-snippet:-1, max-image-preview:large, max-video-preview:-1\" \/>\n<link rel=\"canonical\" href=\"https:\/\/www.retaildetail.be\/fr\/news\/food\/delhaize-revendique-la-premiere-avec-des-camps-de-cuisine-estivaux-pour-les-enfants\/\" \/>\n<meta property=\"og:locale\" content=\"fr_FR\" \/>\n<meta property=\"og:type\" content=\"article\" \/>\n<meta property=\"og:title\" content=\"Delhaize revendique une premi\u00e8re avec des stages de cuisine estivaux pour les enfants - RetailDetail BE\" \/>\n<meta property=\"og:description\" content=\"Cet \u00e9t\u00e9, Delhaize organise des stages de cuisine estivaux \u00ab P&#039;tit Lions \u00bb pour les enfants.\" \/>\n<meta property=\"og:url\" content=\"https:\/\/www.retaildetail.be\/fr\/news\/food\/delhaize-revendique-la-premiere-avec-des-camps-de-cuisine-estivaux-pour-les-enfants\/\" \/>\n<meta property=\"og:site_name\" content=\"RetailDetail BE\" \/>\n<meta property=\"article:published_time\" content=\"2026-01-21T13:32:13+00:00\" \/>\n<meta property=\"article:modified_time\" content=\"2026-01-21T13:32:16+00:00\" \/>\n<meta property=\"og:image\" content=\"https:\/\/www.retaildetail.be\/wp-content\/uploads\/2026\/01\/delhaize-box-kids-maaltijd.jpg\" \/>\n\t<meta property=\"og:image:width\" content=\"1178\" \/>\n\t<meta property=\"og:image:height\" content=\"840\" \/>\n\t<meta property=\"og:image:type\" content=\"image\/jpeg\" \/>\n<meta name=\"author\" content=\"Stefan Van Rompaey\" \/>\n<meta name=\"twitter:card\" content=\"summary_large_image\" \/>\n<meta name=\"twitter:label1\" content=\"\u00c9crit par\" \/>\n\t<meta name=\"twitter:data1\" content=\"Stefan Van Rompaey\" \/>\n\t<meta name=\"twitter:label2\" content=\"Dur\u00e9e de lecture estim\u00e9e\" \/>\n\t<meta name=\"twitter:data2\" content=\"2 minutes\" \/>\n<script type=\"application\/ld+json\" class=\"yoast-schema-graph\">{\"@context\":\"https:\\\/\\\/schema.org\",\"@graph\":[{\"@type\":\"NewsArticle\",\"@id\":\"https:\\\/\\\/www.retaildetail.be\\\/fr\\\/news\\\/food\\\/delhaize-revendique-la-premiere-avec-des-camps-de-cuisine-estivaux-pour-les-enfants\\\/#article\",\"isPartOf\":{\"@id\":\"https:\\\/\\\/www.retaildetail.be\\\/fr\\\/news\\\/food\\\/delhaize-revendique-la-premiere-avec-des-camps-de-cuisine-estivaux-pour-les-enfants\\\/\"},\"author\":{\"name\":\"Stefan Van Rompaey\",\"@id\":\"https:\\\/\\\/www.retaildetail.be\\\/nl\\\/#\\\/schema\\\/person\\\/51aec6069c4416aa2f68b2e4ff3455df\"},\"headline\":\"Delhaize revendique une premi\u00e8re avec des stages de cuisine estivaux pour les enfants\",\"datePublished\":\"2026-01-21T13:32:13+00:00\",\"dateModified\":\"2026-01-21T13:32:16+00:00\",\"mainEntityOfPage\":{\"@id\":\"https:\\\/\\\/www.retaildetail.be\\\/fr\\\/news\\\/food\\\/delhaize-revendique-la-premiere-avec-des-camps-de-cuisine-estivaux-pour-les-enfants\\\/\"},\"wordCount\":337,\"publisher\":{\"@id\":\"https:\\\/\\\/www.retaildetail.be\\\/nl\\\/#organization\"},\"image\":{\"@id\":\"https:\\\/\\\/www.retaildetail.be\\\/fr\\\/news\\\/food\\\/delhaize-revendique-la-premiere-avec-des-camps-de-cuisine-estivaux-pour-les-enfants\\\/#primaryimage\"},\"thumbnailUrl\":\"https:\\\/\\\/www.retaildetail.be\\\/wp-content\\\/uploads\\\/2026\\\/01\\\/delhaize-box-kids-maaltijd.jpg\",\"articleSection\":[\"Food\",\"Food\"],\"inLanguage\":\"fr-FR\",\"copyrightYear\":\"2026\",\"copyrightHolder\":{\"@id\":\"https:\\\/\\\/www.retaildetail.be\\\/#organization\"}},{\"@type\":\"WebPage\",\"@id\":\"https:\\\/\\\/www.retaildetail.be\\\/fr\\\/news\\\/food\\\/delhaize-revendique-la-premiere-avec-des-camps-de-cuisine-estivaux-pour-les-enfants\\\/\",\"url\":\"https:\\\/\\\/www.retaildetail.be\\\/fr\\\/news\\\/food\\\/delhaize-revendique-la-premiere-avec-des-camps-de-cuisine-estivaux-pour-les-enfants\\\/\",\"name\":\"Delhaize revendique une premi\u00e8re avec des stages de cuisine estivaux pour les enfants - RetailDetail BE\",\"isPartOf\":{\"@id\":\"https:\\\/\\\/www.retaildetail.be\\\/nl\\\/#website\"},\"primaryImageOfPage\":{\"@id\":\"https:\\\/\\\/www.retaildetail.be\\\/fr\\\/news\\\/food\\\/delhaize-revendique-la-premiere-avec-des-camps-de-cuisine-estivaux-pour-les-enfants\\\/#primaryimage\"},\"image\":{\"@id\":\"https:\\\/\\\/www.retaildetail.be\\\/fr\\\/news\\\/food\\\/delhaize-revendique-la-premiere-avec-des-camps-de-cuisine-estivaux-pour-les-enfants\\\/#primaryimage\"},\"thumbnailUrl\":\"https:\\\/\\\/www.retaildetail.be\\\/wp-content\\\/uploads\\\/2026\\\/01\\\/delhaize-box-kids-maaltijd.jpg\",\"datePublished\":\"2026-01-21T13:32:13+00:00\",\"dateModified\":\"2026-01-21T13:32:16+00:00\",\"description\":\"Cet \u00e9t\u00e9, Delhaize organise des stages de cuisine estivaux \u00ab P'tit Lions \u00bb pour les enfants.\",\"breadcrumb\":{\"@id\":\"https:\\\/\\\/www.retaildetail.be\\\/fr\\\/news\\\/food\\\/delhaize-revendique-la-premiere-avec-des-camps-de-cuisine-estivaux-pour-les-enfants\\\/#breadcrumb\"},\"inLanguage\":\"fr-FR\",\"potentialAction\":[{\"@type\":\"ReadAction\",\"target\":[\"https:\\\/\\\/www.retaildetail.be\\\/fr\\\/news\\\/food\\\/delhaize-revendique-la-premiere-avec-des-camps-de-cuisine-estivaux-pour-les-enfants\\\/\"]}]},{\"@type\":\"ImageObject\",\"inLanguage\":\"fr-FR\",\"@id\":\"https:\\\/\\\/www.retaildetail.be\\\/fr\\\/news\\\/food\\\/delhaize-revendique-la-premiere-avec-des-camps-de-cuisine-estivaux-pour-les-enfants\\\/#primaryimage\",\"url\":\"https:\\\/\\\/www.retaildetail.be\\\/wp-content\\\/uploads\\\/2026\\\/01\\\/delhaize-box-kids-maaltijd.jpg\",\"contentUrl\":\"https:\\\/\\\/www.retaildetail.be\\\/wp-content\\\/uploads\\\/2026\\\/01\\\/delhaize-box-kids-maaltijd.jpg\",\"width\":1178,\"height\":840,\"caption\":\"Delhaize\"},{\"@type\":\"BreadcrumbList\",\"@id\":\"https:\\\/\\\/www.retaildetail.be\\\/fr\\\/news\\\/food\\\/delhaize-revendique-la-premiere-avec-des-camps-de-cuisine-estivaux-pour-les-enfants\\\/#breadcrumb\",\"itemListElement\":[{\"@type\":\"ListItem\",\"position\":1,\"name\":\"Home\",\"item\":\"https:\\\/\\\/www.retaildetail.be\\\/fr\\\/\"},{\"@type\":\"ListItem\",\"position\":2,\"name\":\"Delhaize revendique une premi\u00e8re avec des stages de cuisine estivaux pour les enfants\"}]},{\"@type\":\"WebSite\",\"@id\":\"https:\\\/\\\/www.retaildetail.be\\\/nl\\\/#website\",\"url\":\"https:\\\/\\\/www.retaildetail.be\\\/nl\\\/\",\"name\":\"RetailDetail BE\",\"description\":\"News\",\"publisher\":{\"@id\":\"https:\\\/\\\/www.retaildetail.be\\\/nl\\\/#organization\"},\"potentialAction\":[{\"@type\":\"SearchAction\",\"target\":{\"@type\":\"EntryPoint\",\"urlTemplate\":\"https:\\\/\\\/www.retaildetail.be\\\/nl\\\/?s={search_term_string}\"},\"query-input\":{\"@type\":\"PropertyValueSpecification\",\"valueRequired\":true,\"valueName\":\"search_term_string\"}}],\"inLanguage\":\"fr-FR\"},{\"@type\":\"Organization\",\"@id\":\"https:\\\/\\\/www.retaildetail.be\\\/nl\\\/#organization\",\"name\":\"RetailDetail BE\",\"url\":\"https:\\\/\\\/www.retaildetail.be\\\/nl\\\/\",\"logo\":{\"@type\":\"ImageObject\",\"inLanguage\":\"fr-FR\",\"@id\":\"https:\\\/\\\/www.retaildetail.be\\\/nl\\\/#\\\/schema\\\/logo\\\/image\\\/\",\"url\":\"https:\\\/\\\/www.retaildetail.be\\\/wp-content\\\/uploads\\\/2022\\\/04\\\/logo.svg\",\"contentUrl\":\"https:\\\/\\\/www.retaildetail.be\\\/wp-content\\\/uploads\\\/2022\\\/04\\\/logo.svg\",\"width\":131,\"height\":70,\"caption\":\"RetailDetail BE\"},\"image\":{\"@id\":\"https:\\\/\\\/www.retaildetail.be\\\/nl\\\/#\\\/schema\\\/logo\\\/image\\\/\"}},{\"@type\":\"Person\",\"@id\":\"https:\\\/\\\/www.retaildetail.be\\\/nl\\\/#\\\/schema\\\/person\\\/51aec6069c4416aa2f68b2e4ff3455df\",\"name\":\"Stefan Van Rompaey\",\"image\":{\"@type\":\"ImageObject\",\"inLanguage\":\"fr-FR\",\"@id\":\"https:\\\/\\\/secure.gravatar.com\\\/avatar\\\/fbbb4a80a0f109888b2a5ab8ae255617499ecde533749b3ab2fa6c23b5d65dac?s=96&d=mm&r=g\",\"url\":\"https:\\\/\\\/secure.gravatar.com\\\/avatar\\\/fbbb4a80a0f109888b2a5ab8ae255617499ecde533749b3ab2fa6c23b5d65dac?s=96&d=mm&r=g\",\"contentUrl\":\"https:\\\/\\\/secure.gravatar.com\\\/avatar\\\/fbbb4a80a0f109888b2a5ab8ae255617499ecde533749b3ab2fa6c23b5d65dac?s=96&d=mm&r=g\",\"caption\":\"Stefan Van Rompaey\"},\"url\":\"https:\\\/\\\/www.retaildetail.be\\\/fr\\\/author\\\/stefanvanrompaey\\\/\"}]}<\/script>\n<!-- \/ Yoast SEO plugin. -->","yoast_head_json":{"title":"Delhaize revendique une premi\u00e8re avec des stages de cuisine estivaux pour les enfants - RetailDetail BE","description":"Cet \u00e9t\u00e9, Delhaize organise des stages de cuisine estivaux \u00ab P'tit Lions \u00bb pour les enfants.","robots":{"index":"index","follow":"follow","max-snippet":"max-snippet:-1","max-image-preview":"max-image-preview:large","max-video-preview":"max-video-preview:-1"},"canonical":"https:\/\/www.retaildetail.be\/fr\/news\/food\/delhaize-revendique-la-premiere-avec-des-camps-de-cuisine-estivaux-pour-les-enfants\/","og_locale":"fr_FR","og_type":"article","og_title":"Delhaize revendique une premi\u00e8re avec des stages de cuisine estivaux pour les enfants - RetailDetail BE","og_description":"Cet \u00e9t\u00e9, Delhaize organise des stages de cuisine estivaux \u00ab P'tit Lions \u00bb pour les enfants.","og_url":"https:\/\/www.retaildetail.be\/fr\/news\/food\/delhaize-revendique-la-premiere-avec-des-camps-de-cuisine-estivaux-pour-les-enfants\/","og_site_name":"RetailDetail BE","article_published_time":"2026-01-21T13:32:13+00:00","article_modified_time":"2026-01-21T13:32:16+00:00","og_image":[{"width":1178,"height":840,"url":"https:\/\/www.retaildetail.be\/wp-content\/uploads\/2026\/01\/delhaize-box-kids-maaltijd.jpg","type":"image\/jpeg"}],"author":"Stefan Van Rompaey","twitter_card":"summary_large_image","twitter_misc":{"\u00c9crit par":"Stefan Van Rompaey","Dur\u00e9e de lecture estim\u00e9e":"2 minutes"},"schema":{"@context":"https:\/\/schema.org","@graph":[{"@type":"NewsArticle","@id":"https:\/\/www.retaildetail.be\/fr\/news\/food\/delhaize-revendique-la-premiere-avec-des-camps-de-cuisine-estivaux-pour-les-enfants\/#article","isPartOf":{"@id":"https:\/\/www.retaildetail.be\/fr\/news\/food\/delhaize-revendique-la-premiere-avec-des-camps-de-cuisine-estivaux-pour-les-enfants\/"},"author":{"name":"Stefan Van Rompaey","@id":"https:\/\/www.retaildetail.be\/nl\/#\/schema\/person\/51aec6069c4416aa2f68b2e4ff3455df"},"headline":"Delhaize revendique une premi\u00e8re avec des stages de cuisine estivaux pour les enfants","datePublished":"2026-01-21T13:32:13+00:00","dateModified":"2026-01-21T13:32:16+00:00","mainEntityOfPage":{"@id":"https:\/\/www.retaildetail.be\/fr\/news\/food\/delhaize-revendique-la-premiere-avec-des-camps-de-cuisine-estivaux-pour-les-enfants\/"},"wordCount":337,"publisher":{"@id":"https:\/\/www.retaildetail.be\/nl\/#organization"},"image":{"@id":"https:\/\/www.retaildetail.be\/fr\/news\/food\/delhaize-revendique-la-premiere-avec-des-camps-de-cuisine-estivaux-pour-les-enfants\/#primaryimage"},"thumbnailUrl":"https:\/\/www.retaildetail.be\/wp-content\/uploads\/2026\/01\/delhaize-box-kids-maaltijd.jpg","articleSection":["Food","Food"],"inLanguage":"fr-FR","copyrightYear":"2026","copyrightHolder":{"@id":"https:\/\/www.retaildetail.be\/#organization"}},{"@type":"WebPage","@id":"https:\/\/www.retaildetail.be\/fr\/news\/food\/delhaize-revendique-la-premiere-avec-des-camps-de-cuisine-estivaux-pour-les-enfants\/","url":"https:\/\/www.retaildetail.be\/fr\/news\/food\/delhaize-revendique-la-premiere-avec-des-camps-de-cuisine-estivaux-pour-les-enfants\/","name":"Delhaize revendique une premi\u00e8re avec des stages de cuisine estivaux pour les enfants - RetailDetail BE","isPartOf":{"@id":"https:\/\/www.retaildetail.be\/nl\/#website"},"primaryImageOfPage":{"@id":"https:\/\/www.retaildetail.be\/fr\/news\/food\/delhaize-revendique-la-premiere-avec-des-camps-de-cuisine-estivaux-pour-les-enfants\/#primaryimage"},"image":{"@id":"https:\/\/www.retaildetail.be\/fr\/news\/food\/delhaize-revendique-la-premiere-avec-des-camps-de-cuisine-estivaux-pour-les-enfants\/#primaryimage"},"thumbnailUrl":"https:\/\/www.retaildetail.be\/wp-content\/uploads\/2026\/01\/delhaize-box-kids-maaltijd.jpg","datePublished":"2026-01-21T13:32:13+00:00","dateModified":"2026-01-21T13:32:16+00:00","description":"Cet \u00e9t\u00e9, Delhaize organise des stages de cuisine estivaux \u00ab P'tit Lions \u00bb pour les enfants.","breadcrumb":{"@id":"https:\/\/www.retaildetail.be\/fr\/news\/food\/delhaize-revendique-la-premiere-avec-des-camps-de-cuisine-estivaux-pour-les-enfants\/#breadcrumb"},"inLanguage":"fr-FR","potentialAction":[{"@type":"ReadAction","target":["https:\/\/www.retaildetail.be\/fr\/news\/food\/delhaize-revendique-la-premiere-avec-des-camps-de-cuisine-estivaux-pour-les-enfants\/"]}]},{"@type":"ImageObject","inLanguage":"fr-FR","@id":"https:\/\/www.retaildetail.be\/fr\/news\/food\/delhaize-revendique-la-premiere-avec-des-camps-de-cuisine-estivaux-pour-les-enfants\/#primaryimage","url":"https:\/\/www.retaildetail.be\/wp-content\/uploads\/2026\/01\/delhaize-box-kids-maaltijd.jpg","contentUrl":"https:\/\/www.retaildetail.be\/wp-content\/uploads\/2026\/01\/delhaize-box-kids-maaltijd.jpg","width":1178,"height":840,"caption":"Delhaize"},{"@type":"BreadcrumbList","@id":"https:\/\/www.retaildetail.be\/fr\/news\/food\/delhaize-revendique-la-premiere-avec-des-camps-de-cuisine-estivaux-pour-les-enfants\/#breadcrumb","itemListElement":[{"@type":"ListItem","position":1,"name":"Home","item":"https:\/\/www.retaildetail.be\/fr\/"},{"@type":"ListItem","position":2,"name":"Delhaize revendique une premi\u00e8re avec des stages de cuisine estivaux pour les enfants"}]},{"@type":"WebSite","@id":"https:\/\/www.retaildetail.be\/nl\/#website","url":"https:\/\/www.retaildetail.be\/nl\/","name":"RetailDetail BE","description":"News","publisher":{"@id":"https:\/\/www.retaildetail.be\/nl\/#organization"},"potentialAction":[{"@type":"SearchAction","target":{"@type":"EntryPoint","urlTemplate":"https:\/\/www.retaildetail.be\/nl\/?s={search_term_string}"},"query-input":{"@type":"PropertyValueSpecification","valueRequired":true,"valueName":"search_term_string"}}],"inLanguage":"fr-FR"},{"@type":"Organization","@id":"https:\/\/www.retaildetail.be\/nl\/#organization","name":"RetailDetail BE","url":"https:\/\/www.retaildetail.be\/nl\/","logo":{"@type":"ImageObject","inLanguage":"fr-FR","@id":"https:\/\/www.retaildetail.be\/nl\/#\/schema\/logo\/image\/","url":"https:\/\/www.retaildetail.be\/wp-content\/uploads\/2022\/04\/logo.svg","contentUrl":"https:\/\/www.retaildetail.be\/wp-content\/uploads\/2022\/04\/logo.svg","width":131,"height":70,"caption":"RetailDetail BE"},"image":{"@id":"https:\/\/www.retaildetail.be\/nl\/#\/schema\/logo\/image\/"}},{"@type":"Person","@id":"https:\/\/www.retaildetail.be\/nl\/#\/schema\/person\/51aec6069c4416aa2f68b2e4ff3455df","name":"Stefan Van Rompaey","image":{"@type":"ImageObject","inLanguage":"fr-FR","@id":"https:\/\/secure.gravatar.com\/avatar\/fbbb4a80a0f109888b2a5ab8ae255617499ecde533749b3ab2fa6c23b5d65dac?s=96&d=mm&r=g","url":"https:\/\/secure.gravatar.com\/avatar\/fbbb4a80a0f109888b2a5ab8ae255617499ecde533749b3ab2fa6c23b5d65dac?s=96&d=mm&r=g","contentUrl":"https:\/\/secure.gravatar.com\/avatar\/fbbb4a80a0f109888b2a5ab8ae255617499ecde533749b3ab2fa6c23b5d65dac?s=96&d=mm&r=g","caption":"Stefan Van Rompaey"},"url":"https:\/\/www.retaildetail.be\/fr\/author\/stefanvanrompaey\/"}]}},"jetpack_featured_media_url":"https:\/\/www.retaildetail.be\/wp-content\/uploads\/2026\/01\/delhaize-box-kids-maaltijd.jpg","jetpack_sharing_enabled":true,"_links":{"self":[{"href":"https:\/\/www.retaildetail.be\/fr\/wp-json\/wp\/v2\/posts\/140343","targetHints":{"allow":["GET"]}}],"collection":[{"href":"https:\/\/www.retaildetail.be\/fr\/wp-json\/wp\/v2\/posts"}],"about":[{"href":"https:\/\/www.retaildetail.be\/fr\/wp-json\/wp\/v2\/types\/post"}],"author":[{"embeddable":true,"href":"https:\/\/www.retaildetail.be\/fr\/wp-json\/wp\/v2\/users\/3"}],"replies":[{"embeddable":true,"href":"https:\/\/www.retaildetail.be\/fr\/wp-json\/wp\/v2\/comments?post=140343"}],"version-history":[{"count":1,"href":"https:\/\/www.retaildetail.be\/fr\/wp-json\/wp\/v2\/posts\/140343\/revisions"}],"predecessor-version":[{"id":140346,"href":"https:\/\/www.retaildetail.be\/fr\/wp-json\/wp\/v2\/posts\/140343\/revisions\/140346"}],"wp:featuredmedia":[{"embeddable":true,"href":"https:\/\/www.retaildetail.be\/fr\/wp-json\/wp\/v2\/media\/140344"}],"wp:attachment":[{"href":"https:\/\/www.retaildetail.be\/fr\/wp-json\/wp\/v2\/media?parent=140343"}],"wp:term":[{"taxonomy":"category","embeddable":true,"href":"https:\/\/www.retaildetail.be\/fr\/wp-json\/wp\/v2\/categories?post=140343"},{"taxonomy":"post_tag","embeddable":true,"href":"https:\/\/www.retaildetail.be\/fr\/wp-json\/wp\/v2\/tags?post=140343"},{"taxonomy":"people","embeddable":true,"href":"https:\/\/www.retaildetail.be\/fr\/wp-json\/wp\/v2\/people?post=140343"},{"taxonomy":"extra","embeddable":true,"href":"https:\/\/www.retaildetail.be\/fr\/wp-json\/wp\/v2\/extra?post=140343"},{"taxonomy":"company","embeddable":true,"href":"https:\/\/www.retaildetail.be\/fr\/wp-json\/wp\/v2\/company?post=140343"},{"taxonomy":"topic","embeddable":true,"href":"https:\/\/www.retaildetail.be\/fr\/wp-json\/wp\/v2\/topic?post=140343"},{"taxonomy":"region","embeddable":true,"href":"https:\/\/www.retaildetail.be\/fr\/wp-json\/wp\/v2\/region?post=140343"}],"curies":[{"name":"wp","href":"https:\/\/api.w.org\/{rel}","templated":true}]}}