{"id":140363,"date":"2026-01-21T15:30:45","date_gmt":"2026-01-21T14:30:45","guid":{"rendered":"https:\/\/www.retaildetail.be\/?p=140363"},"modified":"2026-01-21T15:30:47","modified_gmt":"2026-01-21T14:30:47","slug":"nouveau-pdg-pour-mud-jeans","status":"publish","type":"post","link":"https:\/\/www.retaildetail.be\/fr\/news\/mode\/nouveau-pdg-pour-mud-jeans\/","title":{"rendered":"Nouveau CEO pour Mud Jeans"},"content":{"rendered":"\n<p>Apr\u00e8s deux ans et demi, la CEO Jolanda Brink quitte <strong>Mud Jeans<\/strong>, la marque n\u00e9erlandaise haut de gamme de jeans circulaires. Elle est remplac\u00e9e par Dion Vijgeboom, qui travaille dans l&rsquo;entreprise depuis 2015.<\/p>\n\n\n\n<h2 class=\"wp-block-heading\">\u00ab Renforcer la position \u00bb<\/h2>\n\n\n\n<p>Avec la nomination de l&rsquo;ancien directeur op\u00e9rationnel Vijgeboom, Mud Jeans opte, selon ses propres termes, pour la continuit\u00e9 dans la direction, tout en mettant clairement l&rsquo;accent sur la prochaine phase de croissance. Le nouveau CEO est li\u00e9 \u00e0 l&rsquo;entreprise depuis 2015 et \u00e9tait auparavant responsable, en tant que directeur des op\u00e9rations, des activit\u00e9s quotidiennes et de la mise en \u0153uvre des plans strat\u00e9giques.<\/p>\n\n\n\n<p>Sous la direction de Jolanda Brink, la marque de denim circulaire a clairement professionnalis\u00e9 ses activit\u00e9s et est pass\u00e9e du statut de start-up entrepreneuriale \u00e0 celui d&rsquo;organisation plus mature et mieux structur\u00e9e, pr\u00eate pour la phase suivante, indique le communiqu\u00e9 de presse.  <\/p>\n\n\n\n<p>\u00ab Au cours des prochaines ann\u00e9es, nous voulons continuer \u00e0 renforcer notre position sur les march\u00e9s o\u00f9 nous sommes actifs, dans tous nos canaux, du commerce de gros \u00e0 la vente directe aux consommateurs. Nous continuons \u00e0 travailler \u00e0 l&rsquo;am\u00e9lioration de la notori\u00e9t\u00e9 de notre marque, au renforcement de nos relations avec les d\u00e9taillants et les consommateurs et \u00e0 l&rsquo;extension de notre impact circulaire \u00bb, d\u00e9clare M. Vijgeboom.<\/p>\n\n\n\n<p>Fond\u00e9e en 2012, Mud Jeans collabore avec plus de 200 d\u00e9taillants dans 15 pays. Chaque paire de Mud Jeans consomme en moyenne 87 % moins d&rsquo;eau, \u00e9met 89 % moins de CO\u2082, utilise moins de produits chimiques gr\u00e2ce \u00e0 un processus de teinture responsable et produit nettement moins de d\u00e9chets.<\/p>\n","protected":false},"excerpt":{"rendered":"<p>Apr\u00e8s deux ans et demi, la PDG Jolanda Brink quitte Mud Jeans, la marque n\u00e9erlandaise haut de gamme de jeans circulaires. Elle est remplac\u00e9e par Dion Vijgeboom, qui travaille dans l&rsquo;entreprise depuis 2015. <\/p>\n","protected":false},"author":3,"featured_media":140364,"comment_status":"closed","ping_status":"closed","sticky":false,"template":"","format":"standard","meta":{"_acf_changed":false,"inline_featured_image":false,"_jetpack_memberships_contains_paid_content":false,"footnotes":""},"categories":[14,22],"tags":[],"people":[],"extra":[],"company":[1941],"topic":[609],"region":[524],"class_list":{"0":"post-140363","1":"post","2":"type-post","3":"status-publish","4":"format-standard","5":"has-post-thumbnail","6":"hentry","7":"category-mode","9":"company-mud-jeans","10":"topic-changement-de-direction","11":"region-pays-bas"},"acf":[],"yoast_head":"<!-- This site is optimized with the Yoast SEO plugin v27.3 - https:\/\/yoast.com\/product\/yoast-seo-wordpress\/ -->\n<title>Nouveau CEO pour Mud Jeans - RetailDetail BE<\/title>\n<meta name=\"description\" content=\"Apr\u00e8s deux ans et demi, la CEO Jolanda Brink quitte Mud Jeans, la marque n\u00e9erlandaise haut de gamme de jeans circulaires.\" \/>\n<meta name=\"robots\" content=\"index, follow, max-snippet:-1, max-image-preview:large, max-video-preview:-1\" \/>\n<link rel=\"canonical\" href=\"https:\/\/www.retaildetail.be\/fr\/news\/mode\/nouveau-pdg-pour-mud-jeans\/\" \/>\n<meta property=\"og:locale\" content=\"fr_FR\" \/>\n<meta property=\"og:type\" content=\"article\" \/>\n<meta property=\"og:title\" content=\"Nouveau CEO pour Mud Jeans - RetailDetail BE\" \/>\n<meta property=\"og:description\" content=\"Apr\u00e8s deux ans et demi, la CEO Jolanda Brink quitte Mud Jeans, la marque n\u00e9erlandaise haut de gamme de jeans circulaires.\" \/>\n<meta property=\"og:url\" content=\"https:\/\/www.retaildetail.be\/fr\/news\/mode\/nouveau-pdg-pour-mud-jeans\/\" \/>\n<meta property=\"og:site_name\" content=\"RetailDetail BE\" \/>\n<meta property=\"article:published_time\" content=\"2026-01-21T14:30:45+00:00\" \/>\n<meta property=\"article:modified_time\" content=\"2026-01-21T14:30:47+00:00\" \/>\n<meta property=\"og:image\" content=\"https:\/\/www.retaildetail.be\/wp-content\/uploads\/2026\/01\/butt_mud_jeans_denim_shorts_summer_women.jpg\" \/>\n\t<meta property=\"og:image:width\" content=\"800\" \/>\n\t<meta property=\"og:image:height\" content=\"600\" \/>\n\t<meta property=\"og:image:type\" content=\"image\/jpeg\" \/>\n<meta name=\"author\" content=\"Stefan Van Rompaey\" \/>\n<meta name=\"twitter:card\" content=\"summary_large_image\" \/>\n<meta name=\"twitter:label1\" content=\"\u00c9crit par\" \/>\n\t<meta name=\"twitter:data1\" content=\"Stefan Van Rompaey\" \/>\n\t<meta name=\"twitter:label2\" content=\"Dur\u00e9e de lecture estim\u00e9e\" \/>\n\t<meta name=\"twitter:data2\" content=\"1 minute\" \/>\n<script type=\"application\/ld+json\" class=\"yoast-schema-graph\">{\"@context\":\"https:\\\/\\\/schema.org\",\"@graph\":[{\"@type\":\"NewsArticle\",\"@id\":\"https:\\\/\\\/www.retaildetail.be\\\/fr\\\/news\\\/mode\\\/nouveau-pdg-pour-mud-jeans\\\/#article\",\"isPartOf\":{\"@id\":\"https:\\\/\\\/www.retaildetail.be\\\/fr\\\/news\\\/mode\\\/nouveau-pdg-pour-mud-jeans\\\/\"},\"author\":{\"name\":\"Stefan Van Rompaey\",\"@id\":\"https:\\\/\\\/www.retaildetail.be\\\/nl\\\/#\\\/schema\\\/person\\\/51aec6069c4416aa2f68b2e4ff3455df\"},\"headline\":\"Nouveau CEO pour Mud Jeans\",\"datePublished\":\"2026-01-21T14:30:45+00:00\",\"dateModified\":\"2026-01-21T14:30:47+00:00\",\"mainEntityOfPage\":{\"@id\":\"https:\\\/\\\/www.retaildetail.be\\\/fr\\\/news\\\/mode\\\/nouveau-pdg-pour-mud-jeans\\\/\"},\"wordCount\":274,\"publisher\":{\"@id\":\"https:\\\/\\\/www.retaildetail.be\\\/nl\\\/#organization\"},\"image\":{\"@id\":\"https:\\\/\\\/www.retaildetail.be\\\/fr\\\/news\\\/mode\\\/nouveau-pdg-pour-mud-jeans\\\/#primaryimage\"},\"thumbnailUrl\":\"https:\\\/\\\/www.retaildetail.be\\\/wp-content\\\/uploads\\\/2026\\\/01\\\/butt_mud_jeans_denim_shorts_summer_women.jpg\",\"articleSection\":[\"Mode\",\"Mode\"],\"inLanguage\":\"fr-FR\",\"copyrightYear\":\"2026\",\"copyrightHolder\":{\"@id\":\"https:\\\/\\\/www.retaildetail.be\\\/#organization\"}},{\"@type\":\"WebPage\",\"@id\":\"https:\\\/\\\/www.retaildetail.be\\\/fr\\\/news\\\/mode\\\/nouveau-pdg-pour-mud-jeans\\\/\",\"url\":\"https:\\\/\\\/www.retaildetail.be\\\/fr\\\/news\\\/mode\\\/nouveau-pdg-pour-mud-jeans\\\/\",\"name\":\"Nouveau CEO pour Mud Jeans - RetailDetail BE\",\"isPartOf\":{\"@id\":\"https:\\\/\\\/www.retaildetail.be\\\/nl\\\/#website\"},\"primaryImageOfPage\":{\"@id\":\"https:\\\/\\\/www.retaildetail.be\\\/fr\\\/news\\\/mode\\\/nouveau-pdg-pour-mud-jeans\\\/#primaryimage\"},\"image\":{\"@id\":\"https:\\\/\\\/www.retaildetail.be\\\/fr\\\/news\\\/mode\\\/nouveau-pdg-pour-mud-jeans\\\/#primaryimage\"},\"thumbnailUrl\":\"https:\\\/\\\/www.retaildetail.be\\\/wp-content\\\/uploads\\\/2026\\\/01\\\/butt_mud_jeans_denim_shorts_summer_women.jpg\",\"datePublished\":\"2026-01-21T14:30:45+00:00\",\"dateModified\":\"2026-01-21T14:30:47+00:00\",\"description\":\"Apr\u00e8s deux ans et demi, la CEO Jolanda Brink quitte Mud Jeans, la marque n\u00e9erlandaise haut de gamme de jeans circulaires.\",\"breadcrumb\":{\"@id\":\"https:\\\/\\\/www.retaildetail.be\\\/fr\\\/news\\\/mode\\\/nouveau-pdg-pour-mud-jeans\\\/#breadcrumb\"},\"inLanguage\":\"fr-FR\",\"potentialAction\":[{\"@type\":\"ReadAction\",\"target\":[\"https:\\\/\\\/www.retaildetail.be\\\/fr\\\/news\\\/mode\\\/nouveau-pdg-pour-mud-jeans\\\/\"]}]},{\"@type\":\"ImageObject\",\"inLanguage\":\"fr-FR\",\"@id\":\"https:\\\/\\\/www.retaildetail.be\\\/fr\\\/news\\\/mode\\\/nouveau-pdg-pour-mud-jeans\\\/#primaryimage\",\"url\":\"https:\\\/\\\/www.retaildetail.be\\\/wp-content\\\/uploads\\\/2026\\\/01\\\/butt_mud_jeans_denim_shorts_summer_women.jpg\",\"contentUrl\":\"https:\\\/\\\/www.retaildetail.be\\\/wp-content\\\/uploads\\\/2026\\\/01\\\/butt_mud_jeans_denim_shorts_summer_women.jpg\",\"width\":800,\"height\":600},{\"@type\":\"BreadcrumbList\",\"@id\":\"https:\\\/\\\/www.retaildetail.be\\\/fr\\\/news\\\/mode\\\/nouveau-pdg-pour-mud-jeans\\\/#breadcrumb\",\"itemListElement\":[{\"@type\":\"ListItem\",\"position\":1,\"name\":\"Home\",\"item\":\"https:\\\/\\\/www.retaildetail.be\\\/fr\\\/\"},{\"@type\":\"ListItem\",\"position\":2,\"name\":\"Nouveau CEO pour Mud Jeans\"}]},{\"@type\":\"WebSite\",\"@id\":\"https:\\\/\\\/www.retaildetail.be\\\/nl\\\/#website\",\"url\":\"https:\\\/\\\/www.retaildetail.be\\\/nl\\\/\",\"name\":\"RetailDetail BE\",\"description\":\"News\",\"publisher\":{\"@id\":\"https:\\\/\\\/www.retaildetail.be\\\/nl\\\/#organization\"},\"potentialAction\":[{\"@type\":\"SearchAction\",\"target\":{\"@type\":\"EntryPoint\",\"urlTemplate\":\"https:\\\/\\\/www.retaildetail.be\\\/nl\\\/?s={search_term_string}\"},\"query-input\":{\"@type\":\"PropertyValueSpecification\",\"valueRequired\":true,\"valueName\":\"search_term_string\"}}],\"inLanguage\":\"fr-FR\"},{\"@type\":\"Organization\",\"@id\":\"https:\\\/\\\/www.retaildetail.be\\\/nl\\\/#organization\",\"name\":\"RetailDetail BE\",\"url\":\"https:\\\/\\\/www.retaildetail.be\\\/nl\\\/\",\"logo\":{\"@type\":\"ImageObject\",\"inLanguage\":\"fr-FR\",\"@id\":\"https:\\\/\\\/www.retaildetail.be\\\/nl\\\/#\\\/schema\\\/logo\\\/image\\\/\",\"url\":\"https:\\\/\\\/www.retaildetail.be\\\/wp-content\\\/uploads\\\/2022\\\/04\\\/logo.svg\",\"contentUrl\":\"https:\\\/\\\/www.retaildetail.be\\\/wp-content\\\/uploads\\\/2022\\\/04\\\/logo.svg\",\"width\":131,\"height\":70,\"caption\":\"RetailDetail BE\"},\"image\":{\"@id\":\"https:\\\/\\\/www.retaildetail.be\\\/nl\\\/#\\\/schema\\\/logo\\\/image\\\/\"}},{\"@type\":\"Person\",\"@id\":\"https:\\\/\\\/www.retaildetail.be\\\/nl\\\/#\\\/schema\\\/person\\\/51aec6069c4416aa2f68b2e4ff3455df\",\"name\":\"Stefan Van Rompaey\",\"image\":{\"@type\":\"ImageObject\",\"inLanguage\":\"fr-FR\",\"@id\":\"https:\\\/\\\/secure.gravatar.com\\\/avatar\\\/fbbb4a80a0f109888b2a5ab8ae255617499ecde533749b3ab2fa6c23b5d65dac?s=96&d=mm&r=g\",\"url\":\"https:\\\/\\\/secure.gravatar.com\\\/avatar\\\/fbbb4a80a0f109888b2a5ab8ae255617499ecde533749b3ab2fa6c23b5d65dac?s=96&d=mm&r=g\",\"contentUrl\":\"https:\\\/\\\/secure.gravatar.com\\\/avatar\\\/fbbb4a80a0f109888b2a5ab8ae255617499ecde533749b3ab2fa6c23b5d65dac?s=96&d=mm&r=g\",\"caption\":\"Stefan Van Rompaey\"},\"url\":\"https:\\\/\\\/www.retaildetail.be\\\/fr\\\/author\\\/stefanvanrompaey\\\/\"}]}<\/script>\n<!-- \/ Yoast SEO plugin. -->","yoast_head_json":{"title":"Nouveau CEO pour Mud Jeans - RetailDetail BE","description":"Apr\u00e8s deux ans et demi, la CEO Jolanda Brink quitte Mud Jeans, la marque n\u00e9erlandaise haut de gamme de jeans circulaires.","robots":{"index":"index","follow":"follow","max-snippet":"max-snippet:-1","max-image-preview":"max-image-preview:large","max-video-preview":"max-video-preview:-1"},"canonical":"https:\/\/www.retaildetail.be\/fr\/news\/mode\/nouveau-pdg-pour-mud-jeans\/","og_locale":"fr_FR","og_type":"article","og_title":"Nouveau CEO pour Mud Jeans - RetailDetail BE","og_description":"Apr\u00e8s deux ans et demi, la CEO Jolanda Brink quitte Mud Jeans, la marque n\u00e9erlandaise haut de gamme de jeans circulaires.","og_url":"https:\/\/www.retaildetail.be\/fr\/news\/mode\/nouveau-pdg-pour-mud-jeans\/","og_site_name":"RetailDetail BE","article_published_time":"2026-01-21T14:30:45+00:00","article_modified_time":"2026-01-21T14:30:47+00:00","og_image":[{"width":800,"height":600,"url":"https:\/\/www.retaildetail.be\/wp-content\/uploads\/2026\/01\/butt_mud_jeans_denim_shorts_summer_women.jpg","type":"image\/jpeg"}],"author":"Stefan Van Rompaey","twitter_card":"summary_large_image","twitter_misc":{"\u00c9crit par":"Stefan Van Rompaey","Dur\u00e9e de lecture estim\u00e9e":"1 minute"},"schema":{"@context":"https:\/\/schema.org","@graph":[{"@type":"NewsArticle","@id":"https:\/\/www.retaildetail.be\/fr\/news\/mode\/nouveau-pdg-pour-mud-jeans\/#article","isPartOf":{"@id":"https:\/\/www.retaildetail.be\/fr\/news\/mode\/nouveau-pdg-pour-mud-jeans\/"},"author":{"name":"Stefan Van Rompaey","@id":"https:\/\/www.retaildetail.be\/nl\/#\/schema\/person\/51aec6069c4416aa2f68b2e4ff3455df"},"headline":"Nouveau CEO pour Mud Jeans","datePublished":"2026-01-21T14:30:45+00:00","dateModified":"2026-01-21T14:30:47+00:00","mainEntityOfPage":{"@id":"https:\/\/www.retaildetail.be\/fr\/news\/mode\/nouveau-pdg-pour-mud-jeans\/"},"wordCount":274,"publisher":{"@id":"https:\/\/www.retaildetail.be\/nl\/#organization"},"image":{"@id":"https:\/\/www.retaildetail.be\/fr\/news\/mode\/nouveau-pdg-pour-mud-jeans\/#primaryimage"},"thumbnailUrl":"https:\/\/www.retaildetail.be\/wp-content\/uploads\/2026\/01\/butt_mud_jeans_denim_shorts_summer_women.jpg","articleSection":["Mode","Mode"],"inLanguage":"fr-FR","copyrightYear":"2026","copyrightHolder":{"@id":"https:\/\/www.retaildetail.be\/#organization"}},{"@type":"WebPage","@id":"https:\/\/www.retaildetail.be\/fr\/news\/mode\/nouveau-pdg-pour-mud-jeans\/","url":"https:\/\/www.retaildetail.be\/fr\/news\/mode\/nouveau-pdg-pour-mud-jeans\/","name":"Nouveau CEO pour Mud Jeans - RetailDetail BE","isPartOf":{"@id":"https:\/\/www.retaildetail.be\/nl\/#website"},"primaryImageOfPage":{"@id":"https:\/\/www.retaildetail.be\/fr\/news\/mode\/nouveau-pdg-pour-mud-jeans\/#primaryimage"},"image":{"@id":"https:\/\/www.retaildetail.be\/fr\/news\/mode\/nouveau-pdg-pour-mud-jeans\/#primaryimage"},"thumbnailUrl":"https:\/\/www.retaildetail.be\/wp-content\/uploads\/2026\/01\/butt_mud_jeans_denim_shorts_summer_women.jpg","datePublished":"2026-01-21T14:30:45+00:00","dateModified":"2026-01-21T14:30:47+00:00","description":"Apr\u00e8s deux ans et demi, la CEO Jolanda Brink quitte Mud Jeans, la marque n\u00e9erlandaise haut de gamme de jeans circulaires.","breadcrumb":{"@id":"https:\/\/www.retaildetail.be\/fr\/news\/mode\/nouveau-pdg-pour-mud-jeans\/#breadcrumb"},"inLanguage":"fr-FR","potentialAction":[{"@type":"ReadAction","target":["https:\/\/www.retaildetail.be\/fr\/news\/mode\/nouveau-pdg-pour-mud-jeans\/"]}]},{"@type":"ImageObject","inLanguage":"fr-FR","@id":"https:\/\/www.retaildetail.be\/fr\/news\/mode\/nouveau-pdg-pour-mud-jeans\/#primaryimage","url":"https:\/\/www.retaildetail.be\/wp-content\/uploads\/2026\/01\/butt_mud_jeans_denim_shorts_summer_women.jpg","contentUrl":"https:\/\/www.retaildetail.be\/wp-content\/uploads\/2026\/01\/butt_mud_jeans_denim_shorts_summer_women.jpg","width":800,"height":600},{"@type":"BreadcrumbList","@id":"https:\/\/www.retaildetail.be\/fr\/news\/mode\/nouveau-pdg-pour-mud-jeans\/#breadcrumb","itemListElement":[{"@type":"ListItem","position":1,"name":"Home","item":"https:\/\/www.retaildetail.be\/fr\/"},{"@type":"ListItem","position":2,"name":"Nouveau CEO pour Mud Jeans"}]},{"@type":"WebSite","@id":"https:\/\/www.retaildetail.be\/nl\/#website","url":"https:\/\/www.retaildetail.be\/nl\/","name":"RetailDetail BE","description":"News","publisher":{"@id":"https:\/\/www.retaildetail.be\/nl\/#organization"},"potentialAction":[{"@type":"SearchAction","target":{"@type":"EntryPoint","urlTemplate":"https:\/\/www.retaildetail.be\/nl\/?s={search_term_string}"},"query-input":{"@type":"PropertyValueSpecification","valueRequired":true,"valueName":"search_term_string"}}],"inLanguage":"fr-FR"},{"@type":"Organization","@id":"https:\/\/www.retaildetail.be\/nl\/#organization","name":"RetailDetail BE","url":"https:\/\/www.retaildetail.be\/nl\/","logo":{"@type":"ImageObject","inLanguage":"fr-FR","@id":"https:\/\/www.retaildetail.be\/nl\/#\/schema\/logo\/image\/","url":"https:\/\/www.retaildetail.be\/wp-content\/uploads\/2022\/04\/logo.svg","contentUrl":"https:\/\/www.retaildetail.be\/wp-content\/uploads\/2022\/04\/logo.svg","width":131,"height":70,"caption":"RetailDetail BE"},"image":{"@id":"https:\/\/www.retaildetail.be\/nl\/#\/schema\/logo\/image\/"}},{"@type":"Person","@id":"https:\/\/www.retaildetail.be\/nl\/#\/schema\/person\/51aec6069c4416aa2f68b2e4ff3455df","name":"Stefan Van Rompaey","image":{"@type":"ImageObject","inLanguage":"fr-FR","@id":"https:\/\/secure.gravatar.com\/avatar\/fbbb4a80a0f109888b2a5ab8ae255617499ecde533749b3ab2fa6c23b5d65dac?s=96&d=mm&r=g","url":"https:\/\/secure.gravatar.com\/avatar\/fbbb4a80a0f109888b2a5ab8ae255617499ecde533749b3ab2fa6c23b5d65dac?s=96&d=mm&r=g","contentUrl":"https:\/\/secure.gravatar.com\/avatar\/fbbb4a80a0f109888b2a5ab8ae255617499ecde533749b3ab2fa6c23b5d65dac?s=96&d=mm&r=g","caption":"Stefan Van Rompaey"},"url":"https:\/\/www.retaildetail.be\/fr\/author\/stefanvanrompaey\/"}]}},"jetpack_featured_media_url":"https:\/\/www.retaildetail.be\/wp-content\/uploads\/2026\/01\/butt_mud_jeans_denim_shorts_summer_women.jpg","jetpack_sharing_enabled":true,"_links":{"self":[{"href":"https:\/\/www.retaildetail.be\/fr\/wp-json\/wp\/v2\/posts\/140363","targetHints":{"allow":["GET"]}}],"collection":[{"href":"https:\/\/www.retaildetail.be\/fr\/wp-json\/wp\/v2\/posts"}],"about":[{"href":"https:\/\/www.retaildetail.be\/fr\/wp-json\/wp\/v2\/types\/post"}],"author":[{"embeddable":true,"href":"https:\/\/www.retaildetail.be\/fr\/wp-json\/wp\/v2\/users\/3"}],"replies":[{"embeddable":true,"href":"https:\/\/www.retaildetail.be\/fr\/wp-json\/wp\/v2\/comments?post=140363"}],"version-history":[{"count":1,"href":"https:\/\/www.retaildetail.be\/fr\/wp-json\/wp\/v2\/posts\/140363\/revisions"}],"predecessor-version":[{"id":140366,"href":"https:\/\/www.retaildetail.be\/fr\/wp-json\/wp\/v2\/posts\/140363\/revisions\/140366"}],"wp:featuredmedia":[{"embeddable":true,"href":"https:\/\/www.retaildetail.be\/fr\/wp-json\/wp\/v2\/media\/140364"}],"wp:attachment":[{"href":"https:\/\/www.retaildetail.be\/fr\/wp-json\/wp\/v2\/media?parent=140363"}],"wp:term":[{"taxonomy":"category","embeddable":true,"href":"https:\/\/www.retaildetail.be\/fr\/wp-json\/wp\/v2\/categories?post=140363"},{"taxonomy":"post_tag","embeddable":true,"href":"https:\/\/www.retaildetail.be\/fr\/wp-json\/wp\/v2\/tags?post=140363"},{"taxonomy":"people","embeddable":true,"href":"https:\/\/www.retaildetail.be\/fr\/wp-json\/wp\/v2\/people?post=140363"},{"taxonomy":"extra","embeddable":true,"href":"https:\/\/www.retaildetail.be\/fr\/wp-json\/wp\/v2\/extra?post=140363"},{"taxonomy":"company","embeddable":true,"href":"https:\/\/www.retaildetail.be\/fr\/wp-json\/wp\/v2\/company?post=140363"},{"taxonomy":"topic","embeddable":true,"href":"https:\/\/www.retaildetail.be\/fr\/wp-json\/wp\/v2\/topic?post=140363"},{"taxonomy":"region","embeddable":true,"href":"https:\/\/www.retaildetail.be\/fr\/wp-json\/wp\/v2\/region?post=140363"}],"curies":[{"name":"wp","href":"https:\/\/api.w.org\/{rel}","templated":true}]}}