{"id":140370,"date":"2026-01-21T15:49:00","date_gmt":"2026-01-21T14:49:00","guid":{"rendered":"https:\/\/www.retaildetail.be\/?p=140370"},"modified":"2026-02-02T14:40:31","modified_gmt":"2026-02-02T13:40:31","slug":"birkenstock-craint-limpact-des-droits-dimportation","status":"publish","type":"post","link":"https:\/\/www.retaildetail.be\/fr\/news\/mode\/birkenstock-craint-limpact-des-droits-dimportation\/","title":{"rendered":"Birkenstock craint l&rsquo;impact des droits d&rsquo;importation"},"content":{"rendered":"\n<p><strong>Birkenstock <\/strong>pr\u00e9voit que les droits d&rsquo;importation p\u00e8seront plus lourdement sur l&rsquo;exercice 2026 qu&rsquo;en 2025. L&rsquo;ann\u00e9e derni\u00e8re, le fabricant de chaussures a att\u00e9nu\u00e9 l&rsquo;impact en augmentant ses prix et en exp\u00e9diant une grande partie de ses marchandises avant les hausses tarifaires.<\/p>\n\n\n\n<h2 class=\"wp-block-heading\">Les hausses de prix ne suffisent pas<\/h2>\n\n\n\n<p>Pour 2026, Birkenstock table sur une baisse d&rsquo;environ 100 points de base de la marge brute et de l&rsquo;EBITDA en raison des droits d&rsquo;importation suppl\u00e9mentaires, a d\u00e9clar\u00e9 le directeur financier Ivica Krolo dans un commentaire sur les r\u00e9sultats trimestriels. L&rsquo;entreprise souhaite compenser une grande partie de cet impact par des ajustements de prix, mais la hausse des prix ne suffit pas \u00e0 prot\u00e9ger enti\u00e8rement les marges.<\/p>\n\n\n\n<p>Si l&rsquo;entreprise compense une taxe \u00e0 l&rsquo;importation de 10 dollars am\u00e9ricains (9,20 euros) sur une chaussure de 100 dollars (92,00 euros) par une augmentation de prix \u00e9quivalente, la marge brute sur ce produit passera de 60 % \u00e0 54,5 %. Pour maintenir la marge plus \u00e9lev\u00e9e, le prix devrait augmenter de 25 dollars (23,00 euros), ce qui porterait le b\u00e9n\u00e9fice brut \u00e0 75 dollars am\u00e9ricains (69,00 euros).<\/p>\n\n\n\n<p>\u00ab L&rsquo;augmentation de prix devrait \u00eatre 2,5 fois sup\u00e9rieure aux tarifs \u00bb, a d\u00e9clar\u00e9 M. Krolo. \u00ab Ce n&rsquo;est pas quelque chose que nous ferions subir \u00e0 nos clients, car nous sommes une marque d\u00e9mocratique. \u00bb Au lieu de cela, l&rsquo;entreprise limite l&rsquo;impact sur la marge brute par des ajustements de prix cibl\u00e9s, une production plus efficace, une meilleure logistique et des conditions plus favorables avec les fournisseurs au sein de la cha\u00eene verticalement int\u00e9gr\u00e9e. De plus, la part croissante de l&rsquo;activit\u00e9 dans la r\u00e9gion Asie-Pacifique r\u00e9duira \u00e0 long terme l&rsquo;exposition au dollar am\u00e9ricain et au r\u00e9gime tarifaire am\u00e9ricain.<\/p>\n\n\n\n<p><\/p>\n","protected":false},"excerpt":{"rendered":"<p>Birkenstock pr\u00e9voit que les droits d&rsquo;importation p\u00e8seront plus lourdement dans l&rsquo;exercice 2026 qu&rsquo;en 2025. L&rsquo;ann\u00e9e derni\u00e8re, le fabricant de chaussures a att\u00e9nu\u00e9 l&rsquo;impact en augmentant ses prix et en exp\u00e9diant une grande partie de ses marchandises avant les hausses tarifaires.<\/p>\n","protected":false},"author":10,"featured_media":140371,"comment_status":"closed","ping_status":"closed","sticky":false,"template":"","format":"standard","meta":{"_acf_changed":false,"inline_featured_image":false,"_jetpack_memberships_contains_paid_content":false,"footnotes":""},"categories":[14,22],"tags":[],"people":[],"extra":[43],"company":[1379],"topic":[266],"region":[],"class_list":{"0":"post-140370","1":"post","2":"type-post","3":"status-publish","4":"format-standard","5":"has-post-thumbnail","6":"hentry","7":"category-mode","9":"extra-plus","10":"company-birkenstock","11":"topic-resultats-financiers"},"acf":[],"yoast_head":"<!-- This site is optimized with the Yoast SEO plugin v27.3 - https:\/\/yoast.com\/product\/yoast-seo-wordpress\/ -->\n<title>Birkenstock craint l&#039;impact des droits d&#039;importation - RetailDetail BE<\/title>\n<meta name=\"description\" content=\"Birkenstock pr\u00e9voit que les droits d&#039;importation p\u00e8seront plus lourdement sur l&#039;exercice 2026 qu&#039;en 2025.\" \/>\n<meta name=\"robots\" content=\"index, follow, max-snippet:-1, max-image-preview:large, max-video-preview:-1\" \/>\n<link rel=\"canonical\" href=\"https:\/\/www.retaildetail.be\/fr\/news\/mode\/birkenstock-craint-limpact-des-droits-dimportation\/\" \/>\n<meta property=\"og:locale\" content=\"fr_FR\" \/>\n<meta property=\"og:type\" content=\"article\" \/>\n<meta property=\"og:title\" content=\"Birkenstock craint l&#039;impact des droits d&#039;importation - RetailDetail BE\" \/>\n<meta property=\"og:description\" content=\"Birkenstock pr\u00e9voit que les droits d&#039;importation p\u00e8seront plus lourdement sur l&#039;exercice 2026 qu&#039;en 2025.\" \/>\n<meta property=\"og:url\" content=\"https:\/\/www.retaildetail.be\/fr\/news\/mode\/birkenstock-craint-limpact-des-droits-dimportation\/\" \/>\n<meta property=\"og:site_name\" content=\"RetailDetail BE\" \/>\n<meta property=\"article:published_time\" content=\"2026-01-21T14:49:00+00:00\" \/>\n<meta property=\"article:modified_time\" content=\"2026-02-02T13:40:31+00:00\" \/>\n<meta property=\"og:image\" content=\"https:\/\/www.retaildetail.be\/wp-content\/uploads\/2026\/01\/shutterstock_2371028517.jpg\" \/>\n\t<meta property=\"og:image:width\" content=\"1000\" \/>\n\t<meta property=\"og:image:height\" content=\"667\" \/>\n\t<meta property=\"og:image:type\" content=\"image\/jpeg\" \/>\n<meta name=\"author\" content=\"Jorg Snoeck\" \/>\n<meta name=\"twitter:card\" content=\"summary_large_image\" \/>\n<meta name=\"twitter:label1\" content=\"\u00c9crit par\" \/>\n\t<meta name=\"twitter:data1\" content=\"Jorg Snoeck\" \/>\n\t<meta name=\"twitter:label2\" content=\"Dur\u00e9e de lecture estim\u00e9e\" \/>\n\t<meta name=\"twitter:data2\" content=\"1 minute\" \/>\n<script type=\"application\/ld+json\" class=\"yoast-schema-graph\">{\"@context\":\"https:\\\/\\\/schema.org\",\"@graph\":[{\"@type\":\"NewsArticle\",\"@id\":\"https:\\\/\\\/www.retaildetail.be\\\/fr\\\/news\\\/mode\\\/birkenstock-craint-limpact-des-droits-dimportation\\\/#article\",\"isPartOf\":{\"@id\":\"https:\\\/\\\/www.retaildetail.be\\\/fr\\\/news\\\/mode\\\/birkenstock-craint-limpact-des-droits-dimportation\\\/\"},\"author\":{\"name\":\"Jorg Snoeck\",\"@id\":\"https:\\\/\\\/www.retaildetail.be\\\/nl\\\/#\\\/schema\\\/person\\\/71d9b89376db00e9b1aa8a2841e71a72\"},\"headline\":\"Birkenstock craint l&rsquo;impact des droits d&rsquo;importation\",\"datePublished\":\"2026-01-21T14:49:00+00:00\",\"dateModified\":\"2026-02-02T13:40:31+00:00\",\"mainEntityOfPage\":{\"@id\":\"https:\\\/\\\/www.retaildetail.be\\\/fr\\\/news\\\/mode\\\/birkenstock-craint-limpact-des-droits-dimportation\\\/\"},\"wordCount\":305,\"publisher\":{\"@id\":\"https:\\\/\\\/www.retaildetail.be\\\/nl\\\/#organization\"},\"image\":{\"@id\":\"https:\\\/\\\/www.retaildetail.be\\\/fr\\\/news\\\/mode\\\/birkenstock-craint-limpact-des-droits-dimportation\\\/#primaryimage\"},\"thumbnailUrl\":\"https:\\\/\\\/www.retaildetail.be\\\/wp-content\\\/uploads\\\/2026\\\/01\\\/shutterstock_2371028517.jpg\",\"articleSection\":[\"Mode\",\"Mode\"],\"inLanguage\":\"fr-FR\",\"copyrightYear\":\"2026\",\"copyrightHolder\":{\"@id\":\"https:\\\/\\\/www.retaildetail.be\\\/#organization\"}},{\"@type\":\"WebPage\",\"@id\":\"https:\\\/\\\/www.retaildetail.be\\\/fr\\\/news\\\/mode\\\/birkenstock-craint-limpact-des-droits-dimportation\\\/\",\"url\":\"https:\\\/\\\/www.retaildetail.be\\\/fr\\\/news\\\/mode\\\/birkenstock-craint-limpact-des-droits-dimportation\\\/\",\"name\":\"Birkenstock craint l'impact des droits d'importation - RetailDetail BE\",\"isPartOf\":{\"@id\":\"https:\\\/\\\/www.retaildetail.be\\\/nl\\\/#website\"},\"primaryImageOfPage\":{\"@id\":\"https:\\\/\\\/www.retaildetail.be\\\/fr\\\/news\\\/mode\\\/birkenstock-craint-limpact-des-droits-dimportation\\\/#primaryimage\"},\"image\":{\"@id\":\"https:\\\/\\\/www.retaildetail.be\\\/fr\\\/news\\\/mode\\\/birkenstock-craint-limpact-des-droits-dimportation\\\/#primaryimage\"},\"thumbnailUrl\":\"https:\\\/\\\/www.retaildetail.be\\\/wp-content\\\/uploads\\\/2026\\\/01\\\/shutterstock_2371028517.jpg\",\"datePublished\":\"2026-01-21T14:49:00+00:00\",\"dateModified\":\"2026-02-02T13:40:31+00:00\",\"description\":\"Birkenstock pr\u00e9voit que les droits d'importation p\u00e8seront plus lourdement sur l'exercice 2026 qu'en 2025.\",\"breadcrumb\":{\"@id\":\"https:\\\/\\\/www.retaildetail.be\\\/fr\\\/news\\\/mode\\\/birkenstock-craint-limpact-des-droits-dimportation\\\/#breadcrumb\"},\"inLanguage\":\"fr-FR\",\"potentialAction\":[{\"@type\":\"ReadAction\",\"target\":[\"https:\\\/\\\/www.retaildetail.be\\\/fr\\\/news\\\/mode\\\/birkenstock-craint-limpact-des-droits-dimportation\\\/\"]}]},{\"@type\":\"ImageObject\",\"inLanguage\":\"fr-FR\",\"@id\":\"https:\\\/\\\/www.retaildetail.be\\\/fr\\\/news\\\/mode\\\/birkenstock-craint-limpact-des-droits-dimportation\\\/#primaryimage\",\"url\":\"https:\\\/\\\/www.retaildetail.be\\\/wp-content\\\/uploads\\\/2026\\\/01\\\/shutterstock_2371028517.jpg\",\"contentUrl\":\"https:\\\/\\\/www.retaildetail.be\\\/wp-content\\\/uploads\\\/2026\\\/01\\\/shutterstock_2371028517.jpg\",\"width\":1000,\"height\":667,\"caption\":\"\u00a9 Shutterstock.com\"},{\"@type\":\"BreadcrumbList\",\"@id\":\"https:\\\/\\\/www.retaildetail.be\\\/fr\\\/news\\\/mode\\\/birkenstock-craint-limpact-des-droits-dimportation\\\/#breadcrumb\",\"itemListElement\":[{\"@type\":\"ListItem\",\"position\":1,\"name\":\"Home\",\"item\":\"https:\\\/\\\/www.retaildetail.be\\\/fr\\\/\"},{\"@type\":\"ListItem\",\"position\":2,\"name\":\"Birkenstock craint l&#8217;impact des droits d&#8217;importation\"}]},{\"@type\":\"WebSite\",\"@id\":\"https:\\\/\\\/www.retaildetail.be\\\/nl\\\/#website\",\"url\":\"https:\\\/\\\/www.retaildetail.be\\\/nl\\\/\",\"name\":\"RetailDetail BE\",\"description\":\"News\",\"publisher\":{\"@id\":\"https:\\\/\\\/www.retaildetail.be\\\/nl\\\/#organization\"},\"potentialAction\":[{\"@type\":\"SearchAction\",\"target\":{\"@type\":\"EntryPoint\",\"urlTemplate\":\"https:\\\/\\\/www.retaildetail.be\\\/nl\\\/?s={search_term_string}\"},\"query-input\":{\"@type\":\"PropertyValueSpecification\",\"valueRequired\":true,\"valueName\":\"search_term_string\"}}],\"inLanguage\":\"fr-FR\"},{\"@type\":\"Organization\",\"@id\":\"https:\\\/\\\/www.retaildetail.be\\\/nl\\\/#organization\",\"name\":\"RetailDetail BE\",\"url\":\"https:\\\/\\\/www.retaildetail.be\\\/nl\\\/\",\"logo\":{\"@type\":\"ImageObject\",\"inLanguage\":\"fr-FR\",\"@id\":\"https:\\\/\\\/www.retaildetail.be\\\/nl\\\/#\\\/schema\\\/logo\\\/image\\\/\",\"url\":\"https:\\\/\\\/www.retaildetail.be\\\/wp-content\\\/uploads\\\/2022\\\/04\\\/logo.svg\",\"contentUrl\":\"https:\\\/\\\/www.retaildetail.be\\\/wp-content\\\/uploads\\\/2022\\\/04\\\/logo.svg\",\"width\":131,\"height\":70,\"caption\":\"RetailDetail BE\"},\"image\":{\"@id\":\"https:\\\/\\\/www.retaildetail.be\\\/nl\\\/#\\\/schema\\\/logo\\\/image\\\/\"}},{\"@type\":\"Person\",\"@id\":\"https:\\\/\\\/www.retaildetail.be\\\/nl\\\/#\\\/schema\\\/person\\\/71d9b89376db00e9b1aa8a2841e71a72\",\"name\":\"Jorg Snoeck\",\"image\":{\"@type\":\"ImageObject\",\"inLanguage\":\"fr-FR\",\"@id\":\"https:\\\/\\\/secure.gravatar.com\\\/avatar\\\/fc1bd94c7d40f2446e6bf778bb34cf9ab000168f63533cec8e072f4ad96ce7f3?s=96&d=mm&r=g\",\"url\":\"https:\\\/\\\/secure.gravatar.com\\\/avatar\\\/fc1bd94c7d40f2446e6bf778bb34cf9ab000168f63533cec8e072f4ad96ce7f3?s=96&d=mm&r=g\",\"contentUrl\":\"https:\\\/\\\/secure.gravatar.com\\\/avatar\\\/fc1bd94c7d40f2446e6bf778bb34cf9ab000168f63533cec8e072f4ad96ce7f3?s=96&d=mm&r=g\",\"caption\":\"Jorg Snoeck\"},\"url\":\"https:\\\/\\\/www.retaildetail.be\\\/fr\\\/author\\\/jorgsnoeck\\\/\"}]}<\/script>\n<!-- \/ Yoast SEO plugin. -->","yoast_head_json":{"title":"Birkenstock craint l'impact des droits d'importation - RetailDetail BE","description":"Birkenstock pr\u00e9voit que les droits d'importation p\u00e8seront plus lourdement sur l'exercice 2026 qu'en 2025.","robots":{"index":"index","follow":"follow","max-snippet":"max-snippet:-1","max-image-preview":"max-image-preview:large","max-video-preview":"max-video-preview:-1"},"canonical":"https:\/\/www.retaildetail.be\/fr\/news\/mode\/birkenstock-craint-limpact-des-droits-dimportation\/","og_locale":"fr_FR","og_type":"article","og_title":"Birkenstock craint l'impact des droits d'importation - RetailDetail BE","og_description":"Birkenstock pr\u00e9voit que les droits d'importation p\u00e8seront plus lourdement sur l'exercice 2026 qu'en 2025.","og_url":"https:\/\/www.retaildetail.be\/fr\/news\/mode\/birkenstock-craint-limpact-des-droits-dimportation\/","og_site_name":"RetailDetail BE","article_published_time":"2026-01-21T14:49:00+00:00","article_modified_time":"2026-02-02T13:40:31+00:00","og_image":[{"width":1000,"height":667,"url":"https:\/\/www.retaildetail.be\/wp-content\/uploads\/2026\/01\/shutterstock_2371028517.jpg","type":"image\/jpeg"}],"author":"Jorg Snoeck","twitter_card":"summary_large_image","twitter_misc":{"\u00c9crit par":"Jorg Snoeck","Dur\u00e9e de lecture estim\u00e9e":"1 minute"},"schema":{"@context":"https:\/\/schema.org","@graph":[{"@type":"NewsArticle","@id":"https:\/\/www.retaildetail.be\/fr\/news\/mode\/birkenstock-craint-limpact-des-droits-dimportation\/#article","isPartOf":{"@id":"https:\/\/www.retaildetail.be\/fr\/news\/mode\/birkenstock-craint-limpact-des-droits-dimportation\/"},"author":{"name":"Jorg Snoeck","@id":"https:\/\/www.retaildetail.be\/nl\/#\/schema\/person\/71d9b89376db00e9b1aa8a2841e71a72"},"headline":"Birkenstock craint l&rsquo;impact des droits d&rsquo;importation","datePublished":"2026-01-21T14:49:00+00:00","dateModified":"2026-02-02T13:40:31+00:00","mainEntityOfPage":{"@id":"https:\/\/www.retaildetail.be\/fr\/news\/mode\/birkenstock-craint-limpact-des-droits-dimportation\/"},"wordCount":305,"publisher":{"@id":"https:\/\/www.retaildetail.be\/nl\/#organization"},"image":{"@id":"https:\/\/www.retaildetail.be\/fr\/news\/mode\/birkenstock-craint-limpact-des-droits-dimportation\/#primaryimage"},"thumbnailUrl":"https:\/\/www.retaildetail.be\/wp-content\/uploads\/2026\/01\/shutterstock_2371028517.jpg","articleSection":["Mode","Mode"],"inLanguage":"fr-FR","copyrightYear":"2026","copyrightHolder":{"@id":"https:\/\/www.retaildetail.be\/#organization"}},{"@type":"WebPage","@id":"https:\/\/www.retaildetail.be\/fr\/news\/mode\/birkenstock-craint-limpact-des-droits-dimportation\/","url":"https:\/\/www.retaildetail.be\/fr\/news\/mode\/birkenstock-craint-limpact-des-droits-dimportation\/","name":"Birkenstock craint l'impact des droits d'importation - RetailDetail BE","isPartOf":{"@id":"https:\/\/www.retaildetail.be\/nl\/#website"},"primaryImageOfPage":{"@id":"https:\/\/www.retaildetail.be\/fr\/news\/mode\/birkenstock-craint-limpact-des-droits-dimportation\/#primaryimage"},"image":{"@id":"https:\/\/www.retaildetail.be\/fr\/news\/mode\/birkenstock-craint-limpact-des-droits-dimportation\/#primaryimage"},"thumbnailUrl":"https:\/\/www.retaildetail.be\/wp-content\/uploads\/2026\/01\/shutterstock_2371028517.jpg","datePublished":"2026-01-21T14:49:00+00:00","dateModified":"2026-02-02T13:40:31+00:00","description":"Birkenstock pr\u00e9voit que les droits d'importation p\u00e8seront plus lourdement sur l'exercice 2026 qu'en 2025.","breadcrumb":{"@id":"https:\/\/www.retaildetail.be\/fr\/news\/mode\/birkenstock-craint-limpact-des-droits-dimportation\/#breadcrumb"},"inLanguage":"fr-FR","potentialAction":[{"@type":"ReadAction","target":["https:\/\/www.retaildetail.be\/fr\/news\/mode\/birkenstock-craint-limpact-des-droits-dimportation\/"]}]},{"@type":"ImageObject","inLanguage":"fr-FR","@id":"https:\/\/www.retaildetail.be\/fr\/news\/mode\/birkenstock-craint-limpact-des-droits-dimportation\/#primaryimage","url":"https:\/\/www.retaildetail.be\/wp-content\/uploads\/2026\/01\/shutterstock_2371028517.jpg","contentUrl":"https:\/\/www.retaildetail.be\/wp-content\/uploads\/2026\/01\/shutterstock_2371028517.jpg","width":1000,"height":667,"caption":"\u00a9 Shutterstock.com"},{"@type":"BreadcrumbList","@id":"https:\/\/www.retaildetail.be\/fr\/news\/mode\/birkenstock-craint-limpact-des-droits-dimportation\/#breadcrumb","itemListElement":[{"@type":"ListItem","position":1,"name":"Home","item":"https:\/\/www.retaildetail.be\/fr\/"},{"@type":"ListItem","position":2,"name":"Birkenstock craint l&#8217;impact des droits d&#8217;importation"}]},{"@type":"WebSite","@id":"https:\/\/www.retaildetail.be\/nl\/#website","url":"https:\/\/www.retaildetail.be\/nl\/","name":"RetailDetail BE","description":"News","publisher":{"@id":"https:\/\/www.retaildetail.be\/nl\/#organization"},"potentialAction":[{"@type":"SearchAction","target":{"@type":"EntryPoint","urlTemplate":"https:\/\/www.retaildetail.be\/nl\/?s={search_term_string}"},"query-input":{"@type":"PropertyValueSpecification","valueRequired":true,"valueName":"search_term_string"}}],"inLanguage":"fr-FR"},{"@type":"Organization","@id":"https:\/\/www.retaildetail.be\/nl\/#organization","name":"RetailDetail BE","url":"https:\/\/www.retaildetail.be\/nl\/","logo":{"@type":"ImageObject","inLanguage":"fr-FR","@id":"https:\/\/www.retaildetail.be\/nl\/#\/schema\/logo\/image\/","url":"https:\/\/www.retaildetail.be\/wp-content\/uploads\/2022\/04\/logo.svg","contentUrl":"https:\/\/www.retaildetail.be\/wp-content\/uploads\/2022\/04\/logo.svg","width":131,"height":70,"caption":"RetailDetail BE"},"image":{"@id":"https:\/\/www.retaildetail.be\/nl\/#\/schema\/logo\/image\/"}},{"@type":"Person","@id":"https:\/\/www.retaildetail.be\/nl\/#\/schema\/person\/71d9b89376db00e9b1aa8a2841e71a72","name":"Jorg Snoeck","image":{"@type":"ImageObject","inLanguage":"fr-FR","@id":"https:\/\/secure.gravatar.com\/avatar\/fc1bd94c7d40f2446e6bf778bb34cf9ab000168f63533cec8e072f4ad96ce7f3?s=96&d=mm&r=g","url":"https:\/\/secure.gravatar.com\/avatar\/fc1bd94c7d40f2446e6bf778bb34cf9ab000168f63533cec8e072f4ad96ce7f3?s=96&d=mm&r=g","contentUrl":"https:\/\/secure.gravatar.com\/avatar\/fc1bd94c7d40f2446e6bf778bb34cf9ab000168f63533cec8e072f4ad96ce7f3?s=96&d=mm&r=g","caption":"Jorg Snoeck"},"url":"https:\/\/www.retaildetail.be\/fr\/author\/jorgsnoeck\/"}]}},"jetpack_featured_media_url":"https:\/\/www.retaildetail.be\/wp-content\/uploads\/2026\/01\/shutterstock_2371028517.jpg","jetpack_sharing_enabled":true,"_links":{"self":[{"href":"https:\/\/www.retaildetail.be\/fr\/wp-json\/wp\/v2\/posts\/140370","targetHints":{"allow":["GET"]}}],"collection":[{"href":"https:\/\/www.retaildetail.be\/fr\/wp-json\/wp\/v2\/posts"}],"about":[{"href":"https:\/\/www.retaildetail.be\/fr\/wp-json\/wp\/v2\/types\/post"}],"author":[{"embeddable":true,"href":"https:\/\/www.retaildetail.be\/fr\/wp-json\/wp\/v2\/users\/10"}],"replies":[{"embeddable":true,"href":"https:\/\/www.retaildetail.be\/fr\/wp-json\/wp\/v2\/comments?post=140370"}],"version-history":[{"count":1,"href":"https:\/\/www.retaildetail.be\/fr\/wp-json\/wp\/v2\/posts\/140370\/revisions"}],"predecessor-version":[{"id":140373,"href":"https:\/\/www.retaildetail.be\/fr\/wp-json\/wp\/v2\/posts\/140370\/revisions\/140373"}],"wp:featuredmedia":[{"embeddable":true,"href":"https:\/\/www.retaildetail.be\/fr\/wp-json\/wp\/v2\/media\/140371"}],"wp:attachment":[{"href":"https:\/\/www.retaildetail.be\/fr\/wp-json\/wp\/v2\/media?parent=140370"}],"wp:term":[{"taxonomy":"category","embeddable":true,"href":"https:\/\/www.retaildetail.be\/fr\/wp-json\/wp\/v2\/categories?post=140370"},{"taxonomy":"post_tag","embeddable":true,"href":"https:\/\/www.retaildetail.be\/fr\/wp-json\/wp\/v2\/tags?post=140370"},{"taxonomy":"people","embeddable":true,"href":"https:\/\/www.retaildetail.be\/fr\/wp-json\/wp\/v2\/people?post=140370"},{"taxonomy":"extra","embeddable":true,"href":"https:\/\/www.retaildetail.be\/fr\/wp-json\/wp\/v2\/extra?post=140370"},{"taxonomy":"company","embeddable":true,"href":"https:\/\/www.retaildetail.be\/fr\/wp-json\/wp\/v2\/company?post=140370"},{"taxonomy":"topic","embeddable":true,"href":"https:\/\/www.retaildetail.be\/fr\/wp-json\/wp\/v2\/topic?post=140370"},{"taxonomy":"region","embeddable":true,"href":"https:\/\/www.retaildetail.be\/fr\/wp-json\/wp\/v2\/region?post=140370"}],"curies":[{"name":"wp","href":"https:\/\/api.w.org\/{rel}","templated":true}]}}