{"id":140416,"date":"2026-01-22T12:37:56","date_gmt":"2026-01-22T11:37:56","guid":{"rendered":"https:\/\/www.retaildetail.be\/?p=140416"},"modified":"2026-02-02T14:40:57","modified_gmt":"2026-02-02T13:40:57","slug":"en-images-delhaize-entame-une-phase-de-croissance-sur-le-site-cora-a-anderlecht","status":"publish","type":"post","link":"https:\/\/www.retaildetail.be\/fr\/news\/food\/en-images-delhaize-entame-une-phase-de-croissance-sur-le-site-cora-a-anderlecht\/","title":{"rendered":"[En images] Delhaize entame une pouss\u00e9e de croissance sur le site Cora \u00e0 Anderlecht"},"content":{"rendered":"\n<div class=\"wp-block-jetpack-slideshow aligncenter\" data-effect=\"slide\" style=\"--aspect-ratio:calc(1024 \/ 768)\"><div class=\"wp-block-jetpack-slideshow_container swiper\"><ul class=\"wp-block-jetpack-slideshow_swiper-wrapper swiper-wrapper\"><li class=\"wp-block-jetpack-slideshow_slide swiper-slide\"><figure><img loading=\"lazy\" decoding=\"async\" width=\"1024\" height=\"768\" alt=\"\" class=\"wp-block-jetpack-slideshow_image wp-image-140386\" data-id=\"140386\" data-aspect-ratio=\"1024 \/ 768\" src=\"https:\/\/www.retaildetail.be\/wp-content\/uploads\/2026\/01\/IMG_4950-1024x768.jpeg\" srcset=\"https:\/\/www.retaildetail.be\/wp-content\/uploads\/2026\/01\/IMG_4950-1024x768.jpeg 1024w, https:\/\/www.retaildetail.be\/wp-content\/uploads\/2026\/01\/IMG_4950-300x225.jpeg 300w, https:\/\/www.retaildetail.be\/wp-content\/uploads\/2026\/01\/IMG_4950-768x576.jpeg 768w, https:\/\/www.retaildetail.be\/wp-content\/uploads\/2026\/01\/IMG_4950-1536x1152.jpeg 1536w, https:\/\/www.retaildetail.be\/wp-content\/uploads\/2026\/01\/IMG_4950.jpeg 2016w\" sizes=\"(max-width: 1024px) 100vw, 1024px\" \/><figcaption class=\"wp-block-jetpack-slideshow_caption gallery-caption\">\u00a9 RetailDetail <\/figcaption><\/figure><\/li><li class=\"wp-block-jetpack-slideshow_slide swiper-slide\"><figure><img loading=\"lazy\" decoding=\"async\" width=\"1024\" height=\"707\" alt=\"\" class=\"wp-block-jetpack-slideshow_image wp-image-140413\" data-id=\"140413\" data-aspect-ratio=\"1024 \/ 707\" src=\"https:\/\/www.retaildetail.be\/wp-content\/uploads\/2026\/01\/delhaize-4971-1024x707.jpg\" srcset=\"https:\/\/www.retaildetail.be\/wp-content\/uploads\/2026\/01\/delhaize-4971-1024x707.jpg 1024w, https:\/\/www.retaildetail.be\/wp-content\/uploads\/2026\/01\/delhaize-4971-300x207.jpg 300w, https:\/\/www.retaildetail.be\/wp-content\/uploads\/2026\/01\/delhaize-4971-768x530.jpg 768w, https:\/\/www.retaildetail.be\/wp-content\/uploads\/2026\/01\/delhaize-4971-405x280.jpg 405w, https:\/\/www.retaildetail.be\/wp-content\/uploads\/2026\/01\/delhaize-4971.jpg 1285w\" sizes=\"(max-width: 1024px) 100vw, 1024px\" \/><figcaption class=\"wp-block-jetpack-slideshow_caption gallery-caption\">\u00a9 RetailDetail <\/figcaption><\/figure><\/li><li class=\"wp-block-jetpack-slideshow_slide swiper-slide\"><figure><img loading=\"lazy\" decoding=\"async\" width=\"1024\" height=\"768\" alt=\"\" class=\"wp-block-jetpack-slideshow_image wp-image-140400\" data-id=\"140400\" data-aspect-ratio=\"1024 \/ 768\" src=\"https:\/\/www.retaildetail.be\/wp-content\/uploads\/2026\/01\/IMG_4965-1024x768.jpeg\" srcset=\"https:\/\/www.retaildetail.be\/wp-content\/uploads\/2026\/01\/IMG_4965-1024x768.jpeg 1024w, https:\/\/www.retaildetail.be\/wp-content\/uploads\/2026\/01\/IMG_4965-300x225.jpeg 300w, https:\/\/www.retaildetail.be\/wp-content\/uploads\/2026\/01\/IMG_4965-768x576.jpeg 768w, https:\/\/www.retaildetail.be\/wp-content\/uploads\/2026\/01\/IMG_4965-1536x1152.jpeg 1536w, https:\/\/www.retaildetail.be\/wp-content\/uploads\/2026\/01\/IMG_4965.jpeg 2016w\" sizes=\"(max-width: 1024px) 100vw, 1024px\" \/><figcaption class=\"wp-block-jetpack-slideshow_caption gallery-caption\">\u00a9 RetailDetail <\/figcaption><\/figure><\/li><li class=\"wp-block-jetpack-slideshow_slide swiper-slide\"><figure><img loading=\"lazy\" decoding=\"async\" width=\"1024\" height=\"768\" alt=\"\" class=\"wp-block-jetpack-slideshow_image wp-image-140390\" data-id=\"140390\" data-aspect-ratio=\"1024 \/ 768\" src=\"https:\/\/www.retaildetail.be\/wp-content\/uploads\/2026\/01\/IMG_4955-1024x768.jpeg\" srcset=\"https:\/\/www.retaildetail.be\/wp-content\/uploads\/2026\/01\/IMG_4955-1024x768.jpeg 1024w, https:\/\/www.retaildetail.be\/wp-content\/uploads\/2026\/01\/IMG_4955-300x225.jpeg 300w, https:\/\/www.retaildetail.be\/wp-content\/uploads\/2026\/01\/IMG_4955-768x576.jpeg 768w, https:\/\/www.retaildetail.be\/wp-content\/uploads\/2026\/01\/IMG_4955-1536x1152.jpeg 1536w, https:\/\/www.retaildetail.be\/wp-content\/uploads\/2026\/01\/IMG_4955.jpeg 2016w\" sizes=\"(max-width: 1024px) 100vw, 1024px\" \/><figcaption class=\"wp-block-jetpack-slideshow_caption gallery-caption\">\u00a9 RetailDetail <\/figcaption><\/figure><\/li><li class=\"wp-block-jetpack-slideshow_slide swiper-slide\"><figure><img loading=\"lazy\" decoding=\"async\" width=\"1024\" height=\"768\" alt=\"\" class=\"wp-block-jetpack-slideshow_image wp-image-140408\" data-id=\"140408\" data-aspect-ratio=\"1024 \/ 768\" src=\"https:\/\/www.retaildetail.be\/wp-content\/uploads\/2026\/01\/IMG_4975-1024x768.jpeg\" srcset=\"https:\/\/www.retaildetail.be\/wp-content\/uploads\/2026\/01\/IMG_4975-1024x768.jpeg 1024w, https:\/\/www.retaildetail.be\/wp-content\/uploads\/2026\/01\/IMG_4975-300x225.jpeg 300w, https:\/\/www.retaildetail.be\/wp-content\/uploads\/2026\/01\/IMG_4975-768x576.jpeg 768w, https:\/\/www.retaildetail.be\/wp-content\/uploads\/2026\/01\/IMG_4975-1536x1152.jpeg 1536w, https:\/\/www.retaildetail.be\/wp-content\/uploads\/2026\/01\/IMG_4975.jpeg 2016w\" sizes=\"(max-width: 1024px) 100vw, 1024px\" \/><figcaption class=\"wp-block-jetpack-slideshow_caption gallery-caption\">\u00a9 RetailDetail <\/figcaption><\/figure><\/li><li class=\"wp-block-jetpack-slideshow_slide swiper-slide\"><figure><img loading=\"lazy\" decoding=\"async\" width=\"1024\" height=\"768\" alt=\"\" class=\"wp-block-jetpack-slideshow_image wp-image-140396\" data-id=\"140396\" data-aspect-ratio=\"1024 \/ 768\" src=\"https:\/\/www.retaildetail.be\/wp-content\/uploads\/2026\/01\/IMG_4956-1024x768.jpeg\" srcset=\"https:\/\/www.retaildetail.be\/wp-content\/uploads\/2026\/01\/IMG_4956-1024x768.jpeg 1024w, https:\/\/www.retaildetail.be\/wp-content\/uploads\/2026\/01\/IMG_4956-300x225.jpeg 300w, https:\/\/www.retaildetail.be\/wp-content\/uploads\/2026\/01\/IMG_4956-768x576.jpeg 768w, https:\/\/www.retaildetail.be\/wp-content\/uploads\/2026\/01\/IMG_4956-1536x1152.jpeg 1536w, https:\/\/www.retaildetail.be\/wp-content\/uploads\/2026\/01\/IMG_4956.jpeg 2016w\" sizes=\"(max-width: 1024px) 100vw, 1024px\" \/><figcaption class=\"wp-block-jetpack-slideshow_caption gallery-caption\">\u00a9 RetailDetail <\/figcaption><\/figure><\/li><li class=\"wp-block-jetpack-slideshow_slide swiper-slide\"><figure><img loading=\"lazy\" decoding=\"async\" width=\"768\" height=\"1024\" alt=\"\" class=\"wp-block-jetpack-slideshow_image wp-image-140392\" data-id=\"140392\" data-aspect-ratio=\"768 \/ 1024\" src=\"https:\/\/www.retaildetail.be\/wp-content\/uploads\/2026\/01\/IMG_4958-768x1024.jpeg\" srcset=\"https:\/\/www.retaildetail.be\/wp-content\/uploads\/2026\/01\/IMG_4958-768x1024.jpeg 768w, https:\/\/www.retaildetail.be\/wp-content\/uploads\/2026\/01\/IMG_4958-225x300.jpeg 225w, https:\/\/www.retaildetail.be\/wp-content\/uploads\/2026\/01\/IMG_4958-1152x1536.jpeg 1152w, https:\/\/www.retaildetail.be\/wp-content\/uploads\/2026\/01\/IMG_4958-rotated.jpeg 1512w\" sizes=\"(max-width: 768px) 100vw, 768px\" \/><figcaption class=\"wp-block-jetpack-slideshow_caption gallery-caption\">\u00a9 RetailDetail <\/figcaption><\/figure><\/li><li class=\"wp-block-jetpack-slideshow_slide swiper-slide\"><figure><img loading=\"lazy\" decoding=\"async\" width=\"1024\" height=\"768\" alt=\"\" class=\"wp-block-jetpack-slideshow_image wp-image-140388\" data-id=\"140388\" data-aspect-ratio=\"1024 \/ 768\" src=\"https:\/\/www.retaildetail.be\/wp-content\/uploads\/2026\/01\/IMG_4959-1024x768.jpeg\" srcset=\"https:\/\/www.retaildetail.be\/wp-content\/uploads\/2026\/01\/IMG_4959-1024x768.jpeg 1024w, https:\/\/www.retaildetail.be\/wp-content\/uploads\/2026\/01\/IMG_4959-300x225.jpeg 300w, https:\/\/www.retaildetail.be\/wp-content\/uploads\/2026\/01\/IMG_4959-768x576.jpeg 768w, https:\/\/www.retaildetail.be\/wp-content\/uploads\/2026\/01\/IMG_4959-1536x1152.jpeg 1536w, https:\/\/www.retaildetail.be\/wp-content\/uploads\/2026\/01\/IMG_4959.jpeg 2016w\" sizes=\"(max-width: 1024px) 100vw, 1024px\" \/><figcaption class=\"wp-block-jetpack-slideshow_caption gallery-caption\">\u00a9 RetailDetail <\/figcaption><\/figure><\/li><li class=\"wp-block-jetpack-slideshow_slide swiper-slide\"><figure><img loading=\"lazy\" decoding=\"async\" width=\"1024\" height=\"768\" alt=\"\" class=\"wp-block-jetpack-slideshow_image wp-image-140394\" data-id=\"140394\" data-aspect-ratio=\"1024 \/ 768\" src=\"https:\/\/www.retaildetail.be\/wp-content\/uploads\/2026\/01\/IMG_4963-1024x768.jpeg\" srcset=\"https:\/\/www.retaildetail.be\/wp-content\/uploads\/2026\/01\/IMG_4963-1024x768.jpeg 1024w, https:\/\/www.retaildetail.be\/wp-content\/uploads\/2026\/01\/IMG_4963-300x225.jpeg 300w, https:\/\/www.retaildetail.be\/wp-content\/uploads\/2026\/01\/IMG_4963-768x576.jpeg 768w, https:\/\/www.retaildetail.be\/wp-content\/uploads\/2026\/01\/IMG_4963-1536x1152.jpeg 1536w, https:\/\/www.retaildetail.be\/wp-content\/uploads\/2026\/01\/IMG_4963.jpeg 2016w\" sizes=\"(max-width: 1024px) 100vw, 1024px\" \/><figcaption class=\"wp-block-jetpack-slideshow_caption gallery-caption\">\u00a9 RetailDetail <\/figcaption><\/figure><\/li><li class=\"wp-block-jetpack-slideshow_slide swiper-slide\"><figure><img loading=\"lazy\" decoding=\"async\" width=\"1024\" height=\"768\" alt=\"\" class=\"wp-block-jetpack-slideshow_image wp-image-140410\" data-id=\"140410\" data-aspect-ratio=\"1024 \/ 768\" src=\"https:\/\/www.retaildetail.be\/wp-content\/uploads\/2026\/01\/IMG_4969-1024x768.jpeg\" srcset=\"https:\/\/www.retaildetail.be\/wp-content\/uploads\/2026\/01\/IMG_4969-1024x768.jpeg 1024w, https:\/\/www.retaildetail.be\/wp-content\/uploads\/2026\/01\/IMG_4969-300x225.jpeg 300w, https:\/\/www.retaildetail.be\/wp-content\/uploads\/2026\/01\/IMG_4969-768x576.jpeg 768w, https:\/\/www.retaildetail.be\/wp-content\/uploads\/2026\/01\/IMG_4969-1536x1152.jpeg 1536w, https:\/\/www.retaildetail.be\/wp-content\/uploads\/2026\/01\/IMG_4969.jpeg 2016w\" sizes=\"(max-width: 1024px) 100vw, 1024px\" \/><figcaption class=\"wp-block-jetpack-slideshow_caption gallery-caption\">\u00a9 RetailDetail <\/figcaption><\/figure><\/li><li class=\"wp-block-jetpack-slideshow_slide swiper-slide\"><figure><img loading=\"lazy\" decoding=\"async\" width=\"1024\" height=\"768\" alt=\"\" class=\"wp-block-jetpack-slideshow_image wp-image-140398\" data-id=\"140398\" data-aspect-ratio=\"1024 \/ 768\" src=\"https:\/\/www.retaildetail.be\/wp-content\/uploads\/2026\/01\/IMG_4964-1024x768.jpeg\" srcset=\"https:\/\/www.retaildetail.be\/wp-content\/uploads\/2026\/01\/IMG_4964-1024x768.jpeg 1024w, https:\/\/www.retaildetail.be\/wp-content\/uploads\/2026\/01\/IMG_4964-300x225.jpeg 300w, https:\/\/www.retaildetail.be\/wp-content\/uploads\/2026\/01\/IMG_4964-768x576.jpeg 768w, https:\/\/www.retaildetail.be\/wp-content\/uploads\/2026\/01\/IMG_4964-1536x1152.jpeg 1536w, https:\/\/www.retaildetail.be\/wp-content\/uploads\/2026\/01\/IMG_4964.jpeg 2016w\" sizes=\"(max-width: 1024px) 100vw, 1024px\" \/><figcaption class=\"wp-block-jetpack-slideshow_caption gallery-caption\">\u00a9 RetailDetail <\/figcaption><\/figure><\/li><li class=\"wp-block-jetpack-slideshow_slide swiper-slide\"><figure><img loading=\"lazy\" decoding=\"async\" width=\"1024\" height=\"768\" alt=\"\" class=\"wp-block-jetpack-slideshow_image wp-image-140402\" data-id=\"140402\" data-aspect-ratio=\"1024 \/ 768\" src=\"https:\/\/www.retaildetail.be\/wp-content\/uploads\/2026\/01\/IMG_4966-1024x768.jpeg\" srcset=\"https:\/\/www.retaildetail.be\/wp-content\/uploads\/2026\/01\/IMG_4966-1024x768.jpeg 1024w, https:\/\/www.retaildetail.be\/wp-content\/uploads\/2026\/01\/IMG_4966-300x225.jpeg 300w, https:\/\/www.retaildetail.be\/wp-content\/uploads\/2026\/01\/IMG_4966-768x576.jpeg 768w, https:\/\/www.retaildetail.be\/wp-content\/uploads\/2026\/01\/IMG_4966-1536x1152.jpeg 1536w, https:\/\/www.retaildetail.be\/wp-content\/uploads\/2026\/01\/IMG_4966.jpeg 2016w\" sizes=\"(max-width: 1024px) 100vw, 1024px\" \/><figcaption class=\"wp-block-jetpack-slideshow_caption gallery-caption\">\u00a9 RetailDetail <\/figcaption><\/figure><\/li><li class=\"wp-block-jetpack-slideshow_slide swiper-slide\"><figure><img loading=\"lazy\" decoding=\"async\" width=\"1024\" height=\"768\" alt=\"\" class=\"wp-block-jetpack-slideshow_image wp-image-140404\" data-id=\"140404\" data-aspect-ratio=\"1024 \/ 768\" src=\"https:\/\/www.retaildetail.be\/wp-content\/uploads\/2026\/01\/IMG_4968-1024x768.jpeg\" srcset=\"https:\/\/www.retaildetail.be\/wp-content\/uploads\/2026\/01\/IMG_4968-1024x768.jpeg 1024w, https:\/\/www.retaildetail.be\/wp-content\/uploads\/2026\/01\/IMG_4968-300x225.jpeg 300w, https:\/\/www.retaildetail.be\/wp-content\/uploads\/2026\/01\/IMG_4968-768x576.jpeg 768w, https:\/\/www.retaildetail.be\/wp-content\/uploads\/2026\/01\/IMG_4968-1536x1152.jpeg 1536w, https:\/\/www.retaildetail.be\/wp-content\/uploads\/2026\/01\/IMG_4968.jpeg 2016w\" sizes=\"(max-width: 1024px) 100vw, 1024px\" \/><figcaption class=\"wp-block-jetpack-slideshow_caption gallery-caption\">\u00a9 RetailDetail <\/figcaption><\/figure><\/li><\/ul><a class=\"wp-block-jetpack-slideshow_button-prev swiper-button-prev swiper-button-white\" role=\"button\"><\/a><a class=\"wp-block-jetpack-slideshow_button-next swiper-button-next swiper-button-white\" role=\"button\"><\/a><a aria-label=\"Pause Slideshow\" class=\"wp-block-jetpack-slideshow_button-pause\" role=\"button\"><\/a><div class=\"wp-block-jetpack-slideshow_pagination swiper-pagination swiper-pagination-white\"><\/div><\/div><\/div>\n\n\n\n<p>Jeudi matin, <strong>Delhaize <\/strong>a ouvert un supermarch\u00e9 sur l&rsquo;ancien site<strong> Cora<\/strong> \u00e0 Anderlecht. Il s&rsquo;agit du premier des sept nouveaux magasins qui remplaceront dans les prochains jours la cha\u00eene d&rsquo;hypermarch\u00e9s, qui cesse ses activit\u00e9s.<\/p>\n\n\n\n<h2 class=\"wp-block-heading\">Un tiers d&rsquo;anciens employ\u00e9s de Cora<\/h2>\n\n\n\n<p>D&rsquo;une superficie d&rsquo;environ 2 000 m\u00b2, ce supermarch\u00e9 au look \u00e9pur\u00e9 a ouvert ses portes apr\u00e8s seulement deux mois et demi de travaux de r\u00e9novation, dans une partie de l&rsquo;ancien hypermarch\u00e9 Cora. Il est exploit\u00e9 par Nicolas Dardenne, \u00e9galement co-exploitant de Delhaize Wezembeek. Sur les 39 employ\u00e9s permanents du magasin, 16 proviennent de Cora. Au total, les sept nouveaux magasins cr\u00e9eront environ 300 emplois, dont 180 permanents. En moyenne, un tiers d&rsquo;entre eux seront d&rsquo;anciens employ\u00e9s de Cora.<\/p>\n\n\n\n<p>Ces magasins modernes devraient insuffler une nouvelle dynamique aux centres commerciaux, qui conserveront le nom de Cora Shopping. Des enseignes telles que DreamLand, Dreambaby, Jysk, Kiabi, Extra Shop et Aldi ouvriront \u00e9galement des magasins sur ces sites dans les mois \u00e0 venir.<\/p>\n\n\n\n<h2 class=\"wp-block-heading\">Coup de pouce \u00e0 l&rsquo;expansion<\/h2>\n\n\n\n<p>Pour Delhaize, ce projet repr\u00e9sente un v\u00e9ritable coup de pouce en termes d&rsquo;expansion. <a href=\"https:\/\/www.retaildetail.be\/fr\/news\/food\/ce-sont-eux-qui-exploiteront-les-supermarches-delhaize-sur-les-sites-cora\/\/\">Les autres sites Cora suivront<\/a> dans les jours et les semaines \u00e0 venir : vendredi, ce sera au tour de Messancy, puis de Monnet, La Louvi\u00e8re, Rocourt, Ch\u00e2telineau et Hornu. Au total, il s&rsquo;agit de six magasins suppl\u00e9mentaires, car \u00e0 Hornu, il s&rsquo;agit d&rsquo;un d\u00e9m\u00e9nagement, certes vers un b\u00e2timent plus grand et mieux situ\u00e9.<\/p>\n\n\n\n<p>Plus tard dans l&rsquo;ann\u00e9e, Delhaize ouvrira \u00e9galement un supermarch\u00e9 <a href=\"https:\/\/www.retaildetail.be\/fr\/news\/general\/debut-du-reamenagement-des-sites-makro-a-machelen-et-leeuw-saint-pierre\/\">sur l&rsquo;ancien site <strong>Makro<\/strong><\/a> \u00e0 Machelen. En outre, de nombreux projets de r\u00e9novation et d&rsquo;agrandissement sont en cours dans les magasins existants. Delhaize attend \u00e9galement l&rsquo;approbation rapide de l&rsquo;autorit\u00e9 de la concurrence concernant l&rsquo;acquisition <a href=\"https:\/\/www.retaildetail.be\/fr\/news\/food\/delhaize-acquiert-delfood-louis-delhaize\/\">d&rsquo;environ 300 magasins de proximit\u00e9<\/a> de <strong>Delfood<\/strong>.<\/p>\n\n\n\n<p><\/p>\n","protected":false},"excerpt":{"rendered":"<p>Jeudi matin, Delhaize a ouvert un supermarch\u00e9 sur l&rsquo;ancien site Cora \u00e0 Anderlecht. Il s&rsquo;agit du premier des sept nouveaux magasins qui remplaceront dans les prochains jours la cha\u00eene d&rsquo;hypermarch\u00e9s, qui cesse ses activit\u00e9s. <\/p>\n","protected":false},"author":3,"featured_media":140417,"comment_status":"closed","ping_status":"closed","sticky":false,"template":"template-gallery.php","format":"standard","meta":{"_acf_changed":false,"inline_featured_image":false,"_jetpack_memberships_contains_paid_content":false,"footnotes":""},"categories":[18],"tags":[],"people":[],"extra":[],"company":[931,196],"topic":[1262,310],"region":[226],"class_list":["post-140416","post","type-post","status-publish","format-standard","has-post-thumbnail","hentry","category-food","company-cora","company-delhaize","topic-en-images","topic-ouverture-de-magasin","region-belgique"],"acf":[],"yoast_head":"<!-- This site is optimized with the Yoast SEO plugin v27.3 - https:\/\/yoast.com\/product\/yoast-seo-wordpress\/ -->\n<title>[En images] Delhaize entame une pouss\u00e9e de croissance sur le site Cora \u00e0 Anderlecht - RetailDetail BE<\/title>\n<meta name=\"robots\" content=\"index, follow, max-snippet:-1, max-image-preview:large, max-video-preview:-1\" \/>\n<link rel=\"canonical\" href=\"https:\/\/www.retaildetail.be\/fr\/news\/food\/en-images-delhaize-entame-une-phase-de-croissance-sur-le-site-cora-a-anderlecht\/\" \/>\n<meta property=\"og:locale\" content=\"fr_FR\" \/>\n<meta property=\"og:type\" content=\"article\" \/>\n<meta property=\"og:title\" content=\"[En images] Delhaize entame une pouss\u00e9e de croissance sur le site Cora \u00e0 Anderlecht - RetailDetail BE\" \/>\n<meta property=\"og:description\" content=\"Jeudi matin, Delhaize a ouvert un supermarch\u00e9 sur l&#039;ancien site Cora \u00e0 Anderlecht. Il s&#039;agit du premier des sept nouveaux magasins qui remplaceront dans les prochains jours la cha\u00eene d&#039;hypermarch\u00e9s, qui cesse ses activit\u00e9s.\" \/>\n<meta property=\"og:url\" content=\"https:\/\/www.retaildetail.be\/fr\/news\/food\/en-images-delhaize-entame-une-phase-de-croissance-sur-le-site-cora-a-anderlecht\/\" \/>\n<meta property=\"og:site_name\" content=\"RetailDetail BE\" \/>\n<meta property=\"article:published_time\" content=\"2026-01-22T11:37:56+00:00\" \/>\n<meta property=\"article:modified_time\" content=\"2026-02-02T13:40:57+00:00\" \/>\n<meta property=\"og:image\" content=\"https:\/\/www.retaildetail.be\/wp-content\/uploads\/2026\/01\/IMG_4950-1.jpeg\" \/>\n\t<meta property=\"og:image:width\" content=\"2016\" \/>\n\t<meta property=\"og:image:height\" content=\"1512\" \/>\n\t<meta property=\"og:image:type\" content=\"image\/jpeg\" \/>\n<meta name=\"author\" content=\"Stefan Van Rompaey\" \/>\n<meta name=\"twitter:card\" content=\"summary_large_image\" \/>\n<meta name=\"twitter:label1\" content=\"\u00c9crit par\" \/>\n\t<meta name=\"twitter:data1\" content=\"Stefan Van Rompaey\" \/>\n\t<meta name=\"twitter:label2\" content=\"Dur\u00e9e de lecture estim\u00e9e\" \/>\n\t<meta name=\"twitter:data2\" content=\"2 minutes\" \/>\n<script type=\"application\/ld+json\" class=\"yoast-schema-graph\">{\"@context\":\"https:\\\/\\\/schema.org\",\"@graph\":[{\"@type\":\"NewsArticle\",\"@id\":\"https:\\\/\\\/www.retaildetail.be\\\/fr\\\/news\\\/food\\\/en-images-delhaize-entame-une-phase-de-croissance-sur-le-site-cora-a-anderlecht\\\/#article\",\"isPartOf\":{\"@id\":\"https:\\\/\\\/www.retaildetail.be\\\/fr\\\/news\\\/food\\\/en-images-delhaize-entame-une-phase-de-croissance-sur-le-site-cora-a-anderlecht\\\/\"},\"author\":{\"name\":\"Stefan Van Rompaey\",\"@id\":\"https:\\\/\\\/www.retaildetail.be\\\/nl\\\/#\\\/schema\\\/person\\\/51aec6069c4416aa2f68b2e4ff3455df\"},\"headline\":\"[En images] Delhaize entame une pouss\u00e9e de croissance sur le site Cora \u00e0 Anderlecht\",\"datePublished\":\"2026-01-22T11:37:56+00:00\",\"dateModified\":\"2026-02-02T13:40:57+00:00\",\"mainEntityOfPage\":{\"@id\":\"https:\\\/\\\/www.retaildetail.be\\\/fr\\\/news\\\/food\\\/en-images-delhaize-entame-une-phase-de-croissance-sur-le-site-cora-a-anderlecht\\\/\"},\"wordCount\":335,\"publisher\":{\"@id\":\"https:\\\/\\\/www.retaildetail.be\\\/nl\\\/#organization\"},\"image\":{\"@id\":\"https:\\\/\\\/www.retaildetail.be\\\/fr\\\/news\\\/food\\\/en-images-delhaize-entame-une-phase-de-croissance-sur-le-site-cora-a-anderlecht\\\/#primaryimage\"},\"thumbnailUrl\":\"https:\\\/\\\/www.retaildetail.be\\\/wp-content\\\/uploads\\\/2026\\\/01\\\/IMG_4950-1.jpeg\",\"articleSection\":[\"Food\"],\"inLanguage\":\"fr-FR\",\"copyrightYear\":\"2026\",\"copyrightHolder\":{\"@id\":\"https:\\\/\\\/www.retaildetail.be\\\/#organization\"}},{\"@type\":\"WebPage\",\"@id\":\"https:\\\/\\\/www.retaildetail.be\\\/fr\\\/news\\\/food\\\/en-images-delhaize-entame-une-phase-de-croissance-sur-le-site-cora-a-anderlecht\\\/\",\"url\":\"https:\\\/\\\/www.retaildetail.be\\\/fr\\\/news\\\/food\\\/en-images-delhaize-entame-une-phase-de-croissance-sur-le-site-cora-a-anderlecht\\\/\",\"name\":\"[En images] Delhaize entame une pouss\u00e9e de croissance sur le site Cora \u00e0 Anderlecht - RetailDetail BE\",\"isPartOf\":{\"@id\":\"https:\\\/\\\/www.retaildetail.be\\\/nl\\\/#website\"},\"primaryImageOfPage\":{\"@id\":\"https:\\\/\\\/www.retaildetail.be\\\/fr\\\/news\\\/food\\\/en-images-delhaize-entame-une-phase-de-croissance-sur-le-site-cora-a-anderlecht\\\/#primaryimage\"},\"image\":{\"@id\":\"https:\\\/\\\/www.retaildetail.be\\\/fr\\\/news\\\/food\\\/en-images-delhaize-entame-une-phase-de-croissance-sur-le-site-cora-a-anderlecht\\\/#primaryimage\"},\"thumbnailUrl\":\"https:\\\/\\\/www.retaildetail.be\\\/wp-content\\\/uploads\\\/2026\\\/01\\\/IMG_4950-1.jpeg\",\"datePublished\":\"2026-01-22T11:37:56+00:00\",\"dateModified\":\"2026-02-02T13:40:57+00:00\",\"breadcrumb\":{\"@id\":\"https:\\\/\\\/www.retaildetail.be\\\/fr\\\/news\\\/food\\\/en-images-delhaize-entame-une-phase-de-croissance-sur-le-site-cora-a-anderlecht\\\/#breadcrumb\"},\"inLanguage\":\"fr-FR\",\"potentialAction\":[{\"@type\":\"ReadAction\",\"target\":[\"https:\\\/\\\/www.retaildetail.be\\\/fr\\\/news\\\/food\\\/en-images-delhaize-entame-une-phase-de-croissance-sur-le-site-cora-a-anderlecht\\\/\"]}]},{\"@type\":\"ImageObject\",\"inLanguage\":\"fr-FR\",\"@id\":\"https:\\\/\\\/www.retaildetail.be\\\/fr\\\/news\\\/food\\\/en-images-delhaize-entame-une-phase-de-croissance-sur-le-site-cora-a-anderlecht\\\/#primaryimage\",\"url\":\"https:\\\/\\\/www.retaildetail.be\\\/wp-content\\\/uploads\\\/2026\\\/01\\\/IMG_4950-1.jpeg\",\"contentUrl\":\"https:\\\/\\\/www.retaildetail.be\\\/wp-content\\\/uploads\\\/2026\\\/01\\\/IMG_4950-1.jpeg\",\"width\":2016,\"height\":1512,\"caption\":\"\u00a9 RetailDetail\"},{\"@type\":\"BreadcrumbList\",\"@id\":\"https:\\\/\\\/www.retaildetail.be\\\/fr\\\/news\\\/food\\\/en-images-delhaize-entame-une-phase-de-croissance-sur-le-site-cora-a-anderlecht\\\/#breadcrumb\",\"itemListElement\":[{\"@type\":\"ListItem\",\"position\":1,\"name\":\"Home\",\"item\":\"https:\\\/\\\/www.retaildetail.be\\\/fr\\\/\"},{\"@type\":\"ListItem\",\"position\":2,\"name\":\"[En images] Delhaize entame une pouss\u00e9e de croissance sur le site Cora \u00e0 Anderlecht\"}]},{\"@type\":\"WebSite\",\"@id\":\"https:\\\/\\\/www.retaildetail.be\\\/nl\\\/#website\",\"url\":\"https:\\\/\\\/www.retaildetail.be\\\/nl\\\/\",\"name\":\"RetailDetail BE\",\"description\":\"News\",\"publisher\":{\"@id\":\"https:\\\/\\\/www.retaildetail.be\\\/nl\\\/#organization\"},\"potentialAction\":[{\"@type\":\"SearchAction\",\"target\":{\"@type\":\"EntryPoint\",\"urlTemplate\":\"https:\\\/\\\/www.retaildetail.be\\\/nl\\\/?s={search_term_string}\"},\"query-input\":{\"@type\":\"PropertyValueSpecification\",\"valueRequired\":true,\"valueName\":\"search_term_string\"}}],\"inLanguage\":\"fr-FR\"},{\"@type\":\"Organization\",\"@id\":\"https:\\\/\\\/www.retaildetail.be\\\/nl\\\/#organization\",\"name\":\"RetailDetail BE\",\"url\":\"https:\\\/\\\/www.retaildetail.be\\\/nl\\\/\",\"logo\":{\"@type\":\"ImageObject\",\"inLanguage\":\"fr-FR\",\"@id\":\"https:\\\/\\\/www.retaildetail.be\\\/nl\\\/#\\\/schema\\\/logo\\\/image\\\/\",\"url\":\"https:\\\/\\\/www.retaildetail.be\\\/wp-content\\\/uploads\\\/2022\\\/04\\\/logo.svg\",\"contentUrl\":\"https:\\\/\\\/www.retaildetail.be\\\/wp-content\\\/uploads\\\/2022\\\/04\\\/logo.svg\",\"width\":131,\"height\":70,\"caption\":\"RetailDetail BE\"},\"image\":{\"@id\":\"https:\\\/\\\/www.retaildetail.be\\\/nl\\\/#\\\/schema\\\/logo\\\/image\\\/\"}},{\"@type\":\"Person\",\"@id\":\"https:\\\/\\\/www.retaildetail.be\\\/nl\\\/#\\\/schema\\\/person\\\/51aec6069c4416aa2f68b2e4ff3455df\",\"name\":\"Stefan Van Rompaey\",\"image\":{\"@type\":\"ImageObject\",\"inLanguage\":\"fr-FR\",\"@id\":\"https:\\\/\\\/secure.gravatar.com\\\/avatar\\\/fbbb4a80a0f109888b2a5ab8ae255617499ecde533749b3ab2fa6c23b5d65dac?s=96&d=mm&r=g\",\"url\":\"https:\\\/\\\/secure.gravatar.com\\\/avatar\\\/fbbb4a80a0f109888b2a5ab8ae255617499ecde533749b3ab2fa6c23b5d65dac?s=96&d=mm&r=g\",\"contentUrl\":\"https:\\\/\\\/secure.gravatar.com\\\/avatar\\\/fbbb4a80a0f109888b2a5ab8ae255617499ecde533749b3ab2fa6c23b5d65dac?s=96&d=mm&r=g\",\"caption\":\"Stefan Van Rompaey\"},\"url\":\"https:\\\/\\\/www.retaildetail.be\\\/fr\\\/author\\\/stefanvanrompaey\\\/\"}]}<\/script>\n<!-- \/ Yoast SEO plugin. -->","yoast_head_json":{"title":"[En images] Delhaize entame une pouss\u00e9e de croissance sur le site Cora \u00e0 Anderlecht - RetailDetail BE","robots":{"index":"index","follow":"follow","max-snippet":"max-snippet:-1","max-image-preview":"max-image-preview:large","max-video-preview":"max-video-preview:-1"},"canonical":"https:\/\/www.retaildetail.be\/fr\/news\/food\/en-images-delhaize-entame-une-phase-de-croissance-sur-le-site-cora-a-anderlecht\/","og_locale":"fr_FR","og_type":"article","og_title":"[En images] Delhaize entame une pouss\u00e9e de croissance sur le site Cora \u00e0 Anderlecht - RetailDetail BE","og_description":"Jeudi matin, Delhaize a ouvert un supermarch\u00e9 sur l'ancien site Cora \u00e0 Anderlecht. Il s'agit du premier des sept nouveaux magasins qui remplaceront dans les prochains jours la cha\u00eene d'hypermarch\u00e9s, qui cesse ses activit\u00e9s.","og_url":"https:\/\/www.retaildetail.be\/fr\/news\/food\/en-images-delhaize-entame-une-phase-de-croissance-sur-le-site-cora-a-anderlecht\/","og_site_name":"RetailDetail BE","article_published_time":"2026-01-22T11:37:56+00:00","article_modified_time":"2026-02-02T13:40:57+00:00","og_image":[{"width":2016,"height":1512,"url":"https:\/\/www.retaildetail.be\/wp-content\/uploads\/2026\/01\/IMG_4950-1.jpeg","type":"image\/jpeg"}],"author":"Stefan Van Rompaey","twitter_card":"summary_large_image","twitter_misc":{"\u00c9crit par":"Stefan Van Rompaey","Dur\u00e9e de lecture estim\u00e9e":"2 minutes"},"schema":{"@context":"https:\/\/schema.org","@graph":[{"@type":"NewsArticle","@id":"https:\/\/www.retaildetail.be\/fr\/news\/food\/en-images-delhaize-entame-une-phase-de-croissance-sur-le-site-cora-a-anderlecht\/#article","isPartOf":{"@id":"https:\/\/www.retaildetail.be\/fr\/news\/food\/en-images-delhaize-entame-une-phase-de-croissance-sur-le-site-cora-a-anderlecht\/"},"author":{"name":"Stefan Van Rompaey","@id":"https:\/\/www.retaildetail.be\/nl\/#\/schema\/person\/51aec6069c4416aa2f68b2e4ff3455df"},"headline":"[En images] Delhaize entame une pouss\u00e9e de croissance sur le site Cora \u00e0 Anderlecht","datePublished":"2026-01-22T11:37:56+00:00","dateModified":"2026-02-02T13:40:57+00:00","mainEntityOfPage":{"@id":"https:\/\/www.retaildetail.be\/fr\/news\/food\/en-images-delhaize-entame-une-phase-de-croissance-sur-le-site-cora-a-anderlecht\/"},"wordCount":335,"publisher":{"@id":"https:\/\/www.retaildetail.be\/nl\/#organization"},"image":{"@id":"https:\/\/www.retaildetail.be\/fr\/news\/food\/en-images-delhaize-entame-une-phase-de-croissance-sur-le-site-cora-a-anderlecht\/#primaryimage"},"thumbnailUrl":"https:\/\/www.retaildetail.be\/wp-content\/uploads\/2026\/01\/IMG_4950-1.jpeg","articleSection":["Food"],"inLanguage":"fr-FR","copyrightYear":"2026","copyrightHolder":{"@id":"https:\/\/www.retaildetail.be\/#organization"}},{"@type":"WebPage","@id":"https:\/\/www.retaildetail.be\/fr\/news\/food\/en-images-delhaize-entame-une-phase-de-croissance-sur-le-site-cora-a-anderlecht\/","url":"https:\/\/www.retaildetail.be\/fr\/news\/food\/en-images-delhaize-entame-une-phase-de-croissance-sur-le-site-cora-a-anderlecht\/","name":"[En images] Delhaize entame une pouss\u00e9e de croissance sur le site Cora \u00e0 Anderlecht - RetailDetail BE","isPartOf":{"@id":"https:\/\/www.retaildetail.be\/nl\/#website"},"primaryImageOfPage":{"@id":"https:\/\/www.retaildetail.be\/fr\/news\/food\/en-images-delhaize-entame-une-phase-de-croissance-sur-le-site-cora-a-anderlecht\/#primaryimage"},"image":{"@id":"https:\/\/www.retaildetail.be\/fr\/news\/food\/en-images-delhaize-entame-une-phase-de-croissance-sur-le-site-cora-a-anderlecht\/#primaryimage"},"thumbnailUrl":"https:\/\/www.retaildetail.be\/wp-content\/uploads\/2026\/01\/IMG_4950-1.jpeg","datePublished":"2026-01-22T11:37:56+00:00","dateModified":"2026-02-02T13:40:57+00:00","breadcrumb":{"@id":"https:\/\/www.retaildetail.be\/fr\/news\/food\/en-images-delhaize-entame-une-phase-de-croissance-sur-le-site-cora-a-anderlecht\/#breadcrumb"},"inLanguage":"fr-FR","potentialAction":[{"@type":"ReadAction","target":["https:\/\/www.retaildetail.be\/fr\/news\/food\/en-images-delhaize-entame-une-phase-de-croissance-sur-le-site-cora-a-anderlecht\/"]}]},{"@type":"ImageObject","inLanguage":"fr-FR","@id":"https:\/\/www.retaildetail.be\/fr\/news\/food\/en-images-delhaize-entame-une-phase-de-croissance-sur-le-site-cora-a-anderlecht\/#primaryimage","url":"https:\/\/www.retaildetail.be\/wp-content\/uploads\/2026\/01\/IMG_4950-1.jpeg","contentUrl":"https:\/\/www.retaildetail.be\/wp-content\/uploads\/2026\/01\/IMG_4950-1.jpeg","width":2016,"height":1512,"caption":"\u00a9 RetailDetail"},{"@type":"BreadcrumbList","@id":"https:\/\/www.retaildetail.be\/fr\/news\/food\/en-images-delhaize-entame-une-phase-de-croissance-sur-le-site-cora-a-anderlecht\/#breadcrumb","itemListElement":[{"@type":"ListItem","position":1,"name":"Home","item":"https:\/\/www.retaildetail.be\/fr\/"},{"@type":"ListItem","position":2,"name":"[En images] Delhaize entame une pouss\u00e9e de croissance sur le site Cora \u00e0 Anderlecht"}]},{"@type":"WebSite","@id":"https:\/\/www.retaildetail.be\/nl\/#website","url":"https:\/\/www.retaildetail.be\/nl\/","name":"RetailDetail BE","description":"News","publisher":{"@id":"https:\/\/www.retaildetail.be\/nl\/#organization"},"potentialAction":[{"@type":"SearchAction","target":{"@type":"EntryPoint","urlTemplate":"https:\/\/www.retaildetail.be\/nl\/?s={search_term_string}"},"query-input":{"@type":"PropertyValueSpecification","valueRequired":true,"valueName":"search_term_string"}}],"inLanguage":"fr-FR"},{"@type":"Organization","@id":"https:\/\/www.retaildetail.be\/nl\/#organization","name":"RetailDetail BE","url":"https:\/\/www.retaildetail.be\/nl\/","logo":{"@type":"ImageObject","inLanguage":"fr-FR","@id":"https:\/\/www.retaildetail.be\/nl\/#\/schema\/logo\/image\/","url":"https:\/\/www.retaildetail.be\/wp-content\/uploads\/2022\/04\/logo.svg","contentUrl":"https:\/\/www.retaildetail.be\/wp-content\/uploads\/2022\/04\/logo.svg","width":131,"height":70,"caption":"RetailDetail BE"},"image":{"@id":"https:\/\/www.retaildetail.be\/nl\/#\/schema\/logo\/image\/"}},{"@type":"Person","@id":"https:\/\/www.retaildetail.be\/nl\/#\/schema\/person\/51aec6069c4416aa2f68b2e4ff3455df","name":"Stefan Van Rompaey","image":{"@type":"ImageObject","inLanguage":"fr-FR","@id":"https:\/\/secure.gravatar.com\/avatar\/fbbb4a80a0f109888b2a5ab8ae255617499ecde533749b3ab2fa6c23b5d65dac?s=96&d=mm&r=g","url":"https:\/\/secure.gravatar.com\/avatar\/fbbb4a80a0f109888b2a5ab8ae255617499ecde533749b3ab2fa6c23b5d65dac?s=96&d=mm&r=g","contentUrl":"https:\/\/secure.gravatar.com\/avatar\/fbbb4a80a0f109888b2a5ab8ae255617499ecde533749b3ab2fa6c23b5d65dac?s=96&d=mm&r=g","caption":"Stefan Van Rompaey"},"url":"https:\/\/www.retaildetail.be\/fr\/author\/stefanvanrompaey\/"}]}},"jetpack_featured_media_url":"https:\/\/www.retaildetail.be\/wp-content\/uploads\/2026\/01\/IMG_4950-1.jpeg","jetpack_sharing_enabled":true,"_links":{"self":[{"href":"https:\/\/www.retaildetail.be\/fr\/wp-json\/wp\/v2\/posts\/140416","targetHints":{"allow":["GET"]}}],"collection":[{"href":"https:\/\/www.retaildetail.be\/fr\/wp-json\/wp\/v2\/posts"}],"about":[{"href":"https:\/\/www.retaildetail.be\/fr\/wp-json\/wp\/v2\/types\/post"}],"author":[{"embeddable":true,"href":"https:\/\/www.retaildetail.be\/fr\/wp-json\/wp\/v2\/users\/3"}],"replies":[{"embeddable":true,"href":"https:\/\/www.retaildetail.be\/fr\/wp-json\/wp\/v2\/comments?post=140416"}],"version-history":[{"count":2,"href":"https:\/\/www.retaildetail.be\/fr\/wp-json\/wp\/v2\/posts\/140416\/revisions"}],"predecessor-version":[{"id":140430,"href":"https:\/\/www.retaildetail.be\/fr\/wp-json\/wp\/v2\/posts\/140416\/revisions\/140430"}],"wp:featuredmedia":[{"embeddable":true,"href":"https:\/\/www.retaildetail.be\/fr\/wp-json\/wp\/v2\/media\/140417"}],"wp:attachment":[{"href":"https:\/\/www.retaildetail.be\/fr\/wp-json\/wp\/v2\/media?parent=140416"}],"wp:term":[{"taxonomy":"category","embeddable":true,"href":"https:\/\/www.retaildetail.be\/fr\/wp-json\/wp\/v2\/categories?post=140416"},{"taxonomy":"post_tag","embeddable":true,"href":"https:\/\/www.retaildetail.be\/fr\/wp-json\/wp\/v2\/tags?post=140416"},{"taxonomy":"people","embeddable":true,"href":"https:\/\/www.retaildetail.be\/fr\/wp-json\/wp\/v2\/people?post=140416"},{"taxonomy":"extra","embeddable":true,"href":"https:\/\/www.retaildetail.be\/fr\/wp-json\/wp\/v2\/extra?post=140416"},{"taxonomy":"company","embeddable":true,"href":"https:\/\/www.retaildetail.be\/fr\/wp-json\/wp\/v2\/company?post=140416"},{"taxonomy":"topic","embeddable":true,"href":"https:\/\/www.retaildetail.be\/fr\/wp-json\/wp\/v2\/topic?post=140416"},{"taxonomy":"region","embeddable":true,"href":"https:\/\/www.retaildetail.be\/fr\/wp-json\/wp\/v2\/region?post=140416"}],"curies":[{"name":"wp","href":"https:\/\/api.w.org\/{rel}","templated":true}]}}