{"id":140486,"date":"2026-01-23T09:35:34","date_gmt":"2026-01-23T08:35:34","guid":{"rendered":"https:\/\/www.retaildetail.be\/?p=140486"},"modified":"2026-02-02T14:43:09","modified_gmt":"2026-02-02T13:43:09","slug":"nouvelle-vague-de-licenciements-en-vue-chez-amazon","status":"publish","type":"post","link":"https:\/\/www.retaildetail.be\/fr\/news\/general\/nouvelle-vague-de-licenciements-en-vue-chez-amazon\/","title":{"rendered":"\u00ab Nouvelle vague de licenciements en vue chez Amazon \u00bb"},"content":{"rendered":"\n<p><strong>Amazon <\/strong>pr\u00e9voit une deuxi\u00e8me vague importante de licenciements la semaine prochaine dans le cadre de son objectif plus large de supprimer environ 30 000 emplois administratifs. En octobre, le d\u00e9taillant avait d\u00e9j\u00e0 supprim\u00e9 14 000 emplois.<\/p>\n\n\n\n<h2 class=\"wp-block-heading\">\u00ab Culture d&rsquo;entreprise et bureaucratie \u00bb<\/h2>\n\n\n\n<p>La nouvelle n&rsquo;a pas encore \u00e9t\u00e9 communiqu\u00e9e par Amazon, mais a \u00e9t\u00e9 r\u00e9v\u00e9l\u00e9e par des sources internes aux agences de presse Reuters et Bloomberg. En octobre dernier, <a href=\"https:\/\/www.retaildetail.be\/fr\/news\/general\/amazon-supprime-14-000-emplois-administratifs-dans-le-monde-entier\/\">Amazon avait d\u00e9j\u00e0 supprim\u00e9 quelque 14 000 emplois<\/a>, soit environ la moiti\u00e9 de l&rsquo;objectif initial de 30 000 emplois. La semaine prochaine, le nombre de licenciements devrait \u00eatre similaire. Les licenciements pr\u00e9vus devraient toucher les d\u00e9partements Amazon Web Services, Retail, Prime Video et People Experience and Technology.<\/p>\n\n\n\n<p>En octobre, le PDG Andy Jassy avait d\u00e9clar\u00e9 que les agents IA et les syst\u00e8mes IA g\u00e9n\u00e9ratifs rendraient certains emplois superflus, mais en cr\u00e9eraient d&rsquo;autres. Plus tard, cependant, il a indiqu\u00e9 que les r\u00e9ductions n&rsquo;\u00e9taient pas principalement motiv\u00e9es par des raisons financi\u00e8res ou li\u00e9es \u00e0 l&rsquo;IA, mais plut\u00f4t li\u00e9es \u00e0 la culture d&rsquo;entreprise et \u00e0 la bureaucratie.<\/p>\n\n\n\n<p>Les 30 000 licenciements repr\u00e9senteraient un faible pourcentage de l&rsquo;effectif total d&rsquo;Amazon, qui compte 1,58 million d&#8217;employ\u00e9s, mais pr\u00e8s de 10 % des employ\u00e9s de bureau. La plupart des employ\u00e9s d&rsquo;Amazon travaillent dans des centres de distribution et des entrep\u00f4ts.<\/p>\n\n\n\n<p><\/p>\n","protected":false},"excerpt":{"rendered":"<p>Amazon pr\u00e9voit une deuxi\u00e8me vague importante de licenciements la semaine prochaine dans le cadre de son objectif plus large de supprimer environ 30 000 emplois administratifs. En octobre, le d\u00e9taillant avait d\u00e9j\u00e0 supprim\u00e9 14 000 emplois. <\/p>\n","protected":false},"author":10,"featured_media":140487,"comment_status":"closed","ping_status":"closed","sticky":false,"template":"","format":"standard","meta":{"_acf_changed":false,"inline_featured_image":false,"_jetpack_memberships_contains_paid_content":false,"footnotes":""},"categories":[15,25],"tags":[],"people":[],"extra":[43],"company":[206],"topic":[649,332],"region":[],"class_list":["post-140486","post","type-post","status-publish","format-standard","has-post-thumbnail","hentry","category-algemeen","category-general","extra-plus","company-amazon","topic-ressources-humaines","topic-restructuration"],"acf":[],"yoast_head":"<!-- This site is optimized with the Yoast SEO plugin v27.3 - https:\/\/yoast.com\/product\/yoast-seo-wordpress\/ -->\n<title>\u00ab Nouvelle vague de licenciements en vue chez Amazon \u00bb - RetailDetail BE<\/title>\n<meta name=\"description\" content=\"Amazon pr\u00e9voit une deuxi\u00e8me vague de licenciements la semaine prochaine dans le cadre de son objectif plus large de supprimer environ 30 000 emplois administratifs.\" \/>\n<meta name=\"robots\" content=\"index, follow, max-snippet:-1, max-image-preview:large, max-video-preview:-1\" \/>\n<link rel=\"canonical\" href=\"https:\/\/www.retaildetail.be\/fr\/news\/general\/nouvelle-vague-de-licenciements-en-vue-chez-amazon\/\" \/>\n<meta property=\"og:locale\" content=\"fr_FR\" \/>\n<meta property=\"og:type\" content=\"article\" \/>\n<meta property=\"og:title\" content=\"\u00ab Nouvelle vague de licenciements en vue chez Amazon \u00bb - RetailDetail BE\" \/>\n<meta property=\"og:description\" content=\"Amazon pr\u00e9voit une deuxi\u00e8me vague de licenciements la semaine prochaine dans le cadre de son objectif plus large de supprimer environ 30 000 emplois administratifs.\" \/>\n<meta property=\"og:url\" content=\"https:\/\/www.retaildetail.be\/fr\/news\/general\/nouvelle-vague-de-licenciements-en-vue-chez-amazon\/\" \/>\n<meta property=\"og:site_name\" content=\"RetailDetail BE\" \/>\n<meta property=\"article:published_time\" content=\"2026-01-23T08:35:34+00:00\" \/>\n<meta property=\"article:modified_time\" content=\"2026-02-02T13:43:09+00:00\" \/>\n<meta property=\"og:image\" content=\"https:\/\/www.retaildetail.be\/wp-content\/uploads\/2026\/01\/AmazonPrime-shutterstock_371901148.jpg\" \/>\n\t<meta property=\"og:image:width\" content=\"1000\" \/>\n\t<meta property=\"og:image:height\" content=\"665\" \/>\n\t<meta property=\"og:image:type\" content=\"image\/jpeg\" \/>\n<meta name=\"author\" content=\"Jorg Snoeck\" \/>\n<meta name=\"twitter:card\" content=\"summary_large_image\" \/>\n<meta name=\"twitter:label1\" content=\"\u00c9crit par\" \/>\n\t<meta name=\"twitter:data1\" content=\"Jorg Snoeck\" \/>\n\t<meta name=\"twitter:label2\" content=\"Dur\u00e9e de lecture estim\u00e9e\" \/>\n\t<meta name=\"twitter:data2\" content=\"1 minute\" \/>\n<script type=\"application\/ld+json\" class=\"yoast-schema-graph\">{\"@context\":\"https:\\\/\\\/schema.org\",\"@graph\":[{\"@type\":\"NewsArticle\",\"@id\":\"https:\\\/\\\/www.retaildetail.be\\\/fr\\\/news\\\/general\\\/nouvelle-vague-de-licenciements-en-vue-chez-amazon\\\/#article\",\"isPartOf\":{\"@id\":\"https:\\\/\\\/www.retaildetail.be\\\/fr\\\/news\\\/general\\\/nouvelle-vague-de-licenciements-en-vue-chez-amazon\\\/\"},\"author\":{\"name\":\"Jorg Snoeck\",\"@id\":\"https:\\\/\\\/www.retaildetail.be\\\/nl\\\/#\\\/schema\\\/person\\\/71d9b89376db00e9b1aa8a2841e71a72\"},\"headline\":\"\u00ab Nouvelle vague de licenciements en vue chez Amazon \u00bb\",\"datePublished\":\"2026-01-23T08:35:34+00:00\",\"dateModified\":\"2026-02-02T13:43:09+00:00\",\"mainEntityOfPage\":{\"@id\":\"https:\\\/\\\/www.retaildetail.be\\\/fr\\\/news\\\/general\\\/nouvelle-vague-de-licenciements-en-vue-chez-amazon\\\/\"},\"wordCount\":242,\"publisher\":{\"@id\":\"https:\\\/\\\/www.retaildetail.be\\\/nl\\\/#organization\"},\"image\":{\"@id\":\"https:\\\/\\\/www.retaildetail.be\\\/fr\\\/news\\\/general\\\/nouvelle-vague-de-licenciements-en-vue-chez-amazon\\\/#primaryimage\"},\"thumbnailUrl\":\"https:\\\/\\\/www.retaildetail.be\\\/wp-content\\\/uploads\\\/2026\\\/01\\\/AmazonPrime-shutterstock_371901148.jpg\",\"articleSection\":[\"Algemeen\",\"G\u00e9n\u00e9ral\"],\"inLanguage\":\"fr-FR\",\"copyrightYear\":\"2026\",\"copyrightHolder\":{\"@id\":\"https:\\\/\\\/www.retaildetail.be\\\/#organization\"}},{\"@type\":\"WebPage\",\"@id\":\"https:\\\/\\\/www.retaildetail.be\\\/fr\\\/news\\\/general\\\/nouvelle-vague-de-licenciements-en-vue-chez-amazon\\\/\",\"url\":\"https:\\\/\\\/www.retaildetail.be\\\/fr\\\/news\\\/general\\\/nouvelle-vague-de-licenciements-en-vue-chez-amazon\\\/\",\"name\":\"\u00ab Nouvelle vague de licenciements en vue chez Amazon \u00bb - RetailDetail BE\",\"isPartOf\":{\"@id\":\"https:\\\/\\\/www.retaildetail.be\\\/nl\\\/#website\"},\"primaryImageOfPage\":{\"@id\":\"https:\\\/\\\/www.retaildetail.be\\\/fr\\\/news\\\/general\\\/nouvelle-vague-de-licenciements-en-vue-chez-amazon\\\/#primaryimage\"},\"image\":{\"@id\":\"https:\\\/\\\/www.retaildetail.be\\\/fr\\\/news\\\/general\\\/nouvelle-vague-de-licenciements-en-vue-chez-amazon\\\/#primaryimage\"},\"thumbnailUrl\":\"https:\\\/\\\/www.retaildetail.be\\\/wp-content\\\/uploads\\\/2026\\\/01\\\/AmazonPrime-shutterstock_371901148.jpg\",\"datePublished\":\"2026-01-23T08:35:34+00:00\",\"dateModified\":\"2026-02-02T13:43:09+00:00\",\"description\":\"Amazon pr\u00e9voit une deuxi\u00e8me vague de licenciements la semaine prochaine dans le cadre de son objectif plus large de supprimer environ 30 000 emplois administratifs.\",\"breadcrumb\":{\"@id\":\"https:\\\/\\\/www.retaildetail.be\\\/fr\\\/news\\\/general\\\/nouvelle-vague-de-licenciements-en-vue-chez-amazon\\\/#breadcrumb\"},\"inLanguage\":\"fr-FR\",\"potentialAction\":[{\"@type\":\"ReadAction\",\"target\":[\"https:\\\/\\\/www.retaildetail.be\\\/fr\\\/news\\\/general\\\/nouvelle-vague-de-licenciements-en-vue-chez-amazon\\\/\"]}]},{\"@type\":\"ImageObject\",\"inLanguage\":\"fr-FR\",\"@id\":\"https:\\\/\\\/www.retaildetail.be\\\/fr\\\/news\\\/general\\\/nouvelle-vague-de-licenciements-en-vue-chez-amazon\\\/#primaryimage\",\"url\":\"https:\\\/\\\/www.retaildetail.be\\\/wp-content\\\/uploads\\\/2026\\\/01\\\/AmazonPrime-shutterstock_371901148.jpg\",\"contentUrl\":\"https:\\\/\\\/www.retaildetail.be\\\/wp-content\\\/uploads\\\/2026\\\/01\\\/AmazonPrime-shutterstock_371901148.jpg\",\"width\":1000,\"height\":665,\"caption\":\"\u00a9 Hadrian \\\/ Shutterstock.com\"},{\"@type\":\"BreadcrumbList\",\"@id\":\"https:\\\/\\\/www.retaildetail.be\\\/fr\\\/news\\\/general\\\/nouvelle-vague-de-licenciements-en-vue-chez-amazon\\\/#breadcrumb\",\"itemListElement\":[{\"@type\":\"ListItem\",\"position\":1,\"name\":\"Home\",\"item\":\"https:\\\/\\\/www.retaildetail.be\\\/fr\\\/\"},{\"@type\":\"ListItem\",\"position\":2,\"name\":\"\u00ab Nouvelle vague de licenciements en vue chez Amazon \u00bb\"}]},{\"@type\":\"WebSite\",\"@id\":\"https:\\\/\\\/www.retaildetail.be\\\/nl\\\/#website\",\"url\":\"https:\\\/\\\/www.retaildetail.be\\\/nl\\\/\",\"name\":\"RetailDetail BE\",\"description\":\"News\",\"publisher\":{\"@id\":\"https:\\\/\\\/www.retaildetail.be\\\/nl\\\/#organization\"},\"potentialAction\":[{\"@type\":\"SearchAction\",\"target\":{\"@type\":\"EntryPoint\",\"urlTemplate\":\"https:\\\/\\\/www.retaildetail.be\\\/nl\\\/?s={search_term_string}\"},\"query-input\":{\"@type\":\"PropertyValueSpecification\",\"valueRequired\":true,\"valueName\":\"search_term_string\"}}],\"inLanguage\":\"fr-FR\"},{\"@type\":\"Organization\",\"@id\":\"https:\\\/\\\/www.retaildetail.be\\\/nl\\\/#organization\",\"name\":\"RetailDetail BE\",\"url\":\"https:\\\/\\\/www.retaildetail.be\\\/nl\\\/\",\"logo\":{\"@type\":\"ImageObject\",\"inLanguage\":\"fr-FR\",\"@id\":\"https:\\\/\\\/www.retaildetail.be\\\/nl\\\/#\\\/schema\\\/logo\\\/image\\\/\",\"url\":\"https:\\\/\\\/www.retaildetail.be\\\/wp-content\\\/uploads\\\/2022\\\/04\\\/logo.svg\",\"contentUrl\":\"https:\\\/\\\/www.retaildetail.be\\\/wp-content\\\/uploads\\\/2022\\\/04\\\/logo.svg\",\"width\":131,\"height\":70,\"caption\":\"RetailDetail BE\"},\"image\":{\"@id\":\"https:\\\/\\\/www.retaildetail.be\\\/nl\\\/#\\\/schema\\\/logo\\\/image\\\/\"}},{\"@type\":\"Person\",\"@id\":\"https:\\\/\\\/www.retaildetail.be\\\/nl\\\/#\\\/schema\\\/person\\\/71d9b89376db00e9b1aa8a2841e71a72\",\"name\":\"Jorg Snoeck\",\"image\":{\"@type\":\"ImageObject\",\"inLanguage\":\"fr-FR\",\"@id\":\"https:\\\/\\\/secure.gravatar.com\\\/avatar\\\/fc1bd94c7d40f2446e6bf778bb34cf9ab000168f63533cec8e072f4ad96ce7f3?s=96&d=mm&r=g\",\"url\":\"https:\\\/\\\/secure.gravatar.com\\\/avatar\\\/fc1bd94c7d40f2446e6bf778bb34cf9ab000168f63533cec8e072f4ad96ce7f3?s=96&d=mm&r=g\",\"contentUrl\":\"https:\\\/\\\/secure.gravatar.com\\\/avatar\\\/fc1bd94c7d40f2446e6bf778bb34cf9ab000168f63533cec8e072f4ad96ce7f3?s=96&d=mm&r=g\",\"caption\":\"Jorg Snoeck\"},\"url\":\"https:\\\/\\\/www.retaildetail.be\\\/fr\\\/author\\\/jorgsnoeck\\\/\"}]}<\/script>\n<!-- \/ Yoast SEO plugin. -->","yoast_head_json":{"title":"\u00ab Nouvelle vague de licenciements en vue chez Amazon \u00bb - RetailDetail BE","description":"Amazon pr\u00e9voit une deuxi\u00e8me vague de licenciements la semaine prochaine dans le cadre de son objectif plus large de supprimer environ 30 000 emplois administratifs.","robots":{"index":"index","follow":"follow","max-snippet":"max-snippet:-1","max-image-preview":"max-image-preview:large","max-video-preview":"max-video-preview:-1"},"canonical":"https:\/\/www.retaildetail.be\/fr\/news\/general\/nouvelle-vague-de-licenciements-en-vue-chez-amazon\/","og_locale":"fr_FR","og_type":"article","og_title":"\u00ab Nouvelle vague de licenciements en vue chez Amazon \u00bb - RetailDetail BE","og_description":"Amazon pr\u00e9voit une deuxi\u00e8me vague de licenciements la semaine prochaine dans le cadre de son objectif plus large de supprimer environ 30 000 emplois administratifs.","og_url":"https:\/\/www.retaildetail.be\/fr\/news\/general\/nouvelle-vague-de-licenciements-en-vue-chez-amazon\/","og_site_name":"RetailDetail BE","article_published_time":"2026-01-23T08:35:34+00:00","article_modified_time":"2026-02-02T13:43:09+00:00","og_image":[{"width":1000,"height":665,"url":"https:\/\/www.retaildetail.be\/wp-content\/uploads\/2026\/01\/AmazonPrime-shutterstock_371901148.jpg","type":"image\/jpeg"}],"author":"Jorg Snoeck","twitter_card":"summary_large_image","twitter_misc":{"\u00c9crit par":"Jorg Snoeck","Dur\u00e9e de lecture estim\u00e9e":"1 minute"},"schema":{"@context":"https:\/\/schema.org","@graph":[{"@type":"NewsArticle","@id":"https:\/\/www.retaildetail.be\/fr\/news\/general\/nouvelle-vague-de-licenciements-en-vue-chez-amazon\/#article","isPartOf":{"@id":"https:\/\/www.retaildetail.be\/fr\/news\/general\/nouvelle-vague-de-licenciements-en-vue-chez-amazon\/"},"author":{"name":"Jorg Snoeck","@id":"https:\/\/www.retaildetail.be\/nl\/#\/schema\/person\/71d9b89376db00e9b1aa8a2841e71a72"},"headline":"\u00ab Nouvelle vague de licenciements en vue chez Amazon \u00bb","datePublished":"2026-01-23T08:35:34+00:00","dateModified":"2026-02-02T13:43:09+00:00","mainEntityOfPage":{"@id":"https:\/\/www.retaildetail.be\/fr\/news\/general\/nouvelle-vague-de-licenciements-en-vue-chez-amazon\/"},"wordCount":242,"publisher":{"@id":"https:\/\/www.retaildetail.be\/nl\/#organization"},"image":{"@id":"https:\/\/www.retaildetail.be\/fr\/news\/general\/nouvelle-vague-de-licenciements-en-vue-chez-amazon\/#primaryimage"},"thumbnailUrl":"https:\/\/www.retaildetail.be\/wp-content\/uploads\/2026\/01\/AmazonPrime-shutterstock_371901148.jpg","articleSection":["Algemeen","G\u00e9n\u00e9ral"],"inLanguage":"fr-FR","copyrightYear":"2026","copyrightHolder":{"@id":"https:\/\/www.retaildetail.be\/#organization"}},{"@type":"WebPage","@id":"https:\/\/www.retaildetail.be\/fr\/news\/general\/nouvelle-vague-de-licenciements-en-vue-chez-amazon\/","url":"https:\/\/www.retaildetail.be\/fr\/news\/general\/nouvelle-vague-de-licenciements-en-vue-chez-amazon\/","name":"\u00ab Nouvelle vague de licenciements en vue chez Amazon \u00bb - RetailDetail BE","isPartOf":{"@id":"https:\/\/www.retaildetail.be\/nl\/#website"},"primaryImageOfPage":{"@id":"https:\/\/www.retaildetail.be\/fr\/news\/general\/nouvelle-vague-de-licenciements-en-vue-chez-amazon\/#primaryimage"},"image":{"@id":"https:\/\/www.retaildetail.be\/fr\/news\/general\/nouvelle-vague-de-licenciements-en-vue-chez-amazon\/#primaryimage"},"thumbnailUrl":"https:\/\/www.retaildetail.be\/wp-content\/uploads\/2026\/01\/AmazonPrime-shutterstock_371901148.jpg","datePublished":"2026-01-23T08:35:34+00:00","dateModified":"2026-02-02T13:43:09+00:00","description":"Amazon pr\u00e9voit une deuxi\u00e8me vague de licenciements la semaine prochaine dans le cadre de son objectif plus large de supprimer environ 30 000 emplois administratifs.","breadcrumb":{"@id":"https:\/\/www.retaildetail.be\/fr\/news\/general\/nouvelle-vague-de-licenciements-en-vue-chez-amazon\/#breadcrumb"},"inLanguage":"fr-FR","potentialAction":[{"@type":"ReadAction","target":["https:\/\/www.retaildetail.be\/fr\/news\/general\/nouvelle-vague-de-licenciements-en-vue-chez-amazon\/"]}]},{"@type":"ImageObject","inLanguage":"fr-FR","@id":"https:\/\/www.retaildetail.be\/fr\/news\/general\/nouvelle-vague-de-licenciements-en-vue-chez-amazon\/#primaryimage","url":"https:\/\/www.retaildetail.be\/wp-content\/uploads\/2026\/01\/AmazonPrime-shutterstock_371901148.jpg","contentUrl":"https:\/\/www.retaildetail.be\/wp-content\/uploads\/2026\/01\/AmazonPrime-shutterstock_371901148.jpg","width":1000,"height":665,"caption":"\u00a9 Hadrian \/ Shutterstock.com"},{"@type":"BreadcrumbList","@id":"https:\/\/www.retaildetail.be\/fr\/news\/general\/nouvelle-vague-de-licenciements-en-vue-chez-amazon\/#breadcrumb","itemListElement":[{"@type":"ListItem","position":1,"name":"Home","item":"https:\/\/www.retaildetail.be\/fr\/"},{"@type":"ListItem","position":2,"name":"\u00ab Nouvelle vague de licenciements en vue chez Amazon \u00bb"}]},{"@type":"WebSite","@id":"https:\/\/www.retaildetail.be\/nl\/#website","url":"https:\/\/www.retaildetail.be\/nl\/","name":"RetailDetail BE","description":"News","publisher":{"@id":"https:\/\/www.retaildetail.be\/nl\/#organization"},"potentialAction":[{"@type":"SearchAction","target":{"@type":"EntryPoint","urlTemplate":"https:\/\/www.retaildetail.be\/nl\/?s={search_term_string}"},"query-input":{"@type":"PropertyValueSpecification","valueRequired":true,"valueName":"search_term_string"}}],"inLanguage":"fr-FR"},{"@type":"Organization","@id":"https:\/\/www.retaildetail.be\/nl\/#organization","name":"RetailDetail BE","url":"https:\/\/www.retaildetail.be\/nl\/","logo":{"@type":"ImageObject","inLanguage":"fr-FR","@id":"https:\/\/www.retaildetail.be\/nl\/#\/schema\/logo\/image\/","url":"https:\/\/www.retaildetail.be\/wp-content\/uploads\/2022\/04\/logo.svg","contentUrl":"https:\/\/www.retaildetail.be\/wp-content\/uploads\/2022\/04\/logo.svg","width":131,"height":70,"caption":"RetailDetail BE"},"image":{"@id":"https:\/\/www.retaildetail.be\/nl\/#\/schema\/logo\/image\/"}},{"@type":"Person","@id":"https:\/\/www.retaildetail.be\/nl\/#\/schema\/person\/71d9b89376db00e9b1aa8a2841e71a72","name":"Jorg Snoeck","image":{"@type":"ImageObject","inLanguage":"fr-FR","@id":"https:\/\/secure.gravatar.com\/avatar\/fc1bd94c7d40f2446e6bf778bb34cf9ab000168f63533cec8e072f4ad96ce7f3?s=96&d=mm&r=g","url":"https:\/\/secure.gravatar.com\/avatar\/fc1bd94c7d40f2446e6bf778bb34cf9ab000168f63533cec8e072f4ad96ce7f3?s=96&d=mm&r=g","contentUrl":"https:\/\/secure.gravatar.com\/avatar\/fc1bd94c7d40f2446e6bf778bb34cf9ab000168f63533cec8e072f4ad96ce7f3?s=96&d=mm&r=g","caption":"Jorg Snoeck"},"url":"https:\/\/www.retaildetail.be\/fr\/author\/jorgsnoeck\/"}]}},"jetpack_featured_media_url":"https:\/\/www.retaildetail.be\/wp-content\/uploads\/2026\/01\/AmazonPrime-shutterstock_371901148.jpg","jetpack_sharing_enabled":true,"_links":{"self":[{"href":"https:\/\/www.retaildetail.be\/fr\/wp-json\/wp\/v2\/posts\/140486","targetHints":{"allow":["GET"]}}],"collection":[{"href":"https:\/\/www.retaildetail.be\/fr\/wp-json\/wp\/v2\/posts"}],"about":[{"href":"https:\/\/www.retaildetail.be\/fr\/wp-json\/wp\/v2\/types\/post"}],"author":[{"embeddable":true,"href":"https:\/\/www.retaildetail.be\/fr\/wp-json\/wp\/v2\/users\/10"}],"replies":[{"embeddable":true,"href":"https:\/\/www.retaildetail.be\/fr\/wp-json\/wp\/v2\/comments?post=140486"}],"version-history":[{"count":1,"href":"https:\/\/www.retaildetail.be\/fr\/wp-json\/wp\/v2\/posts\/140486\/revisions"}],"predecessor-version":[{"id":140490,"href":"https:\/\/www.retaildetail.be\/fr\/wp-json\/wp\/v2\/posts\/140486\/revisions\/140490"}],"wp:featuredmedia":[{"embeddable":true,"href":"https:\/\/www.retaildetail.be\/fr\/wp-json\/wp\/v2\/media\/140487"}],"wp:attachment":[{"href":"https:\/\/www.retaildetail.be\/fr\/wp-json\/wp\/v2\/media?parent=140486"}],"wp:term":[{"taxonomy":"category","embeddable":true,"href":"https:\/\/www.retaildetail.be\/fr\/wp-json\/wp\/v2\/categories?post=140486"},{"taxonomy":"post_tag","embeddable":true,"href":"https:\/\/www.retaildetail.be\/fr\/wp-json\/wp\/v2\/tags?post=140486"},{"taxonomy":"people","embeddable":true,"href":"https:\/\/www.retaildetail.be\/fr\/wp-json\/wp\/v2\/people?post=140486"},{"taxonomy":"extra","embeddable":true,"href":"https:\/\/www.retaildetail.be\/fr\/wp-json\/wp\/v2\/extra?post=140486"},{"taxonomy":"company","embeddable":true,"href":"https:\/\/www.retaildetail.be\/fr\/wp-json\/wp\/v2\/company?post=140486"},{"taxonomy":"topic","embeddable":true,"href":"https:\/\/www.retaildetail.be\/fr\/wp-json\/wp\/v2\/topic?post=140486"},{"taxonomy":"region","embeddable":true,"href":"https:\/\/www.retaildetail.be\/fr\/wp-json\/wp\/v2\/region?post=140486"}],"curies":[{"name":"wp","href":"https:\/\/api.w.org\/{rel}","templated":true}]}}