{"id":140539,"date":"2026-01-23T14:48:54","date_gmt":"2026-01-23T13:48:54","guid":{"rendered":"https:\/\/www.retaildetail.be\/?p=140539"},"modified":"2026-01-24T09:06:03","modified_gmt":"2026-01-24T08:06:03","slug":"la-nouvelle-comparaison-des-prix-de-lidl-suscite-la-colere-de-ses-concurrents","status":"publish","type":"post","link":"https:\/\/www.retaildetail.be\/fr\/news\/food\/la-nouvelle-comparaison-des-prix-de-lidl-suscite-la-colere-de-ses-concurrents\/","title":{"rendered":"Une nouvelle comparaison des prix de Lidl suscite la col\u00e8re de ses concurrents"},"content":{"rendered":"\n<p>\u00c0 la suite d&rsquo;une nouvelle vague de baisses de prix, <strong>Lidl <\/strong>publie dans<strong> <\/strong>son prospectus de la semaine prochaine une comparaison des prix avec ses concurrents <strong>Colruyt<\/strong>, <strong>Aldi<\/strong>, <strong>Albert Heijn<\/strong>, <strong>Delhaize<\/strong> et <strong>Carrefour<\/strong>. Ceux-ci ne sont pas satisfaits de cette nouvelle initiative dans la guerre des supermarch\u00e9s.<\/p>\n\n\n\n<h2 class=\"wp-block-heading\">Comparaison erron\u00e9e<\/h2>\n\n\n\n<p>Selon la comparaison, qui para\u00eetra dans le prospectus du 28 janvier, Colruyt est 0,72 % plus cher que Lidl, tandis que les diff\u00e9rences de prix pour les autres cha\u00eenes sont encore plus importantes : 5,76 % pour Aldi, 10,13 % pour Albert Heijn, 16,21 % pour Delhaize et 17,15 % pour Carrefour. Le discounter affirme avoir baiss\u00e9 de mani\u00e8re permanente le prix de plus de 100 produits.<\/p>\n\n\n\n<p>Cette nouvelle campagne d\u00e9pla\u00eet \u00e0 certains concurrents. \u00ab Le timing ne nous surprend pas \u00bb, r\u00e9agit Roel Dekelver, porte-parole de Delhaize. \u00ab Nous faisons encore examiner la comparaison, mais je peux d&rsquo;ores et d\u00e9j\u00e0 dire qu&rsquo;il n&rsquo;est pas correct de comparer les prix du 8 janvier avec les prix actuels, comme le fait Lidl. Il faut comparer ce qui est comparable. \u00bb<\/p>\n\n\n\n<p>Au d\u00e9but du mois, <a href=\"https:\/\/www.retaildetail.be\/fr\/news\/food\/chiffres-errones-dans-la-comparaison-des-prix-de-delhaize-selon-lidl\/\">Lidl a r\u00e9agi tr\u00e8s vivement<\/a> \u00e0 la comparaison des prix publi\u00e9e par Delhaize. Le discounter a m\u00eame saisi le tribunal en r\u00e9f\u00e9r\u00e9, mais celui-ci a d\u00e9j\u00e0 rejet\u00e9 les accusations de Lidl. <a href=\"https:\/\/www.retaildetail.be\/fr\/news\/food\/le-juge-rejette-la-plainte-de-lidl-contre-la-comparaison-des-prix-de-delhaize\/\">Delhaize est autoris\u00e9 \u00e0 poursuivre sa campagne<\/a>.<\/p>\n\n\n\n<h2 class=\"wp-block-heading\">\u00ab Ce n&rsquo;est pas fair-play \u00bb<\/h2>\n\n\n\n<p>Colruyt a \u00e9galement r\u00e9agi tr\u00e8s rapidement \u00e0 l&rsquo;initiative de Lidl. \u00ab Il est logique que Lidl ait fait la comparaison des prix \u00e0 son avantage. Mais ce n&rsquo;est malheureusement pas fair-play : nos archives de prix montrent que plusieurs prix ont \u00e9t\u00e9 baiss\u00e9s chez Lidl et que les prix Colruyt ont \u00e9t\u00e9 not\u00e9s peu apr\u00e8s \u00bb, d\u00e9clare le leader du march\u00e9. \u00ab Colruyt suit les prix : nous suivons tous les prix et toutes les promotions de chaque concurrent. En cas de baisse soudaine des prix, nos collaborateurs ont besoin d&rsquo;un peu de temps pour enregistrer les changements et adapter les prix dans les magasins Colruyt. Cela prend quelques heures, et il n&rsquo;en a pas \u00e9t\u00e9 autrement cette fois-ci : d\u00e8s que nous avons constat\u00e9 les baisses de prix, nos prix ont \u00e9t\u00e9 adapt\u00e9s. \u00bb<\/p>\n\n\n\n<p>\u00ab Il s&rsquo;agit l\u00e0 encore d&rsquo;une manipulation des donn\u00e9es et de la m\u00e9thodologie \u2013 tout comme en 2024 \u2013 afin de revendiquer un \u00e9cart de prix fictif \u00bb, r\u00e9agit Ann Maes, porte-parole d&rsquo;Albert Heijn. \u00ab Cet \u00e9cart n&rsquo;a jamais exist\u00e9 et n&rsquo;existe toujours pas. Depuis 15 ans, nous sommes un moteur du changement et nous en sommes fiers. La concurrence et les comparaisons de prix sont tout \u00e0 fait acceptables, \u00e0 une condition : elles ne doivent pas \u00eatre trompeuses. \u00bb<\/p>\n\n\n\n<h2 class=\"wp-block-heading\">\u00ab Sur mesure \u00bb<\/h2>\n\n\n\n<p>\u00ab Concr\u00e8tement, nous avons \u00e9galement constat\u00e9 que Lidl avait baiss\u00e9 les prix de vente de ses produits la veille de leur comparaison. Souvent pour les aligner sur nos prix \u00bb, r\u00e9agit Aldi. \u00ab Nous ajustons nos prix de vente lorsque cela s&rsquo;av\u00e8re n\u00e9cessaire. Nous r\u00e9it\u00e9rons notre position qui consiste \u00e0 toujours examiner l&rsquo;ensemble de l&rsquo;offre et \u00e0 ne pas nous limiter \u00e0 l&rsquo;analyse de listes s\u00e9lectionn\u00e9es. Ces listes sont \u00e9tablies sur mesure et ne donnent pas une image compl\u00e8te et donc correcte au client. \u00bb<\/p>\n\n\n\n<p>\u00ab Comparer quelques articles soigneusement s\u00e9lectionn\u00e9s ne dit pas grand-chose sur la r\u00e9alit\u00e9 du panier d&rsquo;achat des clients. Et encore moins sur leur vie quotidienne, \u00bb telle est la r\u00e9action de Carrefour Belgique. \u00ab Notre strat\u00e9gie est claire et d\u00e9lib\u00e9r\u00e9e : choix et pouvoir d&rsquo;achat. Le choix, avec le plus grand assortiment du pays. Le pouvoir d&rsquo;achat, avec des baisses de prix constantes, des promotions sur ce que nos clients ach\u00e8tent r\u00e9ellement et le programme de fid\u00e9lit\u00e9 le plus g\u00e9n\u00e9reux de Belgique : notre Bonus Card. Les comparaisons ponctuelles font beaucoup de bruit. Le pouvoir d&rsquo;achat se construit chaque jour. \u00bb<\/p>\n\n\n\n<h2 class=\"wp-block-heading\">\u00ab Lidl initie les baisses de prix \u00bb<\/h2>\n\n\n\n<p>\u00ab Nous avons nous-m\u00eames effectu\u00e9 une comparaison des prix le 8 janvier, qui montre que Lidl propose les prix les plus bas du march\u00e9 \u00bb, d\u00e9clare la porte-parole Isabelle Colbrandt. \u00ab Les prix les plus bas commencent chez nous : nous les baissons d\u00e8s que possible, tel est notre message. Nous lan\u00e7ons les baisses de prix sur le march\u00e9. Par exemple : si les prix du cacao baissent, nous ajustons les prix du chocolat. La diff\u00e9rence avec Colruyt est en effet minime. Nous voulons simplement montrer que le consommateur b\u00e9n\u00e9ficie chez nous des prix les plus bas d\u00e8s que possible, sans pour autant porter atteinte \u00e0 la garantie du prix le plus bas de Colruyt. \u00bb<\/p>\n\n\n\n<p><\/p>\n","protected":false},"excerpt":{"rendered":"<p>\u00c0 la suite d&rsquo;une nouvelle vague de baisses de prix, Lidl publiera dans son prospectus de la semaine prochaine une comparaison des prix avec ses concurrents Colruyt, Aldi, Albert Heijn, Delhaize et Carrefour. Ces derniers ne voient pas d&rsquo;un bon \u0153il cette nouvelle initiative dans la guerre des supermarch\u00e9s. <\/p>\n","protected":false},"author":3,"featured_media":140540,"comment_status":"closed","ping_status":"closed","sticky":false,"template":"","format":"standard","meta":{"_acf_changed":false,"inline_featured_image":false,"_jetpack_memberships_contains_paid_content":false,"footnotes":""},"categories":[18,24],"tags":[],"people":[],"extra":[44],"company":[123,201,196,204],"topic":[767],"region":[226],"class_list":{"0":"post-140539","1":"post","2":"type-post","3":"status-publish","4":"format-standard","5":"has-post-thumbnail","6":"hentry","7":"category-food","9":"extra-hot","10":"company-albert-heijn","11":"company-colruyt","12":"company-delhaize","13":"company-lidl","14":"topic-concurrence-des-prix","15":"region-belgique"},"acf":[],"yoast_head":"<!-- This site is optimized with the Yoast SEO plugin v27.3 - https:\/\/yoast.com\/product\/yoast-seo-wordpress\/ -->\n<title>Une nouvelle comparaison des prix de Lidl suscite la col\u00e8re de ses concurrents - RetailDetail BE<\/title>\n<meta name=\"description\" content=\"\u00c0 la suite d&#039;une nouvelle vague de baisses de prix, Lidl publie dans son prospectus de la semaine prochaine une comparaison des prix avec ses concurrents.\" \/>\n<meta name=\"robots\" content=\"index, follow, max-snippet:-1, max-image-preview:large, max-video-preview:-1\" \/>\n<link rel=\"canonical\" href=\"https:\/\/www.retaildetail.be\/fr\/news\/food\/la-nouvelle-comparaison-des-prix-de-lidl-suscite-la-colere-de-ses-concurrents\/\" \/>\n<meta property=\"og:locale\" content=\"fr_FR\" \/>\n<meta property=\"og:type\" content=\"article\" \/>\n<meta property=\"og:title\" content=\"Une nouvelle comparaison des prix de Lidl suscite la col\u00e8re de ses concurrents - RetailDetail BE\" \/>\n<meta property=\"og:description\" content=\"\u00c0 la suite d&#039;une nouvelle vague de baisses de prix, Lidl publie dans son prospectus de la semaine prochaine une comparaison des prix avec ses concurrents.\" \/>\n<meta property=\"og:url\" content=\"https:\/\/www.retaildetail.be\/fr\/news\/food\/la-nouvelle-comparaison-des-prix-de-lidl-suscite-la-colere-de-ses-concurrents\/\" \/>\n<meta property=\"og:site_name\" content=\"RetailDetail BE\" \/>\n<meta property=\"article:published_time\" content=\"2026-01-23T13:48:54+00:00\" \/>\n<meta property=\"article:modified_time\" content=\"2026-01-24T08:06:03+00:00\" \/>\n<meta property=\"og:image\" content=\"https:\/\/www.retaildetail.be\/wp-content\/uploads\/2026\/01\/Lidl-prijsvergelijking-1.jpg\" \/>\n\t<meta property=\"og:image:width\" content=\"1008\" \/>\n\t<meta property=\"og:image:height\" content=\"588\" \/>\n\t<meta property=\"og:image:type\" content=\"image\/jpeg\" \/>\n<meta name=\"author\" content=\"Stefan Van Rompaey\" \/>\n<meta name=\"twitter:card\" content=\"summary_large_image\" \/>\n<meta name=\"twitter:label1\" content=\"\u00c9crit par\" \/>\n\t<meta name=\"twitter:data1\" content=\"Stefan Van Rompaey\" \/>\n\t<meta name=\"twitter:label2\" content=\"Dur\u00e9e de lecture estim\u00e9e\" \/>\n\t<meta name=\"twitter:data2\" content=\"4 minutes\" \/>\n<script type=\"application\/ld+json\" class=\"yoast-schema-graph\">{\"@context\":\"https:\\\/\\\/schema.org\",\"@graph\":[{\"@type\":\"NewsArticle\",\"@id\":\"https:\\\/\\\/www.retaildetail.be\\\/fr\\\/news\\\/food\\\/la-nouvelle-comparaison-des-prix-de-lidl-suscite-la-colere-de-ses-concurrents\\\/#article\",\"isPartOf\":{\"@id\":\"https:\\\/\\\/www.retaildetail.be\\\/fr\\\/news\\\/food\\\/la-nouvelle-comparaison-des-prix-de-lidl-suscite-la-colere-de-ses-concurrents\\\/\"},\"author\":{\"name\":\"Stefan Van Rompaey\",\"@id\":\"https:\\\/\\\/www.retaildetail.be\\\/nl\\\/#\\\/schema\\\/person\\\/51aec6069c4416aa2f68b2e4ff3455df\"},\"headline\":\"Une nouvelle comparaison des prix de Lidl suscite la col\u00e8re de ses concurrents\",\"datePublished\":\"2026-01-23T13:48:54+00:00\",\"dateModified\":\"2026-01-24T08:06:03+00:00\",\"mainEntityOfPage\":{\"@id\":\"https:\\\/\\\/www.retaildetail.be\\\/fr\\\/news\\\/food\\\/la-nouvelle-comparaison-des-prix-de-lidl-suscite-la-colere-de-ses-concurrents\\\/\"},\"wordCount\":782,\"publisher\":{\"@id\":\"https:\\\/\\\/www.retaildetail.be\\\/nl\\\/#organization\"},\"image\":{\"@id\":\"https:\\\/\\\/www.retaildetail.be\\\/fr\\\/news\\\/food\\\/la-nouvelle-comparaison-des-prix-de-lidl-suscite-la-colere-de-ses-concurrents\\\/#primaryimage\"},\"thumbnailUrl\":\"https:\\\/\\\/www.retaildetail.be\\\/wp-content\\\/uploads\\\/2026\\\/01\\\/Lidl-prijsvergelijking-1.jpg\",\"articleSection\":[\"Food\",\"Food\"],\"inLanguage\":\"fr-FR\",\"copyrightYear\":\"2026\",\"copyrightHolder\":{\"@id\":\"https:\\\/\\\/www.retaildetail.be\\\/#organization\"}},{\"@type\":\"WebPage\",\"@id\":\"https:\\\/\\\/www.retaildetail.be\\\/fr\\\/news\\\/food\\\/la-nouvelle-comparaison-des-prix-de-lidl-suscite-la-colere-de-ses-concurrents\\\/\",\"url\":\"https:\\\/\\\/www.retaildetail.be\\\/fr\\\/news\\\/food\\\/la-nouvelle-comparaison-des-prix-de-lidl-suscite-la-colere-de-ses-concurrents\\\/\",\"name\":\"Une nouvelle comparaison des prix de Lidl suscite la col\u00e8re de ses concurrents - RetailDetail BE\",\"isPartOf\":{\"@id\":\"https:\\\/\\\/www.retaildetail.be\\\/nl\\\/#website\"},\"primaryImageOfPage\":{\"@id\":\"https:\\\/\\\/www.retaildetail.be\\\/fr\\\/news\\\/food\\\/la-nouvelle-comparaison-des-prix-de-lidl-suscite-la-colere-de-ses-concurrents\\\/#primaryimage\"},\"image\":{\"@id\":\"https:\\\/\\\/www.retaildetail.be\\\/fr\\\/news\\\/food\\\/la-nouvelle-comparaison-des-prix-de-lidl-suscite-la-colere-de-ses-concurrents\\\/#primaryimage\"},\"thumbnailUrl\":\"https:\\\/\\\/www.retaildetail.be\\\/wp-content\\\/uploads\\\/2026\\\/01\\\/Lidl-prijsvergelijking-1.jpg\",\"datePublished\":\"2026-01-23T13:48:54+00:00\",\"dateModified\":\"2026-01-24T08:06:03+00:00\",\"description\":\"\u00c0 la suite d'une nouvelle vague de baisses de prix, Lidl publie dans son prospectus de la semaine prochaine une comparaison des prix avec ses concurrents.\",\"breadcrumb\":{\"@id\":\"https:\\\/\\\/www.retaildetail.be\\\/fr\\\/news\\\/food\\\/la-nouvelle-comparaison-des-prix-de-lidl-suscite-la-colere-de-ses-concurrents\\\/#breadcrumb\"},\"inLanguage\":\"fr-FR\",\"potentialAction\":[{\"@type\":\"ReadAction\",\"target\":[\"https:\\\/\\\/www.retaildetail.be\\\/fr\\\/news\\\/food\\\/la-nouvelle-comparaison-des-prix-de-lidl-suscite-la-colere-de-ses-concurrents\\\/\"]}]},{\"@type\":\"ImageObject\",\"inLanguage\":\"fr-FR\",\"@id\":\"https:\\\/\\\/www.retaildetail.be\\\/fr\\\/news\\\/food\\\/la-nouvelle-comparaison-des-prix-de-lidl-suscite-la-colere-de-ses-concurrents\\\/#primaryimage\",\"url\":\"https:\\\/\\\/www.retaildetail.be\\\/wp-content\\\/uploads\\\/2026\\\/01\\\/Lidl-prijsvergelijking-1.jpg\",\"contentUrl\":\"https:\\\/\\\/www.retaildetail.be\\\/wp-content\\\/uploads\\\/2026\\\/01\\\/Lidl-prijsvergelijking-1.jpg\",\"width\":1008,\"height\":588},{\"@type\":\"BreadcrumbList\",\"@id\":\"https:\\\/\\\/www.retaildetail.be\\\/fr\\\/news\\\/food\\\/la-nouvelle-comparaison-des-prix-de-lidl-suscite-la-colere-de-ses-concurrents\\\/#breadcrumb\",\"itemListElement\":[{\"@type\":\"ListItem\",\"position\":1,\"name\":\"Home\",\"item\":\"https:\\\/\\\/www.retaildetail.be\\\/fr\\\/\"},{\"@type\":\"ListItem\",\"position\":2,\"name\":\"Une nouvelle comparaison des prix de Lidl suscite la col\u00e8re de ses concurrents\"}]},{\"@type\":\"WebSite\",\"@id\":\"https:\\\/\\\/www.retaildetail.be\\\/nl\\\/#website\",\"url\":\"https:\\\/\\\/www.retaildetail.be\\\/nl\\\/\",\"name\":\"RetailDetail BE\",\"description\":\"News\",\"publisher\":{\"@id\":\"https:\\\/\\\/www.retaildetail.be\\\/nl\\\/#organization\"},\"potentialAction\":[{\"@type\":\"SearchAction\",\"target\":{\"@type\":\"EntryPoint\",\"urlTemplate\":\"https:\\\/\\\/www.retaildetail.be\\\/nl\\\/?s={search_term_string}\"},\"query-input\":{\"@type\":\"PropertyValueSpecification\",\"valueRequired\":true,\"valueName\":\"search_term_string\"}}],\"inLanguage\":\"fr-FR\"},{\"@type\":\"Organization\",\"@id\":\"https:\\\/\\\/www.retaildetail.be\\\/nl\\\/#organization\",\"name\":\"RetailDetail BE\",\"url\":\"https:\\\/\\\/www.retaildetail.be\\\/nl\\\/\",\"logo\":{\"@type\":\"ImageObject\",\"inLanguage\":\"fr-FR\",\"@id\":\"https:\\\/\\\/www.retaildetail.be\\\/nl\\\/#\\\/schema\\\/logo\\\/image\\\/\",\"url\":\"https:\\\/\\\/www.retaildetail.be\\\/wp-content\\\/uploads\\\/2022\\\/04\\\/logo.svg\",\"contentUrl\":\"https:\\\/\\\/www.retaildetail.be\\\/wp-content\\\/uploads\\\/2022\\\/04\\\/logo.svg\",\"width\":131,\"height\":70,\"caption\":\"RetailDetail BE\"},\"image\":{\"@id\":\"https:\\\/\\\/www.retaildetail.be\\\/nl\\\/#\\\/schema\\\/logo\\\/image\\\/\"}},{\"@type\":\"Person\",\"@id\":\"https:\\\/\\\/www.retaildetail.be\\\/nl\\\/#\\\/schema\\\/person\\\/51aec6069c4416aa2f68b2e4ff3455df\",\"name\":\"Stefan Van Rompaey\",\"image\":{\"@type\":\"ImageObject\",\"inLanguage\":\"fr-FR\",\"@id\":\"https:\\\/\\\/secure.gravatar.com\\\/avatar\\\/fbbb4a80a0f109888b2a5ab8ae255617499ecde533749b3ab2fa6c23b5d65dac?s=96&d=mm&r=g\",\"url\":\"https:\\\/\\\/secure.gravatar.com\\\/avatar\\\/fbbb4a80a0f109888b2a5ab8ae255617499ecde533749b3ab2fa6c23b5d65dac?s=96&d=mm&r=g\",\"contentUrl\":\"https:\\\/\\\/secure.gravatar.com\\\/avatar\\\/fbbb4a80a0f109888b2a5ab8ae255617499ecde533749b3ab2fa6c23b5d65dac?s=96&d=mm&r=g\",\"caption\":\"Stefan Van Rompaey\"},\"url\":\"https:\\\/\\\/www.retaildetail.be\\\/fr\\\/author\\\/stefanvanrompaey\\\/\"}]}<\/script>\n<!-- \/ Yoast SEO plugin. -->","yoast_head_json":{"title":"Une nouvelle comparaison des prix de Lidl suscite la col\u00e8re de ses concurrents - RetailDetail BE","description":"\u00c0 la suite d'une nouvelle vague de baisses de prix, Lidl publie dans son prospectus de la semaine prochaine une comparaison des prix avec ses concurrents.","robots":{"index":"index","follow":"follow","max-snippet":"max-snippet:-1","max-image-preview":"max-image-preview:large","max-video-preview":"max-video-preview:-1"},"canonical":"https:\/\/www.retaildetail.be\/fr\/news\/food\/la-nouvelle-comparaison-des-prix-de-lidl-suscite-la-colere-de-ses-concurrents\/","og_locale":"fr_FR","og_type":"article","og_title":"Une nouvelle comparaison des prix de Lidl suscite la col\u00e8re de ses concurrents - RetailDetail BE","og_description":"\u00c0 la suite d'une nouvelle vague de baisses de prix, Lidl publie dans son prospectus de la semaine prochaine une comparaison des prix avec ses concurrents.","og_url":"https:\/\/www.retaildetail.be\/fr\/news\/food\/la-nouvelle-comparaison-des-prix-de-lidl-suscite-la-colere-de-ses-concurrents\/","og_site_name":"RetailDetail BE","article_published_time":"2026-01-23T13:48:54+00:00","article_modified_time":"2026-01-24T08:06:03+00:00","og_image":[{"width":1008,"height":588,"url":"https:\/\/www.retaildetail.be\/wp-content\/uploads\/2026\/01\/Lidl-prijsvergelijking-1.jpg","type":"image\/jpeg"}],"author":"Stefan Van Rompaey","twitter_card":"summary_large_image","twitter_misc":{"\u00c9crit par":"Stefan Van Rompaey","Dur\u00e9e de lecture estim\u00e9e":"4 minutes"},"schema":{"@context":"https:\/\/schema.org","@graph":[{"@type":"NewsArticle","@id":"https:\/\/www.retaildetail.be\/fr\/news\/food\/la-nouvelle-comparaison-des-prix-de-lidl-suscite-la-colere-de-ses-concurrents\/#article","isPartOf":{"@id":"https:\/\/www.retaildetail.be\/fr\/news\/food\/la-nouvelle-comparaison-des-prix-de-lidl-suscite-la-colere-de-ses-concurrents\/"},"author":{"name":"Stefan Van Rompaey","@id":"https:\/\/www.retaildetail.be\/nl\/#\/schema\/person\/51aec6069c4416aa2f68b2e4ff3455df"},"headline":"Une nouvelle comparaison des prix de Lidl suscite la col\u00e8re de ses concurrents","datePublished":"2026-01-23T13:48:54+00:00","dateModified":"2026-01-24T08:06:03+00:00","mainEntityOfPage":{"@id":"https:\/\/www.retaildetail.be\/fr\/news\/food\/la-nouvelle-comparaison-des-prix-de-lidl-suscite-la-colere-de-ses-concurrents\/"},"wordCount":782,"publisher":{"@id":"https:\/\/www.retaildetail.be\/nl\/#organization"},"image":{"@id":"https:\/\/www.retaildetail.be\/fr\/news\/food\/la-nouvelle-comparaison-des-prix-de-lidl-suscite-la-colere-de-ses-concurrents\/#primaryimage"},"thumbnailUrl":"https:\/\/www.retaildetail.be\/wp-content\/uploads\/2026\/01\/Lidl-prijsvergelijking-1.jpg","articleSection":["Food","Food"],"inLanguage":"fr-FR","copyrightYear":"2026","copyrightHolder":{"@id":"https:\/\/www.retaildetail.be\/#organization"}},{"@type":"WebPage","@id":"https:\/\/www.retaildetail.be\/fr\/news\/food\/la-nouvelle-comparaison-des-prix-de-lidl-suscite-la-colere-de-ses-concurrents\/","url":"https:\/\/www.retaildetail.be\/fr\/news\/food\/la-nouvelle-comparaison-des-prix-de-lidl-suscite-la-colere-de-ses-concurrents\/","name":"Une nouvelle comparaison des prix de Lidl suscite la col\u00e8re de ses concurrents - RetailDetail BE","isPartOf":{"@id":"https:\/\/www.retaildetail.be\/nl\/#website"},"primaryImageOfPage":{"@id":"https:\/\/www.retaildetail.be\/fr\/news\/food\/la-nouvelle-comparaison-des-prix-de-lidl-suscite-la-colere-de-ses-concurrents\/#primaryimage"},"image":{"@id":"https:\/\/www.retaildetail.be\/fr\/news\/food\/la-nouvelle-comparaison-des-prix-de-lidl-suscite-la-colere-de-ses-concurrents\/#primaryimage"},"thumbnailUrl":"https:\/\/www.retaildetail.be\/wp-content\/uploads\/2026\/01\/Lidl-prijsvergelijking-1.jpg","datePublished":"2026-01-23T13:48:54+00:00","dateModified":"2026-01-24T08:06:03+00:00","description":"\u00c0 la suite d'une nouvelle vague de baisses de prix, Lidl publie dans son prospectus de la semaine prochaine une comparaison des prix avec ses concurrents.","breadcrumb":{"@id":"https:\/\/www.retaildetail.be\/fr\/news\/food\/la-nouvelle-comparaison-des-prix-de-lidl-suscite-la-colere-de-ses-concurrents\/#breadcrumb"},"inLanguage":"fr-FR","potentialAction":[{"@type":"ReadAction","target":["https:\/\/www.retaildetail.be\/fr\/news\/food\/la-nouvelle-comparaison-des-prix-de-lidl-suscite-la-colere-de-ses-concurrents\/"]}]},{"@type":"ImageObject","inLanguage":"fr-FR","@id":"https:\/\/www.retaildetail.be\/fr\/news\/food\/la-nouvelle-comparaison-des-prix-de-lidl-suscite-la-colere-de-ses-concurrents\/#primaryimage","url":"https:\/\/www.retaildetail.be\/wp-content\/uploads\/2026\/01\/Lidl-prijsvergelijking-1.jpg","contentUrl":"https:\/\/www.retaildetail.be\/wp-content\/uploads\/2026\/01\/Lidl-prijsvergelijking-1.jpg","width":1008,"height":588},{"@type":"BreadcrumbList","@id":"https:\/\/www.retaildetail.be\/fr\/news\/food\/la-nouvelle-comparaison-des-prix-de-lidl-suscite-la-colere-de-ses-concurrents\/#breadcrumb","itemListElement":[{"@type":"ListItem","position":1,"name":"Home","item":"https:\/\/www.retaildetail.be\/fr\/"},{"@type":"ListItem","position":2,"name":"Une nouvelle comparaison des prix de Lidl suscite la col\u00e8re de ses concurrents"}]},{"@type":"WebSite","@id":"https:\/\/www.retaildetail.be\/nl\/#website","url":"https:\/\/www.retaildetail.be\/nl\/","name":"RetailDetail BE","description":"News","publisher":{"@id":"https:\/\/www.retaildetail.be\/nl\/#organization"},"potentialAction":[{"@type":"SearchAction","target":{"@type":"EntryPoint","urlTemplate":"https:\/\/www.retaildetail.be\/nl\/?s={search_term_string}"},"query-input":{"@type":"PropertyValueSpecification","valueRequired":true,"valueName":"search_term_string"}}],"inLanguage":"fr-FR"},{"@type":"Organization","@id":"https:\/\/www.retaildetail.be\/nl\/#organization","name":"RetailDetail BE","url":"https:\/\/www.retaildetail.be\/nl\/","logo":{"@type":"ImageObject","inLanguage":"fr-FR","@id":"https:\/\/www.retaildetail.be\/nl\/#\/schema\/logo\/image\/","url":"https:\/\/www.retaildetail.be\/wp-content\/uploads\/2022\/04\/logo.svg","contentUrl":"https:\/\/www.retaildetail.be\/wp-content\/uploads\/2022\/04\/logo.svg","width":131,"height":70,"caption":"RetailDetail BE"},"image":{"@id":"https:\/\/www.retaildetail.be\/nl\/#\/schema\/logo\/image\/"}},{"@type":"Person","@id":"https:\/\/www.retaildetail.be\/nl\/#\/schema\/person\/51aec6069c4416aa2f68b2e4ff3455df","name":"Stefan Van Rompaey","image":{"@type":"ImageObject","inLanguage":"fr-FR","@id":"https:\/\/secure.gravatar.com\/avatar\/fbbb4a80a0f109888b2a5ab8ae255617499ecde533749b3ab2fa6c23b5d65dac?s=96&d=mm&r=g","url":"https:\/\/secure.gravatar.com\/avatar\/fbbb4a80a0f109888b2a5ab8ae255617499ecde533749b3ab2fa6c23b5d65dac?s=96&d=mm&r=g","contentUrl":"https:\/\/secure.gravatar.com\/avatar\/fbbb4a80a0f109888b2a5ab8ae255617499ecde533749b3ab2fa6c23b5d65dac?s=96&d=mm&r=g","caption":"Stefan Van Rompaey"},"url":"https:\/\/www.retaildetail.be\/fr\/author\/stefanvanrompaey\/"}]}},"jetpack_featured_media_url":"https:\/\/www.retaildetail.be\/wp-content\/uploads\/2026\/01\/Lidl-prijsvergelijking-1.jpg","jetpack_sharing_enabled":true,"_links":{"self":[{"href":"https:\/\/www.retaildetail.be\/fr\/wp-json\/wp\/v2\/posts\/140539","targetHints":{"allow":["GET"]}}],"collection":[{"href":"https:\/\/www.retaildetail.be\/fr\/wp-json\/wp\/v2\/posts"}],"about":[{"href":"https:\/\/www.retaildetail.be\/fr\/wp-json\/wp\/v2\/types\/post"}],"author":[{"embeddable":true,"href":"https:\/\/www.retaildetail.be\/fr\/wp-json\/wp\/v2\/users\/3"}],"replies":[{"embeddable":true,"href":"https:\/\/www.retaildetail.be\/fr\/wp-json\/wp\/v2\/comments?post=140539"}],"version-history":[{"count":4,"href":"https:\/\/www.retaildetail.be\/fr\/wp-json\/wp\/v2\/posts\/140539\/revisions"}],"predecessor-version":[{"id":140569,"href":"https:\/\/www.retaildetail.be\/fr\/wp-json\/wp\/v2\/posts\/140539\/revisions\/140569"}],"wp:featuredmedia":[{"embeddable":true,"href":"https:\/\/www.retaildetail.be\/fr\/wp-json\/wp\/v2\/media\/140540"}],"wp:attachment":[{"href":"https:\/\/www.retaildetail.be\/fr\/wp-json\/wp\/v2\/media?parent=140539"}],"wp:term":[{"taxonomy":"category","embeddable":true,"href":"https:\/\/www.retaildetail.be\/fr\/wp-json\/wp\/v2\/categories?post=140539"},{"taxonomy":"post_tag","embeddable":true,"href":"https:\/\/www.retaildetail.be\/fr\/wp-json\/wp\/v2\/tags?post=140539"},{"taxonomy":"people","embeddable":true,"href":"https:\/\/www.retaildetail.be\/fr\/wp-json\/wp\/v2\/people?post=140539"},{"taxonomy":"extra","embeddable":true,"href":"https:\/\/www.retaildetail.be\/fr\/wp-json\/wp\/v2\/extra?post=140539"},{"taxonomy":"company","embeddable":true,"href":"https:\/\/www.retaildetail.be\/fr\/wp-json\/wp\/v2\/company?post=140539"},{"taxonomy":"topic","embeddable":true,"href":"https:\/\/www.retaildetail.be\/fr\/wp-json\/wp\/v2\/topic?post=140539"},{"taxonomy":"region","embeddable":true,"href":"https:\/\/www.retaildetail.be\/fr\/wp-json\/wp\/v2\/region?post=140539"}],"curies":[{"name":"wp","href":"https:\/\/api.w.org\/{rel}","templated":true}]}}