{"id":140579,"date":"2026-01-26T09:59:48","date_gmt":"2026-01-26T08:59:48","guid":{"rendered":"https:\/\/www.retaildetail.be\/?p=140579"},"modified":"2026-02-02T14:44:38","modified_gmt":"2026-02-02T13:44:38","slug":"le-milliardaire-kretinsky-lance-une-offre-publique-dachat-sur-fnac-darty","status":"publish","type":"post","link":"https:\/\/www.retaildetail.be\/fr\/news\/electro\/le-milliardaire-kretinsky-lance-une-offre-publique-dachat-sur-fnac-darty\/","title":{"rendered":"Le milliardaire Kretinsky lance une offre publique d&rsquo;achat sur Fnac Darty"},"content":{"rendered":"\n<p>L&rsquo;investisseur tch\u00e8que Daniel Kretinsky souhaite devenir actionnaire majoritaire de <strong>Fnac Darty<\/strong> afin d&rsquo;\u00e9viter que le g\u00e9ant chinois <strong>JD.com<\/strong> n&rsquo;acqui\u00e8re une influence trop importante sur le distributeur d&rsquo;\u00e9lectronique via <strong>Ceconomy<\/strong>.<\/p>\n\n\n\n<h2 class=\"wp-block-heading\">Inqui\u00e9tudes concernant JD.com<\/h2>\n\n\n\n<p>Vendredi dernier, M. Kretinsky a inform\u00e9 le conseil d&rsquo;administration de Fnac Darty de son intention de lancer une offre publique d&rsquo;achat \u00ab amicale \u00bb qui lui permettrait d&rsquo;acqu\u00e9rir 50 % du capital. Le conseil d&rsquo;administration de Fnac Darty a accueilli favorablement cette offre \u00e0 l&rsquo;unanimit\u00e9, a annonc\u00e9 le d\u00e9taillant dans un communiqu\u00e9 de presse.<\/p>\n\n\n\n<p>L&rsquo;investisseur fait son offre alors que le deuxi\u00e8me actionnaire de Fnac Darty, l&rsquo;allemand Ceconomy, est rachet\u00e9 par le groupe chinois JD.com. Il s&rsquo;inqui\u00e9terait de l&rsquo;influence croissante du g\u00e9ant du commerce \u00e9lectronique, m\u00eame si le minist\u00e8re fran\u00e7ais des Finances a obtenu en novembre l&rsquo;engagement de JD.com de ne pas s&rsquo;immiscer dans la gestion du groupe.<\/p>\n\n\n\n<p>Le Tch\u00e8que d\u00e9tient actuellement une participation de 28,5 % dans Fnac Darty via la filiale Vesa Equity Investment de sa holding EP Group. Il devrait proposer environ 36 euros par action, soit 230 millions d&rsquo;euros, pour mener \u00e0 bien son op\u00e9ration.<\/p>\n","protected":false},"excerpt":{"rendered":"<p>L&rsquo;investisseur tch\u00e8que Daniel Kretinsky souhaite devenir actionnaire majoritaire de Fnac Darty afin d&rsquo;\u00e9viter que le g\u00e9ant chinois JD.com n&rsquo;acqui\u00e8re une influence trop importante sur le distributeur d&rsquo;\u00e9lectrom\u00e9nager via Ceconomy. <\/p>\n","protected":false},"author":3,"featured_media":140580,"comment_status":"closed","ping_status":"closed","sticky":false,"template":"","format":"standard","meta":{"_acf_changed":false,"inline_featured_image":false,"_jetpack_memberships_contains_paid_content":false,"footnotes":""},"categories":[23,17],"tags":[],"people":[1152],"extra":[43],"company":[426,1602,511,454],"topic":[282],"region":[],"class_list":["post-140579","post","type-post","status-publish","format-standard","has-post-thumbnail","hentry","category-electro","category-elektro","people-daniel-kretinsky","extra-plus","company-ceconomy","company-darty","company-fnac","company-jd-com","topic-acquisition"],"acf":[],"yoast_head":"<!-- This site is optimized with the Yoast SEO plugin v27.3 - https:\/\/yoast.com\/product\/yoast-seo-wordpress\/ -->\n<title>Le milliardaire Kretinsky lance une offre publique d&#039;achat sur Fnac Darty - RetailDetail BE<\/title>\n<meta name=\"description\" content=\"L&#039;investisseur tch\u00e8que Daniel Kretinsky souhaite devenir actionnaire majoritaire de Fnac Darty afin d&#039;\u00e9viter que le g\u00e9ant chinois JD.com n&#039;acqui\u00e8re une influence trop importante.\" \/>\n<meta name=\"robots\" content=\"index, follow, max-snippet:-1, max-image-preview:large, max-video-preview:-1\" \/>\n<link rel=\"canonical\" href=\"https:\/\/www.retaildetail.be\/fr\/news\/electro\/le-milliardaire-kretinsky-lance-une-offre-publique-dachat-sur-fnac-darty\/\" \/>\n<meta property=\"og:locale\" content=\"fr_FR\" \/>\n<meta property=\"og:type\" content=\"article\" \/>\n<meta property=\"og:title\" content=\"Le milliardaire Kretinsky lance une offre publique d&#039;achat sur Fnac Darty - RetailDetail BE\" \/>\n<meta property=\"og:description\" content=\"L&#039;investisseur tch\u00e8que Daniel Kretinsky souhaite devenir actionnaire majoritaire de Fnac Darty afin d&#039;\u00e9viter que le g\u00e9ant chinois JD.com n&#039;acqui\u00e8re une influence trop importante.\" \/>\n<meta property=\"og:url\" content=\"https:\/\/www.retaildetail.be\/fr\/news\/electro\/le-milliardaire-kretinsky-lance-une-offre-publique-dachat-sur-fnac-darty\/\" \/>\n<meta property=\"og:site_name\" content=\"RetailDetail BE\" \/>\n<meta property=\"article:published_time\" content=\"2026-01-26T08:59:48+00:00\" \/>\n<meta property=\"article:modified_time\" content=\"2026-02-02T13:44:38+00:00\" \/>\n<meta property=\"og:image\" content=\"https:\/\/www.retaildetail.be\/wp-content\/uploads\/2026\/01\/fnac-darty.jpg\" \/>\n\t<meta property=\"og:image:width\" content=\"1000\" \/>\n\t<meta property=\"og:image:height\" content=\"667\" \/>\n\t<meta property=\"og:image:type\" content=\"image\/jpeg\" \/>\n<meta name=\"author\" content=\"Stefan Van Rompaey\" \/>\n<meta name=\"twitter:card\" content=\"summary_large_image\" \/>\n<meta name=\"twitter:label1\" content=\"\u00c9crit par\" \/>\n\t<meta name=\"twitter:data1\" content=\"Stefan Van Rompaey\" \/>\n\t<meta name=\"twitter:label2\" content=\"Dur\u00e9e de lecture estim\u00e9e\" \/>\n\t<meta name=\"twitter:data2\" content=\"1 minute\" \/>\n<script type=\"application\/ld+json\" class=\"yoast-schema-graph\">{\"@context\":\"https:\\\/\\\/schema.org\",\"@graph\":[{\"@type\":\"NewsArticle\",\"@id\":\"https:\\\/\\\/www.retaildetail.be\\\/fr\\\/news\\\/electro\\\/le-milliardaire-kretinsky-lance-une-offre-publique-dachat-sur-fnac-darty\\\/#article\",\"isPartOf\":{\"@id\":\"https:\\\/\\\/www.retaildetail.be\\\/fr\\\/news\\\/electro\\\/le-milliardaire-kretinsky-lance-une-offre-publique-dachat-sur-fnac-darty\\\/\"},\"author\":{\"name\":\"Stefan Van Rompaey\",\"@id\":\"https:\\\/\\\/www.retaildetail.be\\\/nl\\\/#\\\/schema\\\/person\\\/51aec6069c4416aa2f68b2e4ff3455df\"},\"headline\":\"Le milliardaire Kretinsky lance une offre publique d&rsquo;achat sur Fnac Darty\",\"datePublished\":\"2026-01-26T08:59:48+00:00\",\"dateModified\":\"2026-02-02T13:44:38+00:00\",\"mainEntityOfPage\":{\"@id\":\"https:\\\/\\\/www.retaildetail.be\\\/fr\\\/news\\\/electro\\\/le-milliardaire-kretinsky-lance-une-offre-publique-dachat-sur-fnac-darty\\\/\"},\"wordCount\":218,\"publisher\":{\"@id\":\"https:\\\/\\\/www.retaildetail.be\\\/nl\\\/#organization\"},\"image\":{\"@id\":\"https:\\\/\\\/www.retaildetail.be\\\/fr\\\/news\\\/electro\\\/le-milliardaire-kretinsky-lance-une-offre-publique-dachat-sur-fnac-darty\\\/#primaryimage\"},\"thumbnailUrl\":\"https:\\\/\\\/www.retaildetail.be\\\/wp-content\\\/uploads\\\/2026\\\/01\\\/fnac-darty.jpg\",\"articleSection\":[\"Electro\",\"Elektro\"],\"inLanguage\":\"fr-FR\",\"copyrightYear\":\"2026\",\"copyrightHolder\":{\"@id\":\"https:\\\/\\\/www.retaildetail.be\\\/#organization\"}},{\"@type\":\"WebPage\",\"@id\":\"https:\\\/\\\/www.retaildetail.be\\\/fr\\\/news\\\/electro\\\/le-milliardaire-kretinsky-lance-une-offre-publique-dachat-sur-fnac-darty\\\/\",\"url\":\"https:\\\/\\\/www.retaildetail.be\\\/fr\\\/news\\\/electro\\\/le-milliardaire-kretinsky-lance-une-offre-publique-dachat-sur-fnac-darty\\\/\",\"name\":\"Le milliardaire Kretinsky lance une offre publique d'achat sur Fnac Darty - RetailDetail BE\",\"isPartOf\":{\"@id\":\"https:\\\/\\\/www.retaildetail.be\\\/nl\\\/#website\"},\"primaryImageOfPage\":{\"@id\":\"https:\\\/\\\/www.retaildetail.be\\\/fr\\\/news\\\/electro\\\/le-milliardaire-kretinsky-lance-une-offre-publique-dachat-sur-fnac-darty\\\/#primaryimage\"},\"image\":{\"@id\":\"https:\\\/\\\/www.retaildetail.be\\\/fr\\\/news\\\/electro\\\/le-milliardaire-kretinsky-lance-une-offre-publique-dachat-sur-fnac-darty\\\/#primaryimage\"},\"thumbnailUrl\":\"https:\\\/\\\/www.retaildetail.be\\\/wp-content\\\/uploads\\\/2026\\\/01\\\/fnac-darty.jpg\",\"datePublished\":\"2026-01-26T08:59:48+00:00\",\"dateModified\":\"2026-02-02T13:44:38+00:00\",\"description\":\"L'investisseur tch\u00e8que Daniel Kretinsky souhaite devenir actionnaire majoritaire de Fnac Darty afin d'\u00e9viter que le g\u00e9ant chinois JD.com n'acqui\u00e8re une influence trop importante.\",\"breadcrumb\":{\"@id\":\"https:\\\/\\\/www.retaildetail.be\\\/fr\\\/news\\\/electro\\\/le-milliardaire-kretinsky-lance-une-offre-publique-dachat-sur-fnac-darty\\\/#breadcrumb\"},\"inLanguage\":\"fr-FR\",\"potentialAction\":[{\"@type\":\"ReadAction\",\"target\":[\"https:\\\/\\\/www.retaildetail.be\\\/fr\\\/news\\\/electro\\\/le-milliardaire-kretinsky-lance-une-offre-publique-dachat-sur-fnac-darty\\\/\"]}]},{\"@type\":\"ImageObject\",\"inLanguage\":\"fr-FR\",\"@id\":\"https:\\\/\\\/www.retaildetail.be\\\/fr\\\/news\\\/electro\\\/le-milliardaire-kretinsky-lance-une-offre-publique-dachat-sur-fnac-darty\\\/#primaryimage\",\"url\":\"https:\\\/\\\/www.retaildetail.be\\\/wp-content\\\/uploads\\\/2026\\\/01\\\/fnac-darty.jpg\",\"contentUrl\":\"https:\\\/\\\/www.retaildetail.be\\\/wp-content\\\/uploads\\\/2026\\\/01\\\/fnac-darty.jpg\",\"width\":1000,\"height\":667},{\"@type\":\"BreadcrumbList\",\"@id\":\"https:\\\/\\\/www.retaildetail.be\\\/fr\\\/news\\\/electro\\\/le-milliardaire-kretinsky-lance-une-offre-publique-dachat-sur-fnac-darty\\\/#breadcrumb\",\"itemListElement\":[{\"@type\":\"ListItem\",\"position\":1,\"name\":\"Home\",\"item\":\"https:\\\/\\\/www.retaildetail.be\\\/fr\\\/\"},{\"@type\":\"ListItem\",\"position\":2,\"name\":\"Le milliardaire Kretinsky lance une offre publique d&#8217;achat sur Fnac Darty\"}]},{\"@type\":\"WebSite\",\"@id\":\"https:\\\/\\\/www.retaildetail.be\\\/nl\\\/#website\",\"url\":\"https:\\\/\\\/www.retaildetail.be\\\/nl\\\/\",\"name\":\"RetailDetail BE\",\"description\":\"News\",\"publisher\":{\"@id\":\"https:\\\/\\\/www.retaildetail.be\\\/nl\\\/#organization\"},\"potentialAction\":[{\"@type\":\"SearchAction\",\"target\":{\"@type\":\"EntryPoint\",\"urlTemplate\":\"https:\\\/\\\/www.retaildetail.be\\\/nl\\\/?s={search_term_string}\"},\"query-input\":{\"@type\":\"PropertyValueSpecification\",\"valueRequired\":true,\"valueName\":\"search_term_string\"}}],\"inLanguage\":\"fr-FR\"},{\"@type\":\"Organization\",\"@id\":\"https:\\\/\\\/www.retaildetail.be\\\/nl\\\/#organization\",\"name\":\"RetailDetail BE\",\"url\":\"https:\\\/\\\/www.retaildetail.be\\\/nl\\\/\",\"logo\":{\"@type\":\"ImageObject\",\"inLanguage\":\"fr-FR\",\"@id\":\"https:\\\/\\\/www.retaildetail.be\\\/nl\\\/#\\\/schema\\\/logo\\\/image\\\/\",\"url\":\"https:\\\/\\\/www.retaildetail.be\\\/wp-content\\\/uploads\\\/2022\\\/04\\\/logo.svg\",\"contentUrl\":\"https:\\\/\\\/www.retaildetail.be\\\/wp-content\\\/uploads\\\/2022\\\/04\\\/logo.svg\",\"width\":131,\"height\":70,\"caption\":\"RetailDetail BE\"},\"image\":{\"@id\":\"https:\\\/\\\/www.retaildetail.be\\\/nl\\\/#\\\/schema\\\/logo\\\/image\\\/\"}},{\"@type\":\"Person\",\"@id\":\"https:\\\/\\\/www.retaildetail.be\\\/nl\\\/#\\\/schema\\\/person\\\/51aec6069c4416aa2f68b2e4ff3455df\",\"name\":\"Stefan Van Rompaey\",\"image\":{\"@type\":\"ImageObject\",\"inLanguage\":\"fr-FR\",\"@id\":\"https:\\\/\\\/secure.gravatar.com\\\/avatar\\\/fbbb4a80a0f109888b2a5ab8ae255617499ecde533749b3ab2fa6c23b5d65dac?s=96&d=mm&r=g\",\"url\":\"https:\\\/\\\/secure.gravatar.com\\\/avatar\\\/fbbb4a80a0f109888b2a5ab8ae255617499ecde533749b3ab2fa6c23b5d65dac?s=96&d=mm&r=g\",\"contentUrl\":\"https:\\\/\\\/secure.gravatar.com\\\/avatar\\\/fbbb4a80a0f109888b2a5ab8ae255617499ecde533749b3ab2fa6c23b5d65dac?s=96&d=mm&r=g\",\"caption\":\"Stefan Van Rompaey\"},\"url\":\"https:\\\/\\\/www.retaildetail.be\\\/fr\\\/author\\\/stefanvanrompaey\\\/\"}]}<\/script>\n<!-- \/ Yoast SEO plugin. -->","yoast_head_json":{"title":"Le milliardaire Kretinsky lance une offre publique d'achat sur Fnac Darty - RetailDetail BE","description":"L'investisseur tch\u00e8que Daniel Kretinsky souhaite devenir actionnaire majoritaire de Fnac Darty afin d'\u00e9viter que le g\u00e9ant chinois JD.com n'acqui\u00e8re une influence trop importante.","robots":{"index":"index","follow":"follow","max-snippet":"max-snippet:-1","max-image-preview":"max-image-preview:large","max-video-preview":"max-video-preview:-1"},"canonical":"https:\/\/www.retaildetail.be\/fr\/news\/electro\/le-milliardaire-kretinsky-lance-une-offre-publique-dachat-sur-fnac-darty\/","og_locale":"fr_FR","og_type":"article","og_title":"Le milliardaire Kretinsky lance une offre publique d'achat sur Fnac Darty - RetailDetail BE","og_description":"L'investisseur tch\u00e8que Daniel Kretinsky souhaite devenir actionnaire majoritaire de Fnac Darty afin d'\u00e9viter que le g\u00e9ant chinois JD.com n'acqui\u00e8re une influence trop importante.","og_url":"https:\/\/www.retaildetail.be\/fr\/news\/electro\/le-milliardaire-kretinsky-lance-une-offre-publique-dachat-sur-fnac-darty\/","og_site_name":"RetailDetail BE","article_published_time":"2026-01-26T08:59:48+00:00","article_modified_time":"2026-02-02T13:44:38+00:00","og_image":[{"width":1000,"height":667,"url":"https:\/\/www.retaildetail.be\/wp-content\/uploads\/2026\/01\/fnac-darty.jpg","type":"image\/jpeg"}],"author":"Stefan Van Rompaey","twitter_card":"summary_large_image","twitter_misc":{"\u00c9crit par":"Stefan Van Rompaey","Dur\u00e9e de lecture estim\u00e9e":"1 minute"},"schema":{"@context":"https:\/\/schema.org","@graph":[{"@type":"NewsArticle","@id":"https:\/\/www.retaildetail.be\/fr\/news\/electro\/le-milliardaire-kretinsky-lance-une-offre-publique-dachat-sur-fnac-darty\/#article","isPartOf":{"@id":"https:\/\/www.retaildetail.be\/fr\/news\/electro\/le-milliardaire-kretinsky-lance-une-offre-publique-dachat-sur-fnac-darty\/"},"author":{"name":"Stefan Van Rompaey","@id":"https:\/\/www.retaildetail.be\/nl\/#\/schema\/person\/51aec6069c4416aa2f68b2e4ff3455df"},"headline":"Le milliardaire Kretinsky lance une offre publique d&rsquo;achat sur Fnac Darty","datePublished":"2026-01-26T08:59:48+00:00","dateModified":"2026-02-02T13:44:38+00:00","mainEntityOfPage":{"@id":"https:\/\/www.retaildetail.be\/fr\/news\/electro\/le-milliardaire-kretinsky-lance-une-offre-publique-dachat-sur-fnac-darty\/"},"wordCount":218,"publisher":{"@id":"https:\/\/www.retaildetail.be\/nl\/#organization"},"image":{"@id":"https:\/\/www.retaildetail.be\/fr\/news\/electro\/le-milliardaire-kretinsky-lance-une-offre-publique-dachat-sur-fnac-darty\/#primaryimage"},"thumbnailUrl":"https:\/\/www.retaildetail.be\/wp-content\/uploads\/2026\/01\/fnac-darty.jpg","articleSection":["Electro","Elektro"],"inLanguage":"fr-FR","copyrightYear":"2026","copyrightHolder":{"@id":"https:\/\/www.retaildetail.be\/#organization"}},{"@type":"WebPage","@id":"https:\/\/www.retaildetail.be\/fr\/news\/electro\/le-milliardaire-kretinsky-lance-une-offre-publique-dachat-sur-fnac-darty\/","url":"https:\/\/www.retaildetail.be\/fr\/news\/electro\/le-milliardaire-kretinsky-lance-une-offre-publique-dachat-sur-fnac-darty\/","name":"Le milliardaire Kretinsky lance une offre publique d'achat sur Fnac Darty - RetailDetail BE","isPartOf":{"@id":"https:\/\/www.retaildetail.be\/nl\/#website"},"primaryImageOfPage":{"@id":"https:\/\/www.retaildetail.be\/fr\/news\/electro\/le-milliardaire-kretinsky-lance-une-offre-publique-dachat-sur-fnac-darty\/#primaryimage"},"image":{"@id":"https:\/\/www.retaildetail.be\/fr\/news\/electro\/le-milliardaire-kretinsky-lance-une-offre-publique-dachat-sur-fnac-darty\/#primaryimage"},"thumbnailUrl":"https:\/\/www.retaildetail.be\/wp-content\/uploads\/2026\/01\/fnac-darty.jpg","datePublished":"2026-01-26T08:59:48+00:00","dateModified":"2026-02-02T13:44:38+00:00","description":"L'investisseur tch\u00e8que Daniel Kretinsky souhaite devenir actionnaire majoritaire de Fnac Darty afin d'\u00e9viter que le g\u00e9ant chinois JD.com n'acqui\u00e8re une influence trop importante.","breadcrumb":{"@id":"https:\/\/www.retaildetail.be\/fr\/news\/electro\/le-milliardaire-kretinsky-lance-une-offre-publique-dachat-sur-fnac-darty\/#breadcrumb"},"inLanguage":"fr-FR","potentialAction":[{"@type":"ReadAction","target":["https:\/\/www.retaildetail.be\/fr\/news\/electro\/le-milliardaire-kretinsky-lance-une-offre-publique-dachat-sur-fnac-darty\/"]}]},{"@type":"ImageObject","inLanguage":"fr-FR","@id":"https:\/\/www.retaildetail.be\/fr\/news\/electro\/le-milliardaire-kretinsky-lance-une-offre-publique-dachat-sur-fnac-darty\/#primaryimage","url":"https:\/\/www.retaildetail.be\/wp-content\/uploads\/2026\/01\/fnac-darty.jpg","contentUrl":"https:\/\/www.retaildetail.be\/wp-content\/uploads\/2026\/01\/fnac-darty.jpg","width":1000,"height":667},{"@type":"BreadcrumbList","@id":"https:\/\/www.retaildetail.be\/fr\/news\/electro\/le-milliardaire-kretinsky-lance-une-offre-publique-dachat-sur-fnac-darty\/#breadcrumb","itemListElement":[{"@type":"ListItem","position":1,"name":"Home","item":"https:\/\/www.retaildetail.be\/fr\/"},{"@type":"ListItem","position":2,"name":"Le milliardaire Kretinsky lance une offre publique d&#8217;achat sur Fnac Darty"}]},{"@type":"WebSite","@id":"https:\/\/www.retaildetail.be\/nl\/#website","url":"https:\/\/www.retaildetail.be\/nl\/","name":"RetailDetail BE","description":"News","publisher":{"@id":"https:\/\/www.retaildetail.be\/nl\/#organization"},"potentialAction":[{"@type":"SearchAction","target":{"@type":"EntryPoint","urlTemplate":"https:\/\/www.retaildetail.be\/nl\/?s={search_term_string}"},"query-input":{"@type":"PropertyValueSpecification","valueRequired":true,"valueName":"search_term_string"}}],"inLanguage":"fr-FR"},{"@type":"Organization","@id":"https:\/\/www.retaildetail.be\/nl\/#organization","name":"RetailDetail BE","url":"https:\/\/www.retaildetail.be\/nl\/","logo":{"@type":"ImageObject","inLanguage":"fr-FR","@id":"https:\/\/www.retaildetail.be\/nl\/#\/schema\/logo\/image\/","url":"https:\/\/www.retaildetail.be\/wp-content\/uploads\/2022\/04\/logo.svg","contentUrl":"https:\/\/www.retaildetail.be\/wp-content\/uploads\/2022\/04\/logo.svg","width":131,"height":70,"caption":"RetailDetail BE"},"image":{"@id":"https:\/\/www.retaildetail.be\/nl\/#\/schema\/logo\/image\/"}},{"@type":"Person","@id":"https:\/\/www.retaildetail.be\/nl\/#\/schema\/person\/51aec6069c4416aa2f68b2e4ff3455df","name":"Stefan Van Rompaey","image":{"@type":"ImageObject","inLanguage":"fr-FR","@id":"https:\/\/secure.gravatar.com\/avatar\/fbbb4a80a0f109888b2a5ab8ae255617499ecde533749b3ab2fa6c23b5d65dac?s=96&d=mm&r=g","url":"https:\/\/secure.gravatar.com\/avatar\/fbbb4a80a0f109888b2a5ab8ae255617499ecde533749b3ab2fa6c23b5d65dac?s=96&d=mm&r=g","contentUrl":"https:\/\/secure.gravatar.com\/avatar\/fbbb4a80a0f109888b2a5ab8ae255617499ecde533749b3ab2fa6c23b5d65dac?s=96&d=mm&r=g","caption":"Stefan Van Rompaey"},"url":"https:\/\/www.retaildetail.be\/fr\/author\/stefanvanrompaey\/"}]}},"jetpack_featured_media_url":"https:\/\/www.retaildetail.be\/wp-content\/uploads\/2026\/01\/fnac-darty.jpg","jetpack_sharing_enabled":true,"_links":{"self":[{"href":"https:\/\/www.retaildetail.be\/fr\/wp-json\/wp\/v2\/posts\/140579","targetHints":{"allow":["GET"]}}],"collection":[{"href":"https:\/\/www.retaildetail.be\/fr\/wp-json\/wp\/v2\/posts"}],"about":[{"href":"https:\/\/www.retaildetail.be\/fr\/wp-json\/wp\/v2\/types\/post"}],"author":[{"embeddable":true,"href":"https:\/\/www.retaildetail.be\/fr\/wp-json\/wp\/v2\/users\/3"}],"replies":[{"embeddable":true,"href":"https:\/\/www.retaildetail.be\/fr\/wp-json\/wp\/v2\/comments?post=140579"}],"version-history":[{"count":1,"href":"https:\/\/www.retaildetail.be\/fr\/wp-json\/wp\/v2\/posts\/140579\/revisions"}],"predecessor-version":[{"id":140582,"href":"https:\/\/www.retaildetail.be\/fr\/wp-json\/wp\/v2\/posts\/140579\/revisions\/140582"}],"wp:featuredmedia":[{"embeddable":true,"href":"https:\/\/www.retaildetail.be\/fr\/wp-json\/wp\/v2\/media\/140580"}],"wp:attachment":[{"href":"https:\/\/www.retaildetail.be\/fr\/wp-json\/wp\/v2\/media?parent=140579"}],"wp:term":[{"taxonomy":"category","embeddable":true,"href":"https:\/\/www.retaildetail.be\/fr\/wp-json\/wp\/v2\/categories?post=140579"},{"taxonomy":"post_tag","embeddable":true,"href":"https:\/\/www.retaildetail.be\/fr\/wp-json\/wp\/v2\/tags?post=140579"},{"taxonomy":"people","embeddable":true,"href":"https:\/\/www.retaildetail.be\/fr\/wp-json\/wp\/v2\/people?post=140579"},{"taxonomy":"extra","embeddable":true,"href":"https:\/\/www.retaildetail.be\/fr\/wp-json\/wp\/v2\/extra?post=140579"},{"taxonomy":"company","embeddable":true,"href":"https:\/\/www.retaildetail.be\/fr\/wp-json\/wp\/v2\/company?post=140579"},{"taxonomy":"topic","embeddable":true,"href":"https:\/\/www.retaildetail.be\/fr\/wp-json\/wp\/v2\/topic?post=140579"},{"taxonomy":"region","embeddable":true,"href":"https:\/\/www.retaildetail.be\/fr\/wp-json\/wp\/v2\/region?post=140579"}],"curies":[{"name":"wp","href":"https:\/\/api.w.org\/{rel}","templated":true}]}}