{"id":140623,"date":"2026-01-26T14:41:59","date_gmt":"2026-01-26T13:41:59","guid":{"rendered":"https:\/\/www.retaildetail.be\/?p=140623"},"modified":"2026-02-02T14:46:20","modified_gmt":"2026-02-02T13:46:20","slug":"ikea-etend-son-marche-de-loccasion-a-la-suede","status":"publish","type":"post","link":"https:\/\/www.retaildetail.be\/fr\/news\/maison-deco\/ikea-etend-son-marche-de-loccasion-a-la-suede\/","title":{"rendered":"Ikea \u00e9tend son march\u00e9 de l&rsquo;occasion \u00e0 la Su\u00e8de"},"content":{"rendered":"\n<p>Le 28 janvier, <strong>Ikea<\/strong> lancera \u00e9galement sa place de march\u00e9 pour les produits d&rsquo;occasion sur son march\u00e9 domestique su\u00e9dois. La plateforme d&rsquo;occasion de la cha\u00eene de magasins d&rsquo;ameublement sera d\u00e9sormais active dans cinq pays europ\u00e9ens.<\/p>\n\n\n\n<h2 class=\"wp-block-heading\">\u00ab Prolonger la dur\u00e9e de vie des produits \u00bb<\/h2>\n\n\n\n<p>Ikea a d&rsquo;abord test\u00e9 sa place de march\u00e9 d&rsquo;occasion en Espagne et en Norv\u00e8ge, avant de la d\u00e9ployer au Portugal et en Pologne en 2025. Les particuliers peuvent y acheter et vendre directement entre eux, avec l&rsquo;aide du d\u00e9taillant pour la fixation des prix et les informations sur les produits. Le service est gratuit. Lors de la vente, les vendeurs peuvent choisir entre un paiement en esp\u00e8ces ou un ch\u00e8que-cadeau Ikea avec 15 % de valeur suppl\u00e9mentaire.<\/p>\n\n\n\n<p>Selon Ikea, le march\u00e9 des meubles d&rsquo;occasion conna\u00eet une croissance rapide en Su\u00e8de. En Europe, les produits Ikea repr\u00e9sentent environ 9 % du march\u00e9 de l&rsquo;occasion pour les meubles. De plus, la plateforme fournit des informations sur les pr\u00e9f\u00e9rences des clients, la fixation des prix et les d\u00e9fis du march\u00e9 de l&rsquo;occasion. Sur les march\u00e9s o\u00f9 le service est actif, la demande est particuli\u00e8rement forte pour les meubles de chambre \u00e0 coucher, les solutions de rangement et les meubles de salon.<\/p>\n\n\n\n<p>\u00ab Avec le lancement de la place de march\u00e9 Ikea pour les articles d&rsquo;occasion en Su\u00e8de, nous franchissons une \u00e9tape importante pour cr\u00e9er une gamme Ikea encore plus abordable et permettre aux clients de prolonger plus facilement la dur\u00e9e de vie de leurs articles \u00bb, d\u00e9clare Kirsten Andersson, PDG de Platform &amp; Marketplaces chez Ingka Group.<\/p>\n\n\n\n<p>Il y a un an, le d\u00e9taillant avait d\u00e9j\u00e0 annonc\u00e9 que la place de march\u00e9 <a href=\"https:\/\/www.retaildetail.be\/fr\/news\/maison-deco\/ikea-etend-sa-marketplace-de-seconde-main-a-toute-leurope\/\">serait d\u00e9ploy\u00e9e dans toute l&rsquo;Europe<\/a>.<\/p>\n\n\n\n<p><\/p>\n","protected":false},"excerpt":{"rendered":"<p>Le 28 janvier, Ikea lancera \u00e9galement sa place de march\u00e9 num\u00e9rique pour les produits d&rsquo;occasion sur son march\u00e9 domestique su\u00e9dois. La plateforme d&rsquo;occasion de la cha\u00eene de magasins d&rsquo;ameublement est d\u00e9sormais active dans cinq pays europ\u00e9ens. <\/p>\n","protected":false},"author":10,"featured_media":140624,"comment_status":"closed","ping_status":"closed","sticky":false,"template":"","format":"standard","meta":{"_acf_changed":false,"inline_featured_image":false,"_jetpack_memberships_contains_paid_content":false,"footnotes":""},"categories":[29,21],"tags":[595,173,94],"people":[],"extra":[],"company":[211],"topic":[373,198],"region":[404],"class_list":["post-140623","post","type-post","status-publish","format-standard","has-post-thumbnail","hentry","category-maison-deco","category-wonen","tag-marktplaats","tag-seconde-main","tag-tweedehands","company-ikea","topic-durabilite","topic-e-commerce","region-zweden"],"acf":[],"yoast_head":"<!-- This site is optimized with the Yoast SEO plugin v27.3 - https:\/\/yoast.com\/product\/yoast-seo-wordpress\/ -->\n<title>Ikea \u00e9tend son march\u00e9 de l&#039;occasion \u00e0 la Su\u00e8de - RetailDetail BE<\/title>\n<meta name=\"description\" content=\"Le 28 janvier, Ikea lancera \u00e9galement sa place de march\u00e9 pour les produits d&#039;occasion sur son march\u00e9 domestique su\u00e9dois.\" \/>\n<meta name=\"robots\" content=\"index, follow, max-snippet:-1, max-image-preview:large, max-video-preview:-1\" \/>\n<link rel=\"canonical\" href=\"https:\/\/www.retaildetail.be\/fr\/news\/maison-deco\/ikea-etend-son-marche-de-loccasion-a-la-suede\/\" \/>\n<meta property=\"og:locale\" content=\"fr_FR\" \/>\n<meta property=\"og:type\" content=\"article\" \/>\n<meta property=\"og:title\" content=\"Ikea \u00e9tend son march\u00e9 de l&#039;occasion \u00e0 la Su\u00e8de - RetailDetail BE\" \/>\n<meta property=\"og:description\" content=\"Le 28 janvier, Ikea lancera \u00e9galement sa place de march\u00e9 pour les produits d&#039;occasion sur son march\u00e9 domestique su\u00e9dois.\" \/>\n<meta property=\"og:url\" content=\"https:\/\/www.retaildetail.be\/fr\/news\/maison-deco\/ikea-etend-son-marche-de-loccasion-a-la-suede\/\" \/>\n<meta property=\"og:site_name\" content=\"RetailDetail BE\" \/>\n<meta property=\"article:published_time\" content=\"2026-01-26T13:41:59+00:00\" \/>\n<meta property=\"article:modified_time\" content=\"2026-02-02T13:46:20+00:00\" \/>\n<meta property=\"og:image\" content=\"https:\/\/www.retaildetail.be\/wp-content\/uploads\/2026\/01\/ikea-preowned.jpg\" \/>\n\t<meta property=\"og:image:width\" content=\"1198\" \/>\n\t<meta property=\"og:image:height\" content=\"840\" \/>\n\t<meta property=\"og:image:type\" content=\"image\/jpeg\" \/>\n<meta name=\"author\" content=\"Jorg Snoeck\" \/>\n<meta name=\"twitter:card\" content=\"summary_large_image\" \/>\n<meta name=\"twitter:label1\" content=\"\u00c9crit par\" \/>\n\t<meta name=\"twitter:data1\" content=\"Jorg Snoeck\" \/>\n\t<meta name=\"twitter:label2\" content=\"Dur\u00e9e de lecture estim\u00e9e\" \/>\n\t<meta name=\"twitter:data2\" content=\"1 minute\" \/>\n<script type=\"application\/ld+json\" class=\"yoast-schema-graph\">{\"@context\":\"https:\\\/\\\/schema.org\",\"@graph\":[{\"@type\":\"NewsArticle\",\"@id\":\"https:\\\/\\\/www.retaildetail.be\\\/fr\\\/news\\\/maison-deco\\\/ikea-etend-son-marche-de-loccasion-a-la-suede\\\/#article\",\"isPartOf\":{\"@id\":\"https:\\\/\\\/www.retaildetail.be\\\/fr\\\/news\\\/maison-deco\\\/ikea-etend-son-marche-de-loccasion-a-la-suede\\\/\"},\"author\":{\"name\":\"Jorg Snoeck\",\"@id\":\"https:\\\/\\\/www.retaildetail.be\\\/nl\\\/#\\\/schema\\\/person\\\/71d9b89376db00e9b1aa8a2841e71a72\"},\"headline\":\"Ikea \u00e9tend son march\u00e9 de l&rsquo;occasion \u00e0 la Su\u00e8de\",\"datePublished\":\"2026-01-26T13:41:59+00:00\",\"dateModified\":\"2026-02-02T13:46:20+00:00\",\"mainEntityOfPage\":{\"@id\":\"https:\\\/\\\/www.retaildetail.be\\\/fr\\\/news\\\/maison-deco\\\/ikea-etend-son-marche-de-loccasion-a-la-suede\\\/\"},\"wordCount\":315,\"publisher\":{\"@id\":\"https:\\\/\\\/www.retaildetail.be\\\/nl\\\/#organization\"},\"image\":{\"@id\":\"https:\\\/\\\/www.retaildetail.be\\\/fr\\\/news\\\/maison-deco\\\/ikea-etend-son-marche-de-loccasion-a-la-suede\\\/#primaryimage\"},\"thumbnailUrl\":\"https:\\\/\\\/www.retaildetail.be\\\/wp-content\\\/uploads\\\/2026\\\/01\\\/ikea-preowned.jpg\",\"keywords\":[\"Marktplaats\",\"seconde main\",\"Tweedehands\"],\"articleSection\":[\"Maison &amp; D\u00e9co\",\"Wonen\"],\"inLanguage\":\"fr-FR\",\"copyrightYear\":\"2026\",\"copyrightHolder\":{\"@id\":\"https:\\\/\\\/www.retaildetail.be\\\/#organization\"}},{\"@type\":\"WebPage\",\"@id\":\"https:\\\/\\\/www.retaildetail.be\\\/fr\\\/news\\\/maison-deco\\\/ikea-etend-son-marche-de-loccasion-a-la-suede\\\/\",\"url\":\"https:\\\/\\\/www.retaildetail.be\\\/fr\\\/news\\\/maison-deco\\\/ikea-etend-son-marche-de-loccasion-a-la-suede\\\/\",\"name\":\"Ikea \u00e9tend son march\u00e9 de l'occasion \u00e0 la Su\u00e8de - RetailDetail BE\",\"isPartOf\":{\"@id\":\"https:\\\/\\\/www.retaildetail.be\\\/nl\\\/#website\"},\"primaryImageOfPage\":{\"@id\":\"https:\\\/\\\/www.retaildetail.be\\\/fr\\\/news\\\/maison-deco\\\/ikea-etend-son-marche-de-loccasion-a-la-suede\\\/#primaryimage\"},\"image\":{\"@id\":\"https:\\\/\\\/www.retaildetail.be\\\/fr\\\/news\\\/maison-deco\\\/ikea-etend-son-marche-de-loccasion-a-la-suede\\\/#primaryimage\"},\"thumbnailUrl\":\"https:\\\/\\\/www.retaildetail.be\\\/wp-content\\\/uploads\\\/2026\\\/01\\\/ikea-preowned.jpg\",\"datePublished\":\"2026-01-26T13:41:59+00:00\",\"dateModified\":\"2026-02-02T13:46:20+00:00\",\"description\":\"Le 28 janvier, Ikea lancera \u00e9galement sa place de march\u00e9 pour les produits d'occasion sur son march\u00e9 domestique su\u00e9dois.\",\"breadcrumb\":{\"@id\":\"https:\\\/\\\/www.retaildetail.be\\\/fr\\\/news\\\/maison-deco\\\/ikea-etend-son-marche-de-loccasion-a-la-suede\\\/#breadcrumb\"},\"inLanguage\":\"fr-FR\",\"potentialAction\":[{\"@type\":\"ReadAction\",\"target\":[\"https:\\\/\\\/www.retaildetail.be\\\/fr\\\/news\\\/maison-deco\\\/ikea-etend-son-marche-de-loccasion-a-la-suede\\\/\"]}]},{\"@type\":\"ImageObject\",\"inLanguage\":\"fr-FR\",\"@id\":\"https:\\\/\\\/www.retaildetail.be\\\/fr\\\/news\\\/maison-deco\\\/ikea-etend-son-marche-de-loccasion-a-la-suede\\\/#primaryimage\",\"url\":\"https:\\\/\\\/www.retaildetail.be\\\/wp-content\\\/uploads\\\/2026\\\/01\\\/ikea-preowned.jpg\",\"contentUrl\":\"https:\\\/\\\/www.retaildetail.be\\\/wp-content\\\/uploads\\\/2026\\\/01\\\/ikea-preowned.jpg\",\"width\":1198,\"height\":840,\"caption\":\"IKEA\"},{\"@type\":\"BreadcrumbList\",\"@id\":\"https:\\\/\\\/www.retaildetail.be\\\/fr\\\/news\\\/maison-deco\\\/ikea-etend-son-marche-de-loccasion-a-la-suede\\\/#breadcrumb\",\"itemListElement\":[{\"@type\":\"ListItem\",\"position\":1,\"name\":\"Home\",\"item\":\"https:\\\/\\\/www.retaildetail.be\\\/fr\\\/\"},{\"@type\":\"ListItem\",\"position\":2,\"name\":\"Ikea \u00e9tend son march\u00e9 de l&#8217;occasion \u00e0 la Su\u00e8de\"}]},{\"@type\":\"WebSite\",\"@id\":\"https:\\\/\\\/www.retaildetail.be\\\/nl\\\/#website\",\"url\":\"https:\\\/\\\/www.retaildetail.be\\\/nl\\\/\",\"name\":\"RetailDetail BE\",\"description\":\"News\",\"publisher\":{\"@id\":\"https:\\\/\\\/www.retaildetail.be\\\/nl\\\/#organization\"},\"potentialAction\":[{\"@type\":\"SearchAction\",\"target\":{\"@type\":\"EntryPoint\",\"urlTemplate\":\"https:\\\/\\\/www.retaildetail.be\\\/nl\\\/?s={search_term_string}\"},\"query-input\":{\"@type\":\"PropertyValueSpecification\",\"valueRequired\":true,\"valueName\":\"search_term_string\"}}],\"inLanguage\":\"fr-FR\"},{\"@type\":\"Organization\",\"@id\":\"https:\\\/\\\/www.retaildetail.be\\\/nl\\\/#organization\",\"name\":\"RetailDetail BE\",\"url\":\"https:\\\/\\\/www.retaildetail.be\\\/nl\\\/\",\"logo\":{\"@type\":\"ImageObject\",\"inLanguage\":\"fr-FR\",\"@id\":\"https:\\\/\\\/www.retaildetail.be\\\/nl\\\/#\\\/schema\\\/logo\\\/image\\\/\",\"url\":\"https:\\\/\\\/www.retaildetail.be\\\/wp-content\\\/uploads\\\/2022\\\/04\\\/logo.svg\",\"contentUrl\":\"https:\\\/\\\/www.retaildetail.be\\\/wp-content\\\/uploads\\\/2022\\\/04\\\/logo.svg\",\"width\":131,\"height\":70,\"caption\":\"RetailDetail BE\"},\"image\":{\"@id\":\"https:\\\/\\\/www.retaildetail.be\\\/nl\\\/#\\\/schema\\\/logo\\\/image\\\/\"}},{\"@type\":\"Person\",\"@id\":\"https:\\\/\\\/www.retaildetail.be\\\/nl\\\/#\\\/schema\\\/person\\\/71d9b89376db00e9b1aa8a2841e71a72\",\"name\":\"Jorg Snoeck\",\"image\":{\"@type\":\"ImageObject\",\"inLanguage\":\"fr-FR\",\"@id\":\"https:\\\/\\\/secure.gravatar.com\\\/avatar\\\/fc1bd94c7d40f2446e6bf778bb34cf9ab000168f63533cec8e072f4ad96ce7f3?s=96&d=mm&r=g\",\"url\":\"https:\\\/\\\/secure.gravatar.com\\\/avatar\\\/fc1bd94c7d40f2446e6bf778bb34cf9ab000168f63533cec8e072f4ad96ce7f3?s=96&d=mm&r=g\",\"contentUrl\":\"https:\\\/\\\/secure.gravatar.com\\\/avatar\\\/fc1bd94c7d40f2446e6bf778bb34cf9ab000168f63533cec8e072f4ad96ce7f3?s=96&d=mm&r=g\",\"caption\":\"Jorg Snoeck\"},\"url\":\"https:\\\/\\\/www.retaildetail.be\\\/fr\\\/author\\\/jorgsnoeck\\\/\"}]}<\/script>\n<!-- \/ Yoast SEO plugin. -->","yoast_head_json":{"title":"Ikea \u00e9tend son march\u00e9 de l'occasion \u00e0 la Su\u00e8de - RetailDetail BE","description":"Le 28 janvier, Ikea lancera \u00e9galement sa place de march\u00e9 pour les produits d'occasion sur son march\u00e9 domestique su\u00e9dois.","robots":{"index":"index","follow":"follow","max-snippet":"max-snippet:-1","max-image-preview":"max-image-preview:large","max-video-preview":"max-video-preview:-1"},"canonical":"https:\/\/www.retaildetail.be\/fr\/news\/maison-deco\/ikea-etend-son-marche-de-loccasion-a-la-suede\/","og_locale":"fr_FR","og_type":"article","og_title":"Ikea \u00e9tend son march\u00e9 de l'occasion \u00e0 la Su\u00e8de - RetailDetail BE","og_description":"Le 28 janvier, Ikea lancera \u00e9galement sa place de march\u00e9 pour les produits d'occasion sur son march\u00e9 domestique su\u00e9dois.","og_url":"https:\/\/www.retaildetail.be\/fr\/news\/maison-deco\/ikea-etend-son-marche-de-loccasion-a-la-suede\/","og_site_name":"RetailDetail BE","article_published_time":"2026-01-26T13:41:59+00:00","article_modified_time":"2026-02-02T13:46:20+00:00","og_image":[{"width":1198,"height":840,"url":"https:\/\/www.retaildetail.be\/wp-content\/uploads\/2026\/01\/ikea-preowned.jpg","type":"image\/jpeg"}],"author":"Jorg Snoeck","twitter_card":"summary_large_image","twitter_misc":{"\u00c9crit par":"Jorg Snoeck","Dur\u00e9e de lecture estim\u00e9e":"1 minute"},"schema":{"@context":"https:\/\/schema.org","@graph":[{"@type":"NewsArticle","@id":"https:\/\/www.retaildetail.be\/fr\/news\/maison-deco\/ikea-etend-son-marche-de-loccasion-a-la-suede\/#article","isPartOf":{"@id":"https:\/\/www.retaildetail.be\/fr\/news\/maison-deco\/ikea-etend-son-marche-de-loccasion-a-la-suede\/"},"author":{"name":"Jorg Snoeck","@id":"https:\/\/www.retaildetail.be\/nl\/#\/schema\/person\/71d9b89376db00e9b1aa8a2841e71a72"},"headline":"Ikea \u00e9tend son march\u00e9 de l&rsquo;occasion \u00e0 la Su\u00e8de","datePublished":"2026-01-26T13:41:59+00:00","dateModified":"2026-02-02T13:46:20+00:00","mainEntityOfPage":{"@id":"https:\/\/www.retaildetail.be\/fr\/news\/maison-deco\/ikea-etend-son-marche-de-loccasion-a-la-suede\/"},"wordCount":315,"publisher":{"@id":"https:\/\/www.retaildetail.be\/nl\/#organization"},"image":{"@id":"https:\/\/www.retaildetail.be\/fr\/news\/maison-deco\/ikea-etend-son-marche-de-loccasion-a-la-suede\/#primaryimage"},"thumbnailUrl":"https:\/\/www.retaildetail.be\/wp-content\/uploads\/2026\/01\/ikea-preowned.jpg","keywords":["Marktplaats","seconde main","Tweedehands"],"articleSection":["Maison &amp; D\u00e9co","Wonen"],"inLanguage":"fr-FR","copyrightYear":"2026","copyrightHolder":{"@id":"https:\/\/www.retaildetail.be\/#organization"}},{"@type":"WebPage","@id":"https:\/\/www.retaildetail.be\/fr\/news\/maison-deco\/ikea-etend-son-marche-de-loccasion-a-la-suede\/","url":"https:\/\/www.retaildetail.be\/fr\/news\/maison-deco\/ikea-etend-son-marche-de-loccasion-a-la-suede\/","name":"Ikea \u00e9tend son march\u00e9 de l'occasion \u00e0 la Su\u00e8de - RetailDetail BE","isPartOf":{"@id":"https:\/\/www.retaildetail.be\/nl\/#website"},"primaryImageOfPage":{"@id":"https:\/\/www.retaildetail.be\/fr\/news\/maison-deco\/ikea-etend-son-marche-de-loccasion-a-la-suede\/#primaryimage"},"image":{"@id":"https:\/\/www.retaildetail.be\/fr\/news\/maison-deco\/ikea-etend-son-marche-de-loccasion-a-la-suede\/#primaryimage"},"thumbnailUrl":"https:\/\/www.retaildetail.be\/wp-content\/uploads\/2026\/01\/ikea-preowned.jpg","datePublished":"2026-01-26T13:41:59+00:00","dateModified":"2026-02-02T13:46:20+00:00","description":"Le 28 janvier, Ikea lancera \u00e9galement sa place de march\u00e9 pour les produits d'occasion sur son march\u00e9 domestique su\u00e9dois.","breadcrumb":{"@id":"https:\/\/www.retaildetail.be\/fr\/news\/maison-deco\/ikea-etend-son-marche-de-loccasion-a-la-suede\/#breadcrumb"},"inLanguage":"fr-FR","potentialAction":[{"@type":"ReadAction","target":["https:\/\/www.retaildetail.be\/fr\/news\/maison-deco\/ikea-etend-son-marche-de-loccasion-a-la-suede\/"]}]},{"@type":"ImageObject","inLanguage":"fr-FR","@id":"https:\/\/www.retaildetail.be\/fr\/news\/maison-deco\/ikea-etend-son-marche-de-loccasion-a-la-suede\/#primaryimage","url":"https:\/\/www.retaildetail.be\/wp-content\/uploads\/2026\/01\/ikea-preowned.jpg","contentUrl":"https:\/\/www.retaildetail.be\/wp-content\/uploads\/2026\/01\/ikea-preowned.jpg","width":1198,"height":840,"caption":"IKEA"},{"@type":"BreadcrumbList","@id":"https:\/\/www.retaildetail.be\/fr\/news\/maison-deco\/ikea-etend-son-marche-de-loccasion-a-la-suede\/#breadcrumb","itemListElement":[{"@type":"ListItem","position":1,"name":"Home","item":"https:\/\/www.retaildetail.be\/fr\/"},{"@type":"ListItem","position":2,"name":"Ikea \u00e9tend son march\u00e9 de l&#8217;occasion \u00e0 la Su\u00e8de"}]},{"@type":"WebSite","@id":"https:\/\/www.retaildetail.be\/nl\/#website","url":"https:\/\/www.retaildetail.be\/nl\/","name":"RetailDetail BE","description":"News","publisher":{"@id":"https:\/\/www.retaildetail.be\/nl\/#organization"},"potentialAction":[{"@type":"SearchAction","target":{"@type":"EntryPoint","urlTemplate":"https:\/\/www.retaildetail.be\/nl\/?s={search_term_string}"},"query-input":{"@type":"PropertyValueSpecification","valueRequired":true,"valueName":"search_term_string"}}],"inLanguage":"fr-FR"},{"@type":"Organization","@id":"https:\/\/www.retaildetail.be\/nl\/#organization","name":"RetailDetail BE","url":"https:\/\/www.retaildetail.be\/nl\/","logo":{"@type":"ImageObject","inLanguage":"fr-FR","@id":"https:\/\/www.retaildetail.be\/nl\/#\/schema\/logo\/image\/","url":"https:\/\/www.retaildetail.be\/wp-content\/uploads\/2022\/04\/logo.svg","contentUrl":"https:\/\/www.retaildetail.be\/wp-content\/uploads\/2022\/04\/logo.svg","width":131,"height":70,"caption":"RetailDetail BE"},"image":{"@id":"https:\/\/www.retaildetail.be\/nl\/#\/schema\/logo\/image\/"}},{"@type":"Person","@id":"https:\/\/www.retaildetail.be\/nl\/#\/schema\/person\/71d9b89376db00e9b1aa8a2841e71a72","name":"Jorg Snoeck","image":{"@type":"ImageObject","inLanguage":"fr-FR","@id":"https:\/\/secure.gravatar.com\/avatar\/fc1bd94c7d40f2446e6bf778bb34cf9ab000168f63533cec8e072f4ad96ce7f3?s=96&d=mm&r=g","url":"https:\/\/secure.gravatar.com\/avatar\/fc1bd94c7d40f2446e6bf778bb34cf9ab000168f63533cec8e072f4ad96ce7f3?s=96&d=mm&r=g","contentUrl":"https:\/\/secure.gravatar.com\/avatar\/fc1bd94c7d40f2446e6bf778bb34cf9ab000168f63533cec8e072f4ad96ce7f3?s=96&d=mm&r=g","caption":"Jorg Snoeck"},"url":"https:\/\/www.retaildetail.be\/fr\/author\/jorgsnoeck\/"}]}},"jetpack_featured_media_url":"https:\/\/www.retaildetail.be\/wp-content\/uploads\/2026\/01\/ikea-preowned.jpg","jetpack_sharing_enabled":true,"_links":{"self":[{"href":"https:\/\/www.retaildetail.be\/fr\/wp-json\/wp\/v2\/posts\/140623","targetHints":{"allow":["GET"]}}],"collection":[{"href":"https:\/\/www.retaildetail.be\/fr\/wp-json\/wp\/v2\/posts"}],"about":[{"href":"https:\/\/www.retaildetail.be\/fr\/wp-json\/wp\/v2\/types\/post"}],"author":[{"embeddable":true,"href":"https:\/\/www.retaildetail.be\/fr\/wp-json\/wp\/v2\/users\/10"}],"replies":[{"embeddable":true,"href":"https:\/\/www.retaildetail.be\/fr\/wp-json\/wp\/v2\/comments?post=140623"}],"version-history":[{"count":1,"href":"https:\/\/www.retaildetail.be\/fr\/wp-json\/wp\/v2\/posts\/140623\/revisions"}],"predecessor-version":[{"id":140627,"href":"https:\/\/www.retaildetail.be\/fr\/wp-json\/wp\/v2\/posts\/140623\/revisions\/140627"}],"wp:featuredmedia":[{"embeddable":true,"href":"https:\/\/www.retaildetail.be\/fr\/wp-json\/wp\/v2\/media\/140624"}],"wp:attachment":[{"href":"https:\/\/www.retaildetail.be\/fr\/wp-json\/wp\/v2\/media?parent=140623"}],"wp:term":[{"taxonomy":"category","embeddable":true,"href":"https:\/\/www.retaildetail.be\/fr\/wp-json\/wp\/v2\/categories?post=140623"},{"taxonomy":"post_tag","embeddable":true,"href":"https:\/\/www.retaildetail.be\/fr\/wp-json\/wp\/v2\/tags?post=140623"},{"taxonomy":"people","embeddable":true,"href":"https:\/\/www.retaildetail.be\/fr\/wp-json\/wp\/v2\/people?post=140623"},{"taxonomy":"extra","embeddable":true,"href":"https:\/\/www.retaildetail.be\/fr\/wp-json\/wp\/v2\/extra?post=140623"},{"taxonomy":"company","embeddable":true,"href":"https:\/\/www.retaildetail.be\/fr\/wp-json\/wp\/v2\/company?post=140623"},{"taxonomy":"topic","embeddable":true,"href":"https:\/\/www.retaildetail.be\/fr\/wp-json\/wp\/v2\/topic?post=140623"},{"taxonomy":"region","embeddable":true,"href":"https:\/\/www.retaildetail.be\/fr\/wp-json\/wp\/v2\/region?post=140623"}],"curies":[{"name":"wp","href":"https:\/\/api.w.org\/{rel}","templated":true}]}}