{"id":140747,"date":"2026-01-27T15:26:37","date_gmt":"2026-01-27T14:26:37","guid":{"rendered":"https:\/\/www.retaildetail.be\/?p=140747"},"modified":"2026-02-02T14:48:55","modified_gmt":"2026-02-02T13:48:55","slug":"auchan-prevoit-de-vendre-91-supermarches-au-groupement-mousquetaires","status":"publish","type":"post","link":"https:\/\/www.retaildetail.be\/fr\/news\/food\/auchan-prevoit-de-vendre-91-supermarches-au-groupement-mousquetaires\/","title":{"rendered":"Auchan pr\u00e9voit de vendre 91 supermarch\u00e9s au Groupement Mousquetaires"},"content":{"rendered":"\n<p><strong>Auchan <\/strong>modifie son plan de restructuration visant \u00e0 exploiter pr\u00e8s de 300 supermarch\u00e9s en franchise sous l&rsquo;enseigne <strong>Intermarch\u00e9<\/strong> ou <strong>Netto<\/strong>. \u00c0 la place, le d\u00e9taillant souhaite d\u00e9sormais vendre 91 supermarch\u00e9s au <strong>Groupement Mousquetaires<\/strong>.<\/p>\n\n\n\n<h2 class=\"wp-block-heading\">Focus sur les hypermarch\u00e9s<\/h2>\n\n\n\n<p>En novembre, Auchan a surpris le monde de la distribution fran\u00e7aise en d\u00e9cidant de devenir le plus grand franchis\u00e9 du Groupement Mousquetaires et d&rsquo;exploiter d\u00e9sormais ses 294 supermarch\u00e9s fran\u00e7ais <a href=\"https:\/\/www.retaildetail.be\/fr\/news\/food\/auchan-devient-le-plus-grand-partenaire-franchise-dintermarche\/\">sous les enseignes Intermarch\u00e9 et Netto<\/a>. Aujourd&rsquo;hui, le groupe souhaite vendre 91 magasins \u00e0 des adh\u00e9rents des Mousquetaires et en int\u00e9grer 164 autres dans la nouvelle entit\u00e9 franchis\u00e9e. Selon le communiqu\u00e9 de presse, 11 des magasins concern\u00e9s resteraient chez Auchan et seraient exploit\u00e9s sous d&rsquo;autres enseignes.<\/p>\n\n\n\n<p>Le produit de la vente permettra \u00e0 Auchan d&rsquo;am\u00e9liorer quelque peu sa situation financi\u00e8re. L&rsquo;essentiel des plans de restructuration reste toutefois inchang\u00e9 : Auchan souhaite se concentrer sur son point fort historique, \u00e0 savoir les grands hypermarch\u00e9s. Le groupe pr\u00e9f\u00e8re confier l&rsquo;exploitation des supermarch\u00e9s \u00e0 un partenaire qui a acquis une plus grande expertise dans ce domaine. <\/p>\n\n\n\n<p><br><\/p>\n\n\n\n<p><\/p>\n","protected":false},"excerpt":{"rendered":"<p>Auchan modifie son plan de restructuration visant \u00e0 exploiter pr\u00e8s de 300 supermarch\u00e9s en franchise sous l&rsquo;enseigne Intermarch\u00e9 ou Netto. \u00c0 la place, le distributeur souhaite d\u00e9sormais vendre 91 supermarch\u00e9s au Groupement Mousquetaires.<\/p>\n","protected":false},"author":10,"featured_media":140748,"comment_status":"closed","ping_status":"closed","sticky":false,"template":"","format":"standard","meta":{"_acf_changed":false,"inline_featured_image":false,"_jetpack_memberships_contains_paid_content":false,"footnotes":""},"categories":[18,24],"tags":[1934],"people":[],"extra":[43],"company":[719,624],"topic":[247],"region":[342],"class_list":{"0":"post-140747","1":"post","2":"type-post","3":"status-publish","4":"format-standard","5":"has-post-thumbnail","6":"hentry","7":"category-food","9":"tag-franchise","10":"extra-plus","11":"company-auchan","12":"company-intermarche","13":"topic-franchise","14":"region-france"},"acf":[],"yoast_head":"<!-- This site is optimized with the Yoast SEO plugin v27.3 - https:\/\/yoast.com\/product\/yoast-seo-wordpress\/ -->\n<title>Auchan pr\u00e9voit de vendre 91 supermarch\u00e9s au Groupement Mousquetaires - RetailDetail BE<\/title>\n<meta name=\"description\" content=\"Auchan modifie son plan de restructuration visant \u00e0 exploiter pr\u00e8s de 300 supermarch\u00e9s en franchise sous l&#039;enseigne Intermarch\u00e9 ou Netto.\" \/>\n<meta name=\"robots\" content=\"index, follow, max-snippet:-1, max-image-preview:large, max-video-preview:-1\" \/>\n<link rel=\"canonical\" href=\"https:\/\/www.retaildetail.be\/fr\/news\/food\/auchan-prevoit-de-vendre-91-supermarches-au-groupement-mousquetaires\/\" \/>\n<meta property=\"og:locale\" content=\"fr_FR\" \/>\n<meta property=\"og:type\" content=\"article\" \/>\n<meta property=\"og:title\" content=\"Auchan pr\u00e9voit de vendre 91 supermarch\u00e9s au Groupement Mousquetaires - RetailDetail BE\" \/>\n<meta property=\"og:description\" content=\"Auchan modifie son plan de restructuration visant \u00e0 exploiter pr\u00e8s de 300 supermarch\u00e9s en franchise sous l&#039;enseigne Intermarch\u00e9 ou Netto.\" \/>\n<meta property=\"og:url\" content=\"https:\/\/www.retaildetail.be\/fr\/news\/food\/auchan-prevoit-de-vendre-91-supermarches-au-groupement-mousquetaires\/\" \/>\n<meta property=\"og:site_name\" content=\"RetailDetail BE\" \/>\n<meta property=\"article:published_time\" content=\"2026-01-27T14:26:37+00:00\" \/>\n<meta property=\"article:modified_time\" content=\"2026-02-02T13:48:55+00:00\" \/>\n<meta property=\"og:image\" content=\"https:\/\/www.retaildetail.be\/wp-content\/uploads\/2026\/01\/auchan-intermarche.jpg\" \/>\n\t<meta property=\"og:image:width\" content=\"782\" \/>\n\t<meta property=\"og:image:height\" content=\"531\" \/>\n\t<meta property=\"og:image:type\" content=\"image\/jpeg\" \/>\n<meta name=\"author\" content=\"Jorg Snoeck\" \/>\n<meta name=\"twitter:card\" content=\"summary_large_image\" \/>\n<meta name=\"twitter:label1\" content=\"\u00c9crit par\" \/>\n\t<meta name=\"twitter:data1\" content=\"Jorg Snoeck\" \/>\n\t<meta name=\"twitter:label2\" content=\"Dur\u00e9e de lecture estim\u00e9e\" \/>\n\t<meta name=\"twitter:data2\" content=\"1 minute\" \/>\n<script type=\"application\/ld+json\" class=\"yoast-schema-graph\">{\"@context\":\"https:\\\/\\\/schema.org\",\"@graph\":[{\"@type\":\"NewsArticle\",\"@id\":\"https:\\\/\\\/www.retaildetail.be\\\/fr\\\/news\\\/food\\\/auchan-prevoit-de-vendre-91-supermarches-au-groupement-mousquetaires\\\/#article\",\"isPartOf\":{\"@id\":\"https:\\\/\\\/www.retaildetail.be\\\/fr\\\/news\\\/food\\\/auchan-prevoit-de-vendre-91-supermarches-au-groupement-mousquetaires\\\/\"},\"author\":{\"name\":\"Jorg Snoeck\",\"@id\":\"https:\\\/\\\/www.retaildetail.be\\\/nl\\\/#\\\/schema\\\/person\\\/71d9b89376db00e9b1aa8a2841e71a72\"},\"headline\":\"Auchan pr\u00e9voit de vendre 91 supermarch\u00e9s au Groupement Mousquetaires\",\"datePublished\":\"2026-01-27T14:26:37+00:00\",\"dateModified\":\"2026-02-02T13:48:55+00:00\",\"mainEntityOfPage\":{\"@id\":\"https:\\\/\\\/www.retaildetail.be\\\/fr\\\/news\\\/food\\\/auchan-prevoit-de-vendre-91-supermarches-au-groupement-mousquetaires\\\/\"},\"wordCount\":195,\"publisher\":{\"@id\":\"https:\\\/\\\/www.retaildetail.be\\\/nl\\\/#organization\"},\"image\":{\"@id\":\"https:\\\/\\\/www.retaildetail.be\\\/fr\\\/news\\\/food\\\/auchan-prevoit-de-vendre-91-supermarches-au-groupement-mousquetaires\\\/#primaryimage\"},\"thumbnailUrl\":\"https:\\\/\\\/www.retaildetail.be\\\/wp-content\\\/uploads\\\/2026\\\/01\\\/auchan-intermarche.jpg\",\"keywords\":[\"franchise\"],\"articleSection\":[\"Food\",\"Food\"],\"inLanguage\":\"fr-FR\",\"copyrightYear\":\"2026\",\"copyrightHolder\":{\"@id\":\"https:\\\/\\\/www.retaildetail.be\\\/#organization\"}},{\"@type\":\"WebPage\",\"@id\":\"https:\\\/\\\/www.retaildetail.be\\\/fr\\\/news\\\/food\\\/auchan-prevoit-de-vendre-91-supermarches-au-groupement-mousquetaires\\\/\",\"url\":\"https:\\\/\\\/www.retaildetail.be\\\/fr\\\/news\\\/food\\\/auchan-prevoit-de-vendre-91-supermarches-au-groupement-mousquetaires\\\/\",\"name\":\"Auchan pr\u00e9voit de vendre 91 supermarch\u00e9s au Groupement Mousquetaires - RetailDetail BE\",\"isPartOf\":{\"@id\":\"https:\\\/\\\/www.retaildetail.be\\\/nl\\\/#website\"},\"primaryImageOfPage\":{\"@id\":\"https:\\\/\\\/www.retaildetail.be\\\/fr\\\/news\\\/food\\\/auchan-prevoit-de-vendre-91-supermarches-au-groupement-mousquetaires\\\/#primaryimage\"},\"image\":{\"@id\":\"https:\\\/\\\/www.retaildetail.be\\\/fr\\\/news\\\/food\\\/auchan-prevoit-de-vendre-91-supermarches-au-groupement-mousquetaires\\\/#primaryimage\"},\"thumbnailUrl\":\"https:\\\/\\\/www.retaildetail.be\\\/wp-content\\\/uploads\\\/2026\\\/01\\\/auchan-intermarche.jpg\",\"datePublished\":\"2026-01-27T14:26:37+00:00\",\"dateModified\":\"2026-02-02T13:48:55+00:00\",\"description\":\"Auchan modifie son plan de restructuration visant \u00e0 exploiter pr\u00e8s de 300 supermarch\u00e9s en franchise sous l'enseigne Intermarch\u00e9 ou Netto.\",\"breadcrumb\":{\"@id\":\"https:\\\/\\\/www.retaildetail.be\\\/fr\\\/news\\\/food\\\/auchan-prevoit-de-vendre-91-supermarches-au-groupement-mousquetaires\\\/#breadcrumb\"},\"inLanguage\":\"fr-FR\",\"potentialAction\":[{\"@type\":\"ReadAction\",\"target\":[\"https:\\\/\\\/www.retaildetail.be\\\/fr\\\/news\\\/food\\\/auchan-prevoit-de-vendre-91-supermarches-au-groupement-mousquetaires\\\/\"]}]},{\"@type\":\"ImageObject\",\"inLanguage\":\"fr-FR\",\"@id\":\"https:\\\/\\\/www.retaildetail.be\\\/fr\\\/news\\\/food\\\/auchan-prevoit-de-vendre-91-supermarches-au-groupement-mousquetaires\\\/#primaryimage\",\"url\":\"https:\\\/\\\/www.retaildetail.be\\\/wp-content\\\/uploads\\\/2026\\\/01\\\/auchan-intermarche.jpg\",\"contentUrl\":\"https:\\\/\\\/www.retaildetail.be\\\/wp-content\\\/uploads\\\/2026\\\/01\\\/auchan-intermarche.jpg\",\"width\":782,\"height\":531,\"caption\":\"Shutterstock.com\"},{\"@type\":\"BreadcrumbList\",\"@id\":\"https:\\\/\\\/www.retaildetail.be\\\/fr\\\/news\\\/food\\\/auchan-prevoit-de-vendre-91-supermarches-au-groupement-mousquetaires\\\/#breadcrumb\",\"itemListElement\":[{\"@type\":\"ListItem\",\"position\":1,\"name\":\"Home\",\"item\":\"https:\\\/\\\/www.retaildetail.be\\\/fr\\\/\"},{\"@type\":\"ListItem\",\"position\":2,\"name\":\"Auchan pr\u00e9voit de vendre 91 supermarch\u00e9s au Groupement Mousquetaires\"}]},{\"@type\":\"WebSite\",\"@id\":\"https:\\\/\\\/www.retaildetail.be\\\/nl\\\/#website\",\"url\":\"https:\\\/\\\/www.retaildetail.be\\\/nl\\\/\",\"name\":\"RetailDetail BE\",\"description\":\"News\",\"publisher\":{\"@id\":\"https:\\\/\\\/www.retaildetail.be\\\/nl\\\/#organization\"},\"potentialAction\":[{\"@type\":\"SearchAction\",\"target\":{\"@type\":\"EntryPoint\",\"urlTemplate\":\"https:\\\/\\\/www.retaildetail.be\\\/nl\\\/?s={search_term_string}\"},\"query-input\":{\"@type\":\"PropertyValueSpecification\",\"valueRequired\":true,\"valueName\":\"search_term_string\"}}],\"inLanguage\":\"fr-FR\"},{\"@type\":\"Organization\",\"@id\":\"https:\\\/\\\/www.retaildetail.be\\\/nl\\\/#organization\",\"name\":\"RetailDetail BE\",\"url\":\"https:\\\/\\\/www.retaildetail.be\\\/nl\\\/\",\"logo\":{\"@type\":\"ImageObject\",\"inLanguage\":\"fr-FR\",\"@id\":\"https:\\\/\\\/www.retaildetail.be\\\/nl\\\/#\\\/schema\\\/logo\\\/image\\\/\",\"url\":\"https:\\\/\\\/www.retaildetail.be\\\/wp-content\\\/uploads\\\/2022\\\/04\\\/logo.svg\",\"contentUrl\":\"https:\\\/\\\/www.retaildetail.be\\\/wp-content\\\/uploads\\\/2022\\\/04\\\/logo.svg\",\"width\":131,\"height\":70,\"caption\":\"RetailDetail BE\"},\"image\":{\"@id\":\"https:\\\/\\\/www.retaildetail.be\\\/nl\\\/#\\\/schema\\\/logo\\\/image\\\/\"}},{\"@type\":\"Person\",\"@id\":\"https:\\\/\\\/www.retaildetail.be\\\/nl\\\/#\\\/schema\\\/person\\\/71d9b89376db00e9b1aa8a2841e71a72\",\"name\":\"Jorg Snoeck\",\"image\":{\"@type\":\"ImageObject\",\"inLanguage\":\"fr-FR\",\"@id\":\"https:\\\/\\\/secure.gravatar.com\\\/avatar\\\/fc1bd94c7d40f2446e6bf778bb34cf9ab000168f63533cec8e072f4ad96ce7f3?s=96&d=mm&r=g\",\"url\":\"https:\\\/\\\/secure.gravatar.com\\\/avatar\\\/fc1bd94c7d40f2446e6bf778bb34cf9ab000168f63533cec8e072f4ad96ce7f3?s=96&d=mm&r=g\",\"contentUrl\":\"https:\\\/\\\/secure.gravatar.com\\\/avatar\\\/fc1bd94c7d40f2446e6bf778bb34cf9ab000168f63533cec8e072f4ad96ce7f3?s=96&d=mm&r=g\",\"caption\":\"Jorg Snoeck\"},\"url\":\"https:\\\/\\\/www.retaildetail.be\\\/fr\\\/author\\\/jorgsnoeck\\\/\"}]}<\/script>\n<!-- \/ Yoast SEO plugin. -->","yoast_head_json":{"title":"Auchan pr\u00e9voit de vendre 91 supermarch\u00e9s au Groupement Mousquetaires - RetailDetail BE","description":"Auchan modifie son plan de restructuration visant \u00e0 exploiter pr\u00e8s de 300 supermarch\u00e9s en franchise sous l'enseigne Intermarch\u00e9 ou Netto.","robots":{"index":"index","follow":"follow","max-snippet":"max-snippet:-1","max-image-preview":"max-image-preview:large","max-video-preview":"max-video-preview:-1"},"canonical":"https:\/\/www.retaildetail.be\/fr\/news\/food\/auchan-prevoit-de-vendre-91-supermarches-au-groupement-mousquetaires\/","og_locale":"fr_FR","og_type":"article","og_title":"Auchan pr\u00e9voit de vendre 91 supermarch\u00e9s au Groupement Mousquetaires - RetailDetail BE","og_description":"Auchan modifie son plan de restructuration visant \u00e0 exploiter pr\u00e8s de 300 supermarch\u00e9s en franchise sous l'enseigne Intermarch\u00e9 ou Netto.","og_url":"https:\/\/www.retaildetail.be\/fr\/news\/food\/auchan-prevoit-de-vendre-91-supermarches-au-groupement-mousquetaires\/","og_site_name":"RetailDetail BE","article_published_time":"2026-01-27T14:26:37+00:00","article_modified_time":"2026-02-02T13:48:55+00:00","og_image":[{"width":782,"height":531,"url":"https:\/\/www.retaildetail.be\/wp-content\/uploads\/2026\/01\/auchan-intermarche.jpg","type":"image\/jpeg"}],"author":"Jorg Snoeck","twitter_card":"summary_large_image","twitter_misc":{"\u00c9crit par":"Jorg Snoeck","Dur\u00e9e de lecture estim\u00e9e":"1 minute"},"schema":{"@context":"https:\/\/schema.org","@graph":[{"@type":"NewsArticle","@id":"https:\/\/www.retaildetail.be\/fr\/news\/food\/auchan-prevoit-de-vendre-91-supermarches-au-groupement-mousquetaires\/#article","isPartOf":{"@id":"https:\/\/www.retaildetail.be\/fr\/news\/food\/auchan-prevoit-de-vendre-91-supermarches-au-groupement-mousquetaires\/"},"author":{"name":"Jorg Snoeck","@id":"https:\/\/www.retaildetail.be\/nl\/#\/schema\/person\/71d9b89376db00e9b1aa8a2841e71a72"},"headline":"Auchan pr\u00e9voit de vendre 91 supermarch\u00e9s au Groupement Mousquetaires","datePublished":"2026-01-27T14:26:37+00:00","dateModified":"2026-02-02T13:48:55+00:00","mainEntityOfPage":{"@id":"https:\/\/www.retaildetail.be\/fr\/news\/food\/auchan-prevoit-de-vendre-91-supermarches-au-groupement-mousquetaires\/"},"wordCount":195,"publisher":{"@id":"https:\/\/www.retaildetail.be\/nl\/#organization"},"image":{"@id":"https:\/\/www.retaildetail.be\/fr\/news\/food\/auchan-prevoit-de-vendre-91-supermarches-au-groupement-mousquetaires\/#primaryimage"},"thumbnailUrl":"https:\/\/www.retaildetail.be\/wp-content\/uploads\/2026\/01\/auchan-intermarche.jpg","keywords":["franchise"],"articleSection":["Food","Food"],"inLanguage":"fr-FR","copyrightYear":"2026","copyrightHolder":{"@id":"https:\/\/www.retaildetail.be\/#organization"}},{"@type":"WebPage","@id":"https:\/\/www.retaildetail.be\/fr\/news\/food\/auchan-prevoit-de-vendre-91-supermarches-au-groupement-mousquetaires\/","url":"https:\/\/www.retaildetail.be\/fr\/news\/food\/auchan-prevoit-de-vendre-91-supermarches-au-groupement-mousquetaires\/","name":"Auchan pr\u00e9voit de vendre 91 supermarch\u00e9s au Groupement Mousquetaires - RetailDetail BE","isPartOf":{"@id":"https:\/\/www.retaildetail.be\/nl\/#website"},"primaryImageOfPage":{"@id":"https:\/\/www.retaildetail.be\/fr\/news\/food\/auchan-prevoit-de-vendre-91-supermarches-au-groupement-mousquetaires\/#primaryimage"},"image":{"@id":"https:\/\/www.retaildetail.be\/fr\/news\/food\/auchan-prevoit-de-vendre-91-supermarches-au-groupement-mousquetaires\/#primaryimage"},"thumbnailUrl":"https:\/\/www.retaildetail.be\/wp-content\/uploads\/2026\/01\/auchan-intermarche.jpg","datePublished":"2026-01-27T14:26:37+00:00","dateModified":"2026-02-02T13:48:55+00:00","description":"Auchan modifie son plan de restructuration visant \u00e0 exploiter pr\u00e8s de 300 supermarch\u00e9s en franchise sous l'enseigne Intermarch\u00e9 ou Netto.","breadcrumb":{"@id":"https:\/\/www.retaildetail.be\/fr\/news\/food\/auchan-prevoit-de-vendre-91-supermarches-au-groupement-mousquetaires\/#breadcrumb"},"inLanguage":"fr-FR","potentialAction":[{"@type":"ReadAction","target":["https:\/\/www.retaildetail.be\/fr\/news\/food\/auchan-prevoit-de-vendre-91-supermarches-au-groupement-mousquetaires\/"]}]},{"@type":"ImageObject","inLanguage":"fr-FR","@id":"https:\/\/www.retaildetail.be\/fr\/news\/food\/auchan-prevoit-de-vendre-91-supermarches-au-groupement-mousquetaires\/#primaryimage","url":"https:\/\/www.retaildetail.be\/wp-content\/uploads\/2026\/01\/auchan-intermarche.jpg","contentUrl":"https:\/\/www.retaildetail.be\/wp-content\/uploads\/2026\/01\/auchan-intermarche.jpg","width":782,"height":531,"caption":"Shutterstock.com"},{"@type":"BreadcrumbList","@id":"https:\/\/www.retaildetail.be\/fr\/news\/food\/auchan-prevoit-de-vendre-91-supermarches-au-groupement-mousquetaires\/#breadcrumb","itemListElement":[{"@type":"ListItem","position":1,"name":"Home","item":"https:\/\/www.retaildetail.be\/fr\/"},{"@type":"ListItem","position":2,"name":"Auchan pr\u00e9voit de vendre 91 supermarch\u00e9s au Groupement Mousquetaires"}]},{"@type":"WebSite","@id":"https:\/\/www.retaildetail.be\/nl\/#website","url":"https:\/\/www.retaildetail.be\/nl\/","name":"RetailDetail BE","description":"News","publisher":{"@id":"https:\/\/www.retaildetail.be\/nl\/#organization"},"potentialAction":[{"@type":"SearchAction","target":{"@type":"EntryPoint","urlTemplate":"https:\/\/www.retaildetail.be\/nl\/?s={search_term_string}"},"query-input":{"@type":"PropertyValueSpecification","valueRequired":true,"valueName":"search_term_string"}}],"inLanguage":"fr-FR"},{"@type":"Organization","@id":"https:\/\/www.retaildetail.be\/nl\/#organization","name":"RetailDetail BE","url":"https:\/\/www.retaildetail.be\/nl\/","logo":{"@type":"ImageObject","inLanguage":"fr-FR","@id":"https:\/\/www.retaildetail.be\/nl\/#\/schema\/logo\/image\/","url":"https:\/\/www.retaildetail.be\/wp-content\/uploads\/2022\/04\/logo.svg","contentUrl":"https:\/\/www.retaildetail.be\/wp-content\/uploads\/2022\/04\/logo.svg","width":131,"height":70,"caption":"RetailDetail BE"},"image":{"@id":"https:\/\/www.retaildetail.be\/nl\/#\/schema\/logo\/image\/"}},{"@type":"Person","@id":"https:\/\/www.retaildetail.be\/nl\/#\/schema\/person\/71d9b89376db00e9b1aa8a2841e71a72","name":"Jorg Snoeck","image":{"@type":"ImageObject","inLanguage":"fr-FR","@id":"https:\/\/secure.gravatar.com\/avatar\/fc1bd94c7d40f2446e6bf778bb34cf9ab000168f63533cec8e072f4ad96ce7f3?s=96&d=mm&r=g","url":"https:\/\/secure.gravatar.com\/avatar\/fc1bd94c7d40f2446e6bf778bb34cf9ab000168f63533cec8e072f4ad96ce7f3?s=96&d=mm&r=g","contentUrl":"https:\/\/secure.gravatar.com\/avatar\/fc1bd94c7d40f2446e6bf778bb34cf9ab000168f63533cec8e072f4ad96ce7f3?s=96&d=mm&r=g","caption":"Jorg Snoeck"},"url":"https:\/\/www.retaildetail.be\/fr\/author\/jorgsnoeck\/"}]}},"jetpack_featured_media_url":"https:\/\/www.retaildetail.be\/wp-content\/uploads\/2026\/01\/auchan-intermarche.jpg","jetpack_sharing_enabled":true,"_links":{"self":[{"href":"https:\/\/www.retaildetail.be\/fr\/wp-json\/wp\/v2\/posts\/140747","targetHints":{"allow":["GET"]}}],"collection":[{"href":"https:\/\/www.retaildetail.be\/fr\/wp-json\/wp\/v2\/posts"}],"about":[{"href":"https:\/\/www.retaildetail.be\/fr\/wp-json\/wp\/v2\/types\/post"}],"author":[{"embeddable":true,"href":"https:\/\/www.retaildetail.be\/fr\/wp-json\/wp\/v2\/users\/10"}],"replies":[{"embeddable":true,"href":"https:\/\/www.retaildetail.be\/fr\/wp-json\/wp\/v2\/comments?post=140747"}],"version-history":[{"count":1,"href":"https:\/\/www.retaildetail.be\/fr\/wp-json\/wp\/v2\/posts\/140747\/revisions"}],"predecessor-version":[{"id":140751,"href":"https:\/\/www.retaildetail.be\/fr\/wp-json\/wp\/v2\/posts\/140747\/revisions\/140751"}],"wp:featuredmedia":[{"embeddable":true,"href":"https:\/\/www.retaildetail.be\/fr\/wp-json\/wp\/v2\/media\/140748"}],"wp:attachment":[{"href":"https:\/\/www.retaildetail.be\/fr\/wp-json\/wp\/v2\/media?parent=140747"}],"wp:term":[{"taxonomy":"category","embeddable":true,"href":"https:\/\/www.retaildetail.be\/fr\/wp-json\/wp\/v2\/categories?post=140747"},{"taxonomy":"post_tag","embeddable":true,"href":"https:\/\/www.retaildetail.be\/fr\/wp-json\/wp\/v2\/tags?post=140747"},{"taxonomy":"people","embeddable":true,"href":"https:\/\/www.retaildetail.be\/fr\/wp-json\/wp\/v2\/people?post=140747"},{"taxonomy":"extra","embeddable":true,"href":"https:\/\/www.retaildetail.be\/fr\/wp-json\/wp\/v2\/extra?post=140747"},{"taxonomy":"company","embeddable":true,"href":"https:\/\/www.retaildetail.be\/fr\/wp-json\/wp\/v2\/company?post=140747"},{"taxonomy":"topic","embeddable":true,"href":"https:\/\/www.retaildetail.be\/fr\/wp-json\/wp\/v2\/topic?post=140747"},{"taxonomy":"region","embeddable":true,"href":"https:\/\/www.retaildetail.be\/fr\/wp-json\/wp\/v2\/region?post=140747"}],"curies":[{"name":"wp","href":"https:\/\/api.w.org\/{rel}","templated":true}]}}