{"id":140835,"date":"2026-01-28T12:06:55","date_gmt":"2026-01-28T11:06:55","guid":{"rendered":"https:\/\/www.retaildetail.be\/?p=140835"},"modified":"2026-02-02T14:51:15","modified_gmt":"2026-02-02T13:51:15","slug":"impact-de-lia-dans-le-commerce-de-detail-de-plus-en-plus-large","status":"publish","type":"post","link":"https:\/\/www.retaildetail.be\/fr\/news\/general\/impact-de-lia-dans-le-commerce-de-detail-de-plus-en-plus-large\/","title":{"rendered":"Impact de l&rsquo;IA dans le commerce de d\u00e9tail de plus en plus large"},"content":{"rendered":"\n<p>L&rsquo;intelligence artificielle est utilis\u00e9e depuis des ann\u00e9es dans le commerce de d\u00e9tail, mais les applications g\u00e9n\u00e9ratives lui conf\u00e8rent une nouvelle dimension strat\u00e9gique. La technologie en elle-m\u00eame n&rsquo;est pas nouvelle, mais la question de savoir comment les d\u00e9taillants peuvent ancrer l&rsquo;IA de mani\u00e8re structurelle et durable dans leur organisation est nouvelle.<\/p>\n\n\n\n<h2 class=\"wp-block-heading\">Faible int\u00e9gration des donn\u00e9es<\/h2>\n\n\n\n<p>Ce qui a commenc\u00e9 comme une s\u00e9rie d&rsquo;exp\u00e9riences se transforme aujourd&rsquo;hui en programmes de changement concrets chez les grands d\u00e9taillants. Presque tous les grands acteurs abordent aujourd&rsquo;hui l&rsquo;IA \u00e0 un niveau strat\u00e9gique, m\u00eame si son application reste souvent limit\u00e9e \u00e0 des domaines sp\u00e9cifiques. L&rsquo;introduction de la l\u00e9gislation europ\u00e9enne sur l&rsquo;IA acc\u00e9l\u00e8re ce d\u00e9bat, car la transparence et la tra\u00e7abilit\u00e9 \u00e9l\u00e8vent les projets d&rsquo;IA au-del\u00e0 du simple niveau technique. Une enqu\u00eate men\u00e9e par l&rsquo;EHI Retail Institute aupr\u00e8s de 38 responsables informatiques du secteur de la vente au d\u00e9tail pour le salon allemand EuroShop montre que cette transition est en cours, mais que des obstacles fondamentaux subsistent.<\/p>\n\n\n\n<p>Dans la pratique, l&rsquo;IA s&rsquo;av\u00e8re \u00eatre moins une question informatique qu&rsquo;un changement \u00e0 l&rsquo;\u00e9chelle de l&rsquo;organisation. Cela se manifeste principalement dans la mani\u00e8re dont les donn\u00e9es sont g\u00e9r\u00e9es. Malgr\u00e9 l&rsquo;abondance des donn\u00e9es disponibles, 67 % des responsables jugent leur propre int\u00e9gration des donn\u00e9es faible ou plut\u00f4t faible, tandis que seulement 13 % la jugent bonne. Les donn\u00e9es sont dispers\u00e9es entre diff\u00e9rents syst\u00e8mes, pr\u00e9sentent des probl\u00e8mes de qualit\u00e9 et manquent souvent de propri\u00e9taires clairement identifi\u00e9s.<\/p>\n\n\n\n<h2 class=\"wp-block-heading\">S&rsquo;attaquer aux obstacles<\/h2>\n\n\n\n<p>Ces faiblesses structurelles ont un impact direct sur la fiabilit\u00e9 des applications d&rsquo;IA. Sans donn\u00e9es coh\u00e9rentes et compl\u00e8tes, les pr\u00e9visions et les applications restent vuln\u00e9rables. Des initiatives telles que les lacs de donn\u00e9es ou les plateformes centrales montrent que des investissements cibl\u00e9s ont un effet, mais elles restent pour l&rsquo;instant des exceptions.<\/p>\n\n\n\n<p>L&rsquo;\u00e9tude identifie trois obstacles qui limitent le plein potentiel de l&rsquo;IA : la disponibilit\u00e9 des donn\u00e9es, leur int\u00e9gration technique dans les syst\u00e8mes existants, ainsi que leur qualit\u00e9 et leur utilit\u00e9. Ce n&rsquo;est que lorsque les d\u00e9taillants s&rsquo;attaqueront syst\u00e9matiquement \u00e0 ces trois \u00e9l\u00e9ments que l&rsquo;IA pourra porter ses fruits.<\/p>\n\n\n\n<p>La gestion des prix illustre la mani\u00e8re dont la technologie et la strat\u00e9gie en mati\u00e8re de donn\u00e9es se renforcent mutuellement. Les solutions d&rsquo;optimisation des prix bas\u00e9es sur l&rsquo;IA n\u00e9cessitent une architecture de donn\u00e9es stable et structur\u00e9e. Il ne s&rsquo;agit pas d&rsquo;avoir le plus de donn\u00e9es possible, mais d&rsquo;avoir des informations fiables, coh\u00e9rentes et bien int\u00e9gr\u00e9es. Les liens avec les syst\u00e8mes d&rsquo;information sur les produits, les syst\u00e8mes ERP et les syst\u00e8mes de gestion des commandes, compl\u00e9t\u00e9s par des donn\u00e9es externes telles que les prix de la concurrence, r\u00e9duisent les \u00e9tapes manuelles interm\u00e9diaires et augmentent la fiabilit\u00e9 des d\u00e9cisions automatiques.<\/p>\n\n\n\n<h2 class=\"wp-block-heading\">IA et conception des magasins<\/h2>\n\n\n\n<p>L&rsquo;impact de l&rsquo;IA va d\u00e9sormais bien au-del\u00e0 des applications classiques telles que la gestion des stocks, les pr\u00e9visions ou la fixation des prix. Les salons professionnels du commerce de d\u00e9tail tels que EuroShop montrent clairement comment l&rsquo;IA touche tous les aspects du secteur, de la conception des magasins \u00e0 la gestion de l&rsquo;\u00e9nergie en passant par la planification des rayons.<\/p>\n\n\n\n<p>Dans la planification des magasins, les outils de conception bas\u00e9s sur l&rsquo;IA permettent de reproduire virtuellement les espaces de vente et de les adapter en temps r\u00e9el. Gr\u00e2ce \u00e0 la visualisation 3D et \u00e0 la r\u00e9alit\u00e9 augment\u00e9e, les d\u00e9taillants peuvent tester \u00e0 l&rsquo;avance les itin\u00e9raires, les lignes de vue et l&rsquo;\u00e9clairage. Cela raccourcit consid\u00e9rablement les processus de conception et facilite l&rsquo;ajustement flexible des concepts de magasin.<\/p>\n\n\n\n<p><strong>D\u00e9couvrez les derni\u00e8res tendances du commerce de d\u00e9tail, les innovations, l&rsquo;am\u00e9nagement des magasins et l&rsquo;exp\u00e9rience client, en compagnie d&rsquo;un groupe restreint de professionnels lors de The Buzz D\u00fcsseldorf, le voyage de deux jours organis\u00e9 par RetailDetail \u00e0 D\u00fcsseldorf, avec une visite \u00e0 EuroShop 2026 et aux magasins inspirants d&rsquo;Edeka, Rewe, Galeria, MediaMarkt et bien d&rsquo;autres.<\/strong><\/p>\n\n\n\n<figure class=\"wp-block-image size-large\"><a href=\"https:\/\/retailtours.be\/thebuzz-dusseldorf\/\"><img loading=\"lazy\" decoding=\"async\" width=\"1024\" height=\"512\" src=\"https:\/\/www.retaildetail.be\/wp-content\/uploads\/2026\/01\/banners-mobile-dusseldorf-1-1024x512.jpg\" alt=\"\" class=\"wp-image-140433\" srcset=\"https:\/\/www.retaildetail.be\/wp-content\/uploads\/2026\/01\/banners-mobile-dusseldorf-1-1024x512.jpg 1024w, https:\/\/www.retaildetail.be\/wp-content\/uploads\/2026\/01\/banners-mobile-dusseldorf-1-300x150.jpg 300w, https:\/\/www.retaildetail.be\/wp-content\/uploads\/2026\/01\/banners-mobile-dusseldorf-1-768x384.jpg 768w, https:\/\/www.retaildetail.be\/wp-content\/uploads\/2026\/01\/banners-mobile-dusseldorf-1.jpg 1200w\" sizes=\"auto, (max-width: 1024px) 100vw, 1024px\" \/><\/a><\/figure>\n","protected":false},"excerpt":{"rendered":"<p>L&rsquo;intelligence artificielle est utilis\u00e9e depuis des ann\u00e9es dans le commerce de d\u00e9tail, mais les applications g\u00e9n\u00e9ratives lui conf\u00e8rent une nouvelle dimension strat\u00e9gique. La technologie en elle-m\u00eame n&rsquo;est pas nouvelle, mais la question de savoir comment les d\u00e9taillants peuvent ancrer l&rsquo;IA de mani\u00e8re structurelle et durable dans leur organisation est nouvelle. <\/p>\n","protected":false},"author":10,"featured_media":140836,"comment_status":"closed","ping_status":"closed","sticky":false,"template":"","format":"standard","meta":{"_acf_changed":false,"inline_featured_image":false,"_jetpack_memberships_contains_paid_content":false,"footnotes":""},"categories":[15,25],"tags":[1467,1531],"people":[],"extra":[],"company":[],"topic":[462,1172],"region":[],"class_list":["post-140835","post","type-post","status-publish","format-standard","has-post-thumbnail","hentry","category-algemeen","category-general","tag-artificiele-intelligentie","tag-intelligence-artificielle","topic-innovation","topic-retailhunt"],"acf":[],"yoast_head":"<!-- This site is optimized with the Yoast SEO plugin v27.3 - https:\/\/yoast.com\/product\/yoast-seo-wordpress\/ -->\n<title>Impact de l&#039;IA dans le commerce de d\u00e9tail de plus en plus large - RetailDetail BE<\/title>\n<meta name=\"description\" content=\"L&#039;intelligence artificielle est utilis\u00e9e depuis des ann\u00e9es dans le commerce de d\u00e9tail, mais les applications g\u00e9n\u00e9ratives lui conf\u00e8rent une nouvelle dimension strat\u00e9gique.\" \/>\n<meta name=\"robots\" content=\"index, follow, max-snippet:-1, max-image-preview:large, max-video-preview:-1\" \/>\n<link rel=\"canonical\" href=\"https:\/\/www.retaildetail.be\/fr\/news\/general\/impact-de-lia-dans-le-commerce-de-detail-de-plus-en-plus-large\/\" \/>\n<meta property=\"og:locale\" content=\"fr_FR\" \/>\n<meta property=\"og:type\" content=\"article\" \/>\n<meta property=\"og:title\" content=\"Impact de l&#039;IA dans le commerce de d\u00e9tail de plus en plus large - RetailDetail BE\" \/>\n<meta property=\"og:description\" content=\"L&#039;intelligence artificielle est utilis\u00e9e depuis des ann\u00e9es dans le commerce de d\u00e9tail, mais les applications g\u00e9n\u00e9ratives lui conf\u00e8rent une nouvelle dimension strat\u00e9gique.\" \/>\n<meta property=\"og:url\" content=\"https:\/\/www.retaildetail.be\/fr\/news\/general\/impact-de-lia-dans-le-commerce-de-detail-de-plus-en-plus-large\/\" \/>\n<meta property=\"og:site_name\" content=\"RetailDetail BE\" \/>\n<meta property=\"article:published_time\" content=\"2026-01-28T11:06:55+00:00\" \/>\n<meta property=\"article:modified_time\" content=\"2026-02-02T13:51:15+00:00\" \/>\n<meta property=\"og:image\" content=\"https:\/\/www.retaildetail.be\/wp-content\/uploads\/2026\/01\/EuroCIS25_MT31584-scaled-1.jpg\" \/>\n\t<meta property=\"og:image:width\" content=\"2560\" \/>\n\t<meta property=\"og:image:height\" content=\"1707\" \/>\n\t<meta property=\"og:image:type\" content=\"image\/jpeg\" \/>\n<meta name=\"author\" content=\"Jorg Snoeck\" \/>\n<meta name=\"twitter:card\" content=\"summary_large_image\" \/>\n<meta name=\"twitter:label1\" content=\"\u00c9crit par\" \/>\n\t<meta name=\"twitter:data1\" content=\"Jorg Snoeck\" \/>\n\t<meta name=\"twitter:label2\" content=\"Dur\u00e9e de lecture estim\u00e9e\" \/>\n\t<meta name=\"twitter:data2\" content=\"4 minutes\" \/>\n<script type=\"application\/ld+json\" class=\"yoast-schema-graph\">{\"@context\":\"https:\\\/\\\/schema.org\",\"@graph\":[{\"@type\":\"NewsArticle\",\"@id\":\"https:\\\/\\\/www.retaildetail.be\\\/fr\\\/news\\\/general\\\/impact-de-lia-dans-le-commerce-de-detail-de-plus-en-plus-large\\\/#article\",\"isPartOf\":{\"@id\":\"https:\\\/\\\/www.retaildetail.be\\\/fr\\\/news\\\/general\\\/impact-de-lia-dans-le-commerce-de-detail-de-plus-en-plus-large\\\/\"},\"author\":{\"name\":\"Jorg Snoeck\",\"@id\":\"https:\\\/\\\/www.retaildetail.be\\\/nl\\\/#\\\/schema\\\/person\\\/71d9b89376db00e9b1aa8a2841e71a72\"},\"headline\":\"Impact de l&rsquo;IA dans le commerce de d\u00e9tail de plus en plus large\",\"datePublished\":\"2026-01-28T11:06:55+00:00\",\"dateModified\":\"2026-02-02T13:51:15+00:00\",\"mainEntityOfPage\":{\"@id\":\"https:\\\/\\\/www.retaildetail.be\\\/fr\\\/news\\\/general\\\/impact-de-lia-dans-le-commerce-de-detail-de-plus-en-plus-large\\\/\"},\"wordCount\":761,\"publisher\":{\"@id\":\"https:\\\/\\\/www.retaildetail.be\\\/nl\\\/#organization\"},\"image\":{\"@id\":\"https:\\\/\\\/www.retaildetail.be\\\/fr\\\/news\\\/general\\\/impact-de-lia-dans-le-commerce-de-detail-de-plus-en-plus-large\\\/#primaryimage\"},\"thumbnailUrl\":\"https:\\\/\\\/www.retaildetail.be\\\/wp-content\\\/uploads\\\/2026\\\/01\\\/EuroCIS25_MT31584-scaled-1.jpg\",\"keywords\":[\"Artifici\u00eble Intelligentie\",\"intelligence artificielle\"],\"articleSection\":[\"Algemeen\",\"G\u00e9n\u00e9ral\"],\"inLanguage\":\"fr-FR\",\"copyrightYear\":\"2026\",\"copyrightHolder\":{\"@id\":\"https:\\\/\\\/www.retaildetail.be\\\/#organization\"}},{\"@type\":\"WebPage\",\"@id\":\"https:\\\/\\\/www.retaildetail.be\\\/fr\\\/news\\\/general\\\/impact-de-lia-dans-le-commerce-de-detail-de-plus-en-plus-large\\\/\",\"url\":\"https:\\\/\\\/www.retaildetail.be\\\/fr\\\/news\\\/general\\\/impact-de-lia-dans-le-commerce-de-detail-de-plus-en-plus-large\\\/\",\"name\":\"Impact de l'IA dans le commerce de d\u00e9tail de plus en plus large - RetailDetail BE\",\"isPartOf\":{\"@id\":\"https:\\\/\\\/www.retaildetail.be\\\/nl\\\/#website\"},\"primaryImageOfPage\":{\"@id\":\"https:\\\/\\\/www.retaildetail.be\\\/fr\\\/news\\\/general\\\/impact-de-lia-dans-le-commerce-de-detail-de-plus-en-plus-large\\\/#primaryimage\"},\"image\":{\"@id\":\"https:\\\/\\\/www.retaildetail.be\\\/fr\\\/news\\\/general\\\/impact-de-lia-dans-le-commerce-de-detail-de-plus-en-plus-large\\\/#primaryimage\"},\"thumbnailUrl\":\"https:\\\/\\\/www.retaildetail.be\\\/wp-content\\\/uploads\\\/2026\\\/01\\\/EuroCIS25_MT31584-scaled-1.jpg\",\"datePublished\":\"2026-01-28T11:06:55+00:00\",\"dateModified\":\"2026-02-02T13:51:15+00:00\",\"description\":\"L'intelligence artificielle est utilis\u00e9e depuis des ann\u00e9es dans le commerce de d\u00e9tail, mais les applications g\u00e9n\u00e9ratives lui conf\u00e8rent une nouvelle dimension strat\u00e9gique.\",\"breadcrumb\":{\"@id\":\"https:\\\/\\\/www.retaildetail.be\\\/fr\\\/news\\\/general\\\/impact-de-lia-dans-le-commerce-de-detail-de-plus-en-plus-large\\\/#breadcrumb\"},\"inLanguage\":\"fr-FR\",\"potentialAction\":[{\"@type\":\"ReadAction\",\"target\":[\"https:\\\/\\\/www.retaildetail.be\\\/fr\\\/news\\\/general\\\/impact-de-lia-dans-le-commerce-de-detail-de-plus-en-plus-large\\\/\"]}]},{\"@type\":\"ImageObject\",\"inLanguage\":\"fr-FR\",\"@id\":\"https:\\\/\\\/www.retaildetail.be\\\/fr\\\/news\\\/general\\\/impact-de-lia-dans-le-commerce-de-detail-de-plus-en-plus-large\\\/#primaryimage\",\"url\":\"https:\\\/\\\/www.retaildetail.be\\\/wp-content\\\/uploads\\\/2026\\\/01\\\/EuroCIS25_MT31584-scaled-1.jpg\",\"contentUrl\":\"https:\\\/\\\/www.retaildetail.be\\\/wp-content\\\/uploads\\\/2026\\\/01\\\/EuroCIS25_MT31584-scaled-1.jpg\",\"width\":2560,\"height\":1707,\"caption\":\"Messe D\u00fcsseldorf\"},{\"@type\":\"BreadcrumbList\",\"@id\":\"https:\\\/\\\/www.retaildetail.be\\\/fr\\\/news\\\/general\\\/impact-de-lia-dans-le-commerce-de-detail-de-plus-en-plus-large\\\/#breadcrumb\",\"itemListElement\":[{\"@type\":\"ListItem\",\"position\":1,\"name\":\"Home\",\"item\":\"https:\\\/\\\/www.retaildetail.be\\\/fr\\\/\"},{\"@type\":\"ListItem\",\"position\":2,\"name\":\"Impact de l&#8217;IA dans le commerce de d\u00e9tail de plus en plus large\"}]},{\"@type\":\"WebSite\",\"@id\":\"https:\\\/\\\/www.retaildetail.be\\\/nl\\\/#website\",\"url\":\"https:\\\/\\\/www.retaildetail.be\\\/nl\\\/\",\"name\":\"RetailDetail BE\",\"description\":\"News\",\"publisher\":{\"@id\":\"https:\\\/\\\/www.retaildetail.be\\\/nl\\\/#organization\"},\"potentialAction\":[{\"@type\":\"SearchAction\",\"target\":{\"@type\":\"EntryPoint\",\"urlTemplate\":\"https:\\\/\\\/www.retaildetail.be\\\/nl\\\/?s={search_term_string}\"},\"query-input\":{\"@type\":\"PropertyValueSpecification\",\"valueRequired\":true,\"valueName\":\"search_term_string\"}}],\"inLanguage\":\"fr-FR\"},{\"@type\":\"Organization\",\"@id\":\"https:\\\/\\\/www.retaildetail.be\\\/nl\\\/#organization\",\"name\":\"RetailDetail BE\",\"url\":\"https:\\\/\\\/www.retaildetail.be\\\/nl\\\/\",\"logo\":{\"@type\":\"ImageObject\",\"inLanguage\":\"fr-FR\",\"@id\":\"https:\\\/\\\/www.retaildetail.be\\\/nl\\\/#\\\/schema\\\/logo\\\/image\\\/\",\"url\":\"https:\\\/\\\/www.retaildetail.be\\\/wp-content\\\/uploads\\\/2022\\\/04\\\/logo.svg\",\"contentUrl\":\"https:\\\/\\\/www.retaildetail.be\\\/wp-content\\\/uploads\\\/2022\\\/04\\\/logo.svg\",\"width\":131,\"height\":70,\"caption\":\"RetailDetail BE\"},\"image\":{\"@id\":\"https:\\\/\\\/www.retaildetail.be\\\/nl\\\/#\\\/schema\\\/logo\\\/image\\\/\"}},{\"@type\":\"Person\",\"@id\":\"https:\\\/\\\/www.retaildetail.be\\\/nl\\\/#\\\/schema\\\/person\\\/71d9b89376db00e9b1aa8a2841e71a72\",\"name\":\"Jorg Snoeck\",\"image\":{\"@type\":\"ImageObject\",\"inLanguage\":\"fr-FR\",\"@id\":\"https:\\\/\\\/secure.gravatar.com\\\/avatar\\\/fc1bd94c7d40f2446e6bf778bb34cf9ab000168f63533cec8e072f4ad96ce7f3?s=96&d=mm&r=g\",\"url\":\"https:\\\/\\\/secure.gravatar.com\\\/avatar\\\/fc1bd94c7d40f2446e6bf778bb34cf9ab000168f63533cec8e072f4ad96ce7f3?s=96&d=mm&r=g\",\"contentUrl\":\"https:\\\/\\\/secure.gravatar.com\\\/avatar\\\/fc1bd94c7d40f2446e6bf778bb34cf9ab000168f63533cec8e072f4ad96ce7f3?s=96&d=mm&r=g\",\"caption\":\"Jorg Snoeck\"},\"url\":\"https:\\\/\\\/www.retaildetail.be\\\/fr\\\/author\\\/jorgsnoeck\\\/\"}]}<\/script>\n<!-- \/ Yoast SEO plugin. -->","yoast_head_json":{"title":"Impact de l'IA dans le commerce de d\u00e9tail de plus en plus large - RetailDetail BE","description":"L'intelligence artificielle est utilis\u00e9e depuis des ann\u00e9es dans le commerce de d\u00e9tail, mais les applications g\u00e9n\u00e9ratives lui conf\u00e8rent une nouvelle dimension strat\u00e9gique.","robots":{"index":"index","follow":"follow","max-snippet":"max-snippet:-1","max-image-preview":"max-image-preview:large","max-video-preview":"max-video-preview:-1"},"canonical":"https:\/\/www.retaildetail.be\/fr\/news\/general\/impact-de-lia-dans-le-commerce-de-detail-de-plus-en-plus-large\/","og_locale":"fr_FR","og_type":"article","og_title":"Impact de l'IA dans le commerce de d\u00e9tail de plus en plus large - RetailDetail BE","og_description":"L'intelligence artificielle est utilis\u00e9e depuis des ann\u00e9es dans le commerce de d\u00e9tail, mais les applications g\u00e9n\u00e9ratives lui conf\u00e8rent une nouvelle dimension strat\u00e9gique.","og_url":"https:\/\/www.retaildetail.be\/fr\/news\/general\/impact-de-lia-dans-le-commerce-de-detail-de-plus-en-plus-large\/","og_site_name":"RetailDetail BE","article_published_time":"2026-01-28T11:06:55+00:00","article_modified_time":"2026-02-02T13:51:15+00:00","og_image":[{"width":2560,"height":1707,"url":"https:\/\/www.retaildetail.be\/wp-content\/uploads\/2026\/01\/EuroCIS25_MT31584-scaled-1.jpg","type":"image\/jpeg"}],"author":"Jorg Snoeck","twitter_card":"summary_large_image","twitter_misc":{"\u00c9crit par":"Jorg Snoeck","Dur\u00e9e de lecture estim\u00e9e":"4 minutes"},"schema":{"@context":"https:\/\/schema.org","@graph":[{"@type":"NewsArticle","@id":"https:\/\/www.retaildetail.be\/fr\/news\/general\/impact-de-lia-dans-le-commerce-de-detail-de-plus-en-plus-large\/#article","isPartOf":{"@id":"https:\/\/www.retaildetail.be\/fr\/news\/general\/impact-de-lia-dans-le-commerce-de-detail-de-plus-en-plus-large\/"},"author":{"name":"Jorg Snoeck","@id":"https:\/\/www.retaildetail.be\/nl\/#\/schema\/person\/71d9b89376db00e9b1aa8a2841e71a72"},"headline":"Impact de l&rsquo;IA dans le commerce de d\u00e9tail de plus en plus large","datePublished":"2026-01-28T11:06:55+00:00","dateModified":"2026-02-02T13:51:15+00:00","mainEntityOfPage":{"@id":"https:\/\/www.retaildetail.be\/fr\/news\/general\/impact-de-lia-dans-le-commerce-de-detail-de-plus-en-plus-large\/"},"wordCount":761,"publisher":{"@id":"https:\/\/www.retaildetail.be\/nl\/#organization"},"image":{"@id":"https:\/\/www.retaildetail.be\/fr\/news\/general\/impact-de-lia-dans-le-commerce-de-detail-de-plus-en-plus-large\/#primaryimage"},"thumbnailUrl":"https:\/\/www.retaildetail.be\/wp-content\/uploads\/2026\/01\/EuroCIS25_MT31584-scaled-1.jpg","keywords":["Artifici\u00eble Intelligentie","intelligence artificielle"],"articleSection":["Algemeen","G\u00e9n\u00e9ral"],"inLanguage":"fr-FR","copyrightYear":"2026","copyrightHolder":{"@id":"https:\/\/www.retaildetail.be\/#organization"}},{"@type":"WebPage","@id":"https:\/\/www.retaildetail.be\/fr\/news\/general\/impact-de-lia-dans-le-commerce-de-detail-de-plus-en-plus-large\/","url":"https:\/\/www.retaildetail.be\/fr\/news\/general\/impact-de-lia-dans-le-commerce-de-detail-de-plus-en-plus-large\/","name":"Impact de l'IA dans le commerce de d\u00e9tail de plus en plus large - RetailDetail BE","isPartOf":{"@id":"https:\/\/www.retaildetail.be\/nl\/#website"},"primaryImageOfPage":{"@id":"https:\/\/www.retaildetail.be\/fr\/news\/general\/impact-de-lia-dans-le-commerce-de-detail-de-plus-en-plus-large\/#primaryimage"},"image":{"@id":"https:\/\/www.retaildetail.be\/fr\/news\/general\/impact-de-lia-dans-le-commerce-de-detail-de-plus-en-plus-large\/#primaryimage"},"thumbnailUrl":"https:\/\/www.retaildetail.be\/wp-content\/uploads\/2026\/01\/EuroCIS25_MT31584-scaled-1.jpg","datePublished":"2026-01-28T11:06:55+00:00","dateModified":"2026-02-02T13:51:15+00:00","description":"L'intelligence artificielle est utilis\u00e9e depuis des ann\u00e9es dans le commerce de d\u00e9tail, mais les applications g\u00e9n\u00e9ratives lui conf\u00e8rent une nouvelle dimension strat\u00e9gique.","breadcrumb":{"@id":"https:\/\/www.retaildetail.be\/fr\/news\/general\/impact-de-lia-dans-le-commerce-de-detail-de-plus-en-plus-large\/#breadcrumb"},"inLanguage":"fr-FR","potentialAction":[{"@type":"ReadAction","target":["https:\/\/www.retaildetail.be\/fr\/news\/general\/impact-de-lia-dans-le-commerce-de-detail-de-plus-en-plus-large\/"]}]},{"@type":"ImageObject","inLanguage":"fr-FR","@id":"https:\/\/www.retaildetail.be\/fr\/news\/general\/impact-de-lia-dans-le-commerce-de-detail-de-plus-en-plus-large\/#primaryimage","url":"https:\/\/www.retaildetail.be\/wp-content\/uploads\/2026\/01\/EuroCIS25_MT31584-scaled-1.jpg","contentUrl":"https:\/\/www.retaildetail.be\/wp-content\/uploads\/2026\/01\/EuroCIS25_MT31584-scaled-1.jpg","width":2560,"height":1707,"caption":"Messe D\u00fcsseldorf"},{"@type":"BreadcrumbList","@id":"https:\/\/www.retaildetail.be\/fr\/news\/general\/impact-de-lia-dans-le-commerce-de-detail-de-plus-en-plus-large\/#breadcrumb","itemListElement":[{"@type":"ListItem","position":1,"name":"Home","item":"https:\/\/www.retaildetail.be\/fr\/"},{"@type":"ListItem","position":2,"name":"Impact de l&#8217;IA dans le commerce de d\u00e9tail de plus en plus large"}]},{"@type":"WebSite","@id":"https:\/\/www.retaildetail.be\/nl\/#website","url":"https:\/\/www.retaildetail.be\/nl\/","name":"RetailDetail BE","description":"News","publisher":{"@id":"https:\/\/www.retaildetail.be\/nl\/#organization"},"potentialAction":[{"@type":"SearchAction","target":{"@type":"EntryPoint","urlTemplate":"https:\/\/www.retaildetail.be\/nl\/?s={search_term_string}"},"query-input":{"@type":"PropertyValueSpecification","valueRequired":true,"valueName":"search_term_string"}}],"inLanguage":"fr-FR"},{"@type":"Organization","@id":"https:\/\/www.retaildetail.be\/nl\/#organization","name":"RetailDetail BE","url":"https:\/\/www.retaildetail.be\/nl\/","logo":{"@type":"ImageObject","inLanguage":"fr-FR","@id":"https:\/\/www.retaildetail.be\/nl\/#\/schema\/logo\/image\/","url":"https:\/\/www.retaildetail.be\/wp-content\/uploads\/2022\/04\/logo.svg","contentUrl":"https:\/\/www.retaildetail.be\/wp-content\/uploads\/2022\/04\/logo.svg","width":131,"height":70,"caption":"RetailDetail BE"},"image":{"@id":"https:\/\/www.retaildetail.be\/nl\/#\/schema\/logo\/image\/"}},{"@type":"Person","@id":"https:\/\/www.retaildetail.be\/nl\/#\/schema\/person\/71d9b89376db00e9b1aa8a2841e71a72","name":"Jorg Snoeck","image":{"@type":"ImageObject","inLanguage":"fr-FR","@id":"https:\/\/secure.gravatar.com\/avatar\/fc1bd94c7d40f2446e6bf778bb34cf9ab000168f63533cec8e072f4ad96ce7f3?s=96&d=mm&r=g","url":"https:\/\/secure.gravatar.com\/avatar\/fc1bd94c7d40f2446e6bf778bb34cf9ab000168f63533cec8e072f4ad96ce7f3?s=96&d=mm&r=g","contentUrl":"https:\/\/secure.gravatar.com\/avatar\/fc1bd94c7d40f2446e6bf778bb34cf9ab000168f63533cec8e072f4ad96ce7f3?s=96&d=mm&r=g","caption":"Jorg Snoeck"},"url":"https:\/\/www.retaildetail.be\/fr\/author\/jorgsnoeck\/"}]}},"jetpack_featured_media_url":"https:\/\/www.retaildetail.be\/wp-content\/uploads\/2026\/01\/EuroCIS25_MT31584-scaled-1.jpg","jetpack_sharing_enabled":true,"_links":{"self":[{"href":"https:\/\/www.retaildetail.be\/fr\/wp-json\/wp\/v2\/posts\/140835","targetHints":{"allow":["GET"]}}],"collection":[{"href":"https:\/\/www.retaildetail.be\/fr\/wp-json\/wp\/v2\/posts"}],"about":[{"href":"https:\/\/www.retaildetail.be\/fr\/wp-json\/wp\/v2\/types\/post"}],"author":[{"embeddable":true,"href":"https:\/\/www.retaildetail.be\/fr\/wp-json\/wp\/v2\/users\/10"}],"replies":[{"embeddable":true,"href":"https:\/\/www.retaildetail.be\/fr\/wp-json\/wp\/v2\/comments?post=140835"}],"version-history":[{"count":1,"href":"https:\/\/www.retaildetail.be\/fr\/wp-json\/wp\/v2\/posts\/140835\/revisions"}],"predecessor-version":[{"id":140838,"href":"https:\/\/www.retaildetail.be\/fr\/wp-json\/wp\/v2\/posts\/140835\/revisions\/140838"}],"wp:featuredmedia":[{"embeddable":true,"href":"https:\/\/www.retaildetail.be\/fr\/wp-json\/wp\/v2\/media\/140836"}],"wp:attachment":[{"href":"https:\/\/www.retaildetail.be\/fr\/wp-json\/wp\/v2\/media?parent=140835"}],"wp:term":[{"taxonomy":"category","embeddable":true,"href":"https:\/\/www.retaildetail.be\/fr\/wp-json\/wp\/v2\/categories?post=140835"},{"taxonomy":"post_tag","embeddable":true,"href":"https:\/\/www.retaildetail.be\/fr\/wp-json\/wp\/v2\/tags?post=140835"},{"taxonomy":"people","embeddable":true,"href":"https:\/\/www.retaildetail.be\/fr\/wp-json\/wp\/v2\/people?post=140835"},{"taxonomy":"extra","embeddable":true,"href":"https:\/\/www.retaildetail.be\/fr\/wp-json\/wp\/v2\/extra?post=140835"},{"taxonomy":"company","embeddable":true,"href":"https:\/\/www.retaildetail.be\/fr\/wp-json\/wp\/v2\/company?post=140835"},{"taxonomy":"topic","embeddable":true,"href":"https:\/\/www.retaildetail.be\/fr\/wp-json\/wp\/v2\/topic?post=140835"},{"taxonomy":"region","embeddable":true,"href":"https:\/\/www.retaildetail.be\/fr\/wp-json\/wp\/v2\/region?post=140835"}],"curies":[{"name":"wp","href":"https:\/\/api.w.org\/{rel}","templated":true}]}}