{"id":1414,"date":"2012-02-29T16:06:59","date_gmt":"2012-02-29T16:06:59","guid":{"rendered":"https:\/\/www.retaildetail.be\/mode\/les-chaussures-torfs-remportent-le-titre-de-meilleur-employeur-de-belgique\/"},"modified":"2012-02-29T16:06:59","modified_gmt":"2012-02-29T16:06:59","slug":"les-chaussures-torfs-remportent-le-titre-de-meilleur-employeur-de-belgique","status":"publish","type":"post","link":"https:\/\/www.retaildetail.be\/fr\/news\/mode\/les-chaussures-torfs-remportent-le-titre-de-meilleur-employeur-de-belgique\/","title":{"rendered":"Les Chaussures Torfs remportent le titre de \u2018Meilleur employeur de Belgique\u2019"},"content":{"rendered":"<h2>Fiert\u00e9 des employ\u00e9s<\/h2>\n<p>\u00ab Les employ\u00e9s des Chaussures Torfs sont fiers de pouvoir travailler pour cette organisation \u00bb, affirme le professeur Dirk Buyens, chef du Centre de comp\u00e9tence \u00e0 la Vlerick Leuven Gent Management School, qui a men\u00e9 cette \u00e9tude \u00e0 grande \u00e9chelle en Belgique en collaboration avec le Great Place to Work Institute Europe.<\/p>\n<p>\u00ab La strat\u00e9gie HR des Chaussures Torfs se base sur la tradition d\u2019une entreprise familiale, o\u00f9 chacun prend soin de l\u2019autre, mais avec une vision moderne de la vie et du travail. L\u2019ADN de cette entreprise familiale est fondamental et est pr\u00e9serv\u00e9 gr\u00e2ce \u00e0 diff\u00e9rentes initiatives dans le domaine des Ressources Humaines.\u00a0 L\u2019id\u00e9e du partenariat, o\u00f9 employ\u00e9 et employeur constituent une plus-value r\u00e9ciproque, est essentielle. \u00bb, explique le professeur Buyens.<\/p>\n<p>Dans la cat\u00e9gorie des grandes entreprises, les Chaussures Torfs devancent l\u2019agence de recrutement Accent Jobs, l\u2019entreprise de nettoyage Care, la cha\u00eene fastfood McDonald\u2019s Belgium et l\u2019agence d\u2019int\u00e9rimaire Randstad.<\/p>\n<h2>\n<br \/>Louanges pour Wouter Torfs<\/h2>\n<p>Pour le chausseur de Saint-Nicolas cette r\u00e9compense lui fera oublier quelque peu le mauvais souvenir de <a target=\"_blank\" href=\"nl\/f-belgique\/bgq-mode\/item\/13874-la-campagne-dembauche-des-chaussures-torfs-provoque-une-controverse-m%C3%A9diatique\" rel=\"noopener\">la controverse m\u00e9diatique <\/a>dans laquelle il avait \u00e9t\u00e9 impliqu\u00e9 d\u00e9but f\u00e9vrier, suite \u00e0 une d\u00e9claration maladroite selon certains, tir\u00e9e hors de son contexte selon Wouter Torfs, concernant le port du voile en magasin.<\/p>\n<p>Cette \u00e9ni\u00e8me \u00e9lection prouve n\u00e9anmoins que les employ\u00e9s appr\u00e9cient leur entreprise et leur patron, car dans cette \u00e9tude le vote des employ\u00e9s est d\u00e9terminant : en effet l\u2019enqu\u00eate aupr\u00e8s des employ\u00e9s quant \u00e0 leurs exp\u00e9riences et leur engagement repr\u00e9sente deux tiers du r\u00e9sultat final, alors que le management &amp; HR-survey n\u2019intervient que pour un tiers.<\/p>\n<p>\u00ab Une relation cons\u00e9quente et durable avec ses employ\u00e9s semble porter ses fruits. Non seulement cela entra\u00eene une grande satisfaction g\u00e9n\u00e9rale des employ\u00e9s, mais ils ont \u00e9galement un sentiment de fiert\u00e9 et de camaraderie dans leur entreprise.\u00a0 Et enfin cela cr\u00e9e une plus grande confiance \u00e0 l\u2019\u00e9gard du patron, une condition n\u00e9cessaire afin de motiver son personnel. \u00bb voil\u00e0 comment le professeur Buyens explique cette victoire. Que d\u2019\u00e9loges pour Wouter Torfs !<\/p>\n<p>\u00a0<\/p>\n<p>\u00a0<\/p>\n<p><em>Traduit par Marie-No\u00eblle Masure<\/em><\/p>\n<p>\u00a0<\/p>\n<p>\u00a0<\/p>\n","protected":false},"excerpt":{"rendered":"<p>Fiert\u00e9 des employ\u00e9s \u00ab Les employ\u00e9s des Chaussures Torfs sont fiers de pouvoir travailler pour cette organisation \u00bb, affirme le professeur Dirk Buyens, chef du Centre de comp\u00e9tence \u00e0 la Vlerick Leuven Gent Management School, qui a men\u00e9 cette \u00e9tude \u00e0 grande \u00e9chelle en Belgique en collaboration avec le Great Place to Work Institute Europe. [&hellip;]<\/p>\n","protected":false},"author":1,"featured_media":84,"comment_status":"closed","ping_status":"closed","sticky":false,"template":"","format":"standard","meta":{"_acf_changed":false,"inline_featured_image":false,"_jetpack_memberships_contains_paid_content":false,"footnotes":""},"categories":[22],"tags":[],"people":[],"extra":[],"company":[],"topic":[],"region":[],"class_list":["post-1414","post","type-post","status-publish","format-standard","has-post-thumbnail","hentry","category-mode"],"acf":[],"yoast_head":"<!-- This site is optimized with the Yoast SEO plugin v27.3 - https:\/\/yoast.com\/product\/yoast-seo-wordpress\/ -->\n<title>Les Chaussures Torfs remportent le titre de \u2018Meilleur employeur de Belgique\u2019 - RetailDetail BE<\/title>\n<meta name=\"robots\" content=\"index, follow, max-snippet:-1, max-image-preview:large, max-video-preview:-1\" \/>\n<link rel=\"canonical\" href=\"https:\/\/www.retaildetail.be\/fr\/news\/mode\/les-chaussures-torfs-remportent-le-titre-de-meilleur-employeur-de-belgique\/\" \/>\n<meta property=\"og:locale\" content=\"fr_FR\" \/>\n<meta property=\"og:type\" content=\"article\" \/>\n<meta property=\"og:title\" content=\"Les Chaussures Torfs remportent le titre de \u2018Meilleur employeur de Belgique\u2019 - RetailDetail BE\" \/>\n<meta property=\"og:description\" content=\"Fiert\u00e9 des employ\u00e9s \u00ab Les employ\u00e9s des Chaussures Torfs sont fiers de pouvoir travailler pour cette organisation \u00bb, affirme le professeur Dirk Buyens, chef du Centre de comp\u00e9tence \u00e0 la Vlerick Leuven Gent Management School, qui a men\u00e9 cette \u00e9tude \u00e0 grande \u00e9chelle en Belgique en collaboration avec le Great Place to Work Institute Europe. [&hellip;]\" \/>\n<meta property=\"og:url\" content=\"https:\/\/www.retaildetail.be\/fr\/news\/mode\/les-chaussures-torfs-remportent-le-titre-de-meilleur-employeur-de-belgique\/\" \/>\n<meta property=\"og:site_name\" content=\"RetailDetail BE\" \/>\n<meta property=\"article:published_time\" content=\"2012-02-29T16:06:59+00:00\" \/>\n<meta property=\"og:image\" content=\"https:\/\/i0.wp.com\/www.retaildetail.be\/wp-content\/uploads\/2022\/04\/logo.png?fit=281%2C147&quality=100&strip=all&ssl=1\" \/>\n\t<meta property=\"og:image:width\" content=\"281\" \/>\n\t<meta property=\"og:image:height\" content=\"147\" \/>\n\t<meta property=\"og:image:type\" content=\"image\/png\" \/>\n<meta name=\"author\" content=\"dev@grandiz.com\" \/>\n<meta name=\"twitter:card\" content=\"summary_large_image\" \/>\n<meta name=\"twitter:label1\" content=\"\u00c9crit par\" \/>\n\t<meta name=\"twitter:data1\" content=\"dev@grandiz.com\" \/>\n\t<meta name=\"twitter:label2\" content=\"Dur\u00e9e de lecture estim\u00e9e\" \/>\n\t<meta name=\"twitter:data2\" content=\"2 minutes\" \/>\n<script type=\"application\/ld+json\" class=\"yoast-schema-graph\">{\"@context\":\"https:\\\/\\\/schema.org\",\"@graph\":[{\"@type\":\"NewsArticle\",\"@id\":\"https:\\\/\\\/www.retaildetail.be\\\/fr\\\/news\\\/mode\\\/les-chaussures-torfs-remportent-le-titre-de-meilleur-employeur-de-belgique\\\/#article\",\"isPartOf\":{\"@id\":\"https:\\\/\\\/www.retaildetail.be\\\/fr\\\/news\\\/mode\\\/les-chaussures-torfs-remportent-le-titre-de-meilleur-employeur-de-belgique\\\/\"},\"author\":{\"name\":\"dev@grandiz.com\",\"@id\":\"https:\\\/\\\/www.retaildetail.be\\\/nl\\\/#\\\/schema\\\/person\\\/ba2d383452a753a3a1ce8cdb349b5fc9\"},\"headline\":\"Les Chaussures Torfs remportent le titre de \u2018Meilleur employeur de Belgique\u2019\",\"datePublished\":\"2012-02-29T16:06:59+00:00\",\"mainEntityOfPage\":{\"@id\":\"https:\\\/\\\/www.retaildetail.be\\\/fr\\\/news\\\/mode\\\/les-chaussures-torfs-remportent-le-titre-de-meilleur-employeur-de-belgique\\\/\"},\"wordCount\":386,\"publisher\":{\"@id\":\"https:\\\/\\\/www.retaildetail.be\\\/nl\\\/#organization\"},\"image\":{\"@id\":\"https:\\\/\\\/www.retaildetail.be\\\/fr\\\/news\\\/mode\\\/les-chaussures-torfs-remportent-le-titre-de-meilleur-employeur-de-belgique\\\/#primaryimage\"},\"thumbnailUrl\":\"https:\\\/\\\/www.retaildetail.be\\\/wp-content\\\/uploads\\\/2022\\\/04\\\/logo.png\",\"articleSection\":[\"Mode\"],\"inLanguage\":\"fr-FR\",\"copyrightYear\":\"2012\",\"copyrightHolder\":{\"@id\":\"https:\\\/\\\/www.retaildetail.be\\\/#organization\"}},{\"@type\":\"WebPage\",\"@id\":\"https:\\\/\\\/www.retaildetail.be\\\/fr\\\/news\\\/mode\\\/les-chaussures-torfs-remportent-le-titre-de-meilleur-employeur-de-belgique\\\/\",\"url\":\"https:\\\/\\\/www.retaildetail.be\\\/fr\\\/news\\\/mode\\\/les-chaussures-torfs-remportent-le-titre-de-meilleur-employeur-de-belgique\\\/\",\"name\":\"Les Chaussures Torfs remportent le titre de \u2018Meilleur employeur de Belgique\u2019 - RetailDetail BE\",\"isPartOf\":{\"@id\":\"https:\\\/\\\/www.retaildetail.be\\\/nl\\\/#website\"},\"primaryImageOfPage\":{\"@id\":\"https:\\\/\\\/www.retaildetail.be\\\/fr\\\/news\\\/mode\\\/les-chaussures-torfs-remportent-le-titre-de-meilleur-employeur-de-belgique\\\/#primaryimage\"},\"image\":{\"@id\":\"https:\\\/\\\/www.retaildetail.be\\\/fr\\\/news\\\/mode\\\/les-chaussures-torfs-remportent-le-titre-de-meilleur-employeur-de-belgique\\\/#primaryimage\"},\"thumbnailUrl\":\"https:\\\/\\\/www.retaildetail.be\\\/wp-content\\\/uploads\\\/2022\\\/04\\\/logo.png\",\"datePublished\":\"2012-02-29T16:06:59+00:00\",\"breadcrumb\":{\"@id\":\"https:\\\/\\\/www.retaildetail.be\\\/fr\\\/news\\\/mode\\\/les-chaussures-torfs-remportent-le-titre-de-meilleur-employeur-de-belgique\\\/#breadcrumb\"},\"inLanguage\":\"fr-FR\",\"potentialAction\":[{\"@type\":\"ReadAction\",\"target\":[\"https:\\\/\\\/www.retaildetail.be\\\/fr\\\/news\\\/mode\\\/les-chaussures-torfs-remportent-le-titre-de-meilleur-employeur-de-belgique\\\/\"]}]},{\"@type\":\"ImageObject\",\"inLanguage\":\"fr-FR\",\"@id\":\"https:\\\/\\\/www.retaildetail.be\\\/fr\\\/news\\\/mode\\\/les-chaussures-torfs-remportent-le-titre-de-meilleur-employeur-de-belgique\\\/#primaryimage\",\"url\":\"https:\\\/\\\/www.retaildetail.be\\\/wp-content\\\/uploads\\\/2022\\\/04\\\/logo.png\",\"contentUrl\":\"https:\\\/\\\/www.retaildetail.be\\\/wp-content\\\/uploads\\\/2022\\\/04\\\/logo.png\",\"width\":281,\"height\":147},{\"@type\":\"BreadcrumbList\",\"@id\":\"https:\\\/\\\/www.retaildetail.be\\\/fr\\\/news\\\/mode\\\/les-chaussures-torfs-remportent-le-titre-de-meilleur-employeur-de-belgique\\\/#breadcrumb\",\"itemListElement\":[{\"@type\":\"ListItem\",\"position\":1,\"name\":\"Home\",\"item\":\"https:\\\/\\\/www.retaildetail.be\\\/fr\\\/\"},{\"@type\":\"ListItem\",\"position\":2,\"name\":\"Les Chaussures Torfs remportent le titre de \u2018Meilleur employeur de Belgique\u2019\"}]},{\"@type\":\"WebSite\",\"@id\":\"https:\\\/\\\/www.retaildetail.be\\\/nl\\\/#website\",\"url\":\"https:\\\/\\\/www.retaildetail.be\\\/nl\\\/\",\"name\":\"RetailDetail BE\",\"description\":\"News\",\"publisher\":{\"@id\":\"https:\\\/\\\/www.retaildetail.be\\\/nl\\\/#organization\"},\"potentialAction\":[{\"@type\":\"SearchAction\",\"target\":{\"@type\":\"EntryPoint\",\"urlTemplate\":\"https:\\\/\\\/www.retaildetail.be\\\/nl\\\/?s={search_term_string}\"},\"query-input\":{\"@type\":\"PropertyValueSpecification\",\"valueRequired\":true,\"valueName\":\"search_term_string\"}}],\"inLanguage\":\"fr-FR\"},{\"@type\":\"Organization\",\"@id\":\"https:\\\/\\\/www.retaildetail.be\\\/nl\\\/#organization\",\"name\":\"RetailDetail BE\",\"url\":\"https:\\\/\\\/www.retaildetail.be\\\/nl\\\/\",\"logo\":{\"@type\":\"ImageObject\",\"inLanguage\":\"fr-FR\",\"@id\":\"https:\\\/\\\/www.retaildetail.be\\\/nl\\\/#\\\/schema\\\/logo\\\/image\\\/\",\"url\":\"https:\\\/\\\/www.retaildetail.be\\\/wp-content\\\/uploads\\\/2022\\\/04\\\/logo.svg\",\"contentUrl\":\"https:\\\/\\\/www.retaildetail.be\\\/wp-content\\\/uploads\\\/2022\\\/04\\\/logo.svg\",\"width\":131,\"height\":70,\"caption\":\"RetailDetail BE\"},\"image\":{\"@id\":\"https:\\\/\\\/www.retaildetail.be\\\/nl\\\/#\\\/schema\\\/logo\\\/image\\\/\"}},{\"@type\":\"Person\",\"@id\":\"https:\\\/\\\/www.retaildetail.be\\\/nl\\\/#\\\/schema\\\/person\\\/ba2d383452a753a3a1ce8cdb349b5fc9\",\"name\":\"dev@grandiz.com\",\"image\":{\"@type\":\"ImageObject\",\"inLanguage\":\"fr-FR\",\"@id\":\"https:\\\/\\\/secure.gravatar.com\\\/avatar\\\/5f53ce9fb6eed4a60e5aaaa712be8773880fa9459d9cac9bc4aa4fdbce3f447f?s=96&d=mm&r=g\",\"url\":\"https:\\\/\\\/secure.gravatar.com\\\/avatar\\\/5f53ce9fb6eed4a60e5aaaa712be8773880fa9459d9cac9bc4aa4fdbce3f447f?s=96&d=mm&r=g\",\"contentUrl\":\"https:\\\/\\\/secure.gravatar.com\\\/avatar\\\/5f53ce9fb6eed4a60e5aaaa712be8773880fa9459d9cac9bc4aa4fdbce3f447f?s=96&d=mm&r=g\",\"caption\":\"dev@grandiz.com\"},\"sameAs\":[\"http:\\\/\\\/preprod.retaildetail.be\"],\"url\":\"https:\\\/\\\/www.retaildetail.be\\\/fr\\\/author\\\/devgrandiz-com\\\/\"}]}<\/script>\n<!-- \/ Yoast SEO plugin. -->","yoast_head_json":{"title":"Les Chaussures Torfs remportent le titre de \u2018Meilleur employeur de Belgique\u2019 - RetailDetail BE","robots":{"index":"index","follow":"follow","max-snippet":"max-snippet:-1","max-image-preview":"max-image-preview:large","max-video-preview":"max-video-preview:-1"},"canonical":"https:\/\/www.retaildetail.be\/fr\/news\/mode\/les-chaussures-torfs-remportent-le-titre-de-meilleur-employeur-de-belgique\/","og_locale":"fr_FR","og_type":"article","og_title":"Les Chaussures Torfs remportent le titre de \u2018Meilleur employeur de Belgique\u2019 - RetailDetail BE","og_description":"Fiert\u00e9 des employ\u00e9s \u00ab Les employ\u00e9s des Chaussures Torfs sont fiers de pouvoir travailler pour cette organisation \u00bb, affirme le professeur Dirk Buyens, chef du Centre de comp\u00e9tence \u00e0 la Vlerick Leuven Gent Management School, qui a men\u00e9 cette \u00e9tude \u00e0 grande \u00e9chelle en Belgique en collaboration avec le Great Place to Work Institute Europe. [&hellip;]","og_url":"https:\/\/www.retaildetail.be\/fr\/news\/mode\/les-chaussures-torfs-remportent-le-titre-de-meilleur-employeur-de-belgique\/","og_site_name":"RetailDetail BE","article_published_time":"2012-02-29T16:06:59+00:00","og_image":[{"width":281,"height":147,"url":"https:\/\/i0.wp.com\/www.retaildetail.be\/wp-content\/uploads\/2022\/04\/logo.png?fit=281%2C147&quality=100&strip=all&ssl=1","type":"image\/png"}],"author":"dev@grandiz.com","twitter_card":"summary_large_image","twitter_misc":{"\u00c9crit par":"dev@grandiz.com","Dur\u00e9e de lecture estim\u00e9e":"2 minutes"},"schema":{"@context":"https:\/\/schema.org","@graph":[{"@type":"NewsArticle","@id":"https:\/\/www.retaildetail.be\/fr\/news\/mode\/les-chaussures-torfs-remportent-le-titre-de-meilleur-employeur-de-belgique\/#article","isPartOf":{"@id":"https:\/\/www.retaildetail.be\/fr\/news\/mode\/les-chaussures-torfs-remportent-le-titre-de-meilleur-employeur-de-belgique\/"},"author":{"name":"dev@grandiz.com","@id":"https:\/\/www.retaildetail.be\/nl\/#\/schema\/person\/ba2d383452a753a3a1ce8cdb349b5fc9"},"headline":"Les Chaussures Torfs remportent le titre de \u2018Meilleur employeur de Belgique\u2019","datePublished":"2012-02-29T16:06:59+00:00","mainEntityOfPage":{"@id":"https:\/\/www.retaildetail.be\/fr\/news\/mode\/les-chaussures-torfs-remportent-le-titre-de-meilleur-employeur-de-belgique\/"},"wordCount":386,"publisher":{"@id":"https:\/\/www.retaildetail.be\/nl\/#organization"},"image":{"@id":"https:\/\/www.retaildetail.be\/fr\/news\/mode\/les-chaussures-torfs-remportent-le-titre-de-meilleur-employeur-de-belgique\/#primaryimage"},"thumbnailUrl":"https:\/\/www.retaildetail.be\/wp-content\/uploads\/2022\/04\/logo.png","articleSection":["Mode"],"inLanguage":"fr-FR","copyrightYear":"2012","copyrightHolder":{"@id":"https:\/\/www.retaildetail.be\/#organization"}},{"@type":"WebPage","@id":"https:\/\/www.retaildetail.be\/fr\/news\/mode\/les-chaussures-torfs-remportent-le-titre-de-meilleur-employeur-de-belgique\/","url":"https:\/\/www.retaildetail.be\/fr\/news\/mode\/les-chaussures-torfs-remportent-le-titre-de-meilleur-employeur-de-belgique\/","name":"Les Chaussures Torfs remportent le titre de \u2018Meilleur employeur de Belgique\u2019 - RetailDetail BE","isPartOf":{"@id":"https:\/\/www.retaildetail.be\/nl\/#website"},"primaryImageOfPage":{"@id":"https:\/\/www.retaildetail.be\/fr\/news\/mode\/les-chaussures-torfs-remportent-le-titre-de-meilleur-employeur-de-belgique\/#primaryimage"},"image":{"@id":"https:\/\/www.retaildetail.be\/fr\/news\/mode\/les-chaussures-torfs-remportent-le-titre-de-meilleur-employeur-de-belgique\/#primaryimage"},"thumbnailUrl":"https:\/\/www.retaildetail.be\/wp-content\/uploads\/2022\/04\/logo.png","datePublished":"2012-02-29T16:06:59+00:00","breadcrumb":{"@id":"https:\/\/www.retaildetail.be\/fr\/news\/mode\/les-chaussures-torfs-remportent-le-titre-de-meilleur-employeur-de-belgique\/#breadcrumb"},"inLanguage":"fr-FR","potentialAction":[{"@type":"ReadAction","target":["https:\/\/www.retaildetail.be\/fr\/news\/mode\/les-chaussures-torfs-remportent-le-titre-de-meilleur-employeur-de-belgique\/"]}]},{"@type":"ImageObject","inLanguage":"fr-FR","@id":"https:\/\/www.retaildetail.be\/fr\/news\/mode\/les-chaussures-torfs-remportent-le-titre-de-meilleur-employeur-de-belgique\/#primaryimage","url":"https:\/\/www.retaildetail.be\/wp-content\/uploads\/2022\/04\/logo.png","contentUrl":"https:\/\/www.retaildetail.be\/wp-content\/uploads\/2022\/04\/logo.png","width":281,"height":147},{"@type":"BreadcrumbList","@id":"https:\/\/www.retaildetail.be\/fr\/news\/mode\/les-chaussures-torfs-remportent-le-titre-de-meilleur-employeur-de-belgique\/#breadcrumb","itemListElement":[{"@type":"ListItem","position":1,"name":"Home","item":"https:\/\/www.retaildetail.be\/fr\/"},{"@type":"ListItem","position":2,"name":"Les Chaussures Torfs remportent le titre de \u2018Meilleur employeur de Belgique\u2019"}]},{"@type":"WebSite","@id":"https:\/\/www.retaildetail.be\/nl\/#website","url":"https:\/\/www.retaildetail.be\/nl\/","name":"RetailDetail BE","description":"News","publisher":{"@id":"https:\/\/www.retaildetail.be\/nl\/#organization"},"potentialAction":[{"@type":"SearchAction","target":{"@type":"EntryPoint","urlTemplate":"https:\/\/www.retaildetail.be\/nl\/?s={search_term_string}"},"query-input":{"@type":"PropertyValueSpecification","valueRequired":true,"valueName":"search_term_string"}}],"inLanguage":"fr-FR"},{"@type":"Organization","@id":"https:\/\/www.retaildetail.be\/nl\/#organization","name":"RetailDetail BE","url":"https:\/\/www.retaildetail.be\/nl\/","logo":{"@type":"ImageObject","inLanguage":"fr-FR","@id":"https:\/\/www.retaildetail.be\/nl\/#\/schema\/logo\/image\/","url":"https:\/\/www.retaildetail.be\/wp-content\/uploads\/2022\/04\/logo.svg","contentUrl":"https:\/\/www.retaildetail.be\/wp-content\/uploads\/2022\/04\/logo.svg","width":131,"height":70,"caption":"RetailDetail BE"},"image":{"@id":"https:\/\/www.retaildetail.be\/nl\/#\/schema\/logo\/image\/"}},{"@type":"Person","@id":"https:\/\/www.retaildetail.be\/nl\/#\/schema\/person\/ba2d383452a753a3a1ce8cdb349b5fc9","name":"dev@grandiz.com","image":{"@type":"ImageObject","inLanguage":"fr-FR","@id":"https:\/\/secure.gravatar.com\/avatar\/5f53ce9fb6eed4a60e5aaaa712be8773880fa9459d9cac9bc4aa4fdbce3f447f?s=96&d=mm&r=g","url":"https:\/\/secure.gravatar.com\/avatar\/5f53ce9fb6eed4a60e5aaaa712be8773880fa9459d9cac9bc4aa4fdbce3f447f?s=96&d=mm&r=g","contentUrl":"https:\/\/secure.gravatar.com\/avatar\/5f53ce9fb6eed4a60e5aaaa712be8773880fa9459d9cac9bc4aa4fdbce3f447f?s=96&d=mm&r=g","caption":"dev@grandiz.com"},"sameAs":["http:\/\/preprod.retaildetail.be"],"url":"https:\/\/www.retaildetail.be\/fr\/author\/devgrandiz-com\/"}]}},"jetpack_featured_media_url":"https:\/\/www.retaildetail.be\/wp-content\/uploads\/2022\/04\/logo.png","jetpack_sharing_enabled":true,"_links":{"self":[{"href":"https:\/\/www.retaildetail.be\/fr\/wp-json\/wp\/v2\/posts\/1414","targetHints":{"allow":["GET"]}}],"collection":[{"href":"https:\/\/www.retaildetail.be\/fr\/wp-json\/wp\/v2\/posts"}],"about":[{"href":"https:\/\/www.retaildetail.be\/fr\/wp-json\/wp\/v2\/types\/post"}],"author":[{"embeddable":true,"href":"https:\/\/www.retaildetail.be\/fr\/wp-json\/wp\/v2\/users\/1"}],"replies":[{"embeddable":true,"href":"https:\/\/www.retaildetail.be\/fr\/wp-json\/wp\/v2\/comments?post=1414"}],"version-history":[{"count":0,"href":"https:\/\/www.retaildetail.be\/fr\/wp-json\/wp\/v2\/posts\/1414\/revisions"}],"wp:featuredmedia":[{"embeddable":true,"href":"https:\/\/www.retaildetail.be\/fr\/wp-json\/wp\/v2\/media\/84"}],"wp:attachment":[{"href":"https:\/\/www.retaildetail.be\/fr\/wp-json\/wp\/v2\/media?parent=1414"}],"wp:term":[{"taxonomy":"category","embeddable":true,"href":"https:\/\/www.retaildetail.be\/fr\/wp-json\/wp\/v2\/categories?post=1414"},{"taxonomy":"post_tag","embeddable":true,"href":"https:\/\/www.retaildetail.be\/fr\/wp-json\/wp\/v2\/tags?post=1414"},{"taxonomy":"people","embeddable":true,"href":"https:\/\/www.retaildetail.be\/fr\/wp-json\/wp\/v2\/people?post=1414"},{"taxonomy":"extra","embeddable":true,"href":"https:\/\/www.retaildetail.be\/fr\/wp-json\/wp\/v2\/extra?post=1414"},{"taxonomy":"company","embeddable":true,"href":"https:\/\/www.retaildetail.be\/fr\/wp-json\/wp\/v2\/company?post=1414"},{"taxonomy":"topic","embeddable":true,"href":"https:\/\/www.retaildetail.be\/fr\/wp-json\/wp\/v2\/topic?post=1414"},{"taxonomy":"region","embeddable":true,"href":"https:\/\/www.retaildetail.be\/fr\/wp-json\/wp\/v2\/region?post=1414"}],"curies":[{"name":"wp","href":"https:\/\/api.w.org\/{rel}","templated":true}]}}