{"id":1422,"date":"2012-03-02T16:24:36","date_gmt":"2012-03-02T16:24:36","guid":{"rendered":"https:\/\/www.retaildetail.be\/mode\/fin-de-leclipse-pour-mais-il-est-ou-le-soleil\/"},"modified":"2012-03-02T16:24:36","modified_gmt":"2012-03-02T16:24:36","slug":"fin-de-leclipse-pour-mais-il-est-ou-le-soleil","status":"publish","type":"post","link":"https:\/\/www.retaildetail.be\/fr\/news\/mode\/fin-de-leclipse-pour-mais-il-est-ou-le-soleil\/","title":{"rendered":"Fin de l\u2019\u00e9clipse pour \u2018Mais il est o\u00f9 le Soleil ?\u2019"},"content":{"rendered":"<h2>R\u00e9duction du personnel<\/h2>\n<p>L\u2019objectif\u00a0 du groupe Vegotex est de remettre en route imm\u00e9diatement les livraisons pour la saison en cours, pour l\u2019\u00e9t\u00e9 2012, et de garantir la production pour la saison d\u2019hiver \u00bb. Les boutiques multimarques vendant la griffe peuvent donc \u00eatre rassur\u00e9es.<\/p>\n<p>Le magasin de \u2018Mais il est o\u00f9 le Soleil ?\u2019, pr\u00e8s de la place du Ch\u00e2telain \u00e0 Bruxelles, rouvrira ses portes d\u2019ici quelques jours. Les magasins \u00e0 Anvers, Gand et Woluwe par contre ne se seront pas rouverts, selon le nouveau propri\u00e9taire.<\/p>\n<p>Le groupe de Saint-Nicolas toutefois ne gardera pas l\u2019enti\u00e8ret\u00e9 du personnel de Kesar : \u00ab Nous pouvons reprendre 15 \u00e0 20 personnes \u00bb, explique Bart Maton de Vegotex. Il s\u2019agit essentiellement de l\u2019\u00e9quipe cr\u00e9ative et de production, afin de garantir la continuit\u00e9 de la marque :\u00a0 \u00ab La volont\u00e9 est de conserver l\u2019\u00e2me et le style inimitable de la marque en maintenant autant que possible l\u2019\u00e9quipe cr\u00e9atrice. \u00bb<\/p>\n<p>\u2018Mais il est o\u00f9 les Soleil ?\u2019 a r\u00e9alis\u00e9 l\u2019an dernier un chiffre d\u2019affaires de 23 millions d\u2019euros et \u00e9tait en vente en Belgique, aux Pays-Bas, en France, en Allemagne et au Royaume-Uni.<\/p>\n<h2>\n<br \/>Groupe international<\/h2>\n<p>Vegotex International a \u00e9t\u00e9 fond\u00e9 en 1928 \u00e0 Anvers par William Gotlib. Cette entreprise familiale compte quelques 70 collaborateurs et distribue notamment les marques E-Bound, Emoi, Tricky Tracks et Lemon Beret. D\u2019autre part le groupe d\u00e9veloppe, produit et distribue \u00e9galement des labels priv\u00e9s. Vegotix r\u00e9alise un chiffre d\u2019affaires de 60 millions d\u2019euros. La famille Gotlib d\u00e9tient \u00e9galement des actions d\u2019Orchestra, une cha\u00eene de v\u00eatements pour enfants avec des points de vente dans plus de 25 pays et un chiffre d\u2019affaires annuel d\u2019environ 250 millions d\u2019euros.<\/p>\n<p>\u00a0<\/p>\n<p>\u00a0<\/p>\n<p><em>Traduit par Marie-No\u00eblle Masure<\/em><\/p>\n","protected":false},"excerpt":{"rendered":"<p>R\u00e9duction du personnel L\u2019objectif\u00a0 du groupe Vegotex est de remettre en route imm\u00e9diatement les livraisons pour la saison en cours, pour l\u2019\u00e9t\u00e9 2012, et de garantir la production pour la saison d\u2019hiver \u00bb. Les boutiques multimarques vendant la griffe peuvent donc \u00eatre rassur\u00e9es. Le magasin de \u2018Mais il est o\u00f9 le Soleil ?\u2019, pr\u00e8s de [&hellip;]<\/p>\n","protected":false},"author":1,"featured_media":84,"comment_status":"closed","ping_status":"closed","sticky":false,"template":"","format":"standard","meta":{"_acf_changed":false,"inline_featured_image":false,"_jetpack_memberships_contains_paid_content":false,"footnotes":""},"categories":[22],"tags":[],"people":[],"extra":[],"company":[],"topic":[],"region":[],"class_list":["post-1422","post","type-post","status-publish","format-standard","has-post-thumbnail","hentry","category-mode"],"acf":[],"yoast_head":"<!-- This site is optimized with the Yoast SEO plugin v27.3 - https:\/\/yoast.com\/product\/yoast-seo-wordpress\/ -->\n<title>Fin de l\u2019\u00e9clipse pour \u2018Mais il est o\u00f9 le Soleil ?\u2019 - RetailDetail BE<\/title>\n<meta name=\"robots\" content=\"index, follow, max-snippet:-1, max-image-preview:large, max-video-preview:-1\" \/>\n<link rel=\"canonical\" href=\"https:\/\/www.retaildetail.be\/fr\/news\/mode\/fin-de-leclipse-pour-mais-il-est-ou-le-soleil\/\" \/>\n<meta property=\"og:locale\" content=\"fr_FR\" \/>\n<meta property=\"og:type\" content=\"article\" \/>\n<meta property=\"og:title\" content=\"Fin de l\u2019\u00e9clipse pour \u2018Mais il est o\u00f9 le Soleil ?\u2019 - RetailDetail BE\" \/>\n<meta property=\"og:description\" content=\"R\u00e9duction du personnel L\u2019objectif\u00a0 du groupe Vegotex est de remettre en route imm\u00e9diatement les livraisons pour la saison en cours, pour l\u2019\u00e9t\u00e9 2012, et de garantir la production pour la saison d\u2019hiver \u00bb. Les boutiques multimarques vendant la griffe peuvent donc \u00eatre rassur\u00e9es. Le magasin de \u2018Mais il est o\u00f9 le Soleil ?\u2019, pr\u00e8s de [&hellip;]\" \/>\n<meta property=\"og:url\" content=\"https:\/\/www.retaildetail.be\/fr\/news\/mode\/fin-de-leclipse-pour-mais-il-est-ou-le-soleil\/\" \/>\n<meta property=\"og:site_name\" content=\"RetailDetail BE\" \/>\n<meta property=\"article:published_time\" content=\"2012-03-02T16:24:36+00:00\" \/>\n<meta property=\"og:image\" content=\"https:\/\/i0.wp.com\/www.retaildetail.be\/wp-content\/uploads\/2022\/04\/logo.png?fit=281%2C147&quality=100&strip=all&ssl=1\" \/>\n\t<meta property=\"og:image:width\" content=\"281\" \/>\n\t<meta property=\"og:image:height\" content=\"147\" \/>\n\t<meta property=\"og:image:type\" content=\"image\/png\" \/>\n<meta name=\"author\" content=\"dev@grandiz.com\" \/>\n<meta name=\"twitter:card\" content=\"summary_large_image\" \/>\n<meta name=\"twitter:label1\" content=\"\u00c9crit par\" \/>\n\t<meta name=\"twitter:data1\" content=\"dev@grandiz.com\" \/>\n\t<meta name=\"twitter:label2\" content=\"Dur\u00e9e de lecture estim\u00e9e\" \/>\n\t<meta name=\"twitter:data2\" content=\"1 minute\" \/>\n<script type=\"application\/ld+json\" class=\"yoast-schema-graph\">{\"@context\":\"https:\\\/\\\/schema.org\",\"@graph\":[{\"@type\":\"NewsArticle\",\"@id\":\"https:\\\/\\\/www.retaildetail.be\\\/fr\\\/news\\\/mode\\\/fin-de-leclipse-pour-mais-il-est-ou-le-soleil\\\/#article\",\"isPartOf\":{\"@id\":\"https:\\\/\\\/www.retaildetail.be\\\/fr\\\/news\\\/mode\\\/fin-de-leclipse-pour-mais-il-est-ou-le-soleil\\\/\"},\"author\":{\"name\":\"dev@grandiz.com\",\"@id\":\"https:\\\/\\\/www.retaildetail.be\\\/nl\\\/#\\\/schema\\\/person\\\/ba2d383452a753a3a1ce8cdb349b5fc9\"},\"headline\":\"Fin de l\u2019\u00e9clipse pour \u2018Mais il est o\u00f9 le Soleil ?\u2019\",\"datePublished\":\"2012-03-02T16:24:36+00:00\",\"mainEntityOfPage\":{\"@id\":\"https:\\\/\\\/www.retaildetail.be\\\/fr\\\/news\\\/mode\\\/fin-de-leclipse-pour-mais-il-est-ou-le-soleil\\\/\"},\"wordCount\":302,\"publisher\":{\"@id\":\"https:\\\/\\\/www.retaildetail.be\\\/nl\\\/#organization\"},\"image\":{\"@id\":\"https:\\\/\\\/www.retaildetail.be\\\/fr\\\/news\\\/mode\\\/fin-de-leclipse-pour-mais-il-est-ou-le-soleil\\\/#primaryimage\"},\"thumbnailUrl\":\"https:\\\/\\\/www.retaildetail.be\\\/wp-content\\\/uploads\\\/2022\\\/04\\\/logo.png\",\"articleSection\":[\"Mode\"],\"inLanguage\":\"fr-FR\",\"copyrightYear\":\"2012\",\"copyrightHolder\":{\"@id\":\"https:\\\/\\\/www.retaildetail.be\\\/#organization\"}},{\"@type\":\"WebPage\",\"@id\":\"https:\\\/\\\/www.retaildetail.be\\\/fr\\\/news\\\/mode\\\/fin-de-leclipse-pour-mais-il-est-ou-le-soleil\\\/\",\"url\":\"https:\\\/\\\/www.retaildetail.be\\\/fr\\\/news\\\/mode\\\/fin-de-leclipse-pour-mais-il-est-ou-le-soleil\\\/\",\"name\":\"Fin de l\u2019\u00e9clipse pour \u2018Mais il est o\u00f9 le Soleil ?\u2019 - RetailDetail BE\",\"isPartOf\":{\"@id\":\"https:\\\/\\\/www.retaildetail.be\\\/nl\\\/#website\"},\"primaryImageOfPage\":{\"@id\":\"https:\\\/\\\/www.retaildetail.be\\\/fr\\\/news\\\/mode\\\/fin-de-leclipse-pour-mais-il-est-ou-le-soleil\\\/#primaryimage\"},\"image\":{\"@id\":\"https:\\\/\\\/www.retaildetail.be\\\/fr\\\/news\\\/mode\\\/fin-de-leclipse-pour-mais-il-est-ou-le-soleil\\\/#primaryimage\"},\"thumbnailUrl\":\"https:\\\/\\\/www.retaildetail.be\\\/wp-content\\\/uploads\\\/2022\\\/04\\\/logo.png\",\"datePublished\":\"2012-03-02T16:24:36+00:00\",\"breadcrumb\":{\"@id\":\"https:\\\/\\\/www.retaildetail.be\\\/fr\\\/news\\\/mode\\\/fin-de-leclipse-pour-mais-il-est-ou-le-soleil\\\/#breadcrumb\"},\"inLanguage\":\"fr-FR\",\"potentialAction\":[{\"@type\":\"ReadAction\",\"target\":[\"https:\\\/\\\/www.retaildetail.be\\\/fr\\\/news\\\/mode\\\/fin-de-leclipse-pour-mais-il-est-ou-le-soleil\\\/\"]}]},{\"@type\":\"ImageObject\",\"inLanguage\":\"fr-FR\",\"@id\":\"https:\\\/\\\/www.retaildetail.be\\\/fr\\\/news\\\/mode\\\/fin-de-leclipse-pour-mais-il-est-ou-le-soleil\\\/#primaryimage\",\"url\":\"https:\\\/\\\/www.retaildetail.be\\\/wp-content\\\/uploads\\\/2022\\\/04\\\/logo.png\",\"contentUrl\":\"https:\\\/\\\/www.retaildetail.be\\\/wp-content\\\/uploads\\\/2022\\\/04\\\/logo.png\",\"width\":281,\"height\":147},{\"@type\":\"BreadcrumbList\",\"@id\":\"https:\\\/\\\/www.retaildetail.be\\\/fr\\\/news\\\/mode\\\/fin-de-leclipse-pour-mais-il-est-ou-le-soleil\\\/#breadcrumb\",\"itemListElement\":[{\"@type\":\"ListItem\",\"position\":1,\"name\":\"Home\",\"item\":\"https:\\\/\\\/www.retaildetail.be\\\/fr\\\/\"},{\"@type\":\"ListItem\",\"position\":2,\"name\":\"Fin de l\u2019\u00e9clipse pour \u2018Mais il est o\u00f9 le Soleil ?\u2019\"}]},{\"@type\":\"WebSite\",\"@id\":\"https:\\\/\\\/www.retaildetail.be\\\/nl\\\/#website\",\"url\":\"https:\\\/\\\/www.retaildetail.be\\\/nl\\\/\",\"name\":\"RetailDetail BE\",\"description\":\"News\",\"publisher\":{\"@id\":\"https:\\\/\\\/www.retaildetail.be\\\/nl\\\/#organization\"},\"potentialAction\":[{\"@type\":\"SearchAction\",\"target\":{\"@type\":\"EntryPoint\",\"urlTemplate\":\"https:\\\/\\\/www.retaildetail.be\\\/nl\\\/?s={search_term_string}\"},\"query-input\":{\"@type\":\"PropertyValueSpecification\",\"valueRequired\":true,\"valueName\":\"search_term_string\"}}],\"inLanguage\":\"fr-FR\"},{\"@type\":\"Organization\",\"@id\":\"https:\\\/\\\/www.retaildetail.be\\\/nl\\\/#organization\",\"name\":\"RetailDetail BE\",\"url\":\"https:\\\/\\\/www.retaildetail.be\\\/nl\\\/\",\"logo\":{\"@type\":\"ImageObject\",\"inLanguage\":\"fr-FR\",\"@id\":\"https:\\\/\\\/www.retaildetail.be\\\/nl\\\/#\\\/schema\\\/logo\\\/image\\\/\",\"url\":\"https:\\\/\\\/www.retaildetail.be\\\/wp-content\\\/uploads\\\/2022\\\/04\\\/logo.svg\",\"contentUrl\":\"https:\\\/\\\/www.retaildetail.be\\\/wp-content\\\/uploads\\\/2022\\\/04\\\/logo.svg\",\"width\":131,\"height\":70,\"caption\":\"RetailDetail BE\"},\"image\":{\"@id\":\"https:\\\/\\\/www.retaildetail.be\\\/nl\\\/#\\\/schema\\\/logo\\\/image\\\/\"}},{\"@type\":\"Person\",\"@id\":\"https:\\\/\\\/www.retaildetail.be\\\/nl\\\/#\\\/schema\\\/person\\\/ba2d383452a753a3a1ce8cdb349b5fc9\",\"name\":\"dev@grandiz.com\",\"image\":{\"@type\":\"ImageObject\",\"inLanguage\":\"fr-FR\",\"@id\":\"https:\\\/\\\/secure.gravatar.com\\\/avatar\\\/5f53ce9fb6eed4a60e5aaaa712be8773880fa9459d9cac9bc4aa4fdbce3f447f?s=96&d=mm&r=g\",\"url\":\"https:\\\/\\\/secure.gravatar.com\\\/avatar\\\/5f53ce9fb6eed4a60e5aaaa712be8773880fa9459d9cac9bc4aa4fdbce3f447f?s=96&d=mm&r=g\",\"contentUrl\":\"https:\\\/\\\/secure.gravatar.com\\\/avatar\\\/5f53ce9fb6eed4a60e5aaaa712be8773880fa9459d9cac9bc4aa4fdbce3f447f?s=96&d=mm&r=g\",\"caption\":\"dev@grandiz.com\"},\"sameAs\":[\"http:\\\/\\\/preprod.retaildetail.be\"],\"url\":\"https:\\\/\\\/www.retaildetail.be\\\/fr\\\/author\\\/devgrandiz-com\\\/\"}]}<\/script>\n<!-- \/ Yoast SEO plugin. -->","yoast_head_json":{"title":"Fin de l\u2019\u00e9clipse pour \u2018Mais il est o\u00f9 le Soleil ?\u2019 - RetailDetail BE","robots":{"index":"index","follow":"follow","max-snippet":"max-snippet:-1","max-image-preview":"max-image-preview:large","max-video-preview":"max-video-preview:-1"},"canonical":"https:\/\/www.retaildetail.be\/fr\/news\/mode\/fin-de-leclipse-pour-mais-il-est-ou-le-soleil\/","og_locale":"fr_FR","og_type":"article","og_title":"Fin de l\u2019\u00e9clipse pour \u2018Mais il est o\u00f9 le Soleil ?\u2019 - RetailDetail BE","og_description":"R\u00e9duction du personnel L\u2019objectif\u00a0 du groupe Vegotex est de remettre en route imm\u00e9diatement les livraisons pour la saison en cours, pour l\u2019\u00e9t\u00e9 2012, et de garantir la production pour la saison d\u2019hiver \u00bb. Les boutiques multimarques vendant la griffe peuvent donc \u00eatre rassur\u00e9es. Le magasin de \u2018Mais il est o\u00f9 le Soleil ?\u2019, pr\u00e8s de [&hellip;]","og_url":"https:\/\/www.retaildetail.be\/fr\/news\/mode\/fin-de-leclipse-pour-mais-il-est-ou-le-soleil\/","og_site_name":"RetailDetail BE","article_published_time":"2012-03-02T16:24:36+00:00","og_image":[{"width":281,"height":147,"url":"https:\/\/i0.wp.com\/www.retaildetail.be\/wp-content\/uploads\/2022\/04\/logo.png?fit=281%2C147&quality=100&strip=all&ssl=1","type":"image\/png"}],"author":"dev@grandiz.com","twitter_card":"summary_large_image","twitter_misc":{"\u00c9crit par":"dev@grandiz.com","Dur\u00e9e de lecture estim\u00e9e":"1 minute"},"schema":{"@context":"https:\/\/schema.org","@graph":[{"@type":"NewsArticle","@id":"https:\/\/www.retaildetail.be\/fr\/news\/mode\/fin-de-leclipse-pour-mais-il-est-ou-le-soleil\/#article","isPartOf":{"@id":"https:\/\/www.retaildetail.be\/fr\/news\/mode\/fin-de-leclipse-pour-mais-il-est-ou-le-soleil\/"},"author":{"name":"dev@grandiz.com","@id":"https:\/\/www.retaildetail.be\/nl\/#\/schema\/person\/ba2d383452a753a3a1ce8cdb349b5fc9"},"headline":"Fin de l\u2019\u00e9clipse pour \u2018Mais il est o\u00f9 le Soleil ?\u2019","datePublished":"2012-03-02T16:24:36+00:00","mainEntityOfPage":{"@id":"https:\/\/www.retaildetail.be\/fr\/news\/mode\/fin-de-leclipse-pour-mais-il-est-ou-le-soleil\/"},"wordCount":302,"publisher":{"@id":"https:\/\/www.retaildetail.be\/nl\/#organization"},"image":{"@id":"https:\/\/www.retaildetail.be\/fr\/news\/mode\/fin-de-leclipse-pour-mais-il-est-ou-le-soleil\/#primaryimage"},"thumbnailUrl":"https:\/\/www.retaildetail.be\/wp-content\/uploads\/2022\/04\/logo.png","articleSection":["Mode"],"inLanguage":"fr-FR","copyrightYear":"2012","copyrightHolder":{"@id":"https:\/\/www.retaildetail.be\/#organization"}},{"@type":"WebPage","@id":"https:\/\/www.retaildetail.be\/fr\/news\/mode\/fin-de-leclipse-pour-mais-il-est-ou-le-soleil\/","url":"https:\/\/www.retaildetail.be\/fr\/news\/mode\/fin-de-leclipse-pour-mais-il-est-ou-le-soleil\/","name":"Fin de l\u2019\u00e9clipse pour \u2018Mais il est o\u00f9 le Soleil ?\u2019 - RetailDetail BE","isPartOf":{"@id":"https:\/\/www.retaildetail.be\/nl\/#website"},"primaryImageOfPage":{"@id":"https:\/\/www.retaildetail.be\/fr\/news\/mode\/fin-de-leclipse-pour-mais-il-est-ou-le-soleil\/#primaryimage"},"image":{"@id":"https:\/\/www.retaildetail.be\/fr\/news\/mode\/fin-de-leclipse-pour-mais-il-est-ou-le-soleil\/#primaryimage"},"thumbnailUrl":"https:\/\/www.retaildetail.be\/wp-content\/uploads\/2022\/04\/logo.png","datePublished":"2012-03-02T16:24:36+00:00","breadcrumb":{"@id":"https:\/\/www.retaildetail.be\/fr\/news\/mode\/fin-de-leclipse-pour-mais-il-est-ou-le-soleil\/#breadcrumb"},"inLanguage":"fr-FR","potentialAction":[{"@type":"ReadAction","target":["https:\/\/www.retaildetail.be\/fr\/news\/mode\/fin-de-leclipse-pour-mais-il-est-ou-le-soleil\/"]}]},{"@type":"ImageObject","inLanguage":"fr-FR","@id":"https:\/\/www.retaildetail.be\/fr\/news\/mode\/fin-de-leclipse-pour-mais-il-est-ou-le-soleil\/#primaryimage","url":"https:\/\/www.retaildetail.be\/wp-content\/uploads\/2022\/04\/logo.png","contentUrl":"https:\/\/www.retaildetail.be\/wp-content\/uploads\/2022\/04\/logo.png","width":281,"height":147},{"@type":"BreadcrumbList","@id":"https:\/\/www.retaildetail.be\/fr\/news\/mode\/fin-de-leclipse-pour-mais-il-est-ou-le-soleil\/#breadcrumb","itemListElement":[{"@type":"ListItem","position":1,"name":"Home","item":"https:\/\/www.retaildetail.be\/fr\/"},{"@type":"ListItem","position":2,"name":"Fin de l\u2019\u00e9clipse pour \u2018Mais il est o\u00f9 le Soleil ?\u2019"}]},{"@type":"WebSite","@id":"https:\/\/www.retaildetail.be\/nl\/#website","url":"https:\/\/www.retaildetail.be\/nl\/","name":"RetailDetail BE","description":"News","publisher":{"@id":"https:\/\/www.retaildetail.be\/nl\/#organization"},"potentialAction":[{"@type":"SearchAction","target":{"@type":"EntryPoint","urlTemplate":"https:\/\/www.retaildetail.be\/nl\/?s={search_term_string}"},"query-input":{"@type":"PropertyValueSpecification","valueRequired":true,"valueName":"search_term_string"}}],"inLanguage":"fr-FR"},{"@type":"Organization","@id":"https:\/\/www.retaildetail.be\/nl\/#organization","name":"RetailDetail BE","url":"https:\/\/www.retaildetail.be\/nl\/","logo":{"@type":"ImageObject","inLanguage":"fr-FR","@id":"https:\/\/www.retaildetail.be\/nl\/#\/schema\/logo\/image\/","url":"https:\/\/www.retaildetail.be\/wp-content\/uploads\/2022\/04\/logo.svg","contentUrl":"https:\/\/www.retaildetail.be\/wp-content\/uploads\/2022\/04\/logo.svg","width":131,"height":70,"caption":"RetailDetail BE"},"image":{"@id":"https:\/\/www.retaildetail.be\/nl\/#\/schema\/logo\/image\/"}},{"@type":"Person","@id":"https:\/\/www.retaildetail.be\/nl\/#\/schema\/person\/ba2d383452a753a3a1ce8cdb349b5fc9","name":"dev@grandiz.com","image":{"@type":"ImageObject","inLanguage":"fr-FR","@id":"https:\/\/secure.gravatar.com\/avatar\/5f53ce9fb6eed4a60e5aaaa712be8773880fa9459d9cac9bc4aa4fdbce3f447f?s=96&d=mm&r=g","url":"https:\/\/secure.gravatar.com\/avatar\/5f53ce9fb6eed4a60e5aaaa712be8773880fa9459d9cac9bc4aa4fdbce3f447f?s=96&d=mm&r=g","contentUrl":"https:\/\/secure.gravatar.com\/avatar\/5f53ce9fb6eed4a60e5aaaa712be8773880fa9459d9cac9bc4aa4fdbce3f447f?s=96&d=mm&r=g","caption":"dev@grandiz.com"},"sameAs":["http:\/\/preprod.retaildetail.be"],"url":"https:\/\/www.retaildetail.be\/fr\/author\/devgrandiz-com\/"}]}},"jetpack_featured_media_url":"https:\/\/www.retaildetail.be\/wp-content\/uploads\/2022\/04\/logo.png","jetpack_sharing_enabled":true,"_links":{"self":[{"href":"https:\/\/www.retaildetail.be\/fr\/wp-json\/wp\/v2\/posts\/1422","targetHints":{"allow":["GET"]}}],"collection":[{"href":"https:\/\/www.retaildetail.be\/fr\/wp-json\/wp\/v2\/posts"}],"about":[{"href":"https:\/\/www.retaildetail.be\/fr\/wp-json\/wp\/v2\/types\/post"}],"author":[{"embeddable":true,"href":"https:\/\/www.retaildetail.be\/fr\/wp-json\/wp\/v2\/users\/1"}],"replies":[{"embeddable":true,"href":"https:\/\/www.retaildetail.be\/fr\/wp-json\/wp\/v2\/comments?post=1422"}],"version-history":[{"count":0,"href":"https:\/\/www.retaildetail.be\/fr\/wp-json\/wp\/v2\/posts\/1422\/revisions"}],"wp:featuredmedia":[{"embeddable":true,"href":"https:\/\/www.retaildetail.be\/fr\/wp-json\/wp\/v2\/media\/84"}],"wp:attachment":[{"href":"https:\/\/www.retaildetail.be\/fr\/wp-json\/wp\/v2\/media?parent=1422"}],"wp:term":[{"taxonomy":"category","embeddable":true,"href":"https:\/\/www.retaildetail.be\/fr\/wp-json\/wp\/v2\/categories?post=1422"},{"taxonomy":"post_tag","embeddable":true,"href":"https:\/\/www.retaildetail.be\/fr\/wp-json\/wp\/v2\/tags?post=1422"},{"taxonomy":"people","embeddable":true,"href":"https:\/\/www.retaildetail.be\/fr\/wp-json\/wp\/v2\/people?post=1422"},{"taxonomy":"extra","embeddable":true,"href":"https:\/\/www.retaildetail.be\/fr\/wp-json\/wp\/v2\/extra?post=1422"},{"taxonomy":"company","embeddable":true,"href":"https:\/\/www.retaildetail.be\/fr\/wp-json\/wp\/v2\/company?post=1422"},{"taxonomy":"topic","embeddable":true,"href":"https:\/\/www.retaildetail.be\/fr\/wp-json\/wp\/v2\/topic?post=1422"},{"taxonomy":"region","embeddable":true,"href":"https:\/\/www.retaildetail.be\/fr\/wp-json\/wp\/v2\/region?post=1422"}],"curies":[{"name":"wp","href":"https:\/\/api.w.org\/{rel}","templated":true}]}}