{"id":142514,"date":"2026-02-19T11:51:35","date_gmt":"2026-02-19T10:51:35","guid":{"rendered":"https:\/\/www.retaildetail.be\/?p=142514"},"modified":"2026-02-19T11:51:36","modified_gmt":"2026-02-19T10:51:36","slug":"la-revolution-generative-de-zalando-comment-lia-redefinit-lexperience-mode","status":"publish","type":"post","link":"https:\/\/www.retaildetail.be\/fr\/news\/mode\/la-revolution-generative-de-zalando-comment-lia-redefinit-lexperience-mode\/","title":{"rendered":"La r\u00e9volution g\u00e9n\u00e9rative de Zalando : comment l&rsquo;IA red\u00e9finit l&rsquo;exp\u00e9rience mode"},"content":{"rendered":"\n<p>L&rsquo;IA g\u00e9n\u00e9rative r\u00e9\u00e9crit les r\u00e8gles du commerce \u00e9lectronique et de la mode. \u00ab L&rsquo;avenir de la mode repose sur l&rsquo;\u00e9motion, la technologie et des choix clairs \u00bb, d\u00e9clare Laura Toledano, directrice g\u00e9n\u00e9rale Europe occidentale chez <strong>Zalando<\/strong>. Elle s&rsquo;exprimera le 19 mars lors du RetailDetail Omnichannel &amp; E-commerce Congress \u00e0 Bruxelles sur le r\u00f4le de l&rsquo;IA dans l&rsquo;avenir du retail.<\/p>\n\n\n\n<h2 class=\"wp-block-heading\">De statique \u00e0 dynamique<\/h2>\n\n\n\n<p>Le commerce de d\u00e9tail de la mode est \u00e0 l&rsquo;aube d&rsquo;une transformation fondamentale. Alors que pendant des ann\u00e9es, les plateformes se sont battues pour gagner en taille et en efficacit\u00e9 op\u00e9rationnelle, la concurrence se joue d\u00e9sormais \u00e0 la crois\u00e9e de la technologie, de l&rsquo;\u00e9motion et de la confiance. Zalando mise pleinement sur cette \u00e9volution. Le g\u00e9ant allemand en finit avec les formats traditionnels du commerce \u00e9lectronique.<\/p>\n\n\n\n<p>Alors que pendant des ann\u00e9es, les produits \u00e9taient pr\u00e9sent\u00e9s sur fond blanc, Zalando mise d\u00e9sormais sur des images contextuelles, des vid\u00e9os de produits et des cabines d&rsquo;essayage virtuelles. L&rsquo;IA g\u00e9n\u00e9rative permet au d\u00e9taillant de cr\u00e9er du contenu qui est non seulement informatif, mais aussi inspirant, expliquera Laura Toledano <a href=\"https:\/\/www.retaildetail.be\/fr\/retail-events\/congres-retaildetail-omnichannel-e-commerce-2026\/\">lors du RetailDetail Omnichannel &amp; E-commerce Congress le 19 mars<\/a>.<\/p>\n\n\n\n<h2 class=\"wp-block-heading\">L&rsquo;\u00e9motion comme arme distinctive<\/h2>\n\n\n\n<p>Dans un march\u00e9 satur\u00e9 par la mode rapide et bon march\u00e9, Zalando choisit une autre voie. \u00ab Nous devons \u00eatre pr\u00e9sents au carrefour o\u00f9 l&rsquo;inspiration m\u00e8ne \u00e0 l&rsquo;achat. Nous voulons donc non seulement inciter les clients \u00e0 acheter, mais aussi les inspirer \u00bb, a d\u00e9clar\u00e9 la dirigeante dans une interview accord\u00e9e \u00e0 RetailDetail.<\/p>\n\n\n\n<p>Cette vision se traduit par des fonctionnalit\u00e9s telles que le \u00ab Zalando Assistant \u00bb, un outil de stylisme bas\u00e9 sur l&rsquo;IA qui fournit des conseils personnalis\u00e9s en fonction du comportement des clients, et les \u00ab boards \u00bb, des tableaux d&rsquo;ambiance num\u00e9riques sur lesquels les utilisateurs peuvent composer et partager des tenues. De plus, lorsqu&rsquo;on voit un produit dans son contexte, on est plus enclin \u00e0 l&rsquo;acheter.<\/p>\n\n\n\n<h2 class=\"wp-block-heading\">Une technologie \u00e0 visage humain<\/h2>\n\n\n\n<p>L&rsquo;IA joue un r\u00f4le cl\u00e9 dans la transformation, mais Toledano souligne qu&rsquo;elle n&rsquo;est pas une fin en soi. La personnalisation reste bas\u00e9e sur des signaux explicites et implicites des clients, avec des limites claires. \u00ab Nous voulons \u00eatre pertinents, pas intrusifs. C&rsquo;est pourquoi nous ajoutons toujours un \u00e9l\u00e9ment de d\u00e9couverte. \u00bb Le contact humain reste \u00e9galement essentiel dans la relation avec les marques : \u00ab L&rsquo;IA peut faire beaucoup, mais elle ne peut pas remplacer un partenariat. \u00bb<\/p>\n\n\n\n<p>Le discours met en lumi\u00e8re la mani\u00e8re dont ces innovations renforcent la confiance, r\u00e9duisent les taux de retour et cr\u00e9ent des exp\u00e9riences d&rsquo;achat encore plus inspirantes pour des millions de clients \u00e0 travers l&rsquo;Europe. La strat\u00e9gie porte d\u00e9j\u00e0 ses fruits : le nombre de clients actifs a r\u00e9cemment atteint un niveau record.<\/p>\n\n\n\n<p><a href=\"https:\/\/www.retaildetail.be\/fr\/retail-events\/congres-retaildetail-omnichannel-e-commerce-2026\/\">D\u00e9couvrez Zalando, Delhaize, Les Jumelles, Drukke Mama&rsquo;s et bien d&rsquo;autres encore au RetailDetail Omnichannel &amp; E-Commerce Congress chez Trademart Brussels ! <\/a><\/p>\n\n\n\n<div class=\"wp-block-buttons is-layout-flex wp-block-buttons-is-layout-flex\">\n<div class=\"wp-block-button\"><a class=\"wp-block-button__link has-vivid-red-background-color has-background wp-element-button\" href=\"https:\/\/www.retaildetail.be\/fr\/retail-events\/congres-retaildetail-omnichannel-e-commerce-2026\/\">UTILISEZ LE CODE \u00ab LOVE14 \u00bb ET B\u00c9N\u00c9FICIEZ D&rsquo;UNE R\u00c9DUCTION SUPPL\u00c9MENTAIRE DE 14 % AVANT LE 20 F\u00c9VRIER.<\/a><\/div>\n<\/div>\n","protected":false},"excerpt":{"rendered":"<p>L&rsquo;IA g\u00e9n\u00e9rative r\u00e9\u00e9crit les r\u00e8gles du commerce \u00e9lectronique et de la mode. \u00ab L&rsquo;avenir de la mode repose sur l&rsquo;\u00e9motion, la technologie et des choix clairs \u00bb, d\u00e9clare Laura Toledano, directrice g\u00e9n\u00e9rale Europe occidentale chez Zalando. Elle s&rsquo;exprimera le 19 mars lors du RetailDetail Omnichannel &amp; E-commerce Congress \u00e0 Bruxelles sur le r\u00f4le de l&rsquo;IA dans l&rsquo;avenir du commerce de d\u00e9tail.<\/p>\n","protected":false},"author":5,"featured_media":142515,"comment_status":"closed","ping_status":"closed","sticky":false,"template":"","format":"standard","meta":{"_acf_changed":false,"inline_featured_image":false,"_jetpack_memberships_contains_paid_content":false,"footnotes":""},"categories":[14,22],"tags":[1467],"people":[],"extra":[],"company":[287],"topic":[462,778],"region":[],"class_list":{"0":"post-142514","1":"post","2":"type-post","3":"status-publish","4":"format-standard","5":"has-post-thumbnail","6":"hentry","7":"category-mode","9":"tag-artificiele-intelligentie","10":"company-zalando","11":"topic-innovation","12":"topic-retaildetail-omnichannel-congress"},"acf":[],"yoast_head":"<!-- This site is optimized with the Yoast SEO plugin v27.3 - https:\/\/yoast.com\/product\/yoast-seo-wordpress\/ -->\n<title>La r\u00e9volution g\u00e9n\u00e9rative de Zalando : comment l&#039;IA red\u00e9finit l&#039;exp\u00e9rience mode - RetailDetail BE<\/title>\n<meta name=\"description\" content=\"L&#039;IA g\u00e9n\u00e9rative r\u00e9\u00e9crit les r\u00e8gles du commerce \u00e9lectronique et de la mode, expliquera Laura Toledano, directrice g\u00e9n\u00e9rale Europe occidentale chez Zalando, le 19 mars lors du RetailDetail Omnichannel &amp; E-commerce Congress \u00e0 Bruxelles.\" \/>\n<meta name=\"robots\" content=\"index, follow, max-snippet:-1, max-image-preview:large, max-video-preview:-1\" \/>\n<link rel=\"canonical\" href=\"https:\/\/www.retaildetail.be\/fr\/news\/mode\/la-revolution-generative-de-zalando-comment-lia-redefinit-lexperience-mode\/\" \/>\n<meta property=\"og:locale\" content=\"fr_FR\" \/>\n<meta property=\"og:type\" content=\"article\" \/>\n<meta property=\"og:title\" content=\"La r\u00e9volution g\u00e9n\u00e9rative de Zalando : comment l&#039;IA red\u00e9finit l&#039;exp\u00e9rience mode - RetailDetail BE\" \/>\n<meta property=\"og:description\" content=\"L&#039;IA g\u00e9n\u00e9rative r\u00e9\u00e9crit les r\u00e8gles du commerce \u00e9lectronique et de la mode, expliquera Laura Toledano, directrice g\u00e9n\u00e9rale Europe occidentale chez Zalando, le 19 mars lors du RetailDetail Omnichannel &amp; E-commerce Congress \u00e0 Bruxelles.\" \/>\n<meta property=\"og:url\" content=\"https:\/\/www.retaildetail.be\/fr\/news\/mode\/la-revolution-generative-de-zalando-comment-lia-redefinit-lexperience-mode\/\" \/>\n<meta property=\"og:site_name\" content=\"RetailDetail BE\" \/>\n<meta property=\"article:published_time\" content=\"2026-02-19T10:51:35+00:00\" \/>\n<meta property=\"article:modified_time\" content=\"2026-02-19T10:51:36+00:00\" \/>\n<meta property=\"og:image\" content=\"https:\/\/www.retaildetail.be\/wp-content\/uploads\/2026\/02\/Zalando-Laura-Toledano-GM-Western-Europe-Copyright-Zalando-SE-Daniel-Hofer-2.jpg\" \/>\n\t<meta property=\"og:image:width\" content=\"1800\" \/>\n\t<meta property=\"og:image:height\" content=\"1201\" \/>\n\t<meta property=\"og:image:type\" content=\"image\/jpeg\" \/>\n<meta name=\"author\" content=\"Pauline Neerman\" \/>\n<meta name=\"twitter:card\" content=\"summary_large_image\" \/>\n<meta name=\"twitter:label1\" content=\"\u00c9crit par\" \/>\n\t<meta name=\"twitter:data1\" content=\"Pauline Neerman\" \/>\n\t<meta name=\"twitter:label2\" content=\"Dur\u00e9e de lecture estim\u00e9e\" \/>\n\t<meta name=\"twitter:data2\" content=\"3 minutes\" \/>\n<script type=\"application\/ld+json\" class=\"yoast-schema-graph\">{\"@context\":\"https:\\\/\\\/schema.org\",\"@graph\":[{\"@type\":\"NewsArticle\",\"@id\":\"https:\\\/\\\/www.retaildetail.be\\\/fr\\\/news\\\/mode\\\/la-revolution-generative-de-zalando-comment-lia-redefinit-lexperience-mode\\\/#article\",\"isPartOf\":{\"@id\":\"https:\\\/\\\/www.retaildetail.be\\\/fr\\\/news\\\/mode\\\/la-revolution-generative-de-zalando-comment-lia-redefinit-lexperience-mode\\\/\"},\"author\":{\"name\":\"Pauline Neerman\",\"@id\":\"https:\\\/\\\/www.retaildetail.be\\\/nl\\\/#\\\/schema\\\/person\\\/66b54803fa10759039079458ea89e307\"},\"headline\":\"La r\u00e9volution g\u00e9n\u00e9rative de Zalando : comment l&rsquo;IA red\u00e9finit l&rsquo;exp\u00e9rience mode\",\"datePublished\":\"2026-02-19T10:51:35+00:00\",\"dateModified\":\"2026-02-19T10:51:36+00:00\",\"mainEntityOfPage\":{\"@id\":\"https:\\\/\\\/www.retaildetail.be\\\/fr\\\/news\\\/mode\\\/la-revolution-generative-de-zalando-comment-lia-redefinit-lexperience-mode\\\/\"},\"wordCount\":545,\"publisher\":{\"@id\":\"https:\\\/\\\/www.retaildetail.be\\\/nl\\\/#organization\"},\"image\":{\"@id\":\"https:\\\/\\\/www.retaildetail.be\\\/fr\\\/news\\\/mode\\\/la-revolution-generative-de-zalando-comment-lia-redefinit-lexperience-mode\\\/#primaryimage\"},\"thumbnailUrl\":\"https:\\\/\\\/www.retaildetail.be\\\/wp-content\\\/uploads\\\/2026\\\/02\\\/Zalando-Laura-Toledano-GM-Western-Europe-Copyright-Zalando-SE-Daniel-Hofer-2.jpg\",\"keywords\":[\"Artifici\u00eble Intelligentie\"],\"articleSection\":[\"Mode\",\"Mode\"],\"inLanguage\":\"fr-FR\",\"copyrightYear\":\"2026\",\"copyrightHolder\":{\"@id\":\"https:\\\/\\\/www.retaildetail.be\\\/#organization\"}},{\"@type\":\"WebPage\",\"@id\":\"https:\\\/\\\/www.retaildetail.be\\\/fr\\\/news\\\/mode\\\/la-revolution-generative-de-zalando-comment-lia-redefinit-lexperience-mode\\\/\",\"url\":\"https:\\\/\\\/www.retaildetail.be\\\/fr\\\/news\\\/mode\\\/la-revolution-generative-de-zalando-comment-lia-redefinit-lexperience-mode\\\/\",\"name\":\"La r\u00e9volution g\u00e9n\u00e9rative de Zalando : comment l'IA red\u00e9finit l'exp\u00e9rience mode - RetailDetail BE\",\"isPartOf\":{\"@id\":\"https:\\\/\\\/www.retaildetail.be\\\/nl\\\/#website\"},\"primaryImageOfPage\":{\"@id\":\"https:\\\/\\\/www.retaildetail.be\\\/fr\\\/news\\\/mode\\\/la-revolution-generative-de-zalando-comment-lia-redefinit-lexperience-mode\\\/#primaryimage\"},\"image\":{\"@id\":\"https:\\\/\\\/www.retaildetail.be\\\/fr\\\/news\\\/mode\\\/la-revolution-generative-de-zalando-comment-lia-redefinit-lexperience-mode\\\/#primaryimage\"},\"thumbnailUrl\":\"https:\\\/\\\/www.retaildetail.be\\\/wp-content\\\/uploads\\\/2026\\\/02\\\/Zalando-Laura-Toledano-GM-Western-Europe-Copyright-Zalando-SE-Daniel-Hofer-2.jpg\",\"datePublished\":\"2026-02-19T10:51:35+00:00\",\"dateModified\":\"2026-02-19T10:51:36+00:00\",\"description\":\"L'IA g\u00e9n\u00e9rative r\u00e9\u00e9crit les r\u00e8gles du commerce \u00e9lectronique et de la mode, expliquera Laura Toledano, directrice g\u00e9n\u00e9rale Europe occidentale chez Zalando, le 19 mars lors du RetailDetail Omnichannel & E-commerce Congress \u00e0 Bruxelles.\",\"breadcrumb\":{\"@id\":\"https:\\\/\\\/www.retaildetail.be\\\/fr\\\/news\\\/mode\\\/la-revolution-generative-de-zalando-comment-lia-redefinit-lexperience-mode\\\/#breadcrumb\"},\"inLanguage\":\"fr-FR\",\"potentialAction\":[{\"@type\":\"ReadAction\",\"target\":[\"https:\\\/\\\/www.retaildetail.be\\\/fr\\\/news\\\/mode\\\/la-revolution-generative-de-zalando-comment-lia-redefinit-lexperience-mode\\\/\"]}]},{\"@type\":\"ImageObject\",\"inLanguage\":\"fr-FR\",\"@id\":\"https:\\\/\\\/www.retaildetail.be\\\/fr\\\/news\\\/mode\\\/la-revolution-generative-de-zalando-comment-lia-redefinit-lexperience-mode\\\/#primaryimage\",\"url\":\"https:\\\/\\\/www.retaildetail.be\\\/wp-content\\\/uploads\\\/2026\\\/02\\\/Zalando-Laura-Toledano-GM-Western-Europe-Copyright-Zalando-SE-Daniel-Hofer-2.jpg\",\"contentUrl\":\"https:\\\/\\\/www.retaildetail.be\\\/wp-content\\\/uploads\\\/2026\\\/02\\\/Zalando-Laura-Toledano-GM-Western-Europe-Copyright-Zalando-SE-Daniel-Hofer-2.jpg\",\"width\":1800,\"height\":1201,\"caption\":\"Laura Toledano, \u00a9 Zalando SE \\\/ Daniel Hofer\"},{\"@type\":\"BreadcrumbList\",\"@id\":\"https:\\\/\\\/www.retaildetail.be\\\/fr\\\/news\\\/mode\\\/la-revolution-generative-de-zalando-comment-lia-redefinit-lexperience-mode\\\/#breadcrumb\",\"itemListElement\":[{\"@type\":\"ListItem\",\"position\":1,\"name\":\"Home\",\"item\":\"https:\\\/\\\/www.retaildetail.be\\\/fr\\\/\"},{\"@type\":\"ListItem\",\"position\":2,\"name\":\"La r\u00e9volution g\u00e9n\u00e9rative de Zalando : comment l&#8217;IA red\u00e9finit l&#8217;exp\u00e9rience mode\"}]},{\"@type\":\"WebSite\",\"@id\":\"https:\\\/\\\/www.retaildetail.be\\\/nl\\\/#website\",\"url\":\"https:\\\/\\\/www.retaildetail.be\\\/nl\\\/\",\"name\":\"RetailDetail BE\",\"description\":\"News\",\"publisher\":{\"@id\":\"https:\\\/\\\/www.retaildetail.be\\\/nl\\\/#organization\"},\"potentialAction\":[{\"@type\":\"SearchAction\",\"target\":{\"@type\":\"EntryPoint\",\"urlTemplate\":\"https:\\\/\\\/www.retaildetail.be\\\/nl\\\/?s={search_term_string}\"},\"query-input\":{\"@type\":\"PropertyValueSpecification\",\"valueRequired\":true,\"valueName\":\"search_term_string\"}}],\"inLanguage\":\"fr-FR\"},{\"@type\":\"Organization\",\"@id\":\"https:\\\/\\\/www.retaildetail.be\\\/nl\\\/#organization\",\"name\":\"RetailDetail BE\",\"url\":\"https:\\\/\\\/www.retaildetail.be\\\/nl\\\/\",\"logo\":{\"@type\":\"ImageObject\",\"inLanguage\":\"fr-FR\",\"@id\":\"https:\\\/\\\/www.retaildetail.be\\\/nl\\\/#\\\/schema\\\/logo\\\/image\\\/\",\"url\":\"https:\\\/\\\/www.retaildetail.be\\\/wp-content\\\/uploads\\\/2022\\\/04\\\/logo.svg\",\"contentUrl\":\"https:\\\/\\\/www.retaildetail.be\\\/wp-content\\\/uploads\\\/2022\\\/04\\\/logo.svg\",\"width\":131,\"height\":70,\"caption\":\"RetailDetail BE\"},\"image\":{\"@id\":\"https:\\\/\\\/www.retaildetail.be\\\/nl\\\/#\\\/schema\\\/logo\\\/image\\\/\"}},{\"@type\":\"Person\",\"@id\":\"https:\\\/\\\/www.retaildetail.be\\\/nl\\\/#\\\/schema\\\/person\\\/66b54803fa10759039079458ea89e307\",\"name\":\"Pauline Neerman\",\"image\":{\"@type\":\"ImageObject\",\"inLanguage\":\"fr-FR\",\"@id\":\"https:\\\/\\\/secure.gravatar.com\\\/avatar\\\/58db22aee589a691f9603e5765ac06010427a923f9b2728b951eb7fe27214d70?s=96&d=mm&r=g\",\"url\":\"https:\\\/\\\/secure.gravatar.com\\\/avatar\\\/58db22aee589a691f9603e5765ac06010427a923f9b2728b951eb7fe27214d70?s=96&d=mm&r=g\",\"contentUrl\":\"https:\\\/\\\/secure.gravatar.com\\\/avatar\\\/58db22aee589a691f9603e5765ac06010427a923f9b2728b951eb7fe27214d70?s=96&d=mm&r=g\",\"caption\":\"Pauline Neerman\"},\"url\":\"https:\\\/\\\/www.retaildetail.be\\\/fr\\\/author\\\/paulineneerman\\\/\"}]}<\/script>\n<!-- \/ Yoast SEO plugin. -->","yoast_head_json":{"title":"La r\u00e9volution g\u00e9n\u00e9rative de Zalando : comment l'IA red\u00e9finit l'exp\u00e9rience mode - RetailDetail BE","description":"L'IA g\u00e9n\u00e9rative r\u00e9\u00e9crit les r\u00e8gles du commerce \u00e9lectronique et de la mode, expliquera Laura Toledano, directrice g\u00e9n\u00e9rale Europe occidentale chez Zalando, le 19 mars lors du RetailDetail Omnichannel & E-commerce Congress \u00e0 Bruxelles.","robots":{"index":"index","follow":"follow","max-snippet":"max-snippet:-1","max-image-preview":"max-image-preview:large","max-video-preview":"max-video-preview:-1"},"canonical":"https:\/\/www.retaildetail.be\/fr\/news\/mode\/la-revolution-generative-de-zalando-comment-lia-redefinit-lexperience-mode\/","og_locale":"fr_FR","og_type":"article","og_title":"La r\u00e9volution g\u00e9n\u00e9rative de Zalando : comment l'IA red\u00e9finit l'exp\u00e9rience mode - RetailDetail BE","og_description":"L'IA g\u00e9n\u00e9rative r\u00e9\u00e9crit les r\u00e8gles du commerce \u00e9lectronique et de la mode, expliquera Laura Toledano, directrice g\u00e9n\u00e9rale Europe occidentale chez Zalando, le 19 mars lors du RetailDetail Omnichannel & E-commerce Congress \u00e0 Bruxelles.","og_url":"https:\/\/www.retaildetail.be\/fr\/news\/mode\/la-revolution-generative-de-zalando-comment-lia-redefinit-lexperience-mode\/","og_site_name":"RetailDetail BE","article_published_time":"2026-02-19T10:51:35+00:00","article_modified_time":"2026-02-19T10:51:36+00:00","og_image":[{"width":1800,"height":1201,"url":"https:\/\/www.retaildetail.be\/wp-content\/uploads\/2026\/02\/Zalando-Laura-Toledano-GM-Western-Europe-Copyright-Zalando-SE-Daniel-Hofer-2.jpg","type":"image\/jpeg"}],"author":"Pauline Neerman","twitter_card":"summary_large_image","twitter_misc":{"\u00c9crit par":"Pauline Neerman","Dur\u00e9e de lecture estim\u00e9e":"3 minutes"},"schema":{"@context":"https:\/\/schema.org","@graph":[{"@type":"NewsArticle","@id":"https:\/\/www.retaildetail.be\/fr\/news\/mode\/la-revolution-generative-de-zalando-comment-lia-redefinit-lexperience-mode\/#article","isPartOf":{"@id":"https:\/\/www.retaildetail.be\/fr\/news\/mode\/la-revolution-generative-de-zalando-comment-lia-redefinit-lexperience-mode\/"},"author":{"name":"Pauline Neerman","@id":"https:\/\/www.retaildetail.be\/nl\/#\/schema\/person\/66b54803fa10759039079458ea89e307"},"headline":"La r\u00e9volution g\u00e9n\u00e9rative de Zalando : comment l&rsquo;IA red\u00e9finit l&rsquo;exp\u00e9rience mode","datePublished":"2026-02-19T10:51:35+00:00","dateModified":"2026-02-19T10:51:36+00:00","mainEntityOfPage":{"@id":"https:\/\/www.retaildetail.be\/fr\/news\/mode\/la-revolution-generative-de-zalando-comment-lia-redefinit-lexperience-mode\/"},"wordCount":545,"publisher":{"@id":"https:\/\/www.retaildetail.be\/nl\/#organization"},"image":{"@id":"https:\/\/www.retaildetail.be\/fr\/news\/mode\/la-revolution-generative-de-zalando-comment-lia-redefinit-lexperience-mode\/#primaryimage"},"thumbnailUrl":"https:\/\/www.retaildetail.be\/wp-content\/uploads\/2026\/02\/Zalando-Laura-Toledano-GM-Western-Europe-Copyright-Zalando-SE-Daniel-Hofer-2.jpg","keywords":["Artifici\u00eble Intelligentie"],"articleSection":["Mode","Mode"],"inLanguage":"fr-FR","copyrightYear":"2026","copyrightHolder":{"@id":"https:\/\/www.retaildetail.be\/#organization"}},{"@type":"WebPage","@id":"https:\/\/www.retaildetail.be\/fr\/news\/mode\/la-revolution-generative-de-zalando-comment-lia-redefinit-lexperience-mode\/","url":"https:\/\/www.retaildetail.be\/fr\/news\/mode\/la-revolution-generative-de-zalando-comment-lia-redefinit-lexperience-mode\/","name":"La r\u00e9volution g\u00e9n\u00e9rative de Zalando : comment l'IA red\u00e9finit l'exp\u00e9rience mode - RetailDetail BE","isPartOf":{"@id":"https:\/\/www.retaildetail.be\/nl\/#website"},"primaryImageOfPage":{"@id":"https:\/\/www.retaildetail.be\/fr\/news\/mode\/la-revolution-generative-de-zalando-comment-lia-redefinit-lexperience-mode\/#primaryimage"},"image":{"@id":"https:\/\/www.retaildetail.be\/fr\/news\/mode\/la-revolution-generative-de-zalando-comment-lia-redefinit-lexperience-mode\/#primaryimage"},"thumbnailUrl":"https:\/\/www.retaildetail.be\/wp-content\/uploads\/2026\/02\/Zalando-Laura-Toledano-GM-Western-Europe-Copyright-Zalando-SE-Daniel-Hofer-2.jpg","datePublished":"2026-02-19T10:51:35+00:00","dateModified":"2026-02-19T10:51:36+00:00","description":"L'IA g\u00e9n\u00e9rative r\u00e9\u00e9crit les r\u00e8gles du commerce \u00e9lectronique et de la mode, expliquera Laura Toledano, directrice g\u00e9n\u00e9rale Europe occidentale chez Zalando, le 19 mars lors du RetailDetail Omnichannel & E-commerce Congress \u00e0 Bruxelles.","breadcrumb":{"@id":"https:\/\/www.retaildetail.be\/fr\/news\/mode\/la-revolution-generative-de-zalando-comment-lia-redefinit-lexperience-mode\/#breadcrumb"},"inLanguage":"fr-FR","potentialAction":[{"@type":"ReadAction","target":["https:\/\/www.retaildetail.be\/fr\/news\/mode\/la-revolution-generative-de-zalando-comment-lia-redefinit-lexperience-mode\/"]}]},{"@type":"ImageObject","inLanguage":"fr-FR","@id":"https:\/\/www.retaildetail.be\/fr\/news\/mode\/la-revolution-generative-de-zalando-comment-lia-redefinit-lexperience-mode\/#primaryimage","url":"https:\/\/www.retaildetail.be\/wp-content\/uploads\/2026\/02\/Zalando-Laura-Toledano-GM-Western-Europe-Copyright-Zalando-SE-Daniel-Hofer-2.jpg","contentUrl":"https:\/\/www.retaildetail.be\/wp-content\/uploads\/2026\/02\/Zalando-Laura-Toledano-GM-Western-Europe-Copyright-Zalando-SE-Daniel-Hofer-2.jpg","width":1800,"height":1201,"caption":"Laura Toledano, \u00a9 Zalando SE \/ Daniel Hofer"},{"@type":"BreadcrumbList","@id":"https:\/\/www.retaildetail.be\/fr\/news\/mode\/la-revolution-generative-de-zalando-comment-lia-redefinit-lexperience-mode\/#breadcrumb","itemListElement":[{"@type":"ListItem","position":1,"name":"Home","item":"https:\/\/www.retaildetail.be\/fr\/"},{"@type":"ListItem","position":2,"name":"La r\u00e9volution g\u00e9n\u00e9rative de Zalando : comment l&#8217;IA red\u00e9finit l&#8217;exp\u00e9rience mode"}]},{"@type":"WebSite","@id":"https:\/\/www.retaildetail.be\/nl\/#website","url":"https:\/\/www.retaildetail.be\/nl\/","name":"RetailDetail BE","description":"News","publisher":{"@id":"https:\/\/www.retaildetail.be\/nl\/#organization"},"potentialAction":[{"@type":"SearchAction","target":{"@type":"EntryPoint","urlTemplate":"https:\/\/www.retaildetail.be\/nl\/?s={search_term_string}"},"query-input":{"@type":"PropertyValueSpecification","valueRequired":true,"valueName":"search_term_string"}}],"inLanguage":"fr-FR"},{"@type":"Organization","@id":"https:\/\/www.retaildetail.be\/nl\/#organization","name":"RetailDetail BE","url":"https:\/\/www.retaildetail.be\/nl\/","logo":{"@type":"ImageObject","inLanguage":"fr-FR","@id":"https:\/\/www.retaildetail.be\/nl\/#\/schema\/logo\/image\/","url":"https:\/\/www.retaildetail.be\/wp-content\/uploads\/2022\/04\/logo.svg","contentUrl":"https:\/\/www.retaildetail.be\/wp-content\/uploads\/2022\/04\/logo.svg","width":131,"height":70,"caption":"RetailDetail BE"},"image":{"@id":"https:\/\/www.retaildetail.be\/nl\/#\/schema\/logo\/image\/"}},{"@type":"Person","@id":"https:\/\/www.retaildetail.be\/nl\/#\/schema\/person\/66b54803fa10759039079458ea89e307","name":"Pauline Neerman","image":{"@type":"ImageObject","inLanguage":"fr-FR","@id":"https:\/\/secure.gravatar.com\/avatar\/58db22aee589a691f9603e5765ac06010427a923f9b2728b951eb7fe27214d70?s=96&d=mm&r=g","url":"https:\/\/secure.gravatar.com\/avatar\/58db22aee589a691f9603e5765ac06010427a923f9b2728b951eb7fe27214d70?s=96&d=mm&r=g","contentUrl":"https:\/\/secure.gravatar.com\/avatar\/58db22aee589a691f9603e5765ac06010427a923f9b2728b951eb7fe27214d70?s=96&d=mm&r=g","caption":"Pauline Neerman"},"url":"https:\/\/www.retaildetail.be\/fr\/author\/paulineneerman\/"}]}},"jetpack_featured_media_url":"https:\/\/www.retaildetail.be\/wp-content\/uploads\/2026\/02\/Zalando-Laura-Toledano-GM-Western-Europe-Copyright-Zalando-SE-Daniel-Hofer-2.jpg","jetpack_sharing_enabled":true,"_links":{"self":[{"href":"https:\/\/www.retaildetail.be\/fr\/wp-json\/wp\/v2\/posts\/142514","targetHints":{"allow":["GET"]}}],"collection":[{"href":"https:\/\/www.retaildetail.be\/fr\/wp-json\/wp\/v2\/posts"}],"about":[{"href":"https:\/\/www.retaildetail.be\/fr\/wp-json\/wp\/v2\/types\/post"}],"author":[{"embeddable":true,"href":"https:\/\/www.retaildetail.be\/fr\/wp-json\/wp\/v2\/users\/5"}],"replies":[{"embeddable":true,"href":"https:\/\/www.retaildetail.be\/fr\/wp-json\/wp\/v2\/comments?post=142514"}],"version-history":[{"count":1,"href":"https:\/\/www.retaildetail.be\/fr\/wp-json\/wp\/v2\/posts\/142514\/revisions"}],"predecessor-version":[{"id":142517,"href":"https:\/\/www.retaildetail.be\/fr\/wp-json\/wp\/v2\/posts\/142514\/revisions\/142517"}],"wp:featuredmedia":[{"embeddable":true,"href":"https:\/\/www.retaildetail.be\/fr\/wp-json\/wp\/v2\/media\/142515"}],"wp:attachment":[{"href":"https:\/\/www.retaildetail.be\/fr\/wp-json\/wp\/v2\/media?parent=142514"}],"wp:term":[{"taxonomy":"category","embeddable":true,"href":"https:\/\/www.retaildetail.be\/fr\/wp-json\/wp\/v2\/categories?post=142514"},{"taxonomy":"post_tag","embeddable":true,"href":"https:\/\/www.retaildetail.be\/fr\/wp-json\/wp\/v2\/tags?post=142514"},{"taxonomy":"people","embeddable":true,"href":"https:\/\/www.retaildetail.be\/fr\/wp-json\/wp\/v2\/people?post=142514"},{"taxonomy":"extra","embeddable":true,"href":"https:\/\/www.retaildetail.be\/fr\/wp-json\/wp\/v2\/extra?post=142514"},{"taxonomy":"company","embeddable":true,"href":"https:\/\/www.retaildetail.be\/fr\/wp-json\/wp\/v2\/company?post=142514"},{"taxonomy":"topic","embeddable":true,"href":"https:\/\/www.retaildetail.be\/fr\/wp-json\/wp\/v2\/topic?post=142514"},{"taxonomy":"region","embeddable":true,"href":"https:\/\/www.retaildetail.be\/fr\/wp-json\/wp\/v2\/region?post=142514"}],"curies":[{"name":"wp","href":"https:\/\/api.w.org\/{rel}","templated":true}]}}