{"id":143236,"date":"2026-03-04T09:55:06","date_gmt":"2026-03-04T08:55:06","guid":{"rendered":"https:\/\/www.retaildetail.be\/?p=143236"},"modified":"2026-03-04T09:55:10","modified_gmt":"2026-03-04T08:55:10","slug":"en-images-colora-devoile-son-nouveau-concept-dexperience-a-waregem","status":"publish","type":"post","link":"https:\/\/www.retaildetail.be\/fr\/news\/maison-deco\/en-images-colora-devoile-son-nouveau-concept-dexperience-a-waregem\/","title":{"rendered":"[En images] Colora d\u00e9voile un nouveau concept d&rsquo;exp\u00e9rience \u00e0 Waregem"},"content":{"rendered":"\n<div class=\"wp-block-jetpack-slideshow aligncenter\" data-effect=\"slide\" style=\"--aspect-ratio:calc(1024 \/ 574)\"><div class=\"wp-block-jetpack-slideshow_container swiper\"><ul class=\"wp-block-jetpack-slideshow_swiper-wrapper swiper-wrapper\"><li class=\"wp-block-jetpack-slideshow_slide swiper-slide\"><figure><img loading=\"lazy\" decoding=\"async\" width=\"1024\" height=\"574\" alt=\"\" class=\"wp-block-jetpack-slideshow_image wp-image-143225\" data-id=\"143225\" data-aspect-ratio=\"1024 \/ 574\" src=\"https:\/\/www.retaildetail.be\/wp-content\/uploads\/2026\/03\/Waregem-panorama-2-03-2026-1024x574.jpg\" srcset=\"https:\/\/www.retaildetail.be\/wp-content\/uploads\/2026\/03\/Waregem-panorama-2-03-2026-1024x574.jpg 1024w, https:\/\/www.retaildetail.be\/wp-content\/uploads\/2026\/03\/Waregem-panorama-2-03-2026-300x168.jpg 300w, https:\/\/www.retaildetail.be\/wp-content\/uploads\/2026\/03\/Waregem-panorama-2-03-2026-768x431.jpg 768w, https:\/\/www.retaildetail.be\/wp-content\/uploads\/2026\/03\/Waregem-panorama-2-03-2026-1536x862.jpg 1536w, https:\/\/www.retaildetail.be\/wp-content\/uploads\/2026\/03\/Waregem-panorama-2-03-2026.jpg 1920w\" sizes=\"(max-width: 1024px) 100vw, 1024px\" \/><\/figure><\/li><li class=\"wp-block-jetpack-slideshow_slide swiper-slide\"><figure><img loading=\"lazy\" decoding=\"async\" width=\"1024\" height=\"768\" alt=\"\" class=\"wp-block-jetpack-slideshow_image wp-image-143222\" data-id=\"143222\" data-aspect-ratio=\"1024 \/ 768\" src=\"https:\/\/www.retaildetail.be\/wp-content\/uploads\/2026\/03\/Waregem-2-03-2026_2-1024x768.jpg\" srcset=\"https:\/\/www.retaildetail.be\/wp-content\/uploads\/2026\/03\/Waregem-2-03-2026_2-1024x768.jpg 1024w, https:\/\/www.retaildetail.be\/wp-content\/uploads\/2026\/03\/Waregem-2-03-2026_2-300x225.jpg 300w, https:\/\/www.retaildetail.be\/wp-content\/uploads\/2026\/03\/Waregem-2-03-2026_2-768x576.jpg 768w, https:\/\/www.retaildetail.be\/wp-content\/uploads\/2026\/03\/Waregem-2-03-2026_2-1536x1152.jpg 1536w, https:\/\/www.retaildetail.be\/wp-content\/uploads\/2026\/03\/Waregem-2-03-2026_2.jpg 1920w\" sizes=\"(max-width: 1024px) 100vw, 1024px\" \/><\/figure><\/li><li class=\"wp-block-jetpack-slideshow_slide swiper-slide\"><figure><img loading=\"lazy\" decoding=\"async\" width=\"1024\" height=\"768\" alt=\"\" class=\"wp-block-jetpack-slideshow_image wp-image-143228\" data-id=\"143228\" data-aspect-ratio=\"1024 \/ 768\" src=\"https:\/\/www.retaildetail.be\/wp-content\/uploads\/2026\/03\/Waregem-2-03-2026-overview-1024x768.jpg\" srcset=\"https:\/\/www.retaildetail.be\/wp-content\/uploads\/2026\/03\/Waregem-2-03-2026-overview-1024x768.jpg 1024w, https:\/\/www.retaildetail.be\/wp-content\/uploads\/2026\/03\/Waregem-2-03-2026-overview-300x225.jpg 300w, https:\/\/www.retaildetail.be\/wp-content\/uploads\/2026\/03\/Waregem-2-03-2026-overview-768x576.jpg 768w, https:\/\/www.retaildetail.be\/wp-content\/uploads\/2026\/03\/Waregem-2-03-2026-overview-1536x1152.jpg 1536w, https:\/\/www.retaildetail.be\/wp-content\/uploads\/2026\/03\/Waregem-2-03-2026-overview.jpg 1920w\" sizes=\"(max-width: 1024px) 100vw, 1024px\" \/><\/figure><\/li><li class=\"wp-block-jetpack-slideshow_slide swiper-slide\"><figure><img loading=\"lazy\" decoding=\"async\" width=\"768\" height=\"1024\" alt=\"\" class=\"wp-block-jetpack-slideshow_image wp-image-143226\" data-id=\"143226\" data-aspect-ratio=\"768 \/ 1024\" src=\"https:\/\/www.retaildetail.be\/wp-content\/uploads\/2026\/03\/Waregem-2-03-2026-3-768x1024.jpg\" srcset=\"https:\/\/www.retaildetail.be\/wp-content\/uploads\/2026\/03\/Waregem-2-03-2026-3-768x1024.jpg 768w, https:\/\/www.retaildetail.be\/wp-content\/uploads\/2026\/03\/Waregem-2-03-2026-3-225x300.jpg 225w, https:\/\/www.retaildetail.be\/wp-content\/uploads\/2026\/03\/Waregem-2-03-2026-3-1152x1536.jpg 1152w, https:\/\/www.retaildetail.be\/wp-content\/uploads\/2026\/03\/Waregem-2-03-2026-3.jpg 1440w\" sizes=\"(max-width: 768px) 100vw, 768px\" \/><\/figure><\/li><li class=\"wp-block-jetpack-slideshow_slide swiper-slide\"><figure><img loading=\"lazy\" decoding=\"async\" width=\"1024\" height=\"576\" alt=\"\" class=\"wp-block-jetpack-slideshow_image wp-image-143223\" data-id=\"143223\" data-aspect-ratio=\"1024 \/ 576\" src=\"https:\/\/www.retaildetail.be\/wp-content\/uploads\/2026\/03\/Timeless-collection-zone-1024x576.jpg\" srcset=\"https:\/\/www.retaildetail.be\/wp-content\/uploads\/2026\/03\/Timeless-collection-zone-1024x576.jpg 1024w, https:\/\/www.retaildetail.be\/wp-content\/uploads\/2026\/03\/Timeless-collection-zone-300x169.jpg 300w, https:\/\/www.retaildetail.be\/wp-content\/uploads\/2026\/03\/Timeless-collection-zone-768x432.jpg 768w, https:\/\/www.retaildetail.be\/wp-content\/uploads\/2026\/03\/Timeless-collection-zone-1536x864.jpg 1536w, https:\/\/www.retaildetail.be\/wp-content\/uploads\/2026\/03\/Timeless-collection-zone-1270x714.jpg 1270w, https:\/\/www.retaildetail.be\/wp-content\/uploads\/2026\/03\/Timeless-collection-zone.jpg 1920w\" sizes=\"(max-width: 1024px) 100vw, 1024px\" \/><\/figure><\/li><li class=\"wp-block-jetpack-slideshow_slide swiper-slide\"><figure><img loading=\"lazy\" decoding=\"async\" width=\"1024\" height=\"599\" alt=\"\" class=\"wp-block-jetpack-slideshow_image wp-image-143224\" data-id=\"143224\" data-aspect-ratio=\"1024 \/ 599\" src=\"https:\/\/www.retaildetail.be\/wp-content\/uploads\/2026\/03\/overviewbeeld-Waregem-26-02-2026-1024x599.jpg\" srcset=\"https:\/\/www.retaildetail.be\/wp-content\/uploads\/2026\/03\/overviewbeeld-Waregem-26-02-2026-1024x599.jpg 1024w, https:\/\/www.retaildetail.be\/wp-content\/uploads\/2026\/03\/overviewbeeld-Waregem-26-02-2026-300x176.jpg 300w, https:\/\/www.retaildetail.be\/wp-content\/uploads\/2026\/03\/overviewbeeld-Waregem-26-02-2026-768x450.jpg 768w, https:\/\/www.retaildetail.be\/wp-content\/uploads\/2026\/03\/overviewbeeld-Waregem-26-02-2026-1536x899.jpg 1536w, https:\/\/www.retaildetail.be\/wp-content\/uploads\/2026\/03\/overviewbeeld-Waregem-26-02-2026-190x111.jpg 190w, https:\/\/www.retaildetail.be\/wp-content\/uploads\/2026\/03\/overviewbeeld-Waregem-26-02-2026-423x248.jpg 423w, https:\/\/www.retaildetail.be\/wp-content\/uploads\/2026\/03\/overviewbeeld-Waregem-26-02-2026-736x430.jpg 736w, https:\/\/www.retaildetail.be\/wp-content\/uploads\/2026\/03\/overviewbeeld-Waregem-26-02-2026.jpg 1920w\" sizes=\"(max-width: 1024px) 100vw, 1024px\" \/><\/figure><\/li><li class=\"wp-block-jetpack-slideshow_slide swiper-slide\"><figure><img loading=\"lazy\" decoding=\"async\" width=\"1024\" height=\"576\" alt=\"\" class=\"wp-block-jetpack-slideshow_image wp-image-143227\" data-id=\"143227\" data-aspect-ratio=\"1024 \/ 576\" src=\"https:\/\/www.retaildetail.be\/wp-content\/uploads\/2026\/03\/Moodboard-2-1024x576.jpg\" srcset=\"https:\/\/www.retaildetail.be\/wp-content\/uploads\/2026\/03\/Moodboard-2-1024x576.jpg 1024w, https:\/\/www.retaildetail.be\/wp-content\/uploads\/2026\/03\/Moodboard-2-300x169.jpg 300w, https:\/\/www.retaildetail.be\/wp-content\/uploads\/2026\/03\/Moodboard-2-768x432.jpg 768w, https:\/\/www.retaildetail.be\/wp-content\/uploads\/2026\/03\/Moodboard-2-1536x864.jpg 1536w, https:\/\/www.retaildetail.be\/wp-content\/uploads\/2026\/03\/Moodboard-2-1270x714.jpg 1270w, https:\/\/www.retaildetail.be\/wp-content\/uploads\/2026\/03\/Moodboard-2.jpg 1920w\" sizes=\"(max-width: 1024px) 100vw, 1024px\" \/><\/figure><\/li><li class=\"wp-block-jetpack-slideshow_slide swiper-slide\"><figure><img loading=\"lazy\" decoding=\"async\" width=\"768\" height=\"1024\" alt=\"\" class=\"wp-block-jetpack-slideshow_image wp-image-143229\" data-id=\"143229\" data-aspect-ratio=\"768 \/ 1024\" src=\"https:\/\/www.retaildetail.be\/wp-content\/uploads\/2026\/03\/Kassazone-26-02-2026-768x1024.jpg\" srcset=\"https:\/\/www.retaildetail.be\/wp-content\/uploads\/2026\/03\/Kassazone-26-02-2026-768x1024.jpg 768w, https:\/\/www.retaildetail.be\/wp-content\/uploads\/2026\/03\/Kassazone-26-02-2026-225x300.jpg 225w, https:\/\/www.retaildetail.be\/wp-content\/uploads\/2026\/03\/Kassazone-26-02-2026-1152x1536.jpg 1152w, https:\/\/www.retaildetail.be\/wp-content\/uploads\/2026\/03\/Kassazone-26-02-2026-1536x2048.jpg 1536w, https:\/\/www.retaildetail.be\/wp-content\/uploads\/2026\/03\/Kassazone-26-02-2026.jpg 1920w\" sizes=\"(max-width: 768px) 100vw, 768px\" \/><\/figure><\/li><li class=\"wp-block-jetpack-slideshow_slide swiper-slide\"><figure><img loading=\"lazy\" decoding=\"async\" width=\"1024\" height=\"768\" alt=\"\" class=\"wp-block-jetpack-slideshow_image wp-image-143230\" data-id=\"143230\" data-aspect-ratio=\"1024 \/ 768\" src=\"https:\/\/www.retaildetail.be\/wp-content\/uploads\/2026\/03\/Inspiratiezone-26-02-2026_3-1024x768.jpg\" srcset=\"https:\/\/www.retaildetail.be\/wp-content\/uploads\/2026\/03\/Inspiratiezone-26-02-2026_3-1024x768.jpg 1024w, https:\/\/www.retaildetail.be\/wp-content\/uploads\/2026\/03\/Inspiratiezone-26-02-2026_3-300x225.jpg 300w, https:\/\/www.retaildetail.be\/wp-content\/uploads\/2026\/03\/Inspiratiezone-26-02-2026_3-768x576.jpg 768w, https:\/\/www.retaildetail.be\/wp-content\/uploads\/2026\/03\/Inspiratiezone-26-02-2026_3-1536x1152.jpg 1536w, https:\/\/www.retaildetail.be\/wp-content\/uploads\/2026\/03\/Inspiratiezone-26-02-2026_3.jpg 1920w\" sizes=\"(max-width: 1024px) 100vw, 1024px\" \/><\/figure><\/li><li class=\"wp-block-jetpack-slideshow_slide swiper-slide\"><figure><img loading=\"lazy\" decoding=\"async\" width=\"1024\" height=\"768\" alt=\"\" class=\"wp-block-jetpack-slideshow_image wp-image-143231\" data-id=\"143231\" data-aspect-ratio=\"1024 \/ 768\" src=\"https:\/\/www.retaildetail.be\/wp-content\/uploads\/2026\/03\/Inspiratiezone-2-1024x768.jpg\" srcset=\"https:\/\/www.retaildetail.be\/wp-content\/uploads\/2026\/03\/Inspiratiezone-2-1024x768.jpg 1024w, https:\/\/www.retaildetail.be\/wp-content\/uploads\/2026\/03\/Inspiratiezone-2-300x225.jpg 300w, https:\/\/www.retaildetail.be\/wp-content\/uploads\/2026\/03\/Inspiratiezone-2-768x576.jpg 768w, https:\/\/www.retaildetail.be\/wp-content\/uploads\/2026\/03\/Inspiratiezone-2-1536x1152.jpg 1536w, https:\/\/www.retaildetail.be\/wp-content\/uploads\/2026\/03\/Inspiratiezone-2.jpg 1920w\" sizes=\"(max-width: 1024px) 100vw, 1024px\" \/><\/figure><\/li><li class=\"wp-block-jetpack-slideshow_slide swiper-slide\"><figure><img loading=\"lazy\" decoding=\"async\" width=\"1024\" height=\"768\" alt=\"\" class=\"wp-block-jetpack-slideshow_image wp-image-143232\" data-id=\"143232\" data-aspect-ratio=\"1024 \/ 768\" src=\"https:\/\/www.retaildetail.be\/wp-content\/uploads\/2026\/03\/Gevel-26-02-2026-1024x768.jpg\" srcset=\"https:\/\/www.retaildetail.be\/wp-content\/uploads\/2026\/03\/Gevel-26-02-2026-1024x768.jpg 1024w, https:\/\/www.retaildetail.be\/wp-content\/uploads\/2026\/03\/Gevel-26-02-2026-300x225.jpg 300w, https:\/\/www.retaildetail.be\/wp-content\/uploads\/2026\/03\/Gevel-26-02-2026-768x576.jpg 768w, https:\/\/www.retaildetail.be\/wp-content\/uploads\/2026\/03\/Gevel-26-02-2026-1536x1152.jpg 1536w, https:\/\/www.retaildetail.be\/wp-content\/uploads\/2026\/03\/Gevel-26-02-2026.jpg 1920w\" sizes=\"(max-width: 1024px) 100vw, 1024px\" \/><\/figure><\/li><li class=\"wp-block-jetpack-slideshow_slide swiper-slide\"><figure><img loading=\"lazy\" decoding=\"async\" width=\"1024\" height=\"768\" alt=\"\" class=\"wp-block-jetpack-slideshow_image wp-image-143233\" data-id=\"143233\" data-aspect-ratio=\"1024 \/ 768\" src=\"https:\/\/www.retaildetail.be\/wp-content\/uploads\/2026\/03\/Inspiratiezone-2-03-2026-1024x768.jpg\" srcset=\"https:\/\/www.retaildetail.be\/wp-content\/uploads\/2026\/03\/Inspiratiezone-2-03-2026-1024x768.jpg 1024w, https:\/\/www.retaildetail.be\/wp-content\/uploads\/2026\/03\/Inspiratiezone-2-03-2026-300x225.jpg 300w, https:\/\/www.retaildetail.be\/wp-content\/uploads\/2026\/03\/Inspiratiezone-2-03-2026-768x576.jpg 768w, https:\/\/www.retaildetail.be\/wp-content\/uploads\/2026\/03\/Inspiratiezone-2-03-2026-1536x1152.jpg 1536w, https:\/\/www.retaildetail.be\/wp-content\/uploads\/2026\/03\/Inspiratiezone-2-03-2026.jpg 1920w\" sizes=\"(max-width: 1024px) 100vw, 1024px\" \/><\/figure><\/li><li class=\"wp-block-jetpack-slideshow_slide swiper-slide\"><figure><img loading=\"lazy\" decoding=\"async\" width=\"1024\" height=\"768\" alt=\"\" class=\"wp-block-jetpack-slideshow_image wp-image-143234\" data-id=\"143234\" data-aspect-ratio=\"1024 \/ 768\" src=\"https:\/\/www.retaildetail.be\/wp-content\/uploads\/2026\/03\/collectiezone-1024x768.jpg\" srcset=\"https:\/\/www.retaildetail.be\/wp-content\/uploads\/2026\/03\/collectiezone-1024x768.jpg 1024w, https:\/\/www.retaildetail.be\/wp-content\/uploads\/2026\/03\/collectiezone-300x225.jpg 300w, https:\/\/www.retaildetail.be\/wp-content\/uploads\/2026\/03\/collectiezone-768x576.jpg 768w, https:\/\/www.retaildetail.be\/wp-content\/uploads\/2026\/03\/collectiezone-1536x1152.jpg 1536w, https:\/\/www.retaildetail.be\/wp-content\/uploads\/2026\/03\/collectiezone.jpg 1920w\" sizes=\"(max-width: 1024px) 100vw, 1024px\" \/><\/figure><\/li><\/ul><a class=\"wp-block-jetpack-slideshow_button-prev swiper-button-prev swiper-button-white\" role=\"button\"><\/a><a class=\"wp-block-jetpack-slideshow_button-next swiper-button-next swiper-button-white\" role=\"button\"><\/a><a aria-label=\"Pause Slideshow\" class=\"wp-block-jetpack-slideshow_button-pause\" role=\"button\"><\/a><div class=\"wp-block-jetpack-slideshow_pagination swiper-pagination swiper-pagination-white\"><\/div><\/div><\/div>\n\n\n\n<p>Le magasin de peinture comme espace d&rsquo;exp\u00e9rience : tel est le nouveau concept lanc\u00e9 par <strong>Colora <\/strong>dans son magasin de Waregem. Le conseil et l&rsquo;exp\u00e9rience y occupent une place centrale gr\u00e2ce \u00e0 des \u00e9crans interactifs, des moodboards personnalis\u00e9s et une gamme plus \u00e9tendue de solutions d&rsquo;int\u00e9rieur.<\/p>\n\n\n\n<h2 class=\"wp-block-heading\">Du magasin de peinture au centre de d\u00e9coration d&rsquo;int\u00e9rieur<\/h2>\n\n\n\n<p>Colora Waregem est le premier magasin \u00e0 adopter ce nouveau concept, d\u00e9velopp\u00e9 en collaboration avec le bureau d&rsquo;architectes d&rsquo;int\u00e9rieur PUUR. Les clients peuvent y trouver non seulement de la peinture, mais aussi du papier peint, du parquet vinyle, des moulures et des d\u00e9corations pour fen\u00eatres. \u00ab La peinture et la couleur restent notre c\u0153ur de m\u00e9tier, mais nous voulons inviter les clients \u00e0 \u00e9largir leur horizon \u00bb, explique le g\u00e9rant Nicolas Camelbeke. \u00ab Avec ce concept, nous les aidons \u00e0 finir enti\u00e8rement leur int\u00e9rieur, du sol au plafond. \u00bb<\/p>\n\n\n\n<p>L&rsquo;une des innovations les plus remarquables est l&rsquo;utilisation de balises RFID. Les clients peuvent scanner des \u00e9chantillons de couleurs, apr\u00e8s quoi un \u00e9cran interactif affiche la teinte choisie dans diff\u00e9rents int\u00e9rieurs. Ils obtiennent ainsi une image plus r\u00e9aliste de l&rsquo;effet de la couleur et d\u00e9couvrent des combinaisons. Il y a \u00e9galement un espace moodboard o\u00f9 les clients peuvent composer des mat\u00e9riaux et des couleurs avec l&rsquo;aide d&rsquo;un employ\u00e9. Le r\u00e9sultat est ensuite envoy\u00e9 par e-mail, avec toutes les r\u00e9f\u00e9rences des produits.<\/p>\n\n\n\n<h2 class=\"wp-block-heading\">Premi\u00e8re d&rsquo;une s\u00e9rie d&rsquo;innovations<\/h2>\n\n\n\n<p>Les peintures structur\u00e9es occupent \u00e9galement une place plus importante dans le magasin. De grands \u00e9chantillons et des \u00e9crans num\u00e9riques pr\u00e9sentent des r\u00e9alisations et des informations techniques, afin que les clients puissent faire un choix \u00e9clair\u00e9. Colora met ses clients en contact avec des peintres agr\u00e9\u00e9s pour ceux qui ont besoin d&rsquo;une aide professionnelle. <\/p>\n\n\n\n<p>Le service reste une priorit\u00e9. Les clients peuvent toujours compter sur des conseils personnalis\u00e9s en magasin, mais aussi \u00e0 domicile. \u00ab Que vous soyez bricoleur ou professionnel, nous sommes l\u00e0 pour vous accompagner \u00bb, souligne Camelbeke. Colora Waregem est le premier magasin \u00e0 mettre en \u0153uvre le nouveau concept, mais les succursales de Barchon (un nouveau magasin) et d&rsquo;Ostende suivront bient\u00f4t.<\/p>\n","protected":false},"excerpt":{"rendered":"<p>Le magasin de peinture comme espace d&rsquo;exp\u00e9rience inspirant : tel est le nouveau concept lanc\u00e9 par Colora dans son magasin de Waregem. Le conseil et l&rsquo;exp\u00e9rience y occupent une place centrale gr\u00e2ce \u00e0 des \u00e9crans interactifs, des tableaux d&rsquo;ambiance personnalis\u00e9s et une gamme plus \u00e9tendue de solutions d&rsquo;int\u00e9rieur.<\/p>\n","protected":false},"author":5,"featured_media":143237,"comment_status":"closed","ping_status":"closed","sticky":false,"template":"template-gallery.php","format":"standard","meta":{"_acf_changed":false,"inline_featured_image":false,"_jetpack_memberships_contains_paid_content":false,"footnotes":""},"categories":[29,21],"tags":[],"people":[],"extra":[43],"company":[1949],"topic":[1262,194],"region":[226,182],"class_list":["post-143236","post","type-post","status-publish","format-standard","has-post-thumbnail","hentry","category-maison-deco","category-wonen","extra-plus","company-colora","topic-en-images","topic-retail-design","region-belgique","region-west-vlaanderen"],"acf":[],"yoast_head":"<!-- This site is optimized with the Yoast SEO plugin v27.3 - https:\/\/yoast.com\/product\/yoast-seo-wordpress\/ -->\n<title>[En images] Colora d\u00e9voile un nouveau concept d&#039;exp\u00e9rience \u00e0 Waregem - RetailDetail BE<\/title>\n<meta name=\"description\" content=\"Le magasin de peinture comme espace d&#039;exp\u00e9rience : tel est le nouveau concept lanc\u00e9 par Colora dans son magasin de Waregem.\" \/>\n<meta name=\"robots\" content=\"index, follow, max-snippet:-1, max-image-preview:large, max-video-preview:-1\" \/>\n<link rel=\"canonical\" href=\"https:\/\/www.retaildetail.be\/fr\/news\/maison-deco\/en-images-colora-devoile-son-nouveau-concept-dexperience-a-waregem\/\" \/>\n<meta property=\"og:locale\" content=\"fr_FR\" \/>\n<meta property=\"og:type\" content=\"article\" \/>\n<meta property=\"og:title\" content=\"[En images] Colora d\u00e9voile un nouveau concept d&#039;exp\u00e9rience \u00e0 Waregem - RetailDetail BE\" \/>\n<meta property=\"og:description\" content=\"Le magasin de peinture comme espace d&#039;exp\u00e9rience : tel est le nouveau concept lanc\u00e9 par Colora dans son magasin de Waregem.\" \/>\n<meta property=\"og:url\" content=\"https:\/\/www.retaildetail.be\/fr\/news\/maison-deco\/en-images-colora-devoile-son-nouveau-concept-dexperience-a-waregem\/\" \/>\n<meta property=\"og:site_name\" content=\"RetailDetail BE\" \/>\n<meta property=\"article:published_time\" content=\"2026-03-04T08:55:06+00:00\" \/>\n<meta property=\"article:modified_time\" content=\"2026-03-04T08:55:10+00:00\" \/>\n<meta property=\"og:image\" content=\"https:\/\/www.retaildetail.be\/wp-content\/uploads\/2026\/03\/Gevel-26-02-2026-1.jpg\" \/>\n\t<meta property=\"og:image:width\" content=\"1920\" \/>\n\t<meta property=\"og:image:height\" content=\"1440\" \/>\n\t<meta property=\"og:image:type\" content=\"image\/jpeg\" \/>\n<meta name=\"author\" content=\"Pauline Neerman\" \/>\n<meta name=\"twitter:card\" content=\"summary_large_image\" \/>\n<meta name=\"twitter:label1\" content=\"\u00c9crit par\" \/>\n\t<meta name=\"twitter:data1\" content=\"Pauline Neerman\" \/>\n\t<meta name=\"twitter:label2\" content=\"Dur\u00e9e de lecture estim\u00e9e\" \/>\n\t<meta name=\"twitter:data2\" content=\"2 minutes\" \/>\n<script type=\"application\/ld+json\" class=\"yoast-schema-graph\">{\"@context\":\"https:\\\/\\\/schema.org\",\"@graph\":[{\"@type\":\"NewsArticle\",\"@id\":\"https:\\\/\\\/www.retaildetail.be\\\/fr\\\/news\\\/maison-deco\\\/en-images-colora-devoile-son-nouveau-concept-dexperience-a-waregem\\\/#article\",\"isPartOf\":{\"@id\":\"https:\\\/\\\/www.retaildetail.be\\\/fr\\\/news\\\/maison-deco\\\/en-images-colora-devoile-son-nouveau-concept-dexperience-a-waregem\\\/\"},\"author\":{\"name\":\"Pauline Neerman\",\"@id\":\"https:\\\/\\\/www.retaildetail.be\\\/nl\\\/#\\\/schema\\\/person\\\/66b54803fa10759039079458ea89e307\"},\"headline\":\"[En images] Colora d\u00e9voile un nouveau concept d&rsquo;exp\u00e9rience \u00e0 Waregem\",\"datePublished\":\"2026-03-04T08:55:06+00:00\",\"dateModified\":\"2026-03-04T08:55:10+00:00\",\"mainEntityOfPage\":{\"@id\":\"https:\\\/\\\/www.retaildetail.be\\\/fr\\\/news\\\/maison-deco\\\/en-images-colora-devoile-son-nouveau-concept-dexperience-a-waregem\\\/\"},\"wordCount\":391,\"publisher\":{\"@id\":\"https:\\\/\\\/www.retaildetail.be\\\/nl\\\/#organization\"},\"image\":{\"@id\":\"https:\\\/\\\/www.retaildetail.be\\\/fr\\\/news\\\/maison-deco\\\/en-images-colora-devoile-son-nouveau-concept-dexperience-a-waregem\\\/#primaryimage\"},\"thumbnailUrl\":\"https:\\\/\\\/www.retaildetail.be\\\/wp-content\\\/uploads\\\/2026\\\/03\\\/Gevel-26-02-2026-1.jpg\",\"articleSection\":[\"Maison &amp; D\u00e9co\",\"Wonen\"],\"inLanguage\":\"fr-FR\",\"copyrightYear\":\"2026\",\"copyrightHolder\":{\"@id\":\"https:\\\/\\\/www.retaildetail.be\\\/#organization\"}},{\"@type\":\"WebPage\",\"@id\":\"https:\\\/\\\/www.retaildetail.be\\\/fr\\\/news\\\/maison-deco\\\/en-images-colora-devoile-son-nouveau-concept-dexperience-a-waregem\\\/\",\"url\":\"https:\\\/\\\/www.retaildetail.be\\\/fr\\\/news\\\/maison-deco\\\/en-images-colora-devoile-son-nouveau-concept-dexperience-a-waregem\\\/\",\"name\":\"[En images] Colora d\u00e9voile un nouveau concept d'exp\u00e9rience \u00e0 Waregem - RetailDetail BE\",\"isPartOf\":{\"@id\":\"https:\\\/\\\/www.retaildetail.be\\\/nl\\\/#website\"},\"primaryImageOfPage\":{\"@id\":\"https:\\\/\\\/www.retaildetail.be\\\/fr\\\/news\\\/maison-deco\\\/en-images-colora-devoile-son-nouveau-concept-dexperience-a-waregem\\\/#primaryimage\"},\"image\":{\"@id\":\"https:\\\/\\\/www.retaildetail.be\\\/fr\\\/news\\\/maison-deco\\\/en-images-colora-devoile-son-nouveau-concept-dexperience-a-waregem\\\/#primaryimage\"},\"thumbnailUrl\":\"https:\\\/\\\/www.retaildetail.be\\\/wp-content\\\/uploads\\\/2026\\\/03\\\/Gevel-26-02-2026-1.jpg\",\"datePublished\":\"2026-03-04T08:55:06+00:00\",\"dateModified\":\"2026-03-04T08:55:10+00:00\",\"description\":\"Le magasin de peinture comme espace d'exp\u00e9rience : tel est le nouveau concept lanc\u00e9 par Colora dans son magasin de Waregem.\",\"breadcrumb\":{\"@id\":\"https:\\\/\\\/www.retaildetail.be\\\/fr\\\/news\\\/maison-deco\\\/en-images-colora-devoile-son-nouveau-concept-dexperience-a-waregem\\\/#breadcrumb\"},\"inLanguage\":\"fr-FR\",\"potentialAction\":[{\"@type\":\"ReadAction\",\"target\":[\"https:\\\/\\\/www.retaildetail.be\\\/fr\\\/news\\\/maison-deco\\\/en-images-colora-devoile-son-nouveau-concept-dexperience-a-waregem\\\/\"]}]},{\"@type\":\"ImageObject\",\"inLanguage\":\"fr-FR\",\"@id\":\"https:\\\/\\\/www.retaildetail.be\\\/fr\\\/news\\\/maison-deco\\\/en-images-colora-devoile-son-nouveau-concept-dexperience-a-waregem\\\/#primaryimage\",\"url\":\"https:\\\/\\\/www.retaildetail.be\\\/wp-content\\\/uploads\\\/2026\\\/03\\\/Gevel-26-02-2026-1.jpg\",\"contentUrl\":\"https:\\\/\\\/www.retaildetail.be\\\/wp-content\\\/uploads\\\/2026\\\/03\\\/Gevel-26-02-2026-1.jpg\",\"width\":1920,\"height\":1440},{\"@type\":\"BreadcrumbList\",\"@id\":\"https:\\\/\\\/www.retaildetail.be\\\/fr\\\/news\\\/maison-deco\\\/en-images-colora-devoile-son-nouveau-concept-dexperience-a-waregem\\\/#breadcrumb\",\"itemListElement\":[{\"@type\":\"ListItem\",\"position\":1,\"name\":\"Home\",\"item\":\"https:\\\/\\\/www.retaildetail.be\\\/fr\\\/\"},{\"@type\":\"ListItem\",\"position\":2,\"name\":\"[En images] Colora d\u00e9voile un nouveau concept d&#8217;exp\u00e9rience \u00e0 Waregem\"}]},{\"@type\":\"WebSite\",\"@id\":\"https:\\\/\\\/www.retaildetail.be\\\/nl\\\/#website\",\"url\":\"https:\\\/\\\/www.retaildetail.be\\\/nl\\\/\",\"name\":\"RetailDetail BE\",\"description\":\"News\",\"publisher\":{\"@id\":\"https:\\\/\\\/www.retaildetail.be\\\/nl\\\/#organization\"},\"potentialAction\":[{\"@type\":\"SearchAction\",\"target\":{\"@type\":\"EntryPoint\",\"urlTemplate\":\"https:\\\/\\\/www.retaildetail.be\\\/nl\\\/?s={search_term_string}\"},\"query-input\":{\"@type\":\"PropertyValueSpecification\",\"valueRequired\":true,\"valueName\":\"search_term_string\"}}],\"inLanguage\":\"fr-FR\"},{\"@type\":\"Organization\",\"@id\":\"https:\\\/\\\/www.retaildetail.be\\\/nl\\\/#organization\",\"name\":\"RetailDetail BE\",\"url\":\"https:\\\/\\\/www.retaildetail.be\\\/nl\\\/\",\"logo\":{\"@type\":\"ImageObject\",\"inLanguage\":\"fr-FR\",\"@id\":\"https:\\\/\\\/www.retaildetail.be\\\/nl\\\/#\\\/schema\\\/logo\\\/image\\\/\",\"url\":\"https:\\\/\\\/www.retaildetail.be\\\/wp-content\\\/uploads\\\/2022\\\/04\\\/logo.svg\",\"contentUrl\":\"https:\\\/\\\/www.retaildetail.be\\\/wp-content\\\/uploads\\\/2022\\\/04\\\/logo.svg\",\"width\":131,\"height\":70,\"caption\":\"RetailDetail BE\"},\"image\":{\"@id\":\"https:\\\/\\\/www.retaildetail.be\\\/nl\\\/#\\\/schema\\\/logo\\\/image\\\/\"}},{\"@type\":\"Person\",\"@id\":\"https:\\\/\\\/www.retaildetail.be\\\/nl\\\/#\\\/schema\\\/person\\\/66b54803fa10759039079458ea89e307\",\"name\":\"Pauline Neerman\",\"image\":{\"@type\":\"ImageObject\",\"inLanguage\":\"fr-FR\",\"@id\":\"https:\\\/\\\/secure.gravatar.com\\\/avatar\\\/58db22aee589a691f9603e5765ac06010427a923f9b2728b951eb7fe27214d70?s=96&d=mm&r=g\",\"url\":\"https:\\\/\\\/secure.gravatar.com\\\/avatar\\\/58db22aee589a691f9603e5765ac06010427a923f9b2728b951eb7fe27214d70?s=96&d=mm&r=g\",\"contentUrl\":\"https:\\\/\\\/secure.gravatar.com\\\/avatar\\\/58db22aee589a691f9603e5765ac06010427a923f9b2728b951eb7fe27214d70?s=96&d=mm&r=g\",\"caption\":\"Pauline Neerman\"},\"url\":\"https:\\\/\\\/www.retaildetail.be\\\/fr\\\/author\\\/paulineneerman\\\/\"}]}<\/script>\n<!-- \/ Yoast SEO plugin. -->","yoast_head_json":{"title":"[En images] Colora d\u00e9voile un nouveau concept d'exp\u00e9rience \u00e0 Waregem - RetailDetail BE","description":"Le magasin de peinture comme espace d'exp\u00e9rience : tel est le nouveau concept lanc\u00e9 par Colora dans son magasin de Waregem.","robots":{"index":"index","follow":"follow","max-snippet":"max-snippet:-1","max-image-preview":"max-image-preview:large","max-video-preview":"max-video-preview:-1"},"canonical":"https:\/\/www.retaildetail.be\/fr\/news\/maison-deco\/en-images-colora-devoile-son-nouveau-concept-dexperience-a-waregem\/","og_locale":"fr_FR","og_type":"article","og_title":"[En images] Colora d\u00e9voile un nouveau concept d'exp\u00e9rience \u00e0 Waregem - RetailDetail BE","og_description":"Le magasin de peinture comme espace d'exp\u00e9rience : tel est le nouveau concept lanc\u00e9 par Colora dans son magasin de Waregem.","og_url":"https:\/\/www.retaildetail.be\/fr\/news\/maison-deco\/en-images-colora-devoile-son-nouveau-concept-dexperience-a-waregem\/","og_site_name":"RetailDetail BE","article_published_time":"2026-03-04T08:55:06+00:00","article_modified_time":"2026-03-04T08:55:10+00:00","og_image":[{"width":1920,"height":1440,"url":"https:\/\/www.retaildetail.be\/wp-content\/uploads\/2026\/03\/Gevel-26-02-2026-1.jpg","type":"image\/jpeg"}],"author":"Pauline Neerman","twitter_card":"summary_large_image","twitter_misc":{"\u00c9crit par":"Pauline Neerman","Dur\u00e9e de lecture estim\u00e9e":"2 minutes"},"schema":{"@context":"https:\/\/schema.org","@graph":[{"@type":"NewsArticle","@id":"https:\/\/www.retaildetail.be\/fr\/news\/maison-deco\/en-images-colora-devoile-son-nouveau-concept-dexperience-a-waregem\/#article","isPartOf":{"@id":"https:\/\/www.retaildetail.be\/fr\/news\/maison-deco\/en-images-colora-devoile-son-nouveau-concept-dexperience-a-waregem\/"},"author":{"name":"Pauline Neerman","@id":"https:\/\/www.retaildetail.be\/nl\/#\/schema\/person\/66b54803fa10759039079458ea89e307"},"headline":"[En images] Colora d\u00e9voile un nouveau concept d&rsquo;exp\u00e9rience \u00e0 Waregem","datePublished":"2026-03-04T08:55:06+00:00","dateModified":"2026-03-04T08:55:10+00:00","mainEntityOfPage":{"@id":"https:\/\/www.retaildetail.be\/fr\/news\/maison-deco\/en-images-colora-devoile-son-nouveau-concept-dexperience-a-waregem\/"},"wordCount":391,"publisher":{"@id":"https:\/\/www.retaildetail.be\/nl\/#organization"},"image":{"@id":"https:\/\/www.retaildetail.be\/fr\/news\/maison-deco\/en-images-colora-devoile-son-nouveau-concept-dexperience-a-waregem\/#primaryimage"},"thumbnailUrl":"https:\/\/www.retaildetail.be\/wp-content\/uploads\/2026\/03\/Gevel-26-02-2026-1.jpg","articleSection":["Maison &amp; D\u00e9co","Wonen"],"inLanguage":"fr-FR","copyrightYear":"2026","copyrightHolder":{"@id":"https:\/\/www.retaildetail.be\/#organization"}},{"@type":"WebPage","@id":"https:\/\/www.retaildetail.be\/fr\/news\/maison-deco\/en-images-colora-devoile-son-nouveau-concept-dexperience-a-waregem\/","url":"https:\/\/www.retaildetail.be\/fr\/news\/maison-deco\/en-images-colora-devoile-son-nouveau-concept-dexperience-a-waregem\/","name":"[En images] Colora d\u00e9voile un nouveau concept d'exp\u00e9rience \u00e0 Waregem - RetailDetail BE","isPartOf":{"@id":"https:\/\/www.retaildetail.be\/nl\/#website"},"primaryImageOfPage":{"@id":"https:\/\/www.retaildetail.be\/fr\/news\/maison-deco\/en-images-colora-devoile-son-nouveau-concept-dexperience-a-waregem\/#primaryimage"},"image":{"@id":"https:\/\/www.retaildetail.be\/fr\/news\/maison-deco\/en-images-colora-devoile-son-nouveau-concept-dexperience-a-waregem\/#primaryimage"},"thumbnailUrl":"https:\/\/www.retaildetail.be\/wp-content\/uploads\/2026\/03\/Gevel-26-02-2026-1.jpg","datePublished":"2026-03-04T08:55:06+00:00","dateModified":"2026-03-04T08:55:10+00:00","description":"Le magasin de peinture comme espace d'exp\u00e9rience : tel est le nouveau concept lanc\u00e9 par Colora dans son magasin de Waregem.","breadcrumb":{"@id":"https:\/\/www.retaildetail.be\/fr\/news\/maison-deco\/en-images-colora-devoile-son-nouveau-concept-dexperience-a-waregem\/#breadcrumb"},"inLanguage":"fr-FR","potentialAction":[{"@type":"ReadAction","target":["https:\/\/www.retaildetail.be\/fr\/news\/maison-deco\/en-images-colora-devoile-son-nouveau-concept-dexperience-a-waregem\/"]}]},{"@type":"ImageObject","inLanguage":"fr-FR","@id":"https:\/\/www.retaildetail.be\/fr\/news\/maison-deco\/en-images-colora-devoile-son-nouveau-concept-dexperience-a-waregem\/#primaryimage","url":"https:\/\/www.retaildetail.be\/wp-content\/uploads\/2026\/03\/Gevel-26-02-2026-1.jpg","contentUrl":"https:\/\/www.retaildetail.be\/wp-content\/uploads\/2026\/03\/Gevel-26-02-2026-1.jpg","width":1920,"height":1440},{"@type":"BreadcrumbList","@id":"https:\/\/www.retaildetail.be\/fr\/news\/maison-deco\/en-images-colora-devoile-son-nouveau-concept-dexperience-a-waregem\/#breadcrumb","itemListElement":[{"@type":"ListItem","position":1,"name":"Home","item":"https:\/\/www.retaildetail.be\/fr\/"},{"@type":"ListItem","position":2,"name":"[En images] Colora d\u00e9voile un nouveau concept d&#8217;exp\u00e9rience \u00e0 Waregem"}]},{"@type":"WebSite","@id":"https:\/\/www.retaildetail.be\/nl\/#website","url":"https:\/\/www.retaildetail.be\/nl\/","name":"RetailDetail BE","description":"News","publisher":{"@id":"https:\/\/www.retaildetail.be\/nl\/#organization"},"potentialAction":[{"@type":"SearchAction","target":{"@type":"EntryPoint","urlTemplate":"https:\/\/www.retaildetail.be\/nl\/?s={search_term_string}"},"query-input":{"@type":"PropertyValueSpecification","valueRequired":true,"valueName":"search_term_string"}}],"inLanguage":"fr-FR"},{"@type":"Organization","@id":"https:\/\/www.retaildetail.be\/nl\/#organization","name":"RetailDetail BE","url":"https:\/\/www.retaildetail.be\/nl\/","logo":{"@type":"ImageObject","inLanguage":"fr-FR","@id":"https:\/\/www.retaildetail.be\/nl\/#\/schema\/logo\/image\/","url":"https:\/\/www.retaildetail.be\/wp-content\/uploads\/2022\/04\/logo.svg","contentUrl":"https:\/\/www.retaildetail.be\/wp-content\/uploads\/2022\/04\/logo.svg","width":131,"height":70,"caption":"RetailDetail BE"},"image":{"@id":"https:\/\/www.retaildetail.be\/nl\/#\/schema\/logo\/image\/"}},{"@type":"Person","@id":"https:\/\/www.retaildetail.be\/nl\/#\/schema\/person\/66b54803fa10759039079458ea89e307","name":"Pauline Neerman","image":{"@type":"ImageObject","inLanguage":"fr-FR","@id":"https:\/\/secure.gravatar.com\/avatar\/58db22aee589a691f9603e5765ac06010427a923f9b2728b951eb7fe27214d70?s=96&d=mm&r=g","url":"https:\/\/secure.gravatar.com\/avatar\/58db22aee589a691f9603e5765ac06010427a923f9b2728b951eb7fe27214d70?s=96&d=mm&r=g","contentUrl":"https:\/\/secure.gravatar.com\/avatar\/58db22aee589a691f9603e5765ac06010427a923f9b2728b951eb7fe27214d70?s=96&d=mm&r=g","caption":"Pauline Neerman"},"url":"https:\/\/www.retaildetail.be\/fr\/author\/paulineneerman\/"}]}},"jetpack_featured_media_url":"https:\/\/www.retaildetail.be\/wp-content\/uploads\/2026\/03\/Gevel-26-02-2026-1.jpg","jetpack_sharing_enabled":true,"_links":{"self":[{"href":"https:\/\/www.retaildetail.be\/fr\/wp-json\/wp\/v2\/posts\/143236","targetHints":{"allow":["GET"]}}],"collection":[{"href":"https:\/\/www.retaildetail.be\/fr\/wp-json\/wp\/v2\/posts"}],"about":[{"href":"https:\/\/www.retaildetail.be\/fr\/wp-json\/wp\/v2\/types\/post"}],"author":[{"embeddable":true,"href":"https:\/\/www.retaildetail.be\/fr\/wp-json\/wp\/v2\/users\/5"}],"replies":[{"embeddable":true,"href":"https:\/\/www.retaildetail.be\/fr\/wp-json\/wp\/v2\/comments?post=143236"}],"version-history":[{"count":1,"href":"https:\/\/www.retaildetail.be\/fr\/wp-json\/wp\/v2\/posts\/143236\/revisions"}],"predecessor-version":[{"id":143244,"href":"https:\/\/www.retaildetail.be\/fr\/wp-json\/wp\/v2\/posts\/143236\/revisions\/143244"}],"wp:featuredmedia":[{"embeddable":true,"href":"https:\/\/www.retaildetail.be\/fr\/wp-json\/wp\/v2\/media\/143237"}],"wp:attachment":[{"href":"https:\/\/www.retaildetail.be\/fr\/wp-json\/wp\/v2\/media?parent=143236"}],"wp:term":[{"taxonomy":"category","embeddable":true,"href":"https:\/\/www.retaildetail.be\/fr\/wp-json\/wp\/v2\/categories?post=143236"},{"taxonomy":"post_tag","embeddable":true,"href":"https:\/\/www.retaildetail.be\/fr\/wp-json\/wp\/v2\/tags?post=143236"},{"taxonomy":"people","embeddable":true,"href":"https:\/\/www.retaildetail.be\/fr\/wp-json\/wp\/v2\/people?post=143236"},{"taxonomy":"extra","embeddable":true,"href":"https:\/\/www.retaildetail.be\/fr\/wp-json\/wp\/v2\/extra?post=143236"},{"taxonomy":"company","embeddable":true,"href":"https:\/\/www.retaildetail.be\/fr\/wp-json\/wp\/v2\/company?post=143236"},{"taxonomy":"topic","embeddable":true,"href":"https:\/\/www.retaildetail.be\/fr\/wp-json\/wp\/v2\/topic?post=143236"},{"taxonomy":"region","embeddable":true,"href":"https:\/\/www.retaildetail.be\/fr\/wp-json\/wp\/v2\/region?post=143236"}],"curies":[{"name":"wp","href":"https:\/\/api.w.org\/{rel}","templated":true}]}}