{"id":143252,"date":"2026-03-04T11:01:30","date_gmt":"2026-03-04T10:01:30","guid":{"rendered":"https:\/\/www.retaildetail.be\/?p=143252"},"modified":"2026-03-04T11:01:31","modified_gmt":"2026-03-04T10:01:31","slug":"jysk-accelere-sa-croissance-en-belgique-avec-six-ouvertures-en-une-seule-journee","status":"publish","type":"post","link":"https:\/\/www.retaildetail.be\/fr\/news\/maison-deco\/jysk-accelere-sa-croissance-en-belgique-avec-six-ouvertures-en-une-seule-journee\/","title":{"rendered":"Jysk acc\u00e9l\u00e8re sa croissance en Belgique avec six ouvertures en une seule journ\u00e9e"},"content":{"rendered":"\n<p>Le 18 mars, <strong>Jysk <\/strong>ouvrira six<strong> <\/strong>nouveaux magasins en Belgique, dont cinq dans d&rsquo;anciens locaux de la cha\u00eene <strong>Leen Bakker<\/strong>, en faillite. Cela portera le nombre total de magasins d&rsquo;ameublement \u00e0 76, et une dizaine d&rsquo;autres ouvriront leurs portes plus tard dans l&rsquo;ann\u00e9e.<\/p>\n\n\n\n<h2 class=\"wp-block-heading\">\u00ab Nous croyons fermement aux magasins physiques \u00bb<\/h2>\n\n\n\n<p>Jamais auparavant la cha\u00eene scandinave de magasins d&rsquo;ameublement n&rsquo;avait ouvert autant de nouveaux magasins en m\u00eame temps. Les inaugurations auront lieu \u00e0 Borsbeek, Bruges, Grivegn\u00e9e, Huy, Kuurne et Zottegem. \u00c0 l&rsquo;exception de Borsbeek, il s&rsquo;agit d&rsquo;anciens magasins Leen Bakker, qui seront enti\u00e8rement transform\u00e9s selon le tout dernier concept de magasin de Jysk. Chaque nouveau magasin emploie environ dix personnes, dont d&rsquo;anciens employ\u00e9s de Leen Bakker. Le d\u00e9taillant fait ainsi un pas vers l&rsquo;objectif de 1 000 employ\u00e9s en Belgique.<\/p>\n\n\n\n<p>\u00ab Ouvrir six magasins en une seule journ\u00e9e est exceptionnel \u00bb, d\u00e9clare Frank Christant, directeur de Jysk en Belgique, en France et aux Pays-Bas. \u00ab Nous croyons fermement aux magasins physiques et saisissons les opportunit\u00e9s du march\u00e9 pour poursuivre notre croissance. Le fait que nous puissions y parvenir ensemble en tant qu&rsquo;organisation confirme la force et l&rsquo;ambition de Jysk en Belgique. \u00bb<\/p>\n\n\n\n<h2 class=\"wp-block-heading\">En route vers 125 magasins<\/h2>\n\n\n\n<p>Car cela ne s&rsquo;arr\u00eate pas \u00e0 ces six ouvertures : en f\u00e9vrier, le d\u00e9taillant a d\u00e9j\u00e0 ouvert \u00e0 Rijkevorsel le premier nouveau magasin de 2026. Apr\u00e8s les six ouvertures pr\u00e9vues en mars, le compteur affichera 76 magasins en Belgique. En avril, deux autres magasins ouvriront leurs portes \u00e0 Termonde et \u00e0 Marche-en-Famenne, suivis d&rsquo;une ouverture \u00e0 Saint-Trond en juin. Il s&rsquo;agit l\u00e0 aussi d&rsquo;anciens sites Leen Bakker. En outre, Jysk ouvrira un nouveau magasin sur chacun des sept anciens sites Shopping Cora. Les premi\u00e8res ouvertures sont pr\u00e9vues pour le d\u00e9but de l&rsquo;\u00e9t\u00e9.<\/p>\n\n\n\n<p>Le d\u00e9taillant danois souhaite \u00e0 terme atteindre au moins 125 magasins en Belgique. L&rsquo;entreprise compte d\u00e9j\u00e0 plus de 3 500 magasins et boutiques en ligne dans 50 pays. Le chiffre d&rsquo;affaires annuel pour l&rsquo;exercice 2024\/25 s&rsquo;\u00e9levait \u00e0 6,2 milliards d&rsquo;euros.<\/p>\n","protected":false},"excerpt":{"rendered":"<p>Le 18 mars, Jysk ouvrira six nouveaux magasins en Belgique, dont cinq dans d&rsquo;anciens locaux de la cha\u00eene Leen Bakker, aujourd&rsquo;hui en faillite. Cela portera le nombre total de magasins d&rsquo;ameublement \u00e0 76, et une dizaine d&rsquo;autres ouvriront leurs portes plus tard dans l&rsquo;ann\u00e9e. <\/p>\n","protected":false},"author":3,"featured_media":143253,"comment_status":"closed","ping_status":"closed","sticky":false,"template":"","format":"standard","meta":{"_acf_changed":false,"inline_featured_image":false,"_jetpack_memberships_contains_paid_content":false,"footnotes":""},"categories":[29,21],"tags":[],"people":[],"extra":[],"company":[567],"topic":[276],"region":[226],"class_list":["post-143252","post","type-post","status-publish","format-standard","has-post-thumbnail","hentry","category-maison-deco","category-wonen","company-jysk","topic-expansion","region-belgique"],"acf":[],"yoast_head":"<!-- This site is optimized with the Yoast SEO plugin v27.3 - https:\/\/yoast.com\/product\/yoast-seo-wordpress\/ -->\n<title>Jysk acc\u00e9l\u00e8re sa croissance en Belgique avec six ouvertures en une seule journ\u00e9e - RetailDetail BE<\/title>\n<meta name=\"description\" content=\"Le 18 mars, Jysk ouvrira six nouveaux magasins en Belgique, dont cinq dans d&#039;anciens locaux de la cha\u00eene Leen Bakker, en faillite.\" \/>\n<meta name=\"robots\" content=\"index, follow, max-snippet:-1, max-image-preview:large, max-video-preview:-1\" \/>\n<link rel=\"canonical\" href=\"https:\/\/www.retaildetail.be\/fr\/news\/maison-deco\/jysk-accelere-sa-croissance-en-belgique-avec-six-ouvertures-en-une-seule-journee\/\" \/>\n<meta property=\"og:locale\" content=\"fr_FR\" \/>\n<meta property=\"og:type\" content=\"article\" \/>\n<meta property=\"og:title\" content=\"Jysk acc\u00e9l\u00e8re sa croissance en Belgique avec six ouvertures en une seule journ\u00e9e - RetailDetail BE\" \/>\n<meta property=\"og:description\" content=\"Le 18 mars, Jysk ouvrira six nouveaux magasins en Belgique, dont cinq dans d&#039;anciens locaux de la cha\u00eene Leen Bakker, en faillite.\" \/>\n<meta property=\"og:url\" content=\"https:\/\/www.retaildetail.be\/fr\/news\/maison-deco\/jysk-accelere-sa-croissance-en-belgique-avec-six-ouvertures-en-une-seule-journee\/\" \/>\n<meta property=\"og:site_name\" content=\"RetailDetail BE\" \/>\n<meta property=\"article:published_time\" content=\"2026-03-04T10:01:30+00:00\" \/>\n<meta property=\"article:modified_time\" content=\"2026-03-04T10:01:31+00:00\" \/>\n<meta property=\"og:image\" content=\"https:\/\/www.retaildetail.be\/wp-content\/uploads\/2026\/03\/JYSK-store-scaled-1.jpg\" \/>\n\t<meta property=\"og:image:width\" content=\"2560\" \/>\n\t<meta property=\"og:image:height\" content=\"1707\" \/>\n\t<meta property=\"og:image:type\" content=\"image\/jpeg\" \/>\n<meta name=\"author\" content=\"Stefan Van Rompaey\" \/>\n<meta name=\"twitter:card\" content=\"summary_large_image\" \/>\n<meta name=\"twitter:label1\" content=\"\u00c9crit par\" \/>\n\t<meta name=\"twitter:data1\" content=\"Stefan Van Rompaey\" \/>\n\t<meta name=\"twitter:label2\" content=\"Dur\u00e9e de lecture estim\u00e9e\" \/>\n\t<meta name=\"twitter:data2\" content=\"2 minutes\" \/>\n<script type=\"application\/ld+json\" class=\"yoast-schema-graph\">{\"@context\":\"https:\\\/\\\/schema.org\",\"@graph\":[{\"@type\":\"NewsArticle\",\"@id\":\"https:\\\/\\\/www.retaildetail.be\\\/fr\\\/news\\\/maison-deco\\\/jysk-accelere-sa-croissance-en-belgique-avec-six-ouvertures-en-une-seule-journee\\\/#article\",\"isPartOf\":{\"@id\":\"https:\\\/\\\/www.retaildetail.be\\\/fr\\\/news\\\/maison-deco\\\/jysk-accelere-sa-croissance-en-belgique-avec-six-ouvertures-en-une-seule-journee\\\/\"},\"author\":{\"name\":\"Stefan Van Rompaey\",\"@id\":\"https:\\\/\\\/www.retaildetail.be\\\/nl\\\/#\\\/schema\\\/person\\\/51aec6069c4416aa2f68b2e4ff3455df\"},\"headline\":\"Jysk acc\u00e9l\u00e8re sa croissance en Belgique avec six ouvertures en une seule journ\u00e9e\",\"datePublished\":\"2026-03-04T10:01:30+00:00\",\"dateModified\":\"2026-03-04T10:01:31+00:00\",\"mainEntityOfPage\":{\"@id\":\"https:\\\/\\\/www.retaildetail.be\\\/fr\\\/news\\\/maison-deco\\\/jysk-accelere-sa-croissance-en-belgique-avec-six-ouvertures-en-une-seule-journee\\\/\"},\"wordCount\":362,\"publisher\":{\"@id\":\"https:\\\/\\\/www.retaildetail.be\\\/nl\\\/#organization\"},\"image\":{\"@id\":\"https:\\\/\\\/www.retaildetail.be\\\/fr\\\/news\\\/maison-deco\\\/jysk-accelere-sa-croissance-en-belgique-avec-six-ouvertures-en-une-seule-journee\\\/#primaryimage\"},\"thumbnailUrl\":\"https:\\\/\\\/www.retaildetail.be\\\/wp-content\\\/uploads\\\/2026\\\/03\\\/JYSK-store-scaled-1.jpg\",\"articleSection\":[\"Maison &amp; D\u00e9co\",\"Wonen\"],\"inLanguage\":\"fr-FR\",\"copyrightYear\":\"2026\",\"copyrightHolder\":{\"@id\":\"https:\\\/\\\/www.retaildetail.be\\\/#organization\"}},{\"@type\":\"WebPage\",\"@id\":\"https:\\\/\\\/www.retaildetail.be\\\/fr\\\/news\\\/maison-deco\\\/jysk-accelere-sa-croissance-en-belgique-avec-six-ouvertures-en-une-seule-journee\\\/\",\"url\":\"https:\\\/\\\/www.retaildetail.be\\\/fr\\\/news\\\/maison-deco\\\/jysk-accelere-sa-croissance-en-belgique-avec-six-ouvertures-en-une-seule-journee\\\/\",\"name\":\"Jysk acc\u00e9l\u00e8re sa croissance en Belgique avec six ouvertures en une seule journ\u00e9e - RetailDetail BE\",\"isPartOf\":{\"@id\":\"https:\\\/\\\/www.retaildetail.be\\\/nl\\\/#website\"},\"primaryImageOfPage\":{\"@id\":\"https:\\\/\\\/www.retaildetail.be\\\/fr\\\/news\\\/maison-deco\\\/jysk-accelere-sa-croissance-en-belgique-avec-six-ouvertures-en-une-seule-journee\\\/#primaryimage\"},\"image\":{\"@id\":\"https:\\\/\\\/www.retaildetail.be\\\/fr\\\/news\\\/maison-deco\\\/jysk-accelere-sa-croissance-en-belgique-avec-six-ouvertures-en-une-seule-journee\\\/#primaryimage\"},\"thumbnailUrl\":\"https:\\\/\\\/www.retaildetail.be\\\/wp-content\\\/uploads\\\/2026\\\/03\\\/JYSK-store-scaled-1.jpg\",\"datePublished\":\"2026-03-04T10:01:30+00:00\",\"dateModified\":\"2026-03-04T10:01:31+00:00\",\"description\":\"Le 18 mars, Jysk ouvrira six nouveaux magasins en Belgique, dont cinq dans d'anciens locaux de la cha\u00eene Leen Bakker, en faillite.\",\"breadcrumb\":{\"@id\":\"https:\\\/\\\/www.retaildetail.be\\\/fr\\\/news\\\/maison-deco\\\/jysk-accelere-sa-croissance-en-belgique-avec-six-ouvertures-en-une-seule-journee\\\/#breadcrumb\"},\"inLanguage\":\"fr-FR\",\"potentialAction\":[{\"@type\":\"ReadAction\",\"target\":[\"https:\\\/\\\/www.retaildetail.be\\\/fr\\\/news\\\/maison-deco\\\/jysk-accelere-sa-croissance-en-belgique-avec-six-ouvertures-en-une-seule-journee\\\/\"]}]},{\"@type\":\"ImageObject\",\"inLanguage\":\"fr-FR\",\"@id\":\"https:\\\/\\\/www.retaildetail.be\\\/fr\\\/news\\\/maison-deco\\\/jysk-accelere-sa-croissance-en-belgique-avec-six-ouvertures-en-une-seule-journee\\\/#primaryimage\",\"url\":\"https:\\\/\\\/www.retaildetail.be\\\/wp-content\\\/uploads\\\/2026\\\/03\\\/JYSK-store-scaled-1.jpg\",\"contentUrl\":\"https:\\\/\\\/www.retaildetail.be\\\/wp-content\\\/uploads\\\/2026\\\/03\\\/JYSK-store-scaled-1.jpg\",\"width\":2560,\"height\":1707,\"caption\":\"Jysk\"},{\"@type\":\"BreadcrumbList\",\"@id\":\"https:\\\/\\\/www.retaildetail.be\\\/fr\\\/news\\\/maison-deco\\\/jysk-accelere-sa-croissance-en-belgique-avec-six-ouvertures-en-une-seule-journee\\\/#breadcrumb\",\"itemListElement\":[{\"@type\":\"ListItem\",\"position\":1,\"name\":\"Home\",\"item\":\"https:\\\/\\\/www.retaildetail.be\\\/fr\\\/\"},{\"@type\":\"ListItem\",\"position\":2,\"name\":\"Jysk acc\u00e9l\u00e8re sa croissance en Belgique avec six ouvertures en une seule journ\u00e9e\"}]},{\"@type\":\"WebSite\",\"@id\":\"https:\\\/\\\/www.retaildetail.be\\\/nl\\\/#website\",\"url\":\"https:\\\/\\\/www.retaildetail.be\\\/nl\\\/\",\"name\":\"RetailDetail BE\",\"description\":\"News\",\"publisher\":{\"@id\":\"https:\\\/\\\/www.retaildetail.be\\\/nl\\\/#organization\"},\"potentialAction\":[{\"@type\":\"SearchAction\",\"target\":{\"@type\":\"EntryPoint\",\"urlTemplate\":\"https:\\\/\\\/www.retaildetail.be\\\/nl\\\/?s={search_term_string}\"},\"query-input\":{\"@type\":\"PropertyValueSpecification\",\"valueRequired\":true,\"valueName\":\"search_term_string\"}}],\"inLanguage\":\"fr-FR\"},{\"@type\":\"Organization\",\"@id\":\"https:\\\/\\\/www.retaildetail.be\\\/nl\\\/#organization\",\"name\":\"RetailDetail BE\",\"url\":\"https:\\\/\\\/www.retaildetail.be\\\/nl\\\/\",\"logo\":{\"@type\":\"ImageObject\",\"inLanguage\":\"fr-FR\",\"@id\":\"https:\\\/\\\/www.retaildetail.be\\\/nl\\\/#\\\/schema\\\/logo\\\/image\\\/\",\"url\":\"https:\\\/\\\/www.retaildetail.be\\\/wp-content\\\/uploads\\\/2022\\\/04\\\/logo.svg\",\"contentUrl\":\"https:\\\/\\\/www.retaildetail.be\\\/wp-content\\\/uploads\\\/2022\\\/04\\\/logo.svg\",\"width\":131,\"height\":70,\"caption\":\"RetailDetail BE\"},\"image\":{\"@id\":\"https:\\\/\\\/www.retaildetail.be\\\/nl\\\/#\\\/schema\\\/logo\\\/image\\\/\"}},{\"@type\":\"Person\",\"@id\":\"https:\\\/\\\/www.retaildetail.be\\\/nl\\\/#\\\/schema\\\/person\\\/51aec6069c4416aa2f68b2e4ff3455df\",\"name\":\"Stefan Van Rompaey\",\"image\":{\"@type\":\"ImageObject\",\"inLanguage\":\"fr-FR\",\"@id\":\"https:\\\/\\\/secure.gravatar.com\\\/avatar\\\/fbbb4a80a0f109888b2a5ab8ae255617499ecde533749b3ab2fa6c23b5d65dac?s=96&d=mm&r=g\",\"url\":\"https:\\\/\\\/secure.gravatar.com\\\/avatar\\\/fbbb4a80a0f109888b2a5ab8ae255617499ecde533749b3ab2fa6c23b5d65dac?s=96&d=mm&r=g\",\"contentUrl\":\"https:\\\/\\\/secure.gravatar.com\\\/avatar\\\/fbbb4a80a0f109888b2a5ab8ae255617499ecde533749b3ab2fa6c23b5d65dac?s=96&d=mm&r=g\",\"caption\":\"Stefan Van Rompaey\"},\"url\":\"https:\\\/\\\/www.retaildetail.be\\\/fr\\\/author\\\/stefanvanrompaey\\\/\"}]}<\/script>\n<!-- \/ Yoast SEO plugin. -->","yoast_head_json":{"title":"Jysk acc\u00e9l\u00e8re sa croissance en Belgique avec six ouvertures en une seule journ\u00e9e - RetailDetail BE","description":"Le 18 mars, Jysk ouvrira six nouveaux magasins en Belgique, dont cinq dans d'anciens locaux de la cha\u00eene Leen Bakker, en faillite.","robots":{"index":"index","follow":"follow","max-snippet":"max-snippet:-1","max-image-preview":"max-image-preview:large","max-video-preview":"max-video-preview:-1"},"canonical":"https:\/\/www.retaildetail.be\/fr\/news\/maison-deco\/jysk-accelere-sa-croissance-en-belgique-avec-six-ouvertures-en-une-seule-journee\/","og_locale":"fr_FR","og_type":"article","og_title":"Jysk acc\u00e9l\u00e8re sa croissance en Belgique avec six ouvertures en une seule journ\u00e9e - RetailDetail BE","og_description":"Le 18 mars, Jysk ouvrira six nouveaux magasins en Belgique, dont cinq dans d'anciens locaux de la cha\u00eene Leen Bakker, en faillite.","og_url":"https:\/\/www.retaildetail.be\/fr\/news\/maison-deco\/jysk-accelere-sa-croissance-en-belgique-avec-six-ouvertures-en-une-seule-journee\/","og_site_name":"RetailDetail BE","article_published_time":"2026-03-04T10:01:30+00:00","article_modified_time":"2026-03-04T10:01:31+00:00","og_image":[{"width":2560,"height":1707,"url":"https:\/\/www.retaildetail.be\/wp-content\/uploads\/2026\/03\/JYSK-store-scaled-1.jpg","type":"image\/jpeg"}],"author":"Stefan Van Rompaey","twitter_card":"summary_large_image","twitter_misc":{"\u00c9crit par":"Stefan Van Rompaey","Dur\u00e9e de lecture estim\u00e9e":"2 minutes"},"schema":{"@context":"https:\/\/schema.org","@graph":[{"@type":"NewsArticle","@id":"https:\/\/www.retaildetail.be\/fr\/news\/maison-deco\/jysk-accelere-sa-croissance-en-belgique-avec-six-ouvertures-en-une-seule-journee\/#article","isPartOf":{"@id":"https:\/\/www.retaildetail.be\/fr\/news\/maison-deco\/jysk-accelere-sa-croissance-en-belgique-avec-six-ouvertures-en-une-seule-journee\/"},"author":{"name":"Stefan Van Rompaey","@id":"https:\/\/www.retaildetail.be\/nl\/#\/schema\/person\/51aec6069c4416aa2f68b2e4ff3455df"},"headline":"Jysk acc\u00e9l\u00e8re sa croissance en Belgique avec six ouvertures en une seule journ\u00e9e","datePublished":"2026-03-04T10:01:30+00:00","dateModified":"2026-03-04T10:01:31+00:00","mainEntityOfPage":{"@id":"https:\/\/www.retaildetail.be\/fr\/news\/maison-deco\/jysk-accelere-sa-croissance-en-belgique-avec-six-ouvertures-en-une-seule-journee\/"},"wordCount":362,"publisher":{"@id":"https:\/\/www.retaildetail.be\/nl\/#organization"},"image":{"@id":"https:\/\/www.retaildetail.be\/fr\/news\/maison-deco\/jysk-accelere-sa-croissance-en-belgique-avec-six-ouvertures-en-une-seule-journee\/#primaryimage"},"thumbnailUrl":"https:\/\/www.retaildetail.be\/wp-content\/uploads\/2026\/03\/JYSK-store-scaled-1.jpg","articleSection":["Maison &amp; D\u00e9co","Wonen"],"inLanguage":"fr-FR","copyrightYear":"2026","copyrightHolder":{"@id":"https:\/\/www.retaildetail.be\/#organization"}},{"@type":"WebPage","@id":"https:\/\/www.retaildetail.be\/fr\/news\/maison-deco\/jysk-accelere-sa-croissance-en-belgique-avec-six-ouvertures-en-une-seule-journee\/","url":"https:\/\/www.retaildetail.be\/fr\/news\/maison-deco\/jysk-accelere-sa-croissance-en-belgique-avec-six-ouvertures-en-une-seule-journee\/","name":"Jysk acc\u00e9l\u00e8re sa croissance en Belgique avec six ouvertures en une seule journ\u00e9e - RetailDetail BE","isPartOf":{"@id":"https:\/\/www.retaildetail.be\/nl\/#website"},"primaryImageOfPage":{"@id":"https:\/\/www.retaildetail.be\/fr\/news\/maison-deco\/jysk-accelere-sa-croissance-en-belgique-avec-six-ouvertures-en-une-seule-journee\/#primaryimage"},"image":{"@id":"https:\/\/www.retaildetail.be\/fr\/news\/maison-deco\/jysk-accelere-sa-croissance-en-belgique-avec-six-ouvertures-en-une-seule-journee\/#primaryimage"},"thumbnailUrl":"https:\/\/www.retaildetail.be\/wp-content\/uploads\/2026\/03\/JYSK-store-scaled-1.jpg","datePublished":"2026-03-04T10:01:30+00:00","dateModified":"2026-03-04T10:01:31+00:00","description":"Le 18 mars, Jysk ouvrira six nouveaux magasins en Belgique, dont cinq dans d'anciens locaux de la cha\u00eene Leen Bakker, en faillite.","breadcrumb":{"@id":"https:\/\/www.retaildetail.be\/fr\/news\/maison-deco\/jysk-accelere-sa-croissance-en-belgique-avec-six-ouvertures-en-une-seule-journee\/#breadcrumb"},"inLanguage":"fr-FR","potentialAction":[{"@type":"ReadAction","target":["https:\/\/www.retaildetail.be\/fr\/news\/maison-deco\/jysk-accelere-sa-croissance-en-belgique-avec-six-ouvertures-en-une-seule-journee\/"]}]},{"@type":"ImageObject","inLanguage":"fr-FR","@id":"https:\/\/www.retaildetail.be\/fr\/news\/maison-deco\/jysk-accelere-sa-croissance-en-belgique-avec-six-ouvertures-en-une-seule-journee\/#primaryimage","url":"https:\/\/www.retaildetail.be\/wp-content\/uploads\/2026\/03\/JYSK-store-scaled-1.jpg","contentUrl":"https:\/\/www.retaildetail.be\/wp-content\/uploads\/2026\/03\/JYSK-store-scaled-1.jpg","width":2560,"height":1707,"caption":"Jysk"},{"@type":"BreadcrumbList","@id":"https:\/\/www.retaildetail.be\/fr\/news\/maison-deco\/jysk-accelere-sa-croissance-en-belgique-avec-six-ouvertures-en-une-seule-journee\/#breadcrumb","itemListElement":[{"@type":"ListItem","position":1,"name":"Home","item":"https:\/\/www.retaildetail.be\/fr\/"},{"@type":"ListItem","position":2,"name":"Jysk acc\u00e9l\u00e8re sa croissance en Belgique avec six ouvertures en une seule journ\u00e9e"}]},{"@type":"WebSite","@id":"https:\/\/www.retaildetail.be\/nl\/#website","url":"https:\/\/www.retaildetail.be\/nl\/","name":"RetailDetail BE","description":"News","publisher":{"@id":"https:\/\/www.retaildetail.be\/nl\/#organization"},"potentialAction":[{"@type":"SearchAction","target":{"@type":"EntryPoint","urlTemplate":"https:\/\/www.retaildetail.be\/nl\/?s={search_term_string}"},"query-input":{"@type":"PropertyValueSpecification","valueRequired":true,"valueName":"search_term_string"}}],"inLanguage":"fr-FR"},{"@type":"Organization","@id":"https:\/\/www.retaildetail.be\/nl\/#organization","name":"RetailDetail BE","url":"https:\/\/www.retaildetail.be\/nl\/","logo":{"@type":"ImageObject","inLanguage":"fr-FR","@id":"https:\/\/www.retaildetail.be\/nl\/#\/schema\/logo\/image\/","url":"https:\/\/www.retaildetail.be\/wp-content\/uploads\/2022\/04\/logo.svg","contentUrl":"https:\/\/www.retaildetail.be\/wp-content\/uploads\/2022\/04\/logo.svg","width":131,"height":70,"caption":"RetailDetail BE"},"image":{"@id":"https:\/\/www.retaildetail.be\/nl\/#\/schema\/logo\/image\/"}},{"@type":"Person","@id":"https:\/\/www.retaildetail.be\/nl\/#\/schema\/person\/51aec6069c4416aa2f68b2e4ff3455df","name":"Stefan Van Rompaey","image":{"@type":"ImageObject","inLanguage":"fr-FR","@id":"https:\/\/secure.gravatar.com\/avatar\/fbbb4a80a0f109888b2a5ab8ae255617499ecde533749b3ab2fa6c23b5d65dac?s=96&d=mm&r=g","url":"https:\/\/secure.gravatar.com\/avatar\/fbbb4a80a0f109888b2a5ab8ae255617499ecde533749b3ab2fa6c23b5d65dac?s=96&d=mm&r=g","contentUrl":"https:\/\/secure.gravatar.com\/avatar\/fbbb4a80a0f109888b2a5ab8ae255617499ecde533749b3ab2fa6c23b5d65dac?s=96&d=mm&r=g","caption":"Stefan Van Rompaey"},"url":"https:\/\/www.retaildetail.be\/fr\/author\/stefanvanrompaey\/"}]}},"jetpack_featured_media_url":"https:\/\/www.retaildetail.be\/wp-content\/uploads\/2026\/03\/JYSK-store-scaled-1.jpg","jetpack_sharing_enabled":true,"_links":{"self":[{"href":"https:\/\/www.retaildetail.be\/fr\/wp-json\/wp\/v2\/posts\/143252","targetHints":{"allow":["GET"]}}],"collection":[{"href":"https:\/\/www.retaildetail.be\/fr\/wp-json\/wp\/v2\/posts"}],"about":[{"href":"https:\/\/www.retaildetail.be\/fr\/wp-json\/wp\/v2\/types\/post"}],"author":[{"embeddable":true,"href":"https:\/\/www.retaildetail.be\/fr\/wp-json\/wp\/v2\/users\/3"}],"replies":[{"embeddable":true,"href":"https:\/\/www.retaildetail.be\/fr\/wp-json\/wp\/v2\/comments?post=143252"}],"version-history":[{"count":1,"href":"https:\/\/www.retaildetail.be\/fr\/wp-json\/wp\/v2\/posts\/143252\/revisions"}],"predecessor-version":[{"id":143254,"href":"https:\/\/www.retaildetail.be\/fr\/wp-json\/wp\/v2\/posts\/143252\/revisions\/143254"}],"wp:featuredmedia":[{"embeddable":true,"href":"https:\/\/www.retaildetail.be\/fr\/wp-json\/wp\/v2\/media\/143253"}],"wp:attachment":[{"href":"https:\/\/www.retaildetail.be\/fr\/wp-json\/wp\/v2\/media?parent=143252"}],"wp:term":[{"taxonomy":"category","embeddable":true,"href":"https:\/\/www.retaildetail.be\/fr\/wp-json\/wp\/v2\/categories?post=143252"},{"taxonomy":"post_tag","embeddable":true,"href":"https:\/\/www.retaildetail.be\/fr\/wp-json\/wp\/v2\/tags?post=143252"},{"taxonomy":"people","embeddable":true,"href":"https:\/\/www.retaildetail.be\/fr\/wp-json\/wp\/v2\/people?post=143252"},{"taxonomy":"extra","embeddable":true,"href":"https:\/\/www.retaildetail.be\/fr\/wp-json\/wp\/v2\/extra?post=143252"},{"taxonomy":"company","embeddable":true,"href":"https:\/\/www.retaildetail.be\/fr\/wp-json\/wp\/v2\/company?post=143252"},{"taxonomy":"topic","embeddable":true,"href":"https:\/\/www.retaildetail.be\/fr\/wp-json\/wp\/v2\/topic?post=143252"},{"taxonomy":"region","embeddable":true,"href":"https:\/\/www.retaildetail.be\/fr\/wp-json\/wp\/v2\/region?post=143252"}],"curies":[{"name":"wp","href":"https:\/\/api.w.org\/{rel}","templated":true}]}}