{"id":143263,"date":"2026-03-04T11:25:01","date_gmt":"2026-03-04T10:25:01","guid":{"rendered":"https:\/\/www.retaildetail.be\/?p=143263"},"modified":"2026-03-04T11:25:03","modified_gmt":"2026-03-04T10:25:03","slug":"zeeman-nomme-un-ancien-directeur-dahold-delhaize-au-poste-de-nouveau-pdg","status":"publish","type":"post","link":"https:\/\/www.retaildetail.be\/fr\/news\/mode\/zeeman-nomme-un-ancien-directeur-dahold-delhaize-au-poste-de-nouveau-pdg\/","title":{"rendered":"Zeeman nomme un ancien directeur d&rsquo;Ahold Delhaize au poste de CEO"},"content":{"rendered":"\n<p><strong>Zeeman<\/strong> annonce que Boudewijn van Nieuwenhuijzen deviendra le nouveau directeur g\u00e9n\u00e9ral \u00e0 compter du 1er ao\u00fbt 2026. Il succ\u00e8de \u00e0 Erik-Jan Mares, qui a dirig\u00e9 l&rsquo;entreprise au cours des neuf derni\u00e8res ann\u00e9es.<\/p>\n\n\n\n<h2 class=\"wp-block-heading\">20 ans d&rsquo;exp\u00e9rience<\/h2>\n\n\n\n<p>Boudewijn van Nieuwenhuijzen a plus de deux d\u00e9cennies d&rsquo;exp\u00e9rience internationale dans le domaine de la direction au sein du commerce de d\u00e9tail, des produits de grande consommation et du commerce de gros, indique Zeeman dans un communiqu\u00e9 de presse. Son dernier poste \u00e9tait celui de PDG de Super Indo en Indon\u00e9sie, une filiale d&rsquo;Ahold Delhaize. Il a \u00e9galement occup\u00e9 des postes de direction chez <strong>HEMA<\/strong> et a travaill\u00e9 chez <strong>Unilever<\/strong>. \u00ab Sa capacit\u00e9 av\u00e9r\u00e9e \u00e0 allier clart\u00e9 strat\u00e9gique, mise en \u0153uvre pratique et leadership ax\u00e9 sur les personnes fait de lui la personne id\u00e9ale pour Zeeman \u00bb, d\u00e9clare le d\u00e9taillant.<\/p>\n\n\n\n<p>\u00ab Nous sommes ravis d&rsquo;accueillir Boudewijn van Nieuwenhuijzen en tant que nouveau PDG de Zeeman \u00bb, d\u00e9clare Bert Roetert, au nom du conseil de surveillance. \u00ab Sa vaste exp\u00e9rience internationale, sa vision strat\u00e9gique claire et son attention particuli\u00e8re port\u00e9e aux personnes et aux performances commerciales font de lui le leader id\u00e9al. Nous sommes impatients de travailler avec lui. \u00bb<\/p>\n\n\n\n<p><a href=\"https:\/\/www.retaildetail.be\/fr\/news\/mode\/le-pdg-erik-jan-mares-quitte-zeeman-son-successeur-est-deja-pret-a-prendre-la-releve\/\">Comme annonc\u00e9 pr\u00e9c\u00e9demment<\/a>, Erik-Jan Mares restera CEO jusqu&rsquo;au 1er juillet 2026.<\/p>\n","protected":false},"excerpt":{"rendered":"<p>Zeeman annonce que Boudewijn van Nieuwenhuijzen deviendra le nouveau directeur g\u00e9n\u00e9ral \u00e0 compter du 1er ao\u00fbt 2026. Il succ\u00e9dera \u00e0 Erik-Jan Mares, qui a dirig\u00e9 l&rsquo;entreprise au cours des neuf derni\u00e8res ann\u00e9es.<\/p>\n","protected":false},"author":3,"featured_media":143264,"comment_status":"closed","ping_status":"closed","sticky":false,"template":"","format":"standard","meta":{"_acf_changed":false,"inline_featured_image":false,"_jetpack_memberships_contains_paid_content":false,"footnotes":""},"categories":[14,22],"tags":[],"people":[],"extra":[44],"company":[270],"topic":[609],"region":[],"class_list":{"0":"post-143263","1":"post","2":"type-post","3":"status-publish","4":"format-standard","5":"has-post-thumbnail","6":"hentry","7":"category-mode","9":"extra-hot","10":"company-zeeman","11":"topic-changement-de-direction"},"acf":[],"yoast_head":"<!-- This site is optimized with the Yoast SEO plugin v27.3 - https:\/\/yoast.com\/product\/yoast-seo-wordpress\/ -->\n<title>Zeeman nomme un ancien directeur d&#039;Ahold Delhaize au poste de CEO - RetailDetail BE<\/title>\n<meta name=\"description\" content=\"Zeeman annonce que Boudewijn van Nieuwenhuijzen deviendra le nouveau directeur g\u00e9n\u00e9ral \u00e0 compter du 1er ao\u00fbt 2026.\" \/>\n<meta name=\"robots\" content=\"index, follow, max-snippet:-1, max-image-preview:large, max-video-preview:-1\" \/>\n<link rel=\"canonical\" href=\"https:\/\/www.retaildetail.be\/fr\/news\/mode\/zeeman-nomme-un-ancien-directeur-dahold-delhaize-au-poste-de-nouveau-pdg\/\" \/>\n<meta property=\"og:locale\" content=\"fr_FR\" \/>\n<meta property=\"og:type\" content=\"article\" \/>\n<meta property=\"og:title\" content=\"Zeeman nomme un ancien directeur d&#039;Ahold Delhaize au poste de CEO - RetailDetail BE\" \/>\n<meta property=\"og:description\" content=\"Zeeman annonce que Boudewijn van Nieuwenhuijzen deviendra le nouveau directeur g\u00e9n\u00e9ral \u00e0 compter du 1er ao\u00fbt 2026.\" \/>\n<meta property=\"og:url\" content=\"https:\/\/www.retaildetail.be\/fr\/news\/mode\/zeeman-nomme-un-ancien-directeur-dahold-delhaize-au-poste-de-nouveau-pdg\/\" \/>\n<meta property=\"og:site_name\" content=\"RetailDetail BE\" \/>\n<meta property=\"article:published_time\" content=\"2026-03-04T10:25:01+00:00\" \/>\n<meta property=\"article:modified_time\" content=\"2026-03-04T10:25:03+00:00\" \/>\n<meta property=\"og:image\" content=\"https:\/\/www.retaildetail.be\/wp-content\/uploads\/2026\/03\/Boudewijn-van-Nieuwenhuijzen-1-1.jpg\" \/>\n\t<meta property=\"og:image:width\" content=\"1280\" \/>\n\t<meta property=\"og:image:height\" content=\"888\" \/>\n\t<meta property=\"og:image:type\" content=\"image\/jpeg\" \/>\n<meta name=\"author\" content=\"Stefan Van Rompaey\" \/>\n<meta name=\"twitter:card\" content=\"summary_large_image\" \/>\n<meta name=\"twitter:label1\" content=\"\u00c9crit par\" \/>\n\t<meta name=\"twitter:data1\" content=\"Stefan Van Rompaey\" \/>\n\t<meta name=\"twitter:label2\" content=\"Dur\u00e9e de lecture estim\u00e9e\" \/>\n\t<meta name=\"twitter:data2\" content=\"1 minute\" \/>\n<script type=\"application\/ld+json\" class=\"yoast-schema-graph\">{\"@context\":\"https:\\\/\\\/schema.org\",\"@graph\":[{\"@type\":\"NewsArticle\",\"@id\":\"https:\\\/\\\/www.retaildetail.be\\\/fr\\\/news\\\/mode\\\/zeeman-nomme-un-ancien-directeur-dahold-delhaize-au-poste-de-nouveau-pdg\\\/#article\",\"isPartOf\":{\"@id\":\"https:\\\/\\\/www.retaildetail.be\\\/fr\\\/news\\\/mode\\\/zeeman-nomme-un-ancien-directeur-dahold-delhaize-au-poste-de-nouveau-pdg\\\/\"},\"author\":{\"name\":\"Stefan Van Rompaey\",\"@id\":\"https:\\\/\\\/www.retaildetail.be\\\/nl\\\/#\\\/schema\\\/person\\\/51aec6069c4416aa2f68b2e4ff3455df\"},\"headline\":\"Zeeman nomme un ancien directeur d&rsquo;Ahold Delhaize au poste de CEO\",\"datePublished\":\"2026-03-04T10:25:01+00:00\",\"dateModified\":\"2026-03-04T10:25:03+00:00\",\"mainEntityOfPage\":{\"@id\":\"https:\\\/\\\/www.retaildetail.be\\\/fr\\\/news\\\/mode\\\/zeeman-nomme-un-ancien-directeur-dahold-delhaize-au-poste-de-nouveau-pdg\\\/\"},\"wordCount\":236,\"publisher\":{\"@id\":\"https:\\\/\\\/www.retaildetail.be\\\/nl\\\/#organization\"},\"image\":{\"@id\":\"https:\\\/\\\/www.retaildetail.be\\\/fr\\\/news\\\/mode\\\/zeeman-nomme-un-ancien-directeur-dahold-delhaize-au-poste-de-nouveau-pdg\\\/#primaryimage\"},\"thumbnailUrl\":\"https:\\\/\\\/www.retaildetail.be\\\/wp-content\\\/uploads\\\/2026\\\/03\\\/Boudewijn-van-Nieuwenhuijzen-1-1.jpg\",\"articleSection\":[\"Mode\",\"Mode\"],\"inLanguage\":\"fr-FR\",\"copyrightYear\":\"2026\",\"copyrightHolder\":{\"@id\":\"https:\\\/\\\/www.retaildetail.be\\\/#organization\"}},{\"@type\":\"WebPage\",\"@id\":\"https:\\\/\\\/www.retaildetail.be\\\/fr\\\/news\\\/mode\\\/zeeman-nomme-un-ancien-directeur-dahold-delhaize-au-poste-de-nouveau-pdg\\\/\",\"url\":\"https:\\\/\\\/www.retaildetail.be\\\/fr\\\/news\\\/mode\\\/zeeman-nomme-un-ancien-directeur-dahold-delhaize-au-poste-de-nouveau-pdg\\\/\",\"name\":\"Zeeman nomme un ancien directeur d'Ahold Delhaize au poste de CEO - RetailDetail BE\",\"isPartOf\":{\"@id\":\"https:\\\/\\\/www.retaildetail.be\\\/nl\\\/#website\"},\"primaryImageOfPage\":{\"@id\":\"https:\\\/\\\/www.retaildetail.be\\\/fr\\\/news\\\/mode\\\/zeeman-nomme-un-ancien-directeur-dahold-delhaize-au-poste-de-nouveau-pdg\\\/#primaryimage\"},\"image\":{\"@id\":\"https:\\\/\\\/www.retaildetail.be\\\/fr\\\/news\\\/mode\\\/zeeman-nomme-un-ancien-directeur-dahold-delhaize-au-poste-de-nouveau-pdg\\\/#primaryimage\"},\"thumbnailUrl\":\"https:\\\/\\\/www.retaildetail.be\\\/wp-content\\\/uploads\\\/2026\\\/03\\\/Boudewijn-van-Nieuwenhuijzen-1-1.jpg\",\"datePublished\":\"2026-03-04T10:25:01+00:00\",\"dateModified\":\"2026-03-04T10:25:03+00:00\",\"description\":\"Zeeman annonce que Boudewijn van Nieuwenhuijzen deviendra le nouveau directeur g\u00e9n\u00e9ral \u00e0 compter du 1er ao\u00fbt 2026.\",\"breadcrumb\":{\"@id\":\"https:\\\/\\\/www.retaildetail.be\\\/fr\\\/news\\\/mode\\\/zeeman-nomme-un-ancien-directeur-dahold-delhaize-au-poste-de-nouveau-pdg\\\/#breadcrumb\"},\"inLanguage\":\"fr-FR\",\"potentialAction\":[{\"@type\":\"ReadAction\",\"target\":[\"https:\\\/\\\/www.retaildetail.be\\\/fr\\\/news\\\/mode\\\/zeeman-nomme-un-ancien-directeur-dahold-delhaize-au-poste-de-nouveau-pdg\\\/\"]}]},{\"@type\":\"ImageObject\",\"inLanguage\":\"fr-FR\",\"@id\":\"https:\\\/\\\/www.retaildetail.be\\\/fr\\\/news\\\/mode\\\/zeeman-nomme-un-ancien-directeur-dahold-delhaize-au-poste-de-nouveau-pdg\\\/#primaryimage\",\"url\":\"https:\\\/\\\/www.retaildetail.be\\\/wp-content\\\/uploads\\\/2026\\\/03\\\/Boudewijn-van-Nieuwenhuijzen-1-1.jpg\",\"contentUrl\":\"https:\\\/\\\/www.retaildetail.be\\\/wp-content\\\/uploads\\\/2026\\\/03\\\/Boudewijn-van-Nieuwenhuijzen-1-1.jpg\",\"width\":1280,\"height\":888,\"caption\":\"Boudewijn van Nieuwenhuijzen\"},{\"@type\":\"BreadcrumbList\",\"@id\":\"https:\\\/\\\/www.retaildetail.be\\\/fr\\\/news\\\/mode\\\/zeeman-nomme-un-ancien-directeur-dahold-delhaize-au-poste-de-nouveau-pdg\\\/#breadcrumb\",\"itemListElement\":[{\"@type\":\"ListItem\",\"position\":1,\"name\":\"Home\",\"item\":\"https:\\\/\\\/www.retaildetail.be\\\/fr\\\/\"},{\"@type\":\"ListItem\",\"position\":2,\"name\":\"Zeeman nomme un ancien directeur d&#8217;Ahold Delhaize au poste de CEO\"}]},{\"@type\":\"WebSite\",\"@id\":\"https:\\\/\\\/www.retaildetail.be\\\/nl\\\/#website\",\"url\":\"https:\\\/\\\/www.retaildetail.be\\\/nl\\\/\",\"name\":\"RetailDetail BE\",\"description\":\"News\",\"publisher\":{\"@id\":\"https:\\\/\\\/www.retaildetail.be\\\/nl\\\/#organization\"},\"potentialAction\":[{\"@type\":\"SearchAction\",\"target\":{\"@type\":\"EntryPoint\",\"urlTemplate\":\"https:\\\/\\\/www.retaildetail.be\\\/nl\\\/?s={search_term_string}\"},\"query-input\":{\"@type\":\"PropertyValueSpecification\",\"valueRequired\":true,\"valueName\":\"search_term_string\"}}],\"inLanguage\":\"fr-FR\"},{\"@type\":\"Organization\",\"@id\":\"https:\\\/\\\/www.retaildetail.be\\\/nl\\\/#organization\",\"name\":\"RetailDetail BE\",\"url\":\"https:\\\/\\\/www.retaildetail.be\\\/nl\\\/\",\"logo\":{\"@type\":\"ImageObject\",\"inLanguage\":\"fr-FR\",\"@id\":\"https:\\\/\\\/www.retaildetail.be\\\/nl\\\/#\\\/schema\\\/logo\\\/image\\\/\",\"url\":\"https:\\\/\\\/www.retaildetail.be\\\/wp-content\\\/uploads\\\/2022\\\/04\\\/logo.svg\",\"contentUrl\":\"https:\\\/\\\/www.retaildetail.be\\\/wp-content\\\/uploads\\\/2022\\\/04\\\/logo.svg\",\"width\":131,\"height\":70,\"caption\":\"RetailDetail BE\"},\"image\":{\"@id\":\"https:\\\/\\\/www.retaildetail.be\\\/nl\\\/#\\\/schema\\\/logo\\\/image\\\/\"}},{\"@type\":\"Person\",\"@id\":\"https:\\\/\\\/www.retaildetail.be\\\/nl\\\/#\\\/schema\\\/person\\\/51aec6069c4416aa2f68b2e4ff3455df\",\"name\":\"Stefan Van Rompaey\",\"image\":{\"@type\":\"ImageObject\",\"inLanguage\":\"fr-FR\",\"@id\":\"https:\\\/\\\/secure.gravatar.com\\\/avatar\\\/fbbb4a80a0f109888b2a5ab8ae255617499ecde533749b3ab2fa6c23b5d65dac?s=96&d=mm&r=g\",\"url\":\"https:\\\/\\\/secure.gravatar.com\\\/avatar\\\/fbbb4a80a0f109888b2a5ab8ae255617499ecde533749b3ab2fa6c23b5d65dac?s=96&d=mm&r=g\",\"contentUrl\":\"https:\\\/\\\/secure.gravatar.com\\\/avatar\\\/fbbb4a80a0f109888b2a5ab8ae255617499ecde533749b3ab2fa6c23b5d65dac?s=96&d=mm&r=g\",\"caption\":\"Stefan Van Rompaey\"},\"url\":\"https:\\\/\\\/www.retaildetail.be\\\/fr\\\/author\\\/stefanvanrompaey\\\/\"}]}<\/script>\n<!-- \/ Yoast SEO plugin. -->","yoast_head_json":{"title":"Zeeman nomme un ancien directeur d'Ahold Delhaize au poste de CEO - RetailDetail BE","description":"Zeeman annonce que Boudewijn van Nieuwenhuijzen deviendra le nouveau directeur g\u00e9n\u00e9ral \u00e0 compter du 1er ao\u00fbt 2026.","robots":{"index":"index","follow":"follow","max-snippet":"max-snippet:-1","max-image-preview":"max-image-preview:large","max-video-preview":"max-video-preview:-1"},"canonical":"https:\/\/www.retaildetail.be\/fr\/news\/mode\/zeeman-nomme-un-ancien-directeur-dahold-delhaize-au-poste-de-nouveau-pdg\/","og_locale":"fr_FR","og_type":"article","og_title":"Zeeman nomme un ancien directeur d'Ahold Delhaize au poste de CEO - RetailDetail BE","og_description":"Zeeman annonce que Boudewijn van Nieuwenhuijzen deviendra le nouveau directeur g\u00e9n\u00e9ral \u00e0 compter du 1er ao\u00fbt 2026.","og_url":"https:\/\/www.retaildetail.be\/fr\/news\/mode\/zeeman-nomme-un-ancien-directeur-dahold-delhaize-au-poste-de-nouveau-pdg\/","og_site_name":"RetailDetail BE","article_published_time":"2026-03-04T10:25:01+00:00","article_modified_time":"2026-03-04T10:25:03+00:00","og_image":[{"width":1280,"height":888,"url":"https:\/\/www.retaildetail.be\/wp-content\/uploads\/2026\/03\/Boudewijn-van-Nieuwenhuijzen-1-1.jpg","type":"image\/jpeg"}],"author":"Stefan Van Rompaey","twitter_card":"summary_large_image","twitter_misc":{"\u00c9crit par":"Stefan Van Rompaey","Dur\u00e9e de lecture estim\u00e9e":"1 minute"},"schema":{"@context":"https:\/\/schema.org","@graph":[{"@type":"NewsArticle","@id":"https:\/\/www.retaildetail.be\/fr\/news\/mode\/zeeman-nomme-un-ancien-directeur-dahold-delhaize-au-poste-de-nouveau-pdg\/#article","isPartOf":{"@id":"https:\/\/www.retaildetail.be\/fr\/news\/mode\/zeeman-nomme-un-ancien-directeur-dahold-delhaize-au-poste-de-nouveau-pdg\/"},"author":{"name":"Stefan Van Rompaey","@id":"https:\/\/www.retaildetail.be\/nl\/#\/schema\/person\/51aec6069c4416aa2f68b2e4ff3455df"},"headline":"Zeeman nomme un ancien directeur d&rsquo;Ahold Delhaize au poste de CEO","datePublished":"2026-03-04T10:25:01+00:00","dateModified":"2026-03-04T10:25:03+00:00","mainEntityOfPage":{"@id":"https:\/\/www.retaildetail.be\/fr\/news\/mode\/zeeman-nomme-un-ancien-directeur-dahold-delhaize-au-poste-de-nouveau-pdg\/"},"wordCount":236,"publisher":{"@id":"https:\/\/www.retaildetail.be\/nl\/#organization"},"image":{"@id":"https:\/\/www.retaildetail.be\/fr\/news\/mode\/zeeman-nomme-un-ancien-directeur-dahold-delhaize-au-poste-de-nouveau-pdg\/#primaryimage"},"thumbnailUrl":"https:\/\/www.retaildetail.be\/wp-content\/uploads\/2026\/03\/Boudewijn-van-Nieuwenhuijzen-1-1.jpg","articleSection":["Mode","Mode"],"inLanguage":"fr-FR","copyrightYear":"2026","copyrightHolder":{"@id":"https:\/\/www.retaildetail.be\/#organization"}},{"@type":"WebPage","@id":"https:\/\/www.retaildetail.be\/fr\/news\/mode\/zeeman-nomme-un-ancien-directeur-dahold-delhaize-au-poste-de-nouveau-pdg\/","url":"https:\/\/www.retaildetail.be\/fr\/news\/mode\/zeeman-nomme-un-ancien-directeur-dahold-delhaize-au-poste-de-nouveau-pdg\/","name":"Zeeman nomme un ancien directeur d'Ahold Delhaize au poste de CEO - RetailDetail BE","isPartOf":{"@id":"https:\/\/www.retaildetail.be\/nl\/#website"},"primaryImageOfPage":{"@id":"https:\/\/www.retaildetail.be\/fr\/news\/mode\/zeeman-nomme-un-ancien-directeur-dahold-delhaize-au-poste-de-nouveau-pdg\/#primaryimage"},"image":{"@id":"https:\/\/www.retaildetail.be\/fr\/news\/mode\/zeeman-nomme-un-ancien-directeur-dahold-delhaize-au-poste-de-nouveau-pdg\/#primaryimage"},"thumbnailUrl":"https:\/\/www.retaildetail.be\/wp-content\/uploads\/2026\/03\/Boudewijn-van-Nieuwenhuijzen-1-1.jpg","datePublished":"2026-03-04T10:25:01+00:00","dateModified":"2026-03-04T10:25:03+00:00","description":"Zeeman annonce que Boudewijn van Nieuwenhuijzen deviendra le nouveau directeur g\u00e9n\u00e9ral \u00e0 compter du 1er ao\u00fbt 2026.","breadcrumb":{"@id":"https:\/\/www.retaildetail.be\/fr\/news\/mode\/zeeman-nomme-un-ancien-directeur-dahold-delhaize-au-poste-de-nouveau-pdg\/#breadcrumb"},"inLanguage":"fr-FR","potentialAction":[{"@type":"ReadAction","target":["https:\/\/www.retaildetail.be\/fr\/news\/mode\/zeeman-nomme-un-ancien-directeur-dahold-delhaize-au-poste-de-nouveau-pdg\/"]}]},{"@type":"ImageObject","inLanguage":"fr-FR","@id":"https:\/\/www.retaildetail.be\/fr\/news\/mode\/zeeman-nomme-un-ancien-directeur-dahold-delhaize-au-poste-de-nouveau-pdg\/#primaryimage","url":"https:\/\/www.retaildetail.be\/wp-content\/uploads\/2026\/03\/Boudewijn-van-Nieuwenhuijzen-1-1.jpg","contentUrl":"https:\/\/www.retaildetail.be\/wp-content\/uploads\/2026\/03\/Boudewijn-van-Nieuwenhuijzen-1-1.jpg","width":1280,"height":888,"caption":"Boudewijn van Nieuwenhuijzen"},{"@type":"BreadcrumbList","@id":"https:\/\/www.retaildetail.be\/fr\/news\/mode\/zeeman-nomme-un-ancien-directeur-dahold-delhaize-au-poste-de-nouveau-pdg\/#breadcrumb","itemListElement":[{"@type":"ListItem","position":1,"name":"Home","item":"https:\/\/www.retaildetail.be\/fr\/"},{"@type":"ListItem","position":2,"name":"Zeeman nomme un ancien directeur d&#8217;Ahold Delhaize au poste de CEO"}]},{"@type":"WebSite","@id":"https:\/\/www.retaildetail.be\/nl\/#website","url":"https:\/\/www.retaildetail.be\/nl\/","name":"RetailDetail BE","description":"News","publisher":{"@id":"https:\/\/www.retaildetail.be\/nl\/#organization"},"potentialAction":[{"@type":"SearchAction","target":{"@type":"EntryPoint","urlTemplate":"https:\/\/www.retaildetail.be\/nl\/?s={search_term_string}"},"query-input":{"@type":"PropertyValueSpecification","valueRequired":true,"valueName":"search_term_string"}}],"inLanguage":"fr-FR"},{"@type":"Organization","@id":"https:\/\/www.retaildetail.be\/nl\/#organization","name":"RetailDetail BE","url":"https:\/\/www.retaildetail.be\/nl\/","logo":{"@type":"ImageObject","inLanguage":"fr-FR","@id":"https:\/\/www.retaildetail.be\/nl\/#\/schema\/logo\/image\/","url":"https:\/\/www.retaildetail.be\/wp-content\/uploads\/2022\/04\/logo.svg","contentUrl":"https:\/\/www.retaildetail.be\/wp-content\/uploads\/2022\/04\/logo.svg","width":131,"height":70,"caption":"RetailDetail BE"},"image":{"@id":"https:\/\/www.retaildetail.be\/nl\/#\/schema\/logo\/image\/"}},{"@type":"Person","@id":"https:\/\/www.retaildetail.be\/nl\/#\/schema\/person\/51aec6069c4416aa2f68b2e4ff3455df","name":"Stefan Van Rompaey","image":{"@type":"ImageObject","inLanguage":"fr-FR","@id":"https:\/\/secure.gravatar.com\/avatar\/fbbb4a80a0f109888b2a5ab8ae255617499ecde533749b3ab2fa6c23b5d65dac?s=96&d=mm&r=g","url":"https:\/\/secure.gravatar.com\/avatar\/fbbb4a80a0f109888b2a5ab8ae255617499ecde533749b3ab2fa6c23b5d65dac?s=96&d=mm&r=g","contentUrl":"https:\/\/secure.gravatar.com\/avatar\/fbbb4a80a0f109888b2a5ab8ae255617499ecde533749b3ab2fa6c23b5d65dac?s=96&d=mm&r=g","caption":"Stefan Van Rompaey"},"url":"https:\/\/www.retaildetail.be\/fr\/author\/stefanvanrompaey\/"}]}},"jetpack_featured_media_url":"https:\/\/www.retaildetail.be\/wp-content\/uploads\/2026\/03\/Boudewijn-van-Nieuwenhuijzen-1-1.jpg","jetpack_sharing_enabled":true,"_links":{"self":[{"href":"https:\/\/www.retaildetail.be\/fr\/wp-json\/wp\/v2\/posts\/143263","targetHints":{"allow":["GET"]}}],"collection":[{"href":"https:\/\/www.retaildetail.be\/fr\/wp-json\/wp\/v2\/posts"}],"about":[{"href":"https:\/\/www.retaildetail.be\/fr\/wp-json\/wp\/v2\/types\/post"}],"author":[{"embeddable":true,"href":"https:\/\/www.retaildetail.be\/fr\/wp-json\/wp\/v2\/users\/3"}],"replies":[{"embeddable":true,"href":"https:\/\/www.retaildetail.be\/fr\/wp-json\/wp\/v2\/comments?post=143263"}],"version-history":[{"count":1,"href":"https:\/\/www.retaildetail.be\/fr\/wp-json\/wp\/v2\/posts\/143263\/revisions"}],"predecessor-version":[{"id":143265,"href":"https:\/\/www.retaildetail.be\/fr\/wp-json\/wp\/v2\/posts\/143263\/revisions\/143265"}],"wp:featuredmedia":[{"embeddable":true,"href":"https:\/\/www.retaildetail.be\/fr\/wp-json\/wp\/v2\/media\/143264"}],"wp:attachment":[{"href":"https:\/\/www.retaildetail.be\/fr\/wp-json\/wp\/v2\/media?parent=143263"}],"wp:term":[{"taxonomy":"category","embeddable":true,"href":"https:\/\/www.retaildetail.be\/fr\/wp-json\/wp\/v2\/categories?post=143263"},{"taxonomy":"post_tag","embeddable":true,"href":"https:\/\/www.retaildetail.be\/fr\/wp-json\/wp\/v2\/tags?post=143263"},{"taxonomy":"people","embeddable":true,"href":"https:\/\/www.retaildetail.be\/fr\/wp-json\/wp\/v2\/people?post=143263"},{"taxonomy":"extra","embeddable":true,"href":"https:\/\/www.retaildetail.be\/fr\/wp-json\/wp\/v2\/extra?post=143263"},{"taxonomy":"company","embeddable":true,"href":"https:\/\/www.retaildetail.be\/fr\/wp-json\/wp\/v2\/company?post=143263"},{"taxonomy":"topic","embeddable":true,"href":"https:\/\/www.retaildetail.be\/fr\/wp-json\/wp\/v2\/topic?post=143263"},{"taxonomy":"region","embeddable":true,"href":"https:\/\/www.retaildetail.be\/fr\/wp-json\/wp\/v2\/region?post=143263"}],"curies":[{"name":"wp","href":"https:\/\/api.w.org\/{rel}","templated":true}]}}