{"id":143280,"date":"2026-03-04T11:48:45","date_gmt":"2026-03-04T10:48:45","guid":{"rendered":"https:\/\/www.retaildetail.be\/?p=143280"},"modified":"2026-03-04T11:51:54","modified_gmt":"2026-03-04T10:51:54","slug":"voici-les-laureats-du-tavola-dor-2026-dup-trans","status":"publish","type":"post","link":"https:\/\/www.retaildetail.be\/fr\/news\/food\/voici-les-laureats-du-tavola-dor-2026-dup-trans\/","title":{"rendered":"Voici les laur\u00e9ats du Tavola d&rsquo;Or 2026"},"content":{"rendered":"\n<p>Des desserts \u00e0 base de lait de bufflonne, une vinaigrette au s\u00e9same, une liqueur artisanale et une nouvelle g\u00e9n\u00e9ration de boissons fonctionnelles sont les laur\u00e9ats du concours Tavola d&rsquo;Or, qui met l&rsquo;accent sur le go\u00fbt, l&rsquo;exp\u00e9rience et l&rsquo;innovation.<\/p>\n\n\n\n<h2 class=\"wp-block-heading\">Focus sur le produit<\/h2>\n\n\n\n<p>Tous les deux ans, le jury professionnel du concours gastronomique Tavola d&rsquo;Or recherche des produits innovants qui se distinguent par leur go\u00fbt, leur savoir-faire et leur exp\u00e9rience. Le march\u00e9 des aliments et boissons haut de gamme \u00e9voluant rapidement, le concours a \u00e9t\u00e9 remani\u00e9 en 2026 avec une nouvelle classification des cat\u00e9gories, l&rsquo;accent \u00e9tant d\u00e9sormais mis sur la valeur intrins\u00e8que du produit plut\u00f4t que sur le point de vente. Pourquoi ce produit m\u00e9rite-t-il une place dans l&rsquo;assiette ? Qu&rsquo;est-ce qui le rend sp\u00e9cial ? Quel est son impact sur le consommateur ?<\/p>\n\n\n\n<p>Les fronti\u00e8res entre les points de vente et de consommation s&rsquo;estompent, les moments de consommation changent et l&rsquo;innovation se manifeste dans le raffinement et les applications intelligentes. Le Tavola d&rsquo;Or se base donc sur la force intrins\u00e8que du produit lui-m\u00eame dans quatre nouvelles cat\u00e9gories.<\/p>\n\n\n\n<h2 class=\"wp-block-heading\">Les laur\u00e9ats<\/h2>\n\n\n\n<p>Dans la cat\u00e9gorie Taste &amp; Craftsmanship (go\u00fbt et savoir-faire) \u2013 pour l&rsquo;excellence du go\u00fbt et du savoir-faire \u2013, le premier prix a \u00e9t\u00e9 d\u00e9cern\u00e9 \u00e0 une gamme de yaourts et de desserts \u00e0 base de lait de bufflonne du producteur San Salvatore, commercialis\u00e9s par Guy Troch Import. Le lait de bufflonne contient plus de prot\u00e9ines, de vitamines et de min\u00e9raux que le lait de vache traditionnel, il est plus faible en lactose et en cholest\u00e9rol, et est donc souvent mieux tol\u00e9r\u00e9. Le r\u00e9sultat : une texture cr\u00e9meuse prononc\u00e9e et un go\u00fbt profond et doux qui s\u00e9duit imm\u00e9diatement.<\/p>\n\n\n\n<figure class=\"wp-block-image size-full\"><img loading=\"lazy\" decoding=\"async\" width=\"502\" height=\"502\" src=\"https:\/\/www.retaildetail.be\/wp-content\/uploads\/2026\/03\/Afbeelding1.png\" alt=\"\" class=\"wp-image-143273\" srcset=\"https:\/\/www.retaildetail.be\/wp-content\/uploads\/2026\/03\/Afbeelding1.png 502w, https:\/\/www.retaildetail.be\/wp-content\/uploads\/2026\/03\/Afbeelding1-300x300.png 300w, https:\/\/www.retaildetail.be\/wp-content\/uploads\/2026\/03\/Afbeelding1-150x150.png 150w, https:\/\/www.retaildetail.be\/wp-content\/uploads\/2026\/03\/Afbeelding1-73x73.png 73w\" sizes=\"auto, (max-width: 502px) 100vw, 502px\" \/><\/figure>\n\n\n\n<p>Dans la cat\u00e9gorie Convenience \u2013 pour la qualit\u00e9 combin\u00e9e \u00e0 la facilit\u00e9 d&rsquo;utilisation \u2013 le prix a \u00e9t\u00e9 d\u00e9cern\u00e9 \u00e0 la vinaigrette Roasted Sesame du producteur bruxellois Didden. Une vinaigrette pr\u00eate \u00e0 l&#8217;emploi \u00e0 base d&rsquo;huile de s\u00e9same grill\u00e9, avec des notes de piment, de gingembre et de yuzu. D\u00e9velopp\u00e9e pour donner rapidement plus de profondeur \u00e0 divers plats.<\/p>\n\n\n\n<figure class=\"wp-block-image size-full\"><img loading=\"lazy\" decoding=\"async\" width=\"528\" height=\"528\" src=\"https:\/\/www.retaildetail.be\/wp-content\/uploads\/2026\/03\/Afbeelding2.png\" alt=\"\" class=\"wp-image-143274\" srcset=\"https:\/\/www.retaildetail.be\/wp-content\/uploads\/2026\/03\/Afbeelding2.png 528w, https:\/\/www.retaildetail.be\/wp-content\/uploads\/2026\/03\/Afbeelding2-300x300.png 300w, https:\/\/www.retaildetail.be\/wp-content\/uploads\/2026\/03\/Afbeelding2-150x150.png 150w, https:\/\/www.retaildetail.be\/wp-content\/uploads\/2026\/03\/Afbeelding2-73x73.png 73w\" sizes=\"auto, (max-width: 528px) 100vw, 528px\" \/><\/figure>\n\n\n\n<p>Le Mocaccino de Le Tendenze, \u00e0 Wichelen, a \u00e9t\u00e9 le laur\u00e9at dans la cat\u00e9gorie Premium &amp; Pleasure \u2013 pour les produits qui rendent un moment culinaire sp\u00e9cial. Une liqueur artisanale \u00e0 base d&rsquo;oranges siciliennes biologiques avec des notes de caf\u00e9, de chocolat et d&rsquo;amande. Une interpr\u00e9tation contemporaine du moment digestif.<\/p>\n\n\n\n<figure class=\"wp-block-image size-full\"><img loading=\"lazy\" decoding=\"async\" width=\"528\" height=\"528\" src=\"https:\/\/www.retaildetail.be\/wp-content\/uploads\/2026\/03\/Afbeelding3.png\" alt=\"\" class=\"wp-image-143275\" srcset=\"https:\/\/www.retaildetail.be\/wp-content\/uploads\/2026\/03\/Afbeelding3.png 528w, https:\/\/www.retaildetail.be\/wp-content\/uploads\/2026\/03\/Afbeelding3-300x300.png 300w, https:\/\/www.retaildetail.be\/wp-content\/uploads\/2026\/03\/Afbeelding3-150x150.png 150w, https:\/\/www.retaildetail.be\/wp-content\/uploads\/2026\/03\/Afbeelding3-73x73.png 73w\" sizes=\"auto, (max-width: 528px) 100vw, 528px\" \/><\/figure>\n\n\n\n<p>Dans la cat\u00e9gorie Health &amp; Balance \u2013 pour une consommation consciente, attentive \u00e0 la composition et au bien-\u00eatre \u2013 c&rsquo;est Basil &amp; Lemon \/ Peach &amp; Ginger de Gutlings, \u00e0 Bellegem, qui a remport\u00e9 le prix : des boissons fonctionnelles alliant fermentation et science. La boisson contient des cultures vivantes qui, gr\u00e2ce \u00e0 un rev\u00eatement prot\u00e9ique intelligent innovant, restent prot\u00e9g\u00e9es jusqu&rsquo;au fond de l&rsquo;intestin. La boisson conserve ainsi les avantages de la fermentation sans n\u00e9cessiter de r\u00e9frig\u00e9ration pendant le stockage ou la distribution.<\/p>\n\n\n\n<figure class=\"wp-block-image size-full\"><img loading=\"lazy\" decoding=\"async\" width=\"520\" height=\"520\" src=\"https:\/\/www.retaildetail.be\/wp-content\/uploads\/2026\/03\/Afbeelding4.png\" alt=\"\" class=\"wp-image-143276\" srcset=\"https:\/\/www.retaildetail.be\/wp-content\/uploads\/2026\/03\/Afbeelding4.png 520w, https:\/\/www.retaildetail.be\/wp-content\/uploads\/2026\/03\/Afbeelding4-300x300.png 300w, https:\/\/www.retaildetail.be\/wp-content\/uploads\/2026\/03\/Afbeelding4-150x150.png 150w, https:\/\/www.retaildetail.be\/wp-content\/uploads\/2026\/03\/Afbeelding4-73x73.png 73w\" sizes=\"auto, (max-width: 520px) 100vw, 520px\" \/><\/figure>\n\n\n\n<p>Vous pouvez d\u00e9couvrir les laur\u00e9ats et les finalistes nomin\u00e9s \u00e0 Tavola, <a href=\"https:\/\/www.tavola-xpo.be\/fr\/decouvrez-le-salon\/produits-de-haute-qualite\/\">le salon professionnel bisannuel d\u00e9di\u00e9 aux aliments et boissons haut de gamme<\/a>, qui se tiendra cette ann\u00e9e du 15 au 17 mars \u00e0 Kortrijk Xpo. Plus de 450 exposants venus de quinze pays y pr\u00e9senteront leur offre dans cinq halls d&rsquo;exposition. Le salon attend environ 16 000 visiteurs.<\/p>\n","protected":false},"excerpt":{"rendered":"<p>Des desserts \u00e0 base de lait de bufflonne, une vinaigrette au s\u00e9same, une liqueur artisanale et une nouvelle g\u00e9n\u00e9ration de boissons fonctionnelles sont les laur\u00e9ats du concours Tavola d&rsquo;Or, qui met l&rsquo;accent sur le go\u00fbt, l&rsquo;exp\u00e9rience et l&rsquo;innovation.<\/p>\n","protected":false},"author":3,"featured_media":143281,"comment_status":"closed","ping_status":"closed","sticky":false,"template":"","format":"standard","meta":{"_acf_changed":false,"inline_featured_image":false,"_jetpack_memberships_contains_paid_content":false,"footnotes":""},"categories":[18,24],"tags":[],"people":[],"extra":[],"company":[],"topic":[488],"region":[226],"class_list":{"0":"post-143280","1":"post","2":"type-post","3":"status-publish","4":"format-standard","5":"has-post-thumbnail","6":"hentry","7":"category-food","9":"topic-marketing","10":"region-belgique"},"acf":[],"yoast_head":"<!-- This site is optimized with the Yoast SEO plugin v27.3 - https:\/\/yoast.com\/product\/yoast-seo-wordpress\/ -->\n<title>Voici les laur\u00e9ats du Tavola d&#039;Or 2026 - RetailDetail BE<\/title>\n<meta name=\"description\" content=\"Des desserts \u00e0 base de lait de bufflonne, une vinaigrette au s\u00e9same, une liqueur artisanale et une nouvelle g\u00e9n\u00e9ration de boissons fonctionnelles sont les laur\u00e9ats du concours Tavola d&#039;Or.\" \/>\n<meta name=\"robots\" content=\"index, follow, max-snippet:-1, max-image-preview:large, max-video-preview:-1\" \/>\n<link rel=\"canonical\" href=\"https:\/\/www.retaildetail.be\/fr\/news\/food\/voici-les-laureats-du-tavola-dor-2026-dup-trans\/\" \/>\n<meta property=\"og:locale\" content=\"fr_FR\" \/>\n<meta property=\"og:type\" content=\"article\" \/>\n<meta property=\"og:title\" content=\"Voici les laur\u00e9ats du Tavola d&#039;Or 2026 - RetailDetail BE\" \/>\n<meta property=\"og:description\" content=\"Des desserts \u00e0 base de lait de bufflonne, une vinaigrette au s\u00e9same, une liqueur artisanale et une nouvelle g\u00e9n\u00e9ration de boissons fonctionnelles sont les laur\u00e9ats du concours Tavola d&#039;Or.\" \/>\n<meta property=\"og:url\" content=\"https:\/\/www.retaildetail.be\/fr\/news\/food\/voici-les-laureats-du-tavola-dor-2026-dup-trans\/\" \/>\n<meta property=\"og:site_name\" content=\"RetailDetail BE\" \/>\n<meta property=\"article:published_time\" content=\"2026-03-04T10:48:45+00:00\" \/>\n<meta property=\"article:modified_time\" content=\"2026-03-04T10:51:54+00:00\" \/>\n<meta property=\"og:image\" content=\"https:\/\/www.retaildetail.be\/wp-content\/uploads\/2026\/03\/winners-all-Aangepast-1-1.jpg\" \/>\n\t<meta property=\"og:image:width\" content=\"960\" \/>\n\t<meta property=\"og:image:height\" content=\"640\" \/>\n\t<meta property=\"og:image:type\" content=\"image\/jpeg\" \/>\n<meta name=\"author\" content=\"Stefan Van Rompaey\" \/>\n<meta name=\"twitter:card\" content=\"summary_large_image\" \/>\n<meta name=\"twitter:label1\" content=\"\u00c9crit par\" \/>\n\t<meta name=\"twitter:data1\" content=\"Stefan Van Rompaey\" \/>\n\t<meta name=\"twitter:label2\" content=\"Dur\u00e9e de lecture estim\u00e9e\" \/>\n\t<meta name=\"twitter:data2\" content=\"3 minutes\" \/>\n<script type=\"application\/ld+json\" class=\"yoast-schema-graph\">{\"@context\":\"https:\\\/\\\/schema.org\",\"@graph\":[{\"@type\":\"NewsArticle\",\"@id\":\"https:\\\/\\\/www.retaildetail.be\\\/fr\\\/news\\\/food\\\/voici-les-laureats-du-tavola-dor-2026-dup-trans\\\/#article\",\"isPartOf\":{\"@id\":\"https:\\\/\\\/www.retaildetail.be\\\/fr\\\/news\\\/food\\\/voici-les-laureats-du-tavola-dor-2026-dup-trans\\\/\"},\"author\":{\"name\":\"Stefan Van Rompaey\",\"@id\":\"https:\\\/\\\/www.retaildetail.be\\\/nl\\\/#\\\/schema\\\/person\\\/51aec6069c4416aa2f68b2e4ff3455df\"},\"headline\":\"Voici les laur\u00e9ats du Tavola d&rsquo;Or 2026\",\"datePublished\":\"2026-03-04T10:48:45+00:00\",\"dateModified\":\"2026-03-04T10:51:54+00:00\",\"mainEntityOfPage\":{\"@id\":\"https:\\\/\\\/www.retaildetail.be\\\/fr\\\/news\\\/food\\\/voici-les-laureats-du-tavola-dor-2026-dup-trans\\\/\"},\"wordCount\":583,\"publisher\":{\"@id\":\"https:\\\/\\\/www.retaildetail.be\\\/nl\\\/#organization\"},\"image\":{\"@id\":\"https:\\\/\\\/www.retaildetail.be\\\/fr\\\/news\\\/food\\\/voici-les-laureats-du-tavola-dor-2026-dup-trans\\\/#primaryimage\"},\"thumbnailUrl\":\"https:\\\/\\\/www.retaildetail.be\\\/wp-content\\\/uploads\\\/2026\\\/03\\\/winners-all-Aangepast-1-1.jpg\",\"articleSection\":[\"Food\",\"Food\"],\"inLanguage\":\"fr-FR\",\"copyrightYear\":\"2026\",\"copyrightHolder\":{\"@id\":\"https:\\\/\\\/www.retaildetail.be\\\/#organization\"}},{\"@type\":\"WebPage\",\"@id\":\"https:\\\/\\\/www.retaildetail.be\\\/fr\\\/news\\\/food\\\/voici-les-laureats-du-tavola-dor-2026-dup-trans\\\/\",\"url\":\"https:\\\/\\\/www.retaildetail.be\\\/fr\\\/news\\\/food\\\/voici-les-laureats-du-tavola-dor-2026-dup-trans\\\/\",\"name\":\"Voici les laur\u00e9ats du Tavola d'Or 2026 - RetailDetail BE\",\"isPartOf\":{\"@id\":\"https:\\\/\\\/www.retaildetail.be\\\/nl\\\/#website\"},\"primaryImageOfPage\":{\"@id\":\"https:\\\/\\\/www.retaildetail.be\\\/fr\\\/news\\\/food\\\/voici-les-laureats-du-tavola-dor-2026-dup-trans\\\/#primaryimage\"},\"image\":{\"@id\":\"https:\\\/\\\/www.retaildetail.be\\\/fr\\\/news\\\/food\\\/voici-les-laureats-du-tavola-dor-2026-dup-trans\\\/#primaryimage\"},\"thumbnailUrl\":\"https:\\\/\\\/www.retaildetail.be\\\/wp-content\\\/uploads\\\/2026\\\/03\\\/winners-all-Aangepast-1-1.jpg\",\"datePublished\":\"2026-03-04T10:48:45+00:00\",\"dateModified\":\"2026-03-04T10:51:54+00:00\",\"description\":\"Des desserts \u00e0 base de lait de bufflonne, une vinaigrette au s\u00e9same, une liqueur artisanale et une nouvelle g\u00e9n\u00e9ration de boissons fonctionnelles sont les laur\u00e9ats du concours Tavola d'Or.\",\"breadcrumb\":{\"@id\":\"https:\\\/\\\/www.retaildetail.be\\\/fr\\\/news\\\/food\\\/voici-les-laureats-du-tavola-dor-2026-dup-trans\\\/#breadcrumb\"},\"inLanguage\":\"fr-FR\",\"potentialAction\":[{\"@type\":\"ReadAction\",\"target\":[\"https:\\\/\\\/www.retaildetail.be\\\/fr\\\/news\\\/food\\\/voici-les-laureats-du-tavola-dor-2026-dup-trans\\\/\"]}]},{\"@type\":\"ImageObject\",\"inLanguage\":\"fr-FR\",\"@id\":\"https:\\\/\\\/www.retaildetail.be\\\/fr\\\/news\\\/food\\\/voici-les-laureats-du-tavola-dor-2026-dup-trans\\\/#primaryimage\",\"url\":\"https:\\\/\\\/www.retaildetail.be\\\/wp-content\\\/uploads\\\/2026\\\/03\\\/winners-all-Aangepast-1-1.jpg\",\"contentUrl\":\"https:\\\/\\\/www.retaildetail.be\\\/wp-content\\\/uploads\\\/2026\\\/03\\\/winners-all-Aangepast-1-1.jpg\",\"width\":960,\"height\":640,\"caption\":\"Tavola\"},{\"@type\":\"BreadcrumbList\",\"@id\":\"https:\\\/\\\/www.retaildetail.be\\\/fr\\\/news\\\/food\\\/voici-les-laureats-du-tavola-dor-2026-dup-trans\\\/#breadcrumb\",\"itemListElement\":[{\"@type\":\"ListItem\",\"position\":1,\"name\":\"Home\",\"item\":\"https:\\\/\\\/www.retaildetail.be\\\/fr\\\/\"},{\"@type\":\"ListItem\",\"position\":2,\"name\":\"Voici les laur\u00e9ats du Tavola d&#8217;Or 2026\"}]},{\"@type\":\"WebSite\",\"@id\":\"https:\\\/\\\/www.retaildetail.be\\\/nl\\\/#website\",\"url\":\"https:\\\/\\\/www.retaildetail.be\\\/nl\\\/\",\"name\":\"RetailDetail BE\",\"description\":\"News\",\"publisher\":{\"@id\":\"https:\\\/\\\/www.retaildetail.be\\\/nl\\\/#organization\"},\"potentialAction\":[{\"@type\":\"SearchAction\",\"target\":{\"@type\":\"EntryPoint\",\"urlTemplate\":\"https:\\\/\\\/www.retaildetail.be\\\/nl\\\/?s={search_term_string}\"},\"query-input\":{\"@type\":\"PropertyValueSpecification\",\"valueRequired\":true,\"valueName\":\"search_term_string\"}}],\"inLanguage\":\"fr-FR\"},{\"@type\":\"Organization\",\"@id\":\"https:\\\/\\\/www.retaildetail.be\\\/nl\\\/#organization\",\"name\":\"RetailDetail BE\",\"url\":\"https:\\\/\\\/www.retaildetail.be\\\/nl\\\/\",\"logo\":{\"@type\":\"ImageObject\",\"inLanguage\":\"fr-FR\",\"@id\":\"https:\\\/\\\/www.retaildetail.be\\\/nl\\\/#\\\/schema\\\/logo\\\/image\\\/\",\"url\":\"https:\\\/\\\/www.retaildetail.be\\\/wp-content\\\/uploads\\\/2022\\\/04\\\/logo.svg\",\"contentUrl\":\"https:\\\/\\\/www.retaildetail.be\\\/wp-content\\\/uploads\\\/2022\\\/04\\\/logo.svg\",\"width\":131,\"height\":70,\"caption\":\"RetailDetail BE\"},\"image\":{\"@id\":\"https:\\\/\\\/www.retaildetail.be\\\/nl\\\/#\\\/schema\\\/logo\\\/image\\\/\"}},{\"@type\":\"Person\",\"@id\":\"https:\\\/\\\/www.retaildetail.be\\\/nl\\\/#\\\/schema\\\/person\\\/51aec6069c4416aa2f68b2e4ff3455df\",\"name\":\"Stefan Van Rompaey\",\"image\":{\"@type\":\"ImageObject\",\"inLanguage\":\"fr-FR\",\"@id\":\"https:\\\/\\\/secure.gravatar.com\\\/avatar\\\/fbbb4a80a0f109888b2a5ab8ae255617499ecde533749b3ab2fa6c23b5d65dac?s=96&d=mm&r=g\",\"url\":\"https:\\\/\\\/secure.gravatar.com\\\/avatar\\\/fbbb4a80a0f109888b2a5ab8ae255617499ecde533749b3ab2fa6c23b5d65dac?s=96&d=mm&r=g\",\"contentUrl\":\"https:\\\/\\\/secure.gravatar.com\\\/avatar\\\/fbbb4a80a0f109888b2a5ab8ae255617499ecde533749b3ab2fa6c23b5d65dac?s=96&d=mm&r=g\",\"caption\":\"Stefan Van Rompaey\"},\"url\":\"https:\\\/\\\/www.retaildetail.be\\\/fr\\\/author\\\/stefanvanrompaey\\\/\"}]}<\/script>\n<!-- \/ Yoast SEO plugin. -->","yoast_head_json":{"title":"Voici les laur\u00e9ats du Tavola d'Or 2026 - RetailDetail BE","description":"Des desserts \u00e0 base de lait de bufflonne, une vinaigrette au s\u00e9same, une liqueur artisanale et une nouvelle g\u00e9n\u00e9ration de boissons fonctionnelles sont les laur\u00e9ats du concours Tavola d'Or.","robots":{"index":"index","follow":"follow","max-snippet":"max-snippet:-1","max-image-preview":"max-image-preview:large","max-video-preview":"max-video-preview:-1"},"canonical":"https:\/\/www.retaildetail.be\/fr\/news\/food\/voici-les-laureats-du-tavola-dor-2026-dup-trans\/","og_locale":"fr_FR","og_type":"article","og_title":"Voici les laur\u00e9ats du Tavola d'Or 2026 - RetailDetail BE","og_description":"Des desserts \u00e0 base de lait de bufflonne, une vinaigrette au s\u00e9same, une liqueur artisanale et une nouvelle g\u00e9n\u00e9ration de boissons fonctionnelles sont les laur\u00e9ats du concours Tavola d'Or.","og_url":"https:\/\/www.retaildetail.be\/fr\/news\/food\/voici-les-laureats-du-tavola-dor-2026-dup-trans\/","og_site_name":"RetailDetail BE","article_published_time":"2026-03-04T10:48:45+00:00","article_modified_time":"2026-03-04T10:51:54+00:00","og_image":[{"width":960,"height":640,"url":"https:\/\/www.retaildetail.be\/wp-content\/uploads\/2026\/03\/winners-all-Aangepast-1-1.jpg","type":"image\/jpeg"}],"author":"Stefan Van Rompaey","twitter_card":"summary_large_image","twitter_misc":{"\u00c9crit par":"Stefan Van Rompaey","Dur\u00e9e de lecture estim\u00e9e":"3 minutes"},"schema":{"@context":"https:\/\/schema.org","@graph":[{"@type":"NewsArticle","@id":"https:\/\/www.retaildetail.be\/fr\/news\/food\/voici-les-laureats-du-tavola-dor-2026-dup-trans\/#article","isPartOf":{"@id":"https:\/\/www.retaildetail.be\/fr\/news\/food\/voici-les-laureats-du-tavola-dor-2026-dup-trans\/"},"author":{"name":"Stefan Van Rompaey","@id":"https:\/\/www.retaildetail.be\/nl\/#\/schema\/person\/51aec6069c4416aa2f68b2e4ff3455df"},"headline":"Voici les laur\u00e9ats du Tavola d&rsquo;Or 2026","datePublished":"2026-03-04T10:48:45+00:00","dateModified":"2026-03-04T10:51:54+00:00","mainEntityOfPage":{"@id":"https:\/\/www.retaildetail.be\/fr\/news\/food\/voici-les-laureats-du-tavola-dor-2026-dup-trans\/"},"wordCount":583,"publisher":{"@id":"https:\/\/www.retaildetail.be\/nl\/#organization"},"image":{"@id":"https:\/\/www.retaildetail.be\/fr\/news\/food\/voici-les-laureats-du-tavola-dor-2026-dup-trans\/#primaryimage"},"thumbnailUrl":"https:\/\/www.retaildetail.be\/wp-content\/uploads\/2026\/03\/winners-all-Aangepast-1-1.jpg","articleSection":["Food","Food"],"inLanguage":"fr-FR","copyrightYear":"2026","copyrightHolder":{"@id":"https:\/\/www.retaildetail.be\/#organization"}},{"@type":"WebPage","@id":"https:\/\/www.retaildetail.be\/fr\/news\/food\/voici-les-laureats-du-tavola-dor-2026-dup-trans\/","url":"https:\/\/www.retaildetail.be\/fr\/news\/food\/voici-les-laureats-du-tavola-dor-2026-dup-trans\/","name":"Voici les laur\u00e9ats du Tavola d'Or 2026 - RetailDetail BE","isPartOf":{"@id":"https:\/\/www.retaildetail.be\/nl\/#website"},"primaryImageOfPage":{"@id":"https:\/\/www.retaildetail.be\/fr\/news\/food\/voici-les-laureats-du-tavola-dor-2026-dup-trans\/#primaryimage"},"image":{"@id":"https:\/\/www.retaildetail.be\/fr\/news\/food\/voici-les-laureats-du-tavola-dor-2026-dup-trans\/#primaryimage"},"thumbnailUrl":"https:\/\/www.retaildetail.be\/wp-content\/uploads\/2026\/03\/winners-all-Aangepast-1-1.jpg","datePublished":"2026-03-04T10:48:45+00:00","dateModified":"2026-03-04T10:51:54+00:00","description":"Des desserts \u00e0 base de lait de bufflonne, une vinaigrette au s\u00e9same, une liqueur artisanale et une nouvelle g\u00e9n\u00e9ration de boissons fonctionnelles sont les laur\u00e9ats du concours Tavola d'Or.","breadcrumb":{"@id":"https:\/\/www.retaildetail.be\/fr\/news\/food\/voici-les-laureats-du-tavola-dor-2026-dup-trans\/#breadcrumb"},"inLanguage":"fr-FR","potentialAction":[{"@type":"ReadAction","target":["https:\/\/www.retaildetail.be\/fr\/news\/food\/voici-les-laureats-du-tavola-dor-2026-dup-trans\/"]}]},{"@type":"ImageObject","inLanguage":"fr-FR","@id":"https:\/\/www.retaildetail.be\/fr\/news\/food\/voici-les-laureats-du-tavola-dor-2026-dup-trans\/#primaryimage","url":"https:\/\/www.retaildetail.be\/wp-content\/uploads\/2026\/03\/winners-all-Aangepast-1-1.jpg","contentUrl":"https:\/\/www.retaildetail.be\/wp-content\/uploads\/2026\/03\/winners-all-Aangepast-1-1.jpg","width":960,"height":640,"caption":"Tavola"},{"@type":"BreadcrumbList","@id":"https:\/\/www.retaildetail.be\/fr\/news\/food\/voici-les-laureats-du-tavola-dor-2026-dup-trans\/#breadcrumb","itemListElement":[{"@type":"ListItem","position":1,"name":"Home","item":"https:\/\/www.retaildetail.be\/fr\/"},{"@type":"ListItem","position":2,"name":"Voici les laur\u00e9ats du Tavola d&#8217;Or 2026"}]},{"@type":"WebSite","@id":"https:\/\/www.retaildetail.be\/nl\/#website","url":"https:\/\/www.retaildetail.be\/nl\/","name":"RetailDetail BE","description":"News","publisher":{"@id":"https:\/\/www.retaildetail.be\/nl\/#organization"},"potentialAction":[{"@type":"SearchAction","target":{"@type":"EntryPoint","urlTemplate":"https:\/\/www.retaildetail.be\/nl\/?s={search_term_string}"},"query-input":{"@type":"PropertyValueSpecification","valueRequired":true,"valueName":"search_term_string"}}],"inLanguage":"fr-FR"},{"@type":"Organization","@id":"https:\/\/www.retaildetail.be\/nl\/#organization","name":"RetailDetail BE","url":"https:\/\/www.retaildetail.be\/nl\/","logo":{"@type":"ImageObject","inLanguage":"fr-FR","@id":"https:\/\/www.retaildetail.be\/nl\/#\/schema\/logo\/image\/","url":"https:\/\/www.retaildetail.be\/wp-content\/uploads\/2022\/04\/logo.svg","contentUrl":"https:\/\/www.retaildetail.be\/wp-content\/uploads\/2022\/04\/logo.svg","width":131,"height":70,"caption":"RetailDetail BE"},"image":{"@id":"https:\/\/www.retaildetail.be\/nl\/#\/schema\/logo\/image\/"}},{"@type":"Person","@id":"https:\/\/www.retaildetail.be\/nl\/#\/schema\/person\/51aec6069c4416aa2f68b2e4ff3455df","name":"Stefan Van Rompaey","image":{"@type":"ImageObject","inLanguage":"fr-FR","@id":"https:\/\/secure.gravatar.com\/avatar\/fbbb4a80a0f109888b2a5ab8ae255617499ecde533749b3ab2fa6c23b5d65dac?s=96&d=mm&r=g","url":"https:\/\/secure.gravatar.com\/avatar\/fbbb4a80a0f109888b2a5ab8ae255617499ecde533749b3ab2fa6c23b5d65dac?s=96&d=mm&r=g","contentUrl":"https:\/\/secure.gravatar.com\/avatar\/fbbb4a80a0f109888b2a5ab8ae255617499ecde533749b3ab2fa6c23b5d65dac?s=96&d=mm&r=g","caption":"Stefan Van Rompaey"},"url":"https:\/\/www.retaildetail.be\/fr\/author\/stefanvanrompaey\/"}]}},"jetpack_featured_media_url":"https:\/\/www.retaildetail.be\/wp-content\/uploads\/2026\/03\/winners-all-Aangepast-1-1.jpg","jetpack_sharing_enabled":true,"_links":{"self":[{"href":"https:\/\/www.retaildetail.be\/fr\/wp-json\/wp\/v2\/posts\/143280","targetHints":{"allow":["GET"]}}],"collection":[{"href":"https:\/\/www.retaildetail.be\/fr\/wp-json\/wp\/v2\/posts"}],"about":[{"href":"https:\/\/www.retaildetail.be\/fr\/wp-json\/wp\/v2\/types\/post"}],"author":[{"embeddable":true,"href":"https:\/\/www.retaildetail.be\/fr\/wp-json\/wp\/v2\/users\/3"}],"replies":[{"embeddable":true,"href":"https:\/\/www.retaildetail.be\/fr\/wp-json\/wp\/v2\/comments?post=143280"}],"version-history":[{"count":2,"href":"https:\/\/www.retaildetail.be\/fr\/wp-json\/wp\/v2\/posts\/143280\/revisions"}],"predecessor-version":[{"id":143285,"href":"https:\/\/www.retaildetail.be\/fr\/wp-json\/wp\/v2\/posts\/143280\/revisions\/143285"}],"wp:featuredmedia":[{"embeddable":true,"href":"https:\/\/www.retaildetail.be\/fr\/wp-json\/wp\/v2\/media\/143281"}],"wp:attachment":[{"href":"https:\/\/www.retaildetail.be\/fr\/wp-json\/wp\/v2\/media?parent=143280"}],"wp:term":[{"taxonomy":"category","embeddable":true,"href":"https:\/\/www.retaildetail.be\/fr\/wp-json\/wp\/v2\/categories?post=143280"},{"taxonomy":"post_tag","embeddable":true,"href":"https:\/\/www.retaildetail.be\/fr\/wp-json\/wp\/v2\/tags?post=143280"},{"taxonomy":"people","embeddable":true,"href":"https:\/\/www.retaildetail.be\/fr\/wp-json\/wp\/v2\/people?post=143280"},{"taxonomy":"extra","embeddable":true,"href":"https:\/\/www.retaildetail.be\/fr\/wp-json\/wp\/v2\/extra?post=143280"},{"taxonomy":"company","embeddable":true,"href":"https:\/\/www.retaildetail.be\/fr\/wp-json\/wp\/v2\/company?post=143280"},{"taxonomy":"topic","embeddable":true,"href":"https:\/\/www.retaildetail.be\/fr\/wp-json\/wp\/v2\/topic?post=143280"},{"taxonomy":"region","embeddable":true,"href":"https:\/\/www.retaildetail.be\/fr\/wp-json\/wp\/v2\/region?post=143280"}],"curies":[{"name":"wp","href":"https:\/\/api.w.org\/{rel}","templated":true}]}}