{"id":143329,"date":"2026-03-04T17:01:53","date_gmt":"2026-03-04T16:01:53","guid":{"rendered":"https:\/\/www.retaildetail.be\/?p=143329"},"modified":"2026-03-04T17:01:54","modified_gmt":"2026-03-04T16:01:54","slug":"tedi-nomme-un-nouveau-directeur-et-vise-25-magasins-supplementaires-en-belgique","status":"publish","type":"post","link":"https:\/\/www.retaildetail.be\/fr\/news\/general\/tedi-nomme-un-nouveau-directeur-et-vise-25-magasins-supplementaires-en-belgique\/","title":{"rendered":"TEDi nomme un nouveau directeur et vise 25 magasins suppl\u00e9mentaires en Belgique"},"content":{"rendered":"\n<p>Le discounter allemand <strong>Tedi <\/strong>nomme un nouveau directeur g\u00e9n\u00e9ral pour ses activit\u00e9s belges. David Philipoom, ancien directeur g\u00e9n\u00e9ral du discounter textile <strong>Kik<\/strong> aux Pays-Bas, sera charg\u00e9 d&rsquo;ouvrir 25 nouveaux magasins.<\/p>\n\n\n\n<h2 class=\"wp-block-heading\">Objectif : 25 nouveaux magasins<\/h2>\n\n\n\n<p>David Philipoom devient directeur g\u00e9n\u00e9ral de Tedi Belgique, rapporte Lebensmittel Zeitung. Ce manager a notamment travaill\u00e9 chez <strong>Esprit <\/strong>et <strong>Peek &amp; Cloppenburg<\/strong>. En 2018, il a rejoint Kik, o\u00f9 il est rest\u00e9 environ sept ans. Dans le cadre de ses derni\u00e8res fonctions, il dirigeait les activit\u00e9s n\u00e9erlandaises de Kik en tant que directeur g\u00e9n\u00e9ral.<\/p>\n\n\n\n<p>Chez Tedi, une mission claire l&rsquo;attend : le discounter <a href=\"https:\/\/www.lebensmittelzeitung.net\/handel\/personalien\/nonfood-discounter-ex-kik-manager-rueckt-bei-tedi-belgien-an-die-spitze-189747\">souhaite se d\u00e9velopper fortement en Belgique dans les ann\u00e9es \u00e0 venir<\/a>. Pour l&rsquo;exercice 2025\/2026, qui d\u00e9butera le 1er mai, le d\u00e9taillant pr\u00e9voit une nouvelle phase de croissance. L&rsquo;entreprise souhaite ouvrir 25 nouveaux magasins, ce qui devrait cr\u00e9er environ 200 emplois suppl\u00e9mentaires. <\/p>\n\n\n\n<h2 class=\"wp-block-heading\">Liens historiques<\/h2>\n\n\n\n<p>Tedi a ouvert ses premiers magasins belges en 2023, mais compte d\u00e9sormais une quarantaine d&rsquo;\u00e9tablissements dans le pays. Apr\u00e8s une p\u00e9riode de formation, Philipoom, 56 ans, devra superviser l&rsquo;expansion et renforcer la position de la cha\u00eene sur le march\u00e9 belge.<\/p>\n\n\n\n<p>Outre le fait qu&rsquo;il s&rsquo;agit de deux discounters non alimentaires allemands, Kik et Tedi ont d&rsquo;autres liens : pendant des ann\u00e9es, les deux cha\u00eenes ont partag\u00e9 les m\u00eames investisseurs, notamment le groupe <strong>Tengelmann<\/strong> et la famille d&rsquo;entrepreneurs <strong>Heinig<\/strong>. Ce n&rsquo;est qu&rsquo;\u00e0 la fin de l&rsquo;ann\u00e9e 2020 que leurs chemins se sont s\u00e9par\u00e9s : depuis lors, Kik appartient enti\u00e8rement au groupe Tengelmann, tandis que Tedi est d\u00e9tenue par la famille Heinig.<\/p>\n","protected":false},"excerpt":{"rendered":"<p>Le discounter allemand non alimentaire Tedi nomme un nouveau directeur g\u00e9n\u00e9ral pour ses activit\u00e9s belges. David Philipoom, ancien directeur g\u00e9n\u00e9ral n\u00e9erlandais du discounter textile Kik, sera charg\u00e9 d&rsquo;ouvrir 25 nouveaux magasins.<\/p>\n","protected":false},"author":5,"featured_media":143330,"comment_status":"closed","ping_status":"closed","sticky":false,"template":"","format":"standard","meta":{"_acf_changed":false,"inline_featured_image":false,"_jetpack_memberships_contains_paid_content":false,"footnotes":""},"categories":[15,25],"tags":[],"people":[],"extra":[43],"company":[1803,1153],"topic":[609,276],"region":[226],"class_list":["post-143329","post","type-post","status-publish","format-standard","has-post-thumbnail","hentry","category-algemeen","category-general","extra-plus","company-kik","company-tedi","topic-changement-de-direction","topic-expansion","region-belgique"],"acf":[],"yoast_head":"<!-- This site is optimized with the Yoast SEO plugin v27.3 - https:\/\/yoast.com\/product\/yoast-seo-wordpress\/ -->\n<title>TEDi nomme un nouveau directeur et vise 25 magasins suppl\u00e9mentaires en Belgique - RetailDetail BE<\/title>\n<meta name=\"description\" content=\"Tedi nomme un nouveau directeur g\u00e9n\u00e9ral pour ses activit\u00e9s belges. David Philipoom, ancien directeur de Kik aux Pays-Bas, sera charg\u00e9 d&#039;ouvrir 25 nouveaux magasins.\" \/>\n<meta name=\"robots\" content=\"index, follow, max-snippet:-1, max-image-preview:large, max-video-preview:-1\" \/>\n<link rel=\"canonical\" href=\"https:\/\/www.retaildetail.be\/fr\/news\/general\/tedi-nomme-un-nouveau-directeur-et-vise-25-magasins-supplementaires-en-belgique\/\" \/>\n<meta property=\"og:locale\" content=\"fr_FR\" \/>\n<meta property=\"og:type\" content=\"article\" \/>\n<meta property=\"og:title\" content=\"TEDi nomme un nouveau directeur et vise 25 magasins suppl\u00e9mentaires en Belgique - RetailDetail BE\" \/>\n<meta property=\"og:description\" content=\"Tedi nomme un nouveau directeur g\u00e9n\u00e9ral pour ses activit\u00e9s belges. David Philipoom, ancien directeur de Kik aux Pays-Bas, sera charg\u00e9 d&#039;ouvrir 25 nouveaux magasins.\" \/>\n<meta property=\"og:url\" content=\"https:\/\/www.retaildetail.be\/fr\/news\/general\/tedi-nomme-un-nouveau-directeur-et-vise-25-magasins-supplementaires-en-belgique\/\" \/>\n<meta property=\"og:site_name\" content=\"RetailDetail BE\" \/>\n<meta property=\"article:published_time\" content=\"2026-03-04T16:01:53+00:00\" \/>\n<meta property=\"article:modified_time\" content=\"2026-03-04T16:01:54+00:00\" \/>\n<meta property=\"og:image\" content=\"https:\/\/www.retaildetail.be\/wp-content\/uploads\/2026\/03\/shutterstock_2317476571.jpg\" \/>\n\t<meta property=\"og:image:width\" content=\"1000\" \/>\n\t<meta property=\"og:image:height\" content=\"667\" \/>\n\t<meta property=\"og:image:type\" content=\"image\/jpeg\" \/>\n<meta name=\"author\" content=\"Pauline Neerman\" \/>\n<meta name=\"twitter:card\" content=\"summary_large_image\" \/>\n<meta name=\"twitter:label1\" content=\"\u00c9crit par\" \/>\n\t<meta name=\"twitter:data1\" content=\"Pauline Neerman\" \/>\n\t<meta name=\"twitter:label2\" content=\"Dur\u00e9e de lecture estim\u00e9e\" \/>\n\t<meta name=\"twitter:data2\" content=\"1 minute\" \/>\n<script type=\"application\/ld+json\" class=\"yoast-schema-graph\">{\"@context\":\"https:\\\/\\\/schema.org\",\"@graph\":[{\"@type\":\"NewsArticle\",\"@id\":\"https:\\\/\\\/www.retaildetail.be\\\/fr\\\/news\\\/general\\\/tedi-nomme-un-nouveau-directeur-et-vise-25-magasins-supplementaires-en-belgique\\\/#article\",\"isPartOf\":{\"@id\":\"https:\\\/\\\/www.retaildetail.be\\\/fr\\\/news\\\/general\\\/tedi-nomme-un-nouveau-directeur-et-vise-25-magasins-supplementaires-en-belgique\\\/\"},\"author\":{\"name\":\"Pauline Neerman\",\"@id\":\"https:\\\/\\\/www.retaildetail.be\\\/nl\\\/#\\\/schema\\\/person\\\/66b54803fa10759039079458ea89e307\"},\"headline\":\"TEDi nomme un nouveau directeur et vise 25 magasins suppl\u00e9mentaires en Belgique\",\"datePublished\":\"2026-03-04T16:01:53+00:00\",\"dateModified\":\"2026-03-04T16:01:54+00:00\",\"mainEntityOfPage\":{\"@id\":\"https:\\\/\\\/www.retaildetail.be\\\/fr\\\/news\\\/general\\\/tedi-nomme-un-nouveau-directeur-et-vise-25-magasins-supplementaires-en-belgique\\\/\"},\"wordCount\":292,\"publisher\":{\"@id\":\"https:\\\/\\\/www.retaildetail.be\\\/nl\\\/#organization\"},\"image\":{\"@id\":\"https:\\\/\\\/www.retaildetail.be\\\/fr\\\/news\\\/general\\\/tedi-nomme-un-nouveau-directeur-et-vise-25-magasins-supplementaires-en-belgique\\\/#primaryimage\"},\"thumbnailUrl\":\"https:\\\/\\\/www.retaildetail.be\\\/wp-content\\\/uploads\\\/2026\\\/03\\\/shutterstock_2317476571.jpg\",\"articleSection\":[\"Algemeen\",\"G\u00e9n\u00e9ral\"],\"inLanguage\":\"fr-FR\",\"copyrightYear\":\"2026\",\"copyrightHolder\":{\"@id\":\"https:\\\/\\\/www.retaildetail.be\\\/#organization\"}},{\"@type\":\"WebPage\",\"@id\":\"https:\\\/\\\/www.retaildetail.be\\\/fr\\\/news\\\/general\\\/tedi-nomme-un-nouveau-directeur-et-vise-25-magasins-supplementaires-en-belgique\\\/\",\"url\":\"https:\\\/\\\/www.retaildetail.be\\\/fr\\\/news\\\/general\\\/tedi-nomme-un-nouveau-directeur-et-vise-25-magasins-supplementaires-en-belgique\\\/\",\"name\":\"TEDi nomme un nouveau directeur et vise 25 magasins suppl\u00e9mentaires en Belgique - RetailDetail BE\",\"isPartOf\":{\"@id\":\"https:\\\/\\\/www.retaildetail.be\\\/nl\\\/#website\"},\"primaryImageOfPage\":{\"@id\":\"https:\\\/\\\/www.retaildetail.be\\\/fr\\\/news\\\/general\\\/tedi-nomme-un-nouveau-directeur-et-vise-25-magasins-supplementaires-en-belgique\\\/#primaryimage\"},\"image\":{\"@id\":\"https:\\\/\\\/www.retaildetail.be\\\/fr\\\/news\\\/general\\\/tedi-nomme-un-nouveau-directeur-et-vise-25-magasins-supplementaires-en-belgique\\\/#primaryimage\"},\"thumbnailUrl\":\"https:\\\/\\\/www.retaildetail.be\\\/wp-content\\\/uploads\\\/2026\\\/03\\\/shutterstock_2317476571.jpg\",\"datePublished\":\"2026-03-04T16:01:53+00:00\",\"dateModified\":\"2026-03-04T16:01:54+00:00\",\"description\":\"Tedi nomme un nouveau directeur g\u00e9n\u00e9ral pour ses activit\u00e9s belges. David Philipoom, ancien directeur de Kik aux Pays-Bas, sera charg\u00e9 d'ouvrir 25 nouveaux magasins.\",\"breadcrumb\":{\"@id\":\"https:\\\/\\\/www.retaildetail.be\\\/fr\\\/news\\\/general\\\/tedi-nomme-un-nouveau-directeur-et-vise-25-magasins-supplementaires-en-belgique\\\/#breadcrumb\"},\"inLanguage\":\"fr-FR\",\"potentialAction\":[{\"@type\":\"ReadAction\",\"target\":[\"https:\\\/\\\/www.retaildetail.be\\\/fr\\\/news\\\/general\\\/tedi-nomme-un-nouveau-directeur-et-vise-25-magasins-supplementaires-en-belgique\\\/\"]}]},{\"@type\":\"ImageObject\",\"inLanguage\":\"fr-FR\",\"@id\":\"https:\\\/\\\/www.retaildetail.be\\\/fr\\\/news\\\/general\\\/tedi-nomme-un-nouveau-directeur-et-vise-25-magasins-supplementaires-en-belgique\\\/#primaryimage\",\"url\":\"https:\\\/\\\/www.retaildetail.be\\\/wp-content\\\/uploads\\\/2026\\\/03\\\/shutterstock_2317476571.jpg\",\"contentUrl\":\"https:\\\/\\\/www.retaildetail.be\\\/wp-content\\\/uploads\\\/2026\\\/03\\\/shutterstock_2317476571.jpg\",\"width\":1000,\"height\":667,\"caption\":\"Shutterstock.com\"},{\"@type\":\"BreadcrumbList\",\"@id\":\"https:\\\/\\\/www.retaildetail.be\\\/fr\\\/news\\\/general\\\/tedi-nomme-un-nouveau-directeur-et-vise-25-magasins-supplementaires-en-belgique\\\/#breadcrumb\",\"itemListElement\":[{\"@type\":\"ListItem\",\"position\":1,\"name\":\"Home\",\"item\":\"https:\\\/\\\/www.retaildetail.be\\\/fr\\\/\"},{\"@type\":\"ListItem\",\"position\":2,\"name\":\"TEDi nomme un nouveau directeur et vise 25 magasins suppl\u00e9mentaires en Belgique\"}]},{\"@type\":\"WebSite\",\"@id\":\"https:\\\/\\\/www.retaildetail.be\\\/nl\\\/#website\",\"url\":\"https:\\\/\\\/www.retaildetail.be\\\/nl\\\/\",\"name\":\"RetailDetail BE\",\"description\":\"News\",\"publisher\":{\"@id\":\"https:\\\/\\\/www.retaildetail.be\\\/nl\\\/#organization\"},\"potentialAction\":[{\"@type\":\"SearchAction\",\"target\":{\"@type\":\"EntryPoint\",\"urlTemplate\":\"https:\\\/\\\/www.retaildetail.be\\\/nl\\\/?s={search_term_string}\"},\"query-input\":{\"@type\":\"PropertyValueSpecification\",\"valueRequired\":true,\"valueName\":\"search_term_string\"}}],\"inLanguage\":\"fr-FR\"},{\"@type\":\"Organization\",\"@id\":\"https:\\\/\\\/www.retaildetail.be\\\/nl\\\/#organization\",\"name\":\"RetailDetail BE\",\"url\":\"https:\\\/\\\/www.retaildetail.be\\\/nl\\\/\",\"logo\":{\"@type\":\"ImageObject\",\"inLanguage\":\"fr-FR\",\"@id\":\"https:\\\/\\\/www.retaildetail.be\\\/nl\\\/#\\\/schema\\\/logo\\\/image\\\/\",\"url\":\"https:\\\/\\\/www.retaildetail.be\\\/wp-content\\\/uploads\\\/2022\\\/04\\\/logo.svg\",\"contentUrl\":\"https:\\\/\\\/www.retaildetail.be\\\/wp-content\\\/uploads\\\/2022\\\/04\\\/logo.svg\",\"width\":131,\"height\":70,\"caption\":\"RetailDetail BE\"},\"image\":{\"@id\":\"https:\\\/\\\/www.retaildetail.be\\\/nl\\\/#\\\/schema\\\/logo\\\/image\\\/\"}},{\"@type\":\"Person\",\"@id\":\"https:\\\/\\\/www.retaildetail.be\\\/nl\\\/#\\\/schema\\\/person\\\/66b54803fa10759039079458ea89e307\",\"name\":\"Pauline Neerman\",\"image\":{\"@type\":\"ImageObject\",\"inLanguage\":\"fr-FR\",\"@id\":\"https:\\\/\\\/secure.gravatar.com\\\/avatar\\\/58db22aee589a691f9603e5765ac06010427a923f9b2728b951eb7fe27214d70?s=96&d=mm&r=g\",\"url\":\"https:\\\/\\\/secure.gravatar.com\\\/avatar\\\/58db22aee589a691f9603e5765ac06010427a923f9b2728b951eb7fe27214d70?s=96&d=mm&r=g\",\"contentUrl\":\"https:\\\/\\\/secure.gravatar.com\\\/avatar\\\/58db22aee589a691f9603e5765ac06010427a923f9b2728b951eb7fe27214d70?s=96&d=mm&r=g\",\"caption\":\"Pauline Neerman\"},\"url\":\"https:\\\/\\\/www.retaildetail.be\\\/fr\\\/author\\\/paulineneerman\\\/\"}]}<\/script>\n<!-- \/ Yoast SEO plugin. -->","yoast_head_json":{"title":"TEDi nomme un nouveau directeur et vise 25 magasins suppl\u00e9mentaires en Belgique - RetailDetail BE","description":"Tedi nomme un nouveau directeur g\u00e9n\u00e9ral pour ses activit\u00e9s belges. David Philipoom, ancien directeur de Kik aux Pays-Bas, sera charg\u00e9 d'ouvrir 25 nouveaux magasins.","robots":{"index":"index","follow":"follow","max-snippet":"max-snippet:-1","max-image-preview":"max-image-preview:large","max-video-preview":"max-video-preview:-1"},"canonical":"https:\/\/www.retaildetail.be\/fr\/news\/general\/tedi-nomme-un-nouveau-directeur-et-vise-25-magasins-supplementaires-en-belgique\/","og_locale":"fr_FR","og_type":"article","og_title":"TEDi nomme un nouveau directeur et vise 25 magasins suppl\u00e9mentaires en Belgique - RetailDetail BE","og_description":"Tedi nomme un nouveau directeur g\u00e9n\u00e9ral pour ses activit\u00e9s belges. David Philipoom, ancien directeur de Kik aux Pays-Bas, sera charg\u00e9 d'ouvrir 25 nouveaux magasins.","og_url":"https:\/\/www.retaildetail.be\/fr\/news\/general\/tedi-nomme-un-nouveau-directeur-et-vise-25-magasins-supplementaires-en-belgique\/","og_site_name":"RetailDetail BE","article_published_time":"2026-03-04T16:01:53+00:00","article_modified_time":"2026-03-04T16:01:54+00:00","og_image":[{"width":1000,"height":667,"url":"https:\/\/www.retaildetail.be\/wp-content\/uploads\/2026\/03\/shutterstock_2317476571.jpg","type":"image\/jpeg"}],"author":"Pauline Neerman","twitter_card":"summary_large_image","twitter_misc":{"\u00c9crit par":"Pauline Neerman","Dur\u00e9e de lecture estim\u00e9e":"1 minute"},"schema":{"@context":"https:\/\/schema.org","@graph":[{"@type":"NewsArticle","@id":"https:\/\/www.retaildetail.be\/fr\/news\/general\/tedi-nomme-un-nouveau-directeur-et-vise-25-magasins-supplementaires-en-belgique\/#article","isPartOf":{"@id":"https:\/\/www.retaildetail.be\/fr\/news\/general\/tedi-nomme-un-nouveau-directeur-et-vise-25-magasins-supplementaires-en-belgique\/"},"author":{"name":"Pauline Neerman","@id":"https:\/\/www.retaildetail.be\/nl\/#\/schema\/person\/66b54803fa10759039079458ea89e307"},"headline":"TEDi nomme un nouveau directeur et vise 25 magasins suppl\u00e9mentaires en Belgique","datePublished":"2026-03-04T16:01:53+00:00","dateModified":"2026-03-04T16:01:54+00:00","mainEntityOfPage":{"@id":"https:\/\/www.retaildetail.be\/fr\/news\/general\/tedi-nomme-un-nouveau-directeur-et-vise-25-magasins-supplementaires-en-belgique\/"},"wordCount":292,"publisher":{"@id":"https:\/\/www.retaildetail.be\/nl\/#organization"},"image":{"@id":"https:\/\/www.retaildetail.be\/fr\/news\/general\/tedi-nomme-un-nouveau-directeur-et-vise-25-magasins-supplementaires-en-belgique\/#primaryimage"},"thumbnailUrl":"https:\/\/www.retaildetail.be\/wp-content\/uploads\/2026\/03\/shutterstock_2317476571.jpg","articleSection":["Algemeen","G\u00e9n\u00e9ral"],"inLanguage":"fr-FR","copyrightYear":"2026","copyrightHolder":{"@id":"https:\/\/www.retaildetail.be\/#organization"}},{"@type":"WebPage","@id":"https:\/\/www.retaildetail.be\/fr\/news\/general\/tedi-nomme-un-nouveau-directeur-et-vise-25-magasins-supplementaires-en-belgique\/","url":"https:\/\/www.retaildetail.be\/fr\/news\/general\/tedi-nomme-un-nouveau-directeur-et-vise-25-magasins-supplementaires-en-belgique\/","name":"TEDi nomme un nouveau directeur et vise 25 magasins suppl\u00e9mentaires en Belgique - RetailDetail BE","isPartOf":{"@id":"https:\/\/www.retaildetail.be\/nl\/#website"},"primaryImageOfPage":{"@id":"https:\/\/www.retaildetail.be\/fr\/news\/general\/tedi-nomme-un-nouveau-directeur-et-vise-25-magasins-supplementaires-en-belgique\/#primaryimage"},"image":{"@id":"https:\/\/www.retaildetail.be\/fr\/news\/general\/tedi-nomme-un-nouveau-directeur-et-vise-25-magasins-supplementaires-en-belgique\/#primaryimage"},"thumbnailUrl":"https:\/\/www.retaildetail.be\/wp-content\/uploads\/2026\/03\/shutterstock_2317476571.jpg","datePublished":"2026-03-04T16:01:53+00:00","dateModified":"2026-03-04T16:01:54+00:00","description":"Tedi nomme un nouveau directeur g\u00e9n\u00e9ral pour ses activit\u00e9s belges. David Philipoom, ancien directeur de Kik aux Pays-Bas, sera charg\u00e9 d'ouvrir 25 nouveaux magasins.","breadcrumb":{"@id":"https:\/\/www.retaildetail.be\/fr\/news\/general\/tedi-nomme-un-nouveau-directeur-et-vise-25-magasins-supplementaires-en-belgique\/#breadcrumb"},"inLanguage":"fr-FR","potentialAction":[{"@type":"ReadAction","target":["https:\/\/www.retaildetail.be\/fr\/news\/general\/tedi-nomme-un-nouveau-directeur-et-vise-25-magasins-supplementaires-en-belgique\/"]}]},{"@type":"ImageObject","inLanguage":"fr-FR","@id":"https:\/\/www.retaildetail.be\/fr\/news\/general\/tedi-nomme-un-nouveau-directeur-et-vise-25-magasins-supplementaires-en-belgique\/#primaryimage","url":"https:\/\/www.retaildetail.be\/wp-content\/uploads\/2026\/03\/shutterstock_2317476571.jpg","contentUrl":"https:\/\/www.retaildetail.be\/wp-content\/uploads\/2026\/03\/shutterstock_2317476571.jpg","width":1000,"height":667,"caption":"Shutterstock.com"},{"@type":"BreadcrumbList","@id":"https:\/\/www.retaildetail.be\/fr\/news\/general\/tedi-nomme-un-nouveau-directeur-et-vise-25-magasins-supplementaires-en-belgique\/#breadcrumb","itemListElement":[{"@type":"ListItem","position":1,"name":"Home","item":"https:\/\/www.retaildetail.be\/fr\/"},{"@type":"ListItem","position":2,"name":"TEDi nomme un nouveau directeur et vise 25 magasins suppl\u00e9mentaires en Belgique"}]},{"@type":"WebSite","@id":"https:\/\/www.retaildetail.be\/nl\/#website","url":"https:\/\/www.retaildetail.be\/nl\/","name":"RetailDetail BE","description":"News","publisher":{"@id":"https:\/\/www.retaildetail.be\/nl\/#organization"},"potentialAction":[{"@type":"SearchAction","target":{"@type":"EntryPoint","urlTemplate":"https:\/\/www.retaildetail.be\/nl\/?s={search_term_string}"},"query-input":{"@type":"PropertyValueSpecification","valueRequired":true,"valueName":"search_term_string"}}],"inLanguage":"fr-FR"},{"@type":"Organization","@id":"https:\/\/www.retaildetail.be\/nl\/#organization","name":"RetailDetail BE","url":"https:\/\/www.retaildetail.be\/nl\/","logo":{"@type":"ImageObject","inLanguage":"fr-FR","@id":"https:\/\/www.retaildetail.be\/nl\/#\/schema\/logo\/image\/","url":"https:\/\/www.retaildetail.be\/wp-content\/uploads\/2022\/04\/logo.svg","contentUrl":"https:\/\/www.retaildetail.be\/wp-content\/uploads\/2022\/04\/logo.svg","width":131,"height":70,"caption":"RetailDetail BE"},"image":{"@id":"https:\/\/www.retaildetail.be\/nl\/#\/schema\/logo\/image\/"}},{"@type":"Person","@id":"https:\/\/www.retaildetail.be\/nl\/#\/schema\/person\/66b54803fa10759039079458ea89e307","name":"Pauline Neerman","image":{"@type":"ImageObject","inLanguage":"fr-FR","@id":"https:\/\/secure.gravatar.com\/avatar\/58db22aee589a691f9603e5765ac06010427a923f9b2728b951eb7fe27214d70?s=96&d=mm&r=g","url":"https:\/\/secure.gravatar.com\/avatar\/58db22aee589a691f9603e5765ac06010427a923f9b2728b951eb7fe27214d70?s=96&d=mm&r=g","contentUrl":"https:\/\/secure.gravatar.com\/avatar\/58db22aee589a691f9603e5765ac06010427a923f9b2728b951eb7fe27214d70?s=96&d=mm&r=g","caption":"Pauline Neerman"},"url":"https:\/\/www.retaildetail.be\/fr\/author\/paulineneerman\/"}]}},"jetpack_featured_media_url":"https:\/\/www.retaildetail.be\/wp-content\/uploads\/2026\/03\/shutterstock_2317476571.jpg","jetpack_sharing_enabled":true,"_links":{"self":[{"href":"https:\/\/www.retaildetail.be\/fr\/wp-json\/wp\/v2\/posts\/143329","targetHints":{"allow":["GET"]}}],"collection":[{"href":"https:\/\/www.retaildetail.be\/fr\/wp-json\/wp\/v2\/posts"}],"about":[{"href":"https:\/\/www.retaildetail.be\/fr\/wp-json\/wp\/v2\/types\/post"}],"author":[{"embeddable":true,"href":"https:\/\/www.retaildetail.be\/fr\/wp-json\/wp\/v2\/users\/5"}],"replies":[{"embeddable":true,"href":"https:\/\/www.retaildetail.be\/fr\/wp-json\/wp\/v2\/comments?post=143329"}],"version-history":[{"count":1,"href":"https:\/\/www.retaildetail.be\/fr\/wp-json\/wp\/v2\/posts\/143329\/revisions"}],"predecessor-version":[{"id":143331,"href":"https:\/\/www.retaildetail.be\/fr\/wp-json\/wp\/v2\/posts\/143329\/revisions\/143331"}],"wp:featuredmedia":[{"embeddable":true,"href":"https:\/\/www.retaildetail.be\/fr\/wp-json\/wp\/v2\/media\/143330"}],"wp:attachment":[{"href":"https:\/\/www.retaildetail.be\/fr\/wp-json\/wp\/v2\/media?parent=143329"}],"wp:term":[{"taxonomy":"category","embeddable":true,"href":"https:\/\/www.retaildetail.be\/fr\/wp-json\/wp\/v2\/categories?post=143329"},{"taxonomy":"post_tag","embeddable":true,"href":"https:\/\/www.retaildetail.be\/fr\/wp-json\/wp\/v2\/tags?post=143329"},{"taxonomy":"people","embeddable":true,"href":"https:\/\/www.retaildetail.be\/fr\/wp-json\/wp\/v2\/people?post=143329"},{"taxonomy":"extra","embeddable":true,"href":"https:\/\/www.retaildetail.be\/fr\/wp-json\/wp\/v2\/extra?post=143329"},{"taxonomy":"company","embeddable":true,"href":"https:\/\/www.retaildetail.be\/fr\/wp-json\/wp\/v2\/company?post=143329"},{"taxonomy":"topic","embeddable":true,"href":"https:\/\/www.retaildetail.be\/fr\/wp-json\/wp\/v2\/topic?post=143329"},{"taxonomy":"region","embeddable":true,"href":"https:\/\/www.retaildetail.be\/fr\/wp-json\/wp\/v2\/region?post=143329"}],"curies":[{"name":"wp","href":"https:\/\/api.w.org\/{rel}","templated":true}]}}