{"id":143353,"date":"2026-03-05T09:37:15","date_gmt":"2026-03-05T08:37:15","guid":{"rendered":"https:\/\/www.retaildetail.be\/?p=143353"},"modified":"2026-03-05T09:37:16","modified_gmt":"2026-03-05T08:37:16","slug":"le-directeur-interimaire-de-primark-peut-rester-et-recoit-du-renfort","status":"publish","type":"post","link":"https:\/\/www.retaildetail.be\/fr\/news\/mode\/le-directeur-interimaire-de-primark-peut-rester-et-recoit-du-renfort\/","title":{"rendered":"Le directeur int\u00e9rimaire de Primark peut rester et re\u00e7oit du renfort"},"content":{"rendered":"\n<p><strong>Primark <\/strong>a officiellement nomm\u00e9 Eoin Tonge au poste de directeur g\u00e9n\u00e9ral, apr\u00e8s un an d&rsquo;int\u00e9rim. Il sera \u00e9paul\u00e9 par un nouveau directeur commercial : la cha\u00eene de mode cr\u00e9e ce poste afin de disposer d&rsquo;un bras droit commercial pour le PDG.<\/p>\n\n\n\n<h2 class=\"wp-block-heading\">Des galons d\u00e9j\u00e0 acquis<\/h2>\n\n\n\n<p>La soci\u00e9t\u00e9 m\u00e8re <strong>Associated British Foods<\/strong> (ABF) a annonc\u00e9 que Tonge devenait directeur g\u00e9n\u00e9ral de Primark avec effet imm\u00e9diat. Il occupait d\u00e9j\u00e0 ce poste \u00e0 titre int\u00e9rimaire depuis le 31 mars 2025, mais \u00e9tait membre du conseil d&rsquo;administration d&rsquo;ABF depuis f\u00e9vrier 2023 et est devenu directeur financier du groupe en avril 2023. Auparavant, il a notamment travaill\u00e9 chez Marks &amp; Spencer en tant que directeur financier et directeur de la strat\u00e9gie.<\/p>\n\n\n\n<p>Pendant son mandat de directeur g\u00e9n\u00e9ral par int\u00e9rim, Tonge a travaill\u00e9 \u00e0 l&rsquo;\u00e9laboration d&rsquo;une nouvelle strat\u00e9gie pour Primark. Celle-ci vise \u00e0 renforcer l&rsquo;offre de produits, \u00e0 affiner la perception des prix et \u00e0 accro\u00eetre les investissements dans les capacit\u00e9s num\u00e9riques et marketing. Selon George Weston, directeur g\u00e9n\u00e9ral d&rsquo;ABF, les changements mis en \u0153uvre par Tonge \u00ab apportent d\u00e9j\u00e0 des avantages tangibles dans un environnement difficile \u00bb.<\/p>\n\n\n\n<h2 class=\"wp-block-heading\">Centralisation commerciale<\/h2>\n\n\n\n<p>Parall\u00e8lement, le d\u00e9taillant cr\u00e9e un nouveau poste de direction. Filip Ekvall prendra ses fonctions de directeur commercial le 1er septembre. \u00c0 ce titre, Primark regroupera le d\u00e9veloppement de produits, les activit\u00e9s de vente au d\u00e9tail, les canaux num\u00e9riques et la strat\u00e9gie client sous une seule direction commerciale. <\/p>\n\n\n\n<p>Ekvall a travaill\u00e9 pendant pr\u00e8s de vingt ans dans le secteur international de la mode, principalement chez H&amp;M. Il y a occup\u00e9 des postes de direction en Europe, en Cor\u00e9e du Sud et au Royaume-Uni, avant de terminer sa carri\u00e8re en tant que directeur mondial des ventes, responsable d&rsquo;environ 4 000 magasins. Depuis janvier 2025, il est \u00e0 la t\u00eate du d\u00e9taillant outdoor BRAV.<\/p>\n","protected":false},"excerpt":{"rendered":"<p>Primark a officiellement nomm\u00e9 Eoin Tonge au poste de directeur g\u00e9n\u00e9ral, apr\u00e8s un an d&rsquo;int\u00e9rim. Il sera second\u00e9 par un nouveau directeur commercial : la cha\u00eene de mode cr\u00e9e ce poste afin de servir de bras droit commercial au PDG.<\/p>\n","protected":false},"author":5,"featured_media":143354,"comment_status":"closed","ping_status":"closed","sticky":false,"template":"","format":"standard","meta":{"_acf_changed":false,"inline_featured_image":false,"_jetpack_memberships_contains_paid_content":false,"footnotes":""},"categories":[14,22],"tags":[],"people":[],"extra":[43],"company":[230],"topic":[609],"region":[381],"class_list":{"0":"post-143353","1":"post","2":"type-post","3":"status-publish","4":"format-standard","5":"has-post-thumbnail","6":"hentry","7":"category-mode","9":"extra-plus","10":"company-primark","11":"topic-changement-de-direction","12":"region-royaume-uni"},"acf":[],"yoast_head":"<!-- This site is optimized with the Yoast SEO plugin v27.3 - https:\/\/yoast.com\/product\/yoast-seo-wordpress\/ -->\n<title>Le directeur int\u00e9rimaire de Primark peut rester et re\u00e7oit du renfort - RetailDetail BE<\/title>\n<meta name=\"description\" content=\"Primark a officiellement nomm\u00e9 Eoin Tonge au poste de directeur g\u00e9n\u00e9ral, apr\u00e8s un an d&#039;int\u00e9rim. Il sera \u00e9paul\u00e9 par un nouveau directeur commercial.\" \/>\n<meta name=\"robots\" content=\"index, follow, max-snippet:-1, max-image-preview:large, max-video-preview:-1\" \/>\n<link rel=\"canonical\" href=\"https:\/\/www.retaildetail.be\/fr\/news\/mode\/le-directeur-interimaire-de-primark-peut-rester-et-recoit-du-renfort\/\" \/>\n<meta property=\"og:locale\" content=\"fr_FR\" \/>\n<meta property=\"og:type\" content=\"article\" \/>\n<meta property=\"og:title\" content=\"Le directeur int\u00e9rimaire de Primark peut rester et re\u00e7oit du renfort - RetailDetail BE\" \/>\n<meta property=\"og:description\" content=\"Primark a officiellement nomm\u00e9 Eoin Tonge au poste de directeur g\u00e9n\u00e9ral, apr\u00e8s un an d&#039;int\u00e9rim. Il sera \u00e9paul\u00e9 par un nouveau directeur commercial.\" \/>\n<meta property=\"og:url\" content=\"https:\/\/www.retaildetail.be\/fr\/news\/mode\/le-directeur-interimaire-de-primark-peut-rester-et-recoit-du-renfort\/\" \/>\n<meta property=\"og:site_name\" content=\"RetailDetail BE\" \/>\n<meta property=\"article:published_time\" content=\"2026-03-05T08:37:15+00:00\" \/>\n<meta property=\"article:modified_time\" content=\"2026-03-05T08:37:16+00:00\" \/>\n<meta property=\"og:image\" content=\"https:\/\/www.retaildetail.be\/wp-content\/uploads\/2026\/03\/Primark_4_0_0.jpg\" \/>\n\t<meta property=\"og:image:width\" content=\"1000\" \/>\n\t<meta property=\"og:image:height\" content=\"655\" \/>\n\t<meta property=\"og:image:type\" content=\"image\/jpeg\" \/>\n<meta name=\"author\" content=\"Pauline Neerman\" \/>\n<meta name=\"twitter:card\" content=\"summary_large_image\" \/>\n<meta name=\"twitter:label1\" content=\"\u00c9crit par\" \/>\n\t<meta name=\"twitter:data1\" content=\"Pauline Neerman\" \/>\n\t<meta name=\"twitter:label2\" content=\"Dur\u00e9e de lecture estim\u00e9e\" \/>\n\t<meta name=\"twitter:data2\" content=\"2 minutes\" \/>\n<script type=\"application\/ld+json\" class=\"yoast-schema-graph\">{\"@context\":\"https:\\\/\\\/schema.org\",\"@graph\":[{\"@type\":\"NewsArticle\",\"@id\":\"https:\\\/\\\/www.retaildetail.be\\\/fr\\\/news\\\/mode\\\/le-directeur-interimaire-de-primark-peut-rester-et-recoit-du-renfort\\\/#article\",\"isPartOf\":{\"@id\":\"https:\\\/\\\/www.retaildetail.be\\\/fr\\\/news\\\/mode\\\/le-directeur-interimaire-de-primark-peut-rester-et-recoit-du-renfort\\\/\"},\"author\":{\"name\":\"Pauline Neerman\",\"@id\":\"https:\\\/\\\/www.retaildetail.be\\\/nl\\\/#\\\/schema\\\/person\\\/66b54803fa10759039079458ea89e307\"},\"headline\":\"Le directeur int\u00e9rimaire de Primark peut rester et re\u00e7oit du renfort\",\"datePublished\":\"2026-03-05T08:37:15+00:00\",\"dateModified\":\"2026-03-05T08:37:16+00:00\",\"mainEntityOfPage\":{\"@id\":\"https:\\\/\\\/www.retaildetail.be\\\/fr\\\/news\\\/mode\\\/le-directeur-interimaire-de-primark-peut-rester-et-recoit-du-renfort\\\/\"},\"wordCount\":341,\"publisher\":{\"@id\":\"https:\\\/\\\/www.retaildetail.be\\\/nl\\\/#organization\"},\"image\":{\"@id\":\"https:\\\/\\\/www.retaildetail.be\\\/fr\\\/news\\\/mode\\\/le-directeur-interimaire-de-primark-peut-rester-et-recoit-du-renfort\\\/#primaryimage\"},\"thumbnailUrl\":\"https:\\\/\\\/www.retaildetail.be\\\/wp-content\\\/uploads\\\/2026\\\/03\\\/Primark_4_0_0.jpg\",\"articleSection\":[\"Mode\",\"Mode\"],\"inLanguage\":\"fr-FR\",\"copyrightYear\":\"2026\",\"copyrightHolder\":{\"@id\":\"https:\\\/\\\/www.retaildetail.be\\\/#organization\"}},{\"@type\":\"WebPage\",\"@id\":\"https:\\\/\\\/www.retaildetail.be\\\/fr\\\/news\\\/mode\\\/le-directeur-interimaire-de-primark-peut-rester-et-recoit-du-renfort\\\/\",\"url\":\"https:\\\/\\\/www.retaildetail.be\\\/fr\\\/news\\\/mode\\\/le-directeur-interimaire-de-primark-peut-rester-et-recoit-du-renfort\\\/\",\"name\":\"Le directeur int\u00e9rimaire de Primark peut rester et re\u00e7oit du renfort - RetailDetail BE\",\"isPartOf\":{\"@id\":\"https:\\\/\\\/www.retaildetail.be\\\/nl\\\/#website\"},\"primaryImageOfPage\":{\"@id\":\"https:\\\/\\\/www.retaildetail.be\\\/fr\\\/news\\\/mode\\\/le-directeur-interimaire-de-primark-peut-rester-et-recoit-du-renfort\\\/#primaryimage\"},\"image\":{\"@id\":\"https:\\\/\\\/www.retaildetail.be\\\/fr\\\/news\\\/mode\\\/le-directeur-interimaire-de-primark-peut-rester-et-recoit-du-renfort\\\/#primaryimage\"},\"thumbnailUrl\":\"https:\\\/\\\/www.retaildetail.be\\\/wp-content\\\/uploads\\\/2026\\\/03\\\/Primark_4_0_0.jpg\",\"datePublished\":\"2026-03-05T08:37:15+00:00\",\"dateModified\":\"2026-03-05T08:37:16+00:00\",\"description\":\"Primark a officiellement nomm\u00e9 Eoin Tonge au poste de directeur g\u00e9n\u00e9ral, apr\u00e8s un an d'int\u00e9rim. Il sera \u00e9paul\u00e9 par un nouveau directeur commercial.\",\"breadcrumb\":{\"@id\":\"https:\\\/\\\/www.retaildetail.be\\\/fr\\\/news\\\/mode\\\/le-directeur-interimaire-de-primark-peut-rester-et-recoit-du-renfort\\\/#breadcrumb\"},\"inLanguage\":\"fr-FR\",\"potentialAction\":[{\"@type\":\"ReadAction\",\"target\":[\"https:\\\/\\\/www.retaildetail.be\\\/fr\\\/news\\\/mode\\\/le-directeur-interimaire-de-primark-peut-rester-et-recoit-du-renfort\\\/\"]}]},{\"@type\":\"ImageObject\",\"inLanguage\":\"fr-FR\",\"@id\":\"https:\\\/\\\/www.retaildetail.be\\\/fr\\\/news\\\/mode\\\/le-directeur-interimaire-de-primark-peut-rester-et-recoit-du-renfort\\\/#primaryimage\",\"url\":\"https:\\\/\\\/www.retaildetail.be\\\/wp-content\\\/uploads\\\/2026\\\/03\\\/Primark_4_0_0.jpg\",\"contentUrl\":\"https:\\\/\\\/www.retaildetail.be\\\/wp-content\\\/uploads\\\/2026\\\/03\\\/Primark_4_0_0.jpg\",\"width\":1000,\"height\":655},{\"@type\":\"BreadcrumbList\",\"@id\":\"https:\\\/\\\/www.retaildetail.be\\\/fr\\\/news\\\/mode\\\/le-directeur-interimaire-de-primark-peut-rester-et-recoit-du-renfort\\\/#breadcrumb\",\"itemListElement\":[{\"@type\":\"ListItem\",\"position\":1,\"name\":\"Home\",\"item\":\"https:\\\/\\\/www.retaildetail.be\\\/fr\\\/\"},{\"@type\":\"ListItem\",\"position\":2,\"name\":\"Le directeur int\u00e9rimaire de Primark peut rester et re\u00e7oit du renfort\"}]},{\"@type\":\"WebSite\",\"@id\":\"https:\\\/\\\/www.retaildetail.be\\\/nl\\\/#website\",\"url\":\"https:\\\/\\\/www.retaildetail.be\\\/nl\\\/\",\"name\":\"RetailDetail BE\",\"description\":\"News\",\"publisher\":{\"@id\":\"https:\\\/\\\/www.retaildetail.be\\\/nl\\\/#organization\"},\"potentialAction\":[{\"@type\":\"SearchAction\",\"target\":{\"@type\":\"EntryPoint\",\"urlTemplate\":\"https:\\\/\\\/www.retaildetail.be\\\/nl\\\/?s={search_term_string}\"},\"query-input\":{\"@type\":\"PropertyValueSpecification\",\"valueRequired\":true,\"valueName\":\"search_term_string\"}}],\"inLanguage\":\"fr-FR\"},{\"@type\":\"Organization\",\"@id\":\"https:\\\/\\\/www.retaildetail.be\\\/nl\\\/#organization\",\"name\":\"RetailDetail BE\",\"url\":\"https:\\\/\\\/www.retaildetail.be\\\/nl\\\/\",\"logo\":{\"@type\":\"ImageObject\",\"inLanguage\":\"fr-FR\",\"@id\":\"https:\\\/\\\/www.retaildetail.be\\\/nl\\\/#\\\/schema\\\/logo\\\/image\\\/\",\"url\":\"https:\\\/\\\/www.retaildetail.be\\\/wp-content\\\/uploads\\\/2022\\\/04\\\/logo.svg\",\"contentUrl\":\"https:\\\/\\\/www.retaildetail.be\\\/wp-content\\\/uploads\\\/2022\\\/04\\\/logo.svg\",\"width\":131,\"height\":70,\"caption\":\"RetailDetail BE\"},\"image\":{\"@id\":\"https:\\\/\\\/www.retaildetail.be\\\/nl\\\/#\\\/schema\\\/logo\\\/image\\\/\"}},{\"@type\":\"Person\",\"@id\":\"https:\\\/\\\/www.retaildetail.be\\\/nl\\\/#\\\/schema\\\/person\\\/66b54803fa10759039079458ea89e307\",\"name\":\"Pauline Neerman\",\"image\":{\"@type\":\"ImageObject\",\"inLanguage\":\"fr-FR\",\"@id\":\"https:\\\/\\\/secure.gravatar.com\\\/avatar\\\/58db22aee589a691f9603e5765ac06010427a923f9b2728b951eb7fe27214d70?s=96&d=mm&r=g\",\"url\":\"https:\\\/\\\/secure.gravatar.com\\\/avatar\\\/58db22aee589a691f9603e5765ac06010427a923f9b2728b951eb7fe27214d70?s=96&d=mm&r=g\",\"contentUrl\":\"https:\\\/\\\/secure.gravatar.com\\\/avatar\\\/58db22aee589a691f9603e5765ac06010427a923f9b2728b951eb7fe27214d70?s=96&d=mm&r=g\",\"caption\":\"Pauline Neerman\"},\"url\":\"https:\\\/\\\/www.retaildetail.be\\\/fr\\\/author\\\/paulineneerman\\\/\"}]}<\/script>\n<!-- \/ Yoast SEO plugin. -->","yoast_head_json":{"title":"Le directeur int\u00e9rimaire de Primark peut rester et re\u00e7oit du renfort - RetailDetail BE","description":"Primark a officiellement nomm\u00e9 Eoin Tonge au poste de directeur g\u00e9n\u00e9ral, apr\u00e8s un an d'int\u00e9rim. Il sera \u00e9paul\u00e9 par un nouveau directeur commercial.","robots":{"index":"index","follow":"follow","max-snippet":"max-snippet:-1","max-image-preview":"max-image-preview:large","max-video-preview":"max-video-preview:-1"},"canonical":"https:\/\/www.retaildetail.be\/fr\/news\/mode\/le-directeur-interimaire-de-primark-peut-rester-et-recoit-du-renfort\/","og_locale":"fr_FR","og_type":"article","og_title":"Le directeur int\u00e9rimaire de Primark peut rester et re\u00e7oit du renfort - RetailDetail BE","og_description":"Primark a officiellement nomm\u00e9 Eoin Tonge au poste de directeur g\u00e9n\u00e9ral, apr\u00e8s un an d'int\u00e9rim. Il sera \u00e9paul\u00e9 par un nouveau directeur commercial.","og_url":"https:\/\/www.retaildetail.be\/fr\/news\/mode\/le-directeur-interimaire-de-primark-peut-rester-et-recoit-du-renfort\/","og_site_name":"RetailDetail BE","article_published_time":"2026-03-05T08:37:15+00:00","article_modified_time":"2026-03-05T08:37:16+00:00","og_image":[{"width":1000,"height":655,"url":"https:\/\/www.retaildetail.be\/wp-content\/uploads\/2026\/03\/Primark_4_0_0.jpg","type":"image\/jpeg"}],"author":"Pauline Neerman","twitter_card":"summary_large_image","twitter_misc":{"\u00c9crit par":"Pauline Neerman","Dur\u00e9e de lecture estim\u00e9e":"2 minutes"},"schema":{"@context":"https:\/\/schema.org","@graph":[{"@type":"NewsArticle","@id":"https:\/\/www.retaildetail.be\/fr\/news\/mode\/le-directeur-interimaire-de-primark-peut-rester-et-recoit-du-renfort\/#article","isPartOf":{"@id":"https:\/\/www.retaildetail.be\/fr\/news\/mode\/le-directeur-interimaire-de-primark-peut-rester-et-recoit-du-renfort\/"},"author":{"name":"Pauline Neerman","@id":"https:\/\/www.retaildetail.be\/nl\/#\/schema\/person\/66b54803fa10759039079458ea89e307"},"headline":"Le directeur int\u00e9rimaire de Primark peut rester et re\u00e7oit du renfort","datePublished":"2026-03-05T08:37:15+00:00","dateModified":"2026-03-05T08:37:16+00:00","mainEntityOfPage":{"@id":"https:\/\/www.retaildetail.be\/fr\/news\/mode\/le-directeur-interimaire-de-primark-peut-rester-et-recoit-du-renfort\/"},"wordCount":341,"publisher":{"@id":"https:\/\/www.retaildetail.be\/nl\/#organization"},"image":{"@id":"https:\/\/www.retaildetail.be\/fr\/news\/mode\/le-directeur-interimaire-de-primark-peut-rester-et-recoit-du-renfort\/#primaryimage"},"thumbnailUrl":"https:\/\/www.retaildetail.be\/wp-content\/uploads\/2026\/03\/Primark_4_0_0.jpg","articleSection":["Mode","Mode"],"inLanguage":"fr-FR","copyrightYear":"2026","copyrightHolder":{"@id":"https:\/\/www.retaildetail.be\/#organization"}},{"@type":"WebPage","@id":"https:\/\/www.retaildetail.be\/fr\/news\/mode\/le-directeur-interimaire-de-primark-peut-rester-et-recoit-du-renfort\/","url":"https:\/\/www.retaildetail.be\/fr\/news\/mode\/le-directeur-interimaire-de-primark-peut-rester-et-recoit-du-renfort\/","name":"Le directeur int\u00e9rimaire de Primark peut rester et re\u00e7oit du renfort - RetailDetail BE","isPartOf":{"@id":"https:\/\/www.retaildetail.be\/nl\/#website"},"primaryImageOfPage":{"@id":"https:\/\/www.retaildetail.be\/fr\/news\/mode\/le-directeur-interimaire-de-primark-peut-rester-et-recoit-du-renfort\/#primaryimage"},"image":{"@id":"https:\/\/www.retaildetail.be\/fr\/news\/mode\/le-directeur-interimaire-de-primark-peut-rester-et-recoit-du-renfort\/#primaryimage"},"thumbnailUrl":"https:\/\/www.retaildetail.be\/wp-content\/uploads\/2026\/03\/Primark_4_0_0.jpg","datePublished":"2026-03-05T08:37:15+00:00","dateModified":"2026-03-05T08:37:16+00:00","description":"Primark a officiellement nomm\u00e9 Eoin Tonge au poste de directeur g\u00e9n\u00e9ral, apr\u00e8s un an d'int\u00e9rim. Il sera \u00e9paul\u00e9 par un nouveau directeur commercial.","breadcrumb":{"@id":"https:\/\/www.retaildetail.be\/fr\/news\/mode\/le-directeur-interimaire-de-primark-peut-rester-et-recoit-du-renfort\/#breadcrumb"},"inLanguage":"fr-FR","potentialAction":[{"@type":"ReadAction","target":["https:\/\/www.retaildetail.be\/fr\/news\/mode\/le-directeur-interimaire-de-primark-peut-rester-et-recoit-du-renfort\/"]}]},{"@type":"ImageObject","inLanguage":"fr-FR","@id":"https:\/\/www.retaildetail.be\/fr\/news\/mode\/le-directeur-interimaire-de-primark-peut-rester-et-recoit-du-renfort\/#primaryimage","url":"https:\/\/www.retaildetail.be\/wp-content\/uploads\/2026\/03\/Primark_4_0_0.jpg","contentUrl":"https:\/\/www.retaildetail.be\/wp-content\/uploads\/2026\/03\/Primark_4_0_0.jpg","width":1000,"height":655},{"@type":"BreadcrumbList","@id":"https:\/\/www.retaildetail.be\/fr\/news\/mode\/le-directeur-interimaire-de-primark-peut-rester-et-recoit-du-renfort\/#breadcrumb","itemListElement":[{"@type":"ListItem","position":1,"name":"Home","item":"https:\/\/www.retaildetail.be\/fr\/"},{"@type":"ListItem","position":2,"name":"Le directeur int\u00e9rimaire de Primark peut rester et re\u00e7oit du renfort"}]},{"@type":"WebSite","@id":"https:\/\/www.retaildetail.be\/nl\/#website","url":"https:\/\/www.retaildetail.be\/nl\/","name":"RetailDetail BE","description":"News","publisher":{"@id":"https:\/\/www.retaildetail.be\/nl\/#organization"},"potentialAction":[{"@type":"SearchAction","target":{"@type":"EntryPoint","urlTemplate":"https:\/\/www.retaildetail.be\/nl\/?s={search_term_string}"},"query-input":{"@type":"PropertyValueSpecification","valueRequired":true,"valueName":"search_term_string"}}],"inLanguage":"fr-FR"},{"@type":"Organization","@id":"https:\/\/www.retaildetail.be\/nl\/#organization","name":"RetailDetail BE","url":"https:\/\/www.retaildetail.be\/nl\/","logo":{"@type":"ImageObject","inLanguage":"fr-FR","@id":"https:\/\/www.retaildetail.be\/nl\/#\/schema\/logo\/image\/","url":"https:\/\/www.retaildetail.be\/wp-content\/uploads\/2022\/04\/logo.svg","contentUrl":"https:\/\/www.retaildetail.be\/wp-content\/uploads\/2022\/04\/logo.svg","width":131,"height":70,"caption":"RetailDetail BE"},"image":{"@id":"https:\/\/www.retaildetail.be\/nl\/#\/schema\/logo\/image\/"}},{"@type":"Person","@id":"https:\/\/www.retaildetail.be\/nl\/#\/schema\/person\/66b54803fa10759039079458ea89e307","name":"Pauline Neerman","image":{"@type":"ImageObject","inLanguage":"fr-FR","@id":"https:\/\/secure.gravatar.com\/avatar\/58db22aee589a691f9603e5765ac06010427a923f9b2728b951eb7fe27214d70?s=96&d=mm&r=g","url":"https:\/\/secure.gravatar.com\/avatar\/58db22aee589a691f9603e5765ac06010427a923f9b2728b951eb7fe27214d70?s=96&d=mm&r=g","contentUrl":"https:\/\/secure.gravatar.com\/avatar\/58db22aee589a691f9603e5765ac06010427a923f9b2728b951eb7fe27214d70?s=96&d=mm&r=g","caption":"Pauline Neerman"},"url":"https:\/\/www.retaildetail.be\/fr\/author\/paulineneerman\/"}]}},"jetpack_featured_media_url":"https:\/\/www.retaildetail.be\/wp-content\/uploads\/2026\/03\/Primark_4_0_0.jpg","jetpack_sharing_enabled":true,"_links":{"self":[{"href":"https:\/\/www.retaildetail.be\/fr\/wp-json\/wp\/v2\/posts\/143353","targetHints":{"allow":["GET"]}}],"collection":[{"href":"https:\/\/www.retaildetail.be\/fr\/wp-json\/wp\/v2\/posts"}],"about":[{"href":"https:\/\/www.retaildetail.be\/fr\/wp-json\/wp\/v2\/types\/post"}],"author":[{"embeddable":true,"href":"https:\/\/www.retaildetail.be\/fr\/wp-json\/wp\/v2\/users\/5"}],"replies":[{"embeddable":true,"href":"https:\/\/www.retaildetail.be\/fr\/wp-json\/wp\/v2\/comments?post=143353"}],"version-history":[{"count":1,"href":"https:\/\/www.retaildetail.be\/fr\/wp-json\/wp\/v2\/posts\/143353\/revisions"}],"predecessor-version":[{"id":143358,"href":"https:\/\/www.retaildetail.be\/fr\/wp-json\/wp\/v2\/posts\/143353\/revisions\/143358"}],"wp:featuredmedia":[{"embeddable":true,"href":"https:\/\/www.retaildetail.be\/fr\/wp-json\/wp\/v2\/media\/143354"}],"wp:attachment":[{"href":"https:\/\/www.retaildetail.be\/fr\/wp-json\/wp\/v2\/media?parent=143353"}],"wp:term":[{"taxonomy":"category","embeddable":true,"href":"https:\/\/www.retaildetail.be\/fr\/wp-json\/wp\/v2\/categories?post=143353"},{"taxonomy":"post_tag","embeddable":true,"href":"https:\/\/www.retaildetail.be\/fr\/wp-json\/wp\/v2\/tags?post=143353"},{"taxonomy":"people","embeddable":true,"href":"https:\/\/www.retaildetail.be\/fr\/wp-json\/wp\/v2\/people?post=143353"},{"taxonomy":"extra","embeddable":true,"href":"https:\/\/www.retaildetail.be\/fr\/wp-json\/wp\/v2\/extra?post=143353"},{"taxonomy":"company","embeddable":true,"href":"https:\/\/www.retaildetail.be\/fr\/wp-json\/wp\/v2\/company?post=143353"},{"taxonomy":"topic","embeddable":true,"href":"https:\/\/www.retaildetail.be\/fr\/wp-json\/wp\/v2\/topic?post=143353"},{"taxonomy":"region","embeddable":true,"href":"https:\/\/www.retaildetail.be\/fr\/wp-json\/wp\/v2\/region?post=143353"}],"curies":[{"name":"wp","href":"https:\/\/api.w.org\/{rel}","templated":true}]}}