{"id":143361,"date":"2026-03-05T10:26:04","date_gmt":"2026-03-05T09:26:04","guid":{"rendered":"https:\/\/www.retaildetail.be\/?p=143361"},"modified":"2026-03-05T10:26:06","modified_gmt":"2026-03-05T09:26:06","slug":"la-croissance-dabercrombie-fitch-ralentit-apres-un-retour-en-force","status":"publish","type":"post","link":"https:\/\/www.retaildetail.be\/fr\/news\/mode\/la-croissance-dabercrombie-fitch-ralentit-apres-un-retour-en-force\/","title":{"rendered":"La croissance d&rsquo;Abercrombie &amp; Fitch ralentit apr\u00e8s un retour en force"},"content":{"rendered":"\n<p><strong>Abercrombie &amp; Fitch<\/strong> enregistre \u00e0 nouveau un chiffre d&rsquo;affaires record pour l&rsquo;exercice 2025\/26. N\u00e9anmoins, les b\u00e9n\u00e9fices restent inf\u00e9rieurs \u00e0 ceux de l&rsquo;ann\u00e9e derni\u00e8re. Pour l&rsquo;ann\u00e9e en cours, le groupe de mode am\u00e9ricain table sur une croissance suppl\u00e9mentaire, mais mod\u00e9r\u00e9e.<\/p>\n\n\n\n<h2 class=\"wp-block-heading\">Chiffre d&rsquo;affaires record gr\u00e2ce \u00e0 Hollister<\/h2>\n\n\n\n<p>Le groupe de mode am\u00e9ricain Abercrombie &amp; Fitch Co. continue de profiter du repositionnement r\u00e9ussi de ses marques, m\u00eame si la croissance rapide de ces derni\u00e8res ann\u00e9es semble s&rsquo;essouffler. L&rsquo;entreprise pr\u00e9voit une croissance plus mod\u00e9r\u00e9e pour l&rsquo;ann\u00e9e en cours, tandis que la hausse des co\u00fbts, les droits d&rsquo;importation et l&rsquo;incertitude g\u00e9opolitique p\u00e8sent sur les marges.<\/p>\n\n\n\n<p>Au cours de l&rsquo;exercice clos le 31 janvier, le chiffre d&rsquo;affaires du groupe a augment\u00e9 de 6 % pour atteindre 5,27 milliards de dollars am\u00e9ricains (4,53 milliards d&rsquo;euros). Sur une base comparable, le chiffre d&rsquo;affaires a progress\u00e9 de 3 %. La cha\u00eene pour adolescents Hollister est rest\u00e9e le principal moteur de la croissance, avec une augmentation de 15 % de son chiffre d&rsquo;affaires, qui a atteint 2,74 milliards de dollars am\u00e9ricains (2,36 milliards d&rsquo;euros). La marque a ainsi compens\u00e9 les performances plus faibles de la marque phare Abercrombie, dont le chiffre d&rsquo;affaires a baiss\u00e9 de 1 %.<\/p>\n\n\n\n<p>Malgr\u00e9 l&rsquo;augmentation du chiffre d&rsquo;affaires, les b\u00e9n\u00e9fices ont diminu\u00e9. La marge op\u00e9rationnelle a baiss\u00e9 \u00e0 14,1 %, contre 16,2 % un an plus t\u00f4t. \u00c0 eux seuls, les droits d&rsquo;importation ont pes\u00e9 sur la marge de 360 points de base. Le r\u00e9sultat op\u00e9rationnel a ainsi diminu\u00e9 de 5,6 % pour atteindre 699,1 millions de dollars am\u00e9ricains (environ 601 millions d&rsquo;euros). <\/p>\n\n\n\n<h2 class=\"wp-block-heading\">Une croissance moins explosive<\/h2>\n\n\n\n<p>Fran Horowitz, la directrice g\u00e9n\u00e9rale, souligne que l&rsquo;entreprise mise sur une croissance \u00e9quilibr\u00e9e. \u00ab Je pense que le quatri\u00e8me trimestre montre, en toute honn\u00eatet\u00e9, une performance \u00e9quilibr\u00e9e : une croissance sur l&rsquo;ensemble des marques, des r\u00e9gions et des canaux. C&rsquo;est certainement aussi notre objectif pour 2026 \u00bb, a-t-elle d\u00e9clar\u00e9 lors d&rsquo;une pr\u00e9sentation aux analystes.<\/p>\n\n\n\n<p>En 2026, l&rsquo;entreprise souhaite ouvrir environ 30 nouveaux magasins et r\u00e9nover ou adapter quelque 70 sites. Pour l&rsquo;exercice en cours, Abercrombie &amp; Fitch pr\u00e9voit une croissance de son chiffre d&rsquo;affaires de 3 \u00e0 5 %. La marge op\u00e9rationnelle devrait se situer entre 12 et 12,5 %. La direction tient toutefois compte des perturbations possibles li\u00e9es aux tensions au Moyen-Orient.<\/p>\n","protected":false},"excerpt":{"rendered":"<p>Abercrombie &amp; Fitch enregistre \u00e0 nouveau un chiffre d&rsquo;affaires record pour l&rsquo;exercice 2025\/26, mais les b\u00e9n\u00e9fices restent inf\u00e9rieurs \u00e0 ceux de l&rsquo;ann\u00e9e derni\u00e8re. Pour l&rsquo;ann\u00e9e en cours, le groupe de mode am\u00e9ricain table sur une croissance suppl\u00e9mentaire.<\/p>\n","protected":false},"author":5,"featured_media":143362,"comment_status":"closed","ping_status":"closed","sticky":false,"template":"","format":"standard","meta":{"_acf_changed":false,"inline_featured_image":false,"_jetpack_memberships_contains_paid_content":false,"footnotes":""},"categories":[14,22],"tags":[],"people":[],"extra":[43],"company":[1001],"topic":[266],"region":[446],"class_list":{"0":"post-143361","1":"post","2":"type-post","3":"status-publish","4":"format-standard","5":"has-post-thumbnail","6":"hentry","7":"category-mode","9":"extra-plus","10":"company-abercrombie-fitch","11":"topic-resultats-financiers","12":"region-etats-unis-2"},"acf":[],"yoast_head":"<!-- This site is optimized with the Yoast SEO plugin v27.3 - https:\/\/yoast.com\/product\/yoast-seo-wordpress\/ -->\n<title>La croissance d&#039;Abercrombie &amp; Fitch ralentit apr\u00e8s un retour en force - RetailDetail BE<\/title>\n<meta name=\"description\" content=\"Abercrombie &amp; Fitch enregistre un chiffre d&#039;affaires record pour l&#039;exercice 2025\/26. N\u00e9anmoins, les b\u00e9n\u00e9fices restent inf\u00e9rieurs \u00e0 ceux de l&#039;ann\u00e9e derni\u00e8re.\" \/>\n<meta name=\"robots\" content=\"index, follow, max-snippet:-1, max-image-preview:large, max-video-preview:-1\" \/>\n<link rel=\"canonical\" href=\"https:\/\/www.retaildetail.be\/fr\/news\/mode\/la-croissance-dabercrombie-fitch-ralentit-apres-un-retour-en-force\/\" \/>\n<meta property=\"og:locale\" content=\"fr_FR\" \/>\n<meta property=\"og:type\" content=\"article\" \/>\n<meta property=\"og:title\" content=\"La croissance d&#039;Abercrombie &amp; Fitch ralentit apr\u00e8s un retour en force - RetailDetail BE\" \/>\n<meta property=\"og:description\" content=\"Abercrombie &amp; Fitch enregistre un chiffre d&#039;affaires record pour l&#039;exercice 2025\/26. N\u00e9anmoins, les b\u00e9n\u00e9fices restent inf\u00e9rieurs \u00e0 ceux de l&#039;ann\u00e9e derni\u00e8re.\" \/>\n<meta property=\"og:url\" content=\"https:\/\/www.retaildetail.be\/fr\/news\/mode\/la-croissance-dabercrombie-fitch-ralentit-apres-un-retour-en-force\/\" \/>\n<meta property=\"og:site_name\" content=\"RetailDetail BE\" \/>\n<meta property=\"article:published_time\" content=\"2026-03-05T09:26:04+00:00\" \/>\n<meta property=\"article:modified_time\" content=\"2026-03-05T09:26:06+00:00\" \/>\n<meta property=\"og:image\" content=\"https:\/\/www.retaildetail.be\/wp-content\/uploads\/2026\/03\/shutterstock_2673910905-abercrombie-1.jpg\" \/>\n\t<meta property=\"og:image:width\" content=\"1000\" \/>\n\t<meta property=\"og:image:height\" content=\"667\" \/>\n\t<meta property=\"og:image:type\" content=\"image\/jpeg\" \/>\n<meta name=\"author\" content=\"Pauline Neerman\" \/>\n<meta name=\"twitter:card\" content=\"summary_large_image\" \/>\n<meta name=\"twitter:label1\" content=\"\u00c9crit par\" \/>\n\t<meta name=\"twitter:data1\" content=\"Pauline Neerman\" \/>\n\t<meta name=\"twitter:label2\" content=\"Dur\u00e9e de lecture estim\u00e9e\" \/>\n\t<meta name=\"twitter:data2\" content=\"2 minutes\" \/>\n<script type=\"application\/ld+json\" class=\"yoast-schema-graph\">{\"@context\":\"https:\\\/\\\/schema.org\",\"@graph\":[{\"@type\":\"NewsArticle\",\"@id\":\"https:\\\/\\\/www.retaildetail.be\\\/fr\\\/news\\\/mode\\\/la-croissance-dabercrombie-fitch-ralentit-apres-un-retour-en-force\\\/#article\",\"isPartOf\":{\"@id\":\"https:\\\/\\\/www.retaildetail.be\\\/fr\\\/news\\\/mode\\\/la-croissance-dabercrombie-fitch-ralentit-apres-un-retour-en-force\\\/\"},\"author\":{\"name\":\"Pauline Neerman\",\"@id\":\"https:\\\/\\\/www.retaildetail.be\\\/nl\\\/#\\\/schema\\\/person\\\/66b54803fa10759039079458ea89e307\"},\"headline\":\"La croissance d&rsquo;Abercrombie &amp; Fitch ralentit apr\u00e8s un retour en force\",\"datePublished\":\"2026-03-05T09:26:04+00:00\",\"dateModified\":\"2026-03-05T09:26:06+00:00\",\"mainEntityOfPage\":{\"@id\":\"https:\\\/\\\/www.retaildetail.be\\\/fr\\\/news\\\/mode\\\/la-croissance-dabercrombie-fitch-ralentit-apres-un-retour-en-force\\\/\"},\"wordCount\":421,\"publisher\":{\"@id\":\"https:\\\/\\\/www.retaildetail.be\\\/nl\\\/#organization\"},\"image\":{\"@id\":\"https:\\\/\\\/www.retaildetail.be\\\/fr\\\/news\\\/mode\\\/la-croissance-dabercrombie-fitch-ralentit-apres-un-retour-en-force\\\/#primaryimage\"},\"thumbnailUrl\":\"https:\\\/\\\/www.retaildetail.be\\\/wp-content\\\/uploads\\\/2026\\\/03\\\/shutterstock_2673910905-abercrombie-1.jpg\",\"articleSection\":[\"Mode\",\"Mode\"],\"inLanguage\":\"fr-FR\",\"copyrightYear\":\"2026\",\"copyrightHolder\":{\"@id\":\"https:\\\/\\\/www.retaildetail.be\\\/#organization\"}},{\"@type\":\"WebPage\",\"@id\":\"https:\\\/\\\/www.retaildetail.be\\\/fr\\\/news\\\/mode\\\/la-croissance-dabercrombie-fitch-ralentit-apres-un-retour-en-force\\\/\",\"url\":\"https:\\\/\\\/www.retaildetail.be\\\/fr\\\/news\\\/mode\\\/la-croissance-dabercrombie-fitch-ralentit-apres-un-retour-en-force\\\/\",\"name\":\"La croissance d'Abercrombie &amp; Fitch ralentit apr\u00e8s un retour en force - RetailDetail BE\",\"isPartOf\":{\"@id\":\"https:\\\/\\\/www.retaildetail.be\\\/nl\\\/#website\"},\"primaryImageOfPage\":{\"@id\":\"https:\\\/\\\/www.retaildetail.be\\\/fr\\\/news\\\/mode\\\/la-croissance-dabercrombie-fitch-ralentit-apres-un-retour-en-force\\\/#primaryimage\"},\"image\":{\"@id\":\"https:\\\/\\\/www.retaildetail.be\\\/fr\\\/news\\\/mode\\\/la-croissance-dabercrombie-fitch-ralentit-apres-un-retour-en-force\\\/#primaryimage\"},\"thumbnailUrl\":\"https:\\\/\\\/www.retaildetail.be\\\/wp-content\\\/uploads\\\/2026\\\/03\\\/shutterstock_2673910905-abercrombie-1.jpg\",\"datePublished\":\"2026-03-05T09:26:04+00:00\",\"dateModified\":\"2026-03-05T09:26:06+00:00\",\"description\":\"Abercrombie & Fitch enregistre un chiffre d'affaires record pour l'exercice 2025\\\/26. N\u00e9anmoins, les b\u00e9n\u00e9fices restent inf\u00e9rieurs \u00e0 ceux de l'ann\u00e9e derni\u00e8re.\",\"breadcrumb\":{\"@id\":\"https:\\\/\\\/www.retaildetail.be\\\/fr\\\/news\\\/mode\\\/la-croissance-dabercrombie-fitch-ralentit-apres-un-retour-en-force\\\/#breadcrumb\"},\"inLanguage\":\"fr-FR\",\"potentialAction\":[{\"@type\":\"ReadAction\",\"target\":[\"https:\\\/\\\/www.retaildetail.be\\\/fr\\\/news\\\/mode\\\/la-croissance-dabercrombie-fitch-ralentit-apres-un-retour-en-force\\\/\"]}]},{\"@type\":\"ImageObject\",\"inLanguage\":\"fr-FR\",\"@id\":\"https:\\\/\\\/www.retaildetail.be\\\/fr\\\/news\\\/mode\\\/la-croissance-dabercrombie-fitch-ralentit-apres-un-retour-en-force\\\/#primaryimage\",\"url\":\"https:\\\/\\\/www.retaildetail.be\\\/wp-content\\\/uploads\\\/2026\\\/03\\\/shutterstock_2673910905-abercrombie-1.jpg\",\"contentUrl\":\"https:\\\/\\\/www.retaildetail.be\\\/wp-content\\\/uploads\\\/2026\\\/03\\\/shutterstock_2673910905-abercrombie-1.jpg\",\"width\":1000,\"height\":667,\"caption\":\"\u00a9 Shutterstock.com\"},{\"@type\":\"BreadcrumbList\",\"@id\":\"https:\\\/\\\/www.retaildetail.be\\\/fr\\\/news\\\/mode\\\/la-croissance-dabercrombie-fitch-ralentit-apres-un-retour-en-force\\\/#breadcrumb\",\"itemListElement\":[{\"@type\":\"ListItem\",\"position\":1,\"name\":\"Home\",\"item\":\"https:\\\/\\\/www.retaildetail.be\\\/fr\\\/\"},{\"@type\":\"ListItem\",\"position\":2,\"name\":\"La croissance d&#8217;Abercrombie &amp; Fitch ralentit apr\u00e8s un retour en force\"}]},{\"@type\":\"WebSite\",\"@id\":\"https:\\\/\\\/www.retaildetail.be\\\/nl\\\/#website\",\"url\":\"https:\\\/\\\/www.retaildetail.be\\\/nl\\\/\",\"name\":\"RetailDetail BE\",\"description\":\"News\",\"publisher\":{\"@id\":\"https:\\\/\\\/www.retaildetail.be\\\/nl\\\/#organization\"},\"potentialAction\":[{\"@type\":\"SearchAction\",\"target\":{\"@type\":\"EntryPoint\",\"urlTemplate\":\"https:\\\/\\\/www.retaildetail.be\\\/nl\\\/?s={search_term_string}\"},\"query-input\":{\"@type\":\"PropertyValueSpecification\",\"valueRequired\":true,\"valueName\":\"search_term_string\"}}],\"inLanguage\":\"fr-FR\"},{\"@type\":\"Organization\",\"@id\":\"https:\\\/\\\/www.retaildetail.be\\\/nl\\\/#organization\",\"name\":\"RetailDetail BE\",\"url\":\"https:\\\/\\\/www.retaildetail.be\\\/nl\\\/\",\"logo\":{\"@type\":\"ImageObject\",\"inLanguage\":\"fr-FR\",\"@id\":\"https:\\\/\\\/www.retaildetail.be\\\/nl\\\/#\\\/schema\\\/logo\\\/image\\\/\",\"url\":\"https:\\\/\\\/www.retaildetail.be\\\/wp-content\\\/uploads\\\/2022\\\/04\\\/logo.svg\",\"contentUrl\":\"https:\\\/\\\/www.retaildetail.be\\\/wp-content\\\/uploads\\\/2022\\\/04\\\/logo.svg\",\"width\":131,\"height\":70,\"caption\":\"RetailDetail BE\"},\"image\":{\"@id\":\"https:\\\/\\\/www.retaildetail.be\\\/nl\\\/#\\\/schema\\\/logo\\\/image\\\/\"}},{\"@type\":\"Person\",\"@id\":\"https:\\\/\\\/www.retaildetail.be\\\/nl\\\/#\\\/schema\\\/person\\\/66b54803fa10759039079458ea89e307\",\"name\":\"Pauline Neerman\",\"image\":{\"@type\":\"ImageObject\",\"inLanguage\":\"fr-FR\",\"@id\":\"https:\\\/\\\/secure.gravatar.com\\\/avatar\\\/58db22aee589a691f9603e5765ac06010427a923f9b2728b951eb7fe27214d70?s=96&d=mm&r=g\",\"url\":\"https:\\\/\\\/secure.gravatar.com\\\/avatar\\\/58db22aee589a691f9603e5765ac06010427a923f9b2728b951eb7fe27214d70?s=96&d=mm&r=g\",\"contentUrl\":\"https:\\\/\\\/secure.gravatar.com\\\/avatar\\\/58db22aee589a691f9603e5765ac06010427a923f9b2728b951eb7fe27214d70?s=96&d=mm&r=g\",\"caption\":\"Pauline Neerman\"},\"url\":\"https:\\\/\\\/www.retaildetail.be\\\/fr\\\/author\\\/paulineneerman\\\/\"}]}<\/script>\n<!-- \/ Yoast SEO plugin. -->","yoast_head_json":{"title":"La croissance d'Abercrombie &amp; Fitch ralentit apr\u00e8s un retour en force - RetailDetail BE","description":"Abercrombie & Fitch enregistre un chiffre d'affaires record pour l'exercice 2025\/26. N\u00e9anmoins, les b\u00e9n\u00e9fices restent inf\u00e9rieurs \u00e0 ceux de l'ann\u00e9e derni\u00e8re.","robots":{"index":"index","follow":"follow","max-snippet":"max-snippet:-1","max-image-preview":"max-image-preview:large","max-video-preview":"max-video-preview:-1"},"canonical":"https:\/\/www.retaildetail.be\/fr\/news\/mode\/la-croissance-dabercrombie-fitch-ralentit-apres-un-retour-en-force\/","og_locale":"fr_FR","og_type":"article","og_title":"La croissance d'Abercrombie &amp; Fitch ralentit apr\u00e8s un retour en force - RetailDetail BE","og_description":"Abercrombie & Fitch enregistre un chiffre d'affaires record pour l'exercice 2025\/26. N\u00e9anmoins, les b\u00e9n\u00e9fices restent inf\u00e9rieurs \u00e0 ceux de l'ann\u00e9e derni\u00e8re.","og_url":"https:\/\/www.retaildetail.be\/fr\/news\/mode\/la-croissance-dabercrombie-fitch-ralentit-apres-un-retour-en-force\/","og_site_name":"RetailDetail BE","article_published_time":"2026-03-05T09:26:04+00:00","article_modified_time":"2026-03-05T09:26:06+00:00","og_image":[{"width":1000,"height":667,"url":"https:\/\/www.retaildetail.be\/wp-content\/uploads\/2026\/03\/shutterstock_2673910905-abercrombie-1.jpg","type":"image\/jpeg"}],"author":"Pauline Neerman","twitter_card":"summary_large_image","twitter_misc":{"\u00c9crit par":"Pauline Neerman","Dur\u00e9e de lecture estim\u00e9e":"2 minutes"},"schema":{"@context":"https:\/\/schema.org","@graph":[{"@type":"NewsArticle","@id":"https:\/\/www.retaildetail.be\/fr\/news\/mode\/la-croissance-dabercrombie-fitch-ralentit-apres-un-retour-en-force\/#article","isPartOf":{"@id":"https:\/\/www.retaildetail.be\/fr\/news\/mode\/la-croissance-dabercrombie-fitch-ralentit-apres-un-retour-en-force\/"},"author":{"name":"Pauline Neerman","@id":"https:\/\/www.retaildetail.be\/nl\/#\/schema\/person\/66b54803fa10759039079458ea89e307"},"headline":"La croissance d&rsquo;Abercrombie &amp; Fitch ralentit apr\u00e8s un retour en force","datePublished":"2026-03-05T09:26:04+00:00","dateModified":"2026-03-05T09:26:06+00:00","mainEntityOfPage":{"@id":"https:\/\/www.retaildetail.be\/fr\/news\/mode\/la-croissance-dabercrombie-fitch-ralentit-apres-un-retour-en-force\/"},"wordCount":421,"publisher":{"@id":"https:\/\/www.retaildetail.be\/nl\/#organization"},"image":{"@id":"https:\/\/www.retaildetail.be\/fr\/news\/mode\/la-croissance-dabercrombie-fitch-ralentit-apres-un-retour-en-force\/#primaryimage"},"thumbnailUrl":"https:\/\/www.retaildetail.be\/wp-content\/uploads\/2026\/03\/shutterstock_2673910905-abercrombie-1.jpg","articleSection":["Mode","Mode"],"inLanguage":"fr-FR","copyrightYear":"2026","copyrightHolder":{"@id":"https:\/\/www.retaildetail.be\/#organization"}},{"@type":"WebPage","@id":"https:\/\/www.retaildetail.be\/fr\/news\/mode\/la-croissance-dabercrombie-fitch-ralentit-apres-un-retour-en-force\/","url":"https:\/\/www.retaildetail.be\/fr\/news\/mode\/la-croissance-dabercrombie-fitch-ralentit-apres-un-retour-en-force\/","name":"La croissance d'Abercrombie &amp; Fitch ralentit apr\u00e8s un retour en force - RetailDetail BE","isPartOf":{"@id":"https:\/\/www.retaildetail.be\/nl\/#website"},"primaryImageOfPage":{"@id":"https:\/\/www.retaildetail.be\/fr\/news\/mode\/la-croissance-dabercrombie-fitch-ralentit-apres-un-retour-en-force\/#primaryimage"},"image":{"@id":"https:\/\/www.retaildetail.be\/fr\/news\/mode\/la-croissance-dabercrombie-fitch-ralentit-apres-un-retour-en-force\/#primaryimage"},"thumbnailUrl":"https:\/\/www.retaildetail.be\/wp-content\/uploads\/2026\/03\/shutterstock_2673910905-abercrombie-1.jpg","datePublished":"2026-03-05T09:26:04+00:00","dateModified":"2026-03-05T09:26:06+00:00","description":"Abercrombie & Fitch enregistre un chiffre d'affaires record pour l'exercice 2025\/26. N\u00e9anmoins, les b\u00e9n\u00e9fices restent inf\u00e9rieurs \u00e0 ceux de l'ann\u00e9e derni\u00e8re.","breadcrumb":{"@id":"https:\/\/www.retaildetail.be\/fr\/news\/mode\/la-croissance-dabercrombie-fitch-ralentit-apres-un-retour-en-force\/#breadcrumb"},"inLanguage":"fr-FR","potentialAction":[{"@type":"ReadAction","target":["https:\/\/www.retaildetail.be\/fr\/news\/mode\/la-croissance-dabercrombie-fitch-ralentit-apres-un-retour-en-force\/"]}]},{"@type":"ImageObject","inLanguage":"fr-FR","@id":"https:\/\/www.retaildetail.be\/fr\/news\/mode\/la-croissance-dabercrombie-fitch-ralentit-apres-un-retour-en-force\/#primaryimage","url":"https:\/\/www.retaildetail.be\/wp-content\/uploads\/2026\/03\/shutterstock_2673910905-abercrombie-1.jpg","contentUrl":"https:\/\/www.retaildetail.be\/wp-content\/uploads\/2026\/03\/shutterstock_2673910905-abercrombie-1.jpg","width":1000,"height":667,"caption":"\u00a9 Shutterstock.com"},{"@type":"BreadcrumbList","@id":"https:\/\/www.retaildetail.be\/fr\/news\/mode\/la-croissance-dabercrombie-fitch-ralentit-apres-un-retour-en-force\/#breadcrumb","itemListElement":[{"@type":"ListItem","position":1,"name":"Home","item":"https:\/\/www.retaildetail.be\/fr\/"},{"@type":"ListItem","position":2,"name":"La croissance d&#8217;Abercrombie &amp; Fitch ralentit apr\u00e8s un retour en force"}]},{"@type":"WebSite","@id":"https:\/\/www.retaildetail.be\/nl\/#website","url":"https:\/\/www.retaildetail.be\/nl\/","name":"RetailDetail BE","description":"News","publisher":{"@id":"https:\/\/www.retaildetail.be\/nl\/#organization"},"potentialAction":[{"@type":"SearchAction","target":{"@type":"EntryPoint","urlTemplate":"https:\/\/www.retaildetail.be\/nl\/?s={search_term_string}"},"query-input":{"@type":"PropertyValueSpecification","valueRequired":true,"valueName":"search_term_string"}}],"inLanguage":"fr-FR"},{"@type":"Organization","@id":"https:\/\/www.retaildetail.be\/nl\/#organization","name":"RetailDetail BE","url":"https:\/\/www.retaildetail.be\/nl\/","logo":{"@type":"ImageObject","inLanguage":"fr-FR","@id":"https:\/\/www.retaildetail.be\/nl\/#\/schema\/logo\/image\/","url":"https:\/\/www.retaildetail.be\/wp-content\/uploads\/2022\/04\/logo.svg","contentUrl":"https:\/\/www.retaildetail.be\/wp-content\/uploads\/2022\/04\/logo.svg","width":131,"height":70,"caption":"RetailDetail BE"},"image":{"@id":"https:\/\/www.retaildetail.be\/nl\/#\/schema\/logo\/image\/"}},{"@type":"Person","@id":"https:\/\/www.retaildetail.be\/nl\/#\/schema\/person\/66b54803fa10759039079458ea89e307","name":"Pauline Neerman","image":{"@type":"ImageObject","inLanguage":"fr-FR","@id":"https:\/\/secure.gravatar.com\/avatar\/58db22aee589a691f9603e5765ac06010427a923f9b2728b951eb7fe27214d70?s=96&d=mm&r=g","url":"https:\/\/secure.gravatar.com\/avatar\/58db22aee589a691f9603e5765ac06010427a923f9b2728b951eb7fe27214d70?s=96&d=mm&r=g","contentUrl":"https:\/\/secure.gravatar.com\/avatar\/58db22aee589a691f9603e5765ac06010427a923f9b2728b951eb7fe27214d70?s=96&d=mm&r=g","caption":"Pauline Neerman"},"url":"https:\/\/www.retaildetail.be\/fr\/author\/paulineneerman\/"}]}},"jetpack_featured_media_url":"https:\/\/www.retaildetail.be\/wp-content\/uploads\/2026\/03\/shutterstock_2673910905-abercrombie-1.jpg","jetpack_sharing_enabled":true,"_links":{"self":[{"href":"https:\/\/www.retaildetail.be\/fr\/wp-json\/wp\/v2\/posts\/143361","targetHints":{"allow":["GET"]}}],"collection":[{"href":"https:\/\/www.retaildetail.be\/fr\/wp-json\/wp\/v2\/posts"}],"about":[{"href":"https:\/\/www.retaildetail.be\/fr\/wp-json\/wp\/v2\/types\/post"}],"author":[{"embeddable":true,"href":"https:\/\/www.retaildetail.be\/fr\/wp-json\/wp\/v2\/users\/5"}],"replies":[{"embeddable":true,"href":"https:\/\/www.retaildetail.be\/fr\/wp-json\/wp\/v2\/comments?post=143361"}],"version-history":[{"count":1,"href":"https:\/\/www.retaildetail.be\/fr\/wp-json\/wp\/v2\/posts\/143361\/revisions"}],"predecessor-version":[{"id":143363,"href":"https:\/\/www.retaildetail.be\/fr\/wp-json\/wp\/v2\/posts\/143361\/revisions\/143363"}],"wp:featuredmedia":[{"embeddable":true,"href":"https:\/\/www.retaildetail.be\/fr\/wp-json\/wp\/v2\/media\/143362"}],"wp:attachment":[{"href":"https:\/\/www.retaildetail.be\/fr\/wp-json\/wp\/v2\/media?parent=143361"}],"wp:term":[{"taxonomy":"category","embeddable":true,"href":"https:\/\/www.retaildetail.be\/fr\/wp-json\/wp\/v2\/categories?post=143361"},{"taxonomy":"post_tag","embeddable":true,"href":"https:\/\/www.retaildetail.be\/fr\/wp-json\/wp\/v2\/tags?post=143361"},{"taxonomy":"people","embeddable":true,"href":"https:\/\/www.retaildetail.be\/fr\/wp-json\/wp\/v2\/people?post=143361"},{"taxonomy":"extra","embeddable":true,"href":"https:\/\/www.retaildetail.be\/fr\/wp-json\/wp\/v2\/extra?post=143361"},{"taxonomy":"company","embeddable":true,"href":"https:\/\/www.retaildetail.be\/fr\/wp-json\/wp\/v2\/company?post=143361"},{"taxonomy":"topic","embeddable":true,"href":"https:\/\/www.retaildetail.be\/fr\/wp-json\/wp\/v2\/topic?post=143361"},{"taxonomy":"region","embeddable":true,"href":"https:\/\/www.retaildetail.be\/fr\/wp-json\/wp\/v2\/region?post=143361"}],"curies":[{"name":"wp","href":"https:\/\/api.w.org\/{rel}","templated":true}]}}