{"id":143371,"date":"2026-03-05T10:58:40","date_gmt":"2026-03-05T09:58:40","guid":{"rendered":"https:\/\/www.retaildetail.be\/?p=143371"},"modified":"2026-03-05T10:58:42","modified_gmt":"2026-03-05T09:58:42","slug":"ferrero-scinde-ses-activites-et-reorganise-sa-direction","status":"publish","type":"post","link":"https:\/\/www.retaildetail.be\/fr\/news\/food\/ferrero-scinde-ses-activites-et-reorganise-sa-direction\/","title":{"rendered":"Ferrero scinde ses activit\u00e9s et r\u00e9organise sa direction"},"content":{"rendered":"\n<p>Le fabricant de Nutella, <strong>Ferrero<\/strong>, modifie sa structure de direction et s\u00e9pare son activit\u00e9 principale traditionnelle des activit\u00e9s plus r\u00e9centes telles que les glaces et les c\u00e9r\u00e9ales pour le petit-d\u00e9jeuner. L&rsquo;actuel directeur du groupe d\u00e9m\u00e9nage \u00e9galement afin de superviser l&rsquo;int\u00e9gration de <strong>Kellogg<\/strong>.<\/p>\n\n\n\n<h2 class=\"wp-block-heading\">Ancien contre nouveau<\/h2>\n\n\n\n<p>Ferrero regroupe d\u00e9sormais ses activit\u00e9s traditionnelles \u2013 chocolat, confiserie, biscuits, produits de boulangerie et <em>produits<\/em> dits <em>\u00ab better-for-you \u00bb<\/em> \u2013 dans la division Ferrero Core. Le directeur strat\u00e9gique Alessandro Nervegna prendra la t\u00eate de cette nouvelle division \u00e0 partir du 1er septembre. M. Nervegna est actuellement directeur de la strat\u00e9gie et de l&rsquo;innovation et travaille chez Ferrero depuis pr\u00e8s de trente ans.<\/p>\n\n\n\n<p>L&rsquo;actuel PDG du groupe, Lapo Civiletti, quitte donc la direction quotidienne de l&rsquo;entreprise principale. Il devient directeur de Ferrero Ice Cream et de WK Kellogg Co., le fabricant de c\u00e9r\u00e9ales pour petit-d\u00e9jeuner que Ferrero a rachet\u00e9 en septembre 2024 pour 3,1 milliards de dollars am\u00e9ricains (2,85 milliards d&rsquo;euros). Civiletti restera toutefois vice-pr\u00e9sident de Ferrero International S.A. Lui et Nervegna rendront directement compte \u00e0 Giovanni Ferrero.<\/p>\n\n\n\n<h2 class=\"wp-block-heading\">Croissance par acquisitions<\/h2>\n\n\n\n<p>Civiletti travaille chez Ferrero depuis 2004 et est devenu en 2017 le premier PDG non familial du groupe. Sous sa direction, l&rsquo;entreprise a doubl\u00e9 de taille en moins de dix ans. Au cours des dix derni\u00e8res ann\u00e9es, Ferrero est pass\u00e9 du statut de simple fabricant de chocolat \u00e0 celui d&rsquo;acteur plus important dans le secteur de la confiserie. Le groupe a r\u00e9alis\u00e9 cette transformation gr\u00e2ce \u00e0 des acquisitions, \u00e0 l&rsquo;innovation produit et \u00e0 son expansion internationale.<\/p>\n\n\n\n<p>L&rsquo;achat de WK Kellogg s&rsquo;inscrit dans cette strat\u00e9gie, tout comme les acquisitions pr\u00e9c\u00e9dentes en Am\u00e9rique du Nord. Dans le m\u00eame temps, Ferrero investit davantage dans les glaces. En d\u00e9cembre, le groupe a annonc\u00e9 l&rsquo;extension de son usine de glaces en Espagne pour plusieurs centaines de millions d&rsquo;euros et la concentration totale de la production sur ses propres marques.<\/p>\n","protected":false},"excerpt":{"rendered":"<p>Le fabricant de Nutella Ferrero modifie sa structure de direction et s\u00e9pare son activit\u00e9 principale traditionnelle de ses activit\u00e9s plus r\u00e9centes telles que les glaces et les c\u00e9r\u00e9ales pour le petit-d\u00e9jeuner. L&rsquo;actuel directeur du groupe d\u00e9m\u00e9nage \u00e9galement afin de superviser l&rsquo;int\u00e9gration de Kellogg&rsquo;s.<\/p>\n","protected":false},"author":5,"featured_media":143372,"comment_status":"closed","ping_status":"closed","sticky":false,"template":"","format":"standard","meta":{"_acf_changed":false,"inline_featured_image":false,"_jetpack_memberships_contains_paid_content":false,"footnotes":""},"categories":[18,24],"tags":[],"people":[],"extra":[43],"company":[391],"topic":[609,332],"region":[525],"class_list":{"0":"post-143371","1":"post","2":"type-post","3":"status-publish","4":"format-standard","5":"has-post-thumbnail","6":"hentry","7":"category-food","9":"extra-plus","10":"company-ferrero","11":"topic-changement-de-direction","12":"topic-restructuration","13":"region-italie"},"acf":[],"yoast_head":"<!-- This site is optimized with the Yoast SEO plugin v27.3 - https:\/\/yoast.com\/product\/yoast-seo-wordpress\/ -->\n<title>Ferrero scinde ses activit\u00e9s et r\u00e9organise sa direction - RetailDetail BE<\/title>\n<meta name=\"description\" content=\"Le fabricant de Nutella, Ferrero, modifie sa structure de direction et s\u00e9pare son activit\u00e9 principale traditionnelle des activit\u00e9s plus r\u00e9centes.\" \/>\n<meta name=\"robots\" content=\"index, follow, max-snippet:-1, max-image-preview:large, max-video-preview:-1\" \/>\n<link rel=\"canonical\" href=\"https:\/\/www.retaildetail.be\/fr\/news\/food\/ferrero-scinde-ses-activites-et-reorganise-sa-direction\/\" \/>\n<meta property=\"og:locale\" content=\"fr_FR\" \/>\n<meta property=\"og:type\" content=\"article\" \/>\n<meta property=\"og:title\" content=\"Ferrero scinde ses activit\u00e9s et r\u00e9organise sa direction - RetailDetail BE\" \/>\n<meta property=\"og:description\" content=\"Le fabricant de Nutella, Ferrero, modifie sa structure de direction et s\u00e9pare son activit\u00e9 principale traditionnelle des activit\u00e9s plus r\u00e9centes.\" \/>\n<meta property=\"og:url\" content=\"https:\/\/www.retaildetail.be\/fr\/news\/food\/ferrero-scinde-ses-activites-et-reorganise-sa-direction\/\" \/>\n<meta property=\"og:site_name\" content=\"RetailDetail BE\" \/>\n<meta property=\"article:published_time\" content=\"2026-03-05T09:58:40+00:00\" \/>\n<meta property=\"article:modified_time\" content=\"2026-03-05T09:58:42+00:00\" \/>\n<meta property=\"og:image\" content=\"https:\/\/www.retaildetail.be\/wp-content\/uploads\/2026\/03\/ferrero.jpg\" \/>\n\t<meta property=\"og:image:width\" content=\"1350\" \/>\n\t<meta property=\"og:image:height\" content=\"880\" \/>\n\t<meta property=\"og:image:type\" content=\"image\/jpeg\" \/>\n<meta name=\"author\" content=\"Pauline Neerman\" \/>\n<meta name=\"twitter:card\" content=\"summary_large_image\" \/>\n<meta name=\"twitter:label1\" content=\"\u00c9crit par\" \/>\n\t<meta name=\"twitter:data1\" content=\"Pauline Neerman\" \/>\n\t<meta name=\"twitter:label2\" content=\"Dur\u00e9e de lecture estim\u00e9e\" \/>\n\t<meta name=\"twitter:data2\" content=\"2 minutes\" \/>\n<script type=\"application\/ld+json\" class=\"yoast-schema-graph\">{\"@context\":\"https:\\\/\\\/schema.org\",\"@graph\":[{\"@type\":\"NewsArticle\",\"@id\":\"https:\\\/\\\/www.retaildetail.be\\\/fr\\\/news\\\/food\\\/ferrero-scinde-ses-activites-et-reorganise-sa-direction\\\/#article\",\"isPartOf\":{\"@id\":\"https:\\\/\\\/www.retaildetail.be\\\/fr\\\/news\\\/food\\\/ferrero-scinde-ses-activites-et-reorganise-sa-direction\\\/\"},\"author\":{\"name\":\"Pauline Neerman\",\"@id\":\"https:\\\/\\\/www.retaildetail.be\\\/nl\\\/#\\\/schema\\\/person\\\/66b54803fa10759039079458ea89e307\"},\"headline\":\"Ferrero scinde ses activit\u00e9s et r\u00e9organise sa direction\",\"datePublished\":\"2026-03-05T09:58:40+00:00\",\"dateModified\":\"2026-03-05T09:58:42+00:00\",\"mainEntityOfPage\":{\"@id\":\"https:\\\/\\\/www.retaildetail.be\\\/fr\\\/news\\\/food\\\/ferrero-scinde-ses-activites-et-reorganise-sa-direction\\\/\"},\"wordCount\":348,\"publisher\":{\"@id\":\"https:\\\/\\\/www.retaildetail.be\\\/nl\\\/#organization\"},\"image\":{\"@id\":\"https:\\\/\\\/www.retaildetail.be\\\/fr\\\/news\\\/food\\\/ferrero-scinde-ses-activites-et-reorganise-sa-direction\\\/#primaryimage\"},\"thumbnailUrl\":\"https:\\\/\\\/www.retaildetail.be\\\/wp-content\\\/uploads\\\/2026\\\/03\\\/ferrero.jpg\",\"articleSection\":[\"Food\",\"Food\"],\"inLanguage\":\"fr-FR\",\"copyrightYear\":\"2026\",\"copyrightHolder\":{\"@id\":\"https:\\\/\\\/www.retaildetail.be\\\/#organization\"}},{\"@type\":\"WebPage\",\"@id\":\"https:\\\/\\\/www.retaildetail.be\\\/fr\\\/news\\\/food\\\/ferrero-scinde-ses-activites-et-reorganise-sa-direction\\\/\",\"url\":\"https:\\\/\\\/www.retaildetail.be\\\/fr\\\/news\\\/food\\\/ferrero-scinde-ses-activites-et-reorganise-sa-direction\\\/\",\"name\":\"Ferrero scinde ses activit\u00e9s et r\u00e9organise sa direction - RetailDetail BE\",\"isPartOf\":{\"@id\":\"https:\\\/\\\/www.retaildetail.be\\\/nl\\\/#website\"},\"primaryImageOfPage\":{\"@id\":\"https:\\\/\\\/www.retaildetail.be\\\/fr\\\/news\\\/food\\\/ferrero-scinde-ses-activites-et-reorganise-sa-direction\\\/#primaryimage\"},\"image\":{\"@id\":\"https:\\\/\\\/www.retaildetail.be\\\/fr\\\/news\\\/food\\\/ferrero-scinde-ses-activites-et-reorganise-sa-direction\\\/#primaryimage\"},\"thumbnailUrl\":\"https:\\\/\\\/www.retaildetail.be\\\/wp-content\\\/uploads\\\/2026\\\/03\\\/ferrero.jpg\",\"datePublished\":\"2026-03-05T09:58:40+00:00\",\"dateModified\":\"2026-03-05T09:58:42+00:00\",\"description\":\"Le fabricant de Nutella, Ferrero, modifie sa structure de direction et s\u00e9pare son activit\u00e9 principale traditionnelle des activit\u00e9s plus r\u00e9centes.\",\"breadcrumb\":{\"@id\":\"https:\\\/\\\/www.retaildetail.be\\\/fr\\\/news\\\/food\\\/ferrero-scinde-ses-activites-et-reorganise-sa-direction\\\/#breadcrumb\"},\"inLanguage\":\"fr-FR\",\"potentialAction\":[{\"@type\":\"ReadAction\",\"target\":[\"https:\\\/\\\/www.retaildetail.be\\\/fr\\\/news\\\/food\\\/ferrero-scinde-ses-activites-et-reorganise-sa-direction\\\/\"]}]},{\"@type\":\"ImageObject\",\"inLanguage\":\"fr-FR\",\"@id\":\"https:\\\/\\\/www.retaildetail.be\\\/fr\\\/news\\\/food\\\/ferrero-scinde-ses-activites-et-reorganise-sa-direction\\\/#primaryimage\",\"url\":\"https:\\\/\\\/www.retaildetail.be\\\/wp-content\\\/uploads\\\/2026\\\/03\\\/ferrero.jpg\",\"contentUrl\":\"https:\\\/\\\/www.retaildetail.be\\\/wp-content\\\/uploads\\\/2026\\\/03\\\/ferrero.jpg\",\"width\":1350,\"height\":880,\"caption\":\"Shutterstock.com\"},{\"@type\":\"BreadcrumbList\",\"@id\":\"https:\\\/\\\/www.retaildetail.be\\\/fr\\\/news\\\/food\\\/ferrero-scinde-ses-activites-et-reorganise-sa-direction\\\/#breadcrumb\",\"itemListElement\":[{\"@type\":\"ListItem\",\"position\":1,\"name\":\"Home\",\"item\":\"https:\\\/\\\/www.retaildetail.be\\\/fr\\\/\"},{\"@type\":\"ListItem\",\"position\":2,\"name\":\"Ferrero scinde ses activit\u00e9s et r\u00e9organise sa direction\"}]},{\"@type\":\"WebSite\",\"@id\":\"https:\\\/\\\/www.retaildetail.be\\\/nl\\\/#website\",\"url\":\"https:\\\/\\\/www.retaildetail.be\\\/nl\\\/\",\"name\":\"RetailDetail BE\",\"description\":\"News\",\"publisher\":{\"@id\":\"https:\\\/\\\/www.retaildetail.be\\\/nl\\\/#organization\"},\"potentialAction\":[{\"@type\":\"SearchAction\",\"target\":{\"@type\":\"EntryPoint\",\"urlTemplate\":\"https:\\\/\\\/www.retaildetail.be\\\/nl\\\/?s={search_term_string}\"},\"query-input\":{\"@type\":\"PropertyValueSpecification\",\"valueRequired\":true,\"valueName\":\"search_term_string\"}}],\"inLanguage\":\"fr-FR\"},{\"@type\":\"Organization\",\"@id\":\"https:\\\/\\\/www.retaildetail.be\\\/nl\\\/#organization\",\"name\":\"RetailDetail BE\",\"url\":\"https:\\\/\\\/www.retaildetail.be\\\/nl\\\/\",\"logo\":{\"@type\":\"ImageObject\",\"inLanguage\":\"fr-FR\",\"@id\":\"https:\\\/\\\/www.retaildetail.be\\\/nl\\\/#\\\/schema\\\/logo\\\/image\\\/\",\"url\":\"https:\\\/\\\/www.retaildetail.be\\\/wp-content\\\/uploads\\\/2022\\\/04\\\/logo.svg\",\"contentUrl\":\"https:\\\/\\\/www.retaildetail.be\\\/wp-content\\\/uploads\\\/2022\\\/04\\\/logo.svg\",\"width\":131,\"height\":70,\"caption\":\"RetailDetail BE\"},\"image\":{\"@id\":\"https:\\\/\\\/www.retaildetail.be\\\/nl\\\/#\\\/schema\\\/logo\\\/image\\\/\"}},{\"@type\":\"Person\",\"@id\":\"https:\\\/\\\/www.retaildetail.be\\\/nl\\\/#\\\/schema\\\/person\\\/66b54803fa10759039079458ea89e307\",\"name\":\"Pauline Neerman\",\"image\":{\"@type\":\"ImageObject\",\"inLanguage\":\"fr-FR\",\"@id\":\"https:\\\/\\\/secure.gravatar.com\\\/avatar\\\/58db22aee589a691f9603e5765ac06010427a923f9b2728b951eb7fe27214d70?s=96&d=mm&r=g\",\"url\":\"https:\\\/\\\/secure.gravatar.com\\\/avatar\\\/58db22aee589a691f9603e5765ac06010427a923f9b2728b951eb7fe27214d70?s=96&d=mm&r=g\",\"contentUrl\":\"https:\\\/\\\/secure.gravatar.com\\\/avatar\\\/58db22aee589a691f9603e5765ac06010427a923f9b2728b951eb7fe27214d70?s=96&d=mm&r=g\",\"caption\":\"Pauline Neerman\"},\"url\":\"https:\\\/\\\/www.retaildetail.be\\\/fr\\\/author\\\/paulineneerman\\\/\"}]}<\/script>\n<!-- \/ Yoast SEO plugin. -->","yoast_head_json":{"title":"Ferrero scinde ses activit\u00e9s et r\u00e9organise sa direction - RetailDetail BE","description":"Le fabricant de Nutella, Ferrero, modifie sa structure de direction et s\u00e9pare son activit\u00e9 principale traditionnelle des activit\u00e9s plus r\u00e9centes.","robots":{"index":"index","follow":"follow","max-snippet":"max-snippet:-1","max-image-preview":"max-image-preview:large","max-video-preview":"max-video-preview:-1"},"canonical":"https:\/\/www.retaildetail.be\/fr\/news\/food\/ferrero-scinde-ses-activites-et-reorganise-sa-direction\/","og_locale":"fr_FR","og_type":"article","og_title":"Ferrero scinde ses activit\u00e9s et r\u00e9organise sa direction - RetailDetail BE","og_description":"Le fabricant de Nutella, Ferrero, modifie sa structure de direction et s\u00e9pare son activit\u00e9 principale traditionnelle des activit\u00e9s plus r\u00e9centes.","og_url":"https:\/\/www.retaildetail.be\/fr\/news\/food\/ferrero-scinde-ses-activites-et-reorganise-sa-direction\/","og_site_name":"RetailDetail BE","article_published_time":"2026-03-05T09:58:40+00:00","article_modified_time":"2026-03-05T09:58:42+00:00","og_image":[{"width":1350,"height":880,"url":"https:\/\/www.retaildetail.be\/wp-content\/uploads\/2026\/03\/ferrero.jpg","type":"image\/jpeg"}],"author":"Pauline Neerman","twitter_card":"summary_large_image","twitter_misc":{"\u00c9crit par":"Pauline Neerman","Dur\u00e9e de lecture estim\u00e9e":"2 minutes"},"schema":{"@context":"https:\/\/schema.org","@graph":[{"@type":"NewsArticle","@id":"https:\/\/www.retaildetail.be\/fr\/news\/food\/ferrero-scinde-ses-activites-et-reorganise-sa-direction\/#article","isPartOf":{"@id":"https:\/\/www.retaildetail.be\/fr\/news\/food\/ferrero-scinde-ses-activites-et-reorganise-sa-direction\/"},"author":{"name":"Pauline Neerman","@id":"https:\/\/www.retaildetail.be\/nl\/#\/schema\/person\/66b54803fa10759039079458ea89e307"},"headline":"Ferrero scinde ses activit\u00e9s et r\u00e9organise sa direction","datePublished":"2026-03-05T09:58:40+00:00","dateModified":"2026-03-05T09:58:42+00:00","mainEntityOfPage":{"@id":"https:\/\/www.retaildetail.be\/fr\/news\/food\/ferrero-scinde-ses-activites-et-reorganise-sa-direction\/"},"wordCount":348,"publisher":{"@id":"https:\/\/www.retaildetail.be\/nl\/#organization"},"image":{"@id":"https:\/\/www.retaildetail.be\/fr\/news\/food\/ferrero-scinde-ses-activites-et-reorganise-sa-direction\/#primaryimage"},"thumbnailUrl":"https:\/\/www.retaildetail.be\/wp-content\/uploads\/2026\/03\/ferrero.jpg","articleSection":["Food","Food"],"inLanguage":"fr-FR","copyrightYear":"2026","copyrightHolder":{"@id":"https:\/\/www.retaildetail.be\/#organization"}},{"@type":"WebPage","@id":"https:\/\/www.retaildetail.be\/fr\/news\/food\/ferrero-scinde-ses-activites-et-reorganise-sa-direction\/","url":"https:\/\/www.retaildetail.be\/fr\/news\/food\/ferrero-scinde-ses-activites-et-reorganise-sa-direction\/","name":"Ferrero scinde ses activit\u00e9s et r\u00e9organise sa direction - RetailDetail BE","isPartOf":{"@id":"https:\/\/www.retaildetail.be\/nl\/#website"},"primaryImageOfPage":{"@id":"https:\/\/www.retaildetail.be\/fr\/news\/food\/ferrero-scinde-ses-activites-et-reorganise-sa-direction\/#primaryimage"},"image":{"@id":"https:\/\/www.retaildetail.be\/fr\/news\/food\/ferrero-scinde-ses-activites-et-reorganise-sa-direction\/#primaryimage"},"thumbnailUrl":"https:\/\/www.retaildetail.be\/wp-content\/uploads\/2026\/03\/ferrero.jpg","datePublished":"2026-03-05T09:58:40+00:00","dateModified":"2026-03-05T09:58:42+00:00","description":"Le fabricant de Nutella, Ferrero, modifie sa structure de direction et s\u00e9pare son activit\u00e9 principale traditionnelle des activit\u00e9s plus r\u00e9centes.","breadcrumb":{"@id":"https:\/\/www.retaildetail.be\/fr\/news\/food\/ferrero-scinde-ses-activites-et-reorganise-sa-direction\/#breadcrumb"},"inLanguage":"fr-FR","potentialAction":[{"@type":"ReadAction","target":["https:\/\/www.retaildetail.be\/fr\/news\/food\/ferrero-scinde-ses-activites-et-reorganise-sa-direction\/"]}]},{"@type":"ImageObject","inLanguage":"fr-FR","@id":"https:\/\/www.retaildetail.be\/fr\/news\/food\/ferrero-scinde-ses-activites-et-reorganise-sa-direction\/#primaryimage","url":"https:\/\/www.retaildetail.be\/wp-content\/uploads\/2026\/03\/ferrero.jpg","contentUrl":"https:\/\/www.retaildetail.be\/wp-content\/uploads\/2026\/03\/ferrero.jpg","width":1350,"height":880,"caption":"Shutterstock.com"},{"@type":"BreadcrumbList","@id":"https:\/\/www.retaildetail.be\/fr\/news\/food\/ferrero-scinde-ses-activites-et-reorganise-sa-direction\/#breadcrumb","itemListElement":[{"@type":"ListItem","position":1,"name":"Home","item":"https:\/\/www.retaildetail.be\/fr\/"},{"@type":"ListItem","position":2,"name":"Ferrero scinde ses activit\u00e9s et r\u00e9organise sa direction"}]},{"@type":"WebSite","@id":"https:\/\/www.retaildetail.be\/nl\/#website","url":"https:\/\/www.retaildetail.be\/nl\/","name":"RetailDetail BE","description":"News","publisher":{"@id":"https:\/\/www.retaildetail.be\/nl\/#organization"},"potentialAction":[{"@type":"SearchAction","target":{"@type":"EntryPoint","urlTemplate":"https:\/\/www.retaildetail.be\/nl\/?s={search_term_string}"},"query-input":{"@type":"PropertyValueSpecification","valueRequired":true,"valueName":"search_term_string"}}],"inLanguage":"fr-FR"},{"@type":"Organization","@id":"https:\/\/www.retaildetail.be\/nl\/#organization","name":"RetailDetail BE","url":"https:\/\/www.retaildetail.be\/nl\/","logo":{"@type":"ImageObject","inLanguage":"fr-FR","@id":"https:\/\/www.retaildetail.be\/nl\/#\/schema\/logo\/image\/","url":"https:\/\/www.retaildetail.be\/wp-content\/uploads\/2022\/04\/logo.svg","contentUrl":"https:\/\/www.retaildetail.be\/wp-content\/uploads\/2022\/04\/logo.svg","width":131,"height":70,"caption":"RetailDetail BE"},"image":{"@id":"https:\/\/www.retaildetail.be\/nl\/#\/schema\/logo\/image\/"}},{"@type":"Person","@id":"https:\/\/www.retaildetail.be\/nl\/#\/schema\/person\/66b54803fa10759039079458ea89e307","name":"Pauline Neerman","image":{"@type":"ImageObject","inLanguage":"fr-FR","@id":"https:\/\/secure.gravatar.com\/avatar\/58db22aee589a691f9603e5765ac06010427a923f9b2728b951eb7fe27214d70?s=96&d=mm&r=g","url":"https:\/\/secure.gravatar.com\/avatar\/58db22aee589a691f9603e5765ac06010427a923f9b2728b951eb7fe27214d70?s=96&d=mm&r=g","contentUrl":"https:\/\/secure.gravatar.com\/avatar\/58db22aee589a691f9603e5765ac06010427a923f9b2728b951eb7fe27214d70?s=96&d=mm&r=g","caption":"Pauline Neerman"},"url":"https:\/\/www.retaildetail.be\/fr\/author\/paulineneerman\/"}]}},"jetpack_featured_media_url":"https:\/\/www.retaildetail.be\/wp-content\/uploads\/2026\/03\/ferrero.jpg","jetpack_sharing_enabled":true,"_links":{"self":[{"href":"https:\/\/www.retaildetail.be\/fr\/wp-json\/wp\/v2\/posts\/143371","targetHints":{"allow":["GET"]}}],"collection":[{"href":"https:\/\/www.retaildetail.be\/fr\/wp-json\/wp\/v2\/posts"}],"about":[{"href":"https:\/\/www.retaildetail.be\/fr\/wp-json\/wp\/v2\/types\/post"}],"author":[{"embeddable":true,"href":"https:\/\/www.retaildetail.be\/fr\/wp-json\/wp\/v2\/users\/5"}],"replies":[{"embeddable":true,"href":"https:\/\/www.retaildetail.be\/fr\/wp-json\/wp\/v2\/comments?post=143371"}],"version-history":[{"count":1,"href":"https:\/\/www.retaildetail.be\/fr\/wp-json\/wp\/v2\/posts\/143371\/revisions"}],"predecessor-version":[{"id":143379,"href":"https:\/\/www.retaildetail.be\/fr\/wp-json\/wp\/v2\/posts\/143371\/revisions\/143379"}],"wp:featuredmedia":[{"embeddable":true,"href":"https:\/\/www.retaildetail.be\/fr\/wp-json\/wp\/v2\/media\/143372"}],"wp:attachment":[{"href":"https:\/\/www.retaildetail.be\/fr\/wp-json\/wp\/v2\/media?parent=143371"}],"wp:term":[{"taxonomy":"category","embeddable":true,"href":"https:\/\/www.retaildetail.be\/fr\/wp-json\/wp\/v2\/categories?post=143371"},{"taxonomy":"post_tag","embeddable":true,"href":"https:\/\/www.retaildetail.be\/fr\/wp-json\/wp\/v2\/tags?post=143371"},{"taxonomy":"people","embeddable":true,"href":"https:\/\/www.retaildetail.be\/fr\/wp-json\/wp\/v2\/people?post=143371"},{"taxonomy":"extra","embeddable":true,"href":"https:\/\/www.retaildetail.be\/fr\/wp-json\/wp\/v2\/extra?post=143371"},{"taxonomy":"company","embeddable":true,"href":"https:\/\/www.retaildetail.be\/fr\/wp-json\/wp\/v2\/company?post=143371"},{"taxonomy":"topic","embeddable":true,"href":"https:\/\/www.retaildetail.be\/fr\/wp-json\/wp\/v2\/topic?post=143371"},{"taxonomy":"region","embeddable":true,"href":"https:\/\/www.retaildetail.be\/fr\/wp-json\/wp\/v2\/region?post=143371"}],"curies":[{"name":"wp","href":"https:\/\/api.w.org\/{rel}","templated":true}]}}