{"id":143391,"date":"2026-03-05T11:53:33","date_gmt":"2026-03-05T10:53:33","guid":{"rendered":"https:\/\/www.retaildetail.be\/?p=143391"},"modified":"2026-03-05T11:53:34","modified_gmt":"2026-03-05T10:53:34","slug":"ekoplaza-sempare-de-trois-anciens-supermarches-jumbo","status":"publish","type":"post","link":"https:\/\/www.retaildetail.be\/fr\/news\/food\/ekoplaza-sempare-de-trois-anciens-supermarches-jumbo\/","title":{"rendered":"Ekoplaza s&#8217;empare de trois anciens supermarch\u00e9s Jumbo"},"content":{"rendered":"\n<p><strong>Ekoplaza<\/strong>, la plus grande cha\u00eene de supermarch\u00e9s bio des Pays-Bas, ouvrira en avril et mai trois nouveaux magasins dans d&rsquo;anciens locaux <strong>Jumbo<\/strong> \u00e0 Utrecht et La Haye. En 2025, la cha\u00eene a r\u00e9alis\u00e9 une croissance autonome de son chiffre d&rsquo;affaires de 7 %.<\/p>\n\n\n\n<h2 class=\"wp-block-heading\">Popularit\u00e9 croissante des produits biologiques<\/h2>\n\n\n\n<p>Les nouveaux magasins \u00e9taient auparavant des succursales Jumbo City, mais Jumbo a d\u00e9cid\u00e9 il y a quelque temps de ne pas poursuivre cette enseigne de magasins urbains. Les locaux sont actuellement en cours de transformation pour s&rsquo;adapter au concept commercial d&rsquo;Ekoplaza. Les magasins situ\u00e9s dans la Nachtegaalstraat \u00e0 Utrecht (qui rouvrira le 1er avril) et dans la Frederik Hendriklaan \u00e0 La Haye (15 avril) adopteront le concept \u00ab Foodmarqt \u00bb, qui met l&rsquo;accent sur un large assortiment de produits frais, avec des repas biologiques, des fromages artisanaux et du poisson fra\u00eechement d\u00e9coup\u00e9. Ekoplaza ouvrira ses portes le 1er mai dans la Twijnstraat \u00e0 Utrecht.<\/p>\n\n\n\n<p>En 2025, Ekoplaza a surpass\u00e9 le march\u00e9 avec une croissance autonome de son chiffre d&rsquo;affaires de 7 %. Le d\u00e9taillant souligne l&rsquo;augmentation du nombre de nouveaux clients et la popularit\u00e9 croissante des aliments biologiques. D&rsquo;autres ouvertures de magasins et r\u00e9novations sont pr\u00e9vues dans le courant de l&rsquo;ann\u00e9e.<\/p>\n\n\n\n<p>\u00ab Nous sommes fiers de notre croissance au cours de l&rsquo;ann\u00e9e \u00e9coul\u00e9e et envisageons 2026 avec confiance. Nous constatons que l&rsquo;int\u00e9r\u00eat pour une alimentation saine et \u00e9quitable ne cesse de cro\u00eetre, et avec l&rsquo;ouverture de ces trois nouveaux magasins, nous rapprochons encore davantage les aliments biologiques des consommateurs \u00bb, d\u00e9clare Erik Does, PDG d&rsquo;Udea, la soci\u00e9t\u00e9 m\u00e8re d&rsquo;Ekoplaza aux Pays-Bas et de <strong>F\u00e4rm<\/strong> en Belgique.<\/p>\n\n\n\n<p><\/p>\n","protected":false},"excerpt":{"rendered":"<p>Ekoplaza, la plus grande cha\u00eene de supermarch\u00e9s bio des Pays-Bas, ouvrira trois nouveaux magasins en avril et mai dans d&rsquo;anciens locaux Jumbo \u00e0 Utrecht et La Haye. En 2025, la cha\u00eene a enregistr\u00e9 une croissance autonome de son chiffre d&rsquo;affaires de 7 %.<\/p>\n","protected":false},"author":3,"featured_media":143392,"comment_status":"closed","ping_status":"closed","sticky":false,"template":"","format":"standard","meta":{"_acf_changed":false,"inline_featured_image":false,"_jetpack_memberships_contains_paid_content":false,"footnotes":""},"categories":[18,24],"tags":[450],"people":[],"extra":[],"company":[452,217],"topic":[276],"region":[524],"class_list":{"0":"post-143391","1":"post","2":"type-post","3":"status-publish","4":"format-standard","5":"has-post-thumbnail","6":"hentry","7":"category-food","9":"tag-biologisch","10":"company-ekoplaza","11":"company-jumbo","12":"topic-expansion","13":"region-pays-bas"},"acf":[],"yoast_head":"<!-- This site is optimized with the Yoast SEO plugin v27.3 - https:\/\/yoast.com\/product\/yoast-seo-wordpress\/ -->\n<title>Ekoplaza s&#039;empare de trois anciens supermarch\u00e9s Jumbo - RetailDetail BE<\/title>\n<meta name=\"description\" content=\"Ekoplaza, la plus grande cha\u00eene de supermarch\u00e9s bio des Pays-Bas, ouvrira en avril et mai trois nouveaux magasins dans d&#039;anciens locaux Jumbo.\" \/>\n<meta name=\"robots\" content=\"index, follow, max-snippet:-1, max-image-preview:large, max-video-preview:-1\" \/>\n<link rel=\"canonical\" href=\"https:\/\/www.retaildetail.be\/fr\/news\/food\/ekoplaza-sempare-de-trois-anciens-supermarches-jumbo\/\" \/>\n<meta property=\"og:locale\" content=\"fr_FR\" \/>\n<meta property=\"og:type\" content=\"article\" \/>\n<meta property=\"og:title\" content=\"Ekoplaza s&#039;empare de trois anciens supermarch\u00e9s Jumbo - RetailDetail BE\" \/>\n<meta property=\"og:description\" content=\"Ekoplaza, la plus grande cha\u00eene de supermarch\u00e9s bio des Pays-Bas, ouvrira en avril et mai trois nouveaux magasins dans d&#039;anciens locaux Jumbo.\" \/>\n<meta property=\"og:url\" content=\"https:\/\/www.retaildetail.be\/fr\/news\/food\/ekoplaza-sempare-de-trois-anciens-supermarches-jumbo\/\" \/>\n<meta property=\"og:site_name\" content=\"RetailDetail BE\" \/>\n<meta property=\"article:published_time\" content=\"2026-03-05T10:53:33+00:00\" \/>\n<meta property=\"article:modified_time\" content=\"2026-03-05T10:53:34+00:00\" \/>\n<meta property=\"og:image\" content=\"https:\/\/www.retaildetail.be\/wp-content\/uploads\/2026\/03\/Ekoplaza-store-1.jpg\" \/>\n\t<meta property=\"og:image:width\" content=\"1332\" \/>\n\t<meta property=\"og:image:height\" content=\"886\" \/>\n\t<meta property=\"og:image:type\" content=\"image\/jpeg\" \/>\n<meta name=\"author\" content=\"Stefan Van Rompaey\" \/>\n<meta name=\"twitter:card\" content=\"summary_large_image\" \/>\n<meta name=\"twitter:label1\" content=\"\u00c9crit par\" \/>\n\t<meta name=\"twitter:data1\" content=\"Stefan Van Rompaey\" \/>\n\t<meta name=\"twitter:label2\" content=\"Dur\u00e9e de lecture estim\u00e9e\" \/>\n\t<meta name=\"twitter:data2\" content=\"1 minute\" \/>\n<script type=\"application\/ld+json\" class=\"yoast-schema-graph\">{\"@context\":\"https:\\\/\\\/schema.org\",\"@graph\":[{\"@type\":\"NewsArticle\",\"@id\":\"https:\\\/\\\/www.retaildetail.be\\\/fr\\\/news\\\/food\\\/ekoplaza-sempare-de-trois-anciens-supermarches-jumbo\\\/#article\",\"isPartOf\":{\"@id\":\"https:\\\/\\\/www.retaildetail.be\\\/fr\\\/news\\\/food\\\/ekoplaza-sempare-de-trois-anciens-supermarches-jumbo\\\/\"},\"author\":{\"name\":\"Stefan Van Rompaey\",\"@id\":\"https:\\\/\\\/www.retaildetail.be\\\/nl\\\/#\\\/schema\\\/person\\\/51aec6069c4416aa2f68b2e4ff3455df\"},\"headline\":\"Ekoplaza s&#8217;empare de trois anciens supermarch\u00e9s Jumbo\",\"datePublished\":\"2026-03-05T10:53:33+00:00\",\"dateModified\":\"2026-03-05T10:53:34+00:00\",\"mainEntityOfPage\":{\"@id\":\"https:\\\/\\\/www.retaildetail.be\\\/fr\\\/news\\\/food\\\/ekoplaza-sempare-de-trois-anciens-supermarches-jumbo\\\/\"},\"wordCount\":292,\"publisher\":{\"@id\":\"https:\\\/\\\/www.retaildetail.be\\\/nl\\\/#organization\"},\"image\":{\"@id\":\"https:\\\/\\\/www.retaildetail.be\\\/fr\\\/news\\\/food\\\/ekoplaza-sempare-de-trois-anciens-supermarches-jumbo\\\/#primaryimage\"},\"thumbnailUrl\":\"https:\\\/\\\/www.retaildetail.be\\\/wp-content\\\/uploads\\\/2026\\\/03\\\/Ekoplaza-store-1.jpg\",\"keywords\":[\"Biologisch\"],\"articleSection\":[\"Food\",\"Food\"],\"inLanguage\":\"fr-FR\",\"copyrightYear\":\"2026\",\"copyrightHolder\":{\"@id\":\"https:\\\/\\\/www.retaildetail.be\\\/#organization\"}},{\"@type\":\"WebPage\",\"@id\":\"https:\\\/\\\/www.retaildetail.be\\\/fr\\\/news\\\/food\\\/ekoplaza-sempare-de-trois-anciens-supermarches-jumbo\\\/\",\"url\":\"https:\\\/\\\/www.retaildetail.be\\\/fr\\\/news\\\/food\\\/ekoplaza-sempare-de-trois-anciens-supermarches-jumbo\\\/\",\"name\":\"Ekoplaza s'empare de trois anciens supermarch\u00e9s Jumbo - RetailDetail BE\",\"isPartOf\":{\"@id\":\"https:\\\/\\\/www.retaildetail.be\\\/nl\\\/#website\"},\"primaryImageOfPage\":{\"@id\":\"https:\\\/\\\/www.retaildetail.be\\\/fr\\\/news\\\/food\\\/ekoplaza-sempare-de-trois-anciens-supermarches-jumbo\\\/#primaryimage\"},\"image\":{\"@id\":\"https:\\\/\\\/www.retaildetail.be\\\/fr\\\/news\\\/food\\\/ekoplaza-sempare-de-trois-anciens-supermarches-jumbo\\\/#primaryimage\"},\"thumbnailUrl\":\"https:\\\/\\\/www.retaildetail.be\\\/wp-content\\\/uploads\\\/2026\\\/03\\\/Ekoplaza-store-1.jpg\",\"datePublished\":\"2026-03-05T10:53:33+00:00\",\"dateModified\":\"2026-03-05T10:53:34+00:00\",\"description\":\"Ekoplaza, la plus grande cha\u00eene de supermarch\u00e9s bio des Pays-Bas, ouvrira en avril et mai trois nouveaux magasins dans d'anciens locaux Jumbo.\",\"breadcrumb\":{\"@id\":\"https:\\\/\\\/www.retaildetail.be\\\/fr\\\/news\\\/food\\\/ekoplaza-sempare-de-trois-anciens-supermarches-jumbo\\\/#breadcrumb\"},\"inLanguage\":\"fr-FR\",\"potentialAction\":[{\"@type\":\"ReadAction\",\"target\":[\"https:\\\/\\\/www.retaildetail.be\\\/fr\\\/news\\\/food\\\/ekoplaza-sempare-de-trois-anciens-supermarches-jumbo\\\/\"]}]},{\"@type\":\"ImageObject\",\"inLanguage\":\"fr-FR\",\"@id\":\"https:\\\/\\\/www.retaildetail.be\\\/fr\\\/news\\\/food\\\/ekoplaza-sempare-de-trois-anciens-supermarches-jumbo\\\/#primaryimage\",\"url\":\"https:\\\/\\\/www.retaildetail.be\\\/wp-content\\\/uploads\\\/2026\\\/03\\\/Ekoplaza-store-1.jpg\",\"contentUrl\":\"https:\\\/\\\/www.retaildetail.be\\\/wp-content\\\/uploads\\\/2026\\\/03\\\/Ekoplaza-store-1.jpg\",\"width\":1332,\"height\":886,\"caption\":\"Ekoplaza\"},{\"@type\":\"BreadcrumbList\",\"@id\":\"https:\\\/\\\/www.retaildetail.be\\\/fr\\\/news\\\/food\\\/ekoplaza-sempare-de-trois-anciens-supermarches-jumbo\\\/#breadcrumb\",\"itemListElement\":[{\"@type\":\"ListItem\",\"position\":1,\"name\":\"Home\",\"item\":\"https:\\\/\\\/www.retaildetail.be\\\/fr\\\/\"},{\"@type\":\"ListItem\",\"position\":2,\"name\":\"Ekoplaza s&#8217;empare de trois anciens supermarch\u00e9s Jumbo\"}]},{\"@type\":\"WebSite\",\"@id\":\"https:\\\/\\\/www.retaildetail.be\\\/nl\\\/#website\",\"url\":\"https:\\\/\\\/www.retaildetail.be\\\/nl\\\/\",\"name\":\"RetailDetail BE\",\"description\":\"News\",\"publisher\":{\"@id\":\"https:\\\/\\\/www.retaildetail.be\\\/nl\\\/#organization\"},\"potentialAction\":[{\"@type\":\"SearchAction\",\"target\":{\"@type\":\"EntryPoint\",\"urlTemplate\":\"https:\\\/\\\/www.retaildetail.be\\\/nl\\\/?s={search_term_string}\"},\"query-input\":{\"@type\":\"PropertyValueSpecification\",\"valueRequired\":true,\"valueName\":\"search_term_string\"}}],\"inLanguage\":\"fr-FR\"},{\"@type\":\"Organization\",\"@id\":\"https:\\\/\\\/www.retaildetail.be\\\/nl\\\/#organization\",\"name\":\"RetailDetail BE\",\"url\":\"https:\\\/\\\/www.retaildetail.be\\\/nl\\\/\",\"logo\":{\"@type\":\"ImageObject\",\"inLanguage\":\"fr-FR\",\"@id\":\"https:\\\/\\\/www.retaildetail.be\\\/nl\\\/#\\\/schema\\\/logo\\\/image\\\/\",\"url\":\"https:\\\/\\\/www.retaildetail.be\\\/wp-content\\\/uploads\\\/2022\\\/04\\\/logo.svg\",\"contentUrl\":\"https:\\\/\\\/www.retaildetail.be\\\/wp-content\\\/uploads\\\/2022\\\/04\\\/logo.svg\",\"width\":131,\"height\":70,\"caption\":\"RetailDetail BE\"},\"image\":{\"@id\":\"https:\\\/\\\/www.retaildetail.be\\\/nl\\\/#\\\/schema\\\/logo\\\/image\\\/\"}},{\"@type\":\"Person\",\"@id\":\"https:\\\/\\\/www.retaildetail.be\\\/nl\\\/#\\\/schema\\\/person\\\/51aec6069c4416aa2f68b2e4ff3455df\",\"name\":\"Stefan Van Rompaey\",\"image\":{\"@type\":\"ImageObject\",\"inLanguage\":\"fr-FR\",\"@id\":\"https:\\\/\\\/secure.gravatar.com\\\/avatar\\\/fbbb4a80a0f109888b2a5ab8ae255617499ecde533749b3ab2fa6c23b5d65dac?s=96&d=mm&r=g\",\"url\":\"https:\\\/\\\/secure.gravatar.com\\\/avatar\\\/fbbb4a80a0f109888b2a5ab8ae255617499ecde533749b3ab2fa6c23b5d65dac?s=96&d=mm&r=g\",\"contentUrl\":\"https:\\\/\\\/secure.gravatar.com\\\/avatar\\\/fbbb4a80a0f109888b2a5ab8ae255617499ecde533749b3ab2fa6c23b5d65dac?s=96&d=mm&r=g\",\"caption\":\"Stefan Van Rompaey\"},\"url\":\"https:\\\/\\\/www.retaildetail.be\\\/fr\\\/author\\\/stefanvanrompaey\\\/\"}]}<\/script>\n<!-- \/ Yoast SEO plugin. -->","yoast_head_json":{"title":"Ekoplaza s'empare de trois anciens supermarch\u00e9s Jumbo - RetailDetail BE","description":"Ekoplaza, la plus grande cha\u00eene de supermarch\u00e9s bio des Pays-Bas, ouvrira en avril et mai trois nouveaux magasins dans d'anciens locaux Jumbo.","robots":{"index":"index","follow":"follow","max-snippet":"max-snippet:-1","max-image-preview":"max-image-preview:large","max-video-preview":"max-video-preview:-1"},"canonical":"https:\/\/www.retaildetail.be\/fr\/news\/food\/ekoplaza-sempare-de-trois-anciens-supermarches-jumbo\/","og_locale":"fr_FR","og_type":"article","og_title":"Ekoplaza s'empare de trois anciens supermarch\u00e9s Jumbo - RetailDetail BE","og_description":"Ekoplaza, la plus grande cha\u00eene de supermarch\u00e9s bio des Pays-Bas, ouvrira en avril et mai trois nouveaux magasins dans d'anciens locaux Jumbo.","og_url":"https:\/\/www.retaildetail.be\/fr\/news\/food\/ekoplaza-sempare-de-trois-anciens-supermarches-jumbo\/","og_site_name":"RetailDetail BE","article_published_time":"2026-03-05T10:53:33+00:00","article_modified_time":"2026-03-05T10:53:34+00:00","og_image":[{"width":1332,"height":886,"url":"https:\/\/www.retaildetail.be\/wp-content\/uploads\/2026\/03\/Ekoplaza-store-1.jpg","type":"image\/jpeg"}],"author":"Stefan Van Rompaey","twitter_card":"summary_large_image","twitter_misc":{"\u00c9crit par":"Stefan Van Rompaey","Dur\u00e9e de lecture estim\u00e9e":"1 minute"},"schema":{"@context":"https:\/\/schema.org","@graph":[{"@type":"NewsArticle","@id":"https:\/\/www.retaildetail.be\/fr\/news\/food\/ekoplaza-sempare-de-trois-anciens-supermarches-jumbo\/#article","isPartOf":{"@id":"https:\/\/www.retaildetail.be\/fr\/news\/food\/ekoplaza-sempare-de-trois-anciens-supermarches-jumbo\/"},"author":{"name":"Stefan Van Rompaey","@id":"https:\/\/www.retaildetail.be\/nl\/#\/schema\/person\/51aec6069c4416aa2f68b2e4ff3455df"},"headline":"Ekoplaza s&#8217;empare de trois anciens supermarch\u00e9s Jumbo","datePublished":"2026-03-05T10:53:33+00:00","dateModified":"2026-03-05T10:53:34+00:00","mainEntityOfPage":{"@id":"https:\/\/www.retaildetail.be\/fr\/news\/food\/ekoplaza-sempare-de-trois-anciens-supermarches-jumbo\/"},"wordCount":292,"publisher":{"@id":"https:\/\/www.retaildetail.be\/nl\/#organization"},"image":{"@id":"https:\/\/www.retaildetail.be\/fr\/news\/food\/ekoplaza-sempare-de-trois-anciens-supermarches-jumbo\/#primaryimage"},"thumbnailUrl":"https:\/\/www.retaildetail.be\/wp-content\/uploads\/2026\/03\/Ekoplaza-store-1.jpg","keywords":["Biologisch"],"articleSection":["Food","Food"],"inLanguage":"fr-FR","copyrightYear":"2026","copyrightHolder":{"@id":"https:\/\/www.retaildetail.be\/#organization"}},{"@type":"WebPage","@id":"https:\/\/www.retaildetail.be\/fr\/news\/food\/ekoplaza-sempare-de-trois-anciens-supermarches-jumbo\/","url":"https:\/\/www.retaildetail.be\/fr\/news\/food\/ekoplaza-sempare-de-trois-anciens-supermarches-jumbo\/","name":"Ekoplaza s'empare de trois anciens supermarch\u00e9s Jumbo - RetailDetail BE","isPartOf":{"@id":"https:\/\/www.retaildetail.be\/nl\/#website"},"primaryImageOfPage":{"@id":"https:\/\/www.retaildetail.be\/fr\/news\/food\/ekoplaza-sempare-de-trois-anciens-supermarches-jumbo\/#primaryimage"},"image":{"@id":"https:\/\/www.retaildetail.be\/fr\/news\/food\/ekoplaza-sempare-de-trois-anciens-supermarches-jumbo\/#primaryimage"},"thumbnailUrl":"https:\/\/www.retaildetail.be\/wp-content\/uploads\/2026\/03\/Ekoplaza-store-1.jpg","datePublished":"2026-03-05T10:53:33+00:00","dateModified":"2026-03-05T10:53:34+00:00","description":"Ekoplaza, la plus grande cha\u00eene de supermarch\u00e9s bio des Pays-Bas, ouvrira en avril et mai trois nouveaux magasins dans d'anciens locaux Jumbo.","breadcrumb":{"@id":"https:\/\/www.retaildetail.be\/fr\/news\/food\/ekoplaza-sempare-de-trois-anciens-supermarches-jumbo\/#breadcrumb"},"inLanguage":"fr-FR","potentialAction":[{"@type":"ReadAction","target":["https:\/\/www.retaildetail.be\/fr\/news\/food\/ekoplaza-sempare-de-trois-anciens-supermarches-jumbo\/"]}]},{"@type":"ImageObject","inLanguage":"fr-FR","@id":"https:\/\/www.retaildetail.be\/fr\/news\/food\/ekoplaza-sempare-de-trois-anciens-supermarches-jumbo\/#primaryimage","url":"https:\/\/www.retaildetail.be\/wp-content\/uploads\/2026\/03\/Ekoplaza-store-1.jpg","contentUrl":"https:\/\/www.retaildetail.be\/wp-content\/uploads\/2026\/03\/Ekoplaza-store-1.jpg","width":1332,"height":886,"caption":"Ekoplaza"},{"@type":"BreadcrumbList","@id":"https:\/\/www.retaildetail.be\/fr\/news\/food\/ekoplaza-sempare-de-trois-anciens-supermarches-jumbo\/#breadcrumb","itemListElement":[{"@type":"ListItem","position":1,"name":"Home","item":"https:\/\/www.retaildetail.be\/fr\/"},{"@type":"ListItem","position":2,"name":"Ekoplaza s&#8217;empare de trois anciens supermarch\u00e9s Jumbo"}]},{"@type":"WebSite","@id":"https:\/\/www.retaildetail.be\/nl\/#website","url":"https:\/\/www.retaildetail.be\/nl\/","name":"RetailDetail BE","description":"News","publisher":{"@id":"https:\/\/www.retaildetail.be\/nl\/#organization"},"potentialAction":[{"@type":"SearchAction","target":{"@type":"EntryPoint","urlTemplate":"https:\/\/www.retaildetail.be\/nl\/?s={search_term_string}"},"query-input":{"@type":"PropertyValueSpecification","valueRequired":true,"valueName":"search_term_string"}}],"inLanguage":"fr-FR"},{"@type":"Organization","@id":"https:\/\/www.retaildetail.be\/nl\/#organization","name":"RetailDetail BE","url":"https:\/\/www.retaildetail.be\/nl\/","logo":{"@type":"ImageObject","inLanguage":"fr-FR","@id":"https:\/\/www.retaildetail.be\/nl\/#\/schema\/logo\/image\/","url":"https:\/\/www.retaildetail.be\/wp-content\/uploads\/2022\/04\/logo.svg","contentUrl":"https:\/\/www.retaildetail.be\/wp-content\/uploads\/2022\/04\/logo.svg","width":131,"height":70,"caption":"RetailDetail BE"},"image":{"@id":"https:\/\/www.retaildetail.be\/nl\/#\/schema\/logo\/image\/"}},{"@type":"Person","@id":"https:\/\/www.retaildetail.be\/nl\/#\/schema\/person\/51aec6069c4416aa2f68b2e4ff3455df","name":"Stefan Van Rompaey","image":{"@type":"ImageObject","inLanguage":"fr-FR","@id":"https:\/\/secure.gravatar.com\/avatar\/fbbb4a80a0f109888b2a5ab8ae255617499ecde533749b3ab2fa6c23b5d65dac?s=96&d=mm&r=g","url":"https:\/\/secure.gravatar.com\/avatar\/fbbb4a80a0f109888b2a5ab8ae255617499ecde533749b3ab2fa6c23b5d65dac?s=96&d=mm&r=g","contentUrl":"https:\/\/secure.gravatar.com\/avatar\/fbbb4a80a0f109888b2a5ab8ae255617499ecde533749b3ab2fa6c23b5d65dac?s=96&d=mm&r=g","caption":"Stefan Van Rompaey"},"url":"https:\/\/www.retaildetail.be\/fr\/author\/stefanvanrompaey\/"}]}},"jetpack_featured_media_url":"https:\/\/www.retaildetail.be\/wp-content\/uploads\/2026\/03\/Ekoplaza-store-1.jpg","jetpack_sharing_enabled":true,"_links":{"self":[{"href":"https:\/\/www.retaildetail.be\/fr\/wp-json\/wp\/v2\/posts\/143391","targetHints":{"allow":["GET"]}}],"collection":[{"href":"https:\/\/www.retaildetail.be\/fr\/wp-json\/wp\/v2\/posts"}],"about":[{"href":"https:\/\/www.retaildetail.be\/fr\/wp-json\/wp\/v2\/types\/post"}],"author":[{"embeddable":true,"href":"https:\/\/www.retaildetail.be\/fr\/wp-json\/wp\/v2\/users\/3"}],"replies":[{"embeddable":true,"href":"https:\/\/www.retaildetail.be\/fr\/wp-json\/wp\/v2\/comments?post=143391"}],"version-history":[{"count":1,"href":"https:\/\/www.retaildetail.be\/fr\/wp-json\/wp\/v2\/posts\/143391\/revisions"}],"predecessor-version":[{"id":143393,"href":"https:\/\/www.retaildetail.be\/fr\/wp-json\/wp\/v2\/posts\/143391\/revisions\/143393"}],"wp:featuredmedia":[{"embeddable":true,"href":"https:\/\/www.retaildetail.be\/fr\/wp-json\/wp\/v2\/media\/143392"}],"wp:attachment":[{"href":"https:\/\/www.retaildetail.be\/fr\/wp-json\/wp\/v2\/media?parent=143391"}],"wp:term":[{"taxonomy":"category","embeddable":true,"href":"https:\/\/www.retaildetail.be\/fr\/wp-json\/wp\/v2\/categories?post=143391"},{"taxonomy":"post_tag","embeddable":true,"href":"https:\/\/www.retaildetail.be\/fr\/wp-json\/wp\/v2\/tags?post=143391"},{"taxonomy":"people","embeddable":true,"href":"https:\/\/www.retaildetail.be\/fr\/wp-json\/wp\/v2\/people?post=143391"},{"taxonomy":"extra","embeddable":true,"href":"https:\/\/www.retaildetail.be\/fr\/wp-json\/wp\/v2\/extra?post=143391"},{"taxonomy":"company","embeddable":true,"href":"https:\/\/www.retaildetail.be\/fr\/wp-json\/wp\/v2\/company?post=143391"},{"taxonomy":"topic","embeddable":true,"href":"https:\/\/www.retaildetail.be\/fr\/wp-json\/wp\/v2\/topic?post=143391"},{"taxonomy":"region","embeddable":true,"href":"https:\/\/www.retaildetail.be\/fr\/wp-json\/wp\/v2\/region?post=143391"}],"curies":[{"name":"wp","href":"https:\/\/api.w.org\/{rel}","templated":true}]}}