{"id":143538,"date":"2026-03-06T15:27:40","date_gmt":"2026-03-06T14:27:40","guid":{"rendered":"https:\/\/www.retaildetail.be\/?p=143538"},"modified":"2026-03-06T15:27:42","modified_gmt":"2026-03-06T14:27:42","slug":"lidl-sengage-en-faveur-du-protein-shift-de-la-lutte-contre-le-gaspillage-alimentaire-et-du-commerce-equitable","status":"publish","type":"post","link":"https:\/\/www.retaildetail.be\/fr\/news\/food\/lidl-sengage-en-faveur-du-protein-shift-de-la-lutte-contre-le-gaspillage-alimentaire-et-du-commerce-equitable\/","title":{"rendered":"Lidl s&rsquo;engage en faveur du \u00ab protein shift \u00bb, de la lutte contre le gaspillage alimentaire et du commerce \u00e9quitable"},"content":{"rendered":"\n<p>La protection du climat, l&rsquo;\u00e9conomie circulaire, le bien-\u00eatre animal et la lutte contre le gaspillage alimentaire sont les piliers de la strat\u00e9gie de d\u00e9veloppement durable de <strong>Lidl Belgique<\/strong>, qui rassemble ses r\u00e9alisations dans un nouveau magazine consacr\u00e9 au d\u00e9veloppement durable.<\/p>\n\n\n\n<h2 class=\"wp-block-heading\">\u00ab Acc\u00e9l\u00e9rer la transition ensemble \u00bb<\/h2>\n\n\n\n<p>Dans un nouveau magazine consacr\u00e9 au d\u00e9veloppement durable, Lidl Belgique revient sur ses principales r\u00e9alisations et les progr\u00e8s accomplis en 2023 et 2024. Le discounter a par exemple \u00e9t\u00e9 la premi\u00e8re cha\u00eene de supermarch\u00e9s en Belgique \u00e0 aligner le prix des alternatives v\u00e9g\u00e9tales \u00e0 la viande et aux produits laitiers sur celui de leurs \u00e9quivalents d&rsquo;origine animale, afin de faciliter l&rsquo;adoption d&rsquo;un r\u00e9gime alimentaire sain et respectueux du climat. D&rsquo;ici 2030, Lidl souhaite doubler les ventes de prot\u00e9ines v\u00e9g\u00e9tales dans ses magasins belges. Cet objectif est conforme au Planetary Health Diet, des recommandations alimentaires saines pour l&rsquo;homme qui sont \u00e9galement bonnes pour la plan\u00e8te, selon une \u00e9tude de EAT-Lancet.<\/p>\n\n\n\n<p>Le gaspillage alimentaire reste \u00e9galement une priorit\u00e9 : Lidl a d\u00e9j\u00e0 sauv\u00e9 plus de six millions de produits gr\u00e2ce \u00e0 ses packs Good Taste Zero Waste \u00e0 prix avantageux et sauve chaque ann\u00e9e jusqu&rsquo;\u00e0 13 000 tonnes de l\u00e9gumes imparfaits en les transformant en soupes fra\u00eeches S&rsquo;oups. Et avec sa propre marque Way To Go, Lidl prouve son r\u00f4le de pionnier dans le commerce \u00e9quitable : des milliers de producteurs de cacao au Ghana et de caf\u00e9 au Honduras re\u00e7oivent une prime structurelle en plus du prix minimum Fairtrade, ce qui contribue \u00e0 leur assurer un revenu d\u00e9cent.<\/p>\n\n\n\n<p>\u00ab Avec ce magazine, nous voulons non seulement montrer nos ambitions, mais surtout ce que nous avons r\u00e9ellement accompli au cours des deux derni\u00e8res ann\u00e9es \u00bb, explique Isabelle Colbrandt, responsable des affaires g\u00e9n\u00e9rales chez Lidl Belgique. \u00ab En partageant ouvertement nos chiffres, nous offrons \u00e0 nos clients, partenaires et parties prenantes les informations n\u00e9cessaires pour acc\u00e9l\u00e9rer ensemble la transition vers un secteur de la vente au d\u00e9tail plus durable. \u00bb<\/p>\n\n\n\n<p><a href=\"https:\/\/folder-fr.lidl.be\/lidl_duurzaamheidsmagazine_23-24_animatie_fr\/page\/1\">Lisez le magazine de la durabilit\u00e9 de Lidl Belgique via ce lien.<\/a><\/p>\n","protected":false},"excerpt":{"rendered":"<p>La protection du climat, l&rsquo;\u00e9conomie circulaire, le bien-\u00eatre animal et la lutte contre le gaspillage alimentaire sont les piliers de la strat\u00e9gie de d\u00e9veloppement durable de Lidl Belgique, qui rassemble ses r\u00e9alisations dans un nouveau magazine consacr\u00e9 au d\u00e9veloppement durable. <\/p>\n","protected":false},"author":3,"featured_media":143539,"comment_status":"closed","ping_status":"closed","sticky":false,"template":"","format":"standard","meta":{"_acf_changed":false,"inline_featured_image":false,"_jetpack_memberships_contains_paid_content":false,"footnotes":""},"categories":[18,24],"tags":[],"people":[],"extra":[],"company":[204],"topic":[373],"region":[226],"class_list":{"0":"post-143538","1":"post","2":"type-post","3":"status-publish","4":"format-standard","5":"has-post-thumbnail","6":"hentry","7":"category-food","9":"company-lidl","10":"topic-durabilite","11":"region-belgique"},"acf":[],"yoast_head":"<!-- This site is optimized with the Yoast SEO plugin v27.3 - https:\/\/yoast.com\/product\/yoast-seo-wordpress\/ -->\n<title>Lidl s&#039;engage en faveur du \u00ab protein shift \u00bb, de la lutte contre le gaspillage alimentaire et du commerce \u00e9quitable - RetailDetail BE<\/title>\n<meta name=\"description\" content=\"La protection du climat, l&#039;\u00e9conomie circulaire, le bien-\u00eatre animal et la lutte contre le gaspillage alimentaire sont les piliers de la strat\u00e9gie de d\u00e9veloppement durable de Lidl Belgique.\" \/>\n<meta name=\"robots\" content=\"index, follow, max-snippet:-1, max-image-preview:large, max-video-preview:-1\" \/>\n<link rel=\"canonical\" href=\"https:\/\/www.retaildetail.be\/fr\/news\/food\/lidl-sengage-en-faveur-du-protein-shift-de-la-lutte-contre-le-gaspillage-alimentaire-et-du-commerce-equitable\/\" \/>\n<meta property=\"og:locale\" content=\"fr_FR\" \/>\n<meta property=\"og:type\" content=\"article\" \/>\n<meta property=\"og:title\" content=\"Lidl s&#039;engage en faveur du \u00ab protein shift \u00bb, de la lutte contre le gaspillage alimentaire et du commerce \u00e9quitable - RetailDetail BE\" \/>\n<meta property=\"og:description\" content=\"La protection du climat, l&#039;\u00e9conomie circulaire, le bien-\u00eatre animal et la lutte contre le gaspillage alimentaire sont les piliers de la strat\u00e9gie de d\u00e9veloppement durable de Lidl Belgique.\" \/>\n<meta property=\"og:url\" content=\"https:\/\/www.retaildetail.be\/fr\/news\/food\/lidl-sengage-en-faveur-du-protein-shift-de-la-lutte-contre-le-gaspillage-alimentaire-et-du-commerce-equitable\/\" \/>\n<meta property=\"og:site_name\" content=\"RetailDetail BE\" \/>\n<meta property=\"article:published_time\" content=\"2026-03-06T14:27:40+00:00\" \/>\n<meta property=\"article:modified_time\" content=\"2026-03-06T14:27:42+00:00\" \/>\n<meta property=\"og:image\" content=\"https:\/\/www.retaildetail.be\/wp-content\/uploads\/2026\/03\/Voorjaarsklassiekers-1-1024x576.png\" \/>\n\t<meta property=\"og:image:width\" content=\"1024\" \/>\n\t<meta property=\"og:image:height\" content=\"576\" \/>\n\t<meta property=\"og:image:type\" content=\"image\/png\" \/>\n<meta name=\"author\" content=\"Stefan Van Rompaey\" \/>\n<meta name=\"twitter:card\" content=\"summary_large_image\" \/>\n<meta name=\"twitter:label1\" content=\"\u00c9crit par\" \/>\n\t<meta name=\"twitter:data1\" content=\"Stefan Van Rompaey\" \/>\n\t<meta name=\"twitter:label2\" content=\"Dur\u00e9e de lecture estim\u00e9e\" \/>\n\t<meta name=\"twitter:data2\" content=\"2 minutes\" \/>\n<script type=\"application\/ld+json\" class=\"yoast-schema-graph\">{\"@context\":\"https:\\\/\\\/schema.org\",\"@graph\":[{\"@type\":\"NewsArticle\",\"@id\":\"https:\\\/\\\/www.retaildetail.be\\\/fr\\\/news\\\/food\\\/lidl-sengage-en-faveur-du-protein-shift-de-la-lutte-contre-le-gaspillage-alimentaire-et-du-commerce-equitable\\\/#article\",\"isPartOf\":{\"@id\":\"https:\\\/\\\/www.retaildetail.be\\\/fr\\\/news\\\/food\\\/lidl-sengage-en-faveur-du-protein-shift-de-la-lutte-contre-le-gaspillage-alimentaire-et-du-commerce-equitable\\\/\"},\"author\":{\"name\":\"Stefan Van Rompaey\",\"@id\":\"https:\\\/\\\/www.retaildetail.be\\\/nl\\\/#\\\/schema\\\/person\\\/51aec6069c4416aa2f68b2e4ff3455df\"},\"headline\":\"Lidl s&rsquo;engage en faveur du \u00ab protein shift \u00bb, de la lutte contre le gaspillage alimentaire et du commerce \u00e9quitable\",\"datePublished\":\"2026-03-06T14:27:40+00:00\",\"dateModified\":\"2026-03-06T14:27:42+00:00\",\"mainEntityOfPage\":{\"@id\":\"https:\\\/\\\/www.retaildetail.be\\\/fr\\\/news\\\/food\\\/lidl-sengage-en-faveur-du-protein-shift-de-la-lutte-contre-le-gaspillage-alimentaire-et-du-commerce-equitable\\\/\"},\"wordCount\":379,\"publisher\":{\"@id\":\"https:\\\/\\\/www.retaildetail.be\\\/nl\\\/#organization\"},\"image\":{\"@id\":\"https:\\\/\\\/www.retaildetail.be\\\/fr\\\/news\\\/food\\\/lidl-sengage-en-faveur-du-protein-shift-de-la-lutte-contre-le-gaspillage-alimentaire-et-du-commerce-equitable\\\/#primaryimage\"},\"thumbnailUrl\":\"https:\\\/\\\/www.retaildetail.be\\\/wp-content\\\/uploads\\\/2026\\\/03\\\/Voorjaarsklassiekers-1.png\",\"articleSection\":[\"Food\",\"Food\"],\"inLanguage\":\"fr-FR\",\"copyrightYear\":\"2026\",\"copyrightHolder\":{\"@id\":\"https:\\\/\\\/www.retaildetail.be\\\/#organization\"}},{\"@type\":\"WebPage\",\"@id\":\"https:\\\/\\\/www.retaildetail.be\\\/fr\\\/news\\\/food\\\/lidl-sengage-en-faveur-du-protein-shift-de-la-lutte-contre-le-gaspillage-alimentaire-et-du-commerce-equitable\\\/\",\"url\":\"https:\\\/\\\/www.retaildetail.be\\\/fr\\\/news\\\/food\\\/lidl-sengage-en-faveur-du-protein-shift-de-la-lutte-contre-le-gaspillage-alimentaire-et-du-commerce-equitable\\\/\",\"name\":\"Lidl s'engage en faveur du \u00ab protein shift \u00bb, de la lutte contre le gaspillage alimentaire et du commerce \u00e9quitable - RetailDetail BE\",\"isPartOf\":{\"@id\":\"https:\\\/\\\/www.retaildetail.be\\\/nl\\\/#website\"},\"primaryImageOfPage\":{\"@id\":\"https:\\\/\\\/www.retaildetail.be\\\/fr\\\/news\\\/food\\\/lidl-sengage-en-faveur-du-protein-shift-de-la-lutte-contre-le-gaspillage-alimentaire-et-du-commerce-equitable\\\/#primaryimage\"},\"image\":{\"@id\":\"https:\\\/\\\/www.retaildetail.be\\\/fr\\\/news\\\/food\\\/lidl-sengage-en-faveur-du-protein-shift-de-la-lutte-contre-le-gaspillage-alimentaire-et-du-commerce-equitable\\\/#primaryimage\"},\"thumbnailUrl\":\"https:\\\/\\\/www.retaildetail.be\\\/wp-content\\\/uploads\\\/2026\\\/03\\\/Voorjaarsklassiekers-1.png\",\"datePublished\":\"2026-03-06T14:27:40+00:00\",\"dateModified\":\"2026-03-06T14:27:42+00:00\",\"description\":\"La protection du climat, l'\u00e9conomie circulaire, le bien-\u00eatre animal et la lutte contre le gaspillage alimentaire sont les piliers de la strat\u00e9gie de d\u00e9veloppement durable de Lidl Belgique.\",\"breadcrumb\":{\"@id\":\"https:\\\/\\\/www.retaildetail.be\\\/fr\\\/news\\\/food\\\/lidl-sengage-en-faveur-du-protein-shift-de-la-lutte-contre-le-gaspillage-alimentaire-et-du-commerce-equitable\\\/#breadcrumb\"},\"inLanguage\":\"fr-FR\",\"potentialAction\":[{\"@type\":\"ReadAction\",\"target\":[\"https:\\\/\\\/www.retaildetail.be\\\/fr\\\/news\\\/food\\\/lidl-sengage-en-faveur-du-protein-shift-de-la-lutte-contre-le-gaspillage-alimentaire-et-du-commerce-equitable\\\/\"]}]},{\"@type\":\"ImageObject\",\"inLanguage\":\"fr-FR\",\"@id\":\"https:\\\/\\\/www.retaildetail.be\\\/fr\\\/news\\\/food\\\/lidl-sengage-en-faveur-du-protein-shift-de-la-lutte-contre-le-gaspillage-alimentaire-et-du-commerce-equitable\\\/#primaryimage\",\"url\":\"https:\\\/\\\/www.retaildetail.be\\\/wp-content\\\/uploads\\\/2026\\\/03\\\/Voorjaarsklassiekers-1.png\",\"contentUrl\":\"https:\\\/\\\/www.retaildetail.be\\\/wp-content\\\/uploads\\\/2026\\\/03\\\/Voorjaarsklassiekers-1.png\",\"width\":1230,\"height\":692,\"caption\":\"Lidl Belgium\"},{\"@type\":\"BreadcrumbList\",\"@id\":\"https:\\\/\\\/www.retaildetail.be\\\/fr\\\/news\\\/food\\\/lidl-sengage-en-faveur-du-protein-shift-de-la-lutte-contre-le-gaspillage-alimentaire-et-du-commerce-equitable\\\/#breadcrumb\",\"itemListElement\":[{\"@type\":\"ListItem\",\"position\":1,\"name\":\"Home\",\"item\":\"https:\\\/\\\/www.retaildetail.be\\\/fr\\\/\"},{\"@type\":\"ListItem\",\"position\":2,\"name\":\"Lidl s&#8217;engage en faveur du \u00ab protein shift \u00bb, de la lutte contre le gaspillage alimentaire et du commerce \u00e9quitable\"}]},{\"@type\":\"WebSite\",\"@id\":\"https:\\\/\\\/www.retaildetail.be\\\/nl\\\/#website\",\"url\":\"https:\\\/\\\/www.retaildetail.be\\\/nl\\\/\",\"name\":\"RetailDetail BE\",\"description\":\"News\",\"publisher\":{\"@id\":\"https:\\\/\\\/www.retaildetail.be\\\/nl\\\/#organization\"},\"potentialAction\":[{\"@type\":\"SearchAction\",\"target\":{\"@type\":\"EntryPoint\",\"urlTemplate\":\"https:\\\/\\\/www.retaildetail.be\\\/nl\\\/?s={search_term_string}\"},\"query-input\":{\"@type\":\"PropertyValueSpecification\",\"valueRequired\":true,\"valueName\":\"search_term_string\"}}],\"inLanguage\":\"fr-FR\"},{\"@type\":\"Organization\",\"@id\":\"https:\\\/\\\/www.retaildetail.be\\\/nl\\\/#organization\",\"name\":\"RetailDetail BE\",\"url\":\"https:\\\/\\\/www.retaildetail.be\\\/nl\\\/\",\"logo\":{\"@type\":\"ImageObject\",\"inLanguage\":\"fr-FR\",\"@id\":\"https:\\\/\\\/www.retaildetail.be\\\/nl\\\/#\\\/schema\\\/logo\\\/image\\\/\",\"url\":\"https:\\\/\\\/www.retaildetail.be\\\/wp-content\\\/uploads\\\/2022\\\/04\\\/logo.svg\",\"contentUrl\":\"https:\\\/\\\/www.retaildetail.be\\\/wp-content\\\/uploads\\\/2022\\\/04\\\/logo.svg\",\"width\":131,\"height\":70,\"caption\":\"RetailDetail BE\"},\"image\":{\"@id\":\"https:\\\/\\\/www.retaildetail.be\\\/nl\\\/#\\\/schema\\\/logo\\\/image\\\/\"}},{\"@type\":\"Person\",\"@id\":\"https:\\\/\\\/www.retaildetail.be\\\/nl\\\/#\\\/schema\\\/person\\\/51aec6069c4416aa2f68b2e4ff3455df\",\"name\":\"Stefan Van Rompaey\",\"image\":{\"@type\":\"ImageObject\",\"inLanguage\":\"fr-FR\",\"@id\":\"https:\\\/\\\/secure.gravatar.com\\\/avatar\\\/fbbb4a80a0f109888b2a5ab8ae255617499ecde533749b3ab2fa6c23b5d65dac?s=96&d=mm&r=g\",\"url\":\"https:\\\/\\\/secure.gravatar.com\\\/avatar\\\/fbbb4a80a0f109888b2a5ab8ae255617499ecde533749b3ab2fa6c23b5d65dac?s=96&d=mm&r=g\",\"contentUrl\":\"https:\\\/\\\/secure.gravatar.com\\\/avatar\\\/fbbb4a80a0f109888b2a5ab8ae255617499ecde533749b3ab2fa6c23b5d65dac?s=96&d=mm&r=g\",\"caption\":\"Stefan Van Rompaey\"},\"url\":\"https:\\\/\\\/www.retaildetail.be\\\/fr\\\/author\\\/stefanvanrompaey\\\/\"}]}<\/script>\n<!-- \/ Yoast SEO plugin. -->","yoast_head_json":{"title":"Lidl s'engage en faveur du \u00ab protein shift \u00bb, de la lutte contre le gaspillage alimentaire et du commerce \u00e9quitable - RetailDetail BE","description":"La protection du climat, l'\u00e9conomie circulaire, le bien-\u00eatre animal et la lutte contre le gaspillage alimentaire sont les piliers de la strat\u00e9gie de d\u00e9veloppement durable de Lidl Belgique.","robots":{"index":"index","follow":"follow","max-snippet":"max-snippet:-1","max-image-preview":"max-image-preview:large","max-video-preview":"max-video-preview:-1"},"canonical":"https:\/\/www.retaildetail.be\/fr\/news\/food\/lidl-sengage-en-faveur-du-protein-shift-de-la-lutte-contre-le-gaspillage-alimentaire-et-du-commerce-equitable\/","og_locale":"fr_FR","og_type":"article","og_title":"Lidl s'engage en faveur du \u00ab protein shift \u00bb, de la lutte contre le gaspillage alimentaire et du commerce \u00e9quitable - RetailDetail BE","og_description":"La protection du climat, l'\u00e9conomie circulaire, le bien-\u00eatre animal et la lutte contre le gaspillage alimentaire sont les piliers de la strat\u00e9gie de d\u00e9veloppement durable de Lidl Belgique.","og_url":"https:\/\/www.retaildetail.be\/fr\/news\/food\/lidl-sengage-en-faveur-du-protein-shift-de-la-lutte-contre-le-gaspillage-alimentaire-et-du-commerce-equitable\/","og_site_name":"RetailDetail BE","article_published_time":"2026-03-06T14:27:40+00:00","article_modified_time":"2026-03-06T14:27:42+00:00","og_image":[{"width":1024,"height":576,"url":"https:\/\/www.retaildetail.be\/wp-content\/uploads\/2026\/03\/Voorjaarsklassiekers-1-1024x576.png","type":"image\/png"}],"author":"Stefan Van Rompaey","twitter_card":"summary_large_image","twitter_misc":{"\u00c9crit par":"Stefan Van Rompaey","Dur\u00e9e de lecture estim\u00e9e":"2 minutes"},"schema":{"@context":"https:\/\/schema.org","@graph":[{"@type":"NewsArticle","@id":"https:\/\/www.retaildetail.be\/fr\/news\/food\/lidl-sengage-en-faveur-du-protein-shift-de-la-lutte-contre-le-gaspillage-alimentaire-et-du-commerce-equitable\/#article","isPartOf":{"@id":"https:\/\/www.retaildetail.be\/fr\/news\/food\/lidl-sengage-en-faveur-du-protein-shift-de-la-lutte-contre-le-gaspillage-alimentaire-et-du-commerce-equitable\/"},"author":{"name":"Stefan Van Rompaey","@id":"https:\/\/www.retaildetail.be\/nl\/#\/schema\/person\/51aec6069c4416aa2f68b2e4ff3455df"},"headline":"Lidl s&rsquo;engage en faveur du \u00ab protein shift \u00bb, de la lutte contre le gaspillage alimentaire et du commerce \u00e9quitable","datePublished":"2026-03-06T14:27:40+00:00","dateModified":"2026-03-06T14:27:42+00:00","mainEntityOfPage":{"@id":"https:\/\/www.retaildetail.be\/fr\/news\/food\/lidl-sengage-en-faveur-du-protein-shift-de-la-lutte-contre-le-gaspillage-alimentaire-et-du-commerce-equitable\/"},"wordCount":379,"publisher":{"@id":"https:\/\/www.retaildetail.be\/nl\/#organization"},"image":{"@id":"https:\/\/www.retaildetail.be\/fr\/news\/food\/lidl-sengage-en-faveur-du-protein-shift-de-la-lutte-contre-le-gaspillage-alimentaire-et-du-commerce-equitable\/#primaryimage"},"thumbnailUrl":"https:\/\/www.retaildetail.be\/wp-content\/uploads\/2026\/03\/Voorjaarsklassiekers-1.png","articleSection":["Food","Food"],"inLanguage":"fr-FR","copyrightYear":"2026","copyrightHolder":{"@id":"https:\/\/www.retaildetail.be\/#organization"}},{"@type":"WebPage","@id":"https:\/\/www.retaildetail.be\/fr\/news\/food\/lidl-sengage-en-faveur-du-protein-shift-de-la-lutte-contre-le-gaspillage-alimentaire-et-du-commerce-equitable\/","url":"https:\/\/www.retaildetail.be\/fr\/news\/food\/lidl-sengage-en-faveur-du-protein-shift-de-la-lutte-contre-le-gaspillage-alimentaire-et-du-commerce-equitable\/","name":"Lidl s'engage en faveur du \u00ab protein shift \u00bb, de la lutte contre le gaspillage alimentaire et du commerce \u00e9quitable - RetailDetail BE","isPartOf":{"@id":"https:\/\/www.retaildetail.be\/nl\/#website"},"primaryImageOfPage":{"@id":"https:\/\/www.retaildetail.be\/fr\/news\/food\/lidl-sengage-en-faveur-du-protein-shift-de-la-lutte-contre-le-gaspillage-alimentaire-et-du-commerce-equitable\/#primaryimage"},"image":{"@id":"https:\/\/www.retaildetail.be\/fr\/news\/food\/lidl-sengage-en-faveur-du-protein-shift-de-la-lutte-contre-le-gaspillage-alimentaire-et-du-commerce-equitable\/#primaryimage"},"thumbnailUrl":"https:\/\/www.retaildetail.be\/wp-content\/uploads\/2026\/03\/Voorjaarsklassiekers-1.png","datePublished":"2026-03-06T14:27:40+00:00","dateModified":"2026-03-06T14:27:42+00:00","description":"La protection du climat, l'\u00e9conomie circulaire, le bien-\u00eatre animal et la lutte contre le gaspillage alimentaire sont les piliers de la strat\u00e9gie de d\u00e9veloppement durable de Lidl Belgique.","breadcrumb":{"@id":"https:\/\/www.retaildetail.be\/fr\/news\/food\/lidl-sengage-en-faveur-du-protein-shift-de-la-lutte-contre-le-gaspillage-alimentaire-et-du-commerce-equitable\/#breadcrumb"},"inLanguage":"fr-FR","potentialAction":[{"@type":"ReadAction","target":["https:\/\/www.retaildetail.be\/fr\/news\/food\/lidl-sengage-en-faveur-du-protein-shift-de-la-lutte-contre-le-gaspillage-alimentaire-et-du-commerce-equitable\/"]}]},{"@type":"ImageObject","inLanguage":"fr-FR","@id":"https:\/\/www.retaildetail.be\/fr\/news\/food\/lidl-sengage-en-faveur-du-protein-shift-de-la-lutte-contre-le-gaspillage-alimentaire-et-du-commerce-equitable\/#primaryimage","url":"https:\/\/www.retaildetail.be\/wp-content\/uploads\/2026\/03\/Voorjaarsklassiekers-1.png","contentUrl":"https:\/\/www.retaildetail.be\/wp-content\/uploads\/2026\/03\/Voorjaarsklassiekers-1.png","width":1230,"height":692,"caption":"Lidl Belgium"},{"@type":"BreadcrumbList","@id":"https:\/\/www.retaildetail.be\/fr\/news\/food\/lidl-sengage-en-faveur-du-protein-shift-de-la-lutte-contre-le-gaspillage-alimentaire-et-du-commerce-equitable\/#breadcrumb","itemListElement":[{"@type":"ListItem","position":1,"name":"Home","item":"https:\/\/www.retaildetail.be\/fr\/"},{"@type":"ListItem","position":2,"name":"Lidl s&#8217;engage en faveur du \u00ab protein shift \u00bb, de la lutte contre le gaspillage alimentaire et du commerce \u00e9quitable"}]},{"@type":"WebSite","@id":"https:\/\/www.retaildetail.be\/nl\/#website","url":"https:\/\/www.retaildetail.be\/nl\/","name":"RetailDetail BE","description":"News","publisher":{"@id":"https:\/\/www.retaildetail.be\/nl\/#organization"},"potentialAction":[{"@type":"SearchAction","target":{"@type":"EntryPoint","urlTemplate":"https:\/\/www.retaildetail.be\/nl\/?s={search_term_string}"},"query-input":{"@type":"PropertyValueSpecification","valueRequired":true,"valueName":"search_term_string"}}],"inLanguage":"fr-FR"},{"@type":"Organization","@id":"https:\/\/www.retaildetail.be\/nl\/#organization","name":"RetailDetail BE","url":"https:\/\/www.retaildetail.be\/nl\/","logo":{"@type":"ImageObject","inLanguage":"fr-FR","@id":"https:\/\/www.retaildetail.be\/nl\/#\/schema\/logo\/image\/","url":"https:\/\/www.retaildetail.be\/wp-content\/uploads\/2022\/04\/logo.svg","contentUrl":"https:\/\/www.retaildetail.be\/wp-content\/uploads\/2022\/04\/logo.svg","width":131,"height":70,"caption":"RetailDetail BE"},"image":{"@id":"https:\/\/www.retaildetail.be\/nl\/#\/schema\/logo\/image\/"}},{"@type":"Person","@id":"https:\/\/www.retaildetail.be\/nl\/#\/schema\/person\/51aec6069c4416aa2f68b2e4ff3455df","name":"Stefan Van Rompaey","image":{"@type":"ImageObject","inLanguage":"fr-FR","@id":"https:\/\/secure.gravatar.com\/avatar\/fbbb4a80a0f109888b2a5ab8ae255617499ecde533749b3ab2fa6c23b5d65dac?s=96&d=mm&r=g","url":"https:\/\/secure.gravatar.com\/avatar\/fbbb4a80a0f109888b2a5ab8ae255617499ecde533749b3ab2fa6c23b5d65dac?s=96&d=mm&r=g","contentUrl":"https:\/\/secure.gravatar.com\/avatar\/fbbb4a80a0f109888b2a5ab8ae255617499ecde533749b3ab2fa6c23b5d65dac?s=96&d=mm&r=g","caption":"Stefan Van Rompaey"},"url":"https:\/\/www.retaildetail.be\/fr\/author\/stefanvanrompaey\/"}]}},"jetpack_featured_media_url":"https:\/\/www.retaildetail.be\/wp-content\/uploads\/2026\/03\/Voorjaarsklassiekers-1.png","jetpack_sharing_enabled":true,"_links":{"self":[{"href":"https:\/\/www.retaildetail.be\/fr\/wp-json\/wp\/v2\/posts\/143538","targetHints":{"allow":["GET"]}}],"collection":[{"href":"https:\/\/www.retaildetail.be\/fr\/wp-json\/wp\/v2\/posts"}],"about":[{"href":"https:\/\/www.retaildetail.be\/fr\/wp-json\/wp\/v2\/types\/post"}],"author":[{"embeddable":true,"href":"https:\/\/www.retaildetail.be\/fr\/wp-json\/wp\/v2\/users\/3"}],"replies":[{"embeddable":true,"href":"https:\/\/www.retaildetail.be\/fr\/wp-json\/wp\/v2\/comments?post=143538"}],"version-history":[{"count":1,"href":"https:\/\/www.retaildetail.be\/fr\/wp-json\/wp\/v2\/posts\/143538\/revisions"}],"predecessor-version":[{"id":143540,"href":"https:\/\/www.retaildetail.be\/fr\/wp-json\/wp\/v2\/posts\/143538\/revisions\/143540"}],"wp:featuredmedia":[{"embeddable":true,"href":"https:\/\/www.retaildetail.be\/fr\/wp-json\/wp\/v2\/media\/143539"}],"wp:attachment":[{"href":"https:\/\/www.retaildetail.be\/fr\/wp-json\/wp\/v2\/media?parent=143538"}],"wp:term":[{"taxonomy":"category","embeddable":true,"href":"https:\/\/www.retaildetail.be\/fr\/wp-json\/wp\/v2\/categories?post=143538"},{"taxonomy":"post_tag","embeddable":true,"href":"https:\/\/www.retaildetail.be\/fr\/wp-json\/wp\/v2\/tags?post=143538"},{"taxonomy":"people","embeddable":true,"href":"https:\/\/www.retaildetail.be\/fr\/wp-json\/wp\/v2\/people?post=143538"},{"taxonomy":"extra","embeddable":true,"href":"https:\/\/www.retaildetail.be\/fr\/wp-json\/wp\/v2\/extra?post=143538"},{"taxonomy":"company","embeddable":true,"href":"https:\/\/www.retaildetail.be\/fr\/wp-json\/wp\/v2\/company?post=143538"},{"taxonomy":"topic","embeddable":true,"href":"https:\/\/www.retaildetail.be\/fr\/wp-json\/wp\/v2\/topic?post=143538"},{"taxonomy":"region","embeddable":true,"href":"https:\/\/www.retaildetail.be\/fr\/wp-json\/wp\/v2\/region?post=143538"}],"curies":[{"name":"wp","href":"https:\/\/api.w.org\/{rel}","templated":true}]}}