{"id":143592,"date":"2026-03-09T13:27:18","date_gmt":"2026-03-09T12:27:18","guid":{"rendered":"https:\/\/www.retaildetail.be\/?p=143592"},"modified":"2026-03-09T13:27:20","modified_gmt":"2026-03-09T12:27:20","slug":"les-prix-des-engrais-montent-en-fleche-les-denrees-alimentaires-suivront-ils","status":"publish","type":"post","link":"https:\/\/www.retaildetail.be\/fr\/news\/food\/les-prix-des-engrais-montent-en-fleche-les-denrees-alimentaires-suivront-ils\/","title":{"rendered":"Les prix des engrais montent en fl\u00e8che, les denr\u00e9es alimentaires suivront-ils ?"},"content":{"rendered":"\n<p>La guerre entre les \u00c9tats-Unis, Isra\u00ebl et l&rsquo;Iran fait une autre victime inattendue : partout dans le monde, les agriculteurs voient le prix des engrais chimiques monter en fl\u00e8che. Alors que la saison des semailles commence, les prix des denr\u00e9es alimentaires risquent \u00e9galement d&rsquo;augmenter.<\/p>\n\n\n\n<h2 class=\"wp-block-heading\">Approvisionnement mondial en danger<\/h2>\n\n\n\n<p>La comparaison avec 2022 est d\u00e9j\u00e0 faite, lorsque l&rsquo;invasion russe en Ukraine a fait grimper les prix du bl\u00e9, des engrais et de l&rsquo;\u00e9nergie, entre autres. Il s&rsquo;agissait alors du plus grand choc des mati\u00e8res premi\u00e8res depuis les ann\u00e9es 1970, et un nouveau choc se profile d\u00e9j\u00e0 \u00e0 l&rsquo;horizon.<\/p>\n\n\n\n<p>Le Moyen-Orient assure environ 45 % des exportations mondiales d&rsquo;engrais chimiques (plus de 60 millions de tonnes par an), soit 50 % des exportations mondiales de soufre et un tiers de tous les engrais \u00e0 base d&rsquo;ur\u00e9e. En d&rsquo;autres termes, la r\u00e9gion joue un r\u00f4le crucial dans la cha\u00eene mondiale des engrais chimiques.<\/p>\n\n\n\n<p>La production et le transport sont actuellement perturb\u00e9s. Plusieurs installations de la r\u00e9gion ont d\u00fb r\u00e9duire leurs activit\u00e9s en raison d&rsquo;attaques contre les infrastructures \u00e9nerg\u00e9tiques. Qatar Energy a par exemple interrompu la production dans la plus grande usine d&rsquo;ur\u00e9e au monde apr\u00e8s que des installations de GNL ont \u00e9t\u00e9 touch\u00e9es. De plus, les usines d&rsquo;engrais d\u00e9pendent largement du d\u00e9troit d&rsquo;Ormuz pour leurs exportations, mais celui-ci est bloqu\u00e9 par l&rsquo;Iran.<\/p>\n\n\n\n<h2 class=\"wp-block-heading\">D\u00e9j\u00e0 augment\u00e9 de 25 %<\/h2>\n\n\n\n<p>Pour les agriculteurs, le timing ne pouvait pas \u00eatre pire : les hausses de prix touchent les agriculteurs juste au moment o\u00f9 la saison des semailles commence dans l&rsquo;h\u00e9misph\u00e8re nord, ce qui entra\u00eene un pic de la demande d&rsquo;engrais. Le secteur est d\u00e9j\u00e0 confront\u00e9 \u00e0 la baisse des prix des c\u00e9r\u00e9ales, ce qui signifie que la hausse des co\u00fbts des intrants exerce une pression suppl\u00e9mentaire sur les marges. Les engrais peuvent repr\u00e9senter jusqu&rsquo;\u00e0 50 % des co\u00fbts de production, et le prix de l&rsquo;ur\u00e9e \u2013 l&rsquo;engrais azot\u00e9 le plus utilis\u00e9 dans le monde \u2013 r\u00e9agit rapidement : depuis le d\u00e9but du conflit, son prix a augment\u00e9 de 25 \u00e0 30 %.<\/p>\n\n\n\n<p>La p\u00e9nurie d&rsquo;engrais peut \u00e9galement entra\u00eener une baisse des rendements et, par cons\u00e9quent, une hausse des prix des denr\u00e9es alimentaires. Environ la moiti\u00e9 de la production alimentaire mondiale d\u00e9pend des engrais azot\u00e9s synth\u00e9tiques. Si la perturbation dure plus de quelques semaines, les prix risquent d&rsquo;atteindre \u00e0 nouveau <a href=\"https:\/\/www.reuters.com\/business\/energy\/iran-war-threatens-asia-fertiliser-supplies-ahead-planting-season-2026-03-05\/\">des niveaux comparables \u00e0 ceux enregistr\u00e9s apr\u00e8s l&rsquo;invasion russe<\/a> de l&rsquo;Ukraine en 2022, avertissent les analystes \u00e0 Reuters. La combinaison avec la hausse des prix de l&rsquo;\u00e9nergie pourrait notamment donner lieu \u00e0 un cocktail explosif.<\/p>\n","protected":false},"excerpt":{"rendered":"<p>La guerre entre les \u00c9tats-Unis, Isra\u00ebl et l&rsquo;Iran fait une autre victime inattendue : partout dans le monde, les agriculteurs voient le prix des engrais chimiques monter en fl\u00e8che. Alors que la saison des semailles commence, les prix des denr\u00e9es alimentaires risquent \u00e9galement d&rsquo;augmenter.<\/p>\n","protected":false},"author":10,"featured_media":143593,"comment_status":"closed","ping_status":"closed","sticky":false,"template":"","format":"standard","meta":{"_acf_changed":false,"inline_featured_image":false,"_jetpack_memberships_contains_paid_content":false,"footnotes":""},"categories":[18,24],"tags":[1234,1953],"people":[],"extra":[43],"company":[],"topic":[242],"region":[1970],"class_list":{"0":"post-143592","1":"post","2":"type-post","3":"status-publish","4":"format-standard","5":"has-post-thumbnail","6":"hentry","7":"category-food","9":"tag-inflatie","10":"tag-landbouw","11":"extra-plus","12":"topic-chaine-dapprovisionnement","13":"region-moyen-orient"},"acf":[],"yoast_head":"<!-- This site is optimized with the Yoast SEO plugin v27.3 - https:\/\/yoast.com\/product\/yoast-seo-wordpress\/ -->\n<title>Les prix des engrais montent en fl\u00e8che, les denr\u00e9es alimentaires suivront-ils ? - RetailDetail BE<\/title>\n<meta name=\"description\" content=\"La guerre en Iran fait une victime inattendue : partout dans le monde, les agriculteurs voient le prix des engrais chimiques monter en fl\u00e8che.\" \/>\n<meta name=\"robots\" content=\"index, follow, max-snippet:-1, max-image-preview:large, max-video-preview:-1\" \/>\n<link rel=\"canonical\" href=\"https:\/\/www.retaildetail.be\/fr\/news\/food\/les-prix-des-engrais-montent-en-fleche-les-denrees-alimentaires-suivront-ils\/\" \/>\n<meta property=\"og:locale\" content=\"fr_FR\" \/>\n<meta property=\"og:type\" content=\"article\" \/>\n<meta property=\"og:title\" content=\"Les prix des engrais montent en fl\u00e8che, les denr\u00e9es alimentaires suivront-ils ? - RetailDetail BE\" \/>\n<meta property=\"og:description\" content=\"La guerre en Iran fait une victime inattendue : partout dans le monde, les agriculteurs voient le prix des engrais chimiques monter en fl\u00e8che.\" \/>\n<meta property=\"og:url\" content=\"https:\/\/www.retaildetail.be\/fr\/news\/food\/les-prix-des-engrais-montent-en-fleche-les-denrees-alimentaires-suivront-ils\/\" \/>\n<meta property=\"og:site_name\" content=\"RetailDetail BE\" \/>\n<meta property=\"article:published_time\" content=\"2026-03-09T12:27:18+00:00\" \/>\n<meta property=\"article:modified_time\" content=\"2026-03-09T12:27:20+00:00\" \/>\n<meta property=\"og:image\" content=\"https:\/\/www.retaildetail.be\/wp-content\/uploads\/2026\/03\/shutterstock_tractor-mest-1.jpg\" \/>\n\t<meta property=\"og:image:width\" content=\"1000\" \/>\n\t<meta property=\"og:image:height\" content=\"673\" \/>\n\t<meta property=\"og:image:type\" content=\"image\/jpeg\" \/>\n<meta name=\"author\" content=\"Jorg Snoeck\" \/>\n<meta name=\"twitter:card\" content=\"summary_large_image\" \/>\n<meta name=\"twitter:label1\" content=\"\u00c9crit par\" \/>\n\t<meta name=\"twitter:data1\" content=\"Jorg Snoeck\" \/>\n\t<meta name=\"twitter:label2\" content=\"Dur\u00e9e de lecture estim\u00e9e\" \/>\n\t<meta name=\"twitter:data2\" content=\"2 minutes\" \/>\n<script type=\"application\/ld+json\" class=\"yoast-schema-graph\">{\"@context\":\"https:\\\/\\\/schema.org\",\"@graph\":[{\"@type\":\"NewsArticle\",\"@id\":\"https:\\\/\\\/www.retaildetail.be\\\/fr\\\/news\\\/food\\\/les-prix-des-engrais-montent-en-fleche-les-denrees-alimentaires-suivront-ils\\\/#article\",\"isPartOf\":{\"@id\":\"https:\\\/\\\/www.retaildetail.be\\\/fr\\\/news\\\/food\\\/les-prix-des-engrais-montent-en-fleche-les-denrees-alimentaires-suivront-ils\\\/\"},\"author\":{\"name\":\"Jorg Snoeck\",\"@id\":\"https:\\\/\\\/www.retaildetail.be\\\/nl\\\/#\\\/schema\\\/person\\\/71d9b89376db00e9b1aa8a2841e71a72\"},\"headline\":\"Les prix des engrais montent en fl\u00e8che, les denr\u00e9es alimentaires suivront-ils ?\",\"datePublished\":\"2026-03-09T12:27:18+00:00\",\"dateModified\":\"2026-03-09T12:27:20+00:00\",\"mainEntityOfPage\":{\"@id\":\"https:\\\/\\\/www.retaildetail.be\\\/fr\\\/news\\\/food\\\/les-prix-des-engrais-montent-en-fleche-les-denrees-alimentaires-suivront-ils\\\/\"},\"wordCount\":470,\"publisher\":{\"@id\":\"https:\\\/\\\/www.retaildetail.be\\\/nl\\\/#organization\"},\"image\":{\"@id\":\"https:\\\/\\\/www.retaildetail.be\\\/fr\\\/news\\\/food\\\/les-prix-des-engrais-montent-en-fleche-les-denrees-alimentaires-suivront-ils\\\/#primaryimage\"},\"thumbnailUrl\":\"https:\\\/\\\/www.retaildetail.be\\\/wp-content\\\/uploads\\\/2026\\\/03\\\/shutterstock_tractor-mest-1.jpg\",\"keywords\":[\"inflatie\",\"landbouw\"],\"articleSection\":[\"Food\",\"Food\"],\"inLanguage\":\"fr-FR\",\"copyrightYear\":\"2026\",\"copyrightHolder\":{\"@id\":\"https:\\\/\\\/www.retaildetail.be\\\/#organization\"}},{\"@type\":\"WebPage\",\"@id\":\"https:\\\/\\\/www.retaildetail.be\\\/fr\\\/news\\\/food\\\/les-prix-des-engrais-montent-en-fleche-les-denrees-alimentaires-suivront-ils\\\/\",\"url\":\"https:\\\/\\\/www.retaildetail.be\\\/fr\\\/news\\\/food\\\/les-prix-des-engrais-montent-en-fleche-les-denrees-alimentaires-suivront-ils\\\/\",\"name\":\"Les prix des engrais montent en fl\u00e8che, les denr\u00e9es alimentaires suivront-ils ? - RetailDetail BE\",\"isPartOf\":{\"@id\":\"https:\\\/\\\/www.retaildetail.be\\\/nl\\\/#website\"},\"primaryImageOfPage\":{\"@id\":\"https:\\\/\\\/www.retaildetail.be\\\/fr\\\/news\\\/food\\\/les-prix-des-engrais-montent-en-fleche-les-denrees-alimentaires-suivront-ils\\\/#primaryimage\"},\"image\":{\"@id\":\"https:\\\/\\\/www.retaildetail.be\\\/fr\\\/news\\\/food\\\/les-prix-des-engrais-montent-en-fleche-les-denrees-alimentaires-suivront-ils\\\/#primaryimage\"},\"thumbnailUrl\":\"https:\\\/\\\/www.retaildetail.be\\\/wp-content\\\/uploads\\\/2026\\\/03\\\/shutterstock_tractor-mest-1.jpg\",\"datePublished\":\"2026-03-09T12:27:18+00:00\",\"dateModified\":\"2026-03-09T12:27:20+00:00\",\"description\":\"La guerre en Iran fait une victime inattendue : partout dans le monde, les agriculteurs voient le prix des engrais chimiques monter en fl\u00e8che.\",\"breadcrumb\":{\"@id\":\"https:\\\/\\\/www.retaildetail.be\\\/fr\\\/news\\\/food\\\/les-prix-des-engrais-montent-en-fleche-les-denrees-alimentaires-suivront-ils\\\/#breadcrumb\"},\"inLanguage\":\"fr-FR\",\"potentialAction\":[{\"@type\":\"ReadAction\",\"target\":[\"https:\\\/\\\/www.retaildetail.be\\\/fr\\\/news\\\/food\\\/les-prix-des-engrais-montent-en-fleche-les-denrees-alimentaires-suivront-ils\\\/\"]}]},{\"@type\":\"ImageObject\",\"inLanguage\":\"fr-FR\",\"@id\":\"https:\\\/\\\/www.retaildetail.be\\\/fr\\\/news\\\/food\\\/les-prix-des-engrais-montent-en-fleche-les-denrees-alimentaires-suivront-ils\\\/#primaryimage\",\"url\":\"https:\\\/\\\/www.retaildetail.be\\\/wp-content\\\/uploads\\\/2026\\\/03\\\/shutterstock_tractor-mest-1.jpg\",\"contentUrl\":\"https:\\\/\\\/www.retaildetail.be\\\/wp-content\\\/uploads\\\/2026\\\/03\\\/shutterstock_tractor-mest-1.jpg\",\"width\":1000,\"height\":673},{\"@type\":\"BreadcrumbList\",\"@id\":\"https:\\\/\\\/www.retaildetail.be\\\/fr\\\/news\\\/food\\\/les-prix-des-engrais-montent-en-fleche-les-denrees-alimentaires-suivront-ils\\\/#breadcrumb\",\"itemListElement\":[{\"@type\":\"ListItem\",\"position\":1,\"name\":\"Home\",\"item\":\"https:\\\/\\\/www.retaildetail.be\\\/fr\\\/\"},{\"@type\":\"ListItem\",\"position\":2,\"name\":\"Les prix des engrais montent en fl\u00e8che, les denr\u00e9es alimentaires suivront-ils ?\"}]},{\"@type\":\"WebSite\",\"@id\":\"https:\\\/\\\/www.retaildetail.be\\\/nl\\\/#website\",\"url\":\"https:\\\/\\\/www.retaildetail.be\\\/nl\\\/\",\"name\":\"RetailDetail BE\",\"description\":\"News\",\"publisher\":{\"@id\":\"https:\\\/\\\/www.retaildetail.be\\\/nl\\\/#organization\"},\"potentialAction\":[{\"@type\":\"SearchAction\",\"target\":{\"@type\":\"EntryPoint\",\"urlTemplate\":\"https:\\\/\\\/www.retaildetail.be\\\/nl\\\/?s={search_term_string}\"},\"query-input\":{\"@type\":\"PropertyValueSpecification\",\"valueRequired\":true,\"valueName\":\"search_term_string\"}}],\"inLanguage\":\"fr-FR\"},{\"@type\":\"Organization\",\"@id\":\"https:\\\/\\\/www.retaildetail.be\\\/nl\\\/#organization\",\"name\":\"RetailDetail BE\",\"url\":\"https:\\\/\\\/www.retaildetail.be\\\/nl\\\/\",\"logo\":{\"@type\":\"ImageObject\",\"inLanguage\":\"fr-FR\",\"@id\":\"https:\\\/\\\/www.retaildetail.be\\\/nl\\\/#\\\/schema\\\/logo\\\/image\\\/\",\"url\":\"https:\\\/\\\/www.retaildetail.be\\\/wp-content\\\/uploads\\\/2022\\\/04\\\/logo.svg\",\"contentUrl\":\"https:\\\/\\\/www.retaildetail.be\\\/wp-content\\\/uploads\\\/2022\\\/04\\\/logo.svg\",\"width\":131,\"height\":70,\"caption\":\"RetailDetail BE\"},\"image\":{\"@id\":\"https:\\\/\\\/www.retaildetail.be\\\/nl\\\/#\\\/schema\\\/logo\\\/image\\\/\"}},{\"@type\":\"Person\",\"@id\":\"https:\\\/\\\/www.retaildetail.be\\\/nl\\\/#\\\/schema\\\/person\\\/71d9b89376db00e9b1aa8a2841e71a72\",\"name\":\"Jorg Snoeck\",\"image\":{\"@type\":\"ImageObject\",\"inLanguage\":\"fr-FR\",\"@id\":\"https:\\\/\\\/secure.gravatar.com\\\/avatar\\\/fc1bd94c7d40f2446e6bf778bb34cf9ab000168f63533cec8e072f4ad96ce7f3?s=96&d=mm&r=g\",\"url\":\"https:\\\/\\\/secure.gravatar.com\\\/avatar\\\/fc1bd94c7d40f2446e6bf778bb34cf9ab000168f63533cec8e072f4ad96ce7f3?s=96&d=mm&r=g\",\"contentUrl\":\"https:\\\/\\\/secure.gravatar.com\\\/avatar\\\/fc1bd94c7d40f2446e6bf778bb34cf9ab000168f63533cec8e072f4ad96ce7f3?s=96&d=mm&r=g\",\"caption\":\"Jorg Snoeck\"},\"url\":\"https:\\\/\\\/www.retaildetail.be\\\/fr\\\/author\\\/jorgsnoeck\\\/\"}]}<\/script>\n<!-- \/ Yoast SEO plugin. -->","yoast_head_json":{"title":"Les prix des engrais montent en fl\u00e8che, les denr\u00e9es alimentaires suivront-ils ? - RetailDetail BE","description":"La guerre en Iran fait une victime inattendue : partout dans le monde, les agriculteurs voient le prix des engrais chimiques monter en fl\u00e8che.","robots":{"index":"index","follow":"follow","max-snippet":"max-snippet:-1","max-image-preview":"max-image-preview:large","max-video-preview":"max-video-preview:-1"},"canonical":"https:\/\/www.retaildetail.be\/fr\/news\/food\/les-prix-des-engrais-montent-en-fleche-les-denrees-alimentaires-suivront-ils\/","og_locale":"fr_FR","og_type":"article","og_title":"Les prix des engrais montent en fl\u00e8che, les denr\u00e9es alimentaires suivront-ils ? - RetailDetail BE","og_description":"La guerre en Iran fait une victime inattendue : partout dans le monde, les agriculteurs voient le prix des engrais chimiques monter en fl\u00e8che.","og_url":"https:\/\/www.retaildetail.be\/fr\/news\/food\/les-prix-des-engrais-montent-en-fleche-les-denrees-alimentaires-suivront-ils\/","og_site_name":"RetailDetail BE","article_published_time":"2026-03-09T12:27:18+00:00","article_modified_time":"2026-03-09T12:27:20+00:00","og_image":[{"width":1000,"height":673,"url":"https:\/\/www.retaildetail.be\/wp-content\/uploads\/2026\/03\/shutterstock_tractor-mest-1.jpg","type":"image\/jpeg"}],"author":"Jorg Snoeck","twitter_card":"summary_large_image","twitter_misc":{"\u00c9crit par":"Jorg Snoeck","Dur\u00e9e de lecture estim\u00e9e":"2 minutes"},"schema":{"@context":"https:\/\/schema.org","@graph":[{"@type":"NewsArticle","@id":"https:\/\/www.retaildetail.be\/fr\/news\/food\/les-prix-des-engrais-montent-en-fleche-les-denrees-alimentaires-suivront-ils\/#article","isPartOf":{"@id":"https:\/\/www.retaildetail.be\/fr\/news\/food\/les-prix-des-engrais-montent-en-fleche-les-denrees-alimentaires-suivront-ils\/"},"author":{"name":"Jorg Snoeck","@id":"https:\/\/www.retaildetail.be\/nl\/#\/schema\/person\/71d9b89376db00e9b1aa8a2841e71a72"},"headline":"Les prix des engrais montent en fl\u00e8che, les denr\u00e9es alimentaires suivront-ils ?","datePublished":"2026-03-09T12:27:18+00:00","dateModified":"2026-03-09T12:27:20+00:00","mainEntityOfPage":{"@id":"https:\/\/www.retaildetail.be\/fr\/news\/food\/les-prix-des-engrais-montent-en-fleche-les-denrees-alimentaires-suivront-ils\/"},"wordCount":470,"publisher":{"@id":"https:\/\/www.retaildetail.be\/nl\/#organization"},"image":{"@id":"https:\/\/www.retaildetail.be\/fr\/news\/food\/les-prix-des-engrais-montent-en-fleche-les-denrees-alimentaires-suivront-ils\/#primaryimage"},"thumbnailUrl":"https:\/\/www.retaildetail.be\/wp-content\/uploads\/2026\/03\/shutterstock_tractor-mest-1.jpg","keywords":["inflatie","landbouw"],"articleSection":["Food","Food"],"inLanguage":"fr-FR","copyrightYear":"2026","copyrightHolder":{"@id":"https:\/\/www.retaildetail.be\/#organization"}},{"@type":"WebPage","@id":"https:\/\/www.retaildetail.be\/fr\/news\/food\/les-prix-des-engrais-montent-en-fleche-les-denrees-alimentaires-suivront-ils\/","url":"https:\/\/www.retaildetail.be\/fr\/news\/food\/les-prix-des-engrais-montent-en-fleche-les-denrees-alimentaires-suivront-ils\/","name":"Les prix des engrais montent en fl\u00e8che, les denr\u00e9es alimentaires suivront-ils ? - RetailDetail BE","isPartOf":{"@id":"https:\/\/www.retaildetail.be\/nl\/#website"},"primaryImageOfPage":{"@id":"https:\/\/www.retaildetail.be\/fr\/news\/food\/les-prix-des-engrais-montent-en-fleche-les-denrees-alimentaires-suivront-ils\/#primaryimage"},"image":{"@id":"https:\/\/www.retaildetail.be\/fr\/news\/food\/les-prix-des-engrais-montent-en-fleche-les-denrees-alimentaires-suivront-ils\/#primaryimage"},"thumbnailUrl":"https:\/\/www.retaildetail.be\/wp-content\/uploads\/2026\/03\/shutterstock_tractor-mest-1.jpg","datePublished":"2026-03-09T12:27:18+00:00","dateModified":"2026-03-09T12:27:20+00:00","description":"La guerre en Iran fait une victime inattendue : partout dans le monde, les agriculteurs voient le prix des engrais chimiques monter en fl\u00e8che.","breadcrumb":{"@id":"https:\/\/www.retaildetail.be\/fr\/news\/food\/les-prix-des-engrais-montent-en-fleche-les-denrees-alimentaires-suivront-ils\/#breadcrumb"},"inLanguage":"fr-FR","potentialAction":[{"@type":"ReadAction","target":["https:\/\/www.retaildetail.be\/fr\/news\/food\/les-prix-des-engrais-montent-en-fleche-les-denrees-alimentaires-suivront-ils\/"]}]},{"@type":"ImageObject","inLanguage":"fr-FR","@id":"https:\/\/www.retaildetail.be\/fr\/news\/food\/les-prix-des-engrais-montent-en-fleche-les-denrees-alimentaires-suivront-ils\/#primaryimage","url":"https:\/\/www.retaildetail.be\/wp-content\/uploads\/2026\/03\/shutterstock_tractor-mest-1.jpg","contentUrl":"https:\/\/www.retaildetail.be\/wp-content\/uploads\/2026\/03\/shutterstock_tractor-mest-1.jpg","width":1000,"height":673},{"@type":"BreadcrumbList","@id":"https:\/\/www.retaildetail.be\/fr\/news\/food\/les-prix-des-engrais-montent-en-fleche-les-denrees-alimentaires-suivront-ils\/#breadcrumb","itemListElement":[{"@type":"ListItem","position":1,"name":"Home","item":"https:\/\/www.retaildetail.be\/fr\/"},{"@type":"ListItem","position":2,"name":"Les prix des engrais montent en fl\u00e8che, les denr\u00e9es alimentaires suivront-ils ?"}]},{"@type":"WebSite","@id":"https:\/\/www.retaildetail.be\/nl\/#website","url":"https:\/\/www.retaildetail.be\/nl\/","name":"RetailDetail BE","description":"News","publisher":{"@id":"https:\/\/www.retaildetail.be\/nl\/#organization"},"potentialAction":[{"@type":"SearchAction","target":{"@type":"EntryPoint","urlTemplate":"https:\/\/www.retaildetail.be\/nl\/?s={search_term_string}"},"query-input":{"@type":"PropertyValueSpecification","valueRequired":true,"valueName":"search_term_string"}}],"inLanguage":"fr-FR"},{"@type":"Organization","@id":"https:\/\/www.retaildetail.be\/nl\/#organization","name":"RetailDetail BE","url":"https:\/\/www.retaildetail.be\/nl\/","logo":{"@type":"ImageObject","inLanguage":"fr-FR","@id":"https:\/\/www.retaildetail.be\/nl\/#\/schema\/logo\/image\/","url":"https:\/\/www.retaildetail.be\/wp-content\/uploads\/2022\/04\/logo.svg","contentUrl":"https:\/\/www.retaildetail.be\/wp-content\/uploads\/2022\/04\/logo.svg","width":131,"height":70,"caption":"RetailDetail BE"},"image":{"@id":"https:\/\/www.retaildetail.be\/nl\/#\/schema\/logo\/image\/"}},{"@type":"Person","@id":"https:\/\/www.retaildetail.be\/nl\/#\/schema\/person\/71d9b89376db00e9b1aa8a2841e71a72","name":"Jorg Snoeck","image":{"@type":"ImageObject","inLanguage":"fr-FR","@id":"https:\/\/secure.gravatar.com\/avatar\/fc1bd94c7d40f2446e6bf778bb34cf9ab000168f63533cec8e072f4ad96ce7f3?s=96&d=mm&r=g","url":"https:\/\/secure.gravatar.com\/avatar\/fc1bd94c7d40f2446e6bf778bb34cf9ab000168f63533cec8e072f4ad96ce7f3?s=96&d=mm&r=g","contentUrl":"https:\/\/secure.gravatar.com\/avatar\/fc1bd94c7d40f2446e6bf778bb34cf9ab000168f63533cec8e072f4ad96ce7f3?s=96&d=mm&r=g","caption":"Jorg Snoeck"},"url":"https:\/\/www.retaildetail.be\/fr\/author\/jorgsnoeck\/"}]}},"jetpack_featured_media_url":"https:\/\/www.retaildetail.be\/wp-content\/uploads\/2026\/03\/shutterstock_tractor-mest-1.jpg","jetpack_sharing_enabled":true,"_links":{"self":[{"href":"https:\/\/www.retaildetail.be\/fr\/wp-json\/wp\/v2\/posts\/143592","targetHints":{"allow":["GET"]}}],"collection":[{"href":"https:\/\/www.retaildetail.be\/fr\/wp-json\/wp\/v2\/posts"}],"about":[{"href":"https:\/\/www.retaildetail.be\/fr\/wp-json\/wp\/v2\/types\/post"}],"author":[{"embeddable":true,"href":"https:\/\/www.retaildetail.be\/fr\/wp-json\/wp\/v2\/users\/10"}],"replies":[{"embeddable":true,"href":"https:\/\/www.retaildetail.be\/fr\/wp-json\/wp\/v2\/comments?post=143592"}],"version-history":[{"count":2,"href":"https:\/\/www.retaildetail.be\/fr\/wp-json\/wp\/v2\/posts\/143592\/revisions"}],"predecessor-version":[{"id":143598,"href":"https:\/\/www.retaildetail.be\/fr\/wp-json\/wp\/v2\/posts\/143592\/revisions\/143598"}],"wp:featuredmedia":[{"embeddable":true,"href":"https:\/\/www.retaildetail.be\/fr\/wp-json\/wp\/v2\/media\/143593"}],"wp:attachment":[{"href":"https:\/\/www.retaildetail.be\/fr\/wp-json\/wp\/v2\/media?parent=143592"}],"wp:term":[{"taxonomy":"category","embeddable":true,"href":"https:\/\/www.retaildetail.be\/fr\/wp-json\/wp\/v2\/categories?post=143592"},{"taxonomy":"post_tag","embeddable":true,"href":"https:\/\/www.retaildetail.be\/fr\/wp-json\/wp\/v2\/tags?post=143592"},{"taxonomy":"people","embeddable":true,"href":"https:\/\/www.retaildetail.be\/fr\/wp-json\/wp\/v2\/people?post=143592"},{"taxonomy":"extra","embeddable":true,"href":"https:\/\/www.retaildetail.be\/fr\/wp-json\/wp\/v2\/extra?post=143592"},{"taxonomy":"company","embeddable":true,"href":"https:\/\/www.retaildetail.be\/fr\/wp-json\/wp\/v2\/company?post=143592"},{"taxonomy":"topic","embeddable":true,"href":"https:\/\/www.retaildetail.be\/fr\/wp-json\/wp\/v2\/topic?post=143592"},{"taxonomy":"region","embeddable":true,"href":"https:\/\/www.retaildetail.be\/fr\/wp-json\/wp\/v2\/region?post=143592"}],"curies":[{"name":"wp","href":"https:\/\/api.w.org\/{rel}","templated":true}]}}