{"id":143607,"date":"2026-03-09T14:11:13","date_gmt":"2026-03-09T13:11:13","guid":{"rendered":"https:\/\/www.retaildetail.be\/?p=143607"},"modified":"2026-03-09T14:11:14","modified_gmt":"2026-03-09T13:11:14","slug":"amazon-depasse-schwarz-group-lidl-et-devient-le-plus-grand-detaillant-deurope","status":"publish","type":"post","link":"https:\/\/www.retaildetail.be\/fr\/news\/general\/amazon-depasse-schwarz-group-lidl-et-devient-le-plus-grand-detaillant-deurope\/","title":{"rendered":"Amazon d\u00e9passe Schwarz Group (Lidl) et devient le plus grand d\u00e9taillant d&rsquo;Europe"},"content":{"rendered":"\n<p>L&rsquo;ann\u00e9e derni\u00e8re, <strong>Amazon<\/strong> est devenu le plus grand d\u00e9taillant d&rsquo;Europe en termes de volume de ventes, apr\u00e8s avoir enregistr\u00e9 une croissance \u00e0 deux chiffres. Le propri\u00e9taire de <strong>Lidl<\/strong>, <strong>Schwarz Group<\/strong>, suit de pr\u00e8s, tandis que les autres concurrents accusent un retard important.<\/p>\n\n\n\n<h2 class=\"wp-block-heading\">Un mod\u00e8le de march\u00e9 gagnant<\/h2>\n\n\n\n<p>Pour la premi\u00e8re fois, Amazon est num\u00e9ro un en Europe, y compris au Royaume-Uni. Le d\u00e9taillant am\u00e9ricain a r\u00e9alis\u00e9 l&rsquo;ann\u00e9e derni\u00e8re une valeur commerciale brute (GMV) de 179,7 milliards d&rsquo;euros, soit l\u00e9g\u00e8rement plus que l&rsquo;allemand Schwarz, propri\u00e9taire de Lidl et Kaufland, qui suit de pr\u00e8s avec 179,4 milliards d&rsquo;euros. L&rsquo;\u00e9cart avec le num\u00e9ro trois, <strong>Aldi<\/strong>, s&rsquo;\u00e9l\u00e8ve \u00e0 plus de 80 milliards d&rsquo;euros. C&rsquo;est ce qui ressort du rapport annuel du consultant Retail Cities.<\/p>\n\n\n\n<p>L&rsquo;ann\u00e9e derni\u00e8re, Amazon et Schwarz ont tous deux accru leur avance sur le reste du peloton des d\u00e9taillants. Sur la base du chiffre d&rsquo;affaires net purement consolid\u00e9, Schwarz reste toutefois plus important qu&rsquo;Amazon, qui doit en partie sa domination \u00e0 son mod\u00e8le de place de march\u00e9 : plus de 125 000 PME europ\u00e9ennes utilisent les services de la plateforme. Ensemble, elles repr\u00e9sentent d\u00e9j\u00e0 plus de 30 milliards d&rsquo;euros de chiffre d&rsquo;affaires.<\/p>\n\n\n\n<h2 class=\"wp-block-heading\">Des acteurs en forte croissance<\/h2>\n\n\n\n<p>Le classement illustre l&rsquo;\u00e9volution des rapports de force entre le commerce en ligne et le commerce physique. Les entreprises de commerce \u00e9lectronique figurant dans le top 50 de Retail Cities ont enregistr\u00e9 une croissance de 17 %, contre une croissance moyenne de 7 % pour le commerce en ligne. Les entreprises en ligne repr\u00e9sentent 8 des 10 d\u00e9taillants \u00e0 la croissance la plus rapide.<\/p>\n\n\n\n<p>DoorDash et Temu ont enregistr\u00e9 la plus forte croissance. Le premier a ajout\u00e9 11 milliards d&rsquo;euros \u00e0 la GMV gr\u00e2ce \u00e0 l&rsquo;acquisition de Deliveroo, tandis que le second a ajout\u00e9 10 milliards gr\u00e2ce \u00e0 l&rsquo;expansion de ses places de march\u00e9 dans toute l&rsquo;Europe. <strong>Action<\/strong> a r\u00e9alis\u00e9 une forte expansion organique, tandis qu&rsquo;<strong>Ahold Delhaize<\/strong> et <strong>Marks &amp; Spencer <\/strong>ont connu une croissance gr\u00e2ce \u00e0 des acquisitions.<\/p>\n\n\n\n<h2 class=\"wp-block-heading\">Volumes stables<\/h2>\n\n\n\n<p>\u00ab La vigueur avec laquelle les d\u00e9taillants de places de march\u00e9 se d\u00e9veloppent en Europe nous a vraiment surpris lorsque nous avons examin\u00e9 les r\u00e9sultats de fin d&rsquo;ann\u00e9e \u00bb, d\u00e9clare Ray Gaul, PDG de Retail Cities. \u00ab Alors que les applications de march\u00e9 chinoises ont connu un ralentissement g\u00e9n\u00e9ral au second semestre 2025, la plupart des autres d\u00e9taillants ont acc\u00e9l\u00e9r\u00e9 leur croissance, ce qui signifie que 2026 pourrait bien \u00eatre une autre ann\u00e9e formidable pour les march\u00e9s en Europe. \u00bb<\/p>\n\n\n\n<p>Les d\u00e9penses de consommation europ\u00e9ennes dans le commerce de d\u00e9tail ont d\u00e9pass\u00e9 pour la premi\u00e8re fois les 4 500 milliards d&rsquo;euros en 2025 sur une base annuelle. Sur une base annuelle, cela repr\u00e9sente un taux de croissance de 3,7 %, tandis que l&rsquo;inflation des prix des denr\u00e9es alimentaires et du commerce de d\u00e9tail pour l&rsquo;ensemble de l&rsquo;ann\u00e9e 2025 devrait se situer entre 3,1 et 3,5 %, ce qui indique que la croissance en volume a \u00e9t\u00e9 stable \u00e0 l\u00e9g\u00e8rement positive.<\/p>\n\n\n\n<figure class=\"wp-block-table\"><table class=\"has-fixed-layout\"><tbody><tr><td><\/td><td><strong>Entreprise<\/strong><\/td><td><strong>GMV<\/strong> (milliards d&rsquo;euros)<\/td><td><strong>Croissance<\/strong> (%)<\/td><\/tr><tr><td> 1<\/td><td> Amazon<\/td><td>179,7<\/td><td>12<\/td><\/tr><tr><td> 2<\/td><td> Schwarz<\/td><td> 179,4<\/td><td>7<\/td><\/tr><tr><td> 3<\/td><td> Aldi<\/td><td> 93,5<\/td><td>5<\/td><\/tr><tr><td> 4<\/td><td> Rewe<\/td><td> 90,2<\/td><td>3 %<\/td><\/tr><tr><td> 5<\/td><td> Edeka<\/td><td> 71,8<\/td><td>2<\/td><\/tr><tr><td> 6<\/td><td> Carrefour<\/td><td> 69,7<\/td><td>5<\/td><\/tr><tr><td> 7<\/td><td> E.Leclerc<\/td><td> 62,0<\/td><td>0<\/td><\/tr><tr><td> 8<\/td><td> Tesco<\/td><td> 61,9<\/td><td>0<\/td><\/tr><tr><td> 9<\/td><td> Intermarch\u00e9<\/td><td> 56,4<\/td><td>1<\/td><\/tr><tr><td> 10<\/td><td> Ahold Delhaize<\/td><td> 42,4<\/td><td>11<\/td><\/tr><tr><td> 11<\/td><td> Mercadona<\/td><td> 42,0<\/td><td>8<\/td><\/tr><tr><td> 12<\/td><td> Sainsbury&rsquo;s<\/td><td> 39,3<\/td><td>-1<\/td><\/tr><tr><td> 13<\/td><td> Apple<\/td><td> 39,3<\/td><td>10<\/td><\/tr><tr><td> 14<\/td><td> Coop\u00e9rative  U<\/td><td> 35,3<\/td><td>4<\/td><\/tr><tr><td> 15<\/td><td> McDonald&rsquo;s Corporation<\/td><td> 34,6<\/td><td>4<\/td><\/tr><tr><td> 16<\/td><td> Jeronimo Martins<\/td><td> 32,8<\/td><td>7<\/td><\/tr><tr><td> 17<\/td><td> Groupe Adeo (Leroy Merlin)<\/td><td> 32,6<\/td><td>4<\/td><\/tr><tr><td> 18<\/td><td> Ikea<\/td><td> 32,6<\/td><td>-1<\/td><\/tr><tr><td> 19<\/td><td> Coop CH<\/td><td> 30,4<\/td><td>2<\/td><\/tr><tr><td> 20<\/td><td> Auchan<\/td><td> 30,0<\/td><td>3<\/td><\/tr><\/tbody><\/table><\/figure>\n","protected":false},"excerpt":{"rendered":"<p>L&rsquo;ann\u00e9e derni\u00e8re, Amazon est devenu le plus grand d\u00e9taillant d&rsquo;Europe en termes de volume de ventes, apr\u00e8s avoir enregistr\u00e9 une croissance \u00e0 deux chiffres. Le groupe Schwarz, propri\u00e9taire de Lidl, suit de pr\u00e8s, tandis que les autres concurrents accusent un retard important. <\/p>\n","protected":false},"author":3,"featured_media":143608,"comment_status":"closed","ping_status":"closed","sticky":false,"template":"","format":"standard","meta":{"_acf_changed":false,"inline_featured_image":false,"_jetpack_memberships_contains_paid_content":false,"footnotes":""},"categories":[15,25],"tags":[],"people":[],"extra":[43],"company":[206,204,467],"topic":[275],"region":[243],"class_list":["post-143607","post","type-post","status-publish","format-standard","has-post-thumbnail","hentry","category-algemeen","category-general","extra-plus","company-amazon","company-lidl","company-schwarz-gruppe","topic-analyse","region-europe"],"acf":[],"yoast_head":"<!-- This site is optimized with the Yoast SEO plugin v27.3 - https:\/\/yoast.com\/product\/yoast-seo-wordpress\/ -->\n<title>Amazon d\u00e9passe Schwarz Group (Lidl) et devient le plus grand d\u00e9taillant d&#039;Europe - RetailDetail BE<\/title>\n<meta name=\"description\" content=\"L&#039;ann\u00e9e derni\u00e8re, Amazon est devenu le plus grand d\u00e9taillant d&#039;Europe en termes de volume de ventes, apr\u00e8s avoir enregistr\u00e9 une croissance \u00e0 deux chiffres.\" \/>\n<meta name=\"robots\" content=\"index, follow, max-snippet:-1, max-image-preview:large, max-video-preview:-1\" \/>\n<link rel=\"canonical\" href=\"https:\/\/www.retaildetail.be\/fr\/news\/general\/amazon-depasse-schwarz-group-lidl-et-devient-le-plus-grand-detaillant-deurope\/\" \/>\n<meta property=\"og:locale\" content=\"fr_FR\" \/>\n<meta property=\"og:type\" content=\"article\" \/>\n<meta property=\"og:title\" content=\"Amazon d\u00e9passe Schwarz Group (Lidl) et devient le plus grand d\u00e9taillant d&#039;Europe - RetailDetail BE\" \/>\n<meta property=\"og:description\" content=\"L&#039;ann\u00e9e derni\u00e8re, Amazon est devenu le plus grand d\u00e9taillant d&#039;Europe en termes de volume de ventes, apr\u00e8s avoir enregistr\u00e9 une croissance \u00e0 deux chiffres.\" \/>\n<meta property=\"og:url\" content=\"https:\/\/www.retaildetail.be\/fr\/news\/general\/amazon-depasse-schwarz-group-lidl-et-devient-le-plus-grand-detaillant-deurope\/\" \/>\n<meta property=\"og:site_name\" content=\"RetailDetail BE\" \/>\n<meta property=\"article:published_time\" content=\"2026-03-09T13:11:13+00:00\" \/>\n<meta property=\"article:modified_time\" content=\"2026-03-09T13:11:14+00:00\" \/>\n<meta property=\"og:image\" content=\"https:\/\/www.retaildetail.be\/wp-content\/uploads\/2026\/03\/shutterstock_2144143233.jpg\" \/>\n\t<meta property=\"og:image:width\" content=\"1000\" \/>\n\t<meta property=\"og:image:height\" content=\"667\" \/>\n\t<meta property=\"og:image:type\" content=\"image\/jpeg\" \/>\n<meta name=\"author\" content=\"Stefan Van Rompaey\" \/>\n<meta name=\"twitter:card\" content=\"summary_large_image\" \/>\n<meta name=\"twitter:label1\" content=\"\u00c9crit par\" \/>\n\t<meta name=\"twitter:data1\" content=\"Stefan Van Rompaey\" \/>\n\t<meta name=\"twitter:label2\" content=\"Dur\u00e9e de lecture estim\u00e9e\" \/>\n\t<meta name=\"twitter:data2\" content=\"3 minutes\" \/>\n<script type=\"application\/ld+json\" class=\"yoast-schema-graph\">{\"@context\":\"https:\\\/\\\/schema.org\",\"@graph\":[{\"@type\":\"NewsArticle\",\"@id\":\"https:\\\/\\\/www.retaildetail.be\\\/fr\\\/news\\\/general\\\/amazon-depasse-schwarz-group-lidl-et-devient-le-plus-grand-detaillant-deurope\\\/#article\",\"isPartOf\":{\"@id\":\"https:\\\/\\\/www.retaildetail.be\\\/fr\\\/news\\\/general\\\/amazon-depasse-schwarz-group-lidl-et-devient-le-plus-grand-detaillant-deurope\\\/\"},\"author\":{\"name\":\"Stefan Van Rompaey\",\"@id\":\"https:\\\/\\\/www.retaildetail.be\\\/nl\\\/#\\\/schema\\\/person\\\/51aec6069c4416aa2f68b2e4ff3455df\"},\"headline\":\"Amazon d\u00e9passe Schwarz Group (Lidl) et devient le plus grand d\u00e9taillant d&rsquo;Europe\",\"datePublished\":\"2026-03-09T13:11:13+00:00\",\"dateModified\":\"2026-03-09T13:11:14+00:00\",\"mainEntityOfPage\":{\"@id\":\"https:\\\/\\\/www.retaildetail.be\\\/fr\\\/news\\\/general\\\/amazon-depasse-schwarz-group-lidl-et-devient-le-plus-grand-detaillant-deurope\\\/\"},\"wordCount\":584,\"publisher\":{\"@id\":\"https:\\\/\\\/www.retaildetail.be\\\/nl\\\/#organization\"},\"image\":{\"@id\":\"https:\\\/\\\/www.retaildetail.be\\\/fr\\\/news\\\/general\\\/amazon-depasse-schwarz-group-lidl-et-devient-le-plus-grand-detaillant-deurope\\\/#primaryimage\"},\"thumbnailUrl\":\"https:\\\/\\\/www.retaildetail.be\\\/wp-content\\\/uploads\\\/2026\\\/03\\\/shutterstock_2144143233.jpg\",\"articleSection\":[\"Algemeen\",\"G\u00e9n\u00e9ral\"],\"inLanguage\":\"fr-FR\",\"copyrightYear\":\"2026\",\"copyrightHolder\":{\"@id\":\"https:\\\/\\\/www.retaildetail.be\\\/#organization\"}},{\"@type\":\"WebPage\",\"@id\":\"https:\\\/\\\/www.retaildetail.be\\\/fr\\\/news\\\/general\\\/amazon-depasse-schwarz-group-lidl-et-devient-le-plus-grand-detaillant-deurope\\\/\",\"url\":\"https:\\\/\\\/www.retaildetail.be\\\/fr\\\/news\\\/general\\\/amazon-depasse-schwarz-group-lidl-et-devient-le-plus-grand-detaillant-deurope\\\/\",\"name\":\"Amazon d\u00e9passe Schwarz Group (Lidl) et devient le plus grand d\u00e9taillant d'Europe - RetailDetail BE\",\"isPartOf\":{\"@id\":\"https:\\\/\\\/www.retaildetail.be\\\/nl\\\/#website\"},\"primaryImageOfPage\":{\"@id\":\"https:\\\/\\\/www.retaildetail.be\\\/fr\\\/news\\\/general\\\/amazon-depasse-schwarz-group-lidl-et-devient-le-plus-grand-detaillant-deurope\\\/#primaryimage\"},\"image\":{\"@id\":\"https:\\\/\\\/www.retaildetail.be\\\/fr\\\/news\\\/general\\\/amazon-depasse-schwarz-group-lidl-et-devient-le-plus-grand-detaillant-deurope\\\/#primaryimage\"},\"thumbnailUrl\":\"https:\\\/\\\/www.retaildetail.be\\\/wp-content\\\/uploads\\\/2026\\\/03\\\/shutterstock_2144143233.jpg\",\"datePublished\":\"2026-03-09T13:11:13+00:00\",\"dateModified\":\"2026-03-09T13:11:14+00:00\",\"description\":\"L'ann\u00e9e derni\u00e8re, Amazon est devenu le plus grand d\u00e9taillant d'Europe en termes de volume de ventes, apr\u00e8s avoir enregistr\u00e9 une croissance \u00e0 deux chiffres.\",\"breadcrumb\":{\"@id\":\"https:\\\/\\\/www.retaildetail.be\\\/fr\\\/news\\\/general\\\/amazon-depasse-schwarz-group-lidl-et-devient-le-plus-grand-detaillant-deurope\\\/#breadcrumb\"},\"inLanguage\":\"fr-FR\",\"potentialAction\":[{\"@type\":\"ReadAction\",\"target\":[\"https:\\\/\\\/www.retaildetail.be\\\/fr\\\/news\\\/general\\\/amazon-depasse-schwarz-group-lidl-et-devient-le-plus-grand-detaillant-deurope\\\/\"]}]},{\"@type\":\"ImageObject\",\"inLanguage\":\"fr-FR\",\"@id\":\"https:\\\/\\\/www.retaildetail.be\\\/fr\\\/news\\\/general\\\/amazon-depasse-schwarz-group-lidl-et-devient-le-plus-grand-detaillant-deurope\\\/#primaryimage\",\"url\":\"https:\\\/\\\/www.retaildetail.be\\\/wp-content\\\/uploads\\\/2026\\\/03\\\/shutterstock_2144143233.jpg\",\"contentUrl\":\"https:\\\/\\\/www.retaildetail.be\\\/wp-content\\\/uploads\\\/2026\\\/03\\\/shutterstock_2144143233.jpg\",\"width\":1000,\"height\":667,\"caption\":\"Shutterstock.com\"},{\"@type\":\"BreadcrumbList\",\"@id\":\"https:\\\/\\\/www.retaildetail.be\\\/fr\\\/news\\\/general\\\/amazon-depasse-schwarz-group-lidl-et-devient-le-plus-grand-detaillant-deurope\\\/#breadcrumb\",\"itemListElement\":[{\"@type\":\"ListItem\",\"position\":1,\"name\":\"Home\",\"item\":\"https:\\\/\\\/www.retaildetail.be\\\/fr\\\/\"},{\"@type\":\"ListItem\",\"position\":2,\"name\":\"Amazon d\u00e9passe Schwarz Group (Lidl) et devient le plus grand d\u00e9taillant d&#8217;Europe\"}]},{\"@type\":\"WebSite\",\"@id\":\"https:\\\/\\\/www.retaildetail.be\\\/nl\\\/#website\",\"url\":\"https:\\\/\\\/www.retaildetail.be\\\/nl\\\/\",\"name\":\"RetailDetail BE\",\"description\":\"News\",\"publisher\":{\"@id\":\"https:\\\/\\\/www.retaildetail.be\\\/nl\\\/#organization\"},\"potentialAction\":[{\"@type\":\"SearchAction\",\"target\":{\"@type\":\"EntryPoint\",\"urlTemplate\":\"https:\\\/\\\/www.retaildetail.be\\\/nl\\\/?s={search_term_string}\"},\"query-input\":{\"@type\":\"PropertyValueSpecification\",\"valueRequired\":true,\"valueName\":\"search_term_string\"}}],\"inLanguage\":\"fr-FR\"},{\"@type\":\"Organization\",\"@id\":\"https:\\\/\\\/www.retaildetail.be\\\/nl\\\/#organization\",\"name\":\"RetailDetail BE\",\"url\":\"https:\\\/\\\/www.retaildetail.be\\\/nl\\\/\",\"logo\":{\"@type\":\"ImageObject\",\"inLanguage\":\"fr-FR\",\"@id\":\"https:\\\/\\\/www.retaildetail.be\\\/nl\\\/#\\\/schema\\\/logo\\\/image\\\/\",\"url\":\"https:\\\/\\\/www.retaildetail.be\\\/wp-content\\\/uploads\\\/2022\\\/04\\\/logo.svg\",\"contentUrl\":\"https:\\\/\\\/www.retaildetail.be\\\/wp-content\\\/uploads\\\/2022\\\/04\\\/logo.svg\",\"width\":131,\"height\":70,\"caption\":\"RetailDetail BE\"},\"image\":{\"@id\":\"https:\\\/\\\/www.retaildetail.be\\\/nl\\\/#\\\/schema\\\/logo\\\/image\\\/\"}},{\"@type\":\"Person\",\"@id\":\"https:\\\/\\\/www.retaildetail.be\\\/nl\\\/#\\\/schema\\\/person\\\/51aec6069c4416aa2f68b2e4ff3455df\",\"name\":\"Stefan Van Rompaey\",\"image\":{\"@type\":\"ImageObject\",\"inLanguage\":\"fr-FR\",\"@id\":\"https:\\\/\\\/secure.gravatar.com\\\/avatar\\\/fbbb4a80a0f109888b2a5ab8ae255617499ecde533749b3ab2fa6c23b5d65dac?s=96&d=mm&r=g\",\"url\":\"https:\\\/\\\/secure.gravatar.com\\\/avatar\\\/fbbb4a80a0f109888b2a5ab8ae255617499ecde533749b3ab2fa6c23b5d65dac?s=96&d=mm&r=g\",\"contentUrl\":\"https:\\\/\\\/secure.gravatar.com\\\/avatar\\\/fbbb4a80a0f109888b2a5ab8ae255617499ecde533749b3ab2fa6c23b5d65dac?s=96&d=mm&r=g\",\"caption\":\"Stefan Van Rompaey\"},\"url\":\"https:\\\/\\\/www.retaildetail.be\\\/fr\\\/author\\\/stefanvanrompaey\\\/\"}]}<\/script>\n<!-- \/ Yoast SEO plugin. -->","yoast_head_json":{"title":"Amazon d\u00e9passe Schwarz Group (Lidl) et devient le plus grand d\u00e9taillant d'Europe - RetailDetail BE","description":"L'ann\u00e9e derni\u00e8re, Amazon est devenu le plus grand d\u00e9taillant d'Europe en termes de volume de ventes, apr\u00e8s avoir enregistr\u00e9 une croissance \u00e0 deux chiffres.","robots":{"index":"index","follow":"follow","max-snippet":"max-snippet:-1","max-image-preview":"max-image-preview:large","max-video-preview":"max-video-preview:-1"},"canonical":"https:\/\/www.retaildetail.be\/fr\/news\/general\/amazon-depasse-schwarz-group-lidl-et-devient-le-plus-grand-detaillant-deurope\/","og_locale":"fr_FR","og_type":"article","og_title":"Amazon d\u00e9passe Schwarz Group (Lidl) et devient le plus grand d\u00e9taillant d'Europe - RetailDetail BE","og_description":"L'ann\u00e9e derni\u00e8re, Amazon est devenu le plus grand d\u00e9taillant d'Europe en termes de volume de ventes, apr\u00e8s avoir enregistr\u00e9 une croissance \u00e0 deux chiffres.","og_url":"https:\/\/www.retaildetail.be\/fr\/news\/general\/amazon-depasse-schwarz-group-lidl-et-devient-le-plus-grand-detaillant-deurope\/","og_site_name":"RetailDetail BE","article_published_time":"2026-03-09T13:11:13+00:00","article_modified_time":"2026-03-09T13:11:14+00:00","og_image":[{"width":1000,"height":667,"url":"https:\/\/www.retaildetail.be\/wp-content\/uploads\/2026\/03\/shutterstock_2144143233.jpg","type":"image\/jpeg"}],"author":"Stefan Van Rompaey","twitter_card":"summary_large_image","twitter_misc":{"\u00c9crit par":"Stefan Van Rompaey","Dur\u00e9e de lecture estim\u00e9e":"3 minutes"},"schema":{"@context":"https:\/\/schema.org","@graph":[{"@type":"NewsArticle","@id":"https:\/\/www.retaildetail.be\/fr\/news\/general\/amazon-depasse-schwarz-group-lidl-et-devient-le-plus-grand-detaillant-deurope\/#article","isPartOf":{"@id":"https:\/\/www.retaildetail.be\/fr\/news\/general\/amazon-depasse-schwarz-group-lidl-et-devient-le-plus-grand-detaillant-deurope\/"},"author":{"name":"Stefan Van Rompaey","@id":"https:\/\/www.retaildetail.be\/nl\/#\/schema\/person\/51aec6069c4416aa2f68b2e4ff3455df"},"headline":"Amazon d\u00e9passe Schwarz Group (Lidl) et devient le plus grand d\u00e9taillant d&rsquo;Europe","datePublished":"2026-03-09T13:11:13+00:00","dateModified":"2026-03-09T13:11:14+00:00","mainEntityOfPage":{"@id":"https:\/\/www.retaildetail.be\/fr\/news\/general\/amazon-depasse-schwarz-group-lidl-et-devient-le-plus-grand-detaillant-deurope\/"},"wordCount":584,"publisher":{"@id":"https:\/\/www.retaildetail.be\/nl\/#organization"},"image":{"@id":"https:\/\/www.retaildetail.be\/fr\/news\/general\/amazon-depasse-schwarz-group-lidl-et-devient-le-plus-grand-detaillant-deurope\/#primaryimage"},"thumbnailUrl":"https:\/\/www.retaildetail.be\/wp-content\/uploads\/2026\/03\/shutterstock_2144143233.jpg","articleSection":["Algemeen","G\u00e9n\u00e9ral"],"inLanguage":"fr-FR","copyrightYear":"2026","copyrightHolder":{"@id":"https:\/\/www.retaildetail.be\/#organization"}},{"@type":"WebPage","@id":"https:\/\/www.retaildetail.be\/fr\/news\/general\/amazon-depasse-schwarz-group-lidl-et-devient-le-plus-grand-detaillant-deurope\/","url":"https:\/\/www.retaildetail.be\/fr\/news\/general\/amazon-depasse-schwarz-group-lidl-et-devient-le-plus-grand-detaillant-deurope\/","name":"Amazon d\u00e9passe Schwarz Group (Lidl) et devient le plus grand d\u00e9taillant d'Europe - RetailDetail BE","isPartOf":{"@id":"https:\/\/www.retaildetail.be\/nl\/#website"},"primaryImageOfPage":{"@id":"https:\/\/www.retaildetail.be\/fr\/news\/general\/amazon-depasse-schwarz-group-lidl-et-devient-le-plus-grand-detaillant-deurope\/#primaryimage"},"image":{"@id":"https:\/\/www.retaildetail.be\/fr\/news\/general\/amazon-depasse-schwarz-group-lidl-et-devient-le-plus-grand-detaillant-deurope\/#primaryimage"},"thumbnailUrl":"https:\/\/www.retaildetail.be\/wp-content\/uploads\/2026\/03\/shutterstock_2144143233.jpg","datePublished":"2026-03-09T13:11:13+00:00","dateModified":"2026-03-09T13:11:14+00:00","description":"L'ann\u00e9e derni\u00e8re, Amazon est devenu le plus grand d\u00e9taillant d'Europe en termes de volume de ventes, apr\u00e8s avoir enregistr\u00e9 une croissance \u00e0 deux chiffres.","breadcrumb":{"@id":"https:\/\/www.retaildetail.be\/fr\/news\/general\/amazon-depasse-schwarz-group-lidl-et-devient-le-plus-grand-detaillant-deurope\/#breadcrumb"},"inLanguage":"fr-FR","potentialAction":[{"@type":"ReadAction","target":["https:\/\/www.retaildetail.be\/fr\/news\/general\/amazon-depasse-schwarz-group-lidl-et-devient-le-plus-grand-detaillant-deurope\/"]}]},{"@type":"ImageObject","inLanguage":"fr-FR","@id":"https:\/\/www.retaildetail.be\/fr\/news\/general\/amazon-depasse-schwarz-group-lidl-et-devient-le-plus-grand-detaillant-deurope\/#primaryimage","url":"https:\/\/www.retaildetail.be\/wp-content\/uploads\/2026\/03\/shutterstock_2144143233.jpg","contentUrl":"https:\/\/www.retaildetail.be\/wp-content\/uploads\/2026\/03\/shutterstock_2144143233.jpg","width":1000,"height":667,"caption":"Shutterstock.com"},{"@type":"BreadcrumbList","@id":"https:\/\/www.retaildetail.be\/fr\/news\/general\/amazon-depasse-schwarz-group-lidl-et-devient-le-plus-grand-detaillant-deurope\/#breadcrumb","itemListElement":[{"@type":"ListItem","position":1,"name":"Home","item":"https:\/\/www.retaildetail.be\/fr\/"},{"@type":"ListItem","position":2,"name":"Amazon d\u00e9passe Schwarz Group (Lidl) et devient le plus grand d\u00e9taillant d&#8217;Europe"}]},{"@type":"WebSite","@id":"https:\/\/www.retaildetail.be\/nl\/#website","url":"https:\/\/www.retaildetail.be\/nl\/","name":"RetailDetail BE","description":"News","publisher":{"@id":"https:\/\/www.retaildetail.be\/nl\/#organization"},"potentialAction":[{"@type":"SearchAction","target":{"@type":"EntryPoint","urlTemplate":"https:\/\/www.retaildetail.be\/nl\/?s={search_term_string}"},"query-input":{"@type":"PropertyValueSpecification","valueRequired":true,"valueName":"search_term_string"}}],"inLanguage":"fr-FR"},{"@type":"Organization","@id":"https:\/\/www.retaildetail.be\/nl\/#organization","name":"RetailDetail BE","url":"https:\/\/www.retaildetail.be\/nl\/","logo":{"@type":"ImageObject","inLanguage":"fr-FR","@id":"https:\/\/www.retaildetail.be\/nl\/#\/schema\/logo\/image\/","url":"https:\/\/www.retaildetail.be\/wp-content\/uploads\/2022\/04\/logo.svg","contentUrl":"https:\/\/www.retaildetail.be\/wp-content\/uploads\/2022\/04\/logo.svg","width":131,"height":70,"caption":"RetailDetail BE"},"image":{"@id":"https:\/\/www.retaildetail.be\/nl\/#\/schema\/logo\/image\/"}},{"@type":"Person","@id":"https:\/\/www.retaildetail.be\/nl\/#\/schema\/person\/51aec6069c4416aa2f68b2e4ff3455df","name":"Stefan Van Rompaey","image":{"@type":"ImageObject","inLanguage":"fr-FR","@id":"https:\/\/secure.gravatar.com\/avatar\/fbbb4a80a0f109888b2a5ab8ae255617499ecde533749b3ab2fa6c23b5d65dac?s=96&d=mm&r=g","url":"https:\/\/secure.gravatar.com\/avatar\/fbbb4a80a0f109888b2a5ab8ae255617499ecde533749b3ab2fa6c23b5d65dac?s=96&d=mm&r=g","contentUrl":"https:\/\/secure.gravatar.com\/avatar\/fbbb4a80a0f109888b2a5ab8ae255617499ecde533749b3ab2fa6c23b5d65dac?s=96&d=mm&r=g","caption":"Stefan Van Rompaey"},"url":"https:\/\/www.retaildetail.be\/fr\/author\/stefanvanrompaey\/"}]}},"jetpack_featured_media_url":"https:\/\/www.retaildetail.be\/wp-content\/uploads\/2026\/03\/shutterstock_2144143233.jpg","jetpack_sharing_enabled":true,"_links":{"self":[{"href":"https:\/\/www.retaildetail.be\/fr\/wp-json\/wp\/v2\/posts\/143607","targetHints":{"allow":["GET"]}}],"collection":[{"href":"https:\/\/www.retaildetail.be\/fr\/wp-json\/wp\/v2\/posts"}],"about":[{"href":"https:\/\/www.retaildetail.be\/fr\/wp-json\/wp\/v2\/types\/post"}],"author":[{"embeddable":true,"href":"https:\/\/www.retaildetail.be\/fr\/wp-json\/wp\/v2\/users\/3"}],"replies":[{"embeddable":true,"href":"https:\/\/www.retaildetail.be\/fr\/wp-json\/wp\/v2\/comments?post=143607"}],"version-history":[{"count":1,"href":"https:\/\/www.retaildetail.be\/fr\/wp-json\/wp\/v2\/posts\/143607\/revisions"}],"predecessor-version":[{"id":143609,"href":"https:\/\/www.retaildetail.be\/fr\/wp-json\/wp\/v2\/posts\/143607\/revisions\/143609"}],"wp:featuredmedia":[{"embeddable":true,"href":"https:\/\/www.retaildetail.be\/fr\/wp-json\/wp\/v2\/media\/143608"}],"wp:attachment":[{"href":"https:\/\/www.retaildetail.be\/fr\/wp-json\/wp\/v2\/media?parent=143607"}],"wp:term":[{"taxonomy":"category","embeddable":true,"href":"https:\/\/www.retaildetail.be\/fr\/wp-json\/wp\/v2\/categories?post=143607"},{"taxonomy":"post_tag","embeddable":true,"href":"https:\/\/www.retaildetail.be\/fr\/wp-json\/wp\/v2\/tags?post=143607"},{"taxonomy":"people","embeddable":true,"href":"https:\/\/www.retaildetail.be\/fr\/wp-json\/wp\/v2\/people?post=143607"},{"taxonomy":"extra","embeddable":true,"href":"https:\/\/www.retaildetail.be\/fr\/wp-json\/wp\/v2\/extra?post=143607"},{"taxonomy":"company","embeddable":true,"href":"https:\/\/www.retaildetail.be\/fr\/wp-json\/wp\/v2\/company?post=143607"},{"taxonomy":"topic","embeddable":true,"href":"https:\/\/www.retaildetail.be\/fr\/wp-json\/wp\/v2\/topic?post=143607"},{"taxonomy":"region","embeddable":true,"href":"https:\/\/www.retaildetail.be\/fr\/wp-json\/wp\/v2\/region?post=143607"}],"curies":[{"name":"wp","href":"https:\/\/api.w.org\/{rel}","templated":true}]}}