{"id":143613,"date":"2026-03-09T15:31:33","date_gmt":"2026-03-09T14:31:33","guid":{"rendered":"https:\/\/www.retaildetail.be\/?p=143613"},"modified":"2026-03-09T15:31:34","modified_gmt":"2026-03-09T14:31:34","slug":"la-salade-cultivee-par-hydroponie-debute-dans-les-rayons-des-supermarches-en-allemagne","status":"publish","type":"post","link":"https:\/\/www.retaildetail.be\/fr\/news\/food\/la-salade-cultivee-par-hydroponie-debute-dans-les-rayons-des-supermarches-en-allemagne\/","title":{"rendered":"La salade cultiv\u00e9e par hydroponie d\u00e9bute dans les rayons des supermarch\u00e9s en Allemagne"},"content":{"rendered":"\n<p>Le groupe allemand de supermarch\u00e9s <strong>Rewe <\/strong>commercialise pour la premi\u00e8re fois des m\u00e9langes de salades issues de la culture hydroponique. La salade pousse sans terre dans des bassins d&rsquo;eau et reste fra\u00eeche jusqu&rsquo;\u00e0 sept jours de plus, selon l&rsquo;entreprise. Le discounter <strong>Penny<\/strong> propose \u00e9galement ces salades dans ses rayons.<\/p>\n\n\n\n<h2 class=\"wp-block-heading\">Plus rapide et plus \u00e9conomique<\/h2>\n\n\n\n<p>Apr\u00e8s quatre ans de d\u00e9veloppement, <em>Endless Summer<\/em> est pr\u00eat \u00e0 \u00eatre lanc\u00e9 : sous ce nom de projet, l&rsquo;entreprise Gem\u00fcsebau Steiner, situ\u00e9e en Haute-Bavi\u00e8re, cultive de la laitue \u00e0 couper dans un syst\u00e8me hydroponique pour le groupe de supermarch\u00e9s Rewe. Les plantes poussent dans l&rsquo;eau, dans quatre hectares de serres qui utilisent la chaleur g\u00e9othermique. Selon Rewe, cela permet d&rsquo;\u00e9conomiser environ 3 000 tonnes d&rsquo;\u00e9missions de dioxyde de carbone par an.<\/p>\n\n\n\n<p>De plus, les plantes poussent plus vite qu&rsquo;avec les m\u00e9thodes de culture traditionnelles : les jeunes feuilles peuvent \u00eatre r\u00e9colt\u00e9es \u00e0 un stade pr\u00e9coce de leur croissance et combin\u00e9es pour former diff\u00e9rents m\u00e9langes de salades. Le cycle de production dure entre 22 et 32 jours.<\/p>\n\n\n\n<p>Ironiquement, ce syst\u00e8me \u00e0 base d&rsquo;eau consomme <a href=\"https:\/\/www.rewe-group.com\/de\/presse-und-medien\/newsroom\/pressemitteilungen\/nachhaltig-innovativ-und-laenger-haltbar-rewe-group-setzt-mit-pfluecksalaten-neuen-standard-im-hydroponik-anbau\/\">\u00e9galement beaucoup moins d&rsquo;eau<\/a>. Le syst\u00e8me d&rsquo;irrigation utilise environ 90 % moins d&rsquo;eau que l&rsquo;agriculture conventionnelle et fonctionne sans produits phytosanitaires. Dans les serres, des lampes LED \u00e0 faible consommation d&rsquo;\u00e9nergie fournissent un \u00e9clairage suppl\u00e9mentaire.<\/p>\n\n\n\n<h2 class=\"wp-block-heading\">D\u00e9ploiement via les marques propres<\/h2>\n\n\n\n<p>Rewe commercialise la nouvelle salade sous diff\u00e9rentes marques propres. La premi\u00e8re variante, <em>Crispy Mix<\/em>, est d\u00e9j\u00e0 disponible dans tous les magasins Rewe de Bavi\u00e8re. D&rsquo;autres variantes suivront, dont un m\u00e9lange avec des herbes sauvages. Apr\u00e8s P\u00e2ques, les magasins Penny du sud de l&rsquo;Allemagne commenceront \u00e9galement \u00e0 la commercialiser, puis le discounter souhaite introduire les m\u00e9langes de salades \u00e0 l&rsquo;\u00e9chelle nationale.<\/p>\n\n\n\n<p>Tina Mangold, responsable de Penny Region S\u00fcd, d\u00e9clare : \u00ab Nous voulons offrir \u00e0 nos clients des produits qui se distinguent par leur qualit\u00e9 et leur fra\u00eecheur, tout en \u00e9tant produits de mani\u00e8re durable. La salade hydroponique r\u00e9pond parfaitement \u00e0 ces attentes. \u00bb<\/p>\n\n\n\n<p><em>Vous souhaitez en savoir plus sur l&rsquo;hydroponie ? Dans <a href=\"https:\/\/www.lannoo.be\/nl\/future-food-eng\">le livre \u00ab The Future of Food \u00bb de Jorg Snoeck et Stefan Van Rompaey<\/a>, vous trouverez toutes les informations sur les diff\u00e9rences entre l&rsquo;hydroponie, l&rsquo;aquaculture et d&rsquo;autres m\u00e9thodes de culture innovantes, ainsi que leurs applications possibles.<\/em><\/p>\n","protected":false},"excerpt":{"rendered":"<p>Le groupe allemand de supermarch\u00e9s Rewe commercialise pour la premi\u00e8re fois des m\u00e9langes de salades issues de la culture hydroponique. La salade pousse sans terre dans des bassins d&rsquo;eau et reste fra\u00eeche jusqu&rsquo;\u00e0 sept jours de plus, selon l&rsquo;entreprise. Le discounter Penny propose \u00e9galement ces salades dans ses rayons.<\/p>\n","protected":false},"author":5,"featured_media":143614,"comment_status":"closed","ping_status":"closed","sticky":false,"template":"","format":"standard","meta":{"_acf_changed":false,"inline_featured_image":false,"_jetpack_memberships_contains_paid_content":false,"footnotes":""},"categories":[18,24],"tags":[1953],"people":[],"extra":[43],"company":[827],"topic":[242],"region":[470],"class_list":{"0":"post-143613","1":"post","2":"type-post","3":"status-publish","4":"format-standard","5":"has-post-thumbnail","6":"hentry","7":"category-food","9":"tag-landbouw","10":"extra-plus","11":"company-rewe","12":"topic-chaine-dapprovisionnement","13":"region-allemagne"},"acf":[],"yoast_head":"<!-- This site is optimized with the Yoast SEO plugin v27.3 - https:\/\/yoast.com\/product\/yoast-seo-wordpress\/ -->\n<title>La salade cultiv\u00e9e par hydroponie d\u00e9bute dans les rayons des supermarch\u00e9s en Allemagne - RetailDetail BE<\/title>\n<meta name=\"description\" content=\"Rewe commercialise pour la premi\u00e8re fois des m\u00e9langes de salades issues de la culture hydroponique : la salade pousse sans terre dans des bassins d&#039;eau.\" \/>\n<meta name=\"robots\" content=\"index, follow, max-snippet:-1, max-image-preview:large, max-video-preview:-1\" \/>\n<link rel=\"canonical\" href=\"https:\/\/www.retaildetail.be\/fr\/news\/food\/la-salade-cultivee-par-hydroponie-debute-dans-les-rayons-des-supermarches-en-allemagne\/\" \/>\n<meta property=\"og:locale\" content=\"fr_FR\" \/>\n<meta property=\"og:type\" content=\"article\" \/>\n<meta property=\"og:title\" content=\"La salade cultiv\u00e9e par hydroponie d\u00e9bute dans les rayons des supermarch\u00e9s en Allemagne - RetailDetail BE\" \/>\n<meta property=\"og:description\" content=\"Rewe commercialise pour la premi\u00e8re fois des m\u00e9langes de salades issues de la culture hydroponique : la salade pousse sans terre dans des bassins d&#039;eau.\" \/>\n<meta property=\"og:url\" content=\"https:\/\/www.retaildetail.be\/fr\/news\/food\/la-salade-cultivee-par-hydroponie-debute-dans-les-rayons-des-supermarches-en-allemagne\/\" \/>\n<meta property=\"og:site_name\" content=\"RetailDetail BE\" \/>\n<meta property=\"article:published_time\" content=\"2026-03-09T14:31:33+00:00\" \/>\n<meta property=\"article:modified_time\" content=\"2026-03-09T14:31:34+00:00\" \/>\n<meta property=\"og:image\" content=\"https:\/\/www.retaildetail.be\/wp-content\/uploads\/2026\/03\/rewe-hydroponics-sla-1.png\" \/>\n\t<meta property=\"og:image:width\" content=\"1273\" \/>\n\t<meta property=\"og:image:height\" content=\"769\" \/>\n\t<meta property=\"og:image:type\" content=\"image\/png\" \/>\n<meta name=\"author\" content=\"Pauline Neerman\" \/>\n<meta name=\"twitter:card\" content=\"summary_large_image\" \/>\n<meta name=\"twitter:label1\" content=\"\u00c9crit par\" \/>\n\t<meta name=\"twitter:data1\" content=\"Pauline Neerman\" \/>\n\t<meta name=\"twitter:label2\" content=\"Dur\u00e9e de lecture estim\u00e9e\" \/>\n\t<meta name=\"twitter:data2\" content=\"2 minutes\" \/>\n<script type=\"application\/ld+json\" class=\"yoast-schema-graph\">{\"@context\":\"https:\\\/\\\/schema.org\",\"@graph\":[{\"@type\":\"NewsArticle\",\"@id\":\"https:\\\/\\\/www.retaildetail.be\\\/fr\\\/news\\\/food\\\/la-salade-cultivee-par-hydroponie-debute-dans-les-rayons-des-supermarches-en-allemagne\\\/#article\",\"isPartOf\":{\"@id\":\"https:\\\/\\\/www.retaildetail.be\\\/fr\\\/news\\\/food\\\/la-salade-cultivee-par-hydroponie-debute-dans-les-rayons-des-supermarches-en-allemagne\\\/\"},\"author\":{\"name\":\"Pauline Neerman\",\"@id\":\"https:\\\/\\\/www.retaildetail.be\\\/nl\\\/#\\\/schema\\\/person\\\/66b54803fa10759039079458ea89e307\"},\"headline\":\"La salade cultiv\u00e9e par hydroponie d\u00e9bute dans les rayons des supermarch\u00e9s en Allemagne\",\"datePublished\":\"2026-03-09T14:31:33+00:00\",\"dateModified\":\"2026-03-09T14:31:34+00:00\",\"mainEntityOfPage\":{\"@id\":\"https:\\\/\\\/www.retaildetail.be\\\/fr\\\/news\\\/food\\\/la-salade-cultivee-par-hydroponie-debute-dans-les-rayons-des-supermarches-en-allemagne\\\/\"},\"wordCount\":418,\"publisher\":{\"@id\":\"https:\\\/\\\/www.retaildetail.be\\\/nl\\\/#organization\"},\"image\":{\"@id\":\"https:\\\/\\\/www.retaildetail.be\\\/fr\\\/news\\\/food\\\/la-salade-cultivee-par-hydroponie-debute-dans-les-rayons-des-supermarches-en-allemagne\\\/#primaryimage\"},\"thumbnailUrl\":\"https:\\\/\\\/www.retaildetail.be\\\/wp-content\\\/uploads\\\/2026\\\/03\\\/rewe-hydroponics-sla-1.png\",\"keywords\":[\"landbouw\"],\"articleSection\":[\"Food\",\"Food\"],\"inLanguage\":\"fr-FR\",\"copyrightYear\":\"2026\",\"copyrightHolder\":{\"@id\":\"https:\\\/\\\/www.retaildetail.be\\\/#organization\"}},{\"@type\":\"WebPage\",\"@id\":\"https:\\\/\\\/www.retaildetail.be\\\/fr\\\/news\\\/food\\\/la-salade-cultivee-par-hydroponie-debute-dans-les-rayons-des-supermarches-en-allemagne\\\/\",\"url\":\"https:\\\/\\\/www.retaildetail.be\\\/fr\\\/news\\\/food\\\/la-salade-cultivee-par-hydroponie-debute-dans-les-rayons-des-supermarches-en-allemagne\\\/\",\"name\":\"La salade cultiv\u00e9e par hydroponie d\u00e9bute dans les rayons des supermarch\u00e9s en Allemagne - RetailDetail BE\",\"isPartOf\":{\"@id\":\"https:\\\/\\\/www.retaildetail.be\\\/nl\\\/#website\"},\"primaryImageOfPage\":{\"@id\":\"https:\\\/\\\/www.retaildetail.be\\\/fr\\\/news\\\/food\\\/la-salade-cultivee-par-hydroponie-debute-dans-les-rayons-des-supermarches-en-allemagne\\\/#primaryimage\"},\"image\":{\"@id\":\"https:\\\/\\\/www.retaildetail.be\\\/fr\\\/news\\\/food\\\/la-salade-cultivee-par-hydroponie-debute-dans-les-rayons-des-supermarches-en-allemagne\\\/#primaryimage\"},\"thumbnailUrl\":\"https:\\\/\\\/www.retaildetail.be\\\/wp-content\\\/uploads\\\/2026\\\/03\\\/rewe-hydroponics-sla-1.png\",\"datePublished\":\"2026-03-09T14:31:33+00:00\",\"dateModified\":\"2026-03-09T14:31:34+00:00\",\"description\":\"Rewe commercialise pour la premi\u00e8re fois des m\u00e9langes de salades issues de la culture hydroponique : la salade pousse sans terre dans des bassins d'eau.\",\"breadcrumb\":{\"@id\":\"https:\\\/\\\/www.retaildetail.be\\\/fr\\\/news\\\/food\\\/la-salade-cultivee-par-hydroponie-debute-dans-les-rayons-des-supermarches-en-allemagne\\\/#breadcrumb\"},\"inLanguage\":\"fr-FR\",\"potentialAction\":[{\"@type\":\"ReadAction\",\"target\":[\"https:\\\/\\\/www.retaildetail.be\\\/fr\\\/news\\\/food\\\/la-salade-cultivee-par-hydroponie-debute-dans-les-rayons-des-supermarches-en-allemagne\\\/\"]}]},{\"@type\":\"ImageObject\",\"inLanguage\":\"fr-FR\",\"@id\":\"https:\\\/\\\/www.retaildetail.be\\\/fr\\\/news\\\/food\\\/la-salade-cultivee-par-hydroponie-debute-dans-les-rayons-des-supermarches-en-allemagne\\\/#primaryimage\",\"url\":\"https:\\\/\\\/www.retaildetail.be\\\/wp-content\\\/uploads\\\/2026\\\/03\\\/rewe-hydroponics-sla-1.png\",\"contentUrl\":\"https:\\\/\\\/www.retaildetail.be\\\/wp-content\\\/uploads\\\/2026\\\/03\\\/rewe-hydroponics-sla-1.png\",\"width\":1273,\"height\":769},{\"@type\":\"BreadcrumbList\",\"@id\":\"https:\\\/\\\/www.retaildetail.be\\\/fr\\\/news\\\/food\\\/la-salade-cultivee-par-hydroponie-debute-dans-les-rayons-des-supermarches-en-allemagne\\\/#breadcrumb\",\"itemListElement\":[{\"@type\":\"ListItem\",\"position\":1,\"name\":\"Home\",\"item\":\"https:\\\/\\\/www.retaildetail.be\\\/fr\\\/\"},{\"@type\":\"ListItem\",\"position\":2,\"name\":\"La salade cultiv\u00e9e par hydroponie d\u00e9bute dans les rayons des supermarch\u00e9s en Allemagne\"}]},{\"@type\":\"WebSite\",\"@id\":\"https:\\\/\\\/www.retaildetail.be\\\/nl\\\/#website\",\"url\":\"https:\\\/\\\/www.retaildetail.be\\\/nl\\\/\",\"name\":\"RetailDetail BE\",\"description\":\"News\",\"publisher\":{\"@id\":\"https:\\\/\\\/www.retaildetail.be\\\/nl\\\/#organization\"},\"potentialAction\":[{\"@type\":\"SearchAction\",\"target\":{\"@type\":\"EntryPoint\",\"urlTemplate\":\"https:\\\/\\\/www.retaildetail.be\\\/nl\\\/?s={search_term_string}\"},\"query-input\":{\"@type\":\"PropertyValueSpecification\",\"valueRequired\":true,\"valueName\":\"search_term_string\"}}],\"inLanguage\":\"fr-FR\"},{\"@type\":\"Organization\",\"@id\":\"https:\\\/\\\/www.retaildetail.be\\\/nl\\\/#organization\",\"name\":\"RetailDetail BE\",\"url\":\"https:\\\/\\\/www.retaildetail.be\\\/nl\\\/\",\"logo\":{\"@type\":\"ImageObject\",\"inLanguage\":\"fr-FR\",\"@id\":\"https:\\\/\\\/www.retaildetail.be\\\/nl\\\/#\\\/schema\\\/logo\\\/image\\\/\",\"url\":\"https:\\\/\\\/www.retaildetail.be\\\/wp-content\\\/uploads\\\/2022\\\/04\\\/logo.svg\",\"contentUrl\":\"https:\\\/\\\/www.retaildetail.be\\\/wp-content\\\/uploads\\\/2022\\\/04\\\/logo.svg\",\"width\":131,\"height\":70,\"caption\":\"RetailDetail BE\"},\"image\":{\"@id\":\"https:\\\/\\\/www.retaildetail.be\\\/nl\\\/#\\\/schema\\\/logo\\\/image\\\/\"}},{\"@type\":\"Person\",\"@id\":\"https:\\\/\\\/www.retaildetail.be\\\/nl\\\/#\\\/schema\\\/person\\\/66b54803fa10759039079458ea89e307\",\"name\":\"Pauline Neerman\",\"image\":{\"@type\":\"ImageObject\",\"inLanguage\":\"fr-FR\",\"@id\":\"https:\\\/\\\/secure.gravatar.com\\\/avatar\\\/58db22aee589a691f9603e5765ac06010427a923f9b2728b951eb7fe27214d70?s=96&d=mm&r=g\",\"url\":\"https:\\\/\\\/secure.gravatar.com\\\/avatar\\\/58db22aee589a691f9603e5765ac06010427a923f9b2728b951eb7fe27214d70?s=96&d=mm&r=g\",\"contentUrl\":\"https:\\\/\\\/secure.gravatar.com\\\/avatar\\\/58db22aee589a691f9603e5765ac06010427a923f9b2728b951eb7fe27214d70?s=96&d=mm&r=g\",\"caption\":\"Pauline Neerman\"},\"url\":\"https:\\\/\\\/www.retaildetail.be\\\/fr\\\/author\\\/paulineneerman\\\/\"}]}<\/script>\n<!-- \/ Yoast SEO plugin. -->","yoast_head_json":{"title":"La salade cultiv\u00e9e par hydroponie d\u00e9bute dans les rayons des supermarch\u00e9s en Allemagne - RetailDetail BE","description":"Rewe commercialise pour la premi\u00e8re fois des m\u00e9langes de salades issues de la culture hydroponique : la salade pousse sans terre dans des bassins d'eau.","robots":{"index":"index","follow":"follow","max-snippet":"max-snippet:-1","max-image-preview":"max-image-preview:large","max-video-preview":"max-video-preview:-1"},"canonical":"https:\/\/www.retaildetail.be\/fr\/news\/food\/la-salade-cultivee-par-hydroponie-debute-dans-les-rayons-des-supermarches-en-allemagne\/","og_locale":"fr_FR","og_type":"article","og_title":"La salade cultiv\u00e9e par hydroponie d\u00e9bute dans les rayons des supermarch\u00e9s en Allemagne - RetailDetail BE","og_description":"Rewe commercialise pour la premi\u00e8re fois des m\u00e9langes de salades issues de la culture hydroponique : la salade pousse sans terre dans des bassins d'eau.","og_url":"https:\/\/www.retaildetail.be\/fr\/news\/food\/la-salade-cultivee-par-hydroponie-debute-dans-les-rayons-des-supermarches-en-allemagne\/","og_site_name":"RetailDetail BE","article_published_time":"2026-03-09T14:31:33+00:00","article_modified_time":"2026-03-09T14:31:34+00:00","og_image":[{"width":1273,"height":769,"url":"https:\/\/www.retaildetail.be\/wp-content\/uploads\/2026\/03\/rewe-hydroponics-sla-1.png","type":"image\/png"}],"author":"Pauline Neerman","twitter_card":"summary_large_image","twitter_misc":{"\u00c9crit par":"Pauline Neerman","Dur\u00e9e de lecture estim\u00e9e":"2 minutes"},"schema":{"@context":"https:\/\/schema.org","@graph":[{"@type":"NewsArticle","@id":"https:\/\/www.retaildetail.be\/fr\/news\/food\/la-salade-cultivee-par-hydroponie-debute-dans-les-rayons-des-supermarches-en-allemagne\/#article","isPartOf":{"@id":"https:\/\/www.retaildetail.be\/fr\/news\/food\/la-salade-cultivee-par-hydroponie-debute-dans-les-rayons-des-supermarches-en-allemagne\/"},"author":{"name":"Pauline Neerman","@id":"https:\/\/www.retaildetail.be\/nl\/#\/schema\/person\/66b54803fa10759039079458ea89e307"},"headline":"La salade cultiv\u00e9e par hydroponie d\u00e9bute dans les rayons des supermarch\u00e9s en Allemagne","datePublished":"2026-03-09T14:31:33+00:00","dateModified":"2026-03-09T14:31:34+00:00","mainEntityOfPage":{"@id":"https:\/\/www.retaildetail.be\/fr\/news\/food\/la-salade-cultivee-par-hydroponie-debute-dans-les-rayons-des-supermarches-en-allemagne\/"},"wordCount":418,"publisher":{"@id":"https:\/\/www.retaildetail.be\/nl\/#organization"},"image":{"@id":"https:\/\/www.retaildetail.be\/fr\/news\/food\/la-salade-cultivee-par-hydroponie-debute-dans-les-rayons-des-supermarches-en-allemagne\/#primaryimage"},"thumbnailUrl":"https:\/\/www.retaildetail.be\/wp-content\/uploads\/2026\/03\/rewe-hydroponics-sla-1.png","keywords":["landbouw"],"articleSection":["Food","Food"],"inLanguage":"fr-FR","copyrightYear":"2026","copyrightHolder":{"@id":"https:\/\/www.retaildetail.be\/#organization"}},{"@type":"WebPage","@id":"https:\/\/www.retaildetail.be\/fr\/news\/food\/la-salade-cultivee-par-hydroponie-debute-dans-les-rayons-des-supermarches-en-allemagne\/","url":"https:\/\/www.retaildetail.be\/fr\/news\/food\/la-salade-cultivee-par-hydroponie-debute-dans-les-rayons-des-supermarches-en-allemagne\/","name":"La salade cultiv\u00e9e par hydroponie d\u00e9bute dans les rayons des supermarch\u00e9s en Allemagne - RetailDetail BE","isPartOf":{"@id":"https:\/\/www.retaildetail.be\/nl\/#website"},"primaryImageOfPage":{"@id":"https:\/\/www.retaildetail.be\/fr\/news\/food\/la-salade-cultivee-par-hydroponie-debute-dans-les-rayons-des-supermarches-en-allemagne\/#primaryimage"},"image":{"@id":"https:\/\/www.retaildetail.be\/fr\/news\/food\/la-salade-cultivee-par-hydroponie-debute-dans-les-rayons-des-supermarches-en-allemagne\/#primaryimage"},"thumbnailUrl":"https:\/\/www.retaildetail.be\/wp-content\/uploads\/2026\/03\/rewe-hydroponics-sla-1.png","datePublished":"2026-03-09T14:31:33+00:00","dateModified":"2026-03-09T14:31:34+00:00","description":"Rewe commercialise pour la premi\u00e8re fois des m\u00e9langes de salades issues de la culture hydroponique : la salade pousse sans terre dans des bassins d'eau.","breadcrumb":{"@id":"https:\/\/www.retaildetail.be\/fr\/news\/food\/la-salade-cultivee-par-hydroponie-debute-dans-les-rayons-des-supermarches-en-allemagne\/#breadcrumb"},"inLanguage":"fr-FR","potentialAction":[{"@type":"ReadAction","target":["https:\/\/www.retaildetail.be\/fr\/news\/food\/la-salade-cultivee-par-hydroponie-debute-dans-les-rayons-des-supermarches-en-allemagne\/"]}]},{"@type":"ImageObject","inLanguage":"fr-FR","@id":"https:\/\/www.retaildetail.be\/fr\/news\/food\/la-salade-cultivee-par-hydroponie-debute-dans-les-rayons-des-supermarches-en-allemagne\/#primaryimage","url":"https:\/\/www.retaildetail.be\/wp-content\/uploads\/2026\/03\/rewe-hydroponics-sla-1.png","contentUrl":"https:\/\/www.retaildetail.be\/wp-content\/uploads\/2026\/03\/rewe-hydroponics-sla-1.png","width":1273,"height":769},{"@type":"BreadcrumbList","@id":"https:\/\/www.retaildetail.be\/fr\/news\/food\/la-salade-cultivee-par-hydroponie-debute-dans-les-rayons-des-supermarches-en-allemagne\/#breadcrumb","itemListElement":[{"@type":"ListItem","position":1,"name":"Home","item":"https:\/\/www.retaildetail.be\/fr\/"},{"@type":"ListItem","position":2,"name":"La salade cultiv\u00e9e par hydroponie d\u00e9bute dans les rayons des supermarch\u00e9s en Allemagne"}]},{"@type":"WebSite","@id":"https:\/\/www.retaildetail.be\/nl\/#website","url":"https:\/\/www.retaildetail.be\/nl\/","name":"RetailDetail BE","description":"News","publisher":{"@id":"https:\/\/www.retaildetail.be\/nl\/#organization"},"potentialAction":[{"@type":"SearchAction","target":{"@type":"EntryPoint","urlTemplate":"https:\/\/www.retaildetail.be\/nl\/?s={search_term_string}"},"query-input":{"@type":"PropertyValueSpecification","valueRequired":true,"valueName":"search_term_string"}}],"inLanguage":"fr-FR"},{"@type":"Organization","@id":"https:\/\/www.retaildetail.be\/nl\/#organization","name":"RetailDetail BE","url":"https:\/\/www.retaildetail.be\/nl\/","logo":{"@type":"ImageObject","inLanguage":"fr-FR","@id":"https:\/\/www.retaildetail.be\/nl\/#\/schema\/logo\/image\/","url":"https:\/\/www.retaildetail.be\/wp-content\/uploads\/2022\/04\/logo.svg","contentUrl":"https:\/\/www.retaildetail.be\/wp-content\/uploads\/2022\/04\/logo.svg","width":131,"height":70,"caption":"RetailDetail BE"},"image":{"@id":"https:\/\/www.retaildetail.be\/nl\/#\/schema\/logo\/image\/"}},{"@type":"Person","@id":"https:\/\/www.retaildetail.be\/nl\/#\/schema\/person\/66b54803fa10759039079458ea89e307","name":"Pauline Neerman","image":{"@type":"ImageObject","inLanguage":"fr-FR","@id":"https:\/\/secure.gravatar.com\/avatar\/58db22aee589a691f9603e5765ac06010427a923f9b2728b951eb7fe27214d70?s=96&d=mm&r=g","url":"https:\/\/secure.gravatar.com\/avatar\/58db22aee589a691f9603e5765ac06010427a923f9b2728b951eb7fe27214d70?s=96&d=mm&r=g","contentUrl":"https:\/\/secure.gravatar.com\/avatar\/58db22aee589a691f9603e5765ac06010427a923f9b2728b951eb7fe27214d70?s=96&d=mm&r=g","caption":"Pauline Neerman"},"url":"https:\/\/www.retaildetail.be\/fr\/author\/paulineneerman\/"}]}},"jetpack_featured_media_url":"https:\/\/www.retaildetail.be\/wp-content\/uploads\/2026\/03\/rewe-hydroponics-sla-1.png","jetpack_sharing_enabled":true,"_links":{"self":[{"href":"https:\/\/www.retaildetail.be\/fr\/wp-json\/wp\/v2\/posts\/143613","targetHints":{"allow":["GET"]}}],"collection":[{"href":"https:\/\/www.retaildetail.be\/fr\/wp-json\/wp\/v2\/posts"}],"about":[{"href":"https:\/\/www.retaildetail.be\/fr\/wp-json\/wp\/v2\/types\/post"}],"author":[{"embeddable":true,"href":"https:\/\/www.retaildetail.be\/fr\/wp-json\/wp\/v2\/users\/5"}],"replies":[{"embeddable":true,"href":"https:\/\/www.retaildetail.be\/fr\/wp-json\/wp\/v2\/comments?post=143613"}],"version-history":[{"count":1,"href":"https:\/\/www.retaildetail.be\/fr\/wp-json\/wp\/v2\/posts\/143613\/revisions"}],"predecessor-version":[{"id":143625,"href":"https:\/\/www.retaildetail.be\/fr\/wp-json\/wp\/v2\/posts\/143613\/revisions\/143625"}],"wp:featuredmedia":[{"embeddable":true,"href":"https:\/\/www.retaildetail.be\/fr\/wp-json\/wp\/v2\/media\/143614"}],"wp:attachment":[{"href":"https:\/\/www.retaildetail.be\/fr\/wp-json\/wp\/v2\/media?parent=143613"}],"wp:term":[{"taxonomy":"category","embeddable":true,"href":"https:\/\/www.retaildetail.be\/fr\/wp-json\/wp\/v2\/categories?post=143613"},{"taxonomy":"post_tag","embeddable":true,"href":"https:\/\/www.retaildetail.be\/fr\/wp-json\/wp\/v2\/tags?post=143613"},{"taxonomy":"people","embeddable":true,"href":"https:\/\/www.retaildetail.be\/fr\/wp-json\/wp\/v2\/people?post=143613"},{"taxonomy":"extra","embeddable":true,"href":"https:\/\/www.retaildetail.be\/fr\/wp-json\/wp\/v2\/extra?post=143613"},{"taxonomy":"company","embeddable":true,"href":"https:\/\/www.retaildetail.be\/fr\/wp-json\/wp\/v2\/company?post=143613"},{"taxonomy":"topic","embeddable":true,"href":"https:\/\/www.retaildetail.be\/fr\/wp-json\/wp\/v2\/topic?post=143613"},{"taxonomy":"region","embeddable":true,"href":"https:\/\/www.retaildetail.be\/fr\/wp-json\/wp\/v2\/region?post=143613"}],"curies":[{"name":"wp","href":"https:\/\/api.w.org\/{rel}","templated":true}]}}