{"id":143622,"date":"2026-03-09T15:29:56","date_gmt":"2026-03-09T14:29:56","guid":{"rendered":"https:\/\/www.retaildetail.be\/?p=143622"},"modified":"2026-03-09T15:29:58","modified_gmt":"2026-03-09T14:29:58","slug":"5555-magasins-pour-aldi-nord","status":"publish","type":"post","link":"https:\/\/www.retaildetail.be\/fr\/news\/food\/5555-magasins-pour-aldi-nord\/","title":{"rendered":"5555 magasins pour Aldi Nord"},"content":{"rendered":"\n<p><strong>Aldi <\/strong>a ouvert la semaine derni\u00e8re son 500e magasin en Espagne, qui est \u00e9galement le 5555e magasin de la soci\u00e9t\u00e9 m\u00e8re Aldi Nord. L&rsquo;ann\u00e9e derni\u00e8re, le discounter a ouvert 100 magasins suppl\u00e9mentaires en Europe et en a r\u00e9nov\u00e9 plus de 200.<\/p>\n\n\n\n<h2 class=\"wp-block-heading\">Une croissance de 50 % en cinq ans<\/h2>\n\n\n\n<p>Le 4 mars, Aldi a franchi le cap des 500 magasins \u00e0 Mijas (M\u00e1laga) en Espagne. Le d\u00e9taillant est pr\u00e9sent dans le pays depuis 2002 et y a connu une croissance de plus de 50 % au cours des cinq derni\u00e8res ann\u00e9es. Selon ses propres d\u00e9clarations, la cha\u00eene est \u00e9galement celle qui conna\u00eet la plus forte croissance en termes de nombre de clients dans le pays. La surface commerciale totale en Espagne s&rsquo;\u00e9l\u00e8ve d\u00e9sormais \u00e0 plus de 550 000 m\u00b2, soit 54 % de plus qu&rsquo;en 2020. La cha\u00eene emploie plus de 8 000 personnes et dessert 8 millions de clients.<\/p>\n\n\n\n<p>Le discounter poursuit sur sa lanc\u00e9e : cette ann\u00e9e, le d\u00e9taillant a d\u00e9j\u00e0 ouvert trois magasins suppl\u00e9mentaires en Espagne, et une quarantaine d&rsquo;autres suivront dans le courant de l&rsquo;ann\u00e9e. Le nouveau supermarch\u00e9 en Espagne repr\u00e9sente \u00e9galement une \u00e9tape importante pour le groupe Aldi Nord. L&rsquo;ouverture \u00e0 Mijas est en effet le 5555e magasin de l&rsquo;ensemble du groupe, pr\u00e9sent dans huit pays europ\u00e9ens (Belgique, France, Allemagne, Luxembourg, Pays-Bas, Pologne et Portugal, outre l&rsquo;Espagne).<\/p>\n\n\n\n<p>L&rsquo;ann\u00e9e derni\u00e8re, une centaine de magasins Aldi suppl\u00e9mentaires ont vu le jour en Europe, selon Aldi Real Estate Belgium sur LinkedIn. De plus, le d\u00e9taillant a modernis\u00e9 plus de 200 magasins.<\/p>\n","protected":false},"excerpt":{"rendered":"<p>Aldi a ouvert la semaine derni\u00e8re son 500e magasin en Espagne, qui est \u00e9galement le 5555e magasin de la soci\u00e9t\u00e9 m\u00e8re Aldi Nord. L&rsquo;ann\u00e9e derni\u00e8re, le discounter a ouvert 100 magasins suppl\u00e9mentaires en Europe et en a r\u00e9nov\u00e9 plus de 200. <\/p>\n","protected":false},"author":3,"featured_media":143623,"comment_status":"closed","ping_status":"closed","sticky":false,"template":"","format":"standard","meta":{"_acf_changed":false,"inline_featured_image":false,"_jetpack_memberships_contains_paid_content":false,"footnotes":""},"categories":[18,24],"tags":[],"people":[],"extra":[],"company":[203],"topic":[276],"region":[243],"class_list":{"0":"post-143622","1":"post","2":"type-post","3":"status-publish","4":"format-standard","5":"has-post-thumbnail","6":"hentry","7":"category-food","9":"company-aldi","10":"topic-expansion","11":"region-europe"},"acf":[],"yoast_head":"<!-- This site is optimized with the Yoast SEO plugin v27.3 - https:\/\/yoast.com\/product\/yoast-seo-wordpress\/ -->\n<title>5555 magasins pour Aldi Nord - RetailDetail BE<\/title>\n<meta name=\"description\" content=\"Aldi a ouvert la semaine derni\u00e8re son 500e magasin en Espagne, qui est \u00e9galement le 5555e magasin de la soci\u00e9t\u00e9 m\u00e8re Aldi Nord.\" \/>\n<meta name=\"robots\" content=\"index, follow, max-snippet:-1, max-image-preview:large, max-video-preview:-1\" \/>\n<link rel=\"canonical\" href=\"https:\/\/www.retaildetail.be\/fr\/news\/food\/5555-magasins-pour-aldi-nord\/\" \/>\n<meta property=\"og:locale\" content=\"fr_FR\" \/>\n<meta property=\"og:type\" content=\"article\" \/>\n<meta property=\"og:title\" content=\"5555 magasins pour Aldi Nord - RetailDetail BE\" \/>\n<meta property=\"og:description\" content=\"Aldi a ouvert la semaine derni\u00e8re son 500e magasin en Espagne, qui est \u00e9galement le 5555e magasin de la soci\u00e9t\u00e9 m\u00e8re Aldi Nord.\" \/>\n<meta property=\"og:url\" content=\"https:\/\/www.retaildetail.be\/fr\/news\/food\/5555-magasins-pour-aldi-nord\/\" \/>\n<meta property=\"og:site_name\" content=\"RetailDetail BE\" \/>\n<meta property=\"article:published_time\" content=\"2026-03-09T14:29:56+00:00\" \/>\n<meta property=\"article:modified_time\" content=\"2026-03-09T14:29:58+00:00\" \/>\n<meta property=\"og:image\" content=\"https:\/\/www.retaildetail.be\/wp-content\/uploads\/2026\/03\/Aldi-Belgie-scaled-1.jpeg\" \/>\n\t<meta property=\"og:image:width\" content=\"2560\" \/>\n\t<meta property=\"og:image:height\" content=\"1707\" \/>\n\t<meta property=\"og:image:type\" content=\"image\/jpeg\" \/>\n<meta name=\"author\" content=\"Stefan Van Rompaey\" \/>\n<meta name=\"twitter:card\" content=\"summary_large_image\" \/>\n<meta name=\"twitter:label1\" content=\"\u00c9crit par\" \/>\n\t<meta name=\"twitter:data1\" content=\"Stefan Van Rompaey\" \/>\n\t<meta name=\"twitter:label2\" content=\"Dur\u00e9e de lecture estim\u00e9e\" \/>\n\t<meta name=\"twitter:data2\" content=\"1 minute\" \/>\n<script type=\"application\/ld+json\" class=\"yoast-schema-graph\">{\"@context\":\"https:\\\/\\\/schema.org\",\"@graph\":[{\"@type\":\"NewsArticle\",\"@id\":\"https:\\\/\\\/www.retaildetail.be\\\/fr\\\/news\\\/food\\\/5555-magasins-pour-aldi-nord\\\/#article\",\"isPartOf\":{\"@id\":\"https:\\\/\\\/www.retaildetail.be\\\/fr\\\/news\\\/food\\\/5555-magasins-pour-aldi-nord\\\/\"},\"author\":{\"name\":\"Stefan Van Rompaey\",\"@id\":\"https:\\\/\\\/www.retaildetail.be\\\/nl\\\/#\\\/schema\\\/person\\\/51aec6069c4416aa2f68b2e4ff3455df\"},\"headline\":\"5555 magasins pour Aldi Nord\",\"datePublished\":\"2026-03-09T14:29:56+00:00\",\"dateModified\":\"2026-03-09T14:29:58+00:00\",\"mainEntityOfPage\":{\"@id\":\"https:\\\/\\\/www.retaildetail.be\\\/fr\\\/news\\\/food\\\/5555-magasins-pour-aldi-nord\\\/\"},\"wordCount\":275,\"publisher\":{\"@id\":\"https:\\\/\\\/www.retaildetail.be\\\/nl\\\/#organization\"},\"image\":{\"@id\":\"https:\\\/\\\/www.retaildetail.be\\\/fr\\\/news\\\/food\\\/5555-magasins-pour-aldi-nord\\\/#primaryimage\"},\"thumbnailUrl\":\"https:\\\/\\\/www.retaildetail.be\\\/wp-content\\\/uploads\\\/2026\\\/03\\\/Aldi-Belgie-scaled-1.jpeg\",\"articleSection\":[\"Food\",\"Food\"],\"inLanguage\":\"fr-FR\",\"copyrightYear\":\"2026\",\"copyrightHolder\":{\"@id\":\"https:\\\/\\\/www.retaildetail.be\\\/#organization\"}},{\"@type\":\"WebPage\",\"@id\":\"https:\\\/\\\/www.retaildetail.be\\\/fr\\\/news\\\/food\\\/5555-magasins-pour-aldi-nord\\\/\",\"url\":\"https:\\\/\\\/www.retaildetail.be\\\/fr\\\/news\\\/food\\\/5555-magasins-pour-aldi-nord\\\/\",\"name\":\"5555 magasins pour Aldi Nord - RetailDetail BE\",\"isPartOf\":{\"@id\":\"https:\\\/\\\/www.retaildetail.be\\\/nl\\\/#website\"},\"primaryImageOfPage\":{\"@id\":\"https:\\\/\\\/www.retaildetail.be\\\/fr\\\/news\\\/food\\\/5555-magasins-pour-aldi-nord\\\/#primaryimage\"},\"image\":{\"@id\":\"https:\\\/\\\/www.retaildetail.be\\\/fr\\\/news\\\/food\\\/5555-magasins-pour-aldi-nord\\\/#primaryimage\"},\"thumbnailUrl\":\"https:\\\/\\\/www.retaildetail.be\\\/wp-content\\\/uploads\\\/2026\\\/03\\\/Aldi-Belgie-scaled-1.jpeg\",\"datePublished\":\"2026-03-09T14:29:56+00:00\",\"dateModified\":\"2026-03-09T14:29:58+00:00\",\"description\":\"Aldi a ouvert la semaine derni\u00e8re son 500e magasin en Espagne, qui est \u00e9galement le 5555e magasin de la soci\u00e9t\u00e9 m\u00e8re Aldi Nord.\",\"breadcrumb\":{\"@id\":\"https:\\\/\\\/www.retaildetail.be\\\/fr\\\/news\\\/food\\\/5555-magasins-pour-aldi-nord\\\/#breadcrumb\"},\"inLanguage\":\"fr-FR\",\"potentialAction\":[{\"@type\":\"ReadAction\",\"target\":[\"https:\\\/\\\/www.retaildetail.be\\\/fr\\\/news\\\/food\\\/5555-magasins-pour-aldi-nord\\\/\"]}]},{\"@type\":\"ImageObject\",\"inLanguage\":\"fr-FR\",\"@id\":\"https:\\\/\\\/www.retaildetail.be\\\/fr\\\/news\\\/food\\\/5555-magasins-pour-aldi-nord\\\/#primaryimage\",\"url\":\"https:\\\/\\\/www.retaildetail.be\\\/wp-content\\\/uploads\\\/2026\\\/03\\\/Aldi-Belgie-scaled-1.jpeg\",\"contentUrl\":\"https:\\\/\\\/www.retaildetail.be\\\/wp-content\\\/uploads\\\/2026\\\/03\\\/Aldi-Belgie-scaled-1.jpeg\",\"width\":2560,\"height\":1707,\"caption\":\"Foto: Aldi Belgium\"},{\"@type\":\"BreadcrumbList\",\"@id\":\"https:\\\/\\\/www.retaildetail.be\\\/fr\\\/news\\\/food\\\/5555-magasins-pour-aldi-nord\\\/#breadcrumb\",\"itemListElement\":[{\"@type\":\"ListItem\",\"position\":1,\"name\":\"Home\",\"item\":\"https:\\\/\\\/www.retaildetail.be\\\/fr\\\/\"},{\"@type\":\"ListItem\",\"position\":2,\"name\":\"5555 magasins pour Aldi Nord\"}]},{\"@type\":\"WebSite\",\"@id\":\"https:\\\/\\\/www.retaildetail.be\\\/nl\\\/#website\",\"url\":\"https:\\\/\\\/www.retaildetail.be\\\/nl\\\/\",\"name\":\"RetailDetail BE\",\"description\":\"News\",\"publisher\":{\"@id\":\"https:\\\/\\\/www.retaildetail.be\\\/nl\\\/#organization\"},\"potentialAction\":[{\"@type\":\"SearchAction\",\"target\":{\"@type\":\"EntryPoint\",\"urlTemplate\":\"https:\\\/\\\/www.retaildetail.be\\\/nl\\\/?s={search_term_string}\"},\"query-input\":{\"@type\":\"PropertyValueSpecification\",\"valueRequired\":true,\"valueName\":\"search_term_string\"}}],\"inLanguage\":\"fr-FR\"},{\"@type\":\"Organization\",\"@id\":\"https:\\\/\\\/www.retaildetail.be\\\/nl\\\/#organization\",\"name\":\"RetailDetail BE\",\"url\":\"https:\\\/\\\/www.retaildetail.be\\\/nl\\\/\",\"logo\":{\"@type\":\"ImageObject\",\"inLanguage\":\"fr-FR\",\"@id\":\"https:\\\/\\\/www.retaildetail.be\\\/nl\\\/#\\\/schema\\\/logo\\\/image\\\/\",\"url\":\"https:\\\/\\\/www.retaildetail.be\\\/wp-content\\\/uploads\\\/2022\\\/04\\\/logo.svg\",\"contentUrl\":\"https:\\\/\\\/www.retaildetail.be\\\/wp-content\\\/uploads\\\/2022\\\/04\\\/logo.svg\",\"width\":131,\"height\":70,\"caption\":\"RetailDetail BE\"},\"image\":{\"@id\":\"https:\\\/\\\/www.retaildetail.be\\\/nl\\\/#\\\/schema\\\/logo\\\/image\\\/\"}},{\"@type\":\"Person\",\"@id\":\"https:\\\/\\\/www.retaildetail.be\\\/nl\\\/#\\\/schema\\\/person\\\/51aec6069c4416aa2f68b2e4ff3455df\",\"name\":\"Stefan Van Rompaey\",\"image\":{\"@type\":\"ImageObject\",\"inLanguage\":\"fr-FR\",\"@id\":\"https:\\\/\\\/secure.gravatar.com\\\/avatar\\\/fbbb4a80a0f109888b2a5ab8ae255617499ecde533749b3ab2fa6c23b5d65dac?s=96&d=mm&r=g\",\"url\":\"https:\\\/\\\/secure.gravatar.com\\\/avatar\\\/fbbb4a80a0f109888b2a5ab8ae255617499ecde533749b3ab2fa6c23b5d65dac?s=96&d=mm&r=g\",\"contentUrl\":\"https:\\\/\\\/secure.gravatar.com\\\/avatar\\\/fbbb4a80a0f109888b2a5ab8ae255617499ecde533749b3ab2fa6c23b5d65dac?s=96&d=mm&r=g\",\"caption\":\"Stefan Van Rompaey\"},\"url\":\"https:\\\/\\\/www.retaildetail.be\\\/fr\\\/author\\\/stefanvanrompaey\\\/\"}]}<\/script>\n<!-- \/ Yoast SEO plugin. -->","yoast_head_json":{"title":"5555 magasins pour Aldi Nord - RetailDetail BE","description":"Aldi a ouvert la semaine derni\u00e8re son 500e magasin en Espagne, qui est \u00e9galement le 5555e magasin de la soci\u00e9t\u00e9 m\u00e8re Aldi Nord.","robots":{"index":"index","follow":"follow","max-snippet":"max-snippet:-1","max-image-preview":"max-image-preview:large","max-video-preview":"max-video-preview:-1"},"canonical":"https:\/\/www.retaildetail.be\/fr\/news\/food\/5555-magasins-pour-aldi-nord\/","og_locale":"fr_FR","og_type":"article","og_title":"5555 magasins pour Aldi Nord - RetailDetail BE","og_description":"Aldi a ouvert la semaine derni\u00e8re son 500e magasin en Espagne, qui est \u00e9galement le 5555e magasin de la soci\u00e9t\u00e9 m\u00e8re Aldi Nord.","og_url":"https:\/\/www.retaildetail.be\/fr\/news\/food\/5555-magasins-pour-aldi-nord\/","og_site_name":"RetailDetail BE","article_published_time":"2026-03-09T14:29:56+00:00","article_modified_time":"2026-03-09T14:29:58+00:00","og_image":[{"width":2560,"height":1707,"url":"https:\/\/www.retaildetail.be\/wp-content\/uploads\/2026\/03\/Aldi-Belgie-scaled-1.jpeg","type":"image\/jpeg"}],"author":"Stefan Van Rompaey","twitter_card":"summary_large_image","twitter_misc":{"\u00c9crit par":"Stefan Van Rompaey","Dur\u00e9e de lecture estim\u00e9e":"1 minute"},"schema":{"@context":"https:\/\/schema.org","@graph":[{"@type":"NewsArticle","@id":"https:\/\/www.retaildetail.be\/fr\/news\/food\/5555-magasins-pour-aldi-nord\/#article","isPartOf":{"@id":"https:\/\/www.retaildetail.be\/fr\/news\/food\/5555-magasins-pour-aldi-nord\/"},"author":{"name":"Stefan Van Rompaey","@id":"https:\/\/www.retaildetail.be\/nl\/#\/schema\/person\/51aec6069c4416aa2f68b2e4ff3455df"},"headline":"5555 magasins pour Aldi Nord","datePublished":"2026-03-09T14:29:56+00:00","dateModified":"2026-03-09T14:29:58+00:00","mainEntityOfPage":{"@id":"https:\/\/www.retaildetail.be\/fr\/news\/food\/5555-magasins-pour-aldi-nord\/"},"wordCount":275,"publisher":{"@id":"https:\/\/www.retaildetail.be\/nl\/#organization"},"image":{"@id":"https:\/\/www.retaildetail.be\/fr\/news\/food\/5555-magasins-pour-aldi-nord\/#primaryimage"},"thumbnailUrl":"https:\/\/www.retaildetail.be\/wp-content\/uploads\/2026\/03\/Aldi-Belgie-scaled-1.jpeg","articleSection":["Food","Food"],"inLanguage":"fr-FR","copyrightYear":"2026","copyrightHolder":{"@id":"https:\/\/www.retaildetail.be\/#organization"}},{"@type":"WebPage","@id":"https:\/\/www.retaildetail.be\/fr\/news\/food\/5555-magasins-pour-aldi-nord\/","url":"https:\/\/www.retaildetail.be\/fr\/news\/food\/5555-magasins-pour-aldi-nord\/","name":"5555 magasins pour Aldi Nord - RetailDetail BE","isPartOf":{"@id":"https:\/\/www.retaildetail.be\/nl\/#website"},"primaryImageOfPage":{"@id":"https:\/\/www.retaildetail.be\/fr\/news\/food\/5555-magasins-pour-aldi-nord\/#primaryimage"},"image":{"@id":"https:\/\/www.retaildetail.be\/fr\/news\/food\/5555-magasins-pour-aldi-nord\/#primaryimage"},"thumbnailUrl":"https:\/\/www.retaildetail.be\/wp-content\/uploads\/2026\/03\/Aldi-Belgie-scaled-1.jpeg","datePublished":"2026-03-09T14:29:56+00:00","dateModified":"2026-03-09T14:29:58+00:00","description":"Aldi a ouvert la semaine derni\u00e8re son 500e magasin en Espagne, qui est \u00e9galement le 5555e magasin de la soci\u00e9t\u00e9 m\u00e8re Aldi Nord.","breadcrumb":{"@id":"https:\/\/www.retaildetail.be\/fr\/news\/food\/5555-magasins-pour-aldi-nord\/#breadcrumb"},"inLanguage":"fr-FR","potentialAction":[{"@type":"ReadAction","target":["https:\/\/www.retaildetail.be\/fr\/news\/food\/5555-magasins-pour-aldi-nord\/"]}]},{"@type":"ImageObject","inLanguage":"fr-FR","@id":"https:\/\/www.retaildetail.be\/fr\/news\/food\/5555-magasins-pour-aldi-nord\/#primaryimage","url":"https:\/\/www.retaildetail.be\/wp-content\/uploads\/2026\/03\/Aldi-Belgie-scaled-1.jpeg","contentUrl":"https:\/\/www.retaildetail.be\/wp-content\/uploads\/2026\/03\/Aldi-Belgie-scaled-1.jpeg","width":2560,"height":1707,"caption":"Foto: Aldi Belgium"},{"@type":"BreadcrumbList","@id":"https:\/\/www.retaildetail.be\/fr\/news\/food\/5555-magasins-pour-aldi-nord\/#breadcrumb","itemListElement":[{"@type":"ListItem","position":1,"name":"Home","item":"https:\/\/www.retaildetail.be\/fr\/"},{"@type":"ListItem","position":2,"name":"5555 magasins pour Aldi Nord"}]},{"@type":"WebSite","@id":"https:\/\/www.retaildetail.be\/nl\/#website","url":"https:\/\/www.retaildetail.be\/nl\/","name":"RetailDetail BE","description":"News","publisher":{"@id":"https:\/\/www.retaildetail.be\/nl\/#organization"},"potentialAction":[{"@type":"SearchAction","target":{"@type":"EntryPoint","urlTemplate":"https:\/\/www.retaildetail.be\/nl\/?s={search_term_string}"},"query-input":{"@type":"PropertyValueSpecification","valueRequired":true,"valueName":"search_term_string"}}],"inLanguage":"fr-FR"},{"@type":"Organization","@id":"https:\/\/www.retaildetail.be\/nl\/#organization","name":"RetailDetail BE","url":"https:\/\/www.retaildetail.be\/nl\/","logo":{"@type":"ImageObject","inLanguage":"fr-FR","@id":"https:\/\/www.retaildetail.be\/nl\/#\/schema\/logo\/image\/","url":"https:\/\/www.retaildetail.be\/wp-content\/uploads\/2022\/04\/logo.svg","contentUrl":"https:\/\/www.retaildetail.be\/wp-content\/uploads\/2022\/04\/logo.svg","width":131,"height":70,"caption":"RetailDetail BE"},"image":{"@id":"https:\/\/www.retaildetail.be\/nl\/#\/schema\/logo\/image\/"}},{"@type":"Person","@id":"https:\/\/www.retaildetail.be\/nl\/#\/schema\/person\/51aec6069c4416aa2f68b2e4ff3455df","name":"Stefan Van Rompaey","image":{"@type":"ImageObject","inLanguage":"fr-FR","@id":"https:\/\/secure.gravatar.com\/avatar\/fbbb4a80a0f109888b2a5ab8ae255617499ecde533749b3ab2fa6c23b5d65dac?s=96&d=mm&r=g","url":"https:\/\/secure.gravatar.com\/avatar\/fbbb4a80a0f109888b2a5ab8ae255617499ecde533749b3ab2fa6c23b5d65dac?s=96&d=mm&r=g","contentUrl":"https:\/\/secure.gravatar.com\/avatar\/fbbb4a80a0f109888b2a5ab8ae255617499ecde533749b3ab2fa6c23b5d65dac?s=96&d=mm&r=g","caption":"Stefan Van Rompaey"},"url":"https:\/\/www.retaildetail.be\/fr\/author\/stefanvanrompaey\/"}]}},"jetpack_featured_media_url":"https:\/\/www.retaildetail.be\/wp-content\/uploads\/2026\/03\/Aldi-Belgie-scaled-1.jpeg","jetpack_sharing_enabled":true,"_links":{"self":[{"href":"https:\/\/www.retaildetail.be\/fr\/wp-json\/wp\/v2\/posts\/143622","targetHints":{"allow":["GET"]}}],"collection":[{"href":"https:\/\/www.retaildetail.be\/fr\/wp-json\/wp\/v2\/posts"}],"about":[{"href":"https:\/\/www.retaildetail.be\/fr\/wp-json\/wp\/v2\/types\/post"}],"author":[{"embeddable":true,"href":"https:\/\/www.retaildetail.be\/fr\/wp-json\/wp\/v2\/users\/3"}],"replies":[{"embeddable":true,"href":"https:\/\/www.retaildetail.be\/fr\/wp-json\/wp\/v2\/comments?post=143622"}],"version-history":[{"count":1,"href":"https:\/\/www.retaildetail.be\/fr\/wp-json\/wp\/v2\/posts\/143622\/revisions"}],"predecessor-version":[{"id":143624,"href":"https:\/\/www.retaildetail.be\/fr\/wp-json\/wp\/v2\/posts\/143622\/revisions\/143624"}],"wp:featuredmedia":[{"embeddable":true,"href":"https:\/\/www.retaildetail.be\/fr\/wp-json\/wp\/v2\/media\/143623"}],"wp:attachment":[{"href":"https:\/\/www.retaildetail.be\/fr\/wp-json\/wp\/v2\/media?parent=143622"}],"wp:term":[{"taxonomy":"category","embeddable":true,"href":"https:\/\/www.retaildetail.be\/fr\/wp-json\/wp\/v2\/categories?post=143622"},{"taxonomy":"post_tag","embeddable":true,"href":"https:\/\/www.retaildetail.be\/fr\/wp-json\/wp\/v2\/tags?post=143622"},{"taxonomy":"people","embeddable":true,"href":"https:\/\/www.retaildetail.be\/fr\/wp-json\/wp\/v2\/people?post=143622"},{"taxonomy":"extra","embeddable":true,"href":"https:\/\/www.retaildetail.be\/fr\/wp-json\/wp\/v2\/extra?post=143622"},{"taxonomy":"company","embeddable":true,"href":"https:\/\/www.retaildetail.be\/fr\/wp-json\/wp\/v2\/company?post=143622"},{"taxonomy":"topic","embeddable":true,"href":"https:\/\/www.retaildetail.be\/fr\/wp-json\/wp\/v2\/topic?post=143622"},{"taxonomy":"region","embeddable":true,"href":"https:\/\/www.retaildetail.be\/fr\/wp-json\/wp\/v2\/region?post=143622"}],"curies":[{"name":"wp","href":"https:\/\/api.w.org\/{rel}","templated":true}]}}