{"id":143643,"date":"2026-03-09T16:02:25","date_gmt":"2026-03-09T15:02:25","guid":{"rendered":"https:\/\/www.retaildetail.be\/?p=143643"},"modified":"2026-03-09T16:02:30","modified_gmt":"2026-03-09T15:02:30","slug":"interview-les-acheteurs-ne-se-contentent-pas-dacheter-des-promotions-karolina-markiewicz-kuskowska-henkel-benelux","status":"publish","type":"post","link":"https:\/\/www.retaildetail.be\/fr\/news\/beaute-soins\/interview-les-acheteurs-ne-se-contentent-pas-dacheter-des-promotions-karolina-markiewicz-kuskowska-henkel-benelux\/","title":{"rendered":"[Interview] \u00ab Les consommateurs n&rsquo;ach\u00e8tent pas uniquement lors des promotions \u00bb (Karolina Markiewicz-Kuskowska, Henkel Benelux)"},"content":{"rendered":"\n<p>\u00ab Les consommateurs sont tout \u00e0 fait dispos\u00e9s \u00e0 d\u00e9penser un peu plus lorsqu&rsquo;ils per\u00e7oivent la valeur ajout\u00e9e des innovations \u00bb, explique Karolina Markiewicz-Kuskowska, de <strong>Henkel<\/strong> Consumer Brands Benelux. \u00ab Ce ne sont pas les marques de distributeur qui d\u00e9terminent la vitesse de la course. \u00bb<\/p>\n\n\n\n<h2 class=\"wp-block-heading\">\u00ab Rendre les consommateurs plus heureux \u00bb<\/h2>\n\n\n\n<p>Depuis un tout nouveau bureau \u00e0 Utrecht, la Polonaise Markiewicz-Kuskowska dirige depuis pr\u00e8s d&rsquo;un an les activit\u00e9s de Henkel Consumer Brands au Benelux. \u00ab Ce nouveau bureau a \u00e9t\u00e9 une \u00e9tape importante pour nous apr\u00e8s notre d\u00e9part de Nieuwegein. Utrecht est une ville agr\u00e9able et bien desservie par les transports publics. Nous sommes install\u00e9s dans un b\u00e2timent durable \u00bb, explique la directrice g\u00e9n\u00e9rale, qui brave plusieurs fois par mois le ring d&rsquo;Anvers pour se rendre \u00e0 Bruxelles. Au cours de ses plus de douze ann\u00e9es de carri\u00e8re chez Henkel, elle a notamment occup\u00e9 le poste de directrice g\u00e9n\u00e9rale pour la R\u00e9publique tch\u00e8que et la Slovaquie, ainsi que pour la Gr\u00e8ce et Chypre.<\/p>\n\n\n\n<p><strong>Quelles sont vos principales priorit\u00e9s actuellement ?<\/strong><\/p>\n\n\n\n<p>\u00ab Dans le secteur des biens de grande consommation, notre priorit\u00e9 est toujours de rendre nos consommateurs encore plus heureux. Les consommateurs sont nos patrons : ce sont eux qui d\u00e9cident d&rsquo;acheter ou non nos produits. Nous voulons donc leur offrir des choix encore meilleurs. Une deuxi\u00e8me priorit\u00e9 est de maximiser la disponibilit\u00e9 de nos produits. Nos clients doivent pouvoir trouver facilement nos produits, quel que soit l&rsquo;endroit o\u00f9 ils souhaitent les acheter. Et puis, il y a la communication : nous devons nous assurer de leur adresser un message pertinent. \u00bb<\/p>\n\n\n\n<p>\u00ab Nous voulons \u00e9galement renforcer nos relations avec nos partenaires commerciaux. Non seulement les d\u00e9taillants, mais aussi les m\u00e9dias et les agences. Et nous accordons une grande importance \u00e0 notre culture d&rsquo;entreprise. Nous offrons \u00e0 nos collaborateurs des possibilit\u00e9s d&rsquo;\u00e9volution et cr\u00e9ons un environnement propice \u00e0 une bonne collaboration. \u00bb<\/p>\n\n\n\n<p><strong>Les cat\u00e9gories dans lesquelles Henkel est actif pr\u00e9sentent-elles des dynamiques diff\u00e9rentes ?<\/strong><\/p>\n\n\n\n<p>\u00ab Certaines cat\u00e9gories peuvent sembler moins pertinentes, car nous en parlons moins souvent. Prenons l&rsquo;exemple des lessives. Mais elles r\u00e9pondent \u00e0 un besoin fondamental, nous en avons tous besoin. Il y a donc bien un engagement, mais peut-\u00eatre un peu plus cach\u00e9. Pourtant, m\u00eame dans cette cat\u00e9gorie, il est possible de renforcer la pertinence et de construire de bonnes relations avec le consommateur. Notre marque Fleuril Renew, par exemple, rend les v\u00eatements comme neufs apr\u00e8s chaque lavage. Ce n&rsquo;est pas un message purement fonctionnel, il s&rsquo;adresse aux personnes qui souhaitent profiter plus longtemps de leurs v\u00eatements. \u00bb<\/p>\n\n\n\n<p>\u00ab Les gens parlent peut-\u00eatre plus souvent des soins personnels, dans notre cas principalement des soins capillaires. Tout le monde voit \u00e0 quoi ressemblent vos cheveux, et c&rsquo;est important pour votre confiance en vous. Mais en r\u00e9alit\u00e9, toutes les cat\u00e9gories sont importantes, il y a tout au plus des diff\u00e9rences dans l&rsquo;attention du public. Quant au d\u00e9veloppement des cat\u00e9gories, il d\u00e9pend fortement des innovations : plus les innovations dans la cat\u00e9gorie sont attrayantes, plus la dynamique est forte. \u00bb<\/p>\n\n\n\n<h2 class=\"wp-block-heading\">\u00ab Pas d&rsquo;avenir sans marques \u00bb<\/h2>\n\n\n\n<p><strong>Quelles innovations importantes Henkel a-t-il r\u00e9cemment mises sur le march\u00e9 ?<\/strong><\/p>\n\n\n\n<p>\u00ab Fleuril Renew, qui renouvelle les v\u00eatements et ravive les couleurs, est un v\u00e9ritable produit r\u00e9volutionnaire. Les blocs WC de Witte Reus, dont nous avons modifi\u00e9 l&#8217;emballage, constituent \u00e9galement une innovation de pointe: le produit lui-m\u00eame est rest\u00e9 inchang\u00e9, mais l&#8217;emballage est d\u00e9sormais enti\u00e8rement en carton, sans plastique, pour un impact environnemental r\u00e9duit et une empreinte carbone moindre en termes de transport. Nous trouvons cela tr\u00e8s important. Gliss est \u00e9galement innovant, avec des soins capillaires qui r\u00e9parent les cheveux. \u00bb<\/p>\n\n\n\n<p><strong>Selon vous, o\u00f9 r\u00e9side la force des marques, dans un contexte de pression croissante sur les prix et de croissance des marques de distributeur ?<\/strong><\/p>\n\n\n\n<p>\u00ab Les marques apportent des innovations et sont \u00e0 l&rsquo;\u00e9coute des consommateurs. Bien s\u00fbr, les marques de distributeur sont pr\u00e9sentes dans toutes les cat\u00e9gories, et dans certaines cat\u00e9gories, elles sont plus pertinentes que dans d&rsquo;autres. Mais la rapidit\u00e9 du d\u00e9veloppement du march\u00e9, les id\u00e9es novatrices et les nouvelles technologies sont apport\u00e9es par les marques. C&rsquo;est ce qui nous distingue. La mani\u00e8re de communiquer avec les consommateurs est \u00e9galement diff\u00e9rente. En tant que fabricant de marques, nous d\u00e9ployons beaucoup d&rsquo;efforts pour conna\u00eetre nos acheteurs et savoir comment les aborder au mieux. Je ne vois pas d&rsquo;avenir sans marques. La dynamique entre les deux peut certes changer, mais ce sont les marques qui sont tourn\u00e9es vers l&rsquo;avenir, tandis que les marques de distributeur ne d\u00e9terminent pas la vitesse de la course. \u00bb<\/p>\n\n\n\n<p><strong>L&rsquo;\u00e9cart de prix avec les marques de distributeur ne devient-il pas trop important ?<\/strong><\/p>\n\n\n\n<p>\u00ab Lorsque nous discutons de notre positionnement en mati\u00e8re de prix, nous examinons toujours l&rsquo;environnement et notre position au sein de la cat\u00e9gorie. Nous devons r\u00e9pondre aux besoins de nos consommateurs et observer comment ceux-ci r\u00e9agissent \u00e0 nos produits. Nous ne nous int\u00e9ressons pas tant aux autres. Si nous examinons les donn\u00e9es de Nielsen ou de Circana, nous constatons un ralentissement de l&rsquo;inflation. Il y a toujours un d\u00e9calage dans le domaine des biens de consommation : apr\u00e8s une baisse des prix des mati\u00e8res premi\u00e8res, il faut un certain temps avant que les prix des produits de consommation baissent \u00e9galement. Je m&rsquo;attends \u00e0 ce que le march\u00e9 se stabilise maintenant. \u00bb<\/p>\n\n\n\n<h2 class=\"wp-block-heading\">\u00ab Les innovations haut de gamme trouvent \u00e9galement leurs clients \u00bb<\/h2>\n\n\n\n<p><strong>Les consommateurs sont-ils plus sensibles aux prix et aux promotions ? <\/strong><\/p>\n\n\n\n<p>Les promotions sont importantes, mais elles ne sont pas le seul outil sur le march\u00e9. Les consommateurs ach\u00e8tent \u00e9galement entre deux promotions. Je ne suis donc pas d&rsquo;accord avec l&rsquo;id\u00e9e que les gens n&rsquo;ach\u00e8tent plus que lors des promotions. Les consommateurs sont toujours \u00e0 la recherche de nouveaut\u00e9s, en particulier dans les cat\u00e9gories qui les int\u00e9ressent. Ils sont \u00e9galement pr\u00eats \u00e0 d\u00e9penser un peu plus lorsqu&rsquo;ils voient la valeur ajout\u00e9e. C&rsquo;est ce que nous observons : m\u00eame les innovations haut de gamme trouvent leurs clients. Et oui, il existe des groupes de consommateurs qui recherchent davantage les offres promotionnelles, mais je ne constate pas d&rsquo;\u00e9volution majeure \u00e0 cet \u00e9gard au fil des ans. Les gens regardent les offres, mais ils sont \u00e9galement fid\u00e8les \u00e0 certaines marques. Nous ne constatons pas de changements majeurs dans nos donn\u00e9es. \u00bb<\/p>\n\n\n\n<p><strong>La disponibilit\u00e9 est importante. Comment \u00e9volue la strat\u00e9gie de distribution de Henkel ?<\/strong><\/p>\n\n\n\n<p>\u00ab Pour nous, le mix ne change pas, mais nous faisons de gros efforts pour proposer la meilleure gamme disponible dans les canaux pertinents. En effet, selon la cat\u00e9gorie, certains canaux sont plus importants que d&rsquo;autres. Le d\u00e9fi consiste \u00e0 proposer la meilleure gamme l\u00e0 o\u00f9 se trouvent les acheteurs. \u00bb<\/p>\n\n\n\n<p><strong>En ligne \u00e9galement ?<\/strong><\/p>\n\n\n\n<p>\u00ab Sur le march\u00e9 n\u00e9erlandais, le commerce en ligne est assez mature par rapport au contexte europ\u00e9en. Les Pays-Bas sont pr\u00e9curseurs en Europe dans ce domaine. Je constate un fort d\u00e9veloppement des acteurs du commerce \u00e9lectronique et une grande ouverture \u00e0 l&rsquo;\u00e9gard du d\u00e9veloppement de nouveaux outils et de nouvelles fa\u00e7ons d&rsquo;approcher le consommateur. Nous suivons cette tendance. Mais nous n&rsquo;avons pas de boutique en ligne, nous travaillons via les plateformes disponibles. Nous essayons d&rsquo;\u00eatre pr\u00e9sents partout : aussi bien chez les pure players que chez les cha\u00eenes de supermarch\u00e9s traditionnelles qui ont de tr\u00e8s bonnes boutiques en ligne. \u00bb<\/p>\n\n\n\n<h2 class=\"wp-block-heading\">150 ans d&rsquo;existence de Henkel<\/h2>\n\n\n\n<p><strong>Quelles mesures Henkel prend-il en mati\u00e8re de durabilit\u00e9 ?<\/strong><\/p>\n\n\n\n<p>\u00ab Cela est au c\u0153ur de toutes nos op\u00e9rations. Nous favorisons \u00e9galement la durabilit\u00e9 au niveau local. Avec des produits tels que Witte Reus dans des emballages en carton, ou Fleuril qui prolonge la dur\u00e9e de vie de vos v\u00eatements, ainsi qu&rsquo;avec nos nouveaux bureaux. Il s&rsquo;agit d&rsquo;un b\u00e2timent certifi\u00e9, con\u00e7u dans un souci de durabilit\u00e9. Dans nos usines, nous prenons \u00e9galement des mesures pour une production plus verte. \u00bb<\/p>\n\n\n\n<p><strong>Y a-t-il des lancements ou des campagnes importants \u00e0 venir ?<\/strong><\/p>\n\n\n\n<p>\u00ab Nous venons de lancer Fleuril en Belgique. C&rsquo;est une \u00e9tape importante pour nous, car nous pouvons d\u00e9sormais exploiter pleinement cette marque sur le march\u00e9 belge. Nous avons \u00e9galement proc\u00e9d\u00e9 \u00e0 une belle mise \u00e0 niveau pour Persil, ce qui est particuli\u00e8rement pertinent en Belgique. Et aux Pays-Bas, nous c\u00e9l\u00e9brons le 60e anniversaire de la marque Witte Reus. Henkel f\u00eatera son 150e anniversaire en septembre. Nous sommes pr\u00e9sents aux Pays-Bas depuis 140 ans. \u00bb<\/p>\n\n\n\n<p><strong>Qu&rsquo;est-ce qui fait de Henkel une entreprise o\u00f9 il fait bon travailler ?<\/strong><\/p>\n\n\n\n<p>\u00ab Peu importe \u00e0 qui vous parlez chez Henkel, les gens vous diront toujours que l&rsquo;entreprise emploie des personnes uniques et qu&rsquo;il fait bon y travailler. Cela nous unit au-del\u00e0 des fronti\u00e8res. J&rsquo;ai d\u00e9j\u00e0 travaill\u00e9 dans diff\u00e9rents pays pour Henkel, collabor\u00e9 avec diff\u00e9rentes nationalit\u00e9s, et la conclusion est toujours la m\u00eame : ce sont les gens qui rendent cette entreprise si sp\u00e9ciale. C&rsquo;est pourquoi nous avons autant d&#8217;employ\u00e9s fid\u00e8les et pouvons attirer de nouveaux talents. Nous avons une bonne r\u00e9putation dans ce domaine. \u00bb<\/p>\n\n\n\n<div class=\"wp-block-jetpack-slideshow aligncenter\" data-effect=\"slide\" style=\"--aspect-ratio:calc(890 \/ 1024)\"><div class=\"wp-block-jetpack-slideshow_container swiper\"><ul class=\"wp-block-jetpack-slideshow_swiper-wrapper swiper-wrapper\"><li class=\"wp-block-jetpack-slideshow_slide swiper-slide\"><figure><img loading=\"lazy\" decoding=\"async\" width=\"890\" height=\"1024\" alt=\"\" class=\"wp-block-jetpack-slideshow_image wp-image-143640\" data-id=\"143640\" data-aspect-ratio=\"890 \/ 1024\" src=\"https:\/\/www.retaildetail.be\/wp-content\/uploads\/2026\/03\/Wonderwoods-890x1024.jpeg\" srcset=\"https:\/\/www.retaildetail.be\/wp-content\/uploads\/2026\/03\/Wonderwoods-890x1024.jpeg 890w, https:\/\/www.retaildetail.be\/wp-content\/uploads\/2026\/03\/Wonderwoods-261x300.jpeg 261w, https:\/\/www.retaildetail.be\/wp-content\/uploads\/2026\/03\/Wonderwoods-768x883.jpeg 768w, https:\/\/www.retaildetail.be\/wp-content\/uploads\/2026\/03\/Wonderwoods-1336x1536.jpeg 1336w, https:\/\/www.retaildetail.be\/wp-content\/uploads\/2026\/03\/Wonderwoods-1781x2048.jpeg 1781w\" sizes=\"(max-width: 890px) 100vw, 890px\" \/><\/figure><\/li><li class=\"wp-block-jetpack-slideshow_slide swiper-slide\"><figure><img loading=\"lazy\" decoding=\"async\" width=\"1024\" height=\"683\" alt=\"\" class=\"wp-block-jetpack-slideshow_image wp-image-143639\" data-id=\"143639\" data-aspect-ratio=\"1024 \/ 683\" src=\"https:\/\/www.retaildetail.be\/wp-content\/uploads\/2026\/03\/oval115-1024x683.jpg\" srcset=\"https:\/\/www.retaildetail.be\/wp-content\/uploads\/2026\/03\/oval115-1024x683.jpg 1024w, https:\/\/www.retaildetail.be\/wp-content\/uploads\/2026\/03\/oval115-300x200.jpg 300w, https:\/\/www.retaildetail.be\/wp-content\/uploads\/2026\/03\/oval115-768x512.jpg 768w, https:\/\/www.retaildetail.be\/wp-content\/uploads\/2026\/03\/oval115-1536x1024.jpg 1536w, https:\/\/www.retaildetail.be\/wp-content\/uploads\/2026\/03\/oval115-2048x1365.jpg 2048w, https:\/\/www.retaildetail.be\/wp-content\/uploads\/2026\/03\/oval115-185x122.jpg 185w\" sizes=\"(max-width: 1024px) 100vw, 1024px\" \/><\/figure><\/li><li class=\"wp-block-jetpack-slideshow_slide swiper-slide\"><figure><img loading=\"lazy\" decoding=\"async\" width=\"819\" height=\"1024\" alt=\"\" class=\"wp-block-jetpack-slideshow_image wp-image-143638\" data-id=\"143638\" data-aspect-ratio=\"819 \/ 1024\" src=\"https:\/\/www.retaildetail.be\/wp-content\/uploads\/2026\/03\/oval68-819x1024.jpg\" srcset=\"https:\/\/www.retaildetail.be\/wp-content\/uploads\/2026\/03\/oval68-819x1024.jpg 819w, https:\/\/www.retaildetail.be\/wp-content\/uploads\/2026\/03\/oval68-240x300.jpg 240w, https:\/\/www.retaildetail.be\/wp-content\/uploads\/2026\/03\/oval68-768x960.jpg 768w, https:\/\/www.retaildetail.be\/wp-content\/uploads\/2026\/03\/oval68-1229x1536.jpg 1229w, https:\/\/www.retaildetail.be\/wp-content\/uploads\/2026\/03\/oval68-1638x2048.jpg 1638w, https:\/\/www.retaildetail.be\/wp-content\/uploads\/2026\/03\/oval68-scaled.jpg 2048w\" sizes=\"(max-width: 819px) 100vw, 819px\" \/><\/figure><\/li><li class=\"wp-block-jetpack-slideshow_slide swiper-slide\"><figure><img loading=\"lazy\" decoding=\"async\" width=\"1024\" height=\"819\" alt=\"\" class=\"wp-block-jetpack-slideshow_image wp-image-143637\" data-id=\"143637\" data-aspect-ratio=\"1024 \/ 819\" src=\"https:\/\/www.retaildetail.be\/wp-content\/uploads\/2026\/03\/oval34-1024x819.jpg\" srcset=\"https:\/\/www.retaildetail.be\/wp-content\/uploads\/2026\/03\/oval34-1024x819.jpg 1024w, https:\/\/www.retaildetail.be\/wp-content\/uploads\/2026\/03\/oval34-300x240.jpg 300w, https:\/\/www.retaildetail.be\/wp-content\/uploads\/2026\/03\/oval34-768x614.jpg 768w, https:\/\/www.retaildetail.be\/wp-content\/uploads\/2026\/03\/oval34-1536x1229.jpg 1536w, https:\/\/www.retaildetail.be\/wp-content\/uploads\/2026\/03\/oval34-2048x1638.jpg 2048w\" sizes=\"(max-width: 1024px) 100vw, 1024px\" \/><\/figure><\/li><li class=\"wp-block-jetpack-slideshow_slide swiper-slide\"><figure><img loading=\"lazy\" decoding=\"async\" width=\"819\" height=\"1024\" alt=\"\" class=\"wp-block-jetpack-slideshow_image wp-image-143636\" data-id=\"143636\" data-aspect-ratio=\"819 \/ 1024\" src=\"https:\/\/www.retaildetail.be\/wp-content\/uploads\/2026\/03\/oval11-819x1024.jpg\" srcset=\"https:\/\/www.retaildetail.be\/wp-content\/uploads\/2026\/03\/oval11-819x1024.jpg 819w, https:\/\/www.retaildetail.be\/wp-content\/uploads\/2026\/03\/oval11-240x300.jpg 240w, https:\/\/www.retaildetail.be\/wp-content\/uploads\/2026\/03\/oval11-768x960.jpg 768w, https:\/\/www.retaildetail.be\/wp-content\/uploads\/2026\/03\/oval11-1229x1536.jpg 1229w, https:\/\/www.retaildetail.be\/wp-content\/uploads\/2026\/03\/oval11-1638x2048.jpg 1638w, https:\/\/www.retaildetail.be\/wp-content\/uploads\/2026\/03\/oval11-scaled.jpg 2048w\" sizes=\"(max-width: 819px) 100vw, 819px\" \/><\/figure><\/li><li class=\"wp-block-jetpack-slideshow_slide swiper-slide\"><figure><img loading=\"lazy\" decoding=\"async\" width=\"1024\" height=\"683\" alt=\"\" class=\"wp-block-jetpack-slideshow_image wp-image-143635\" data-id=\"143635\" data-aspect-ratio=\"1024 \/ 683\" src=\"https:\/\/www.retaildetail.be\/wp-content\/uploads\/2026\/03\/10-06-2025-panama-henkel-utrecht-0064-1024x683.jpg\" srcset=\"https:\/\/www.retaildetail.be\/wp-content\/uploads\/2026\/03\/10-06-2025-panama-henkel-utrecht-0064-1024x683.jpg 1024w, https:\/\/www.retaildetail.be\/wp-content\/uploads\/2026\/03\/10-06-2025-panama-henkel-utrecht-0064-300x200.jpg 300w, https:\/\/www.retaildetail.be\/wp-content\/uploads\/2026\/03\/10-06-2025-panama-henkel-utrecht-0064-768x512.jpg 768w, https:\/\/www.retaildetail.be\/wp-content\/uploads\/2026\/03\/10-06-2025-panama-henkel-utrecht-0064-1536x1024.jpg 1536w, https:\/\/www.retaildetail.be\/wp-content\/uploads\/2026\/03\/10-06-2025-panama-henkel-utrecht-0064-2048x1366.jpg 2048w, https:\/\/www.retaildetail.be\/wp-content\/uploads\/2026\/03\/10-06-2025-panama-henkel-utrecht-0064-185x122.jpg 185w\" sizes=\"(max-width: 1024px) 100vw, 1024px\" \/><\/figure><\/li><li class=\"wp-block-jetpack-slideshow_slide swiper-slide\"><figure><img loading=\"lazy\" decoding=\"async\" width=\"1024\" height=\"683\" alt=\"\" class=\"wp-block-jetpack-slideshow_image wp-image-143634\" data-id=\"143634\" data-aspect-ratio=\"1024 \/ 683\" src=\"https:\/\/www.retaildetail.be\/wp-content\/uploads\/2026\/03\/10-06-2025-panama-henkel-utrecht-0159-1024x683.jpg\" srcset=\"https:\/\/www.retaildetail.be\/wp-content\/uploads\/2026\/03\/10-06-2025-panama-henkel-utrecht-0159-1024x683.jpg 1024w, https:\/\/www.retaildetail.be\/wp-content\/uploads\/2026\/03\/10-06-2025-panama-henkel-utrecht-0159-300x200.jpg 300w, https:\/\/www.retaildetail.be\/wp-content\/uploads\/2026\/03\/10-06-2025-panama-henkel-utrecht-0159-768x512.jpg 768w, https:\/\/www.retaildetail.be\/wp-content\/uploads\/2026\/03\/10-06-2025-panama-henkel-utrecht-0159-1536x1024.jpg 1536w, https:\/\/www.retaildetail.be\/wp-content\/uploads\/2026\/03\/10-06-2025-panama-henkel-utrecht-0159-2048x1366.jpg 2048w, https:\/\/www.retaildetail.be\/wp-content\/uploads\/2026\/03\/10-06-2025-panama-henkel-utrecht-0159-185x122.jpg 185w\" sizes=\"(max-width: 1024px) 100vw, 1024px\" \/><\/figure><\/li><li class=\"wp-block-jetpack-slideshow_slide swiper-slide\"><figure><img loading=\"lazy\" decoding=\"async\" width=\"1024\" height=\"683\" alt=\"\" class=\"wp-block-jetpack-slideshow_image wp-image-143633\" data-id=\"143633\" data-aspect-ratio=\"1024 \/ 683\" src=\"https:\/\/www.retaildetail.be\/wp-content\/uploads\/2026\/03\/10-06-2025-panama-henkel-utrecht-0041-1024x683.jpg\" srcset=\"https:\/\/www.retaildetail.be\/wp-content\/uploads\/2026\/03\/10-06-2025-panama-henkel-utrecht-0041-1024x683.jpg 1024w, https:\/\/www.retaildetail.be\/wp-content\/uploads\/2026\/03\/10-06-2025-panama-henkel-utrecht-0041-300x200.jpg 300w, https:\/\/www.retaildetail.be\/wp-content\/uploads\/2026\/03\/10-06-2025-panama-henkel-utrecht-0041-768x512.jpg 768w, https:\/\/www.retaildetail.be\/wp-content\/uploads\/2026\/03\/10-06-2025-panama-henkel-utrecht-0041-1536x1024.jpg 1536w, https:\/\/www.retaildetail.be\/wp-content\/uploads\/2026\/03\/10-06-2025-panama-henkel-utrecht-0041-2048x1366.jpg 2048w, https:\/\/www.retaildetail.be\/wp-content\/uploads\/2026\/03\/10-06-2025-panama-henkel-utrecht-0041-185x122.jpg 185w\" sizes=\"(max-width: 1024px) 100vw, 1024px\" \/><\/figure><\/li><li class=\"wp-block-jetpack-slideshow_slide swiper-slide\"><figure><img loading=\"lazy\" decoding=\"async\" width=\"1024\" height=\"683\" alt=\"\" class=\"wp-block-jetpack-slideshow_image wp-image-143632\" data-id=\"143632\" data-aspect-ratio=\"1024 \/ 683\" src=\"https:\/\/www.retaildetail.be\/wp-content\/uploads\/2026\/03\/10-06-2025-panama-henkel-utrecht-0010-1024x683.jpg\" srcset=\"https:\/\/www.retaildetail.be\/wp-content\/uploads\/2026\/03\/10-06-2025-panama-henkel-utrecht-0010-1024x683.jpg 1024w, https:\/\/www.retaildetail.be\/wp-content\/uploads\/2026\/03\/10-06-2025-panama-henkel-utrecht-0010-300x200.jpg 300w, https:\/\/www.retaildetail.be\/wp-content\/uploads\/2026\/03\/10-06-2025-panama-henkel-utrecht-0010-768x512.jpg 768w, https:\/\/www.retaildetail.be\/wp-content\/uploads\/2026\/03\/10-06-2025-panama-henkel-utrecht-0010-1536x1024.jpg 1536w, https:\/\/www.retaildetail.be\/wp-content\/uploads\/2026\/03\/10-06-2025-panama-henkel-utrecht-0010-2048x1366.jpg 2048w, https:\/\/www.retaildetail.be\/wp-content\/uploads\/2026\/03\/10-06-2025-panama-henkel-utrecht-0010-185x122.jpg 185w\" sizes=\"(max-width: 1024px) 100vw, 1024px\" \/><\/figure><\/li><\/ul><a class=\"wp-block-jetpack-slideshow_button-prev swiper-button-prev swiper-button-white\" role=\"button\"><\/a><a class=\"wp-block-jetpack-slideshow_button-next swiper-button-next swiper-button-white\" role=\"button\"><\/a><a aria-label=\"Pause Slideshow\" class=\"wp-block-jetpack-slideshow_button-pause\" role=\"button\"><\/a><div class=\"wp-block-jetpack-slideshow_pagination swiper-pagination swiper-pagination-white\"><\/div><\/div><\/div>\n","protected":false},"excerpt":{"rendered":"<p>\u00ab Les consommateurs sont tout \u00e0 fait dispos\u00e9s \u00e0 d\u00e9penser un peu plus lorsqu&rsquo;ils per\u00e7oivent la valeur ajout\u00e9e des innovations \u00bb, explique Karolina Markiewicz-Kuskowska, de Henkel Consumer Brands Benelux. \u00ab Ce ne sont pas les marques de distributeur qui d\u00e9terminent la vitesse de la course. \u00bb <\/p>\n","protected":false},"author":3,"featured_media":143644,"comment_status":"closed","ping_status":"closed","sticky":false,"template":"","format":"standard","meta":{"_acf_changed":false,"inline_featured_image":false,"_jetpack_memberships_contains_paid_content":false,"footnotes":""},"categories":[27,19],"tags":[],"people":[],"extra":[43],"company":[330],"topic":[643,488],"region":[324],"class_list":["post-143643","post","type-post","status-publish","format-standard","has-post-thumbnail","hentry","category-beaute-soins","category-schoonheid-verzorging","extra-plus","company-henkel","topic-interview","topic-marketing","region-benelux"],"acf":[],"yoast_head":"<!-- This site is optimized with the Yoast SEO plugin v27.3 - https:\/\/yoast.com\/product\/yoast-seo-wordpress\/ -->\n<title>[Interview] \u00ab Les consommateurs n&#039;ach\u00e8tent pas uniquement lors des promotions \u00bb (Karolina Markiewicz-Kuskowska, Henkel Benelux) - RetailDetail BE<\/title>\n<meta name=\"description\" content=\"\u00ab Les consommateurs sont tout \u00e0 fait dispos\u00e9s \u00e0 d\u00e9penser un peu plus lorsqu&#039;ils per\u00e7oivent la valeur ajout\u00e9e des innovations \u00bb, explique Karolina Markiewicz-Kuskowska, de Henkel Consumer Brands Benelux.\" \/>\n<meta name=\"robots\" content=\"index, follow, max-snippet:-1, max-image-preview:large, max-video-preview:-1\" \/>\n<link rel=\"canonical\" href=\"https:\/\/www.retaildetail.be\/fr\/news\/beaute-soins\/interview-les-acheteurs-ne-se-contentent-pas-dacheter-des-promotions-karolina-markiewicz-kuskowska-henkel-benelux\/\" \/>\n<meta property=\"og:locale\" content=\"fr_FR\" \/>\n<meta property=\"og:type\" content=\"article\" \/>\n<meta property=\"og:title\" content=\"[Interview] \u00ab Les consommateurs n&#039;ach\u00e8tent pas uniquement lors des promotions \u00bb (Karolina Markiewicz-Kuskowska, Henkel Benelux) - RetailDetail BE\" \/>\n<meta property=\"og:description\" content=\"\u00ab Les consommateurs sont tout \u00e0 fait dispos\u00e9s \u00e0 d\u00e9penser un peu plus lorsqu&#039;ils per\u00e7oivent la valeur ajout\u00e9e des innovations \u00bb, explique Karolina Markiewicz-Kuskowska, de Henkel Consumer Brands Benelux.\" \/>\n<meta property=\"og:url\" content=\"https:\/\/www.retaildetail.be\/fr\/news\/beaute-soins\/interview-les-acheteurs-ne-se-contentent-pas-dacheter-des-promotions-karolina-markiewicz-kuskowska-henkel-benelux\/\" \/>\n<meta property=\"og:site_name\" content=\"RetailDetail BE\" \/>\n<meta property=\"article:published_time\" content=\"2026-03-09T15:02:25+00:00\" \/>\n<meta property=\"article:modified_time\" content=\"2026-03-09T15:02:30+00:00\" \/>\n<meta property=\"og:image\" content=\"https:\/\/www.retaildetail.be\/wp-content\/uploads\/2026\/03\/GIO_3331-1.jpg\" \/>\n\t<meta property=\"og:image:width\" content=\"1500\" \/>\n\t<meta property=\"og:image:height\" content=\"1000\" \/>\n\t<meta property=\"og:image:type\" content=\"image\/jpeg\" \/>\n<meta name=\"author\" content=\"Stefan Van Rompaey\" \/>\n<meta name=\"twitter:card\" content=\"summary_large_image\" \/>\n<meta name=\"twitter:label1\" content=\"\u00c9crit par\" \/>\n\t<meta name=\"twitter:data1\" content=\"Stefan Van Rompaey\" \/>\n\t<meta name=\"twitter:label2\" content=\"Dur\u00e9e de lecture estim\u00e9e\" \/>\n\t<meta name=\"twitter:data2\" content=\"8 minutes\" \/>\n<script type=\"application\/ld+json\" class=\"yoast-schema-graph\">{\"@context\":\"https:\\\/\\\/schema.org\",\"@graph\":[{\"@type\":\"NewsArticle\",\"@id\":\"https:\\\/\\\/www.retaildetail.be\\\/fr\\\/news\\\/beaute-soins\\\/interview-les-acheteurs-ne-se-contentent-pas-dacheter-des-promotions-karolina-markiewicz-kuskowska-henkel-benelux\\\/#article\",\"isPartOf\":{\"@id\":\"https:\\\/\\\/www.retaildetail.be\\\/fr\\\/news\\\/beaute-soins\\\/interview-les-acheteurs-ne-se-contentent-pas-dacheter-des-promotions-karolina-markiewicz-kuskowska-henkel-benelux\\\/\"},\"author\":{\"name\":\"Stefan Van Rompaey\",\"@id\":\"https:\\\/\\\/www.retaildetail.be\\\/nl\\\/#\\\/schema\\\/person\\\/51aec6069c4416aa2f68b2e4ff3455df\"},\"headline\":\"[Interview] \u00ab Les consommateurs n&rsquo;ach\u00e8tent pas uniquement lors des promotions \u00bb (Karolina Markiewicz-Kuskowska, Henkel Benelux)\",\"datePublished\":\"2026-03-09T15:02:25+00:00\",\"dateModified\":\"2026-03-09T15:02:30+00:00\",\"mainEntityOfPage\":{\"@id\":\"https:\\\/\\\/www.retaildetail.be\\\/fr\\\/news\\\/beaute-soins\\\/interview-les-acheteurs-ne-se-contentent-pas-dacheter-des-promotions-karolina-markiewicz-kuskowska-henkel-benelux\\\/\"},\"wordCount\":1585,\"publisher\":{\"@id\":\"https:\\\/\\\/www.retaildetail.be\\\/nl\\\/#organization\"},\"image\":{\"@id\":\"https:\\\/\\\/www.retaildetail.be\\\/fr\\\/news\\\/beaute-soins\\\/interview-les-acheteurs-ne-se-contentent-pas-dacheter-des-promotions-karolina-markiewicz-kuskowska-henkel-benelux\\\/#primaryimage\"},\"thumbnailUrl\":\"https:\\\/\\\/www.retaildetail.be\\\/wp-content\\\/uploads\\\/2026\\\/03\\\/GIO_3331-1.jpg\",\"articleSection\":[\"Beaut\u00e9\\\/Soins\",\"Schoonheid\\\/verzorging\"],\"inLanguage\":\"fr-FR\",\"copyrightYear\":\"2026\",\"copyrightHolder\":{\"@id\":\"https:\\\/\\\/www.retaildetail.be\\\/#organization\"}},{\"@type\":\"WebPage\",\"@id\":\"https:\\\/\\\/www.retaildetail.be\\\/fr\\\/news\\\/beaute-soins\\\/interview-les-acheteurs-ne-se-contentent-pas-dacheter-des-promotions-karolina-markiewicz-kuskowska-henkel-benelux\\\/\",\"url\":\"https:\\\/\\\/www.retaildetail.be\\\/fr\\\/news\\\/beaute-soins\\\/interview-les-acheteurs-ne-se-contentent-pas-dacheter-des-promotions-karolina-markiewicz-kuskowska-henkel-benelux\\\/\",\"name\":\"[Interview] \u00ab Les consommateurs n'ach\u00e8tent pas uniquement lors des promotions \u00bb (Karolina Markiewicz-Kuskowska, Henkel Benelux) - RetailDetail BE\",\"isPartOf\":{\"@id\":\"https:\\\/\\\/www.retaildetail.be\\\/nl\\\/#website\"},\"primaryImageOfPage\":{\"@id\":\"https:\\\/\\\/www.retaildetail.be\\\/fr\\\/news\\\/beaute-soins\\\/interview-les-acheteurs-ne-se-contentent-pas-dacheter-des-promotions-karolina-markiewicz-kuskowska-henkel-benelux\\\/#primaryimage\"},\"image\":{\"@id\":\"https:\\\/\\\/www.retaildetail.be\\\/fr\\\/news\\\/beaute-soins\\\/interview-les-acheteurs-ne-se-contentent-pas-dacheter-des-promotions-karolina-markiewicz-kuskowska-henkel-benelux\\\/#primaryimage\"},\"thumbnailUrl\":\"https:\\\/\\\/www.retaildetail.be\\\/wp-content\\\/uploads\\\/2026\\\/03\\\/GIO_3331-1.jpg\",\"datePublished\":\"2026-03-09T15:02:25+00:00\",\"dateModified\":\"2026-03-09T15:02:30+00:00\",\"description\":\"\u00ab Les consommateurs sont tout \u00e0 fait dispos\u00e9s \u00e0 d\u00e9penser un peu plus lorsqu'ils per\u00e7oivent la valeur ajout\u00e9e des innovations \u00bb, explique Karolina Markiewicz-Kuskowska, de Henkel Consumer Brands Benelux.\",\"breadcrumb\":{\"@id\":\"https:\\\/\\\/www.retaildetail.be\\\/fr\\\/news\\\/beaute-soins\\\/interview-les-acheteurs-ne-se-contentent-pas-dacheter-des-promotions-karolina-markiewicz-kuskowska-henkel-benelux\\\/#breadcrumb\"},\"inLanguage\":\"fr-FR\",\"potentialAction\":[{\"@type\":\"ReadAction\",\"target\":[\"https:\\\/\\\/www.retaildetail.be\\\/fr\\\/news\\\/beaute-soins\\\/interview-les-acheteurs-ne-se-contentent-pas-dacheter-des-promotions-karolina-markiewicz-kuskowska-henkel-benelux\\\/\"]}]},{\"@type\":\"ImageObject\",\"inLanguage\":\"fr-FR\",\"@id\":\"https:\\\/\\\/www.retaildetail.be\\\/fr\\\/news\\\/beaute-soins\\\/interview-les-acheteurs-ne-se-contentent-pas-dacheter-des-promotions-karolina-markiewicz-kuskowska-henkel-benelux\\\/#primaryimage\",\"url\":\"https:\\\/\\\/www.retaildetail.be\\\/wp-content\\\/uploads\\\/2026\\\/03\\\/GIO_3331-1.jpg\",\"contentUrl\":\"https:\\\/\\\/www.retaildetail.be\\\/wp-content\\\/uploads\\\/2026\\\/03\\\/GIO_3331-1.jpg\",\"width\":1500,\"height\":1000,\"caption\":\"Karolina Markiewicz-Kuskowska, Henkel Benelux\"},{\"@type\":\"BreadcrumbList\",\"@id\":\"https:\\\/\\\/www.retaildetail.be\\\/fr\\\/news\\\/beaute-soins\\\/interview-les-acheteurs-ne-se-contentent-pas-dacheter-des-promotions-karolina-markiewicz-kuskowska-henkel-benelux\\\/#breadcrumb\",\"itemListElement\":[{\"@type\":\"ListItem\",\"position\":1,\"name\":\"Home\",\"item\":\"https:\\\/\\\/www.retaildetail.be\\\/fr\\\/\"},{\"@type\":\"ListItem\",\"position\":2,\"name\":\"[Interview] \u00ab Les consommateurs n&#8217;ach\u00e8tent pas uniquement lors des promotions \u00bb (Karolina Markiewicz-Kuskowska, Henkel Benelux)\"}]},{\"@type\":\"WebSite\",\"@id\":\"https:\\\/\\\/www.retaildetail.be\\\/nl\\\/#website\",\"url\":\"https:\\\/\\\/www.retaildetail.be\\\/nl\\\/\",\"name\":\"RetailDetail BE\",\"description\":\"News\",\"publisher\":{\"@id\":\"https:\\\/\\\/www.retaildetail.be\\\/nl\\\/#organization\"},\"potentialAction\":[{\"@type\":\"SearchAction\",\"target\":{\"@type\":\"EntryPoint\",\"urlTemplate\":\"https:\\\/\\\/www.retaildetail.be\\\/nl\\\/?s={search_term_string}\"},\"query-input\":{\"@type\":\"PropertyValueSpecification\",\"valueRequired\":true,\"valueName\":\"search_term_string\"}}],\"inLanguage\":\"fr-FR\"},{\"@type\":\"Organization\",\"@id\":\"https:\\\/\\\/www.retaildetail.be\\\/nl\\\/#organization\",\"name\":\"RetailDetail BE\",\"url\":\"https:\\\/\\\/www.retaildetail.be\\\/nl\\\/\",\"logo\":{\"@type\":\"ImageObject\",\"inLanguage\":\"fr-FR\",\"@id\":\"https:\\\/\\\/www.retaildetail.be\\\/nl\\\/#\\\/schema\\\/logo\\\/image\\\/\",\"url\":\"https:\\\/\\\/www.retaildetail.be\\\/wp-content\\\/uploads\\\/2022\\\/04\\\/logo.svg\",\"contentUrl\":\"https:\\\/\\\/www.retaildetail.be\\\/wp-content\\\/uploads\\\/2022\\\/04\\\/logo.svg\",\"width\":131,\"height\":70,\"caption\":\"RetailDetail BE\"},\"image\":{\"@id\":\"https:\\\/\\\/www.retaildetail.be\\\/nl\\\/#\\\/schema\\\/logo\\\/image\\\/\"}},{\"@type\":\"Person\",\"@id\":\"https:\\\/\\\/www.retaildetail.be\\\/nl\\\/#\\\/schema\\\/person\\\/51aec6069c4416aa2f68b2e4ff3455df\",\"name\":\"Stefan Van Rompaey\",\"image\":{\"@type\":\"ImageObject\",\"inLanguage\":\"fr-FR\",\"@id\":\"https:\\\/\\\/secure.gravatar.com\\\/avatar\\\/fbbb4a80a0f109888b2a5ab8ae255617499ecde533749b3ab2fa6c23b5d65dac?s=96&d=mm&r=g\",\"url\":\"https:\\\/\\\/secure.gravatar.com\\\/avatar\\\/fbbb4a80a0f109888b2a5ab8ae255617499ecde533749b3ab2fa6c23b5d65dac?s=96&d=mm&r=g\",\"contentUrl\":\"https:\\\/\\\/secure.gravatar.com\\\/avatar\\\/fbbb4a80a0f109888b2a5ab8ae255617499ecde533749b3ab2fa6c23b5d65dac?s=96&d=mm&r=g\",\"caption\":\"Stefan Van Rompaey\"},\"url\":\"https:\\\/\\\/www.retaildetail.be\\\/fr\\\/author\\\/stefanvanrompaey\\\/\"}]}<\/script>\n<!-- \/ Yoast SEO plugin. -->","yoast_head_json":{"title":"[Interview] \u00ab Les consommateurs n'ach\u00e8tent pas uniquement lors des promotions \u00bb (Karolina Markiewicz-Kuskowska, Henkel Benelux) - RetailDetail BE","description":"\u00ab Les consommateurs sont tout \u00e0 fait dispos\u00e9s \u00e0 d\u00e9penser un peu plus lorsqu'ils per\u00e7oivent la valeur ajout\u00e9e des innovations \u00bb, explique Karolina Markiewicz-Kuskowska, de Henkel Consumer Brands Benelux.","robots":{"index":"index","follow":"follow","max-snippet":"max-snippet:-1","max-image-preview":"max-image-preview:large","max-video-preview":"max-video-preview:-1"},"canonical":"https:\/\/www.retaildetail.be\/fr\/news\/beaute-soins\/interview-les-acheteurs-ne-se-contentent-pas-dacheter-des-promotions-karolina-markiewicz-kuskowska-henkel-benelux\/","og_locale":"fr_FR","og_type":"article","og_title":"[Interview] \u00ab Les consommateurs n'ach\u00e8tent pas uniquement lors des promotions \u00bb (Karolina Markiewicz-Kuskowska, Henkel Benelux) - RetailDetail BE","og_description":"\u00ab Les consommateurs sont tout \u00e0 fait dispos\u00e9s \u00e0 d\u00e9penser un peu plus lorsqu'ils per\u00e7oivent la valeur ajout\u00e9e des innovations \u00bb, explique Karolina Markiewicz-Kuskowska, de Henkel Consumer Brands Benelux.","og_url":"https:\/\/www.retaildetail.be\/fr\/news\/beaute-soins\/interview-les-acheteurs-ne-se-contentent-pas-dacheter-des-promotions-karolina-markiewicz-kuskowska-henkel-benelux\/","og_site_name":"RetailDetail BE","article_published_time":"2026-03-09T15:02:25+00:00","article_modified_time":"2026-03-09T15:02:30+00:00","og_image":[{"width":1500,"height":1000,"url":"https:\/\/www.retaildetail.be\/wp-content\/uploads\/2026\/03\/GIO_3331-1.jpg","type":"image\/jpeg"}],"author":"Stefan Van Rompaey","twitter_card":"summary_large_image","twitter_misc":{"\u00c9crit par":"Stefan Van Rompaey","Dur\u00e9e de lecture estim\u00e9e":"8 minutes"},"schema":{"@context":"https:\/\/schema.org","@graph":[{"@type":"NewsArticle","@id":"https:\/\/www.retaildetail.be\/fr\/news\/beaute-soins\/interview-les-acheteurs-ne-se-contentent-pas-dacheter-des-promotions-karolina-markiewicz-kuskowska-henkel-benelux\/#article","isPartOf":{"@id":"https:\/\/www.retaildetail.be\/fr\/news\/beaute-soins\/interview-les-acheteurs-ne-se-contentent-pas-dacheter-des-promotions-karolina-markiewicz-kuskowska-henkel-benelux\/"},"author":{"name":"Stefan Van Rompaey","@id":"https:\/\/www.retaildetail.be\/nl\/#\/schema\/person\/51aec6069c4416aa2f68b2e4ff3455df"},"headline":"[Interview] \u00ab Les consommateurs n&rsquo;ach\u00e8tent pas uniquement lors des promotions \u00bb (Karolina Markiewicz-Kuskowska, Henkel Benelux)","datePublished":"2026-03-09T15:02:25+00:00","dateModified":"2026-03-09T15:02:30+00:00","mainEntityOfPage":{"@id":"https:\/\/www.retaildetail.be\/fr\/news\/beaute-soins\/interview-les-acheteurs-ne-se-contentent-pas-dacheter-des-promotions-karolina-markiewicz-kuskowska-henkel-benelux\/"},"wordCount":1585,"publisher":{"@id":"https:\/\/www.retaildetail.be\/nl\/#organization"},"image":{"@id":"https:\/\/www.retaildetail.be\/fr\/news\/beaute-soins\/interview-les-acheteurs-ne-se-contentent-pas-dacheter-des-promotions-karolina-markiewicz-kuskowska-henkel-benelux\/#primaryimage"},"thumbnailUrl":"https:\/\/www.retaildetail.be\/wp-content\/uploads\/2026\/03\/GIO_3331-1.jpg","articleSection":["Beaut\u00e9\/Soins","Schoonheid\/verzorging"],"inLanguage":"fr-FR","copyrightYear":"2026","copyrightHolder":{"@id":"https:\/\/www.retaildetail.be\/#organization"}},{"@type":"WebPage","@id":"https:\/\/www.retaildetail.be\/fr\/news\/beaute-soins\/interview-les-acheteurs-ne-se-contentent-pas-dacheter-des-promotions-karolina-markiewicz-kuskowska-henkel-benelux\/","url":"https:\/\/www.retaildetail.be\/fr\/news\/beaute-soins\/interview-les-acheteurs-ne-se-contentent-pas-dacheter-des-promotions-karolina-markiewicz-kuskowska-henkel-benelux\/","name":"[Interview] \u00ab Les consommateurs n'ach\u00e8tent pas uniquement lors des promotions \u00bb (Karolina Markiewicz-Kuskowska, Henkel Benelux) - RetailDetail BE","isPartOf":{"@id":"https:\/\/www.retaildetail.be\/nl\/#website"},"primaryImageOfPage":{"@id":"https:\/\/www.retaildetail.be\/fr\/news\/beaute-soins\/interview-les-acheteurs-ne-se-contentent-pas-dacheter-des-promotions-karolina-markiewicz-kuskowska-henkel-benelux\/#primaryimage"},"image":{"@id":"https:\/\/www.retaildetail.be\/fr\/news\/beaute-soins\/interview-les-acheteurs-ne-se-contentent-pas-dacheter-des-promotions-karolina-markiewicz-kuskowska-henkel-benelux\/#primaryimage"},"thumbnailUrl":"https:\/\/www.retaildetail.be\/wp-content\/uploads\/2026\/03\/GIO_3331-1.jpg","datePublished":"2026-03-09T15:02:25+00:00","dateModified":"2026-03-09T15:02:30+00:00","description":"\u00ab Les consommateurs sont tout \u00e0 fait dispos\u00e9s \u00e0 d\u00e9penser un peu plus lorsqu'ils per\u00e7oivent la valeur ajout\u00e9e des innovations \u00bb, explique Karolina Markiewicz-Kuskowska, de Henkel Consumer Brands Benelux.","breadcrumb":{"@id":"https:\/\/www.retaildetail.be\/fr\/news\/beaute-soins\/interview-les-acheteurs-ne-se-contentent-pas-dacheter-des-promotions-karolina-markiewicz-kuskowska-henkel-benelux\/#breadcrumb"},"inLanguage":"fr-FR","potentialAction":[{"@type":"ReadAction","target":["https:\/\/www.retaildetail.be\/fr\/news\/beaute-soins\/interview-les-acheteurs-ne-se-contentent-pas-dacheter-des-promotions-karolina-markiewicz-kuskowska-henkel-benelux\/"]}]},{"@type":"ImageObject","inLanguage":"fr-FR","@id":"https:\/\/www.retaildetail.be\/fr\/news\/beaute-soins\/interview-les-acheteurs-ne-se-contentent-pas-dacheter-des-promotions-karolina-markiewicz-kuskowska-henkel-benelux\/#primaryimage","url":"https:\/\/www.retaildetail.be\/wp-content\/uploads\/2026\/03\/GIO_3331-1.jpg","contentUrl":"https:\/\/www.retaildetail.be\/wp-content\/uploads\/2026\/03\/GIO_3331-1.jpg","width":1500,"height":1000,"caption":"Karolina Markiewicz-Kuskowska, Henkel Benelux"},{"@type":"BreadcrumbList","@id":"https:\/\/www.retaildetail.be\/fr\/news\/beaute-soins\/interview-les-acheteurs-ne-se-contentent-pas-dacheter-des-promotions-karolina-markiewicz-kuskowska-henkel-benelux\/#breadcrumb","itemListElement":[{"@type":"ListItem","position":1,"name":"Home","item":"https:\/\/www.retaildetail.be\/fr\/"},{"@type":"ListItem","position":2,"name":"[Interview] \u00ab Les consommateurs n&#8217;ach\u00e8tent pas uniquement lors des promotions \u00bb (Karolina Markiewicz-Kuskowska, Henkel Benelux)"}]},{"@type":"WebSite","@id":"https:\/\/www.retaildetail.be\/nl\/#website","url":"https:\/\/www.retaildetail.be\/nl\/","name":"RetailDetail BE","description":"News","publisher":{"@id":"https:\/\/www.retaildetail.be\/nl\/#organization"},"potentialAction":[{"@type":"SearchAction","target":{"@type":"EntryPoint","urlTemplate":"https:\/\/www.retaildetail.be\/nl\/?s={search_term_string}"},"query-input":{"@type":"PropertyValueSpecification","valueRequired":true,"valueName":"search_term_string"}}],"inLanguage":"fr-FR"},{"@type":"Organization","@id":"https:\/\/www.retaildetail.be\/nl\/#organization","name":"RetailDetail BE","url":"https:\/\/www.retaildetail.be\/nl\/","logo":{"@type":"ImageObject","inLanguage":"fr-FR","@id":"https:\/\/www.retaildetail.be\/nl\/#\/schema\/logo\/image\/","url":"https:\/\/www.retaildetail.be\/wp-content\/uploads\/2022\/04\/logo.svg","contentUrl":"https:\/\/www.retaildetail.be\/wp-content\/uploads\/2022\/04\/logo.svg","width":131,"height":70,"caption":"RetailDetail BE"},"image":{"@id":"https:\/\/www.retaildetail.be\/nl\/#\/schema\/logo\/image\/"}},{"@type":"Person","@id":"https:\/\/www.retaildetail.be\/nl\/#\/schema\/person\/51aec6069c4416aa2f68b2e4ff3455df","name":"Stefan Van Rompaey","image":{"@type":"ImageObject","inLanguage":"fr-FR","@id":"https:\/\/secure.gravatar.com\/avatar\/fbbb4a80a0f109888b2a5ab8ae255617499ecde533749b3ab2fa6c23b5d65dac?s=96&d=mm&r=g","url":"https:\/\/secure.gravatar.com\/avatar\/fbbb4a80a0f109888b2a5ab8ae255617499ecde533749b3ab2fa6c23b5d65dac?s=96&d=mm&r=g","contentUrl":"https:\/\/secure.gravatar.com\/avatar\/fbbb4a80a0f109888b2a5ab8ae255617499ecde533749b3ab2fa6c23b5d65dac?s=96&d=mm&r=g","caption":"Stefan Van Rompaey"},"url":"https:\/\/www.retaildetail.be\/fr\/author\/stefanvanrompaey\/"}]}},"jetpack_featured_media_url":"https:\/\/www.retaildetail.be\/wp-content\/uploads\/2026\/03\/GIO_3331-1.jpg","jetpack_sharing_enabled":true,"_links":{"self":[{"href":"https:\/\/www.retaildetail.be\/fr\/wp-json\/wp\/v2\/posts\/143643","targetHints":{"allow":["GET"]}}],"collection":[{"href":"https:\/\/www.retaildetail.be\/fr\/wp-json\/wp\/v2\/posts"}],"about":[{"href":"https:\/\/www.retaildetail.be\/fr\/wp-json\/wp\/v2\/types\/post"}],"author":[{"embeddable":true,"href":"https:\/\/www.retaildetail.be\/fr\/wp-json\/wp\/v2\/users\/3"}],"replies":[{"embeddable":true,"href":"https:\/\/www.retaildetail.be\/fr\/wp-json\/wp\/v2\/comments?post=143643"}],"version-history":[{"count":1,"href":"https:\/\/www.retaildetail.be\/fr\/wp-json\/wp\/v2\/posts\/143643\/revisions"}],"predecessor-version":[{"id":143645,"href":"https:\/\/www.retaildetail.be\/fr\/wp-json\/wp\/v2\/posts\/143643\/revisions\/143645"}],"wp:featuredmedia":[{"embeddable":true,"href":"https:\/\/www.retaildetail.be\/fr\/wp-json\/wp\/v2\/media\/143644"}],"wp:attachment":[{"href":"https:\/\/www.retaildetail.be\/fr\/wp-json\/wp\/v2\/media?parent=143643"}],"wp:term":[{"taxonomy":"category","embeddable":true,"href":"https:\/\/www.retaildetail.be\/fr\/wp-json\/wp\/v2\/categories?post=143643"},{"taxonomy":"post_tag","embeddable":true,"href":"https:\/\/www.retaildetail.be\/fr\/wp-json\/wp\/v2\/tags?post=143643"},{"taxonomy":"people","embeddable":true,"href":"https:\/\/www.retaildetail.be\/fr\/wp-json\/wp\/v2\/people?post=143643"},{"taxonomy":"extra","embeddable":true,"href":"https:\/\/www.retaildetail.be\/fr\/wp-json\/wp\/v2\/extra?post=143643"},{"taxonomy":"company","embeddable":true,"href":"https:\/\/www.retaildetail.be\/fr\/wp-json\/wp\/v2\/company?post=143643"},{"taxonomy":"topic","embeddable":true,"href":"https:\/\/www.retaildetail.be\/fr\/wp-json\/wp\/v2\/topic?post=143643"},{"taxonomy":"region","embeddable":true,"href":"https:\/\/www.retaildetail.be\/fr\/wp-json\/wp\/v2\/region?post=143643"}],"curies":[{"name":"wp","href":"https:\/\/api.w.org\/{rel}","templated":true}]}}