{"id":143655,"date":"2026-03-10T09:55:39","date_gmt":"2026-03-10T08:55:39","guid":{"rendered":"https:\/\/www.retaildetail.be\/?p=143655"},"modified":"2026-03-10T09:55:41","modified_gmt":"2026-03-10T08:55:41","slug":"we-fashion-doit-chercher-un-nouveau-pdg","status":"publish","type":"post","link":"https:\/\/www.retaildetail.be\/fr\/news\/mode\/we-fashion-doit-chercher-un-nouveau-pdg\/","title":{"rendered":"WE Fashion \u00e0 la recherche d&rsquo;un nouveau CEO"},"content":{"rendered":"\n<p>La cha\u00eene de mode n\u00e9erlandaise <strong>WE Fashion<\/strong> aura bient\u00f4t un nouveau CEO : l&rsquo;actuel directeur g\u00e9n\u00e9ral Joris Aperghis quittera ses fonctions le 1er avril. Son successeur n&rsquo;est pas encore connu.<\/p>\n\n\n\n<h2 class=\"wp-block-heading\">Apr\u00e8s plus de 11 ans<\/h2>\n\n\n\n<p>Aperghis a rejoint WE Fashion en janvier 2014 en tant que directeur marketing et est devenu PDG exactement un an plus tard. Apr\u00e8s plus de 11 ans, il quittera ses fonctions le 1er avril, a-t-il d\u00e9clar\u00e9 \u00e0 Retailtrends. <a href=\"https:\/\/retailtrends.nl\/news\/78427\/joris-aperghis-stopt-na-ruim-11-jaar-als-ceo-van-we-fashion\">Le nom du nouveau PDG n&rsquo;est pas encore connu.<\/a><\/p>\n\n\n\n<p>WE Fashion compte plus de 180 magasins aux Pays-Bas, en Belgique, en Allemagne et en Suisse. Le d\u00e9taillant est \u00e9galement pr\u00e9sent en ligne, avec sa propre boutique en ligne et sur des plateformes telles que About You, Bol, Wehkamp et Zalando.<\/p>\n","protected":false},"excerpt":{"rendered":"<p>La cha\u00eene de mode n\u00e9erlandaise WE Fashion aura bient\u00f4t un nouveau PDG : l&rsquo;actuel directeur g\u00e9n\u00e9ral Joris Aperghis quittera ses fonctions le 1er avril. Son successeur n&rsquo;est pas encore connu. <\/p>\n","protected":false},"author":3,"featured_media":143656,"comment_status":"closed","ping_status":"closed","sticky":false,"template":"","format":"standard","meta":{"_acf_changed":false,"inline_featured_image":false,"_jetpack_memberships_contains_paid_content":false,"footnotes":""},"categories":[14,22],"tags":[],"people":[],"extra":[],"company":[1304],"topic":[609],"region":[524],"class_list":{"0":"post-143655","1":"post","2":"type-post","3":"status-publish","4":"format-standard","5":"has-post-thumbnail","6":"hentry","7":"category-mode","9":"company-we-fashion","10":"topic-changement-de-direction","11":"region-pays-bas"},"acf":[],"yoast_head":"<!-- This site is optimized with the Yoast SEO plugin v27.3 - https:\/\/yoast.com\/product\/yoast-seo-wordpress\/ -->\n<title>WE Fashion \u00e0 la recherche d&#039;un nouveau CEO - RetailDetail BE<\/title>\n<meta name=\"description\" content=\"La cha\u00eene de mode n\u00e9erlandaise WE Fashion aura bient\u00f4t un nouveau CEO : l&#039;actuel directeur g\u00e9n\u00e9ral Joris Aperghis quittera ses fonctions le 1er avril.\" \/>\n<meta name=\"robots\" content=\"index, follow, max-snippet:-1, max-image-preview:large, max-video-preview:-1\" \/>\n<link rel=\"canonical\" href=\"https:\/\/www.retaildetail.be\/fr\/news\/mode\/we-fashion-doit-chercher-un-nouveau-pdg\/\" \/>\n<meta property=\"og:locale\" content=\"fr_FR\" \/>\n<meta property=\"og:type\" content=\"article\" \/>\n<meta property=\"og:title\" content=\"WE Fashion \u00e0 la recherche d&#039;un nouveau CEO - RetailDetail BE\" \/>\n<meta property=\"og:description\" content=\"La cha\u00eene de mode n\u00e9erlandaise WE Fashion aura bient\u00f4t un nouveau CEO : l&#039;actuel directeur g\u00e9n\u00e9ral Joris Aperghis quittera ses fonctions le 1er avril.\" \/>\n<meta property=\"og:url\" content=\"https:\/\/www.retaildetail.be\/fr\/news\/mode\/we-fashion-doit-chercher-un-nouveau-pdg\/\" \/>\n<meta property=\"og:site_name\" content=\"RetailDetail BE\" \/>\n<meta property=\"article:published_time\" content=\"2026-03-10T08:55:39+00:00\" \/>\n<meta property=\"article:modified_time\" content=\"2026-03-10T08:55:41+00:00\" \/>\n<meta property=\"og:image\" content=\"https:\/\/www.retaildetail.be\/wp-content\/uploads\/2026\/03\/WE-Fashion-Leuven.jpg\" \/>\n\t<meta property=\"og:image:width\" content=\"600\" \/>\n\t<meta property=\"og:image:height\" content=\"450\" \/>\n\t<meta property=\"og:image:type\" content=\"image\/jpeg\" \/>\n<meta name=\"author\" content=\"Stefan Van Rompaey\" \/>\n<meta name=\"twitter:card\" content=\"summary_large_image\" \/>\n<meta name=\"twitter:label1\" content=\"\u00c9crit par\" \/>\n\t<meta name=\"twitter:data1\" content=\"Stefan Van Rompaey\" \/>\n\t<meta name=\"twitter:label2\" content=\"Dur\u00e9e de lecture estim\u00e9e\" \/>\n\t<meta name=\"twitter:data2\" content=\"1 minute\" \/>\n<script type=\"application\/ld+json\" class=\"yoast-schema-graph\">{\"@context\":\"https:\\\/\\\/schema.org\",\"@graph\":[{\"@type\":\"NewsArticle\",\"@id\":\"https:\\\/\\\/www.retaildetail.be\\\/fr\\\/news\\\/mode\\\/we-fashion-doit-chercher-un-nouveau-pdg\\\/#article\",\"isPartOf\":{\"@id\":\"https:\\\/\\\/www.retaildetail.be\\\/fr\\\/news\\\/mode\\\/we-fashion-doit-chercher-un-nouveau-pdg\\\/\"},\"author\":{\"name\":\"Stefan Van Rompaey\",\"@id\":\"https:\\\/\\\/www.retaildetail.be\\\/nl\\\/#\\\/schema\\\/person\\\/51aec6069c4416aa2f68b2e4ff3455df\"},\"headline\":\"WE Fashion \u00e0 la recherche d&rsquo;un nouveau CEO\",\"datePublished\":\"2026-03-10T08:55:39+00:00\",\"dateModified\":\"2026-03-10T08:55:41+00:00\",\"mainEntityOfPage\":{\"@id\":\"https:\\\/\\\/www.retaildetail.be\\\/fr\\\/news\\\/mode\\\/we-fashion-doit-chercher-un-nouveau-pdg\\\/\"},\"wordCount\":138,\"publisher\":{\"@id\":\"https:\\\/\\\/www.retaildetail.be\\\/nl\\\/#organization\"},\"image\":{\"@id\":\"https:\\\/\\\/www.retaildetail.be\\\/fr\\\/news\\\/mode\\\/we-fashion-doit-chercher-un-nouveau-pdg\\\/#primaryimage\"},\"thumbnailUrl\":\"https:\\\/\\\/www.retaildetail.be\\\/wp-content\\\/uploads\\\/2026\\\/03\\\/WE-Fashion-Leuven.jpg\",\"articleSection\":[\"Mode\",\"Mode\"],\"inLanguage\":\"fr-FR\",\"copyrightYear\":\"2026\",\"copyrightHolder\":{\"@id\":\"https:\\\/\\\/www.retaildetail.be\\\/#organization\"}},{\"@type\":\"WebPage\",\"@id\":\"https:\\\/\\\/www.retaildetail.be\\\/fr\\\/news\\\/mode\\\/we-fashion-doit-chercher-un-nouveau-pdg\\\/\",\"url\":\"https:\\\/\\\/www.retaildetail.be\\\/fr\\\/news\\\/mode\\\/we-fashion-doit-chercher-un-nouveau-pdg\\\/\",\"name\":\"WE Fashion \u00e0 la recherche d'un nouveau CEO - RetailDetail BE\",\"isPartOf\":{\"@id\":\"https:\\\/\\\/www.retaildetail.be\\\/nl\\\/#website\"},\"primaryImageOfPage\":{\"@id\":\"https:\\\/\\\/www.retaildetail.be\\\/fr\\\/news\\\/mode\\\/we-fashion-doit-chercher-un-nouveau-pdg\\\/#primaryimage\"},\"image\":{\"@id\":\"https:\\\/\\\/www.retaildetail.be\\\/fr\\\/news\\\/mode\\\/we-fashion-doit-chercher-un-nouveau-pdg\\\/#primaryimage\"},\"thumbnailUrl\":\"https:\\\/\\\/www.retaildetail.be\\\/wp-content\\\/uploads\\\/2026\\\/03\\\/WE-Fashion-Leuven.jpg\",\"datePublished\":\"2026-03-10T08:55:39+00:00\",\"dateModified\":\"2026-03-10T08:55:41+00:00\",\"description\":\"La cha\u00eene de mode n\u00e9erlandaise WE Fashion aura bient\u00f4t un nouveau CEO : l'actuel directeur g\u00e9n\u00e9ral Joris Aperghis quittera ses fonctions le 1er avril.\",\"breadcrumb\":{\"@id\":\"https:\\\/\\\/www.retaildetail.be\\\/fr\\\/news\\\/mode\\\/we-fashion-doit-chercher-un-nouveau-pdg\\\/#breadcrumb\"},\"inLanguage\":\"fr-FR\",\"potentialAction\":[{\"@type\":\"ReadAction\",\"target\":[\"https:\\\/\\\/www.retaildetail.be\\\/fr\\\/news\\\/mode\\\/we-fashion-doit-chercher-un-nouveau-pdg\\\/\"]}]},{\"@type\":\"ImageObject\",\"inLanguage\":\"fr-FR\",\"@id\":\"https:\\\/\\\/www.retaildetail.be\\\/fr\\\/news\\\/mode\\\/we-fashion-doit-chercher-un-nouveau-pdg\\\/#primaryimage\",\"url\":\"https:\\\/\\\/www.retaildetail.be\\\/wp-content\\\/uploads\\\/2026\\\/03\\\/WE-Fashion-Leuven.jpg\",\"contentUrl\":\"https:\\\/\\\/www.retaildetail.be\\\/wp-content\\\/uploads\\\/2026\\\/03\\\/WE-Fashion-Leuven.jpg\",\"width\":600,\"height\":450,\"caption\":\"WE Fashion\"},{\"@type\":\"BreadcrumbList\",\"@id\":\"https:\\\/\\\/www.retaildetail.be\\\/fr\\\/news\\\/mode\\\/we-fashion-doit-chercher-un-nouveau-pdg\\\/#breadcrumb\",\"itemListElement\":[{\"@type\":\"ListItem\",\"position\":1,\"name\":\"Home\",\"item\":\"https:\\\/\\\/www.retaildetail.be\\\/fr\\\/\"},{\"@type\":\"ListItem\",\"position\":2,\"name\":\"WE Fashion \u00e0 la recherche d&#8217;un nouveau CEO\"}]},{\"@type\":\"WebSite\",\"@id\":\"https:\\\/\\\/www.retaildetail.be\\\/nl\\\/#website\",\"url\":\"https:\\\/\\\/www.retaildetail.be\\\/nl\\\/\",\"name\":\"RetailDetail BE\",\"description\":\"News\",\"publisher\":{\"@id\":\"https:\\\/\\\/www.retaildetail.be\\\/nl\\\/#organization\"},\"potentialAction\":[{\"@type\":\"SearchAction\",\"target\":{\"@type\":\"EntryPoint\",\"urlTemplate\":\"https:\\\/\\\/www.retaildetail.be\\\/nl\\\/?s={search_term_string}\"},\"query-input\":{\"@type\":\"PropertyValueSpecification\",\"valueRequired\":true,\"valueName\":\"search_term_string\"}}],\"inLanguage\":\"fr-FR\"},{\"@type\":\"Organization\",\"@id\":\"https:\\\/\\\/www.retaildetail.be\\\/nl\\\/#organization\",\"name\":\"RetailDetail BE\",\"url\":\"https:\\\/\\\/www.retaildetail.be\\\/nl\\\/\",\"logo\":{\"@type\":\"ImageObject\",\"inLanguage\":\"fr-FR\",\"@id\":\"https:\\\/\\\/www.retaildetail.be\\\/nl\\\/#\\\/schema\\\/logo\\\/image\\\/\",\"url\":\"https:\\\/\\\/www.retaildetail.be\\\/wp-content\\\/uploads\\\/2022\\\/04\\\/logo.svg\",\"contentUrl\":\"https:\\\/\\\/www.retaildetail.be\\\/wp-content\\\/uploads\\\/2022\\\/04\\\/logo.svg\",\"width\":131,\"height\":70,\"caption\":\"RetailDetail BE\"},\"image\":{\"@id\":\"https:\\\/\\\/www.retaildetail.be\\\/nl\\\/#\\\/schema\\\/logo\\\/image\\\/\"}},{\"@type\":\"Person\",\"@id\":\"https:\\\/\\\/www.retaildetail.be\\\/nl\\\/#\\\/schema\\\/person\\\/51aec6069c4416aa2f68b2e4ff3455df\",\"name\":\"Stefan Van Rompaey\",\"image\":{\"@type\":\"ImageObject\",\"inLanguage\":\"fr-FR\",\"@id\":\"https:\\\/\\\/secure.gravatar.com\\\/avatar\\\/fbbb4a80a0f109888b2a5ab8ae255617499ecde533749b3ab2fa6c23b5d65dac?s=96&d=mm&r=g\",\"url\":\"https:\\\/\\\/secure.gravatar.com\\\/avatar\\\/fbbb4a80a0f109888b2a5ab8ae255617499ecde533749b3ab2fa6c23b5d65dac?s=96&d=mm&r=g\",\"contentUrl\":\"https:\\\/\\\/secure.gravatar.com\\\/avatar\\\/fbbb4a80a0f109888b2a5ab8ae255617499ecde533749b3ab2fa6c23b5d65dac?s=96&d=mm&r=g\",\"caption\":\"Stefan Van Rompaey\"},\"url\":\"https:\\\/\\\/www.retaildetail.be\\\/fr\\\/author\\\/stefanvanrompaey\\\/\"}]}<\/script>\n<!-- \/ Yoast SEO plugin. -->","yoast_head_json":{"title":"WE Fashion \u00e0 la recherche d'un nouveau CEO - RetailDetail BE","description":"La cha\u00eene de mode n\u00e9erlandaise WE Fashion aura bient\u00f4t un nouveau CEO : l'actuel directeur g\u00e9n\u00e9ral Joris Aperghis quittera ses fonctions le 1er avril.","robots":{"index":"index","follow":"follow","max-snippet":"max-snippet:-1","max-image-preview":"max-image-preview:large","max-video-preview":"max-video-preview:-1"},"canonical":"https:\/\/www.retaildetail.be\/fr\/news\/mode\/we-fashion-doit-chercher-un-nouveau-pdg\/","og_locale":"fr_FR","og_type":"article","og_title":"WE Fashion \u00e0 la recherche d'un nouveau CEO - RetailDetail BE","og_description":"La cha\u00eene de mode n\u00e9erlandaise WE Fashion aura bient\u00f4t un nouveau CEO : l'actuel directeur g\u00e9n\u00e9ral Joris Aperghis quittera ses fonctions le 1er avril.","og_url":"https:\/\/www.retaildetail.be\/fr\/news\/mode\/we-fashion-doit-chercher-un-nouveau-pdg\/","og_site_name":"RetailDetail BE","article_published_time":"2026-03-10T08:55:39+00:00","article_modified_time":"2026-03-10T08:55:41+00:00","og_image":[{"width":600,"height":450,"url":"https:\/\/www.retaildetail.be\/wp-content\/uploads\/2026\/03\/WE-Fashion-Leuven.jpg","type":"image\/jpeg"}],"author":"Stefan Van Rompaey","twitter_card":"summary_large_image","twitter_misc":{"\u00c9crit par":"Stefan Van Rompaey","Dur\u00e9e de lecture estim\u00e9e":"1 minute"},"schema":{"@context":"https:\/\/schema.org","@graph":[{"@type":"NewsArticle","@id":"https:\/\/www.retaildetail.be\/fr\/news\/mode\/we-fashion-doit-chercher-un-nouveau-pdg\/#article","isPartOf":{"@id":"https:\/\/www.retaildetail.be\/fr\/news\/mode\/we-fashion-doit-chercher-un-nouveau-pdg\/"},"author":{"name":"Stefan Van Rompaey","@id":"https:\/\/www.retaildetail.be\/nl\/#\/schema\/person\/51aec6069c4416aa2f68b2e4ff3455df"},"headline":"WE Fashion \u00e0 la recherche d&rsquo;un nouveau CEO","datePublished":"2026-03-10T08:55:39+00:00","dateModified":"2026-03-10T08:55:41+00:00","mainEntityOfPage":{"@id":"https:\/\/www.retaildetail.be\/fr\/news\/mode\/we-fashion-doit-chercher-un-nouveau-pdg\/"},"wordCount":138,"publisher":{"@id":"https:\/\/www.retaildetail.be\/nl\/#organization"},"image":{"@id":"https:\/\/www.retaildetail.be\/fr\/news\/mode\/we-fashion-doit-chercher-un-nouveau-pdg\/#primaryimage"},"thumbnailUrl":"https:\/\/www.retaildetail.be\/wp-content\/uploads\/2026\/03\/WE-Fashion-Leuven.jpg","articleSection":["Mode","Mode"],"inLanguage":"fr-FR","copyrightYear":"2026","copyrightHolder":{"@id":"https:\/\/www.retaildetail.be\/#organization"}},{"@type":"WebPage","@id":"https:\/\/www.retaildetail.be\/fr\/news\/mode\/we-fashion-doit-chercher-un-nouveau-pdg\/","url":"https:\/\/www.retaildetail.be\/fr\/news\/mode\/we-fashion-doit-chercher-un-nouveau-pdg\/","name":"WE Fashion \u00e0 la recherche d'un nouveau CEO - RetailDetail BE","isPartOf":{"@id":"https:\/\/www.retaildetail.be\/nl\/#website"},"primaryImageOfPage":{"@id":"https:\/\/www.retaildetail.be\/fr\/news\/mode\/we-fashion-doit-chercher-un-nouveau-pdg\/#primaryimage"},"image":{"@id":"https:\/\/www.retaildetail.be\/fr\/news\/mode\/we-fashion-doit-chercher-un-nouveau-pdg\/#primaryimage"},"thumbnailUrl":"https:\/\/www.retaildetail.be\/wp-content\/uploads\/2026\/03\/WE-Fashion-Leuven.jpg","datePublished":"2026-03-10T08:55:39+00:00","dateModified":"2026-03-10T08:55:41+00:00","description":"La cha\u00eene de mode n\u00e9erlandaise WE Fashion aura bient\u00f4t un nouveau CEO : l'actuel directeur g\u00e9n\u00e9ral Joris Aperghis quittera ses fonctions le 1er avril.","breadcrumb":{"@id":"https:\/\/www.retaildetail.be\/fr\/news\/mode\/we-fashion-doit-chercher-un-nouveau-pdg\/#breadcrumb"},"inLanguage":"fr-FR","potentialAction":[{"@type":"ReadAction","target":["https:\/\/www.retaildetail.be\/fr\/news\/mode\/we-fashion-doit-chercher-un-nouveau-pdg\/"]}]},{"@type":"ImageObject","inLanguage":"fr-FR","@id":"https:\/\/www.retaildetail.be\/fr\/news\/mode\/we-fashion-doit-chercher-un-nouveau-pdg\/#primaryimage","url":"https:\/\/www.retaildetail.be\/wp-content\/uploads\/2026\/03\/WE-Fashion-Leuven.jpg","contentUrl":"https:\/\/www.retaildetail.be\/wp-content\/uploads\/2026\/03\/WE-Fashion-Leuven.jpg","width":600,"height":450,"caption":"WE Fashion"},{"@type":"BreadcrumbList","@id":"https:\/\/www.retaildetail.be\/fr\/news\/mode\/we-fashion-doit-chercher-un-nouveau-pdg\/#breadcrumb","itemListElement":[{"@type":"ListItem","position":1,"name":"Home","item":"https:\/\/www.retaildetail.be\/fr\/"},{"@type":"ListItem","position":2,"name":"WE Fashion \u00e0 la recherche d&#8217;un nouveau CEO"}]},{"@type":"WebSite","@id":"https:\/\/www.retaildetail.be\/nl\/#website","url":"https:\/\/www.retaildetail.be\/nl\/","name":"RetailDetail BE","description":"News","publisher":{"@id":"https:\/\/www.retaildetail.be\/nl\/#organization"},"potentialAction":[{"@type":"SearchAction","target":{"@type":"EntryPoint","urlTemplate":"https:\/\/www.retaildetail.be\/nl\/?s={search_term_string}"},"query-input":{"@type":"PropertyValueSpecification","valueRequired":true,"valueName":"search_term_string"}}],"inLanguage":"fr-FR"},{"@type":"Organization","@id":"https:\/\/www.retaildetail.be\/nl\/#organization","name":"RetailDetail BE","url":"https:\/\/www.retaildetail.be\/nl\/","logo":{"@type":"ImageObject","inLanguage":"fr-FR","@id":"https:\/\/www.retaildetail.be\/nl\/#\/schema\/logo\/image\/","url":"https:\/\/www.retaildetail.be\/wp-content\/uploads\/2022\/04\/logo.svg","contentUrl":"https:\/\/www.retaildetail.be\/wp-content\/uploads\/2022\/04\/logo.svg","width":131,"height":70,"caption":"RetailDetail BE"},"image":{"@id":"https:\/\/www.retaildetail.be\/nl\/#\/schema\/logo\/image\/"}},{"@type":"Person","@id":"https:\/\/www.retaildetail.be\/nl\/#\/schema\/person\/51aec6069c4416aa2f68b2e4ff3455df","name":"Stefan Van Rompaey","image":{"@type":"ImageObject","inLanguage":"fr-FR","@id":"https:\/\/secure.gravatar.com\/avatar\/fbbb4a80a0f109888b2a5ab8ae255617499ecde533749b3ab2fa6c23b5d65dac?s=96&d=mm&r=g","url":"https:\/\/secure.gravatar.com\/avatar\/fbbb4a80a0f109888b2a5ab8ae255617499ecde533749b3ab2fa6c23b5d65dac?s=96&d=mm&r=g","contentUrl":"https:\/\/secure.gravatar.com\/avatar\/fbbb4a80a0f109888b2a5ab8ae255617499ecde533749b3ab2fa6c23b5d65dac?s=96&d=mm&r=g","caption":"Stefan Van Rompaey"},"url":"https:\/\/www.retaildetail.be\/fr\/author\/stefanvanrompaey\/"}]}},"jetpack_featured_media_url":"https:\/\/www.retaildetail.be\/wp-content\/uploads\/2026\/03\/WE-Fashion-Leuven.jpg","jetpack_sharing_enabled":true,"_links":{"self":[{"href":"https:\/\/www.retaildetail.be\/fr\/wp-json\/wp\/v2\/posts\/143655","targetHints":{"allow":["GET"]}}],"collection":[{"href":"https:\/\/www.retaildetail.be\/fr\/wp-json\/wp\/v2\/posts"}],"about":[{"href":"https:\/\/www.retaildetail.be\/fr\/wp-json\/wp\/v2\/types\/post"}],"author":[{"embeddable":true,"href":"https:\/\/www.retaildetail.be\/fr\/wp-json\/wp\/v2\/users\/3"}],"replies":[{"embeddable":true,"href":"https:\/\/www.retaildetail.be\/fr\/wp-json\/wp\/v2\/comments?post=143655"}],"version-history":[{"count":1,"href":"https:\/\/www.retaildetail.be\/fr\/wp-json\/wp\/v2\/posts\/143655\/revisions"}],"predecessor-version":[{"id":143657,"href":"https:\/\/www.retaildetail.be\/fr\/wp-json\/wp\/v2\/posts\/143655\/revisions\/143657"}],"wp:featuredmedia":[{"embeddable":true,"href":"https:\/\/www.retaildetail.be\/fr\/wp-json\/wp\/v2\/media\/143656"}],"wp:attachment":[{"href":"https:\/\/www.retaildetail.be\/fr\/wp-json\/wp\/v2\/media?parent=143655"}],"wp:term":[{"taxonomy":"category","embeddable":true,"href":"https:\/\/www.retaildetail.be\/fr\/wp-json\/wp\/v2\/categories?post=143655"},{"taxonomy":"post_tag","embeddable":true,"href":"https:\/\/www.retaildetail.be\/fr\/wp-json\/wp\/v2\/tags?post=143655"},{"taxonomy":"people","embeddable":true,"href":"https:\/\/www.retaildetail.be\/fr\/wp-json\/wp\/v2\/people?post=143655"},{"taxonomy":"extra","embeddable":true,"href":"https:\/\/www.retaildetail.be\/fr\/wp-json\/wp\/v2\/extra?post=143655"},{"taxonomy":"company","embeddable":true,"href":"https:\/\/www.retaildetail.be\/fr\/wp-json\/wp\/v2\/company?post=143655"},{"taxonomy":"topic","embeddable":true,"href":"https:\/\/www.retaildetail.be\/fr\/wp-json\/wp\/v2\/topic?post=143655"},{"taxonomy":"region","embeddable":true,"href":"https:\/\/www.retaildetail.be\/fr\/wp-json\/wp\/v2\/region?post=143655"}],"curies":[{"name":"wp","href":"https:\/\/api.w.org\/{rel}","templated":true}]}}