{"id":143681,"date":"2026-03-10T11:36:05","date_gmt":"2026-03-10T10:36:05","guid":{"rendered":"https:\/\/www.retaildetail.be\/?p=143681"},"modified":"2026-03-10T11:36:07","modified_gmt":"2026-03-10T10:36:07","slug":"le-conseil-dadministration-de-fnac-darty-accepte-loffre-dachat-de-daniel-kretinsky","status":"publish","type":"post","link":"https:\/\/www.retaildetail.be\/fr\/news\/electro\/le-conseil-dadministration-de-fnac-darty-accepte-loffre-dachat-de-daniel-kretinsky\/","title":{"rendered":"Le conseil d&rsquo;administration de Fnac Darty accepte l&rsquo;offre d&rsquo;achat de Daniel Kretinsky"},"content":{"rendered":"\n<p>Le milliardaire tch\u00e8que Daniel Kretinsky a fait un pas de plus vers le rachat complet du g\u00e9ant fran\u00e7ais de la distribution <strong>Fnac Darty<\/strong>. Le conseil d&rsquo;administration du distributeur a approuv\u00e9 \u00e0 l&rsquo;unanimit\u00e9 l&rsquo;offre publique d&rsquo;achat. Il ne reste plus qu&rsquo;aux autorit\u00e9s de la concurrence \u00e0 se prononcer&#8230;<\/p>\n\n\n\n<h2 class=\"wp-block-heading\">Un large soutien<\/h2>\n\n\n\n<p>Le conseil d&rsquo;administration de Fnac Darty, pr\u00e9sid\u00e9 par Jacques Veyrat, souligne dans un communiqu\u00e9 de presse que l&rsquo;offre du <strong>groupe EP<\/strong> de Kretinsky \u00ab est dans l&rsquo;int\u00e9r\u00eat de l&rsquo;entreprise, de ses actionnaires et de ses employ\u00e9s \u00bb. Dans un march\u00e9 caract\u00e9ris\u00e9 par des changements profonds, le conseil d&rsquo;administration estime que cette acquisition offre \u00ab une base actionnariale stable pour mener \u00e0 bien la strat\u00e9gie \u00e0 long terme \u00bb.<\/p>\n\n\n\n<p>Kretinsky, qui est depuis 2023 le principal actionnaire de Fnac Darty (avec 28,5 % des actions) via son v\u00e9hicule d&rsquo;investissement VESA Equity Investment, a propos\u00e9 fin janvier 36 euros par action. La valorisation totale de l&rsquo;entreprise s&rsquo;\u00e9l\u00e8ve ainsi \u00e0 1,1 milliard d&rsquo;euros.<\/p>\n\n\n\n<h2 class=\"wp-block-heading\">Partenariat existant<\/h2>\n\n\n\n<p>L&rsquo;approbation du conseil d&rsquo;administration fait suite \u00e0 une p\u00e9riode de collaboration \u00e9troite entre Kretinsky et Fnac Darty. EP Group a ainsi jou\u00e9 un r\u00f4le cl\u00e9 dans le rachat du d\u00e9taillant italien d&rsquo;\u00e9lectronique <strong>Unieuro<\/strong>. Le PDG Enrique Martinez qualifie la relation avec Kretinsky de \u00ab partenariat bas\u00e9 sur la confiance \u00bb et consid\u00e8re l&rsquo;offre publique d&rsquo;achat comme une \u00e9tape logique pour poursuivre le d\u00e9ploiement du plan strat\u00e9gique Beyond Everyday.<\/p>\n\n\n\n<p>Avant que l&rsquo;acquisition ne soit d\u00e9finitive, l&rsquo;op\u00e9ration doit encore \u00eatre approuv\u00e9e par l&rsquo;Autorit\u00e9 des march\u00e9s financiers (AMF) fran\u00e7aise et les autorit\u00e9s europ\u00e9ennes de la concurrence. Les analystes s&rsquo;attendent \u00e0 ce que la transaction soit finalis\u00e9e au cours du second semestre 2026, \u00e0 condition qu&rsquo;aucune objection inattendue ne vienne la contrarier. Kretinsky n&rsquo;est pas un inconnu : il a d\u00e9j\u00e0 acquis des participations dans la cha\u00eene de supermarch\u00e9s Casino et le groupe de m\u00e9dias Lagard\u00e8re.<\/p>\n","protected":false},"excerpt":{"rendered":"<p>Le milliardaire tch\u00e8que Daniel Kretinsky a fait un pas de plus vers le rachat complet du g\u00e9ant fran\u00e7ais de la distribution Fnac Darty. Le conseil d&rsquo;administration du distributeur a approuv\u00e9 \u00e0 l&rsquo;unanimit\u00e9 l&rsquo;offre publique d&rsquo;achat. Il ne reste plus qu&rsquo;\u00e0 obtenir l&rsquo;accord des autorit\u00e9s de la concurrence&#8230;<\/p>\n","protected":false},"author":5,"featured_media":143682,"comment_status":"closed","ping_status":"closed","sticky":false,"template":"","format":"standard","meta":{"_acf_changed":false,"inline_featured_image":false,"_jetpack_memberships_contains_paid_content":false,"footnotes":""},"categories":[23,17],"tags":[],"people":[],"extra":[43],"company":[511],"topic":[282],"region":[342],"class_list":["post-143681","post","type-post","status-publish","format-standard","has-post-thumbnail","hentry","category-electro","category-elektro","extra-plus","company-fnac","topic-acquisition","region-france"],"acf":[],"yoast_head":"<!-- This site is optimized with the Yoast SEO plugin v27.3 - https:\/\/yoast.com\/product\/yoast-seo-wordpress\/ -->\n<title>Le conseil d&#039;administration de Fnac Darty accepte l&#039;offre d&#039;achat de Daniel Kretinsky - RetailDetail BE<\/title>\n<meta name=\"description\" content=\"Le milliardaire tch\u00e8que Daniel Kretinsky a fait un pas de plus vers le rachat complet de Fnac Darty. Le conseil d&#039;administration a approuv\u00e9 \u00e0 l&#039;unanimit\u00e9 l&#039;offre.\" \/>\n<meta name=\"robots\" content=\"index, follow, max-snippet:-1, max-image-preview:large, max-video-preview:-1\" \/>\n<link rel=\"canonical\" href=\"https:\/\/www.retaildetail.be\/fr\/news\/electro\/le-conseil-dadministration-de-fnac-darty-accepte-loffre-dachat-de-daniel-kretinsky\/\" \/>\n<meta property=\"og:locale\" content=\"fr_FR\" \/>\n<meta property=\"og:type\" content=\"article\" \/>\n<meta property=\"og:title\" content=\"Le conseil d&#039;administration de Fnac Darty accepte l&#039;offre d&#039;achat de Daniel Kretinsky - RetailDetail BE\" \/>\n<meta property=\"og:description\" content=\"Le milliardaire tch\u00e8que Daniel Kretinsky a fait un pas de plus vers le rachat complet de Fnac Darty. Le conseil d&#039;administration a approuv\u00e9 \u00e0 l&#039;unanimit\u00e9 l&#039;offre.\" \/>\n<meta property=\"og:url\" content=\"https:\/\/www.retaildetail.be\/fr\/news\/electro\/le-conseil-dadministration-de-fnac-darty-accepte-loffre-dachat-de-daniel-kretinsky\/\" \/>\n<meta property=\"og:site_name\" content=\"RetailDetail BE\" \/>\n<meta property=\"article:published_time\" content=\"2026-03-10T10:36:05+00:00\" \/>\n<meta property=\"article:modified_time\" content=\"2026-03-10T10:36:07+00:00\" \/>\n<meta property=\"og:image\" content=\"https:\/\/www.retaildetail.be\/wp-content\/uploads\/2026\/03\/fnac-darty.jpg\" \/>\n\t<meta property=\"og:image:width\" content=\"1000\" \/>\n\t<meta property=\"og:image:height\" content=\"667\" \/>\n\t<meta property=\"og:image:type\" content=\"image\/jpeg\" \/>\n<meta name=\"author\" content=\"Pauline Neerman\" \/>\n<meta name=\"twitter:card\" content=\"summary_large_image\" \/>\n<meta name=\"twitter:label1\" content=\"\u00c9crit par\" \/>\n\t<meta name=\"twitter:data1\" content=\"Pauline Neerman\" \/>\n\t<meta name=\"twitter:label2\" content=\"Dur\u00e9e de lecture estim\u00e9e\" \/>\n\t<meta name=\"twitter:data2\" content=\"2 minutes\" \/>\n<script type=\"application\/ld+json\" class=\"yoast-schema-graph\">{\"@context\":\"https:\\\/\\\/schema.org\",\"@graph\":[{\"@type\":\"NewsArticle\",\"@id\":\"https:\\\/\\\/www.retaildetail.be\\\/fr\\\/news\\\/electro\\\/le-conseil-dadministration-de-fnac-darty-accepte-loffre-dachat-de-daniel-kretinsky\\\/#article\",\"isPartOf\":{\"@id\":\"https:\\\/\\\/www.retaildetail.be\\\/fr\\\/news\\\/electro\\\/le-conseil-dadministration-de-fnac-darty-accepte-loffre-dachat-de-daniel-kretinsky\\\/\"},\"author\":{\"name\":\"Pauline Neerman\",\"@id\":\"https:\\\/\\\/www.retaildetail.be\\\/nl\\\/#\\\/schema\\\/person\\\/66b54803fa10759039079458ea89e307\"},\"headline\":\"Le conseil d&rsquo;administration de Fnac Darty accepte l&rsquo;offre d&rsquo;achat de Daniel Kretinsky\",\"datePublished\":\"2026-03-10T10:36:05+00:00\",\"dateModified\":\"2026-03-10T10:36:07+00:00\",\"mainEntityOfPage\":{\"@id\":\"https:\\\/\\\/www.retaildetail.be\\\/fr\\\/news\\\/electro\\\/le-conseil-dadministration-de-fnac-darty-accepte-loffre-dachat-de-daniel-kretinsky\\\/\"},\"wordCount\":354,\"publisher\":{\"@id\":\"https:\\\/\\\/www.retaildetail.be\\\/nl\\\/#organization\"},\"image\":{\"@id\":\"https:\\\/\\\/www.retaildetail.be\\\/fr\\\/news\\\/electro\\\/le-conseil-dadministration-de-fnac-darty-accepte-loffre-dachat-de-daniel-kretinsky\\\/#primaryimage\"},\"thumbnailUrl\":\"https:\\\/\\\/www.retaildetail.be\\\/wp-content\\\/uploads\\\/2026\\\/03\\\/fnac-darty.jpg\",\"articleSection\":[\"Electro\",\"Elektro\"],\"inLanguage\":\"fr-FR\",\"copyrightYear\":\"2026\",\"copyrightHolder\":{\"@id\":\"https:\\\/\\\/www.retaildetail.be\\\/#organization\"}},{\"@type\":\"WebPage\",\"@id\":\"https:\\\/\\\/www.retaildetail.be\\\/fr\\\/news\\\/electro\\\/le-conseil-dadministration-de-fnac-darty-accepte-loffre-dachat-de-daniel-kretinsky\\\/\",\"url\":\"https:\\\/\\\/www.retaildetail.be\\\/fr\\\/news\\\/electro\\\/le-conseil-dadministration-de-fnac-darty-accepte-loffre-dachat-de-daniel-kretinsky\\\/\",\"name\":\"Le conseil d'administration de Fnac Darty accepte l'offre d'achat de Daniel Kretinsky - RetailDetail BE\",\"isPartOf\":{\"@id\":\"https:\\\/\\\/www.retaildetail.be\\\/nl\\\/#website\"},\"primaryImageOfPage\":{\"@id\":\"https:\\\/\\\/www.retaildetail.be\\\/fr\\\/news\\\/electro\\\/le-conseil-dadministration-de-fnac-darty-accepte-loffre-dachat-de-daniel-kretinsky\\\/#primaryimage\"},\"image\":{\"@id\":\"https:\\\/\\\/www.retaildetail.be\\\/fr\\\/news\\\/electro\\\/le-conseil-dadministration-de-fnac-darty-accepte-loffre-dachat-de-daniel-kretinsky\\\/#primaryimage\"},\"thumbnailUrl\":\"https:\\\/\\\/www.retaildetail.be\\\/wp-content\\\/uploads\\\/2026\\\/03\\\/fnac-darty.jpg\",\"datePublished\":\"2026-03-10T10:36:05+00:00\",\"dateModified\":\"2026-03-10T10:36:07+00:00\",\"description\":\"Le milliardaire tch\u00e8que Daniel Kretinsky a fait un pas de plus vers le rachat complet de Fnac Darty. Le conseil d'administration a approuv\u00e9 \u00e0 l'unanimit\u00e9 l'offre.\",\"breadcrumb\":{\"@id\":\"https:\\\/\\\/www.retaildetail.be\\\/fr\\\/news\\\/electro\\\/le-conseil-dadministration-de-fnac-darty-accepte-loffre-dachat-de-daniel-kretinsky\\\/#breadcrumb\"},\"inLanguage\":\"fr-FR\",\"potentialAction\":[{\"@type\":\"ReadAction\",\"target\":[\"https:\\\/\\\/www.retaildetail.be\\\/fr\\\/news\\\/electro\\\/le-conseil-dadministration-de-fnac-darty-accepte-loffre-dachat-de-daniel-kretinsky\\\/\"]}]},{\"@type\":\"ImageObject\",\"inLanguage\":\"fr-FR\",\"@id\":\"https:\\\/\\\/www.retaildetail.be\\\/fr\\\/news\\\/electro\\\/le-conseil-dadministration-de-fnac-darty-accepte-loffre-dachat-de-daniel-kretinsky\\\/#primaryimage\",\"url\":\"https:\\\/\\\/www.retaildetail.be\\\/wp-content\\\/uploads\\\/2026\\\/03\\\/fnac-darty.jpg\",\"contentUrl\":\"https:\\\/\\\/www.retaildetail.be\\\/wp-content\\\/uploads\\\/2026\\\/03\\\/fnac-darty.jpg\",\"width\":1000,\"height\":667},{\"@type\":\"BreadcrumbList\",\"@id\":\"https:\\\/\\\/www.retaildetail.be\\\/fr\\\/news\\\/electro\\\/le-conseil-dadministration-de-fnac-darty-accepte-loffre-dachat-de-daniel-kretinsky\\\/#breadcrumb\",\"itemListElement\":[{\"@type\":\"ListItem\",\"position\":1,\"name\":\"Home\",\"item\":\"https:\\\/\\\/www.retaildetail.be\\\/fr\\\/\"},{\"@type\":\"ListItem\",\"position\":2,\"name\":\"Le conseil d&#8217;administration de Fnac Darty accepte l&#8217;offre d&#8217;achat de Daniel Kretinsky\"}]},{\"@type\":\"WebSite\",\"@id\":\"https:\\\/\\\/www.retaildetail.be\\\/nl\\\/#website\",\"url\":\"https:\\\/\\\/www.retaildetail.be\\\/nl\\\/\",\"name\":\"RetailDetail BE\",\"description\":\"News\",\"publisher\":{\"@id\":\"https:\\\/\\\/www.retaildetail.be\\\/nl\\\/#organization\"},\"potentialAction\":[{\"@type\":\"SearchAction\",\"target\":{\"@type\":\"EntryPoint\",\"urlTemplate\":\"https:\\\/\\\/www.retaildetail.be\\\/nl\\\/?s={search_term_string}\"},\"query-input\":{\"@type\":\"PropertyValueSpecification\",\"valueRequired\":true,\"valueName\":\"search_term_string\"}}],\"inLanguage\":\"fr-FR\"},{\"@type\":\"Organization\",\"@id\":\"https:\\\/\\\/www.retaildetail.be\\\/nl\\\/#organization\",\"name\":\"RetailDetail BE\",\"url\":\"https:\\\/\\\/www.retaildetail.be\\\/nl\\\/\",\"logo\":{\"@type\":\"ImageObject\",\"inLanguage\":\"fr-FR\",\"@id\":\"https:\\\/\\\/www.retaildetail.be\\\/nl\\\/#\\\/schema\\\/logo\\\/image\\\/\",\"url\":\"https:\\\/\\\/www.retaildetail.be\\\/wp-content\\\/uploads\\\/2022\\\/04\\\/logo.svg\",\"contentUrl\":\"https:\\\/\\\/www.retaildetail.be\\\/wp-content\\\/uploads\\\/2022\\\/04\\\/logo.svg\",\"width\":131,\"height\":70,\"caption\":\"RetailDetail BE\"},\"image\":{\"@id\":\"https:\\\/\\\/www.retaildetail.be\\\/nl\\\/#\\\/schema\\\/logo\\\/image\\\/\"}},{\"@type\":\"Person\",\"@id\":\"https:\\\/\\\/www.retaildetail.be\\\/nl\\\/#\\\/schema\\\/person\\\/66b54803fa10759039079458ea89e307\",\"name\":\"Pauline Neerman\",\"image\":{\"@type\":\"ImageObject\",\"inLanguage\":\"fr-FR\",\"@id\":\"https:\\\/\\\/secure.gravatar.com\\\/avatar\\\/58db22aee589a691f9603e5765ac06010427a923f9b2728b951eb7fe27214d70?s=96&d=mm&r=g\",\"url\":\"https:\\\/\\\/secure.gravatar.com\\\/avatar\\\/58db22aee589a691f9603e5765ac06010427a923f9b2728b951eb7fe27214d70?s=96&d=mm&r=g\",\"contentUrl\":\"https:\\\/\\\/secure.gravatar.com\\\/avatar\\\/58db22aee589a691f9603e5765ac06010427a923f9b2728b951eb7fe27214d70?s=96&d=mm&r=g\",\"caption\":\"Pauline Neerman\"},\"url\":\"https:\\\/\\\/www.retaildetail.be\\\/fr\\\/author\\\/paulineneerman\\\/\"}]}<\/script>\n<!-- \/ Yoast SEO plugin. -->","yoast_head_json":{"title":"Le conseil d'administration de Fnac Darty accepte l'offre d'achat de Daniel Kretinsky - RetailDetail BE","description":"Le milliardaire tch\u00e8que Daniel Kretinsky a fait un pas de plus vers le rachat complet de Fnac Darty. Le conseil d'administration a approuv\u00e9 \u00e0 l'unanimit\u00e9 l'offre.","robots":{"index":"index","follow":"follow","max-snippet":"max-snippet:-1","max-image-preview":"max-image-preview:large","max-video-preview":"max-video-preview:-1"},"canonical":"https:\/\/www.retaildetail.be\/fr\/news\/electro\/le-conseil-dadministration-de-fnac-darty-accepte-loffre-dachat-de-daniel-kretinsky\/","og_locale":"fr_FR","og_type":"article","og_title":"Le conseil d'administration de Fnac Darty accepte l'offre d'achat de Daniel Kretinsky - RetailDetail BE","og_description":"Le milliardaire tch\u00e8que Daniel Kretinsky a fait un pas de plus vers le rachat complet de Fnac Darty. Le conseil d'administration a approuv\u00e9 \u00e0 l'unanimit\u00e9 l'offre.","og_url":"https:\/\/www.retaildetail.be\/fr\/news\/electro\/le-conseil-dadministration-de-fnac-darty-accepte-loffre-dachat-de-daniel-kretinsky\/","og_site_name":"RetailDetail BE","article_published_time":"2026-03-10T10:36:05+00:00","article_modified_time":"2026-03-10T10:36:07+00:00","og_image":[{"width":1000,"height":667,"url":"https:\/\/www.retaildetail.be\/wp-content\/uploads\/2026\/03\/fnac-darty.jpg","type":"image\/jpeg"}],"author":"Pauline Neerman","twitter_card":"summary_large_image","twitter_misc":{"\u00c9crit par":"Pauline Neerman","Dur\u00e9e de lecture estim\u00e9e":"2 minutes"},"schema":{"@context":"https:\/\/schema.org","@graph":[{"@type":"NewsArticle","@id":"https:\/\/www.retaildetail.be\/fr\/news\/electro\/le-conseil-dadministration-de-fnac-darty-accepte-loffre-dachat-de-daniel-kretinsky\/#article","isPartOf":{"@id":"https:\/\/www.retaildetail.be\/fr\/news\/electro\/le-conseil-dadministration-de-fnac-darty-accepte-loffre-dachat-de-daniel-kretinsky\/"},"author":{"name":"Pauline Neerman","@id":"https:\/\/www.retaildetail.be\/nl\/#\/schema\/person\/66b54803fa10759039079458ea89e307"},"headline":"Le conseil d&rsquo;administration de Fnac Darty accepte l&rsquo;offre d&rsquo;achat de Daniel Kretinsky","datePublished":"2026-03-10T10:36:05+00:00","dateModified":"2026-03-10T10:36:07+00:00","mainEntityOfPage":{"@id":"https:\/\/www.retaildetail.be\/fr\/news\/electro\/le-conseil-dadministration-de-fnac-darty-accepte-loffre-dachat-de-daniel-kretinsky\/"},"wordCount":354,"publisher":{"@id":"https:\/\/www.retaildetail.be\/nl\/#organization"},"image":{"@id":"https:\/\/www.retaildetail.be\/fr\/news\/electro\/le-conseil-dadministration-de-fnac-darty-accepte-loffre-dachat-de-daniel-kretinsky\/#primaryimage"},"thumbnailUrl":"https:\/\/www.retaildetail.be\/wp-content\/uploads\/2026\/03\/fnac-darty.jpg","articleSection":["Electro","Elektro"],"inLanguage":"fr-FR","copyrightYear":"2026","copyrightHolder":{"@id":"https:\/\/www.retaildetail.be\/#organization"}},{"@type":"WebPage","@id":"https:\/\/www.retaildetail.be\/fr\/news\/electro\/le-conseil-dadministration-de-fnac-darty-accepte-loffre-dachat-de-daniel-kretinsky\/","url":"https:\/\/www.retaildetail.be\/fr\/news\/electro\/le-conseil-dadministration-de-fnac-darty-accepte-loffre-dachat-de-daniel-kretinsky\/","name":"Le conseil d'administration de Fnac Darty accepte l'offre d'achat de Daniel Kretinsky - RetailDetail BE","isPartOf":{"@id":"https:\/\/www.retaildetail.be\/nl\/#website"},"primaryImageOfPage":{"@id":"https:\/\/www.retaildetail.be\/fr\/news\/electro\/le-conseil-dadministration-de-fnac-darty-accepte-loffre-dachat-de-daniel-kretinsky\/#primaryimage"},"image":{"@id":"https:\/\/www.retaildetail.be\/fr\/news\/electro\/le-conseil-dadministration-de-fnac-darty-accepte-loffre-dachat-de-daniel-kretinsky\/#primaryimage"},"thumbnailUrl":"https:\/\/www.retaildetail.be\/wp-content\/uploads\/2026\/03\/fnac-darty.jpg","datePublished":"2026-03-10T10:36:05+00:00","dateModified":"2026-03-10T10:36:07+00:00","description":"Le milliardaire tch\u00e8que Daniel Kretinsky a fait un pas de plus vers le rachat complet de Fnac Darty. Le conseil d'administration a approuv\u00e9 \u00e0 l'unanimit\u00e9 l'offre.","breadcrumb":{"@id":"https:\/\/www.retaildetail.be\/fr\/news\/electro\/le-conseil-dadministration-de-fnac-darty-accepte-loffre-dachat-de-daniel-kretinsky\/#breadcrumb"},"inLanguage":"fr-FR","potentialAction":[{"@type":"ReadAction","target":["https:\/\/www.retaildetail.be\/fr\/news\/electro\/le-conseil-dadministration-de-fnac-darty-accepte-loffre-dachat-de-daniel-kretinsky\/"]}]},{"@type":"ImageObject","inLanguage":"fr-FR","@id":"https:\/\/www.retaildetail.be\/fr\/news\/electro\/le-conseil-dadministration-de-fnac-darty-accepte-loffre-dachat-de-daniel-kretinsky\/#primaryimage","url":"https:\/\/www.retaildetail.be\/wp-content\/uploads\/2026\/03\/fnac-darty.jpg","contentUrl":"https:\/\/www.retaildetail.be\/wp-content\/uploads\/2026\/03\/fnac-darty.jpg","width":1000,"height":667},{"@type":"BreadcrumbList","@id":"https:\/\/www.retaildetail.be\/fr\/news\/electro\/le-conseil-dadministration-de-fnac-darty-accepte-loffre-dachat-de-daniel-kretinsky\/#breadcrumb","itemListElement":[{"@type":"ListItem","position":1,"name":"Home","item":"https:\/\/www.retaildetail.be\/fr\/"},{"@type":"ListItem","position":2,"name":"Le conseil d&#8217;administration de Fnac Darty accepte l&#8217;offre d&#8217;achat de Daniel Kretinsky"}]},{"@type":"WebSite","@id":"https:\/\/www.retaildetail.be\/nl\/#website","url":"https:\/\/www.retaildetail.be\/nl\/","name":"RetailDetail BE","description":"News","publisher":{"@id":"https:\/\/www.retaildetail.be\/nl\/#organization"},"potentialAction":[{"@type":"SearchAction","target":{"@type":"EntryPoint","urlTemplate":"https:\/\/www.retaildetail.be\/nl\/?s={search_term_string}"},"query-input":{"@type":"PropertyValueSpecification","valueRequired":true,"valueName":"search_term_string"}}],"inLanguage":"fr-FR"},{"@type":"Organization","@id":"https:\/\/www.retaildetail.be\/nl\/#organization","name":"RetailDetail BE","url":"https:\/\/www.retaildetail.be\/nl\/","logo":{"@type":"ImageObject","inLanguage":"fr-FR","@id":"https:\/\/www.retaildetail.be\/nl\/#\/schema\/logo\/image\/","url":"https:\/\/www.retaildetail.be\/wp-content\/uploads\/2022\/04\/logo.svg","contentUrl":"https:\/\/www.retaildetail.be\/wp-content\/uploads\/2022\/04\/logo.svg","width":131,"height":70,"caption":"RetailDetail BE"},"image":{"@id":"https:\/\/www.retaildetail.be\/nl\/#\/schema\/logo\/image\/"}},{"@type":"Person","@id":"https:\/\/www.retaildetail.be\/nl\/#\/schema\/person\/66b54803fa10759039079458ea89e307","name":"Pauline Neerman","image":{"@type":"ImageObject","inLanguage":"fr-FR","@id":"https:\/\/secure.gravatar.com\/avatar\/58db22aee589a691f9603e5765ac06010427a923f9b2728b951eb7fe27214d70?s=96&d=mm&r=g","url":"https:\/\/secure.gravatar.com\/avatar\/58db22aee589a691f9603e5765ac06010427a923f9b2728b951eb7fe27214d70?s=96&d=mm&r=g","contentUrl":"https:\/\/secure.gravatar.com\/avatar\/58db22aee589a691f9603e5765ac06010427a923f9b2728b951eb7fe27214d70?s=96&d=mm&r=g","caption":"Pauline Neerman"},"url":"https:\/\/www.retaildetail.be\/fr\/author\/paulineneerman\/"}]}},"jetpack_featured_media_url":"https:\/\/www.retaildetail.be\/wp-content\/uploads\/2026\/03\/fnac-darty.jpg","jetpack_sharing_enabled":true,"_links":{"self":[{"href":"https:\/\/www.retaildetail.be\/fr\/wp-json\/wp\/v2\/posts\/143681","targetHints":{"allow":["GET"]}}],"collection":[{"href":"https:\/\/www.retaildetail.be\/fr\/wp-json\/wp\/v2\/posts"}],"about":[{"href":"https:\/\/www.retaildetail.be\/fr\/wp-json\/wp\/v2\/types\/post"}],"author":[{"embeddable":true,"href":"https:\/\/www.retaildetail.be\/fr\/wp-json\/wp\/v2\/users\/5"}],"replies":[{"embeddable":true,"href":"https:\/\/www.retaildetail.be\/fr\/wp-json\/wp\/v2\/comments?post=143681"}],"version-history":[{"count":1,"href":"https:\/\/www.retaildetail.be\/fr\/wp-json\/wp\/v2\/posts\/143681\/revisions"}],"predecessor-version":[{"id":143692,"href":"https:\/\/www.retaildetail.be\/fr\/wp-json\/wp\/v2\/posts\/143681\/revisions\/143692"}],"wp:featuredmedia":[{"embeddable":true,"href":"https:\/\/www.retaildetail.be\/fr\/wp-json\/wp\/v2\/media\/143682"}],"wp:attachment":[{"href":"https:\/\/www.retaildetail.be\/fr\/wp-json\/wp\/v2\/media?parent=143681"}],"wp:term":[{"taxonomy":"category","embeddable":true,"href":"https:\/\/www.retaildetail.be\/fr\/wp-json\/wp\/v2\/categories?post=143681"},{"taxonomy":"post_tag","embeddable":true,"href":"https:\/\/www.retaildetail.be\/fr\/wp-json\/wp\/v2\/tags?post=143681"},{"taxonomy":"people","embeddable":true,"href":"https:\/\/www.retaildetail.be\/fr\/wp-json\/wp\/v2\/people?post=143681"},{"taxonomy":"extra","embeddable":true,"href":"https:\/\/www.retaildetail.be\/fr\/wp-json\/wp\/v2\/extra?post=143681"},{"taxonomy":"company","embeddable":true,"href":"https:\/\/www.retaildetail.be\/fr\/wp-json\/wp\/v2\/company?post=143681"},{"taxonomy":"topic","embeddable":true,"href":"https:\/\/www.retaildetail.be\/fr\/wp-json\/wp\/v2\/topic?post=143681"},{"taxonomy":"region","embeddable":true,"href":"https:\/\/www.retaildetail.be\/fr\/wp-json\/wp\/v2\/region?post=143681"}],"curies":[{"name":"wp","href":"https:\/\/api.w.org\/{rel}","templated":true}]}}