{"id":143684,"date":"2026-03-10T11:02:04","date_gmt":"2026-03-10T10:02:04","guid":{"rendered":"https:\/\/www.retaildetail.be\/?p=143684"},"modified":"2026-03-10T11:02:05","modified_gmt":"2026-03-10T10:02:05","slug":"pourquoi-les-consommateurs-ont-ils-du-mal-a-faire-des-choix-alimentaires-plus-sains","status":"publish","type":"post","link":"https:\/\/www.retaildetail.be\/fr\/news\/food\/pourquoi-les-consommateurs-ont-ils-du-mal-a-faire-des-choix-alimentaires-plus-sains\/","title":{"rendered":"Pourquoi les consommateurs ont du mal \u00e0 faire des choix alimentaires plus sains"},"content":{"rendered":"\n<p>Les consommateurs europ\u00e9ens souhaitent manger plus sainement, mais ne parviennent souvent pas \u00e0 changer leurs anciennes habitudes alimentaires, notamment en raison de facteurs financiers. Une nouvelle \u00e9tude pr\u00e9conise des mesures fiscales et structurelles.<\/p>\n\n\n\n<h2 class=\"wp-block-heading\">Diff\u00e9rences g\u00e9n\u00e9rationnelles<\/h2>\n\n\n\n<p>Les Europ\u00e9ens privil\u00e9gient la sant\u00e9 et l&rsquo;accessibilit\u00e9 financi\u00e8re plut\u00f4t que la durabilit\u00e9 dans leurs choix alimentaires. Une nouvelle \u00e9tude men\u00e9e par EIT Food aupr\u00e8s de 19 954 consommateurs dans 18 pays europ\u00e9ens montre que l&rsquo;int\u00e9r\u00eat pour l&rsquo;alimentation durable diminue progressivement, passant de 76 % en 2021 \u00e0 69 % en 2025. Aujourd&rsquo;hui, la durabilit\u00e9 arrive derri\u00e8re la sant\u00e9 et l&rsquo;accessibilit\u00e9 financi\u00e8re en tant que facteur influen\u00e7ant les choix alimentaires.<\/p>\n\n\n\n<p>Dans la pratique, moins de la moiti\u00e9 des Europ\u00e9ens (48 %) estiment avoir une alimentation durable, et leur engagement en faveur de comportements durables, tels que la r\u00e9duction de la consommation de produits d&rsquo;origine animale, a diminu\u00e9. On observe toutefois des diff\u00e9rences g\u00e9n\u00e9rationnelles : les jeunes consommateurs sont plus ouverts \u00e0 l&rsquo;innovation alimentaire durable et \u00e0 l&rsquo;agriculture r\u00e9g\u00e9n\u00e9rative, et sont plus enclins \u00e0 acheter des produits biologiques ou \u00e9thiques.<\/p>\n\n\n\n<h2 class=\"wp-block-heading\">Pressions structurelles et financi\u00e8res<\/h2>\n\n\n\n<p>La sant\u00e9 est le principal moteur des changements alimentaires : 51 % des Europ\u00e9ens souhaitent manger plus sainement, mais affirment que le manque d&rsquo;accessibilit\u00e9 financi\u00e8re et la difficult\u00e9 \u00e0 rompre avec leurs anciennes habitudes les emp\u00eachent de changer leur mode de vie. Les Europ\u00e9ens reconnaissent par exemple les effets n\u00e9gatifs sur la sant\u00e9 des aliments sal\u00e9s, gras, riches en sucre ou transform\u00e9s, mais seul un tiers environ des consommateurs les \u00e9vite. De plus, ils ne consomment pas suffisamment d&rsquo;aliments sains tels que les fruits, les l\u00e9gumes et les fibres.<\/p>\n\n\n\n<p>Les gens indiquent qu&rsquo;ils ont du mal \u00e0 faire des choix plus sains et \u00e0 rompre avec leurs habitudes bien ancr\u00e9es, m\u00eame lorsqu&rsquo;ils sont motiv\u00e9s. Les d\u00e9fis sont particuli\u00e8rement importants pour les jeunes consommateurs, qui ont le sentiment d&rsquo;avoir peu de contr\u00f4le sur le changement de leurs habitudes alimentaires. Les donn\u00e9es sugg\u00e8rent que les changements dans les habitudes alimentaires sont moins limit\u00e9s par la prise de conscience que par les contraintes structurelles et financi\u00e8res.<\/p>\n\n\n\n<h2 class=\"wp-block-heading\">Des mesures s&rsquo;imposent<\/h2>\n\n\n\n<p>\u00ab Cette \u00e9tude montre que les Europ\u00e9ens comprennent largement ce que signifie une alimentation plus saine et plus durable, mais que les intentions ne suffisent pas. La sant\u00e9 est le principal facteur d\u00e9terminant dans les choix alimentaires, mais l&rsquo;accessibilit\u00e9 financi\u00e8re et les habitudes bien ancr\u00e9es continuent d&rsquo;influencer ce que les gens mangent r\u00e9ellement \u00bb, explique Klaus G. Grunert, professeur de marketing \u00e0 l&rsquo;universit\u00e9 d&rsquo;Aarhus et directeur de l&rsquo;EIT Food Consumer Observatory.<\/p>\n\n\n\n<p>Il est donc n\u00e9cessaire de proposer des produits sains plus accessibles et plus faciles \u00e0 consommer. Les d\u00e9cideurs politiques doivent \u00eatre encourag\u00e9s \u00e0 soutenir l&rsquo;accessibilit\u00e9 financi\u00e8re des options saines par des mesures fiscales et structurelles. Sans tenir compte de l&rsquo;accessibilit\u00e9 financi\u00e8re et des contraintes li\u00e9es aux habitudes, il est peu probable que la motivation des consommateurs \u00e0 elle seule entra\u00eene un changement \u00e0 grande \u00e9chelle des habitudes alimentaires, conclut l&rsquo;\u00e9tude. \u00ab Les solutions doivent tenir compte des contraintes r\u00e9elles des gens, et pas seulement de leurs ambitions \u00bb, ajoute M. Grunert.<\/p>\n","protected":false},"excerpt":{"rendered":"<p>Les consommateurs europ\u00e9ens souhaitent manger plus sainement, mais ne parviennent souvent pas \u00e0 changer leurs anciennes habitudes alimentaires, notamment en raison de facteurs financiers. Une nouvelle \u00e9tude pr\u00e9conise des mesures fiscales et structurelles.<\/p>\n","protected":false},"author":3,"featured_media":143685,"comment_status":"closed","ping_status":"closed","sticky":false,"template":"","format":"standard","meta":{"_acf_changed":false,"inline_featured_image":false,"_jetpack_memberships_contains_paid_content":false,"footnotes":""},"categories":[18,24],"tags":[1773],"people":[],"extra":[43],"company":[],"topic":[373],"region":[243],"class_list":{"0":"post-143684","1":"post","2":"type-post","3":"status-publish","4":"format-standard","5":"has-post-thumbnail","6":"hentry","7":"category-food","9":"tag-sante","10":"extra-plus","11":"topic-durabilite","12":"region-europe"},"acf":[],"yoast_head":"<!-- This site is optimized with the Yoast SEO plugin v27.3 - https:\/\/yoast.com\/product\/yoast-seo-wordpress\/ -->\n<title>Pourquoi les consommateurs ont du mal \u00e0 faire des choix alimentaires plus sains - RetailDetail BE<\/title>\n<meta name=\"description\" content=\"Les consommateurs europ\u00e9ens souhaitent manger plus sainement, mais ne parviennent souvent pas \u00e0 changer leurs anciennes habitudes alimentaires.\" \/>\n<meta name=\"robots\" content=\"index, follow, max-snippet:-1, max-image-preview:large, max-video-preview:-1\" \/>\n<link rel=\"canonical\" href=\"https:\/\/www.retaildetail.be\/fr\/news\/food\/pourquoi-les-consommateurs-ont-ils-du-mal-a-faire-des-choix-alimentaires-plus-sains\/\" \/>\n<meta property=\"og:locale\" content=\"fr_FR\" \/>\n<meta property=\"og:type\" content=\"article\" \/>\n<meta property=\"og:title\" content=\"Pourquoi les consommateurs ont du mal \u00e0 faire des choix alimentaires plus sains - RetailDetail BE\" \/>\n<meta property=\"og:description\" content=\"Les consommateurs europ\u00e9ens souhaitent manger plus sainement, mais ne parviennent souvent pas \u00e0 changer leurs anciennes habitudes alimentaires.\" \/>\n<meta property=\"og:url\" content=\"https:\/\/www.retaildetail.be\/fr\/news\/food\/pourquoi-les-consommateurs-ont-ils-du-mal-a-faire-des-choix-alimentaires-plus-sains\/\" \/>\n<meta property=\"og:site_name\" content=\"RetailDetail BE\" \/>\n<meta property=\"article:published_time\" content=\"2026-03-10T10:02:04+00:00\" \/>\n<meta property=\"article:modified_time\" content=\"2026-03-10T10:02:05+00:00\" \/>\n<meta property=\"og:image\" content=\"https:\/\/www.retaildetail.be\/wp-content\/uploads\/2026\/03\/Supermarkt-voeding-shutterstock_618593390.jpg\" \/>\n\t<meta property=\"og:image:width\" content=\"1000\" \/>\n\t<meta property=\"og:image:height\" content=\"667\" \/>\n\t<meta property=\"og:image:type\" content=\"image\/jpeg\" \/>\n<meta name=\"author\" content=\"Stefan Van Rompaey\" \/>\n<meta name=\"twitter:card\" content=\"summary_large_image\" \/>\n<meta name=\"twitter:label1\" content=\"\u00c9crit par\" \/>\n\t<meta name=\"twitter:data1\" content=\"Stefan Van Rompaey\" \/>\n\t<meta name=\"twitter:label2\" content=\"Dur\u00e9e de lecture estim\u00e9e\" \/>\n\t<meta name=\"twitter:data2\" content=\"3 minutes\" \/>\n<script type=\"application\/ld+json\" class=\"yoast-schema-graph\">{\"@context\":\"https:\\\/\\\/schema.org\",\"@graph\":[{\"@type\":\"NewsArticle\",\"@id\":\"https:\\\/\\\/www.retaildetail.be\\\/fr\\\/news\\\/food\\\/pourquoi-les-consommateurs-ont-ils-du-mal-a-faire-des-choix-alimentaires-plus-sains\\\/#article\",\"isPartOf\":{\"@id\":\"https:\\\/\\\/www.retaildetail.be\\\/fr\\\/news\\\/food\\\/pourquoi-les-consommateurs-ont-ils-du-mal-a-faire-des-choix-alimentaires-plus-sains\\\/\"},\"author\":{\"name\":\"Stefan Van Rompaey\",\"@id\":\"https:\\\/\\\/www.retaildetail.be\\\/nl\\\/#\\\/schema\\\/person\\\/51aec6069c4416aa2f68b2e4ff3455df\"},\"headline\":\"Pourquoi les consommateurs ont du mal \u00e0 faire des choix alimentaires plus sains\",\"datePublished\":\"2026-03-10T10:02:04+00:00\",\"dateModified\":\"2026-03-10T10:02:05+00:00\",\"mainEntityOfPage\":{\"@id\":\"https:\\\/\\\/www.retaildetail.be\\\/fr\\\/news\\\/food\\\/pourquoi-les-consommateurs-ont-ils-du-mal-a-faire-des-choix-alimentaires-plus-sains\\\/\"},\"wordCount\":564,\"publisher\":{\"@id\":\"https:\\\/\\\/www.retaildetail.be\\\/nl\\\/#organization\"},\"image\":{\"@id\":\"https:\\\/\\\/www.retaildetail.be\\\/fr\\\/news\\\/food\\\/pourquoi-les-consommateurs-ont-ils-du-mal-a-faire-des-choix-alimentaires-plus-sains\\\/#primaryimage\"},\"thumbnailUrl\":\"https:\\\/\\\/www.retaildetail.be\\\/wp-content\\\/uploads\\\/2026\\\/03\\\/Supermarkt-voeding-shutterstock_618593390.jpg\",\"keywords\":[\"sant\u00e9\"],\"articleSection\":[\"Food\",\"Food\"],\"inLanguage\":\"fr-FR\",\"copyrightYear\":\"2026\",\"copyrightHolder\":{\"@id\":\"https:\\\/\\\/www.retaildetail.be\\\/#organization\"}},{\"@type\":\"WebPage\",\"@id\":\"https:\\\/\\\/www.retaildetail.be\\\/fr\\\/news\\\/food\\\/pourquoi-les-consommateurs-ont-ils-du-mal-a-faire-des-choix-alimentaires-plus-sains\\\/\",\"url\":\"https:\\\/\\\/www.retaildetail.be\\\/fr\\\/news\\\/food\\\/pourquoi-les-consommateurs-ont-ils-du-mal-a-faire-des-choix-alimentaires-plus-sains\\\/\",\"name\":\"Pourquoi les consommateurs ont du mal \u00e0 faire des choix alimentaires plus sains - RetailDetail BE\",\"isPartOf\":{\"@id\":\"https:\\\/\\\/www.retaildetail.be\\\/nl\\\/#website\"},\"primaryImageOfPage\":{\"@id\":\"https:\\\/\\\/www.retaildetail.be\\\/fr\\\/news\\\/food\\\/pourquoi-les-consommateurs-ont-ils-du-mal-a-faire-des-choix-alimentaires-plus-sains\\\/#primaryimage\"},\"image\":{\"@id\":\"https:\\\/\\\/www.retaildetail.be\\\/fr\\\/news\\\/food\\\/pourquoi-les-consommateurs-ont-ils-du-mal-a-faire-des-choix-alimentaires-plus-sains\\\/#primaryimage\"},\"thumbnailUrl\":\"https:\\\/\\\/www.retaildetail.be\\\/wp-content\\\/uploads\\\/2026\\\/03\\\/Supermarkt-voeding-shutterstock_618593390.jpg\",\"datePublished\":\"2026-03-10T10:02:04+00:00\",\"dateModified\":\"2026-03-10T10:02:05+00:00\",\"description\":\"Les consommateurs europ\u00e9ens souhaitent manger plus sainement, mais ne parviennent souvent pas \u00e0 changer leurs anciennes habitudes alimentaires.\",\"breadcrumb\":{\"@id\":\"https:\\\/\\\/www.retaildetail.be\\\/fr\\\/news\\\/food\\\/pourquoi-les-consommateurs-ont-ils-du-mal-a-faire-des-choix-alimentaires-plus-sains\\\/#breadcrumb\"},\"inLanguage\":\"fr-FR\",\"potentialAction\":[{\"@type\":\"ReadAction\",\"target\":[\"https:\\\/\\\/www.retaildetail.be\\\/fr\\\/news\\\/food\\\/pourquoi-les-consommateurs-ont-ils-du-mal-a-faire-des-choix-alimentaires-plus-sains\\\/\"]}]},{\"@type\":\"ImageObject\",\"inLanguage\":\"fr-FR\",\"@id\":\"https:\\\/\\\/www.retaildetail.be\\\/fr\\\/news\\\/food\\\/pourquoi-les-consommateurs-ont-ils-du-mal-a-faire-des-choix-alimentaires-plus-sains\\\/#primaryimage\",\"url\":\"https:\\\/\\\/www.retaildetail.be\\\/wp-content\\\/uploads\\\/2026\\\/03\\\/Supermarkt-voeding-shutterstock_618593390.jpg\",\"contentUrl\":\"https:\\\/\\\/www.retaildetail.be\\\/wp-content\\\/uploads\\\/2026\\\/03\\\/Supermarkt-voeding-shutterstock_618593390.jpg\",\"width\":1000,\"height\":667,\"caption\":\"Shutterstock.com\"},{\"@type\":\"BreadcrumbList\",\"@id\":\"https:\\\/\\\/www.retaildetail.be\\\/fr\\\/news\\\/food\\\/pourquoi-les-consommateurs-ont-ils-du-mal-a-faire-des-choix-alimentaires-plus-sains\\\/#breadcrumb\",\"itemListElement\":[{\"@type\":\"ListItem\",\"position\":1,\"name\":\"Home\",\"item\":\"https:\\\/\\\/www.retaildetail.be\\\/fr\\\/\"},{\"@type\":\"ListItem\",\"position\":2,\"name\":\"Pourquoi les consommateurs ont du mal \u00e0 faire des choix alimentaires plus sains\"}]},{\"@type\":\"WebSite\",\"@id\":\"https:\\\/\\\/www.retaildetail.be\\\/nl\\\/#website\",\"url\":\"https:\\\/\\\/www.retaildetail.be\\\/nl\\\/\",\"name\":\"RetailDetail BE\",\"description\":\"News\",\"publisher\":{\"@id\":\"https:\\\/\\\/www.retaildetail.be\\\/nl\\\/#organization\"},\"potentialAction\":[{\"@type\":\"SearchAction\",\"target\":{\"@type\":\"EntryPoint\",\"urlTemplate\":\"https:\\\/\\\/www.retaildetail.be\\\/nl\\\/?s={search_term_string}\"},\"query-input\":{\"@type\":\"PropertyValueSpecification\",\"valueRequired\":true,\"valueName\":\"search_term_string\"}}],\"inLanguage\":\"fr-FR\"},{\"@type\":\"Organization\",\"@id\":\"https:\\\/\\\/www.retaildetail.be\\\/nl\\\/#organization\",\"name\":\"RetailDetail BE\",\"url\":\"https:\\\/\\\/www.retaildetail.be\\\/nl\\\/\",\"logo\":{\"@type\":\"ImageObject\",\"inLanguage\":\"fr-FR\",\"@id\":\"https:\\\/\\\/www.retaildetail.be\\\/nl\\\/#\\\/schema\\\/logo\\\/image\\\/\",\"url\":\"https:\\\/\\\/www.retaildetail.be\\\/wp-content\\\/uploads\\\/2022\\\/04\\\/logo.svg\",\"contentUrl\":\"https:\\\/\\\/www.retaildetail.be\\\/wp-content\\\/uploads\\\/2022\\\/04\\\/logo.svg\",\"width\":131,\"height\":70,\"caption\":\"RetailDetail BE\"},\"image\":{\"@id\":\"https:\\\/\\\/www.retaildetail.be\\\/nl\\\/#\\\/schema\\\/logo\\\/image\\\/\"}},{\"@type\":\"Person\",\"@id\":\"https:\\\/\\\/www.retaildetail.be\\\/nl\\\/#\\\/schema\\\/person\\\/51aec6069c4416aa2f68b2e4ff3455df\",\"name\":\"Stefan Van Rompaey\",\"image\":{\"@type\":\"ImageObject\",\"inLanguage\":\"fr-FR\",\"@id\":\"https:\\\/\\\/secure.gravatar.com\\\/avatar\\\/fbbb4a80a0f109888b2a5ab8ae255617499ecde533749b3ab2fa6c23b5d65dac?s=96&d=mm&r=g\",\"url\":\"https:\\\/\\\/secure.gravatar.com\\\/avatar\\\/fbbb4a80a0f109888b2a5ab8ae255617499ecde533749b3ab2fa6c23b5d65dac?s=96&d=mm&r=g\",\"contentUrl\":\"https:\\\/\\\/secure.gravatar.com\\\/avatar\\\/fbbb4a80a0f109888b2a5ab8ae255617499ecde533749b3ab2fa6c23b5d65dac?s=96&d=mm&r=g\",\"caption\":\"Stefan Van Rompaey\"},\"url\":\"https:\\\/\\\/www.retaildetail.be\\\/fr\\\/author\\\/stefanvanrompaey\\\/\"}]}<\/script>\n<!-- \/ Yoast SEO plugin. -->","yoast_head_json":{"title":"Pourquoi les consommateurs ont du mal \u00e0 faire des choix alimentaires plus sains - RetailDetail BE","description":"Les consommateurs europ\u00e9ens souhaitent manger plus sainement, mais ne parviennent souvent pas \u00e0 changer leurs anciennes habitudes alimentaires.","robots":{"index":"index","follow":"follow","max-snippet":"max-snippet:-1","max-image-preview":"max-image-preview:large","max-video-preview":"max-video-preview:-1"},"canonical":"https:\/\/www.retaildetail.be\/fr\/news\/food\/pourquoi-les-consommateurs-ont-ils-du-mal-a-faire-des-choix-alimentaires-plus-sains\/","og_locale":"fr_FR","og_type":"article","og_title":"Pourquoi les consommateurs ont du mal \u00e0 faire des choix alimentaires plus sains - RetailDetail BE","og_description":"Les consommateurs europ\u00e9ens souhaitent manger plus sainement, mais ne parviennent souvent pas \u00e0 changer leurs anciennes habitudes alimentaires.","og_url":"https:\/\/www.retaildetail.be\/fr\/news\/food\/pourquoi-les-consommateurs-ont-ils-du-mal-a-faire-des-choix-alimentaires-plus-sains\/","og_site_name":"RetailDetail BE","article_published_time":"2026-03-10T10:02:04+00:00","article_modified_time":"2026-03-10T10:02:05+00:00","og_image":[{"width":1000,"height":667,"url":"https:\/\/www.retaildetail.be\/wp-content\/uploads\/2026\/03\/Supermarkt-voeding-shutterstock_618593390.jpg","type":"image\/jpeg"}],"author":"Stefan Van Rompaey","twitter_card":"summary_large_image","twitter_misc":{"\u00c9crit par":"Stefan Van Rompaey","Dur\u00e9e de lecture estim\u00e9e":"3 minutes"},"schema":{"@context":"https:\/\/schema.org","@graph":[{"@type":"NewsArticle","@id":"https:\/\/www.retaildetail.be\/fr\/news\/food\/pourquoi-les-consommateurs-ont-ils-du-mal-a-faire-des-choix-alimentaires-plus-sains\/#article","isPartOf":{"@id":"https:\/\/www.retaildetail.be\/fr\/news\/food\/pourquoi-les-consommateurs-ont-ils-du-mal-a-faire-des-choix-alimentaires-plus-sains\/"},"author":{"name":"Stefan Van Rompaey","@id":"https:\/\/www.retaildetail.be\/nl\/#\/schema\/person\/51aec6069c4416aa2f68b2e4ff3455df"},"headline":"Pourquoi les consommateurs ont du mal \u00e0 faire des choix alimentaires plus sains","datePublished":"2026-03-10T10:02:04+00:00","dateModified":"2026-03-10T10:02:05+00:00","mainEntityOfPage":{"@id":"https:\/\/www.retaildetail.be\/fr\/news\/food\/pourquoi-les-consommateurs-ont-ils-du-mal-a-faire-des-choix-alimentaires-plus-sains\/"},"wordCount":564,"publisher":{"@id":"https:\/\/www.retaildetail.be\/nl\/#organization"},"image":{"@id":"https:\/\/www.retaildetail.be\/fr\/news\/food\/pourquoi-les-consommateurs-ont-ils-du-mal-a-faire-des-choix-alimentaires-plus-sains\/#primaryimage"},"thumbnailUrl":"https:\/\/www.retaildetail.be\/wp-content\/uploads\/2026\/03\/Supermarkt-voeding-shutterstock_618593390.jpg","keywords":["sant\u00e9"],"articleSection":["Food","Food"],"inLanguage":"fr-FR","copyrightYear":"2026","copyrightHolder":{"@id":"https:\/\/www.retaildetail.be\/#organization"}},{"@type":"WebPage","@id":"https:\/\/www.retaildetail.be\/fr\/news\/food\/pourquoi-les-consommateurs-ont-ils-du-mal-a-faire-des-choix-alimentaires-plus-sains\/","url":"https:\/\/www.retaildetail.be\/fr\/news\/food\/pourquoi-les-consommateurs-ont-ils-du-mal-a-faire-des-choix-alimentaires-plus-sains\/","name":"Pourquoi les consommateurs ont du mal \u00e0 faire des choix alimentaires plus sains - RetailDetail BE","isPartOf":{"@id":"https:\/\/www.retaildetail.be\/nl\/#website"},"primaryImageOfPage":{"@id":"https:\/\/www.retaildetail.be\/fr\/news\/food\/pourquoi-les-consommateurs-ont-ils-du-mal-a-faire-des-choix-alimentaires-plus-sains\/#primaryimage"},"image":{"@id":"https:\/\/www.retaildetail.be\/fr\/news\/food\/pourquoi-les-consommateurs-ont-ils-du-mal-a-faire-des-choix-alimentaires-plus-sains\/#primaryimage"},"thumbnailUrl":"https:\/\/www.retaildetail.be\/wp-content\/uploads\/2026\/03\/Supermarkt-voeding-shutterstock_618593390.jpg","datePublished":"2026-03-10T10:02:04+00:00","dateModified":"2026-03-10T10:02:05+00:00","description":"Les consommateurs europ\u00e9ens souhaitent manger plus sainement, mais ne parviennent souvent pas \u00e0 changer leurs anciennes habitudes alimentaires.","breadcrumb":{"@id":"https:\/\/www.retaildetail.be\/fr\/news\/food\/pourquoi-les-consommateurs-ont-ils-du-mal-a-faire-des-choix-alimentaires-plus-sains\/#breadcrumb"},"inLanguage":"fr-FR","potentialAction":[{"@type":"ReadAction","target":["https:\/\/www.retaildetail.be\/fr\/news\/food\/pourquoi-les-consommateurs-ont-ils-du-mal-a-faire-des-choix-alimentaires-plus-sains\/"]}]},{"@type":"ImageObject","inLanguage":"fr-FR","@id":"https:\/\/www.retaildetail.be\/fr\/news\/food\/pourquoi-les-consommateurs-ont-ils-du-mal-a-faire-des-choix-alimentaires-plus-sains\/#primaryimage","url":"https:\/\/www.retaildetail.be\/wp-content\/uploads\/2026\/03\/Supermarkt-voeding-shutterstock_618593390.jpg","contentUrl":"https:\/\/www.retaildetail.be\/wp-content\/uploads\/2026\/03\/Supermarkt-voeding-shutterstock_618593390.jpg","width":1000,"height":667,"caption":"Shutterstock.com"},{"@type":"BreadcrumbList","@id":"https:\/\/www.retaildetail.be\/fr\/news\/food\/pourquoi-les-consommateurs-ont-ils-du-mal-a-faire-des-choix-alimentaires-plus-sains\/#breadcrumb","itemListElement":[{"@type":"ListItem","position":1,"name":"Home","item":"https:\/\/www.retaildetail.be\/fr\/"},{"@type":"ListItem","position":2,"name":"Pourquoi les consommateurs ont du mal \u00e0 faire des choix alimentaires plus sains"}]},{"@type":"WebSite","@id":"https:\/\/www.retaildetail.be\/nl\/#website","url":"https:\/\/www.retaildetail.be\/nl\/","name":"RetailDetail BE","description":"News","publisher":{"@id":"https:\/\/www.retaildetail.be\/nl\/#organization"},"potentialAction":[{"@type":"SearchAction","target":{"@type":"EntryPoint","urlTemplate":"https:\/\/www.retaildetail.be\/nl\/?s={search_term_string}"},"query-input":{"@type":"PropertyValueSpecification","valueRequired":true,"valueName":"search_term_string"}}],"inLanguage":"fr-FR"},{"@type":"Organization","@id":"https:\/\/www.retaildetail.be\/nl\/#organization","name":"RetailDetail BE","url":"https:\/\/www.retaildetail.be\/nl\/","logo":{"@type":"ImageObject","inLanguage":"fr-FR","@id":"https:\/\/www.retaildetail.be\/nl\/#\/schema\/logo\/image\/","url":"https:\/\/www.retaildetail.be\/wp-content\/uploads\/2022\/04\/logo.svg","contentUrl":"https:\/\/www.retaildetail.be\/wp-content\/uploads\/2022\/04\/logo.svg","width":131,"height":70,"caption":"RetailDetail BE"},"image":{"@id":"https:\/\/www.retaildetail.be\/nl\/#\/schema\/logo\/image\/"}},{"@type":"Person","@id":"https:\/\/www.retaildetail.be\/nl\/#\/schema\/person\/51aec6069c4416aa2f68b2e4ff3455df","name":"Stefan Van Rompaey","image":{"@type":"ImageObject","inLanguage":"fr-FR","@id":"https:\/\/secure.gravatar.com\/avatar\/fbbb4a80a0f109888b2a5ab8ae255617499ecde533749b3ab2fa6c23b5d65dac?s=96&d=mm&r=g","url":"https:\/\/secure.gravatar.com\/avatar\/fbbb4a80a0f109888b2a5ab8ae255617499ecde533749b3ab2fa6c23b5d65dac?s=96&d=mm&r=g","contentUrl":"https:\/\/secure.gravatar.com\/avatar\/fbbb4a80a0f109888b2a5ab8ae255617499ecde533749b3ab2fa6c23b5d65dac?s=96&d=mm&r=g","caption":"Stefan Van Rompaey"},"url":"https:\/\/www.retaildetail.be\/fr\/author\/stefanvanrompaey\/"}]}},"jetpack_featured_media_url":"https:\/\/www.retaildetail.be\/wp-content\/uploads\/2026\/03\/Supermarkt-voeding-shutterstock_618593390.jpg","jetpack_sharing_enabled":true,"_links":{"self":[{"href":"https:\/\/www.retaildetail.be\/fr\/wp-json\/wp\/v2\/posts\/143684","targetHints":{"allow":["GET"]}}],"collection":[{"href":"https:\/\/www.retaildetail.be\/fr\/wp-json\/wp\/v2\/posts"}],"about":[{"href":"https:\/\/www.retaildetail.be\/fr\/wp-json\/wp\/v2\/types\/post"}],"author":[{"embeddable":true,"href":"https:\/\/www.retaildetail.be\/fr\/wp-json\/wp\/v2\/users\/3"}],"replies":[{"embeddable":true,"href":"https:\/\/www.retaildetail.be\/fr\/wp-json\/wp\/v2\/comments?post=143684"}],"version-history":[{"count":1,"href":"https:\/\/www.retaildetail.be\/fr\/wp-json\/wp\/v2\/posts\/143684\/revisions"}],"predecessor-version":[{"id":143686,"href":"https:\/\/www.retaildetail.be\/fr\/wp-json\/wp\/v2\/posts\/143684\/revisions\/143686"}],"wp:featuredmedia":[{"embeddable":true,"href":"https:\/\/www.retaildetail.be\/fr\/wp-json\/wp\/v2\/media\/143685"}],"wp:attachment":[{"href":"https:\/\/www.retaildetail.be\/fr\/wp-json\/wp\/v2\/media?parent=143684"}],"wp:term":[{"taxonomy":"category","embeddable":true,"href":"https:\/\/www.retaildetail.be\/fr\/wp-json\/wp\/v2\/categories?post=143684"},{"taxonomy":"post_tag","embeddable":true,"href":"https:\/\/www.retaildetail.be\/fr\/wp-json\/wp\/v2\/tags?post=143684"},{"taxonomy":"people","embeddable":true,"href":"https:\/\/www.retaildetail.be\/fr\/wp-json\/wp\/v2\/people?post=143684"},{"taxonomy":"extra","embeddable":true,"href":"https:\/\/www.retaildetail.be\/fr\/wp-json\/wp\/v2\/extra?post=143684"},{"taxonomy":"company","embeddable":true,"href":"https:\/\/www.retaildetail.be\/fr\/wp-json\/wp\/v2\/company?post=143684"},{"taxonomy":"topic","embeddable":true,"href":"https:\/\/www.retaildetail.be\/fr\/wp-json\/wp\/v2\/topic?post=143684"},{"taxonomy":"region","embeddable":true,"href":"https:\/\/www.retaildetail.be\/fr\/wp-json\/wp\/v2\/region?post=143684"}],"curies":[{"name":"wp","href":"https:\/\/api.w.org\/{rel}","templated":true}]}}