{"id":143689,"date":"2026-03-10T11:29:42","date_gmt":"2026-03-10T10:29:42","guid":{"rendered":"https:\/\/www.retaildetail.be\/?p=143689"},"modified":"2026-03-13T16:50:14","modified_gmt":"2026-03-13T15:50:14","slug":"lancien-pdg-tom-heidman-devient-membre-du-conseil-de-surveillance-de-jumbo","status":"publish","type":"post","link":"https:\/\/www.retaildetail.be\/fr\/news\/food\/lancien-pdg-tom-heidman-devient-membre-du-conseil-de-surveillance-de-jumbo\/","title":{"rendered":"L&rsquo;ancien CEO Tom Heidman devient membre du conseil de surveillance de Jumbo"},"content":{"rendered":"\n<p>Tom Heidman, qui \u00e9tait CEO par int\u00e9rim chez <strong>Jumbo<\/strong> l&rsquo;ann\u00e9e derni\u00e8re, rejoint le conseil de surveillance du d\u00e9taillant n\u00e9erlandais. Il remplace Piet Coelewij, dont le mandat expire le 28 mars 2026.<\/p>\n\n\n\n<h2 class=\"wp-block-heading\">Une vaste exp\u00e9rience<\/h2>\n\n\n\n<p>Piet Coelewij \u00e9tait membre du conseil de surveillance de Jumbo depuis le 1er avril 2018. En tant que membre du conseil de surveillance, il a \u00e9t\u00e9 \u00e9troitement impliqu\u00e9 dans le d\u00e9veloppement du commerce \u00e9lectronique et de la plateforme publicitaire Jumbo Retail Media. Il est d\u00e9sormais remplac\u00e9 par Tom Heidman, qui peut s&rsquo;appuyer sur une vaste exp\u00e9rience dans le domaine de la vente au d\u00e9tail et de la gestion et qui a \u00e9t\u00e9 PDG par int\u00e9rim de Jumbo Supermarkten en 2025. Au cours de cette p\u00e9riode, il s&rsquo;est fortement impliqu\u00e9 dans l&rsquo;organisation, a fait la connaissance de l&rsquo;actuel CEO Jesper H\u00f8jer et a entretenu des contacts \u00e9troits avec les entrepreneurs de Jumbo.<\/p>\n\n\n\n<p>\u00ab Fort de sa vaste exp\u00e9rience dans le commerce de d\u00e9tail et de sa passion pour les produits et la qualit\u00e9, Tom va renforcer le conseil de surveillance en apportant sa contribution sur les questions strat\u00e9giques et commerciales. Une contribution importante pour la phase dans laquelle se trouve actuellement Jumbo \u00bb, d\u00e9clare Colette Cloosterman-van Eerd.<\/p>\n\n\n\n<p>\u00c0 compter du 1er avril 2026, le conseil de surveillance de Jumbo sera compos\u00e9 de Colette Cloosterman-van Eerd (pr\u00e9sidente), Tom Heidman (vice-pr\u00e9sident), Jacqueline Hoogerbrugge et Edwin Bouwman.<\/p>\n","protected":false},"excerpt":{"rendered":"<p>Tom Heidman, qui \u00e9tait PDG par int\u00e9rim chez Jumbo l&rsquo;ann\u00e9e derni\u00e8re, rejoint le conseil de surveillance du d\u00e9taillant n\u00e9erlandais. Il remplace Piet Coelewij, dont le mandat expire le 28 mars 2026.<\/p>\n","protected":false},"author":3,"featured_media":143690,"comment_status":"closed","ping_status":"closed","sticky":false,"template":"","format":"standard","meta":{"_acf_changed":false,"inline_featured_image":false,"_jetpack_memberships_contains_paid_content":false,"footnotes":""},"categories":[18,24],"tags":[],"people":[],"extra":[],"company":[217],"topic":[609],"region":[524],"class_list":{"0":"post-143689","1":"post","2":"type-post","3":"status-publish","4":"format-standard","5":"has-post-thumbnail","6":"hentry","7":"category-food","9":"company-jumbo","10":"topic-changement-de-direction","11":"region-pays-bas"},"acf":[],"yoast_head":"<!-- This site is optimized with the Yoast SEO plugin v27.3 - https:\/\/yoast.com\/product\/yoast-seo-wordpress\/ -->\n<title>L&#039;ancien CEO Tom Heidman devient membre du conseil de surveillance de Jumbo - RetailDetail BE<\/title>\n<meta name=\"description\" content=\"Tom Heidman, qui \u00e9tait CEO par int\u00e9rim chez Jumbo l&#039;ann\u00e9e derni\u00e8re, rejoint le conseil de surveillance du d\u00e9taillant n\u00e9erlandais.\" \/>\n<meta name=\"robots\" content=\"index, follow, max-snippet:-1, max-image-preview:large, max-video-preview:-1\" \/>\n<link rel=\"canonical\" href=\"https:\/\/www.retaildetail.be\/fr\/news\/food\/lancien-pdg-tom-heidman-devient-membre-du-conseil-de-surveillance-de-jumbo\/\" \/>\n<meta property=\"og:locale\" content=\"fr_FR\" \/>\n<meta property=\"og:type\" content=\"article\" \/>\n<meta property=\"og:title\" content=\"L&#039;ancien CEO Tom Heidman devient membre du conseil de surveillance de Jumbo - RetailDetail BE\" \/>\n<meta property=\"og:description\" content=\"Tom Heidman, qui \u00e9tait CEO par int\u00e9rim chez Jumbo l&#039;ann\u00e9e derni\u00e8re, rejoint le conseil de surveillance du d\u00e9taillant n\u00e9erlandais.\" \/>\n<meta property=\"og:url\" content=\"https:\/\/www.retaildetail.be\/fr\/news\/food\/lancien-pdg-tom-heidman-devient-membre-du-conseil-de-surveillance-de-jumbo\/\" \/>\n<meta property=\"og:site_name\" content=\"RetailDetail BE\" \/>\n<meta property=\"article:published_time\" content=\"2026-03-10T10:29:42+00:00\" \/>\n<meta property=\"article:modified_time\" content=\"2026-03-13T15:50:14+00:00\" \/>\n<meta property=\"og:image\" content=\"https:\/\/www.retaildetail.be\/wp-content\/uploads\/2026\/03\/Tom-Heidman.jpg\" \/>\n\t<meta property=\"og:image:width\" content=\"1312\" \/>\n\t<meta property=\"og:image:height\" content=\"892\" \/>\n\t<meta property=\"og:image:type\" content=\"image\/jpeg\" \/>\n<meta name=\"author\" content=\"Stefan Van Rompaey\" \/>\n<meta name=\"twitter:card\" content=\"summary_large_image\" \/>\n<meta name=\"twitter:label1\" content=\"\u00c9crit par\" \/>\n\t<meta name=\"twitter:data1\" content=\"Stefan Van Rompaey\" \/>\n\t<meta name=\"twitter:label2\" content=\"Dur\u00e9e de lecture estim\u00e9e\" \/>\n\t<meta name=\"twitter:data2\" content=\"1 minute\" \/>\n<script type=\"application\/ld+json\" class=\"yoast-schema-graph\">{\"@context\":\"https:\\\/\\\/schema.org\",\"@graph\":[{\"@type\":\"NewsArticle\",\"@id\":\"https:\\\/\\\/www.retaildetail.be\\\/fr\\\/news\\\/food\\\/lancien-pdg-tom-heidman-devient-membre-du-conseil-de-surveillance-de-jumbo\\\/#article\",\"isPartOf\":{\"@id\":\"https:\\\/\\\/www.retaildetail.be\\\/fr\\\/news\\\/food\\\/lancien-pdg-tom-heidman-devient-membre-du-conseil-de-surveillance-de-jumbo\\\/\"},\"author\":{\"name\":\"Stefan Van Rompaey\",\"@id\":\"https:\\\/\\\/www.retaildetail.be\\\/nl\\\/#\\\/schema\\\/person\\\/51aec6069c4416aa2f68b2e4ff3455df\"},\"headline\":\"L&rsquo;ancien CEO Tom Heidman devient membre du conseil de surveillance de Jumbo\",\"datePublished\":\"2026-03-10T10:29:42+00:00\",\"dateModified\":\"2026-03-13T15:50:14+00:00\",\"mainEntityOfPage\":{\"@id\":\"https:\\\/\\\/www.retaildetail.be\\\/fr\\\/news\\\/food\\\/lancien-pdg-tom-heidman-devient-membre-du-conseil-de-surveillance-de-jumbo\\\/\"},\"wordCount\":256,\"publisher\":{\"@id\":\"https:\\\/\\\/www.retaildetail.be\\\/nl\\\/#organization\"},\"image\":{\"@id\":\"https:\\\/\\\/www.retaildetail.be\\\/fr\\\/news\\\/food\\\/lancien-pdg-tom-heidman-devient-membre-du-conseil-de-surveillance-de-jumbo\\\/#primaryimage\"},\"thumbnailUrl\":\"https:\\\/\\\/www.retaildetail.be\\\/wp-content\\\/uploads\\\/2026\\\/03\\\/Tom-Heidman.jpg\",\"articleSection\":[\"Food\",\"Food\"],\"inLanguage\":\"fr-FR\",\"copyrightYear\":\"2026\",\"copyrightHolder\":{\"@id\":\"https:\\\/\\\/www.retaildetail.be\\\/#organization\"}},{\"@type\":\"WebPage\",\"@id\":\"https:\\\/\\\/www.retaildetail.be\\\/fr\\\/news\\\/food\\\/lancien-pdg-tom-heidman-devient-membre-du-conseil-de-surveillance-de-jumbo\\\/\",\"url\":\"https:\\\/\\\/www.retaildetail.be\\\/fr\\\/news\\\/food\\\/lancien-pdg-tom-heidman-devient-membre-du-conseil-de-surveillance-de-jumbo\\\/\",\"name\":\"L'ancien CEO Tom Heidman devient membre du conseil de surveillance de Jumbo - RetailDetail BE\",\"isPartOf\":{\"@id\":\"https:\\\/\\\/www.retaildetail.be\\\/nl\\\/#website\"},\"primaryImageOfPage\":{\"@id\":\"https:\\\/\\\/www.retaildetail.be\\\/fr\\\/news\\\/food\\\/lancien-pdg-tom-heidman-devient-membre-du-conseil-de-surveillance-de-jumbo\\\/#primaryimage\"},\"image\":{\"@id\":\"https:\\\/\\\/www.retaildetail.be\\\/fr\\\/news\\\/food\\\/lancien-pdg-tom-heidman-devient-membre-du-conseil-de-surveillance-de-jumbo\\\/#primaryimage\"},\"thumbnailUrl\":\"https:\\\/\\\/www.retaildetail.be\\\/wp-content\\\/uploads\\\/2026\\\/03\\\/Tom-Heidman.jpg\",\"datePublished\":\"2026-03-10T10:29:42+00:00\",\"dateModified\":\"2026-03-13T15:50:14+00:00\",\"description\":\"Tom Heidman, qui \u00e9tait CEO par int\u00e9rim chez Jumbo l'ann\u00e9e derni\u00e8re, rejoint le conseil de surveillance du d\u00e9taillant n\u00e9erlandais.\",\"breadcrumb\":{\"@id\":\"https:\\\/\\\/www.retaildetail.be\\\/fr\\\/news\\\/food\\\/lancien-pdg-tom-heidman-devient-membre-du-conseil-de-surveillance-de-jumbo\\\/#breadcrumb\"},\"inLanguage\":\"fr-FR\",\"potentialAction\":[{\"@type\":\"ReadAction\",\"target\":[\"https:\\\/\\\/www.retaildetail.be\\\/fr\\\/news\\\/food\\\/lancien-pdg-tom-heidman-devient-membre-du-conseil-de-surveillance-de-jumbo\\\/\"]}]},{\"@type\":\"ImageObject\",\"inLanguage\":\"fr-FR\",\"@id\":\"https:\\\/\\\/www.retaildetail.be\\\/fr\\\/news\\\/food\\\/lancien-pdg-tom-heidman-devient-membre-du-conseil-de-surveillance-de-jumbo\\\/#primaryimage\",\"url\":\"https:\\\/\\\/www.retaildetail.be\\\/wp-content\\\/uploads\\\/2026\\\/03\\\/Tom-Heidman.jpg\",\"contentUrl\":\"https:\\\/\\\/www.retaildetail.be\\\/wp-content\\\/uploads\\\/2026\\\/03\\\/Tom-Heidman.jpg\",\"width\":1312,\"height\":892,\"caption\":\"Tom Heidman\"},{\"@type\":\"BreadcrumbList\",\"@id\":\"https:\\\/\\\/www.retaildetail.be\\\/fr\\\/news\\\/food\\\/lancien-pdg-tom-heidman-devient-membre-du-conseil-de-surveillance-de-jumbo\\\/#breadcrumb\",\"itemListElement\":[{\"@type\":\"ListItem\",\"position\":1,\"name\":\"Home\",\"item\":\"https:\\\/\\\/www.retaildetail.be\\\/fr\\\/\"},{\"@type\":\"ListItem\",\"position\":2,\"name\":\"L&#8217;ancien CEO Tom Heidman devient membre du conseil de surveillance de Jumbo\"}]},{\"@type\":\"WebSite\",\"@id\":\"https:\\\/\\\/www.retaildetail.be\\\/nl\\\/#website\",\"url\":\"https:\\\/\\\/www.retaildetail.be\\\/nl\\\/\",\"name\":\"RetailDetail BE\",\"description\":\"News\",\"publisher\":{\"@id\":\"https:\\\/\\\/www.retaildetail.be\\\/nl\\\/#organization\"},\"potentialAction\":[{\"@type\":\"SearchAction\",\"target\":{\"@type\":\"EntryPoint\",\"urlTemplate\":\"https:\\\/\\\/www.retaildetail.be\\\/nl\\\/?s={search_term_string}\"},\"query-input\":{\"@type\":\"PropertyValueSpecification\",\"valueRequired\":true,\"valueName\":\"search_term_string\"}}],\"inLanguage\":\"fr-FR\"},{\"@type\":\"Organization\",\"@id\":\"https:\\\/\\\/www.retaildetail.be\\\/nl\\\/#organization\",\"name\":\"RetailDetail BE\",\"url\":\"https:\\\/\\\/www.retaildetail.be\\\/nl\\\/\",\"logo\":{\"@type\":\"ImageObject\",\"inLanguage\":\"fr-FR\",\"@id\":\"https:\\\/\\\/www.retaildetail.be\\\/nl\\\/#\\\/schema\\\/logo\\\/image\\\/\",\"url\":\"https:\\\/\\\/www.retaildetail.be\\\/wp-content\\\/uploads\\\/2022\\\/04\\\/logo.svg\",\"contentUrl\":\"https:\\\/\\\/www.retaildetail.be\\\/wp-content\\\/uploads\\\/2022\\\/04\\\/logo.svg\",\"width\":131,\"height\":70,\"caption\":\"RetailDetail BE\"},\"image\":{\"@id\":\"https:\\\/\\\/www.retaildetail.be\\\/nl\\\/#\\\/schema\\\/logo\\\/image\\\/\"}},{\"@type\":\"Person\",\"@id\":\"https:\\\/\\\/www.retaildetail.be\\\/nl\\\/#\\\/schema\\\/person\\\/51aec6069c4416aa2f68b2e4ff3455df\",\"name\":\"Stefan Van Rompaey\",\"image\":{\"@type\":\"ImageObject\",\"inLanguage\":\"fr-FR\",\"@id\":\"https:\\\/\\\/secure.gravatar.com\\\/avatar\\\/fbbb4a80a0f109888b2a5ab8ae255617499ecde533749b3ab2fa6c23b5d65dac?s=96&d=mm&r=g\",\"url\":\"https:\\\/\\\/secure.gravatar.com\\\/avatar\\\/fbbb4a80a0f109888b2a5ab8ae255617499ecde533749b3ab2fa6c23b5d65dac?s=96&d=mm&r=g\",\"contentUrl\":\"https:\\\/\\\/secure.gravatar.com\\\/avatar\\\/fbbb4a80a0f109888b2a5ab8ae255617499ecde533749b3ab2fa6c23b5d65dac?s=96&d=mm&r=g\",\"caption\":\"Stefan Van Rompaey\"},\"url\":\"https:\\\/\\\/www.retaildetail.be\\\/fr\\\/author\\\/stefanvanrompaey\\\/\"}]}<\/script>\n<!-- \/ Yoast SEO plugin. -->","yoast_head_json":{"title":"L'ancien CEO Tom Heidman devient membre du conseil de surveillance de Jumbo - RetailDetail BE","description":"Tom Heidman, qui \u00e9tait CEO par int\u00e9rim chez Jumbo l'ann\u00e9e derni\u00e8re, rejoint le conseil de surveillance du d\u00e9taillant n\u00e9erlandais.","robots":{"index":"index","follow":"follow","max-snippet":"max-snippet:-1","max-image-preview":"max-image-preview:large","max-video-preview":"max-video-preview:-1"},"canonical":"https:\/\/www.retaildetail.be\/fr\/news\/food\/lancien-pdg-tom-heidman-devient-membre-du-conseil-de-surveillance-de-jumbo\/","og_locale":"fr_FR","og_type":"article","og_title":"L'ancien CEO Tom Heidman devient membre du conseil de surveillance de Jumbo - RetailDetail BE","og_description":"Tom Heidman, qui \u00e9tait CEO par int\u00e9rim chez Jumbo l'ann\u00e9e derni\u00e8re, rejoint le conseil de surveillance du d\u00e9taillant n\u00e9erlandais.","og_url":"https:\/\/www.retaildetail.be\/fr\/news\/food\/lancien-pdg-tom-heidman-devient-membre-du-conseil-de-surveillance-de-jumbo\/","og_site_name":"RetailDetail BE","article_published_time":"2026-03-10T10:29:42+00:00","article_modified_time":"2026-03-13T15:50:14+00:00","og_image":[{"width":1312,"height":892,"url":"https:\/\/www.retaildetail.be\/wp-content\/uploads\/2026\/03\/Tom-Heidman.jpg","type":"image\/jpeg"}],"author":"Stefan Van Rompaey","twitter_card":"summary_large_image","twitter_misc":{"\u00c9crit par":"Stefan Van Rompaey","Dur\u00e9e de lecture estim\u00e9e":"1 minute"},"schema":{"@context":"https:\/\/schema.org","@graph":[{"@type":"NewsArticle","@id":"https:\/\/www.retaildetail.be\/fr\/news\/food\/lancien-pdg-tom-heidman-devient-membre-du-conseil-de-surveillance-de-jumbo\/#article","isPartOf":{"@id":"https:\/\/www.retaildetail.be\/fr\/news\/food\/lancien-pdg-tom-heidman-devient-membre-du-conseil-de-surveillance-de-jumbo\/"},"author":{"name":"Stefan Van Rompaey","@id":"https:\/\/www.retaildetail.be\/nl\/#\/schema\/person\/51aec6069c4416aa2f68b2e4ff3455df"},"headline":"L&rsquo;ancien CEO Tom Heidman devient membre du conseil de surveillance de Jumbo","datePublished":"2026-03-10T10:29:42+00:00","dateModified":"2026-03-13T15:50:14+00:00","mainEntityOfPage":{"@id":"https:\/\/www.retaildetail.be\/fr\/news\/food\/lancien-pdg-tom-heidman-devient-membre-du-conseil-de-surveillance-de-jumbo\/"},"wordCount":256,"publisher":{"@id":"https:\/\/www.retaildetail.be\/nl\/#organization"},"image":{"@id":"https:\/\/www.retaildetail.be\/fr\/news\/food\/lancien-pdg-tom-heidman-devient-membre-du-conseil-de-surveillance-de-jumbo\/#primaryimage"},"thumbnailUrl":"https:\/\/www.retaildetail.be\/wp-content\/uploads\/2026\/03\/Tom-Heidman.jpg","articleSection":["Food","Food"],"inLanguage":"fr-FR","copyrightYear":"2026","copyrightHolder":{"@id":"https:\/\/www.retaildetail.be\/#organization"}},{"@type":"WebPage","@id":"https:\/\/www.retaildetail.be\/fr\/news\/food\/lancien-pdg-tom-heidman-devient-membre-du-conseil-de-surveillance-de-jumbo\/","url":"https:\/\/www.retaildetail.be\/fr\/news\/food\/lancien-pdg-tom-heidman-devient-membre-du-conseil-de-surveillance-de-jumbo\/","name":"L'ancien CEO Tom Heidman devient membre du conseil de surveillance de Jumbo - RetailDetail BE","isPartOf":{"@id":"https:\/\/www.retaildetail.be\/nl\/#website"},"primaryImageOfPage":{"@id":"https:\/\/www.retaildetail.be\/fr\/news\/food\/lancien-pdg-tom-heidman-devient-membre-du-conseil-de-surveillance-de-jumbo\/#primaryimage"},"image":{"@id":"https:\/\/www.retaildetail.be\/fr\/news\/food\/lancien-pdg-tom-heidman-devient-membre-du-conseil-de-surveillance-de-jumbo\/#primaryimage"},"thumbnailUrl":"https:\/\/www.retaildetail.be\/wp-content\/uploads\/2026\/03\/Tom-Heidman.jpg","datePublished":"2026-03-10T10:29:42+00:00","dateModified":"2026-03-13T15:50:14+00:00","description":"Tom Heidman, qui \u00e9tait CEO par int\u00e9rim chez Jumbo l'ann\u00e9e derni\u00e8re, rejoint le conseil de surveillance du d\u00e9taillant n\u00e9erlandais.","breadcrumb":{"@id":"https:\/\/www.retaildetail.be\/fr\/news\/food\/lancien-pdg-tom-heidman-devient-membre-du-conseil-de-surveillance-de-jumbo\/#breadcrumb"},"inLanguage":"fr-FR","potentialAction":[{"@type":"ReadAction","target":["https:\/\/www.retaildetail.be\/fr\/news\/food\/lancien-pdg-tom-heidman-devient-membre-du-conseil-de-surveillance-de-jumbo\/"]}]},{"@type":"ImageObject","inLanguage":"fr-FR","@id":"https:\/\/www.retaildetail.be\/fr\/news\/food\/lancien-pdg-tom-heidman-devient-membre-du-conseil-de-surveillance-de-jumbo\/#primaryimage","url":"https:\/\/www.retaildetail.be\/wp-content\/uploads\/2026\/03\/Tom-Heidman.jpg","contentUrl":"https:\/\/www.retaildetail.be\/wp-content\/uploads\/2026\/03\/Tom-Heidman.jpg","width":1312,"height":892,"caption":"Tom Heidman"},{"@type":"BreadcrumbList","@id":"https:\/\/www.retaildetail.be\/fr\/news\/food\/lancien-pdg-tom-heidman-devient-membre-du-conseil-de-surveillance-de-jumbo\/#breadcrumb","itemListElement":[{"@type":"ListItem","position":1,"name":"Home","item":"https:\/\/www.retaildetail.be\/fr\/"},{"@type":"ListItem","position":2,"name":"L&#8217;ancien CEO Tom Heidman devient membre du conseil de surveillance de Jumbo"}]},{"@type":"WebSite","@id":"https:\/\/www.retaildetail.be\/nl\/#website","url":"https:\/\/www.retaildetail.be\/nl\/","name":"RetailDetail BE","description":"News","publisher":{"@id":"https:\/\/www.retaildetail.be\/nl\/#organization"},"potentialAction":[{"@type":"SearchAction","target":{"@type":"EntryPoint","urlTemplate":"https:\/\/www.retaildetail.be\/nl\/?s={search_term_string}"},"query-input":{"@type":"PropertyValueSpecification","valueRequired":true,"valueName":"search_term_string"}}],"inLanguage":"fr-FR"},{"@type":"Organization","@id":"https:\/\/www.retaildetail.be\/nl\/#organization","name":"RetailDetail BE","url":"https:\/\/www.retaildetail.be\/nl\/","logo":{"@type":"ImageObject","inLanguage":"fr-FR","@id":"https:\/\/www.retaildetail.be\/nl\/#\/schema\/logo\/image\/","url":"https:\/\/www.retaildetail.be\/wp-content\/uploads\/2022\/04\/logo.svg","contentUrl":"https:\/\/www.retaildetail.be\/wp-content\/uploads\/2022\/04\/logo.svg","width":131,"height":70,"caption":"RetailDetail BE"},"image":{"@id":"https:\/\/www.retaildetail.be\/nl\/#\/schema\/logo\/image\/"}},{"@type":"Person","@id":"https:\/\/www.retaildetail.be\/nl\/#\/schema\/person\/51aec6069c4416aa2f68b2e4ff3455df","name":"Stefan Van Rompaey","image":{"@type":"ImageObject","inLanguage":"fr-FR","@id":"https:\/\/secure.gravatar.com\/avatar\/fbbb4a80a0f109888b2a5ab8ae255617499ecde533749b3ab2fa6c23b5d65dac?s=96&d=mm&r=g","url":"https:\/\/secure.gravatar.com\/avatar\/fbbb4a80a0f109888b2a5ab8ae255617499ecde533749b3ab2fa6c23b5d65dac?s=96&d=mm&r=g","contentUrl":"https:\/\/secure.gravatar.com\/avatar\/fbbb4a80a0f109888b2a5ab8ae255617499ecde533749b3ab2fa6c23b5d65dac?s=96&d=mm&r=g","caption":"Stefan Van Rompaey"},"url":"https:\/\/www.retaildetail.be\/fr\/author\/stefanvanrompaey\/"}]}},"jetpack_featured_media_url":"https:\/\/www.retaildetail.be\/wp-content\/uploads\/2026\/03\/Tom-Heidman.jpg","jetpack_sharing_enabled":true,"_links":{"self":[{"href":"https:\/\/www.retaildetail.be\/fr\/wp-json\/wp\/v2\/posts\/143689","targetHints":{"allow":["GET"]}}],"collection":[{"href":"https:\/\/www.retaildetail.be\/fr\/wp-json\/wp\/v2\/posts"}],"about":[{"href":"https:\/\/www.retaildetail.be\/fr\/wp-json\/wp\/v2\/types\/post"}],"author":[{"embeddable":true,"href":"https:\/\/www.retaildetail.be\/fr\/wp-json\/wp\/v2\/users\/3"}],"replies":[{"embeddable":true,"href":"https:\/\/www.retaildetail.be\/fr\/wp-json\/wp\/v2\/comments?post=143689"}],"version-history":[{"count":2,"href":"https:\/\/www.retaildetail.be\/fr\/wp-json\/wp\/v2\/posts\/143689\/revisions"}],"predecessor-version":[{"id":144015,"href":"https:\/\/www.retaildetail.be\/fr\/wp-json\/wp\/v2\/posts\/143689\/revisions\/144015"}],"wp:featuredmedia":[{"embeddable":true,"href":"https:\/\/www.retaildetail.be\/fr\/wp-json\/wp\/v2\/media\/143690"}],"wp:attachment":[{"href":"https:\/\/www.retaildetail.be\/fr\/wp-json\/wp\/v2\/media?parent=143689"}],"wp:term":[{"taxonomy":"category","embeddable":true,"href":"https:\/\/www.retaildetail.be\/fr\/wp-json\/wp\/v2\/categories?post=143689"},{"taxonomy":"post_tag","embeddable":true,"href":"https:\/\/www.retaildetail.be\/fr\/wp-json\/wp\/v2\/tags?post=143689"},{"taxonomy":"people","embeddable":true,"href":"https:\/\/www.retaildetail.be\/fr\/wp-json\/wp\/v2\/people?post=143689"},{"taxonomy":"extra","embeddable":true,"href":"https:\/\/www.retaildetail.be\/fr\/wp-json\/wp\/v2\/extra?post=143689"},{"taxonomy":"company","embeddable":true,"href":"https:\/\/www.retaildetail.be\/fr\/wp-json\/wp\/v2\/company?post=143689"},{"taxonomy":"topic","embeddable":true,"href":"https:\/\/www.retaildetail.be\/fr\/wp-json\/wp\/v2\/topic?post=143689"},{"taxonomy":"region","embeddable":true,"href":"https:\/\/www.retaildetail.be\/fr\/wp-json\/wp\/v2\/region?post=143689"}],"curies":[{"name":"wp","href":"https:\/\/api.w.org\/{rel}","templated":true}]}}