{"id":143699,"date":"2026-03-10T12:53:48","date_gmt":"2026-03-10T11:53:48","guid":{"rendered":"https:\/\/www.retaildetail.be\/?p=143699"},"modified":"2026-03-10T12:53:49","modified_gmt":"2026-03-10T11:53:49","slug":"brax-realise-de-nouveau-un-chiffre-daffaires-record","status":"publish","type":"post","link":"https:\/\/www.retaildetail.be\/fr\/news\/mode\/brax-realise-de-nouveau-un-chiffre-daffaires-record\/","title":{"rendered":"Brax r\u00e9alise de nouveau un chiffre d&rsquo;affaires record"},"content":{"rendered":"\n<p><strong>Leineweber<\/strong>, la soci\u00e9t\u00e9 m\u00e8re de <strong>Brax<\/strong>, a de nouveau enregistr\u00e9 un chiffre d&rsquo;affaires record au cours de l&rsquo;exercice 2025. Le groupe de mode a fait \u00e9tat d&rsquo;une croissance dans tous les canaux.<\/p>\n\n\n\n<h2 class=\"wp-block-heading\">Croissance dans le retail<\/h2>\n\n\n\n<p>L&rsquo;entreprise a r\u00e9alis\u00e9 un chiffre d&rsquo;affaires de 388 millions d&rsquo;euros l&rsquo;ann\u00e9e derni\u00e8re, soit une augmentation de 7,5 % par rapport \u00e0 l&rsquo;ann\u00e9e pr\u00e9c\u00e9dente. Sans la contribution du sp\u00e9cialiste des activit\u00e9s de plein air <strong>Fuchs Schmitt<\/strong>, rachet\u00e9 d\u00e9but ao\u00fbt 2024, la croissance s&rsquo;est \u00e9lev\u00e9e \u00e0 5,3 %.<\/p>\n\n\n\n<p>Les activit\u00e9s de vente au d\u00e9tail ont contribu\u00e9 \u00e0 la hausse des r\u00e9sultats. Le chiffre d&rsquo;affaires en ligne a augment\u00e9 de 12 %, tandis que les ventes dans les magasins Brax ont progress\u00e9 de 5 %. Sur le plan g\u00e9ographique, l&rsquo;Allemagne est rest\u00e9e le plus grand march\u00e9 : 66 % du chiffre d&rsquo;affaires total y a \u00e9t\u00e9 r\u00e9alis\u00e9, 34 % provenant de l&rsquo;\u00e9tranger.<\/p>\n\n\n\n<p>Marc Freyberg, responsable marketing et ventes, a qualifi\u00e9 cette ann\u00e9e de r\u00e9ussie. \u00ab Malgr\u00e9 des conditions de march\u00e9 difficiles, toutes les marques, tous les pays et tous les canaux ont contribu\u00e9 \u00e0 faire de 2025 une nouvelle ann\u00e9e fructueuse pour Leineweber \u00bb, a-t-il d\u00e9clar\u00e9. \u00ab Nous en sommes tr\u00e8s fiers, mais nous sommes \u00e9galement conscients des d\u00e9fis qui nous attendent \u00e0 l&rsquo;avenir. \u00bb<\/p>\n","protected":false},"excerpt":{"rendered":"<p>Leineweber, la soci\u00e9t\u00e9 m\u00e8re de Brax, a de nouveau enregistr\u00e9 un chiffre d&rsquo;affaires record au cours de l&rsquo;exercice 2025. Le groupe de mode a fait \u00e9tat d&rsquo;une croissance dans tous les canaux.<\/p>\n","protected":false},"author":10,"featured_media":143700,"comment_status":"closed","ping_status":"closed","sticky":false,"template":"","format":"standard","meta":{"_acf_changed":false,"inline_featured_image":false,"_jetpack_memberships_contains_paid_content":false,"footnotes":""},"categories":[14,22],"tags":[],"people":[],"extra":[],"company":[1731],"topic":[266],"region":[470],"class_list":{"0":"post-143699","1":"post","2":"type-post","3":"status-publish","4":"format-standard","5":"has-post-thumbnail","6":"hentry","7":"category-mode","9":"company-brax","10":"topic-resultats-financiers","11":"region-allemagne"},"acf":[],"yoast_head":"<!-- This site is optimized with the Yoast SEO plugin v27.3 - https:\/\/yoast.com\/product\/yoast-seo-wordpress\/ -->\n<title>Brax r\u00e9alise de nouveau un chiffre d&#039;affaires record - RetailDetail BE<\/title>\n<meta name=\"description\" content=\"Leineweber, la soci\u00e9t\u00e9 m\u00e8re de Brax, a de nouveau enregistr\u00e9 un chiffre d&#039;affaires record au cours de l&#039;exercice 2025. Le groupe de mode a fait \u00e9tat d&#039;une croissance dans tous les canaux.\" \/>\n<meta name=\"robots\" content=\"index, follow, max-snippet:-1, max-image-preview:large, max-video-preview:-1\" \/>\n<link rel=\"canonical\" href=\"https:\/\/www.retaildetail.be\/fr\/news\/mode\/brax-realise-de-nouveau-un-chiffre-daffaires-record\/\" \/>\n<meta property=\"og:locale\" content=\"fr_FR\" \/>\n<meta property=\"og:type\" content=\"article\" \/>\n<meta property=\"og:title\" content=\"Brax r\u00e9alise de nouveau un chiffre d&#039;affaires record - RetailDetail BE\" \/>\n<meta property=\"og:description\" content=\"Leineweber, la soci\u00e9t\u00e9 m\u00e8re de Brax, a de nouveau enregistr\u00e9 un chiffre d&#039;affaires record au cours de l&#039;exercice 2025. Le groupe de mode a fait \u00e9tat d&#039;une croissance dans tous les canaux.\" \/>\n<meta property=\"og:url\" content=\"https:\/\/www.retaildetail.be\/fr\/news\/mode\/brax-realise-de-nouveau-un-chiffre-daffaires-record\/\" \/>\n<meta property=\"og:site_name\" content=\"RetailDetail BE\" \/>\n<meta property=\"article:published_time\" content=\"2026-03-10T11:53:48+00:00\" \/>\n<meta property=\"article:modified_time\" content=\"2026-03-10T11:53:49+00:00\" \/>\n<meta property=\"og:image\" content=\"https:\/\/www.retaildetail.be\/wp-content\/uploads\/2026\/03\/Brax-Produktausstattung.jpeg\" \/>\n\t<meta property=\"og:image:width\" content=\"800\" \/>\n\t<meta property=\"og:image:height\" content=\"507\" \/>\n\t<meta property=\"og:image:type\" content=\"image\/jpeg\" \/>\n<meta name=\"author\" content=\"Jorg Snoeck\" \/>\n<meta name=\"twitter:card\" content=\"summary_large_image\" \/>\n<meta name=\"twitter:label1\" content=\"\u00c9crit par\" \/>\n\t<meta name=\"twitter:data1\" content=\"Jorg Snoeck\" \/>\n\t<meta name=\"twitter:label2\" content=\"Dur\u00e9e de lecture estim\u00e9e\" \/>\n\t<meta name=\"twitter:data2\" content=\"1 minute\" \/>\n<script type=\"application\/ld+json\" class=\"yoast-schema-graph\">{\"@context\":\"https:\\\/\\\/schema.org\",\"@graph\":[{\"@type\":\"NewsArticle\",\"@id\":\"https:\\\/\\\/www.retaildetail.be\\\/fr\\\/news\\\/mode\\\/brax-realise-de-nouveau-un-chiffre-daffaires-record\\\/#article\",\"isPartOf\":{\"@id\":\"https:\\\/\\\/www.retaildetail.be\\\/fr\\\/news\\\/mode\\\/brax-realise-de-nouveau-un-chiffre-daffaires-record\\\/\"},\"author\":{\"name\":\"Jorg Snoeck\",\"@id\":\"https:\\\/\\\/www.retaildetail.be\\\/nl\\\/#\\\/schema\\\/person\\\/71d9b89376db00e9b1aa8a2841e71a72\"},\"headline\":\"Brax r\u00e9alise de nouveau un chiffre d&rsquo;affaires record\",\"datePublished\":\"2026-03-10T11:53:48+00:00\",\"dateModified\":\"2026-03-10T11:53:49+00:00\",\"mainEntityOfPage\":{\"@id\":\"https:\\\/\\\/www.retaildetail.be\\\/fr\\\/news\\\/mode\\\/brax-realise-de-nouveau-un-chiffre-daffaires-record\\\/\"},\"wordCount\":231,\"publisher\":{\"@id\":\"https:\\\/\\\/www.retaildetail.be\\\/nl\\\/#organization\"},\"image\":{\"@id\":\"https:\\\/\\\/www.retaildetail.be\\\/fr\\\/news\\\/mode\\\/brax-realise-de-nouveau-un-chiffre-daffaires-record\\\/#primaryimage\"},\"thumbnailUrl\":\"https:\\\/\\\/www.retaildetail.be\\\/wp-content\\\/uploads\\\/2026\\\/03\\\/Brax-Produktausstattung.jpeg\",\"articleSection\":[\"Mode\",\"Mode\"],\"inLanguage\":\"fr-FR\",\"copyrightYear\":\"2026\",\"copyrightHolder\":{\"@id\":\"https:\\\/\\\/www.retaildetail.be\\\/#organization\"}},{\"@type\":\"WebPage\",\"@id\":\"https:\\\/\\\/www.retaildetail.be\\\/fr\\\/news\\\/mode\\\/brax-realise-de-nouveau-un-chiffre-daffaires-record\\\/\",\"url\":\"https:\\\/\\\/www.retaildetail.be\\\/fr\\\/news\\\/mode\\\/brax-realise-de-nouveau-un-chiffre-daffaires-record\\\/\",\"name\":\"Brax r\u00e9alise de nouveau un chiffre d'affaires record - RetailDetail BE\",\"isPartOf\":{\"@id\":\"https:\\\/\\\/www.retaildetail.be\\\/nl\\\/#website\"},\"primaryImageOfPage\":{\"@id\":\"https:\\\/\\\/www.retaildetail.be\\\/fr\\\/news\\\/mode\\\/brax-realise-de-nouveau-un-chiffre-daffaires-record\\\/#primaryimage\"},\"image\":{\"@id\":\"https:\\\/\\\/www.retaildetail.be\\\/fr\\\/news\\\/mode\\\/brax-realise-de-nouveau-un-chiffre-daffaires-record\\\/#primaryimage\"},\"thumbnailUrl\":\"https:\\\/\\\/www.retaildetail.be\\\/wp-content\\\/uploads\\\/2026\\\/03\\\/Brax-Produktausstattung.jpeg\",\"datePublished\":\"2026-03-10T11:53:48+00:00\",\"dateModified\":\"2026-03-10T11:53:49+00:00\",\"description\":\"Leineweber, la soci\u00e9t\u00e9 m\u00e8re de Brax, a de nouveau enregistr\u00e9 un chiffre d'affaires record au cours de l'exercice 2025. Le groupe de mode a fait \u00e9tat d'une croissance dans tous les canaux.\",\"breadcrumb\":{\"@id\":\"https:\\\/\\\/www.retaildetail.be\\\/fr\\\/news\\\/mode\\\/brax-realise-de-nouveau-un-chiffre-daffaires-record\\\/#breadcrumb\"},\"inLanguage\":\"fr-FR\",\"potentialAction\":[{\"@type\":\"ReadAction\",\"target\":[\"https:\\\/\\\/www.retaildetail.be\\\/fr\\\/news\\\/mode\\\/brax-realise-de-nouveau-un-chiffre-daffaires-record\\\/\"]}]},{\"@type\":\"ImageObject\",\"inLanguage\":\"fr-FR\",\"@id\":\"https:\\\/\\\/www.retaildetail.be\\\/fr\\\/news\\\/mode\\\/brax-realise-de-nouveau-un-chiffre-daffaires-record\\\/#primaryimage\",\"url\":\"https:\\\/\\\/www.retaildetail.be\\\/wp-content\\\/uploads\\\/2026\\\/03\\\/Brax-Produktausstattung.jpeg\",\"contentUrl\":\"https:\\\/\\\/www.retaildetail.be\\\/wp-content\\\/uploads\\\/2026\\\/03\\\/Brax-Produktausstattung.jpeg\",\"width\":800,\"height\":507,\"caption\":\"Brax\"},{\"@type\":\"BreadcrumbList\",\"@id\":\"https:\\\/\\\/www.retaildetail.be\\\/fr\\\/news\\\/mode\\\/brax-realise-de-nouveau-un-chiffre-daffaires-record\\\/#breadcrumb\",\"itemListElement\":[{\"@type\":\"ListItem\",\"position\":1,\"name\":\"Home\",\"item\":\"https:\\\/\\\/www.retaildetail.be\\\/fr\\\/\"},{\"@type\":\"ListItem\",\"position\":2,\"name\":\"Brax r\u00e9alise de nouveau un chiffre d&#8217;affaires record\"}]},{\"@type\":\"WebSite\",\"@id\":\"https:\\\/\\\/www.retaildetail.be\\\/nl\\\/#website\",\"url\":\"https:\\\/\\\/www.retaildetail.be\\\/nl\\\/\",\"name\":\"RetailDetail BE\",\"description\":\"News\",\"publisher\":{\"@id\":\"https:\\\/\\\/www.retaildetail.be\\\/nl\\\/#organization\"},\"potentialAction\":[{\"@type\":\"SearchAction\",\"target\":{\"@type\":\"EntryPoint\",\"urlTemplate\":\"https:\\\/\\\/www.retaildetail.be\\\/nl\\\/?s={search_term_string}\"},\"query-input\":{\"@type\":\"PropertyValueSpecification\",\"valueRequired\":true,\"valueName\":\"search_term_string\"}}],\"inLanguage\":\"fr-FR\"},{\"@type\":\"Organization\",\"@id\":\"https:\\\/\\\/www.retaildetail.be\\\/nl\\\/#organization\",\"name\":\"RetailDetail BE\",\"url\":\"https:\\\/\\\/www.retaildetail.be\\\/nl\\\/\",\"logo\":{\"@type\":\"ImageObject\",\"inLanguage\":\"fr-FR\",\"@id\":\"https:\\\/\\\/www.retaildetail.be\\\/nl\\\/#\\\/schema\\\/logo\\\/image\\\/\",\"url\":\"https:\\\/\\\/www.retaildetail.be\\\/wp-content\\\/uploads\\\/2022\\\/04\\\/logo.svg\",\"contentUrl\":\"https:\\\/\\\/www.retaildetail.be\\\/wp-content\\\/uploads\\\/2022\\\/04\\\/logo.svg\",\"width\":131,\"height\":70,\"caption\":\"RetailDetail BE\"},\"image\":{\"@id\":\"https:\\\/\\\/www.retaildetail.be\\\/nl\\\/#\\\/schema\\\/logo\\\/image\\\/\"}},{\"@type\":\"Person\",\"@id\":\"https:\\\/\\\/www.retaildetail.be\\\/nl\\\/#\\\/schema\\\/person\\\/71d9b89376db00e9b1aa8a2841e71a72\",\"name\":\"Jorg Snoeck\",\"image\":{\"@type\":\"ImageObject\",\"inLanguage\":\"fr-FR\",\"@id\":\"https:\\\/\\\/secure.gravatar.com\\\/avatar\\\/fc1bd94c7d40f2446e6bf778bb34cf9ab000168f63533cec8e072f4ad96ce7f3?s=96&d=mm&r=g\",\"url\":\"https:\\\/\\\/secure.gravatar.com\\\/avatar\\\/fc1bd94c7d40f2446e6bf778bb34cf9ab000168f63533cec8e072f4ad96ce7f3?s=96&d=mm&r=g\",\"contentUrl\":\"https:\\\/\\\/secure.gravatar.com\\\/avatar\\\/fc1bd94c7d40f2446e6bf778bb34cf9ab000168f63533cec8e072f4ad96ce7f3?s=96&d=mm&r=g\",\"caption\":\"Jorg Snoeck\"},\"url\":\"https:\\\/\\\/www.retaildetail.be\\\/fr\\\/author\\\/jorgsnoeck\\\/\"}]}<\/script>\n<!-- \/ Yoast SEO plugin. -->","yoast_head_json":{"title":"Brax r\u00e9alise de nouveau un chiffre d'affaires record - RetailDetail BE","description":"Leineweber, la soci\u00e9t\u00e9 m\u00e8re de Brax, a de nouveau enregistr\u00e9 un chiffre d'affaires record au cours de l'exercice 2025. Le groupe de mode a fait \u00e9tat d'une croissance dans tous les canaux.","robots":{"index":"index","follow":"follow","max-snippet":"max-snippet:-1","max-image-preview":"max-image-preview:large","max-video-preview":"max-video-preview:-1"},"canonical":"https:\/\/www.retaildetail.be\/fr\/news\/mode\/brax-realise-de-nouveau-un-chiffre-daffaires-record\/","og_locale":"fr_FR","og_type":"article","og_title":"Brax r\u00e9alise de nouveau un chiffre d'affaires record - RetailDetail BE","og_description":"Leineweber, la soci\u00e9t\u00e9 m\u00e8re de Brax, a de nouveau enregistr\u00e9 un chiffre d'affaires record au cours de l'exercice 2025. Le groupe de mode a fait \u00e9tat d'une croissance dans tous les canaux.","og_url":"https:\/\/www.retaildetail.be\/fr\/news\/mode\/brax-realise-de-nouveau-un-chiffre-daffaires-record\/","og_site_name":"RetailDetail BE","article_published_time":"2026-03-10T11:53:48+00:00","article_modified_time":"2026-03-10T11:53:49+00:00","og_image":[{"width":800,"height":507,"url":"https:\/\/www.retaildetail.be\/wp-content\/uploads\/2026\/03\/Brax-Produktausstattung.jpeg","type":"image\/jpeg"}],"author":"Jorg Snoeck","twitter_card":"summary_large_image","twitter_misc":{"\u00c9crit par":"Jorg Snoeck","Dur\u00e9e de lecture estim\u00e9e":"1 minute"},"schema":{"@context":"https:\/\/schema.org","@graph":[{"@type":"NewsArticle","@id":"https:\/\/www.retaildetail.be\/fr\/news\/mode\/brax-realise-de-nouveau-un-chiffre-daffaires-record\/#article","isPartOf":{"@id":"https:\/\/www.retaildetail.be\/fr\/news\/mode\/brax-realise-de-nouveau-un-chiffre-daffaires-record\/"},"author":{"name":"Jorg Snoeck","@id":"https:\/\/www.retaildetail.be\/nl\/#\/schema\/person\/71d9b89376db00e9b1aa8a2841e71a72"},"headline":"Brax r\u00e9alise de nouveau un chiffre d&rsquo;affaires record","datePublished":"2026-03-10T11:53:48+00:00","dateModified":"2026-03-10T11:53:49+00:00","mainEntityOfPage":{"@id":"https:\/\/www.retaildetail.be\/fr\/news\/mode\/brax-realise-de-nouveau-un-chiffre-daffaires-record\/"},"wordCount":231,"publisher":{"@id":"https:\/\/www.retaildetail.be\/nl\/#organization"},"image":{"@id":"https:\/\/www.retaildetail.be\/fr\/news\/mode\/brax-realise-de-nouveau-un-chiffre-daffaires-record\/#primaryimage"},"thumbnailUrl":"https:\/\/www.retaildetail.be\/wp-content\/uploads\/2026\/03\/Brax-Produktausstattung.jpeg","articleSection":["Mode","Mode"],"inLanguage":"fr-FR","copyrightYear":"2026","copyrightHolder":{"@id":"https:\/\/www.retaildetail.be\/#organization"}},{"@type":"WebPage","@id":"https:\/\/www.retaildetail.be\/fr\/news\/mode\/brax-realise-de-nouveau-un-chiffre-daffaires-record\/","url":"https:\/\/www.retaildetail.be\/fr\/news\/mode\/brax-realise-de-nouveau-un-chiffre-daffaires-record\/","name":"Brax r\u00e9alise de nouveau un chiffre d'affaires record - RetailDetail BE","isPartOf":{"@id":"https:\/\/www.retaildetail.be\/nl\/#website"},"primaryImageOfPage":{"@id":"https:\/\/www.retaildetail.be\/fr\/news\/mode\/brax-realise-de-nouveau-un-chiffre-daffaires-record\/#primaryimage"},"image":{"@id":"https:\/\/www.retaildetail.be\/fr\/news\/mode\/brax-realise-de-nouveau-un-chiffre-daffaires-record\/#primaryimage"},"thumbnailUrl":"https:\/\/www.retaildetail.be\/wp-content\/uploads\/2026\/03\/Brax-Produktausstattung.jpeg","datePublished":"2026-03-10T11:53:48+00:00","dateModified":"2026-03-10T11:53:49+00:00","description":"Leineweber, la soci\u00e9t\u00e9 m\u00e8re de Brax, a de nouveau enregistr\u00e9 un chiffre d'affaires record au cours de l'exercice 2025. Le groupe de mode a fait \u00e9tat d'une croissance dans tous les canaux.","breadcrumb":{"@id":"https:\/\/www.retaildetail.be\/fr\/news\/mode\/brax-realise-de-nouveau-un-chiffre-daffaires-record\/#breadcrumb"},"inLanguage":"fr-FR","potentialAction":[{"@type":"ReadAction","target":["https:\/\/www.retaildetail.be\/fr\/news\/mode\/brax-realise-de-nouveau-un-chiffre-daffaires-record\/"]}]},{"@type":"ImageObject","inLanguage":"fr-FR","@id":"https:\/\/www.retaildetail.be\/fr\/news\/mode\/brax-realise-de-nouveau-un-chiffre-daffaires-record\/#primaryimage","url":"https:\/\/www.retaildetail.be\/wp-content\/uploads\/2026\/03\/Brax-Produktausstattung.jpeg","contentUrl":"https:\/\/www.retaildetail.be\/wp-content\/uploads\/2026\/03\/Brax-Produktausstattung.jpeg","width":800,"height":507,"caption":"Brax"},{"@type":"BreadcrumbList","@id":"https:\/\/www.retaildetail.be\/fr\/news\/mode\/brax-realise-de-nouveau-un-chiffre-daffaires-record\/#breadcrumb","itemListElement":[{"@type":"ListItem","position":1,"name":"Home","item":"https:\/\/www.retaildetail.be\/fr\/"},{"@type":"ListItem","position":2,"name":"Brax r\u00e9alise de nouveau un chiffre d&#8217;affaires record"}]},{"@type":"WebSite","@id":"https:\/\/www.retaildetail.be\/nl\/#website","url":"https:\/\/www.retaildetail.be\/nl\/","name":"RetailDetail BE","description":"News","publisher":{"@id":"https:\/\/www.retaildetail.be\/nl\/#organization"},"potentialAction":[{"@type":"SearchAction","target":{"@type":"EntryPoint","urlTemplate":"https:\/\/www.retaildetail.be\/nl\/?s={search_term_string}"},"query-input":{"@type":"PropertyValueSpecification","valueRequired":true,"valueName":"search_term_string"}}],"inLanguage":"fr-FR"},{"@type":"Organization","@id":"https:\/\/www.retaildetail.be\/nl\/#organization","name":"RetailDetail BE","url":"https:\/\/www.retaildetail.be\/nl\/","logo":{"@type":"ImageObject","inLanguage":"fr-FR","@id":"https:\/\/www.retaildetail.be\/nl\/#\/schema\/logo\/image\/","url":"https:\/\/www.retaildetail.be\/wp-content\/uploads\/2022\/04\/logo.svg","contentUrl":"https:\/\/www.retaildetail.be\/wp-content\/uploads\/2022\/04\/logo.svg","width":131,"height":70,"caption":"RetailDetail BE"},"image":{"@id":"https:\/\/www.retaildetail.be\/nl\/#\/schema\/logo\/image\/"}},{"@type":"Person","@id":"https:\/\/www.retaildetail.be\/nl\/#\/schema\/person\/71d9b89376db00e9b1aa8a2841e71a72","name":"Jorg Snoeck","image":{"@type":"ImageObject","inLanguage":"fr-FR","@id":"https:\/\/secure.gravatar.com\/avatar\/fc1bd94c7d40f2446e6bf778bb34cf9ab000168f63533cec8e072f4ad96ce7f3?s=96&d=mm&r=g","url":"https:\/\/secure.gravatar.com\/avatar\/fc1bd94c7d40f2446e6bf778bb34cf9ab000168f63533cec8e072f4ad96ce7f3?s=96&d=mm&r=g","contentUrl":"https:\/\/secure.gravatar.com\/avatar\/fc1bd94c7d40f2446e6bf778bb34cf9ab000168f63533cec8e072f4ad96ce7f3?s=96&d=mm&r=g","caption":"Jorg Snoeck"},"url":"https:\/\/www.retaildetail.be\/fr\/author\/jorgsnoeck\/"}]}},"jetpack_featured_media_url":"https:\/\/www.retaildetail.be\/wp-content\/uploads\/2026\/03\/Brax-Produktausstattung.jpeg","jetpack_sharing_enabled":true,"_links":{"self":[{"href":"https:\/\/www.retaildetail.be\/fr\/wp-json\/wp\/v2\/posts\/143699","targetHints":{"allow":["GET"]}}],"collection":[{"href":"https:\/\/www.retaildetail.be\/fr\/wp-json\/wp\/v2\/posts"}],"about":[{"href":"https:\/\/www.retaildetail.be\/fr\/wp-json\/wp\/v2\/types\/post"}],"author":[{"embeddable":true,"href":"https:\/\/www.retaildetail.be\/fr\/wp-json\/wp\/v2\/users\/10"}],"replies":[{"embeddable":true,"href":"https:\/\/www.retaildetail.be\/fr\/wp-json\/wp\/v2\/comments?post=143699"}],"version-history":[{"count":1,"href":"https:\/\/www.retaildetail.be\/fr\/wp-json\/wp\/v2\/posts\/143699\/revisions"}],"predecessor-version":[{"id":143702,"href":"https:\/\/www.retaildetail.be\/fr\/wp-json\/wp\/v2\/posts\/143699\/revisions\/143702"}],"wp:featuredmedia":[{"embeddable":true,"href":"https:\/\/www.retaildetail.be\/fr\/wp-json\/wp\/v2\/media\/143700"}],"wp:attachment":[{"href":"https:\/\/www.retaildetail.be\/fr\/wp-json\/wp\/v2\/media?parent=143699"}],"wp:term":[{"taxonomy":"category","embeddable":true,"href":"https:\/\/www.retaildetail.be\/fr\/wp-json\/wp\/v2\/categories?post=143699"},{"taxonomy":"post_tag","embeddable":true,"href":"https:\/\/www.retaildetail.be\/fr\/wp-json\/wp\/v2\/tags?post=143699"},{"taxonomy":"people","embeddable":true,"href":"https:\/\/www.retaildetail.be\/fr\/wp-json\/wp\/v2\/people?post=143699"},{"taxonomy":"extra","embeddable":true,"href":"https:\/\/www.retaildetail.be\/fr\/wp-json\/wp\/v2\/extra?post=143699"},{"taxonomy":"company","embeddable":true,"href":"https:\/\/www.retaildetail.be\/fr\/wp-json\/wp\/v2\/company?post=143699"},{"taxonomy":"topic","embeddable":true,"href":"https:\/\/www.retaildetail.be\/fr\/wp-json\/wp\/v2\/topic?post=143699"},{"taxonomy":"region","embeddable":true,"href":"https:\/\/www.retaildetail.be\/fr\/wp-json\/wp\/v2\/region?post=143699"}],"curies":[{"name":"wp","href":"https:\/\/api.w.org\/{rel}","templated":true}]}}