{"id":143717,"date":"2026-03-10T14:45:51","date_gmt":"2026-03-10T13:45:51","guid":{"rendered":"https:\/\/www.retaildetail.be\/?p=143717"},"modified":"2026-03-10T14:45:51","modified_gmt":"2026-03-10T13:45:51","slug":"une-annee-douce-pour-lindt-sprungli-les-benefices-augmentent-malgre-les-prix-eleves-du-cacao","status":"publish","type":"post","link":"https:\/\/www.retaildetail.be\/fr\/news\/food\/une-annee-douce-pour-lindt-sprungli-les-benefices-augmentent-malgre-les-prix-eleves-du-cacao\/","title":{"rendered":"Une ann\u00e9e douce pour Lindt &amp; Spr\u00fcngli : les b\u00e9n\u00e9fices augmentent malgr\u00e9 les prix \u00e9lev\u00e9s du cacao"},"content":{"rendered":"\n<p>Le g\u00e9ant suisse du chocolat <strong>Lindt &amp; Spr\u00fcngli<\/strong> a r\u00e9alis\u00e9 en 2025 une croissance de ses b\u00e9n\u00e9fices d&rsquo;environ 10 %, largement sup\u00e9rieure aux attentes du march\u00e9. La forte hausse des prix du cacao ces derni\u00e8res ann\u00e9es a \u00e9t\u00e9 r\u00e9percut\u00e9e avec succ\u00e8s sur les consommateurs. <\/p>\n\n\n\n<h2 class=\"wp-block-heading\">Pr\u00e8s de 20 % plus cher<\/h2>\n\n\n\n<p>Avec un b\u00e9n\u00e9fice d&rsquo;exploitation (EBIT) de 971 millions de francs suisses, soit environ 1,25 milliard d&rsquo;euros, Lindt a d\u00e9pass\u00e9 les pr\u00e9visions moyennes des analystes. Le chiffre d&rsquo;affaires a augment\u00e9 de 12,4 % en termes organiques, en partie gr\u00e2ce \u00e0 une augmentation moyenne des prix de 19 %. Gr\u00e2ce \u00e0 la forte position de la marque de chocolat dans le segment haut de gamme, les consommateurs semblent pr\u00eats \u00e0 payer des prix plus \u00e9lev\u00e9s, m\u00eame en p\u00e9riode d&rsquo;incertitude \u00e9conomique. <\/p>\n\n\n\n<p>La hausse des prix de vente devait compenser l&rsquo;augmentation des co\u00fbts du cacao, une mati\u00e8re premi\u00e8re qui a atteint des niveaux records en 2024 et 2025. La question est de savoir si les amateurs de chocolat seront toujours pr\u00eats \u00e0 payer le prix d&rsquo;un morceau de luxe suisse en 2026. Bien que les prix du cacao affichent une tendance \u00e0 la baisse cette ann\u00e9e et aient m\u00eame chut\u00e9 \u00e0 leur plus bas niveau en trois ans, le march\u00e9 reste volatil. Les analystes avertissent que la pression sur les marges des fabricants de chocolat n&rsquo;a pas encore compl\u00e8tement disparu.<\/p>\n\n\n\n<p>Malgr\u00e9 les r\u00e9sultats positifs enregistr\u00e9s en 2025, Lindt reste donc prudent quant \u00e0 ses pr\u00e9visions pour cette ann\u00e9e. Alors qu&rsquo;en janvier, l&rsquo;entreprise tablait encore sur une croissance organique du chiffre d&rsquo;affaires comprise entre 6 % et 8 %, cette pr\u00e9vision a \u00e9t\u00e9 r\u00e9vis\u00e9e \u00e0 4 % \u00e0 6 %. La marge EBIT a augment\u00e9 de 20 points de base en 2025 pour atteindre 16,4 %, mais reste en de\u00e7\u00e0 de l&rsquo;objectif \u00e0 long terme de 20 \u00e0 40 points de base de croissance par an.<\/p>\n","protected":false},"excerpt":{"rendered":"<p>Le g\u00e9ant suisse du chocolat Lindt &amp; Spr\u00fcngli a r\u00e9alis\u00e9 en 2025 une croissance de ses b\u00e9n\u00e9fices d&rsquo;environ 10 %, largement sup\u00e9rieure aux attentes du march\u00e9. La hausse importante des prix du cacao ces derni\u00e8res ann\u00e9es a \u00e9t\u00e9 r\u00e9percut\u00e9e avec succ\u00e8s sur les consommateurs. <\/p>\n","protected":false},"author":5,"featured_media":143718,"comment_status":"closed","ping_status":"closed","sticky":false,"template":"","format":"standard","meta":{"_acf_changed":false,"inline_featured_image":false,"_jetpack_memberships_contains_paid_content":false,"footnotes":""},"categories":[18,24],"tags":[597],"people":[],"extra":[43],"company":[1608],"topic":[266],"region":[885],"class_list":{"0":"post-143717","1":"post","2":"type-post","3":"status-publish","4":"format-standard","5":"has-post-thumbnail","6":"hentry","7":"category-food","9":"tag-chocolade","10":"extra-plus","11":"company-lindt-sprungli","12":"topic-resultats-financiers","13":"region-suisse"},"acf":[],"yoast_head":"<!-- This site is optimized with the Yoast SEO plugin v27.3 - https:\/\/yoast.com\/product\/yoast-seo-wordpress\/ -->\n<title>Une ann\u00e9e douce pour Lindt &amp; Spr\u00fcngli : les b\u00e9n\u00e9fices augmentent malgr\u00e9 les prix \u00e9lev\u00e9s du cacao - RetailDetail BE<\/title>\n<meta name=\"description\" content=\"Le g\u00e9ant suisse du chocolat Lindt &amp; Spr\u00fcngli a r\u00e9alis\u00e9 en 2025 une croissance de ses b\u00e9n\u00e9fices de 10 %, malgr\u00e9 la hausse des prix du cacao.\" \/>\n<meta name=\"robots\" content=\"index, follow, max-snippet:-1, max-image-preview:large, max-video-preview:-1\" \/>\n<link rel=\"canonical\" href=\"https:\/\/www.retaildetail.be\/fr\/news\/food\/une-annee-douce-pour-lindt-sprungli-les-benefices-augmentent-malgre-les-prix-eleves-du-cacao\/\" \/>\n<meta property=\"og:locale\" content=\"fr_FR\" \/>\n<meta property=\"og:type\" content=\"article\" \/>\n<meta property=\"og:title\" content=\"Une ann\u00e9e douce pour Lindt &amp; Spr\u00fcngli : les b\u00e9n\u00e9fices augmentent malgr\u00e9 les prix \u00e9lev\u00e9s du cacao - RetailDetail BE\" \/>\n<meta property=\"og:description\" content=\"Le g\u00e9ant suisse du chocolat Lindt &amp; Spr\u00fcngli a r\u00e9alis\u00e9 en 2025 une croissance de ses b\u00e9n\u00e9fices de 10 %, malgr\u00e9 la hausse des prix du cacao.\" \/>\n<meta property=\"og:url\" content=\"https:\/\/www.retaildetail.be\/fr\/news\/food\/une-annee-douce-pour-lindt-sprungli-les-benefices-augmentent-malgre-les-prix-eleves-du-cacao\/\" \/>\n<meta property=\"og:site_name\" content=\"RetailDetail BE\" \/>\n<meta property=\"article:published_time\" content=\"2026-03-10T13:45:51+00:00\" \/>\n<meta property=\"og:image\" content=\"https:\/\/www.retaildetail.be\/wp-content\/uploads\/2026\/03\/Lindt-paashaas-chocolade.jpg\" \/>\n\t<meta property=\"og:image:width\" content=\"1000\" \/>\n\t<meta property=\"og:image:height\" content=\"750\" \/>\n\t<meta property=\"og:image:type\" content=\"image\/jpeg\" \/>\n<meta name=\"author\" content=\"Pauline Neerman\" \/>\n<meta name=\"twitter:card\" content=\"summary_large_image\" \/>\n<meta name=\"twitter:label1\" content=\"\u00c9crit par\" \/>\n\t<meta name=\"twitter:data1\" content=\"Pauline Neerman\" \/>\n\t<meta name=\"twitter:label2\" content=\"Dur\u00e9e de lecture estim\u00e9e\" \/>\n\t<meta name=\"twitter:data2\" content=\"2 minutes\" \/>\n<script type=\"application\/ld+json\" class=\"yoast-schema-graph\">{\"@context\":\"https:\\\/\\\/schema.org\",\"@graph\":[{\"@type\":\"NewsArticle\",\"@id\":\"https:\\\/\\\/www.retaildetail.be\\\/fr\\\/news\\\/food\\\/une-annee-douce-pour-lindt-sprungli-les-benefices-augmentent-malgre-les-prix-eleves-du-cacao\\\/#article\",\"isPartOf\":{\"@id\":\"https:\\\/\\\/www.retaildetail.be\\\/fr\\\/news\\\/food\\\/une-annee-douce-pour-lindt-sprungli-les-benefices-augmentent-malgre-les-prix-eleves-du-cacao\\\/\"},\"author\":{\"name\":\"Pauline Neerman\",\"@id\":\"https:\\\/\\\/www.retaildetail.be\\\/nl\\\/#\\\/schema\\\/person\\\/66b54803fa10759039079458ea89e307\"},\"headline\":\"Une ann\u00e9e douce pour Lindt &amp; Spr\u00fcngli : les b\u00e9n\u00e9fices augmentent malgr\u00e9 les prix \u00e9lev\u00e9s du cacao\",\"datePublished\":\"2026-03-10T13:45:51+00:00\",\"mainEntityOfPage\":{\"@id\":\"https:\\\/\\\/www.retaildetail.be\\\/fr\\\/news\\\/food\\\/une-annee-douce-pour-lindt-sprungli-les-benefices-augmentent-malgre-les-prix-eleves-du-cacao\\\/\"},\"wordCount\":340,\"publisher\":{\"@id\":\"https:\\\/\\\/www.retaildetail.be\\\/nl\\\/#organization\"},\"image\":{\"@id\":\"https:\\\/\\\/www.retaildetail.be\\\/fr\\\/news\\\/food\\\/une-annee-douce-pour-lindt-sprungli-les-benefices-augmentent-malgre-les-prix-eleves-du-cacao\\\/#primaryimage\"},\"thumbnailUrl\":\"https:\\\/\\\/www.retaildetail.be\\\/wp-content\\\/uploads\\\/2026\\\/03\\\/Lindt-paashaas-chocolade.jpg\",\"keywords\":[\"Chocolade\"],\"articleSection\":[\"Food\",\"Food\"],\"inLanguage\":\"fr-FR\",\"copyrightYear\":\"2026\",\"copyrightHolder\":{\"@id\":\"https:\\\/\\\/www.retaildetail.be\\\/#organization\"}},{\"@type\":\"WebPage\",\"@id\":\"https:\\\/\\\/www.retaildetail.be\\\/fr\\\/news\\\/food\\\/une-annee-douce-pour-lindt-sprungli-les-benefices-augmentent-malgre-les-prix-eleves-du-cacao\\\/\",\"url\":\"https:\\\/\\\/www.retaildetail.be\\\/fr\\\/news\\\/food\\\/une-annee-douce-pour-lindt-sprungli-les-benefices-augmentent-malgre-les-prix-eleves-du-cacao\\\/\",\"name\":\"Une ann\u00e9e douce pour Lindt &amp; Spr\u00fcngli : les b\u00e9n\u00e9fices augmentent malgr\u00e9 les prix \u00e9lev\u00e9s du cacao - RetailDetail BE\",\"isPartOf\":{\"@id\":\"https:\\\/\\\/www.retaildetail.be\\\/nl\\\/#website\"},\"primaryImageOfPage\":{\"@id\":\"https:\\\/\\\/www.retaildetail.be\\\/fr\\\/news\\\/food\\\/une-annee-douce-pour-lindt-sprungli-les-benefices-augmentent-malgre-les-prix-eleves-du-cacao\\\/#primaryimage\"},\"image\":{\"@id\":\"https:\\\/\\\/www.retaildetail.be\\\/fr\\\/news\\\/food\\\/une-annee-douce-pour-lindt-sprungli-les-benefices-augmentent-malgre-les-prix-eleves-du-cacao\\\/#primaryimage\"},\"thumbnailUrl\":\"https:\\\/\\\/www.retaildetail.be\\\/wp-content\\\/uploads\\\/2026\\\/03\\\/Lindt-paashaas-chocolade.jpg\",\"datePublished\":\"2026-03-10T13:45:51+00:00\",\"description\":\"Le g\u00e9ant suisse du chocolat Lindt & Spr\u00fcngli a r\u00e9alis\u00e9 en 2025 une croissance de ses b\u00e9n\u00e9fices de 10 %, malgr\u00e9 la hausse des prix du cacao.\",\"breadcrumb\":{\"@id\":\"https:\\\/\\\/www.retaildetail.be\\\/fr\\\/news\\\/food\\\/une-annee-douce-pour-lindt-sprungli-les-benefices-augmentent-malgre-les-prix-eleves-du-cacao\\\/#breadcrumb\"},\"inLanguage\":\"fr-FR\",\"potentialAction\":[{\"@type\":\"ReadAction\",\"target\":[\"https:\\\/\\\/www.retaildetail.be\\\/fr\\\/news\\\/food\\\/une-annee-douce-pour-lindt-sprungli-les-benefices-augmentent-malgre-les-prix-eleves-du-cacao\\\/\"]}]},{\"@type\":\"ImageObject\",\"inLanguage\":\"fr-FR\",\"@id\":\"https:\\\/\\\/www.retaildetail.be\\\/fr\\\/news\\\/food\\\/une-annee-douce-pour-lindt-sprungli-les-benefices-augmentent-malgre-les-prix-eleves-du-cacao\\\/#primaryimage\",\"url\":\"https:\\\/\\\/www.retaildetail.be\\\/wp-content\\\/uploads\\\/2026\\\/03\\\/Lindt-paashaas-chocolade.jpg\",\"contentUrl\":\"https:\\\/\\\/www.retaildetail.be\\\/wp-content\\\/uploads\\\/2026\\\/03\\\/Lindt-paashaas-chocolade.jpg\",\"width\":1000,\"height\":750,\"caption\":\"AlexBuess \\\/ Shutterstock.com\"},{\"@type\":\"BreadcrumbList\",\"@id\":\"https:\\\/\\\/www.retaildetail.be\\\/fr\\\/news\\\/food\\\/une-annee-douce-pour-lindt-sprungli-les-benefices-augmentent-malgre-les-prix-eleves-du-cacao\\\/#breadcrumb\",\"itemListElement\":[{\"@type\":\"ListItem\",\"position\":1,\"name\":\"Home\",\"item\":\"https:\\\/\\\/www.retaildetail.be\\\/fr\\\/\"},{\"@type\":\"ListItem\",\"position\":2,\"name\":\"Une ann\u00e9e douce pour Lindt &amp; Spr\u00fcngli : les b\u00e9n\u00e9fices augmentent malgr\u00e9 les prix \u00e9lev\u00e9s du cacao\"}]},{\"@type\":\"WebSite\",\"@id\":\"https:\\\/\\\/www.retaildetail.be\\\/nl\\\/#website\",\"url\":\"https:\\\/\\\/www.retaildetail.be\\\/nl\\\/\",\"name\":\"RetailDetail BE\",\"description\":\"News\",\"publisher\":{\"@id\":\"https:\\\/\\\/www.retaildetail.be\\\/nl\\\/#organization\"},\"potentialAction\":[{\"@type\":\"SearchAction\",\"target\":{\"@type\":\"EntryPoint\",\"urlTemplate\":\"https:\\\/\\\/www.retaildetail.be\\\/nl\\\/?s={search_term_string}\"},\"query-input\":{\"@type\":\"PropertyValueSpecification\",\"valueRequired\":true,\"valueName\":\"search_term_string\"}}],\"inLanguage\":\"fr-FR\"},{\"@type\":\"Organization\",\"@id\":\"https:\\\/\\\/www.retaildetail.be\\\/nl\\\/#organization\",\"name\":\"RetailDetail BE\",\"url\":\"https:\\\/\\\/www.retaildetail.be\\\/nl\\\/\",\"logo\":{\"@type\":\"ImageObject\",\"inLanguage\":\"fr-FR\",\"@id\":\"https:\\\/\\\/www.retaildetail.be\\\/nl\\\/#\\\/schema\\\/logo\\\/image\\\/\",\"url\":\"https:\\\/\\\/www.retaildetail.be\\\/wp-content\\\/uploads\\\/2022\\\/04\\\/logo.svg\",\"contentUrl\":\"https:\\\/\\\/www.retaildetail.be\\\/wp-content\\\/uploads\\\/2022\\\/04\\\/logo.svg\",\"width\":131,\"height\":70,\"caption\":\"RetailDetail BE\"},\"image\":{\"@id\":\"https:\\\/\\\/www.retaildetail.be\\\/nl\\\/#\\\/schema\\\/logo\\\/image\\\/\"}},{\"@type\":\"Person\",\"@id\":\"https:\\\/\\\/www.retaildetail.be\\\/nl\\\/#\\\/schema\\\/person\\\/66b54803fa10759039079458ea89e307\",\"name\":\"Pauline Neerman\",\"image\":{\"@type\":\"ImageObject\",\"inLanguage\":\"fr-FR\",\"@id\":\"https:\\\/\\\/secure.gravatar.com\\\/avatar\\\/58db22aee589a691f9603e5765ac06010427a923f9b2728b951eb7fe27214d70?s=96&d=mm&r=g\",\"url\":\"https:\\\/\\\/secure.gravatar.com\\\/avatar\\\/58db22aee589a691f9603e5765ac06010427a923f9b2728b951eb7fe27214d70?s=96&d=mm&r=g\",\"contentUrl\":\"https:\\\/\\\/secure.gravatar.com\\\/avatar\\\/58db22aee589a691f9603e5765ac06010427a923f9b2728b951eb7fe27214d70?s=96&d=mm&r=g\",\"caption\":\"Pauline Neerman\"},\"url\":\"https:\\\/\\\/www.retaildetail.be\\\/fr\\\/author\\\/paulineneerman\\\/\"}]}<\/script>\n<!-- \/ Yoast SEO plugin. -->","yoast_head_json":{"title":"Une ann\u00e9e douce pour Lindt &amp; Spr\u00fcngli : les b\u00e9n\u00e9fices augmentent malgr\u00e9 les prix \u00e9lev\u00e9s du cacao - RetailDetail BE","description":"Le g\u00e9ant suisse du chocolat Lindt & Spr\u00fcngli a r\u00e9alis\u00e9 en 2025 une croissance de ses b\u00e9n\u00e9fices de 10 %, malgr\u00e9 la hausse des prix du cacao.","robots":{"index":"index","follow":"follow","max-snippet":"max-snippet:-1","max-image-preview":"max-image-preview:large","max-video-preview":"max-video-preview:-1"},"canonical":"https:\/\/www.retaildetail.be\/fr\/news\/food\/une-annee-douce-pour-lindt-sprungli-les-benefices-augmentent-malgre-les-prix-eleves-du-cacao\/","og_locale":"fr_FR","og_type":"article","og_title":"Une ann\u00e9e douce pour Lindt &amp; Spr\u00fcngli : les b\u00e9n\u00e9fices augmentent malgr\u00e9 les prix \u00e9lev\u00e9s du cacao - RetailDetail BE","og_description":"Le g\u00e9ant suisse du chocolat Lindt & Spr\u00fcngli a r\u00e9alis\u00e9 en 2025 une croissance de ses b\u00e9n\u00e9fices de 10 %, malgr\u00e9 la hausse des prix du cacao.","og_url":"https:\/\/www.retaildetail.be\/fr\/news\/food\/une-annee-douce-pour-lindt-sprungli-les-benefices-augmentent-malgre-les-prix-eleves-du-cacao\/","og_site_name":"RetailDetail BE","article_published_time":"2026-03-10T13:45:51+00:00","og_image":[{"width":1000,"height":750,"url":"https:\/\/www.retaildetail.be\/wp-content\/uploads\/2026\/03\/Lindt-paashaas-chocolade.jpg","type":"image\/jpeg"}],"author":"Pauline Neerman","twitter_card":"summary_large_image","twitter_misc":{"\u00c9crit par":"Pauline Neerman","Dur\u00e9e de lecture estim\u00e9e":"2 minutes"},"schema":{"@context":"https:\/\/schema.org","@graph":[{"@type":"NewsArticle","@id":"https:\/\/www.retaildetail.be\/fr\/news\/food\/une-annee-douce-pour-lindt-sprungli-les-benefices-augmentent-malgre-les-prix-eleves-du-cacao\/#article","isPartOf":{"@id":"https:\/\/www.retaildetail.be\/fr\/news\/food\/une-annee-douce-pour-lindt-sprungli-les-benefices-augmentent-malgre-les-prix-eleves-du-cacao\/"},"author":{"name":"Pauline Neerman","@id":"https:\/\/www.retaildetail.be\/nl\/#\/schema\/person\/66b54803fa10759039079458ea89e307"},"headline":"Une ann\u00e9e douce pour Lindt &amp; Spr\u00fcngli : les b\u00e9n\u00e9fices augmentent malgr\u00e9 les prix \u00e9lev\u00e9s du cacao","datePublished":"2026-03-10T13:45:51+00:00","mainEntityOfPage":{"@id":"https:\/\/www.retaildetail.be\/fr\/news\/food\/une-annee-douce-pour-lindt-sprungli-les-benefices-augmentent-malgre-les-prix-eleves-du-cacao\/"},"wordCount":340,"publisher":{"@id":"https:\/\/www.retaildetail.be\/nl\/#organization"},"image":{"@id":"https:\/\/www.retaildetail.be\/fr\/news\/food\/une-annee-douce-pour-lindt-sprungli-les-benefices-augmentent-malgre-les-prix-eleves-du-cacao\/#primaryimage"},"thumbnailUrl":"https:\/\/www.retaildetail.be\/wp-content\/uploads\/2026\/03\/Lindt-paashaas-chocolade.jpg","keywords":["Chocolade"],"articleSection":["Food","Food"],"inLanguage":"fr-FR","copyrightYear":"2026","copyrightHolder":{"@id":"https:\/\/www.retaildetail.be\/#organization"}},{"@type":"WebPage","@id":"https:\/\/www.retaildetail.be\/fr\/news\/food\/une-annee-douce-pour-lindt-sprungli-les-benefices-augmentent-malgre-les-prix-eleves-du-cacao\/","url":"https:\/\/www.retaildetail.be\/fr\/news\/food\/une-annee-douce-pour-lindt-sprungli-les-benefices-augmentent-malgre-les-prix-eleves-du-cacao\/","name":"Une ann\u00e9e douce pour Lindt &amp; Spr\u00fcngli : les b\u00e9n\u00e9fices augmentent malgr\u00e9 les prix \u00e9lev\u00e9s du cacao - RetailDetail BE","isPartOf":{"@id":"https:\/\/www.retaildetail.be\/nl\/#website"},"primaryImageOfPage":{"@id":"https:\/\/www.retaildetail.be\/fr\/news\/food\/une-annee-douce-pour-lindt-sprungli-les-benefices-augmentent-malgre-les-prix-eleves-du-cacao\/#primaryimage"},"image":{"@id":"https:\/\/www.retaildetail.be\/fr\/news\/food\/une-annee-douce-pour-lindt-sprungli-les-benefices-augmentent-malgre-les-prix-eleves-du-cacao\/#primaryimage"},"thumbnailUrl":"https:\/\/www.retaildetail.be\/wp-content\/uploads\/2026\/03\/Lindt-paashaas-chocolade.jpg","datePublished":"2026-03-10T13:45:51+00:00","description":"Le g\u00e9ant suisse du chocolat Lindt & Spr\u00fcngli a r\u00e9alis\u00e9 en 2025 une croissance de ses b\u00e9n\u00e9fices de 10 %, malgr\u00e9 la hausse des prix du cacao.","breadcrumb":{"@id":"https:\/\/www.retaildetail.be\/fr\/news\/food\/une-annee-douce-pour-lindt-sprungli-les-benefices-augmentent-malgre-les-prix-eleves-du-cacao\/#breadcrumb"},"inLanguage":"fr-FR","potentialAction":[{"@type":"ReadAction","target":["https:\/\/www.retaildetail.be\/fr\/news\/food\/une-annee-douce-pour-lindt-sprungli-les-benefices-augmentent-malgre-les-prix-eleves-du-cacao\/"]}]},{"@type":"ImageObject","inLanguage":"fr-FR","@id":"https:\/\/www.retaildetail.be\/fr\/news\/food\/une-annee-douce-pour-lindt-sprungli-les-benefices-augmentent-malgre-les-prix-eleves-du-cacao\/#primaryimage","url":"https:\/\/www.retaildetail.be\/wp-content\/uploads\/2026\/03\/Lindt-paashaas-chocolade.jpg","contentUrl":"https:\/\/www.retaildetail.be\/wp-content\/uploads\/2026\/03\/Lindt-paashaas-chocolade.jpg","width":1000,"height":750,"caption":"AlexBuess \/ Shutterstock.com"},{"@type":"BreadcrumbList","@id":"https:\/\/www.retaildetail.be\/fr\/news\/food\/une-annee-douce-pour-lindt-sprungli-les-benefices-augmentent-malgre-les-prix-eleves-du-cacao\/#breadcrumb","itemListElement":[{"@type":"ListItem","position":1,"name":"Home","item":"https:\/\/www.retaildetail.be\/fr\/"},{"@type":"ListItem","position":2,"name":"Une ann\u00e9e douce pour Lindt &amp; Spr\u00fcngli : les b\u00e9n\u00e9fices augmentent malgr\u00e9 les prix \u00e9lev\u00e9s du cacao"}]},{"@type":"WebSite","@id":"https:\/\/www.retaildetail.be\/nl\/#website","url":"https:\/\/www.retaildetail.be\/nl\/","name":"RetailDetail BE","description":"News","publisher":{"@id":"https:\/\/www.retaildetail.be\/nl\/#organization"},"potentialAction":[{"@type":"SearchAction","target":{"@type":"EntryPoint","urlTemplate":"https:\/\/www.retaildetail.be\/nl\/?s={search_term_string}"},"query-input":{"@type":"PropertyValueSpecification","valueRequired":true,"valueName":"search_term_string"}}],"inLanguage":"fr-FR"},{"@type":"Organization","@id":"https:\/\/www.retaildetail.be\/nl\/#organization","name":"RetailDetail BE","url":"https:\/\/www.retaildetail.be\/nl\/","logo":{"@type":"ImageObject","inLanguage":"fr-FR","@id":"https:\/\/www.retaildetail.be\/nl\/#\/schema\/logo\/image\/","url":"https:\/\/www.retaildetail.be\/wp-content\/uploads\/2022\/04\/logo.svg","contentUrl":"https:\/\/www.retaildetail.be\/wp-content\/uploads\/2022\/04\/logo.svg","width":131,"height":70,"caption":"RetailDetail BE"},"image":{"@id":"https:\/\/www.retaildetail.be\/nl\/#\/schema\/logo\/image\/"}},{"@type":"Person","@id":"https:\/\/www.retaildetail.be\/nl\/#\/schema\/person\/66b54803fa10759039079458ea89e307","name":"Pauline Neerman","image":{"@type":"ImageObject","inLanguage":"fr-FR","@id":"https:\/\/secure.gravatar.com\/avatar\/58db22aee589a691f9603e5765ac06010427a923f9b2728b951eb7fe27214d70?s=96&d=mm&r=g","url":"https:\/\/secure.gravatar.com\/avatar\/58db22aee589a691f9603e5765ac06010427a923f9b2728b951eb7fe27214d70?s=96&d=mm&r=g","contentUrl":"https:\/\/secure.gravatar.com\/avatar\/58db22aee589a691f9603e5765ac06010427a923f9b2728b951eb7fe27214d70?s=96&d=mm&r=g","caption":"Pauline Neerman"},"url":"https:\/\/www.retaildetail.be\/fr\/author\/paulineneerman\/"}]}},"jetpack_featured_media_url":"https:\/\/www.retaildetail.be\/wp-content\/uploads\/2026\/03\/Lindt-paashaas-chocolade.jpg","jetpack_sharing_enabled":true,"_links":{"self":[{"href":"https:\/\/www.retaildetail.be\/fr\/wp-json\/wp\/v2\/posts\/143717","targetHints":{"allow":["GET"]}}],"collection":[{"href":"https:\/\/www.retaildetail.be\/fr\/wp-json\/wp\/v2\/posts"}],"about":[{"href":"https:\/\/www.retaildetail.be\/fr\/wp-json\/wp\/v2\/types\/post"}],"author":[{"embeddable":true,"href":"https:\/\/www.retaildetail.be\/fr\/wp-json\/wp\/v2\/users\/5"}],"replies":[{"embeddable":true,"href":"https:\/\/www.retaildetail.be\/fr\/wp-json\/wp\/v2\/comments?post=143717"}],"version-history":[{"count":1,"href":"https:\/\/www.retaildetail.be\/fr\/wp-json\/wp\/v2\/posts\/143717\/revisions"}],"predecessor-version":[{"id":143719,"href":"https:\/\/www.retaildetail.be\/fr\/wp-json\/wp\/v2\/posts\/143717\/revisions\/143719"}],"wp:featuredmedia":[{"embeddable":true,"href":"https:\/\/www.retaildetail.be\/fr\/wp-json\/wp\/v2\/media\/143718"}],"wp:attachment":[{"href":"https:\/\/www.retaildetail.be\/fr\/wp-json\/wp\/v2\/media?parent=143717"}],"wp:term":[{"taxonomy":"category","embeddable":true,"href":"https:\/\/www.retaildetail.be\/fr\/wp-json\/wp\/v2\/categories?post=143717"},{"taxonomy":"post_tag","embeddable":true,"href":"https:\/\/www.retaildetail.be\/fr\/wp-json\/wp\/v2\/tags?post=143717"},{"taxonomy":"people","embeddable":true,"href":"https:\/\/www.retaildetail.be\/fr\/wp-json\/wp\/v2\/people?post=143717"},{"taxonomy":"extra","embeddable":true,"href":"https:\/\/www.retaildetail.be\/fr\/wp-json\/wp\/v2\/extra?post=143717"},{"taxonomy":"company","embeddable":true,"href":"https:\/\/www.retaildetail.be\/fr\/wp-json\/wp\/v2\/company?post=143717"},{"taxonomy":"topic","embeddable":true,"href":"https:\/\/www.retaildetail.be\/fr\/wp-json\/wp\/v2\/topic?post=143717"},{"taxonomy":"region","embeddable":true,"href":"https:\/\/www.retaildetail.be\/fr\/wp-json\/wp\/v2\/region?post=143717"}],"curies":[{"name":"wp","href":"https:\/\/api.w.org\/{rel}","templated":true}]}}