{"id":143750,"date":"2026-03-10T16:46:15","date_gmt":"2026-03-10T15:46:15","guid":{"rendered":"https:\/\/www.retaildetail.be\/?p=143750"},"modified":"2026-03-10T16:46:16","modified_gmt":"2026-03-10T15:46:16","slug":"du-chocolat-cultive-en-laboratoire-sera-commercialise-cette-annee","status":"publish","type":"post","link":"https:\/\/www.retaildetail.be\/fr\/news\/food\/du-chocolat-cultive-en-laboratoire-sera-commercialise-cette-annee\/","title":{"rendered":"Du chocolat cultiv\u00e9 en laboratoire commercialis\u00e9 d\u00e8s cette ann\u00e9e"},"content":{"rendered":"\n<p>Du cacao sans plante : c&rsquo;est ce que lance le g\u00e9ant belge des ingr\u00e9dients de boulangerie <strong>Puratos <\/strong>aux \u00c9tats-Unis. Le premier chocolat professionnel fabriqu\u00e9 \u00e0 partir de cacao cultiv\u00e9 en laboratoire sera commercialis\u00e9 \u00e0 la fin de cette ann\u00e9e.<\/p>\n\n\n\n<h2 class=\"wp-block-heading\">Une r\u00e9ponse \u00e0 la crise du cacao<\/h2>\n\n\n\n<p>L&rsquo;industrie du chocolat est sous pression depuis des ann\u00e9es. Le changement climatique, les maladies et la d\u00e9forestation ill\u00e9gale en Afrique de l&rsquo;Ouest \u2013 o\u00f9 se concentre 70 % de la production mondiale de cacao \u2013 ont entra\u00een\u00e9 des prix record et des r\u00e9coltes impr\u00e9visibles. En 2024, le prix du cacao a atteint un sommet historique de 12 000 dollars la tonne, avant de chuter \u00e0 nouveau sous la barre des 4 000 dollars au d\u00e9but de l&rsquo;ann\u00e9e 2026. <\/p>\n\n\n\n<p>Pour pallier cette volatilit\u00e9 et cette incertitude, Puratos d\u00e9veloppe, en collaboration avec le laboratoire am\u00e9ricain <strong>California Cultured<\/strong>, du cacao cultiv\u00e9 en laboratoire, comparable \u00e0 la viande cultiv\u00e9e. Au lieu de r\u00e9colter les f\u00e8ves de cacao sur les arbres, le cacao cultiv\u00e9 consiste \u00e0 cultiver des tissus cellulaires du cacaoyer dans un environnement contr\u00f4l\u00e9, tel que des bior\u00e9acteurs.<\/p>\n\n\n\n<p>La p\u00e2te et le beurre de cacao cultiv\u00e9s artificiellement auraient les m\u00eames propri\u00e9t\u00e9s gustatives et fonctionnelles que le cacao classique. California Cultured y travaille en effet depuis des ann\u00e9es. De plus, le processus est ind\u00e9pendant du climat et peut avoir lieu toute l&rsquo;ann\u00e9e, sans d\u00e9pendre des saisons ou des contraintes g\u00e9ographiques. Puratos le qualifie donc de solution p\u00e9renne.<\/p>\n\n\n\n<h2 class=\"wp-block-heading\">Anticiper le changement climatique<\/h2>\n\n\n\n<p>Puratos souligne toutefois qu&rsquo;il ne s&rsquo;agit pas d&rsquo;un remplacement, mais d&rsquo;un compl\u00e9ment \u00e0 la culture traditionnelle du cacao. \u00ab Nous continuons \u00e0 nous engager en faveur des producteurs de cacao via notre programme Cacao-Trace, mais nous devons \u00e9galement nous tourner vers l&rsquo;avenir \u00bb, explique Youri Dumont, directeur de la Chocolate Strategic Business Unit chez Puratos. \u00ab Cette technologie peut contribuer \u00e0 garantir la s\u00e9curit\u00e9 d&rsquo;approvisionnement et la qualit\u00e9, quelles que soient les fluctuations climatiques. \u00bb<\/p>\n\n\n\n<p>Avant que le produit puisse \u00eatre lanc\u00e9 sur le march\u00e9 am\u00e9ricain, il doit encore \u00eatre approuv\u00e9 par la FDA. Puratos n&rsquo;exclut pas que le cacao soit ensuite commercialis\u00e9 en Europe et dans d&rsquo;autres r\u00e9gions, mais souhaite d&rsquo;abord acqu\u00e9rir de l&rsquo;exp\u00e9rience sur le march\u00e9 am\u00e9ricain et explorer la r\u00e9glementation dans d&rsquo;autres pays. La scalabilit\u00e9 reste \u00e9galement un d\u00e9fi : les installations de production sp\u00e9cialis\u00e9es et les investissements \u00e9lev\u00e9s limitent les volumes et donc la viabilit\u00e9 commerciale \u00e0 court terme. <\/p>\n","protected":false},"excerpt":{"rendered":"<p>Du cacao sans plante : c&rsquo;est ce que lance Puratos aux \u00c9tats-Unis. Le premier chocolat professionnel fabriqu\u00e9 \u00e0 partir de cacao cultiv\u00e9 en laboratoire sera commercialis\u00e9 \u00e0 la fin de cette ann\u00e9e.<\/p>\n","protected":false},"author":5,"featured_media":143751,"comment_status":"closed","ping_status":"closed","sticky":false,"template":"","format":"standard","meta":{"_acf_changed":false,"inline_featured_image":false,"_jetpack_memberships_contains_paid_content":false,"footnotes":""},"categories":[18,24],"tags":[597],"people":[],"extra":[43],"company":[1975],"topic":[462],"region":[446],"class_list":{"0":"post-143750","1":"post","2":"type-post","3":"status-publish","4":"format-standard","5":"has-post-thumbnail","6":"hentry","7":"category-food","9":"tag-chocolade","10":"extra-plus","11":"company-puratos","12":"topic-innovation","13":"region-etats-unis-2"},"acf":[],"yoast_head":"<!-- This site is optimized with the Yoast SEO plugin v27.3 - https:\/\/yoast.com\/product\/yoast-seo-wordpress\/ -->\n<title>Du chocolat cultiv\u00e9 en laboratoire commercialis\u00e9 d\u00e8s cette ann\u00e9e - RetailDetail BE<\/title>\n<meta name=\"description\" content=\"Du cacao sans plante : c&#039;est ce que lance Puratos aux \u00c9tats-Unis. Le premier chocolat fabriqu\u00e9 \u00e0 partir de cacao cultiv\u00e9 en laboratoire sera commercialis\u00e9 \u00e0 la fin de cette ann\u00e9e.\" \/>\n<meta name=\"robots\" content=\"index, follow, max-snippet:-1, max-image-preview:large, max-video-preview:-1\" \/>\n<link rel=\"canonical\" href=\"https:\/\/www.retaildetail.be\/fr\/news\/food\/du-chocolat-cultive-en-laboratoire-sera-commercialise-cette-annee\/\" \/>\n<meta property=\"og:locale\" content=\"fr_FR\" \/>\n<meta property=\"og:type\" content=\"article\" \/>\n<meta property=\"og:title\" content=\"Du chocolat cultiv\u00e9 en laboratoire commercialis\u00e9 d\u00e8s cette ann\u00e9e - RetailDetail BE\" \/>\n<meta property=\"og:description\" content=\"Du cacao sans plante : c&#039;est ce que lance Puratos aux \u00c9tats-Unis. Le premier chocolat fabriqu\u00e9 \u00e0 partir de cacao cultiv\u00e9 en laboratoire sera commercialis\u00e9 \u00e0 la fin de cette ann\u00e9e.\" \/>\n<meta property=\"og:url\" content=\"https:\/\/www.retaildetail.be\/fr\/news\/food\/du-chocolat-cultive-en-laboratoire-sera-commercialise-cette-annee\/\" \/>\n<meta property=\"og:site_name\" content=\"RetailDetail BE\" \/>\n<meta property=\"article:published_time\" content=\"2026-03-10T15:46:15+00:00\" \/>\n<meta property=\"article:modified_time\" content=\"2026-03-10T15:46:16+00:00\" \/>\n<meta property=\"og:image\" content=\"https:\/\/www.retaildetail.be\/wp-content\/uploads\/2026\/03\/puratos-kweekcacao-1.png\" \/>\n\t<meta property=\"og:image:width\" content=\"787\" \/>\n\t<meta property=\"og:image:height\" content=\"514\" \/>\n\t<meta property=\"og:image:type\" content=\"image\/png\" \/>\n<meta name=\"author\" content=\"Pauline Neerman\" \/>\n<meta name=\"twitter:card\" content=\"summary_large_image\" \/>\n<meta name=\"twitter:label1\" content=\"\u00c9crit par\" \/>\n\t<meta name=\"twitter:data1\" content=\"Pauline Neerman\" \/>\n\t<meta name=\"twitter:label2\" content=\"Dur\u00e9e de lecture estim\u00e9e\" \/>\n\t<meta name=\"twitter:data2\" content=\"2 minutes\" \/>\n<script type=\"application\/ld+json\" class=\"yoast-schema-graph\">{\"@context\":\"https:\\\/\\\/schema.org\",\"@graph\":[{\"@type\":\"NewsArticle\",\"@id\":\"https:\\\/\\\/www.retaildetail.be\\\/fr\\\/news\\\/food\\\/du-chocolat-cultive-en-laboratoire-sera-commercialise-cette-annee\\\/#article\",\"isPartOf\":{\"@id\":\"https:\\\/\\\/www.retaildetail.be\\\/fr\\\/news\\\/food\\\/du-chocolat-cultive-en-laboratoire-sera-commercialise-cette-annee\\\/\"},\"author\":{\"name\":\"Pauline Neerman\",\"@id\":\"https:\\\/\\\/www.retaildetail.be\\\/nl\\\/#\\\/schema\\\/person\\\/66b54803fa10759039079458ea89e307\"},\"headline\":\"Du chocolat cultiv\u00e9 en laboratoire commercialis\u00e9 d\u00e8s cette ann\u00e9e\",\"datePublished\":\"2026-03-10T15:46:15+00:00\",\"dateModified\":\"2026-03-10T15:46:16+00:00\",\"mainEntityOfPage\":{\"@id\":\"https:\\\/\\\/www.retaildetail.be\\\/fr\\\/news\\\/food\\\/du-chocolat-cultive-en-laboratoire-sera-commercialise-cette-annee\\\/\"},\"wordCount\":439,\"publisher\":{\"@id\":\"https:\\\/\\\/www.retaildetail.be\\\/nl\\\/#organization\"},\"image\":{\"@id\":\"https:\\\/\\\/www.retaildetail.be\\\/fr\\\/news\\\/food\\\/du-chocolat-cultive-en-laboratoire-sera-commercialise-cette-annee\\\/#primaryimage\"},\"thumbnailUrl\":\"https:\\\/\\\/www.retaildetail.be\\\/wp-content\\\/uploads\\\/2026\\\/03\\\/puratos-kweekcacao-1.png\",\"keywords\":[\"Chocolade\"],\"articleSection\":[\"Food\",\"Food\"],\"inLanguage\":\"fr-FR\",\"copyrightYear\":\"2026\",\"copyrightHolder\":{\"@id\":\"https:\\\/\\\/www.retaildetail.be\\\/#organization\"}},{\"@type\":\"WebPage\",\"@id\":\"https:\\\/\\\/www.retaildetail.be\\\/fr\\\/news\\\/food\\\/du-chocolat-cultive-en-laboratoire-sera-commercialise-cette-annee\\\/\",\"url\":\"https:\\\/\\\/www.retaildetail.be\\\/fr\\\/news\\\/food\\\/du-chocolat-cultive-en-laboratoire-sera-commercialise-cette-annee\\\/\",\"name\":\"Du chocolat cultiv\u00e9 en laboratoire commercialis\u00e9 d\u00e8s cette ann\u00e9e - RetailDetail BE\",\"isPartOf\":{\"@id\":\"https:\\\/\\\/www.retaildetail.be\\\/nl\\\/#website\"},\"primaryImageOfPage\":{\"@id\":\"https:\\\/\\\/www.retaildetail.be\\\/fr\\\/news\\\/food\\\/du-chocolat-cultive-en-laboratoire-sera-commercialise-cette-annee\\\/#primaryimage\"},\"image\":{\"@id\":\"https:\\\/\\\/www.retaildetail.be\\\/fr\\\/news\\\/food\\\/du-chocolat-cultive-en-laboratoire-sera-commercialise-cette-annee\\\/#primaryimage\"},\"thumbnailUrl\":\"https:\\\/\\\/www.retaildetail.be\\\/wp-content\\\/uploads\\\/2026\\\/03\\\/puratos-kweekcacao-1.png\",\"datePublished\":\"2026-03-10T15:46:15+00:00\",\"dateModified\":\"2026-03-10T15:46:16+00:00\",\"description\":\"Du cacao sans plante : c'est ce que lance Puratos aux \u00c9tats-Unis. Le premier chocolat fabriqu\u00e9 \u00e0 partir de cacao cultiv\u00e9 en laboratoire sera commercialis\u00e9 \u00e0 la fin de cette ann\u00e9e.\",\"breadcrumb\":{\"@id\":\"https:\\\/\\\/www.retaildetail.be\\\/fr\\\/news\\\/food\\\/du-chocolat-cultive-en-laboratoire-sera-commercialise-cette-annee\\\/#breadcrumb\"},\"inLanguage\":\"fr-FR\",\"potentialAction\":[{\"@type\":\"ReadAction\",\"target\":[\"https:\\\/\\\/www.retaildetail.be\\\/fr\\\/news\\\/food\\\/du-chocolat-cultive-en-laboratoire-sera-commercialise-cette-annee\\\/\"]}]},{\"@type\":\"ImageObject\",\"inLanguage\":\"fr-FR\",\"@id\":\"https:\\\/\\\/www.retaildetail.be\\\/fr\\\/news\\\/food\\\/du-chocolat-cultive-en-laboratoire-sera-commercialise-cette-annee\\\/#primaryimage\",\"url\":\"https:\\\/\\\/www.retaildetail.be\\\/wp-content\\\/uploads\\\/2026\\\/03\\\/puratos-kweekcacao-1.png\",\"contentUrl\":\"https:\\\/\\\/www.retaildetail.be\\\/wp-content\\\/uploads\\\/2026\\\/03\\\/puratos-kweekcacao-1.png\",\"width\":787,\"height\":514},{\"@type\":\"BreadcrumbList\",\"@id\":\"https:\\\/\\\/www.retaildetail.be\\\/fr\\\/news\\\/food\\\/du-chocolat-cultive-en-laboratoire-sera-commercialise-cette-annee\\\/#breadcrumb\",\"itemListElement\":[{\"@type\":\"ListItem\",\"position\":1,\"name\":\"Home\",\"item\":\"https:\\\/\\\/www.retaildetail.be\\\/fr\\\/\"},{\"@type\":\"ListItem\",\"position\":2,\"name\":\"Du chocolat cultiv\u00e9 en laboratoire commercialis\u00e9 d\u00e8s cette ann\u00e9e\"}]},{\"@type\":\"WebSite\",\"@id\":\"https:\\\/\\\/www.retaildetail.be\\\/nl\\\/#website\",\"url\":\"https:\\\/\\\/www.retaildetail.be\\\/nl\\\/\",\"name\":\"RetailDetail BE\",\"description\":\"News\",\"publisher\":{\"@id\":\"https:\\\/\\\/www.retaildetail.be\\\/nl\\\/#organization\"},\"potentialAction\":[{\"@type\":\"SearchAction\",\"target\":{\"@type\":\"EntryPoint\",\"urlTemplate\":\"https:\\\/\\\/www.retaildetail.be\\\/nl\\\/?s={search_term_string}\"},\"query-input\":{\"@type\":\"PropertyValueSpecification\",\"valueRequired\":true,\"valueName\":\"search_term_string\"}}],\"inLanguage\":\"fr-FR\"},{\"@type\":\"Organization\",\"@id\":\"https:\\\/\\\/www.retaildetail.be\\\/nl\\\/#organization\",\"name\":\"RetailDetail BE\",\"url\":\"https:\\\/\\\/www.retaildetail.be\\\/nl\\\/\",\"logo\":{\"@type\":\"ImageObject\",\"inLanguage\":\"fr-FR\",\"@id\":\"https:\\\/\\\/www.retaildetail.be\\\/nl\\\/#\\\/schema\\\/logo\\\/image\\\/\",\"url\":\"https:\\\/\\\/www.retaildetail.be\\\/wp-content\\\/uploads\\\/2022\\\/04\\\/logo.svg\",\"contentUrl\":\"https:\\\/\\\/www.retaildetail.be\\\/wp-content\\\/uploads\\\/2022\\\/04\\\/logo.svg\",\"width\":131,\"height\":70,\"caption\":\"RetailDetail BE\"},\"image\":{\"@id\":\"https:\\\/\\\/www.retaildetail.be\\\/nl\\\/#\\\/schema\\\/logo\\\/image\\\/\"}},{\"@type\":\"Person\",\"@id\":\"https:\\\/\\\/www.retaildetail.be\\\/nl\\\/#\\\/schema\\\/person\\\/66b54803fa10759039079458ea89e307\",\"name\":\"Pauline Neerman\",\"image\":{\"@type\":\"ImageObject\",\"inLanguage\":\"fr-FR\",\"@id\":\"https:\\\/\\\/secure.gravatar.com\\\/avatar\\\/58db22aee589a691f9603e5765ac06010427a923f9b2728b951eb7fe27214d70?s=96&d=mm&r=g\",\"url\":\"https:\\\/\\\/secure.gravatar.com\\\/avatar\\\/58db22aee589a691f9603e5765ac06010427a923f9b2728b951eb7fe27214d70?s=96&d=mm&r=g\",\"contentUrl\":\"https:\\\/\\\/secure.gravatar.com\\\/avatar\\\/58db22aee589a691f9603e5765ac06010427a923f9b2728b951eb7fe27214d70?s=96&d=mm&r=g\",\"caption\":\"Pauline Neerman\"},\"url\":\"https:\\\/\\\/www.retaildetail.be\\\/fr\\\/author\\\/paulineneerman\\\/\"}]}<\/script>\n<!-- \/ Yoast SEO plugin. -->","yoast_head_json":{"title":"Du chocolat cultiv\u00e9 en laboratoire commercialis\u00e9 d\u00e8s cette ann\u00e9e - RetailDetail BE","description":"Du cacao sans plante : c'est ce que lance Puratos aux \u00c9tats-Unis. Le premier chocolat fabriqu\u00e9 \u00e0 partir de cacao cultiv\u00e9 en laboratoire sera commercialis\u00e9 \u00e0 la fin de cette ann\u00e9e.","robots":{"index":"index","follow":"follow","max-snippet":"max-snippet:-1","max-image-preview":"max-image-preview:large","max-video-preview":"max-video-preview:-1"},"canonical":"https:\/\/www.retaildetail.be\/fr\/news\/food\/du-chocolat-cultive-en-laboratoire-sera-commercialise-cette-annee\/","og_locale":"fr_FR","og_type":"article","og_title":"Du chocolat cultiv\u00e9 en laboratoire commercialis\u00e9 d\u00e8s cette ann\u00e9e - RetailDetail BE","og_description":"Du cacao sans plante : c'est ce que lance Puratos aux \u00c9tats-Unis. Le premier chocolat fabriqu\u00e9 \u00e0 partir de cacao cultiv\u00e9 en laboratoire sera commercialis\u00e9 \u00e0 la fin de cette ann\u00e9e.","og_url":"https:\/\/www.retaildetail.be\/fr\/news\/food\/du-chocolat-cultive-en-laboratoire-sera-commercialise-cette-annee\/","og_site_name":"RetailDetail BE","article_published_time":"2026-03-10T15:46:15+00:00","article_modified_time":"2026-03-10T15:46:16+00:00","og_image":[{"width":787,"height":514,"url":"https:\/\/www.retaildetail.be\/wp-content\/uploads\/2026\/03\/puratos-kweekcacao-1.png","type":"image\/png"}],"author":"Pauline Neerman","twitter_card":"summary_large_image","twitter_misc":{"\u00c9crit par":"Pauline Neerman","Dur\u00e9e de lecture estim\u00e9e":"2 minutes"},"schema":{"@context":"https:\/\/schema.org","@graph":[{"@type":"NewsArticle","@id":"https:\/\/www.retaildetail.be\/fr\/news\/food\/du-chocolat-cultive-en-laboratoire-sera-commercialise-cette-annee\/#article","isPartOf":{"@id":"https:\/\/www.retaildetail.be\/fr\/news\/food\/du-chocolat-cultive-en-laboratoire-sera-commercialise-cette-annee\/"},"author":{"name":"Pauline Neerman","@id":"https:\/\/www.retaildetail.be\/nl\/#\/schema\/person\/66b54803fa10759039079458ea89e307"},"headline":"Du chocolat cultiv\u00e9 en laboratoire commercialis\u00e9 d\u00e8s cette ann\u00e9e","datePublished":"2026-03-10T15:46:15+00:00","dateModified":"2026-03-10T15:46:16+00:00","mainEntityOfPage":{"@id":"https:\/\/www.retaildetail.be\/fr\/news\/food\/du-chocolat-cultive-en-laboratoire-sera-commercialise-cette-annee\/"},"wordCount":439,"publisher":{"@id":"https:\/\/www.retaildetail.be\/nl\/#organization"},"image":{"@id":"https:\/\/www.retaildetail.be\/fr\/news\/food\/du-chocolat-cultive-en-laboratoire-sera-commercialise-cette-annee\/#primaryimage"},"thumbnailUrl":"https:\/\/www.retaildetail.be\/wp-content\/uploads\/2026\/03\/puratos-kweekcacao-1.png","keywords":["Chocolade"],"articleSection":["Food","Food"],"inLanguage":"fr-FR","copyrightYear":"2026","copyrightHolder":{"@id":"https:\/\/www.retaildetail.be\/#organization"}},{"@type":"WebPage","@id":"https:\/\/www.retaildetail.be\/fr\/news\/food\/du-chocolat-cultive-en-laboratoire-sera-commercialise-cette-annee\/","url":"https:\/\/www.retaildetail.be\/fr\/news\/food\/du-chocolat-cultive-en-laboratoire-sera-commercialise-cette-annee\/","name":"Du chocolat cultiv\u00e9 en laboratoire commercialis\u00e9 d\u00e8s cette ann\u00e9e - RetailDetail BE","isPartOf":{"@id":"https:\/\/www.retaildetail.be\/nl\/#website"},"primaryImageOfPage":{"@id":"https:\/\/www.retaildetail.be\/fr\/news\/food\/du-chocolat-cultive-en-laboratoire-sera-commercialise-cette-annee\/#primaryimage"},"image":{"@id":"https:\/\/www.retaildetail.be\/fr\/news\/food\/du-chocolat-cultive-en-laboratoire-sera-commercialise-cette-annee\/#primaryimage"},"thumbnailUrl":"https:\/\/www.retaildetail.be\/wp-content\/uploads\/2026\/03\/puratos-kweekcacao-1.png","datePublished":"2026-03-10T15:46:15+00:00","dateModified":"2026-03-10T15:46:16+00:00","description":"Du cacao sans plante : c'est ce que lance Puratos aux \u00c9tats-Unis. Le premier chocolat fabriqu\u00e9 \u00e0 partir de cacao cultiv\u00e9 en laboratoire sera commercialis\u00e9 \u00e0 la fin de cette ann\u00e9e.","breadcrumb":{"@id":"https:\/\/www.retaildetail.be\/fr\/news\/food\/du-chocolat-cultive-en-laboratoire-sera-commercialise-cette-annee\/#breadcrumb"},"inLanguage":"fr-FR","potentialAction":[{"@type":"ReadAction","target":["https:\/\/www.retaildetail.be\/fr\/news\/food\/du-chocolat-cultive-en-laboratoire-sera-commercialise-cette-annee\/"]}]},{"@type":"ImageObject","inLanguage":"fr-FR","@id":"https:\/\/www.retaildetail.be\/fr\/news\/food\/du-chocolat-cultive-en-laboratoire-sera-commercialise-cette-annee\/#primaryimage","url":"https:\/\/www.retaildetail.be\/wp-content\/uploads\/2026\/03\/puratos-kweekcacao-1.png","contentUrl":"https:\/\/www.retaildetail.be\/wp-content\/uploads\/2026\/03\/puratos-kweekcacao-1.png","width":787,"height":514},{"@type":"BreadcrumbList","@id":"https:\/\/www.retaildetail.be\/fr\/news\/food\/du-chocolat-cultive-en-laboratoire-sera-commercialise-cette-annee\/#breadcrumb","itemListElement":[{"@type":"ListItem","position":1,"name":"Home","item":"https:\/\/www.retaildetail.be\/fr\/"},{"@type":"ListItem","position":2,"name":"Du chocolat cultiv\u00e9 en laboratoire commercialis\u00e9 d\u00e8s cette ann\u00e9e"}]},{"@type":"WebSite","@id":"https:\/\/www.retaildetail.be\/nl\/#website","url":"https:\/\/www.retaildetail.be\/nl\/","name":"RetailDetail BE","description":"News","publisher":{"@id":"https:\/\/www.retaildetail.be\/nl\/#organization"},"potentialAction":[{"@type":"SearchAction","target":{"@type":"EntryPoint","urlTemplate":"https:\/\/www.retaildetail.be\/nl\/?s={search_term_string}"},"query-input":{"@type":"PropertyValueSpecification","valueRequired":true,"valueName":"search_term_string"}}],"inLanguage":"fr-FR"},{"@type":"Organization","@id":"https:\/\/www.retaildetail.be\/nl\/#organization","name":"RetailDetail BE","url":"https:\/\/www.retaildetail.be\/nl\/","logo":{"@type":"ImageObject","inLanguage":"fr-FR","@id":"https:\/\/www.retaildetail.be\/nl\/#\/schema\/logo\/image\/","url":"https:\/\/www.retaildetail.be\/wp-content\/uploads\/2022\/04\/logo.svg","contentUrl":"https:\/\/www.retaildetail.be\/wp-content\/uploads\/2022\/04\/logo.svg","width":131,"height":70,"caption":"RetailDetail BE"},"image":{"@id":"https:\/\/www.retaildetail.be\/nl\/#\/schema\/logo\/image\/"}},{"@type":"Person","@id":"https:\/\/www.retaildetail.be\/nl\/#\/schema\/person\/66b54803fa10759039079458ea89e307","name":"Pauline Neerman","image":{"@type":"ImageObject","inLanguage":"fr-FR","@id":"https:\/\/secure.gravatar.com\/avatar\/58db22aee589a691f9603e5765ac06010427a923f9b2728b951eb7fe27214d70?s=96&d=mm&r=g","url":"https:\/\/secure.gravatar.com\/avatar\/58db22aee589a691f9603e5765ac06010427a923f9b2728b951eb7fe27214d70?s=96&d=mm&r=g","contentUrl":"https:\/\/secure.gravatar.com\/avatar\/58db22aee589a691f9603e5765ac06010427a923f9b2728b951eb7fe27214d70?s=96&d=mm&r=g","caption":"Pauline Neerman"},"url":"https:\/\/www.retaildetail.be\/fr\/author\/paulineneerman\/"}]}},"jetpack_featured_media_url":"https:\/\/www.retaildetail.be\/wp-content\/uploads\/2026\/03\/puratos-kweekcacao-1.png","jetpack_sharing_enabled":true,"_links":{"self":[{"href":"https:\/\/www.retaildetail.be\/fr\/wp-json\/wp\/v2\/posts\/143750","targetHints":{"allow":["GET"]}}],"collection":[{"href":"https:\/\/www.retaildetail.be\/fr\/wp-json\/wp\/v2\/posts"}],"about":[{"href":"https:\/\/www.retaildetail.be\/fr\/wp-json\/wp\/v2\/types\/post"}],"author":[{"embeddable":true,"href":"https:\/\/www.retaildetail.be\/fr\/wp-json\/wp\/v2\/users\/5"}],"replies":[{"embeddable":true,"href":"https:\/\/www.retaildetail.be\/fr\/wp-json\/wp\/v2\/comments?post=143750"}],"version-history":[{"count":1,"href":"https:\/\/www.retaildetail.be\/fr\/wp-json\/wp\/v2\/posts\/143750\/revisions"}],"predecessor-version":[{"id":143752,"href":"https:\/\/www.retaildetail.be\/fr\/wp-json\/wp\/v2\/posts\/143750\/revisions\/143752"}],"wp:featuredmedia":[{"embeddable":true,"href":"https:\/\/www.retaildetail.be\/fr\/wp-json\/wp\/v2\/media\/143751"}],"wp:attachment":[{"href":"https:\/\/www.retaildetail.be\/fr\/wp-json\/wp\/v2\/media?parent=143750"}],"wp:term":[{"taxonomy":"category","embeddable":true,"href":"https:\/\/www.retaildetail.be\/fr\/wp-json\/wp\/v2\/categories?post=143750"},{"taxonomy":"post_tag","embeddable":true,"href":"https:\/\/www.retaildetail.be\/fr\/wp-json\/wp\/v2\/tags?post=143750"},{"taxonomy":"people","embeddable":true,"href":"https:\/\/www.retaildetail.be\/fr\/wp-json\/wp\/v2\/people?post=143750"},{"taxonomy":"extra","embeddable":true,"href":"https:\/\/www.retaildetail.be\/fr\/wp-json\/wp\/v2\/extra?post=143750"},{"taxonomy":"company","embeddable":true,"href":"https:\/\/www.retaildetail.be\/fr\/wp-json\/wp\/v2\/company?post=143750"},{"taxonomy":"topic","embeddable":true,"href":"https:\/\/www.retaildetail.be\/fr\/wp-json\/wp\/v2\/topic?post=143750"},{"taxonomy":"region","embeddable":true,"href":"https:\/\/www.retaildetail.be\/fr\/wp-json\/wp\/v2\/region?post=143750"}],"curies":[{"name":"wp","href":"https:\/\/api.w.org\/{rel}","templated":true}]}}